{"id":17790,"date":"2023-11-09T09:12:00","date_gmt":"2023-11-09T06:12:00","guid":{"rendered":"https:\/\/www.turna.com\/blog\/?p=17790"},"modified":"2025-12-08T14:38:07","modified_gmt":"2025-12-08T11:38:07","slug":"baskomutan-tarihi-milli-parki","status":"publish","type":"post","link":"https:\/\/www.turna.com\/blog\/baskomutan-tarihi-milli-parki","title":{"rendered":"Ba\u015fkomutan Tarihi Milli Park\u0131"},"content":{"rendered":"<div id=\"ez-toc-container\" class=\"ez-toc-v2_0_82_2 counter-hierarchy ez-toc-counter ez-toc-black ez-toc-container-direction\">\n<div class=\"ez-toc-title-container\">\n<p class=\"ez-toc-title\" style=\"cursor:inherit\">\u0130\u00e7indekiler<\/p>\n<span class=\"ez-toc-title-toggle\"><a href=\"#\" class=\"ez-toc-pull-right ez-toc-btn ez-toc-btn-xs ez-toc-btn-default ez-toc-toggle\" aria-label=\"\u0130\u00e7indekiler Tablosunu A\u00e7\/Kapat\"><span class=\"ez-toc-js-icon-con\"><span class=\"\"><span class=\"eztoc-hide\" style=\"display:none;\">Toggle<\/span><span class=\"ez-toc-icon-toggle-span\"><svg style=\"fill: #ffffff;color:#ffffff\" xmlns=\"http:\/\/www.w3.org\/2000\/svg\" class=\"list-377408\" width=\"20px\" height=\"20px\" viewBox=\"0 0 24 24\" fill=\"none\"><path d=\"M6 6H4v2h2V6zm14 0H8v2h12V6zM4 11h2v2H4v-2zm16 0H8v2h12v-2zM4 16h2v2H4v-2zm16 0H8v2h12v-2z\" fill=\"currentColor\"><\/path><\/svg><svg style=\"fill: #ffffff;color:#ffffff\" class=\"arrow-unsorted-368013\" xmlns=\"http:\/\/www.w3.org\/2000\/svg\" width=\"10px\" height=\"10px\" viewBox=\"0 0 24 24\" version=\"1.2\" baseProfile=\"tiny\"><path d=\"M18.2 9.3l-6.2-6.3-6.2 6.3c-.2.2-.3.4-.3.7s.1.5.3.7c.2.2.4.3.7.3h11c.3 0 .5-.1.7-.3.2-.2.3-.5.3-.7s-.1-.5-.3-.7zM5.8 14.7l6.2 6.3 6.2-6.3c.2-.2.3-.5.3-.7s-.1-.5-.3-.7c-.2-.2-.4-.3-.7-.3h-11c-.3 0-.5.1-.7.3-.2.2-.3.5-.3.7s.1.5.3.7z\"\/><\/svg><\/span><\/span><\/span><\/a><\/span><\/div>\n<nav><ul class='ez-toc-list ez-toc-list-level-1 eztoc-toggle-hide-by-default' ><li class='ez-toc-page-1 ez-toc-heading-level-2'><a class=\"ez-toc-link ez-toc-heading-1\" href=\"https:\/\/www.turna.com\/blog\/baskomutan-tarihi-milli-parki\/#baskomutan_tarihi_milli_parki\" >Ba\u015fkomutan Tarihi Milli Park\u0131<\/a><ul class='ez-toc-list-level-3' ><li class='ez-toc-heading-level-3'><a class=\"ez-toc-link ez-toc-heading-2\" href=\"https:\/\/www.turna.com\/blog\/baskomutan-tarihi-milli-parki\/#baskomutan_tarihi_milli_parki_nerede\" >Ba\u015fkomutan Tarihi Milli Park\u0131 Nerede?<\/a><\/li><li class='ez-toc-page-1 ez-toc-heading-level-3'><a class=\"ez-toc-link ez-toc-heading-3\" href=\"https:\/\/www.turna.com\/blog\/baskomutan-tarihi-milli-parki\/#baskomutan_tarihi_milli_parkina_nasil_gidilir\" >Ba\u015fkomutan Tarihi Milli Park\u0131&#8217;na Nas\u0131l Gidilir?<\/a><\/li><li class='ez-toc-page-1 ez-toc-heading-level-3'><a class=\"ez-toc-link ez-toc-heading-4\" href=\"https:\/\/www.turna.com\/blog\/baskomutan-tarihi-milli-parki\/#baskomutan_tarihi_milli_parki_giris_ucreti_ve_ziyaretci_bilgileri\" >Ba\u015fkomutan Tarihi Milli Park\u0131 Giri\u015f \u00dccreti ve Ziyaret\u00e7i Bilgileri<\/a><\/li><\/ul><\/li><\/ul><\/nav><\/div>\n\n<p><strong>Ba\u015fkomutan Tarihi Milli Park\u0131<\/strong>, \u00fclkemizdeki di\u011fer milli parklardan farkl\u0131 \u00e7ok \u00f6zel bir b\u00f6lge. \u0130nsan\u0131n kalbine dokunan, yo\u011fun duygular ya\u015fayaca\u011f\u0131n\u0131z nadir yerlerden. Kurtulu\u015f Sava\u015f\u0131 d\u00f6nemindeki ac\u0131 ve kahramanl\u0131k dolu g\u00fcnlerin izini ta\u015f\u0131yan bu milli park tarihi alanlara, \u015fehitliklere ve an\u0131tlara ev sahipli\u011fi yap\u0131yor.<\/p>\n\n\n\n<p>\u0130\u00e7 Bat\u0131 Anadolu&#8217;da Afyonkarahisar ve K\u00fctahya \u015fehirleri aras\u0131nda konumlanan park, T\u00fcrkiye&#8217;nin yak\u0131n ge\u00e7mi\u015fini ke\u015ffetmek isteyenlerin muhakkak ziyaret etmesi gereken bir adres. Sava\u015f\u0131n ac\u0131lar\u0131n\u0131 h\u00fcz\u00fcnlerini birebir hissettiren parkta dola\u015f\u0131rken kurtulu\u015f m\u00fccadelesindeki ruhunu tam anlam\u0131yla g\u00f6zlerinizin \u00f6n\u00fcnde canlanacak.<\/p>\n\n\n\n<h2 class=\"wp-block-heading has-text-align-center has-neeon-button-dark-gray-color has-text-color has-link-color wp-elements-665c8bcad3b73151638010fa1e03f752\"><span class=\"ez-toc-section\" id=\"baskomutan_tarihi_milli_parki\"><\/span><strong>Ba\u015fkomutan Tarihi Milli Park\u0131<\/strong><span class=\"ez-toc-section-end\"><\/span><\/h2>\n\n\n\n<figure class=\"wp-block-image size-large\"><img width=\"1024\" height=\"640\" data-public-id=\"Baskomutan-Milli-Parki\/Baskomutan-Milli-Parki.jpg\" fetchpriority=\"high\" decoding=\"async\" src=\"https:\/\/res.cloudinary.com\/turna\/images\/w_1024,h_640,c_scale\/f_auto,q_auto:low\/v1606386676\/Baskomutan-Milli-Parki\/Baskomutan-Milli-Parki.jpg?_i=AA\" alt=\"Ba\u015fkomutanl\u0131k Milli Park\u0131\" class=\"wp-post-17790 wp-image-17937\" data-format=\"jpg\" data-transformations=\"f_auto,q_auto:low\" data-version=\"1606386676\" data-seo=\"1\" srcset=\"https:\/\/res.cloudinary.com\/turna\/images\/f_auto,q_auto:low\/v1606386676\/Baskomutan-Milli-Parki\/Baskomutan-Milli-Parki.jpg?_i=AA 1024w, https:\/\/res.cloudinary.com\/turna\/images\/w_800,h_500,c_scale\/f_auto,q_auto:low\/v1606386676\/Baskomutan-Milli-Parki\/Baskomutan-Milli-Parki.jpg?_i=AA 800w, https:\/\/res.cloudinary.com\/turna\/images\/w_300,h_188,c_scale\/f_auto,q_auto:low\/v1606386676\/Baskomutan-Milli-Parki\/Baskomutan-Milli-Parki.jpg?_i=AA 300w, https:\/\/res.cloudinary.com\/turna\/images\/w_672,h_420,c_scale\/f_auto,q_auto:low\/v1606386676\/Baskomutan-Milli-Parki\/Baskomutan-Milli-Parki.jpg?_i=AA 672w, https:\/\/res.cloudinary.com\/turna\/images\/w_640,h_400,c_scale\/f_auto,q_auto:low\/v1606386676\/Baskomutan-Milli-Parki\/Baskomutan-Milli-Parki.jpg?_i=AA 640w, https:\/\/res.cloudinary.com\/turna\/images\/w_681,h_426,c_scale\/f_auto,q_auto:low\/v1606386676\/Baskomutan-Milli-Parki\/Baskomutan-Milli-Parki.jpg?_i=AA 681w\" sizes=\"(max-width: 1024px) 100vw, 1024px\" \/><\/figure>\n\n\n\n<p>Ba\u015fkomutanl\u0131k Tarihi Milli Park\u0131, Kocatepe ve Dumlup\u0131nar olmak \u00fczere iki ana b\u00f6l\u00fcmden meydana geliyor. Milli parktaki tarihi sava\u015f alanlar\u0131, Murat Da\u011flar\u0131n\u0131n do\u011fuya bakan yama\u00e7lar\u0131na dek uzan\u0131yor.<\/p>\n\n\n\n<p>Emperyalist i\u015fgal g\u00fc\u00e7lerinin Anadolu&#8217;dan at\u0131lmas\u0131yla sona eren Ulusal Kurtulu\u015f Sava\u015f\u0131m\u0131z\u0131n en \u00f6nemli b\u00f6l\u00fcm\u00fcn\u00fc olu\u015fturan; 26 A\u011fustos&#8217;ta B\u00fcy\u00fck Taarruzun ba\u015flad\u0131\u011f\u0131 b\u00f6lge ile 30 A\u011fustos&#8217;ta Ba\u015fkomutanl\u0131k Meydan Muharebesinin ge\u00e7ti\u011fi b\u00f6lgeler Tarihi Milli Park i\u00e7inde kal\u0131yor.<\/p>\n\n\n\n<p>B\u00f6lgenin tarihi de\u011ferinin korunup, gelece\u011fe ta\u015f\u0131nmas\u0131 i\u00e7in 1981 y\u0131l\u0131nda milli park stat\u00fcs\u00fcne al\u0131nan Ba\u015fkomutan Tarihi Milli Park\u0131&#8217;nda iki m\u00fcze, bir tan\u0131t\u0131m park\u0131, 11 tane de an\u0131t ve \u015fehitlik yer al\u0131yor.<\/p>\n\n\n\n<p>Park\u0131n Kocatepe b\u00f6l\u00fcm\u00fcndeki yerler aras\u0131nda; B\u00fcy\u00fck Taarruz \u015eehitli\u011fi, Y\u00fczba\u015f\u0131 Agah Efendi \u015eehitli\u011fi, Zafer M\u00fczesi, Kocatepe An\u0131t\u0131 ve Kitabesi, Albay Re\u015fat \u00c7i\u011filtepe \u015eehitli\u011fi ve Ba\u015fkomutan Mustafa Kemal An\u0131t\u0131 var.<\/p>\n\n\n\n<p>\u00dc\u00e7 Tepeler \u015eehitli\u011fi (B\u00fcy\u00fck Aslanl\u0131lar \u015eehitli\u011fi), Dumlup\u0131nar M\u00fczesi, \u015eehit Sancaktar Mehmet\u00e7ik An\u0131t\u0131, \u015eekip Efendi \u015eehitli\u011fi, Zafertepe An\u0131t\u0131, Dumlup\u0131nar An\u0131t\u0131, Atat\u00fcrk Evi ve Dumlup\u0131nar \u015eehitli\u011fi ise Dumlup\u0131nar b\u00f6l\u00fcm\u00fcn\u00fcn g\u00f6r\u00fclmesi gereken noktalar\u0131ndan.<\/p>\n\n\n\n<p>Kocatepe An\u0131t\u0131 ve Kitabesi&#8217;nin oldu\u011fu nokta B\u00fcy\u00fck Taaruz&#8217;un ba\u015flat\u0131ld\u0131\u011f\u0131, sevk ve idarenin yap\u0131ld\u0131\u011f\u0131 yer olmas\u0131ndan dolay\u0131 \u00f6zel bir \u00f6neme sahip. Zafer M\u00fczesi, Ba\u015fkomutan Meydan Muharebesinin planlar\u0131n\u0131n yap\u0131ld\u0131\u011f\u0131, taarruz emrinin verildi\u011fi binada yer al\u0131yor. M\u00fczede muharebe d\u00f6nemde \u00e7ekilmi\u015f pek \u00e7ok foto\u011fraf\u0131 g\u00f6rebilirsiniz.<\/p>\n\n\n\n<p>Dumlup\u0131nar M\u00fczesi, Dumlup\u0131nar Ba\u015fkomutan\u0131 Karargah\u0131 olarak kullan\u0131lan binada yer al\u0131yor. Atat\u00fcrk Karargah Evi olarak da ge\u00e7en m\u00fcze 2003&#8217;den bu yana ziyarete a\u00e7\u0131k. Milli parkta en ilgi \u00e7eken yerlerden biri de ma\u011faralar. \u015eaphane da\u011f\u0131ndaki ma\u011faralar askerler taraf\u0131ndan oyularak olu\u015fturulmu\u015f. Yakup \u015eevki Pa\u015fa taraf\u0131ndan sava\u015f\u0131n idare yerlerinden biri olarak kullan\u0131lm\u0131\u015f.<\/p>\n\n\n\n<p>Tarihi a\u00e7\u0131dan T\u00fcrkiye&#8217;nin en etkileyici yerlerinden biri olan milli park i\u00e7inde g\u00f6r\u00fclecek pek \u00e7ok yer var. T\u00fcrk ve Yunan ordular\u0131 aras\u0131nda ge\u00e7en Ba\u015fkomutanl\u0131k Meydan Muharebesinin ya\u015fand\u0131\u011f\u0131; Kocatepe, Kalecik Sivrisi, Beytepe, Berber\u00e7amtepe, Adatepeler, \u00c7alk\u00f6y, Kurtkayas\u0131, Belentepe, Erkmentepe, \u00c7i\u011filtepe, T\u0131naztepe, Zafertepe ve Dumlup\u0131nar gibi yerle\u015fim alanlar\u0131n\u0131 da vaktiniz olursa ziyaret etmenizi tavsiye ederim.<\/p>\n\n\n\n<p>Yakla\u015f\u0131k 40 bin 940 hektarl\u0131k b\u00fcy\u00fck bir alan\u0131 kaplayan milli park, tarihi dokusunun d\u0131\u015f\u0131nda endemik t\u00fcrlerin yeti\u015fti\u011fi geni\u015f do\u011fa alanlar\u0131 da g\u00f6rmek m\u00fcmk\u00fcn.<\/p>\n\n\n\n<p>B\u00f6lgenin milli park ilan edilmesinde b\u00fcy\u00fck pay\u0131 olan jeolojik yap\u0131s\u0131 ve bitki \u00f6rt\u00fcs\u00fcyle g\u00f6z kama\u015ft\u0131ran Ba\u015fkomutan Tarihi Milli Park\u0131 ormanl\u0131k alanlar, g\u00f6letler, vadiler ve yaban hayat\u0131 a\u00e7\u0131s\u0131ndan olduk\u00e7a zengin.<\/p>\n\n\n\n<p>Park i\u00e7indeki me\u015fe orman\u0131nda bulunan ve su ku\u015flar\u0131n\u0131n b\u00f6lgedeki en \u00f6nemli ya\u015fam alanlar\u0131ndan biri olan Dumlup\u0131nar b\u00f6l\u00fcm\u00fcndeki Zafertepe-\u00c7alk\u00f6y G\u00f6leti ve 1,315 metre y\u00fckselikteki Dumlup\u0131nar G\u00f6leti, T\u0131naztepe G\u00f6leti ise piknik yapmak ve hafta sonunu do\u011fayla ba\u015f ba\u015fa ge\u00e7irmek isteyenlerin u\u011frad\u0131\u011f\u0131 yerlerden.<\/p>\n\n\n\n<h3 class=\"wp-block-heading has-text-align-center has-neeon-button-dark-gray-color has-text-color has-link-color wp-elements-117ec91c610e666de900a028b8ca11d7\"><span class=\"ez-toc-section\" id=\"baskomutan_tarihi_milli_parki_nerede\"><\/span><strong>Ba\u015fkomutan Tarihi Milli Park\u0131 <\/strong>Nerede?<span class=\"ez-toc-section-end\"><\/span><\/h3>\n\n\n\n<p>Park\u0131n y\u00fcz \u00f6l\u00e7\u00fcm\u00fc 348.340 dekar. 17.120 dekar\u0131 U\u015fak ilinde, 151.720 dekar\u0131 K\u00fctahya ilinde, 179.500 dekar\u0131 Afyon ili s\u0131n\u0131rlar\u0131 i\u00e7erisinde kal\u0131yor.<\/p>\n\n\n\n<p>Konum <strong><a href=\"https:\/\/maps.app.goo.gl\/WgPu63gy82GgjYFQ8\" target=\"_blank\" rel=\"noreferrer noopener\">burada.<\/a><\/strong><\/p>\n\n\n\n<h3 class=\"wp-block-heading has-text-align-center has-neeon-button-dark-gray-color has-text-color has-link-color wp-elements-7ffa7e39169eca65e199fd1c355aeb02\"><span class=\"ez-toc-section\" id=\"baskomutan_tarihi_milli_parkina_nasil_gidilir\"><\/span><strong>Ba\u015fkomutan Tarihi Milli Park\u0131&#8217;na Nas\u0131l Gidilir<\/strong>?<span class=\"ez-toc-section-end\"><\/span><\/h3>\n\n\n\n<p>Ba\u015fkomutan Tarihi Milli Park\u0131, Afyonkarahisar ve K\u00fctahya \u015fehirleri aras\u0131nda yer al\u0131yor. Hem havayolu hem de karayolu ula\u015f\u0131m\u0131n\u0131n m\u00fcmk\u00fcn oldu\u011fu milli parka, otob\u00fcs ya da \u00f6zel ara\u00e7la gitmek isteyenler, Ankara-\u0130zmir karayolu ve Ankara-Antalya karayolunu kullanabilir.<\/p>\n\n\n\n<p>\u24d8 <a href=\"https:\/\/www.turna.com\/otobus-bileti\/afyon\"><strong>Afyon otob\u00fcs bileti<\/strong><\/a>&nbsp;sayfas\u0131na gidin. Afyon var\u0131\u015fl\u0131 en ucuz otob\u00fcs firmalar\u0131 listemize g\u00f6z at\u0131n. Biletinizi g\u00fcvenle alabilirsiniz.<\/p>\n\n\n\n<p>\u015eehirleraras\u0131 otob\u00fcsle seyahat etmeyi d\u00fc\u015f\u00fcn\u00fcyorsan\u0131z K\u00fctahya ya da Afyonkarahisar \u015fehir merkezinden milli park y\u00f6n\u00fcne giden dolmu\u015flara binebilirsiniz. \u0130zmir&#8217;den 346 kilometre, \u0130stanbul&#8217;dan 425 kilometre, Ankara&#8217;dan 278 kilometre, Afyonkarahisar&#8217;dan ise 17 kilometre mesafedeki milli parka en yak\u0131n havaliman\u0131 K\u00fctahya&#8217;n\u0131n Alt\u0131nta\u015f il\u00e7esinde bulunan Zafer Havaliman\u0131.<\/p>\n\n\n\n<h3 class=\"wp-block-heading has-text-align-center has-neeon-button-dark-gray-color has-text-color has-link-color wp-elements-27e335ff75cbf8edf8720d69bbbc4372\"><span class=\"ez-toc-section\" id=\"baskomutan_tarihi_milli_parki_giris_ucreti_ve_ziyaretci_bilgileri\"><\/span><strong>Ba\u015fkomutan Tarihi Milli Park\u0131 Giri\u015f \u00dccreti ve Ziyaret\u00e7i Bilgileri<\/strong><span class=\"ez-toc-section-end\"><\/span><\/h3>\n\n\n\n<figure class=\"wp-block-image size-large\"><img width=\"1024\" height=\"640\" data-public-id=\"zafertepe\/zafertepe.jpg\" decoding=\"async\" src=\"https:\/\/res.cloudinary.com\/turna\/images\/w_1024,h_640,c_scale\/f_auto,q_auto:low\/v1606386676\/zafertepe\/zafertepe.jpg?_i=AA\" alt=\"Ba\u015fkomutanl\u0131k Milli Park\u0131\" class=\"wp-post-17790 wp-image-17938\" data-format=\"jpg\" data-transformations=\"f_auto,q_auto:low\" data-version=\"1606386676\" data-seo=\"1\" srcset=\"https:\/\/res.cloudinary.com\/turna\/images\/f_auto,q_auto:low\/v1606386676\/zafertepe\/zafertepe.jpg?_i=AA 1024w, https:\/\/res.cloudinary.com\/turna\/images\/w_800,h_500,c_scale\/f_auto,q_auto:low\/v1606386676\/zafertepe\/zafertepe.jpg?_i=AA 800w, https:\/\/res.cloudinary.com\/turna\/images\/w_300,h_188,c_scale\/f_auto,q_auto:low\/v1606386676\/zafertepe\/zafertepe.jpg?_i=AA 300w, https:\/\/res.cloudinary.com\/turna\/images\/w_672,h_420,c_scale\/f_auto,q_auto:low\/v1606386676\/zafertepe\/zafertepe.jpg?_i=AA 672w, https:\/\/res.cloudinary.com\/turna\/images\/w_640,h_400,c_scale\/f_auto,q_auto:low\/v1606386676\/zafertepe\/zafertepe.jpg?_i=AA 640w, https:\/\/res.cloudinary.com\/turna\/images\/w_681,h_426,c_scale\/f_auto,q_auto:low\/v1606386676\/zafertepe\/zafertepe.jpg?_i=AA 681w\" sizes=\"(max-width: 1024px) 100vw, 1024px\" \/><\/figure>\n\n\n\n<p><strong>Adres<\/strong>: Kocatepe, 03030 B\u00fcy\u00fckkalecik, Afyonkarahisar <a href=\"https:\/\/afyon.ktb.gov.tr\/TR-63495\/baskomutan-tarihi-milli-parki.html\" target=\"_blank\" rel=\"noreferrer noopener\">www.baskomutan.gov.tr<\/a><br><strong>Ziyaret saatleri<\/strong>: Ba\u015fkomutan Tarihi Milli Park\u0131 08.00-22.00 saatleri aras\u0131nda ziyaret edilebiliyor. Milli park, haftan\u0131n 7 g\u00fcn\u00fc ziyarete a\u00e7\u0131k.<br><strong>Giri\u015f \u00fccreti<\/strong>: Ba\u015fkomutan Tarihi Milli Park\u0131 giri\u015f \u00fccreti 3,5TL, indirimli 1,50TL, bisiklet 3,5TL, motosiklet ve ATV 5TL, otomobil, kamyonet ve pikap 10TL, minib\u00fcs 31TL, midib\u00fcs 52TL, otob\u00fcs 94TL. Tar\u0131m ve Orman Bakanl\u0131\u011f\u0131 Do\u011fa Koruma ve Milli Parklar Genel M\u00fcd\u00fcrl\u00fc\u011f\u00fc denetimindeki milli parkta M\u00fcze Kart ge\u00e7erli de\u011fil.<\/p>\n\n\n\n<p><strong>Ba\u015fkomutan Tarihi Milli Park\u0131<\/strong>, T\u00fcrkiye Cumhuriyetinin kurulu\u015f s\u00fcrecindeki en \u00f6nemli anlar\u0131n ve olaylar\u0131n ya\u015fand\u0131\u011f\u0131 tarihi yerleriyle, o d\u00f6nemin ruhunu hissetme \u015fans\u0131 sunuyor.<\/p>\n\n    <div class=\"xs_social_share_widget xs_share_url after_content \t\tmain_content  wslu-style-1 wslu-share-box-shaped wslu-fill-colored wslu-none wslu-share-horizontal wslu-theme-font-no wslu-main_content\">\n\n\t\t\n        <ul>\n\t\t\t        <\/ul>\n    <\/div> \n","protected":false},"excerpt":{"rendered":"<p>Ba\u015fkomutan Tarihi Milli Park\u0131, \u00fclkemizdeki di\u011fer milli parklardan farkl\u0131 \u00e7ok \u00f6zel bir b\u00f6lge. \u0130nsan\u0131n kalbine dokunan, yo\u011fun duygular ya\u015fayaca\u011f\u0131n\u0131z nadir yerlerden. Kurtulu\u015f Sava\u015f\u0131 d\u00f6nemindeki ac\u0131 ve kahramanl\u0131k dolu g\u00fcnlerin izini ta\u015f\u0131yan bu milli park tarihi alanlara, \u015fehitliklere ve an\u0131tlara ev sahipli\u011fi yap\u0131yor.<\/p>\n","protected":false},"author":34,"featured_media":17937,"comment_status":"open","ping_status":"open","sticky":false,"template":"","format":"standard","meta":{"rop_custom_images_group":[],"rop_custom_messages_group":[],"rop_publish_now":"initial","rop_publish_now_accounts":[],"rop_publish_now_history":[],"rop_publish_now_status":"pending","_cloudinary_featured_overwrite":false,"footnotes":""},"categories":[1807],"tags":[927,929],"class_list":["post-17790","post","type-post","status-publish","format-standard","has-post-thumbnail","hentry","category-afyon","tag-afyon","tag-afyonkarahisar"],"_links":{"self":[{"href":"https:\/\/www.turna.com\/blog\/wp-json\/wp\/v2\/posts\/17790","targetHints":{"allow":["GET"]}}],"collection":[{"href":"https:\/\/www.turna.com\/blog\/wp-json\/wp\/v2\/posts"}],"about":[{"href":"https:\/\/www.turna.com\/blog\/wp-json\/wp\/v2\/types\/post"}],"author":[{"embeddable":true,"href":"https:\/\/www.turna.com\/blog\/wp-json\/wp\/v2\/users\/34"}],"replies":[{"embeddable":true,"href":"https:\/\/www.turna.com\/blog\/wp-json\/wp\/v2\/comments?post=17790"}],"version-history":[{"count":0,"href":"https:\/\/www.turna.com\/blog\/wp-json\/wp\/v2\/posts\/17790\/revisions"}],"wp:featuredmedia":[{"embeddable":true,"href":"https:\/\/www.turna.com\/blog\/wp-json\/wp\/v2\/media\/17937"}],"wp:attachment":[{"href":"https:\/\/www.turna.com\/blog\/wp-json\/wp\/v2\/media?parent=17790"}],"wp:term":[{"taxonomy":"category","embeddable":true,"href":"https:\/\/www.turna.com\/blog\/wp-json\/wp\/v2\/categories?post=17790"},{"taxonomy":"post_tag","embeddable":true,"href":"https:\/\/www.turna.com\/blog\/wp-json\/wp\/v2\/tags?post=17790"}],"curies":[{"name":"wp","href":"https:\/\/api.w.org\/{rel}","templated":true}]}}