{"id":17729,"date":"2020-11-25T09:04:26","date_gmt":"2020-11-25T06:04:26","guid":{"rendered":"https:\/\/www.turna.com\/blog\/?p=17729"},"modified":"2024-02-18T17:10:37","modified_gmt":"2024-02-18T14:10:37","slug":"lviv-gezi-rehberi","status":"publish","type":"post","link":"https:\/\/www.turna.com\/blog\/lviv-gezi-rehberi","title":{"rendered":"Lviv Gezi Rehberi"},"content":{"rendered":"<div id=\"ez-toc-container\" class=\"ez-toc-v2_0_82_2 counter-hierarchy ez-toc-counter ez-toc-black ez-toc-container-direction\">\n<div class=\"ez-toc-title-container\">\n<p class=\"ez-toc-title\" style=\"cursor:inherit\">\u0130\u00e7indekiler<\/p>\n<span class=\"ez-toc-title-toggle\"><a href=\"#\" class=\"ez-toc-pull-right ez-toc-btn ez-toc-btn-xs ez-toc-btn-default ez-toc-toggle\" aria-label=\"\u0130\u00e7indekiler Tablosunu A\u00e7\/Kapat\"><span class=\"ez-toc-js-icon-con\"><span class=\"\"><span class=\"eztoc-hide\" style=\"display:none;\">Toggle<\/span><span class=\"ez-toc-icon-toggle-span\"><svg style=\"fill: #ffffff;color:#ffffff\" xmlns=\"http:\/\/www.w3.org\/2000\/svg\" class=\"list-377408\" width=\"20px\" height=\"20px\" viewBox=\"0 0 24 24\" fill=\"none\"><path d=\"M6 6H4v2h2V6zm14 0H8v2h12V6zM4 11h2v2H4v-2zm16 0H8v2h12v-2zM4 16h2v2H4v-2zm16 0H8v2h12v-2z\" fill=\"currentColor\"><\/path><\/svg><svg style=\"fill: #ffffff;color:#ffffff\" class=\"arrow-unsorted-368013\" xmlns=\"http:\/\/www.w3.org\/2000\/svg\" width=\"10px\" height=\"10px\" viewBox=\"0 0 24 24\" version=\"1.2\" baseProfile=\"tiny\"><path d=\"M18.2 9.3l-6.2-6.3-6.2 6.3c-.2.2-.3.4-.3.7s.1.5.3.7c.2.2.4.3.7.3h11c.3 0 .5-.1.7-.3.2-.2.3-.5.3-.7s-.1-.5-.3-.7zM5.8 14.7l6.2 6.3 6.2-6.3c.2-.2.3-.5.3-.7s-.1-.5-.3-.7c-.2-.2-.4-.3-.7-.3h-11c-.3 0-.5.1-.7.3-.2.2-.3.5-.3.7s.1.5.3.7z\"\/><\/svg><\/span><\/span><\/span><\/a><\/span><\/div>\n<nav><ul class='ez-toc-list ez-toc-list-level-1 eztoc-toggle-hide-by-default' ><li class='ez-toc-page-1 ez-toc-heading-level-2'><a class=\"ez-toc-link ez-toc-heading-1\" href=\"https:\/\/www.turna.com\/blog\/lviv-gezi-rehberi\/#lviv_gezi_rehberi\" >Lviv Gezi Rehberi<\/a><\/li><li class='ez-toc-page-1 ez-toc-heading-level-2'><a class=\"ez-toc-link ez-toc-heading-2\" href=\"https:\/\/www.turna.com\/blog\/lviv-gezi-rehberi\/#lviv_gezilecek_yerler\" >Lviv Gezilecek Yerler<\/a><ul class='ez-toc-list-level-3' ><li class='ez-toc-heading-level-3'><a class=\"ez-toc-link ez-toc-heading-3\" href=\"https:\/\/www.turna.com\/blog\/lviv-gezi-rehberi\/#1_lviv_old_town\" >1. Lviv Old Town<\/a><\/li><li class='ez-toc-page-1 ez-toc-heading-level-3'><a class=\"ez-toc-link ez-toc-heading-4\" href=\"https:\/\/www.turna.com\/blog\/lviv-gezi-rehberi\/#2_rynok_meydani_ve_lviv_belediye_binasi\" >2. Rynok Meydan\u0131 ve Lviv Belediye Binas\u0131<\/a><\/li><li class='ez-toc-page-1 ez-toc-heading-level-3'><a class=\"ez-toc-link ez-toc-heading-5\" href=\"https:\/\/www.turna.com\/blog\/lviv-gezi-rehberi\/#3_lviv_opera_binasi\" >3. Lviv Opera Binas\u0131<\/a><\/li><li class='ez-toc-page-1 ez-toc-heading-level-3'><a class=\"ez-toc-link ez-toc-heading-6\" href=\"https:\/\/www.turna.com\/blog\/lviv-gezi-rehberi\/#4_potocki_sarayi\" >4. Potocki Saray\u0131<\/a><\/li><li class='ez-toc-page-1 ez-toc-heading-level-3'><a class=\"ez-toc-link ez-toc-heading-7\" href=\"https:\/\/www.turna.com\/blog\/lviv-gezi-rehberi\/#5_st_george_katedrali_ve_lviv_dinler_tarihi_muzesi\" >5. St. George Katedrali ve Lviv Dinler Tarihi M\u00fczesi<\/a><\/li><li class='ez-toc-page-1 ez-toc-heading-level-3'><a class=\"ez-toc-link ez-toc-heading-8\" href=\"https:\/\/www.turna.com\/blog\/lviv-gezi-rehberi\/#6_lychakiv_mezarligi\" >6. Lychakiv Mezarl\u0131\u011f\u0131<\/a><\/li><li class='ez-toc-page-1 ez-toc-heading-level-3'><a class=\"ez-toc-link ez-toc-heading-9\" href=\"https:\/\/www.turna.com\/blog\/lviv-gezi-rehberi\/#7_virmenska_caddesi_ve_ermeni_kilisesi\" >7. Virmenska Caddesi ve Ermeni Kilisesi<\/a><\/li><li class='ez-toc-page-1 ez-toc-heading-level-3'><a class=\"ez-toc-link ez-toc-heading-10\" href=\"https:\/\/www.turna.com\/blog\/lviv-gezi-rehberi\/#8_lviv_cikolata_fabrikasi_ve_lviv_kahve_ureticisi\" >8. Lviv \u00c7ikolata Fabrikas\u0131 ve Lviv Kahve \u00dcreticisi<\/a><\/li><li class='ez-toc-page-1 ez-toc-heading-level-3'><a class=\"ez-toc-link ez-toc-heading-11\" href=\"https:\/\/www.turna.com\/blog\/lviv-gezi-rehberi\/#9_yuksek_kale_ve_folk_architect_museum\" >9. Y\u00fcksek Kale ve Folk Architect Museum<\/a><\/li><li class='ez-toc-page-1 ez-toc-heading-level-3'><a class=\"ez-toc-link ez-toc-heading-12\" href=\"https:\/\/www.turna.com\/blog\/lviv-gezi-rehberi\/#10_lviv_tarih_muzesi_ve_italyan_avlusu\" >10. Lviv Tarih M\u00fczesi ve \u0130talyan Avlusu<\/a><\/li><li class='ez-toc-page-1 ez-toc-heading-level-3'><a class=\"ez-toc-link ez-toc-heading-13\" href=\"https:\/\/www.turna.com\/blog\/lviv-gezi-rehberi\/#lviv_yeme_ve_icme\" >Lviv yeme ve i\u00e7me<\/a><\/li><li class='ez-toc-page-1 ez-toc-heading-level-3'><a class=\"ez-toc-link ez-toc-heading-14\" href=\"https:\/\/www.turna.com\/blog\/lviv-gezi-rehberi\/#lviv_alisveris\" >Lviv al\u0131\u015fveri\u015f<\/a><\/li><li class='ez-toc-page-1 ez-toc-heading-level-3'><a class=\"ez-toc-link ez-toc-heading-15\" href=\"https:\/\/www.turna.com\/blog\/lviv-gezi-rehberi\/#lvive_nasil_gidilir\" >Lviv\u2019e nas\u0131l gidilir<\/a><\/li><\/ul><\/li><\/ul><\/nav><\/div>\n\n<p><strong>Lviv<\/strong>, Ukrayna\u2019n\u0131n bat\u0131s\u0131nda yer alan, \u00fclkenin ikinci b\u00fcy\u00fck ve en Avrupai kenti. K\u00fc\u00e7\u00fck Viyana, K\u00fc\u00e7\u00fck Paris, M\u00fczeler Kenti, Ukrayna\u2019n\u0131n Piyemonte\u2019si, Ukrayna\u2019n\u0131n Prag\u2019\u0131 gibi isimlerle an\u0131lan Lviv, Do\u011fu Avrupa tarihinde \u00f6zel bir yere sahip.<\/p>\n\n\n\n<p>Ukrayna\u2019n\u0131n \u00f6nde gelen k\u00fclt\u00fcr \u015fehirlerinden olan, pek \u00e7ok y\u00fcksekokul ve \u00fcniversiteye ev sahipli\u011fi yapan, tiyatro ve opera binalar\u0131yla sanatseverlerin g\u00f6zde \u015fehirlerinden olan Lviv, tarihi \u015fehir merkeziyle de g\u00f6z al\u0131c\u0131.<\/p>\n\n\n\n<figure class=\"wp-block-image size-large\"><img width=\"1024\" height=\"640\" data-public-id=\"lviv-gezi-rehberi\/lviv-gezi-rehberi.jpg\" fetchpriority=\"high\" decoding=\"async\" src=\"https:\/\/res.cloudinary.com\/turna\/images\/w_1024,h_640,c_scale\/f_auto,q_auto:low\/v1605510624\/lviv-gezi-rehberi\/lviv-gezi-rehberi.jpg?_i=AA\" alt=\"Lviv Old Town\" class=\"wp-post-17729 wp-image-17878\" data-format=\"jpg\" data-transformations=\"f_auto,q_auto:low\" data-version=\"1605510624\" data-seo=\"1\" srcset=\"https:\/\/res.cloudinary.com\/turna\/images\/f_auto,q_auto:low\/v1605510624\/lviv-gezi-rehberi\/lviv-gezi-rehberi.jpg?_i=AA 1024w, https:\/\/res.cloudinary.com\/turna\/images\/w_800,h_500,c_scale\/f_auto,q_auto:low\/v1605510624\/lviv-gezi-rehberi\/lviv-gezi-rehberi.jpg?_i=AA 800w, https:\/\/res.cloudinary.com\/turna\/images\/w_300,h_188,c_scale\/f_auto,q_auto:low\/v1605510624\/lviv-gezi-rehberi\/lviv-gezi-rehberi.jpg?_i=AA 300w, https:\/\/res.cloudinary.com\/turna\/images\/w_672,h_420,c_scale\/f_auto,q_auto:low\/v1605510624\/lviv-gezi-rehberi\/lviv-gezi-rehberi.jpg?_i=AA 672w, https:\/\/res.cloudinary.com\/turna\/images\/w_640,h_400,c_scale\/f_auto,q_auto:low\/v1605510624\/lviv-gezi-rehberi\/lviv-gezi-rehberi.jpg?_i=AA 640w, https:\/\/res.cloudinary.com\/turna\/images\/w_681,h_426,c_scale\/f_auto,q_auto:low\/v1605510624\/lviv-gezi-rehberi\/lviv-gezi-rehberi.jpg?_i=AA 681w\" sizes=\"(max-width: 1024px) 100vw, 1024px\" \/><\/figure>\n\n\n\n<p>Do\u011fu Avrupa\u2019n\u0131n en geni\u015f y\u00fcz \u00f6l\u00e7\u00fcm\u00fcne sahip \u00fclkesi Ukrayna\u2019n\u0131n Polonya s\u0131n\u0131r\u0131nda yer alan Lviv, \u00fclkenin k\u00fclt\u00fcr ba\u015fkenti kabul ediliyor. Barok mimarisiyle g\u00f6z kama\u015ft\u0131ran Lviv\u2019in UNESCO D\u00fcnya K\u00fclt\u00fcr Miras\u0131 listesinde yer alan tarihi \u015fehir merkezi, Rynok Meydan\u0131 ve gece hayat\u0131 onu Avrupa\u2019n\u0131n en farkl\u0131 kentlerinden biri konumuna getiriyor.<\/p>\n\n\n\n<p>Do\u011fu Gali\u00e7ya\u2019n\u0131n ge\u00e7mi\u015fteki ba\u015fkenti olan bu tarihi \u015fehrin ismi, Ukrayna dilinde aslan anlam\u0131na geliyor. Genellikle Prag\u2019a benzetilen Lviv, tarihi kaynaklarda \u201cAslan \u015eehir\u201d olarak da ge\u00e7iyor. Eski ticaret yollar\u0131 \u00fczerinde kurulan ve tarih boyunca \u00f6nemli bir yerle\u015fim yeri olan Lviv, y\u00fczy\u0131llar boyunca \u00e7ok k\u00fclt\u00fcrl\u00fc ya\u015fam\u0131n adresi olmu\u015f.<\/p>\n\n\n\n<p>Polonya, Yahudi, Alman, Avusturya ve Ukrayna halklar\u0131na tarih boyunca ev sahipli\u011fi yapan \u015fehir, g\u00fcn\u00fcm\u00fczde de farkl\u0131 k\u00fclt\u00fcrleri i\u00e7erisinde bar\u0131nd\u0131r\u0131yor. Lviv n\u00fcfusu, Ukraynal\u0131lar, Ruslar, Polonyal\u0131lar, Beyaz Ruslar, Yahudiler ve Ermenilerden olu\u015fuyor.<\/p>\n\n\n\n<h2 class=\"wp-block-heading\"><span class=\"ez-toc-section\" id=\"lviv_gezi_rehberi\"><\/span><strong>Lviv Gezi Rehberi<\/strong><span class=\"ez-toc-section-end\"><\/span><\/h2>\n\n\n\n<p><strong>Lviv<\/strong> uzun s\u00fcre Leh Krall\u0131\u011f\u0131, Rus ve Osmanl\u0131 \u0130mparatorluklar\u0131 ile Kiev Rus Devleti\u2019nin hakimiyetinde kalm\u0131\u015f. 13. Y\u00fczy\u0131lda Gali\u00e7ya Prensi Danylo Haltsky taraf\u0131ndan kurulan kente, prens Rus\u00e7a anlam\u0131 aslan olan o\u011flu Lev\u2019in ismini vermi\u015f. Simgesi aslan olan Lviv\u2019in, bilinen di\u011fer isimleri Polonyaca Lwow, Rus\u00e7a Lvov ve Avusturya d\u00f6neminde ise Lemberg.<\/p>\n\n\n\n<p>\u00c7o\u011funlu\u011fun Rus\u00e7a konu\u015ftu\u011fu Ukrayna\u2019n\u0131n do\u011fu ve merkez b\u00f6lgelerinin aksine, Polonya s\u0131n\u0131r\u0131ndaki Lviv\u2019de halk\u0131n tamam\u0131na yak\u0131n\u0131n\u0131n ana dili Ukraynaca. Co\u011frafi olarak Avrupa\u2019n\u0131n ortas\u0131nda, farkl\u0131 k\u00fclt\u00fcrleri benimsemi\u015f b\u00f6lgelerin aras\u0131nda bulunan Lviv\u2019de, kara iklimi h\u00fck\u00fcm s\u00fcrd\u00fc\u011f\u00fcnden k\u0131\u015flar so\u011fuk, yazlar ise s\u0131cak ge\u00e7iyor.<\/p>\n\n\n\n<p>Para birimi Grivna olan Lviv, y\u00fcr\u00fcyerek gezilebilecek, birka\u00e7 adres d\u0131\u015f\u0131nda toplu ta\u015f\u0131maya dahi ihtiya\u00e7 duyulmayacak kadar avantajl\u0131. Pek \u00e7ok k\u00fclt\u00fcr sanat etkinli\u011fi ve festivallerin d\u00fczenlendi\u011fi kentte gezilecek yerlerin \u00e7o\u011fu birbirine yak\u0131n.<\/p>\n\n\n\n<h2 class=\"wp-block-heading\"><span class=\"ez-toc-section\" id=\"lviv_gezilecek_yerler\"><\/span><strong>Lviv Gezilecek Yerler<\/strong><span class=\"ez-toc-section-end\"><\/span><\/h2>\n\n\n\n<h3 class=\"wp-block-heading\"><span class=\"ez-toc-section\" id=\"1_lviv_old_town\"><\/span><strong>1. Lviv Old Town<\/strong><span class=\"ez-toc-section-end\"><\/span><\/h3>\n\n\n\n<figure class=\"wp-block-image size-large\"><img width=\"1024\" height=\"640\" data-public-id=\"lviv-old-town\/lviv-old-town.jpg\" decoding=\"async\" src=\"https:\/\/res.cloudinary.com\/turna\/images\/w_1024,h_640,c_scale\/f_auto,q_auto:low\/v1605550303\/lviv-old-town\/lviv-old-town.jpg?_i=AA\" alt=\"Lviv Old Town\" class=\"wp-post-17729 wp-image-17883\" data-format=\"jpg\" data-transformations=\"f_auto,q_auto:low\" data-version=\"1605550303\" data-seo=\"1\" srcset=\"https:\/\/res.cloudinary.com\/turna\/images\/f_auto,q_auto:low\/v1605550303\/lviv-old-town\/lviv-old-town.jpg?_i=AA 1024w, https:\/\/res.cloudinary.com\/turna\/images\/w_800,h_500,c_scale\/f_auto,q_auto:low\/v1605550303\/lviv-old-town\/lviv-old-town.jpg?_i=AA 800w, https:\/\/res.cloudinary.com\/turna\/images\/w_300,h_188,c_scale\/f_auto,q_auto:low\/v1605550303\/lviv-old-town\/lviv-old-town.jpg?_i=AA 300w, https:\/\/res.cloudinary.com\/turna\/images\/w_672,h_420,c_scale\/f_auto,q_auto:low\/v1605550303\/lviv-old-town\/lviv-old-town.jpg?_i=AA 672w, https:\/\/res.cloudinary.com\/turna\/images\/w_640,h_400,c_scale\/f_auto,q_auto:low\/v1605550303\/lviv-old-town\/lviv-old-town.jpg?_i=AA 640w, https:\/\/res.cloudinary.com\/turna\/images\/w_681,h_426,c_scale\/f_auto,q_auto:low\/v1605550303\/lviv-old-town\/lviv-old-town.jpg?_i=AA 681w\" sizes=\"(max-width: 1024px) 100vw, 1024px\" \/><\/figure>\n\n\n\n<p><strong>Lviv Old Town<\/strong>, 1998\u2019den bu yana UNESCO D\u00fcnya K\u00fclt\u00fcr Miras\u0131 Listesi\u2019nde koruma alt\u0131nda bulunuyor. 1256\u2019da kurulan Eski \u015eehir b\u00f6lgesinde pek \u00e7ok tarihi dokunun yan\u0131 s\u0131ra, bir\u00e7ok mimari ba\u015fyap\u0131t, m\u00fcze ve saray var. Old Town b\u00f6lgesi gezmeye ba\u015flamak i\u00e7in iyi bir se\u00e7im.<\/p>\n\n\n\n<p>Orta Avrupa, Balt\u0131k, Akdeniz ve Asya\u2019y\u0131 birbirine ba\u011flayan \u00f6nemli ticaret yollar\u0131n\u0131n kesi\u015fim noktas\u0131nda bulunan b\u00f6lge, kale ve \u00e7evresini kaps\u0131yor. Arnavut kald\u0131r\u0131ml\u0131 sokaklar\u0131nda y\u00fcr\u00fcmek, \u015f\u0131k kafelerinde oturmak, y\u00fcksek avlular\u0131n aras\u0131nda kaybolmak tarihi atmosferi solumak \u00e7ok keyifli.<\/p>\n\n\n\n<h3 class=\"wp-block-heading\"><span class=\"ez-toc-section\" id=\"2_rynok_meydani_ve_lviv_belediye_binasi\"><\/span><strong>2. Rynok Meydan\u0131 ve Lviv Belediye Binas\u0131<\/strong><span class=\"ez-toc-section-end\"><\/span><\/h3>\n\n\n\n<figure class=\"wp-block-image size-large\"><img width=\"1024\" height=\"640\" data-public-id=\"lviv-rehberi\/lviv-rehberi.jpg\" decoding=\"async\" src=\"https:\/\/res.cloudinary.com\/turna\/images\/w_1024,h_640,c_scale\/f_auto,q_auto:low\/v1605510625\/lviv-rehberi\/lviv-rehberi.jpg?_i=AA\" alt=\"lviv rehberi\" class=\"wp-post-17729 wp-image-17877\" data-format=\"jpg\" data-transformations=\"f_auto,q_auto:low\" data-version=\"1605510625\" data-seo=\"1\" srcset=\"https:\/\/res.cloudinary.com\/turna\/images\/f_auto,q_auto:low\/v1605510625\/lviv-rehberi\/lviv-rehberi.jpg?_i=AA 1024w, https:\/\/res.cloudinary.com\/turna\/images\/w_800,h_500,c_scale\/f_auto,q_auto:low\/v1605510625\/lviv-rehberi\/lviv-rehberi.jpg?_i=AA 800w, https:\/\/res.cloudinary.com\/turna\/images\/w_300,h_188,c_scale\/f_auto,q_auto:low\/v1605510625\/lviv-rehberi\/lviv-rehberi.jpg?_i=AA 300w, https:\/\/res.cloudinary.com\/turna\/images\/w_672,h_420,c_scale\/f_auto,q_auto:low\/v1605510625\/lviv-rehberi\/lviv-rehberi.jpg?_i=AA 672w, https:\/\/res.cloudinary.com\/turna\/images\/w_640,h_400,c_scale\/f_auto,q_auto:low\/v1605510625\/lviv-rehberi\/lviv-rehberi.jpg?_i=AA 640w, https:\/\/res.cloudinary.com\/turna\/images\/w_681,h_426,c_scale\/f_auto,q_auto:low\/v1605510625\/lviv-rehberi\/lviv-rehberi.jpg?_i=AA 681w\" sizes=\"(max-width: 1024px) 100vw, 1024px\" \/><\/figure>\n\n\n\n<p><strong>Rynok Meydan\u0131<\/strong> (Pazar Meydan\u0131), 16. ve 20. Y\u00fczy\u0131l mimari \u00e7izgileri ile tasarlanm\u0131\u015f yap\u0131lar\u0131 ve Belediye Binas\u0131 \u00e7evresindeki Diana, Neptune, Adonise, Amphitrite Heykelleriyle \u00e7evrili. G\u00fcn\u00fcm\u00fczde ise, kafeler, restoranlar, \u015farap marketleri ve sanat galerilerinin renklendirdi\u011fi meydan, Ukrayna\u2019n\u0131n 500 y\u0131l boyunca siyasi, k\u00fclt\u00fcr ve ticari merkezi olmu\u015f.<\/p>\n\n\n\n<p><strong>Lviv Belediye Binas\u0131<\/strong>, 1357\u2019da ah\u015fap olarak in\u015fa edilen, Rynok Meydan\u0131\u2019n\u0131n tam kalbinde bulunan bina g\u00fcn\u00fcm\u00fczdeki g\u00f6r\u00fcn\u00fcm\u00fcne 1835\u2019te kavu\u015fmu\u015f. Tarih boyunca \u015fehrin y\u00f6netim merkezi olan yap\u0131, Ukrayna\u2018n\u0131n en y\u00fcksek binas\u0131. 65 metre y\u00fcksekli\u011finde yakla\u015f\u0131k 400 basamak ile ula\u015f\u0131labilen kule UNESCO taraf\u0131ndan korunuyor. T\u00fcm \u015fehrin panoramik g\u00f6r\u00fclebildi\u011fi kuleye \u00e7\u0131kmak t\u00fcm yorgunlu\u011fa de\u011fiyor.<\/p>\n\n\n\n<h3 class=\"wp-block-heading\"><span class=\"ez-toc-section\" id=\"3_lviv_opera_binasi\"><\/span><strong>3. Lviv Opera Binas\u0131<\/strong><span class=\"ez-toc-section-end\"><\/span><\/h3>\n\n\n\n<figure class=\"wp-block-image size-large\"><img width=\"1024\" height=\"640\" loading=\"lazy\" decoding=\"async\" src=\"data:image\/svg+xml;base64,PHN2ZyB4bWxucz0iaHR0cDovL3d3dy53My5vcmcvMjAwMC9zdmciIHdpZHRoPSIxMDI0IiBoZWlnaHQ9IjY0MCI+PHJlY3Qgd2lkdGg9IjEwMCUiIGhlaWdodD0iMTAwJSI+PGFuaW1hdGUgYXR0cmlidXRlTmFtZT0iZmlsbCIgdmFsdWVzPSJyZ2JhKDE1MywxNTMsMTUzLDAuNSk7cmdiYSgxNTMsMTUzLDE1MywwLjEpO3JnYmEoMTUzLDE1MywxNTMsMC41KSIgZHVyPSIycyIgcmVwZWF0Q291bnQ9ImluZGVmaW5pdGUiIC8+PC9yZWN0Pjwvc3ZnPg==\" alt=\"Lviv Opera Binas\u0131\" class=\"wp-post-17729 wp-image-17879\" data-public-id=\"lviv-opera-binasi\/lviv-opera-binasi.jpg\" data-format=\"jpg\" data-transformations=\"f_auto,q_auto:low\" data-version=\"1605510623\" data-seo=\"1\" data-size=\"1024 640\" data-srcset=\"https:\/\/res.cloudinary.com\/turna\/images\/f_auto,q_auto:low\/v1605510623\/lviv-opera-binasi\/lviv-opera-binasi.jpg?_i=AA 1024w, https:\/\/res.cloudinary.com\/turna\/images\/w_800,h_500,c_scale\/f_auto,q_auto:low\/v1605510623\/lviv-opera-binasi\/lviv-opera-binasi.jpg?_i=AA 800w, https:\/\/res.cloudinary.com\/turna\/images\/w_300,h_188,c_scale\/f_auto,q_auto:low\/v1605510623\/lviv-opera-binasi\/lviv-opera-binasi.jpg?_i=AA 300w, https:\/\/res.cloudinary.com\/turna\/images\/w_672,h_420,c_scale\/f_auto,q_auto:low\/v1605510623\/lviv-opera-binasi\/lviv-opera-binasi.jpg?_i=AA 672w, https:\/\/res.cloudinary.com\/turna\/images\/w_640,h_400,c_scale\/f_auto,q_auto:low\/v1605510623\/lviv-opera-binasi\/lviv-opera-binasi.jpg?_i=AA 640w, https:\/\/res.cloudinary.com\/turna\/images\/w_681,h_426,c_scale\/f_auto,q_auto:low\/v1605510623\/lviv-opera-binasi\/lviv-opera-binasi.jpg?_i=AA 681w\" data-sizes=\"(max-width: 1024px) 100vw, 1024px\" data-delivery=\"upload\" onload=\";window.CLDBind?CLDBind(this):null;\" data-cloudinary=\"lazy\" \/><\/figure>\n\n\n\n<p><strong>Lviv Opera Binas\u0131<\/strong>, 1897\u2019de Neo-R\u00f6nesans mimari tarzda yap\u0131lan Avrupa\u2019n\u0131n en g\u00fczel ve \u015f\u0131k tiyatro binalar\u0131ndan biri. Svobodi Meydan\u0131\u2019nda yer alan yap\u0131n\u0131n \u00f6zellikle Aynal\u0131 Salon olarak bilinen b\u00f6l\u00fcm\u00fc ve g\u00f6z kama\u015ft\u0131ran mimarisi Lviv\u2019in simge yap\u0131lar\u0131ndan biri. Temsillerden birini izlemek isterseniz bir ka\u00e7 hafta \u00f6ncesinden internet \u00fczerinden bilet almay\u0131 unutmay\u0131n.<\/p>\n\n\n\n<h3 class=\"wp-block-heading\"><span class=\"ez-toc-section\" id=\"4_potocki_sarayi\"><\/span><strong>4. Potocki Saray\u0131<\/strong><span class=\"ez-toc-section-end\"><\/span><\/h3>\n\n\n\n<figure class=\"wp-block-image size-large\"><img width=\"1024\" height=\"640\" loading=\"lazy\" decoding=\"async\" src=\"data:image\/svg+xml;base64,PHN2ZyB4bWxucz0iaHR0cDovL3d3dy53My5vcmcvMjAwMC9zdmciIHdpZHRoPSIxMDI0IiBoZWlnaHQ9IjY0MCI+PHJlY3Qgd2lkdGg9IjEwMCUiIGhlaWdodD0iMTAwJSI+PGFuaW1hdGUgYXR0cmlidXRlTmFtZT0iZmlsbCIgdmFsdWVzPSJyZ2JhKDE1MywxNTMsMTUzLDAuNSk7cmdiYSgxNTMsMTUzLDE1MywwLjEpO3JnYmEoMTUzLDE1MywxNTMsMC41KSIgZHVyPSIycyIgcmVwZWF0Q291bnQ9ImluZGVmaW5pdGUiIC8+PC9yZWN0Pjwvc3ZnPg==\" alt=\"Potocki Saray\u0131\" class=\"wp-post-17729 wp-image-17882\" data-public-id=\"Potocki-Sarayi\/Potocki-Sarayi.jpg\" data-format=\"jpg\" data-transformations=\"f_auto,q_auto:low\" data-version=\"1605550301\" data-seo=\"1\" data-size=\"1024 640\" data-srcset=\"https:\/\/res.cloudinary.com\/turna\/images\/f_auto,q_auto:low\/v1605550301\/Potocki-Sarayi\/Potocki-Sarayi.jpg?_i=AA 1024w, https:\/\/res.cloudinary.com\/turna\/images\/w_800,h_500,c_scale\/f_auto,q_auto:low\/v1605550301\/Potocki-Sarayi\/Potocki-Sarayi.jpg?_i=AA 800w, https:\/\/res.cloudinary.com\/turna\/images\/w_300,h_188,c_scale\/f_auto,q_auto:low\/v1605550301\/Potocki-Sarayi\/Potocki-Sarayi.jpg?_i=AA 300w, https:\/\/res.cloudinary.com\/turna\/images\/w_672,h_420,c_scale\/f_auto,q_auto:low\/v1605550301\/Potocki-Sarayi\/Potocki-Sarayi.jpg?_i=AA 672w, https:\/\/res.cloudinary.com\/turna\/images\/w_640,h_400,c_scale\/f_auto,q_auto:low\/v1605550301\/Potocki-Sarayi\/Potocki-Sarayi.jpg?_i=AA 640w, https:\/\/res.cloudinary.com\/turna\/images\/w_681,h_426,c_scale\/f_auto,q_auto:low\/v1605550301\/Potocki-Sarayi\/Potocki-Sarayi.jpg?_i=AA 681w\" data-sizes=\"(max-width: 1024px) 100vw, 1024px\" data-delivery=\"upload\" onload=\";window.CLDBind?CLDBind(this):null;\" data-cloudinary=\"lazy\" \/><\/figure>\n\n\n\n<p><strong>Potocki Saray\u0131<\/strong>, \u015fehir merkezindeki Kopernika Caddesi\u2019nde yer al\u0131yor. 1880\u2019lerde Gali\u00e7ya Valisi Alfred J\u00f3zef Potocki taraf\u0131ndan yapt\u0131r\u0131lan saray\u0131n mimar\u0131 Frans\u0131z Louis Dauvergne. Neo R\u00f6nesans mimarisinin en g\u00fczel \u00f6rneklerinden biri olarak kabul edilen saray uzun s\u00fcre, Polonyal\u0131 Ptocki Ailesinin konutu olmu\u015f. G\u00fcn\u00fcm\u00fczde ise Lviv Sanat Galerisi olarak hizmet veriyor.<\/p>\n\n\n\n<h3 class=\"wp-block-heading\"><span class=\"ez-toc-section\" id=\"5_st_george_katedrali_ve_lviv_dinler_tarihi_muzesi\"><\/span><strong>5. St. George Katedrali ve Lviv Dinler Tarihi M\u00fczesi<\/strong><span class=\"ez-toc-section-end\"><\/span><\/h3>\n\n\n\n<figure class=\"wp-block-image size-large\"><img width=\"1024\" height=\"640\" loading=\"lazy\" decoding=\"async\" src=\"data:image\/svg+xml;base64,PHN2ZyB4bWxucz0iaHR0cDovL3d3dy53My5vcmcvMjAwMC9zdmciIHdpZHRoPSIxMDI0IiBoZWlnaHQ9IjY0MCI+PHJlY3Qgd2lkdGg9IjEwMCUiIGhlaWdodD0iMTAwJSI+PGFuaW1hdGUgYXR0cmlidXRlTmFtZT0iZmlsbCIgdmFsdWVzPSJyZ2JhKDE1MywxNTMsMTUzLDAuNSk7cmdiYSgxNTMsMTUzLDE1MywwLjEpO3JnYmEoMTUzLDE1MywxNTMsMC41KSIgZHVyPSIycyIgcmVwZWF0Q291bnQ9ImluZGVmaW5pdGUiIC8+PC9yZWN0Pjwvc3ZnPg==\" alt=\"Dominikan Katedrali\" class=\"wp-post-17729 wp-image-17884\" data-public-id=\"lviv-dominican-kilisesi\/lviv-dominican-kilisesi.jpg\" data-format=\"jpg\" data-transformations=\"f_auto,q_auto:low\" data-version=\"1605550300\" data-seo=\"1\" data-size=\"1024 640\" data-srcset=\"https:\/\/res.cloudinary.com\/turna\/images\/f_auto,q_auto:low\/v1605550300\/lviv-dominican-kilisesi\/lviv-dominican-kilisesi.jpg?_i=AA 1024w, https:\/\/res.cloudinary.com\/turna\/images\/w_800,h_500,c_scale\/f_auto,q_auto:low\/v1605550300\/lviv-dominican-kilisesi\/lviv-dominican-kilisesi.jpg?_i=AA 800w, https:\/\/res.cloudinary.com\/turna\/images\/w_300,h_188,c_scale\/f_auto,q_auto:low\/v1605550300\/lviv-dominican-kilisesi\/lviv-dominican-kilisesi.jpg?_i=AA 300w, https:\/\/res.cloudinary.com\/turna\/images\/w_672,h_420,c_scale\/f_auto,q_auto:low\/v1605550300\/lviv-dominican-kilisesi\/lviv-dominican-kilisesi.jpg?_i=AA 672w, https:\/\/res.cloudinary.com\/turna\/images\/w_640,h_400,c_scale\/f_auto,q_auto:low\/v1605550300\/lviv-dominican-kilisesi\/lviv-dominican-kilisesi.jpg?_i=AA 640w, https:\/\/res.cloudinary.com\/turna\/images\/w_681,h_426,c_scale\/f_auto,q_auto:low\/v1605550300\/lviv-dominican-kilisesi\/lviv-dominican-kilisesi.jpg?_i=AA 681w\" data-sizes=\"(max-width: 1024px) 100vw, 1024px\" data-delivery=\"upload\" onload=\";window.CLDBind?CLDBind(this):null;\" data-cloudinary=\"lazy\" \/><figcaption class=\"wp-element-caption\">Dominikan Katedrali<\/figcaption><\/figure>\n\n\n\n<p><strong><a href=\"https:\/\/www.turna.com\/blog\/lvivde-gorulmesi-gereken-5-dini-yapi#5_st_george_katedrali\">St. George Katedrali<\/a><\/strong>, kente h\u00e2kim bir tepenin \u00fczerinde St. Yura Meydan\u0131\u2019nda yer al\u0131yor. 1744-1760 y\u0131llar\u0131 aras\u0131nda in\u015fa edilen yap\u0131, Rokoko tarz\u0131 \u00e7an kulesi, Barok stili Metropolitan Saray\u0131 ve g\u00f6z kama\u015ft\u0131ran bah\u00e7esiyle g\u00f6rkemli bir Lviv dokusu olu\u015fturuyor. Katedralin \u00e7an kulesinde e\u015fsiz bir Lviv\u2019in manzaras\u0131 var.<\/p>\n\n\n\n<p>Rynok Meydan\u0131\u2019nda yer alan <strong>Dominikan Katedrali ve Manast\u0131r\u0131<\/strong> ise Dominikan Tarikat\u0131 \u00fcyeleri taraf\u0131ndan yapt\u0131r\u0131lan ilgin\u00e7 bir yap\u0131. Katedral g\u00fcn\u00fcm\u00fczde Lviv Din Tarihi M\u00fczesi olarak hizmet veriyor.<\/p>\n\n\n\n<h3 class=\"wp-block-heading\"><span class=\"ez-toc-section\" id=\"6_lychakiv_mezarligi\"><\/span><strong>6. Lychakiv Mezarl\u0131\u011f\u0131<\/strong><span class=\"ez-toc-section-end\"><\/span><\/h3>\n\n\n\n<figure class=\"wp-block-image size-large\"><img width=\"1024\" height=\"640\" loading=\"lazy\" decoding=\"async\" src=\"data:image\/svg+xml;base64,PHN2ZyB4bWxucz0iaHR0cDovL3d3dy53My5vcmcvMjAwMC9zdmciIHdpZHRoPSIxMDI0IiBoZWlnaHQ9IjY0MCI+PHJlY3Qgd2lkdGg9IjEwMCUiIGhlaWdodD0iMTAwJSI+PGFuaW1hdGUgYXR0cmlidXRlTmFtZT0iZmlsbCIgdmFsdWVzPSJyZ2JhKDE1MywxNTMsMTUzLDAuNSk7cmdiYSgxNTMsMTUzLDE1MywwLjEpO3JnYmEoMTUzLDE1MywxNTMsMC41KSIgZHVyPSIycyIgcmVwZWF0Q291bnQ9ImluZGVmaW5pdGUiIC8+PC9yZWN0Pjwvc3ZnPg==\" alt=\"Lychakiv Mezarl\u0131\u011f\u0131\" class=\"wp-post-17729 wp-image-17881\" data-public-id=\"Lychakiv-mezarligi\/Lychakiv-mezarligi.jpg\" data-format=\"jpg\" data-transformations=\"f_auto,q_auto:low\" data-version=\"1605550305\" data-seo=\"1\" data-size=\"1024 640\" data-srcset=\"https:\/\/res.cloudinary.com\/turna\/images\/f_auto,q_auto:low\/v1605550305\/Lychakiv-mezarligi\/Lychakiv-mezarligi.jpg?_i=AA 1024w, https:\/\/res.cloudinary.com\/turna\/images\/w_800,h_500,c_scale\/f_auto,q_auto:low\/v1605550305\/Lychakiv-mezarligi\/Lychakiv-mezarligi.jpg?_i=AA 800w, https:\/\/res.cloudinary.com\/turna\/images\/w_300,h_188,c_scale\/f_auto,q_auto:low\/v1605550305\/Lychakiv-mezarligi\/Lychakiv-mezarligi.jpg?_i=AA 300w, https:\/\/res.cloudinary.com\/turna\/images\/w_672,h_420,c_scale\/f_auto,q_auto:low\/v1605550305\/Lychakiv-mezarligi\/Lychakiv-mezarligi.jpg?_i=AA 672w, https:\/\/res.cloudinary.com\/turna\/images\/w_640,h_400,c_scale\/f_auto,q_auto:low\/v1605550305\/Lychakiv-mezarligi\/Lychakiv-mezarligi.jpg?_i=AA 640w, https:\/\/res.cloudinary.com\/turna\/images\/w_681,h_426,c_scale\/f_auto,q_auto:low\/v1605550305\/Lychakiv-mezarligi\/Lychakiv-mezarligi.jpg?_i=AA 681w\" data-sizes=\"(max-width: 1024px) 100vw, 1024px\" data-delivery=\"upload\" onload=\";window.CLDBind?CLDBind(this):null;\" data-cloudinary=\"lazy\" \/><\/figure>\n\n\n\n<p><strong>Lychakiv Mezarl\u0131\u011f\u0131<\/strong>, 40 hektarl\u0131k bir alana yay\u0131lan ve her biri sanat eseri niteli\u011findeki say\u0131s\u0131z mezar ta\u015f\u0131ndan olu\u015fan, Ukrayna\u2019n\u0131n en \u00f6nemli mezarl\u0131\u011f\u0131. Tarihi 1787 y\u0131l\u0131na uzanan bu tarihi mezarl\u0131\u011f\u0131 gezmek i\u00e7in rehberli turlar d\u00fczenleniyor. G\u00f6r\u00fcp g\u00f6rebilece\u011finiz en ilgin\u00e7 mezarl\u0131k olan Lychakiv a\u00e7\u0131k hava m\u00fczesini and\u0131r\u0131yor. Lviv&#8217;de s\u0131ra d\u0131\u015f\u0131 bir yer g\u00f6rmek istiyorsan\u0131z buray\u0131 listenize ekleyin.<\/p>\n\n\n\n<h3 class=\"wp-block-heading\"><span class=\"ez-toc-section\" id=\"7_virmenska_caddesi_ve_ermeni_kilisesi\"><\/span><strong>7. Virmenska Caddesi ve Ermeni Kilisesi<\/strong><span class=\"ez-toc-section-end\"><\/span><\/h3>\n\n\n\n<p><strong>Virmenska Caddesi<\/strong> 13. y\u00fczy\u0131l\u0131n ortalar\u0131nda Ermenilerin yerle\u015fip geleneksel R\u00f6nesans ve Rokoko mimarisiyle in\u015fa ettikleri ve ticaret yapt\u0131klar\u0131 b\u00f6lge. G\u00fcn\u00fcm\u00fczde halen Ermenilerin ya\u015fad\u0131\u011f\u0131 b\u00f6lgede yer alan ve 1363\u2019te yap\u0131lan Ermeni Kilisesi, mozaikleri ve duvar resimleriyle ibadete a\u00e7\u0131k bulunuyor.<\/p>\n\n\n\n<p>Sanat galerileri, lokal restoranlar\u0131, k\u00fc\u00e7\u00fck kafeleriyle 24 saat ya\u015fayan bir yer buras\u0131. Potocki Saray\u0131, Staroyevryeiska caddesine de yak\u0131n mesafede. \u015eehirde ya\u015famaya devam eden Ermenilerin hayatlar\u0131n\u0131 yak\u0131ndan g\u00f6rmek k\u00fclt\u00fcrlerini anlamak istiyorsan\u0131z gezi listenizde Virmenska olsun.<\/p>\n\n\n\n<h3 class=\"wp-block-heading\"><span class=\"ez-toc-section\" id=\"8_lviv_cikolata_fabrikasi_ve_lviv_kahve_ureticisi\"><\/span><strong>8. Lviv \u00c7ikolata Fabrikas\u0131 ve Lviv Kahve \u00dcreticisi<\/strong><span class=\"ez-toc-section-end\"><\/span><\/h3>\n\n\n\n<figure class=\"wp-block-image size-large\"><img width=\"1024\" height=\"640\" loading=\"lazy\" decoding=\"async\" src=\"data:image\/svg+xml;base64,PHN2ZyB4bWxucz0iaHR0cDovL3d3dy53My5vcmcvMjAwMC9zdmciIHdpZHRoPSIxMDI0IiBoZWlnaHQ9IjY0MCI+PHJlY3Qgd2lkdGg9IjEwMCUiIGhlaWdodD0iMTAwJSI+PGFuaW1hdGUgYXR0cmlidXRlTmFtZT0iZmlsbCIgdmFsdWVzPSJyZ2JhKDE1MywxNTMsMTUzLDAuNSk7cmdiYSgxNTMsMTUzLDE1MywwLjEpO3JnYmEoMTUzLDE1MywxNTMsMC41KSIgZHVyPSIycyIgcmVwZWF0Q291bnQ9ImluZGVmaW5pdGUiIC8+PC9yZWN0Pjwvc3ZnPg==\" alt=\"Lviv \u00c7ikolata Fabrikas\u0131\" class=\"wp-post-17729 wp-image-17885\" data-public-id=\"lviv-cikolatak-dukkani\/lviv-cikolatak-dukkani.jpg\" data-format=\"jpg\" data-transformations=\"f_auto,q_auto:low\" data-version=\"1605550378\" data-seo=\"1\" data-size=\"1024 640\" data-srcset=\"https:\/\/res.cloudinary.com\/turna\/images\/f_auto,q_auto:low\/v1605550378\/lviv-cikolatak-dukkani\/lviv-cikolatak-dukkani.jpg?_i=AA 1024w, https:\/\/res.cloudinary.com\/turna\/images\/w_800,h_500,c_scale\/f_auto,q_auto:low\/v1605550378\/lviv-cikolatak-dukkani\/lviv-cikolatak-dukkani.jpg?_i=AA 800w, https:\/\/res.cloudinary.com\/turna\/images\/w_300,h_188,c_scale\/f_auto,q_auto:low\/v1605550378\/lviv-cikolatak-dukkani\/lviv-cikolatak-dukkani.jpg?_i=AA 300w, https:\/\/res.cloudinary.com\/turna\/images\/w_672,h_420,c_scale\/f_auto,q_auto:low\/v1605550378\/lviv-cikolatak-dukkani\/lviv-cikolatak-dukkani.jpg?_i=AA 672w, https:\/\/res.cloudinary.com\/turna\/images\/w_640,h_400,c_scale\/f_auto,q_auto:low\/v1605550378\/lviv-cikolatak-dukkani\/lviv-cikolatak-dukkani.jpg?_i=AA 640w, https:\/\/res.cloudinary.com\/turna\/images\/w_681,h_426,c_scale\/f_auto,q_auto:low\/v1605550378\/lviv-cikolatak-dukkani\/lviv-cikolatak-dukkani.jpg?_i=AA 681w\" data-sizes=\"(max-width: 1024px) 100vw, 1024px\" data-delivery=\"upload\" onload=\";window.CLDBind?CLDBind(this):null;\" data-cloudinary=\"lazy\" \/><\/figure>\n\n\n\n<p><strong>Lviv \u00c7ikolata Fabrikas\u0131 <\/strong>kentin en turistik adresi. El yap\u0131m\u0131 \u00e7ikolatalar\u0131n bulundu\u011fu d\u00f6rt katl\u0131 fabrikada pek \u00e7ok \u00e7ikolata \u00e7e\u015fidini bir arada bulabildi\u011finiz gibi tad\u0131na da bakabilirsiniz. Di\u011fer yandan Lviv \u00c7ikolata Festivali d\u00f6nemine denk gelirseniz, \u00e7e\u015fitli sanat\u00e7\u0131lar\u0131n haz\u0131rlad\u0131\u011f\u0131 \u00e7ikolata heykelleri g\u00f6rebilirsiniz. Elbette \u00e7ikolata almak i\u00e7in de en do\u011fru mek\u00e2n buras\u0131.<\/p>\n\n\n\n<p><strong>Lviv Kahve \u00dcreticisi<\/strong>, Rynok Meydan\u0131\u2019nda yer alan ve kahvesiyle \u00fcnl\u00fc, Lviv\u2019in geni\u015f kahve aroma \u00e7e\u015fitlerini bulabilece\u011finiz adresi. Kahveleri tatman\u0131n d\u0131\u015f\u0131nda, y\u0131l i\u00e7erisinde d\u00fczenlenen kahve e\u011fitimleriyle sertifikal\u0131 bir kahve uzman\u0131 olman\u0131z bile m\u00fcmk\u00fcn. Vaktiniz az bile olsa muhakkak bir fincan kahve i\u00e7in u\u011fray\u0131n.<\/p>\n\n\n\n<h3 class=\"wp-block-heading\"><span class=\"ez-toc-section\" id=\"9_yuksek_kale_ve_folk_architect_museum\"><\/span><strong>9. Y\u00fcksek Kale ve Folk Architect Museum<\/strong><span class=\"ez-toc-section-end\"><\/span><\/h3>\n\n\n\n<p><strong>Y\u00fcksek Kale<\/strong> Lviv merkezindeki en y\u00fcksek nokta olan bir tepe \u00fczerine kurulmu\u015f. 413 metre y\u00fcksekli\u011fe sahip, 13. Y\u00fczy\u0131lda yerle\u015fimin bulundu\u011fu tepedeki kale y\u0131k\u0131nt\u0131lar\u0131n\u0131n bulundu\u011fu alan, g\u00fcn\u00fcm\u00fczde kentin en iyi g\u00f6r\u00fcnt\u00fclendi\u011fi noktalardan biri.<\/p>\n\n\n\n<p><strong>Folk Architect Museum<\/strong>, \u015fair Ivan Franco\u2019nun kurulmas\u0131na \u00f6nc\u00fcl\u00fck etti\u011fi bir a\u00e7\u0131khava m\u00fczesi. Shevchenko orman\u0131 i\u00e7inde, 60 hektarl\u0131k bir alana yay\u0131lan m\u00fcze 120 ah\u015fap eve ve 6 ah\u015fap kiliseye ev sahipli\u011fi yap\u0131yor.<\/p>\n\n\n\n<h3 class=\"wp-block-heading\"><span class=\"ez-toc-section\" id=\"10_lviv_tarih_muzesi_ve_italyan_avlusu\"><\/span><strong>10. Lviv Tarih M\u00fczesi ve \u0130talyan Avlusu<\/strong><span class=\"ez-toc-section-end\"><\/span><\/h3>\n\n\n\n<figure class=\"wp-block-image size-large\"><img width=\"1024\" height=\"640\" loading=\"lazy\" decoding=\"async\" src=\"data:image\/svg+xml;base64,PHN2ZyB4bWxucz0iaHR0cDovL3d3dy53My5vcmcvMjAwMC9zdmciIHdpZHRoPSIxMDI0IiBoZWlnaHQ9IjY0MCI+PHJlY3Qgd2lkdGg9IjEwMCUiIGhlaWdodD0iMTAwJSI+PGFuaW1hdGUgYXR0cmlidXRlTmFtZT0iZmlsbCIgdmFsdWVzPSJyZ2JhKDE1MywxNTMsMTUzLDAuNSk7cmdiYSgxNTMsMTUzLDE1MywwLjEpO3JnYmEoMTUzLDE1MywxNTMsMC41KSIgZHVyPSIycyIgcmVwZWF0Q291bnQ9ImluZGVmaW5pdGUiIC8+PC9yZWN0Pjwvc3ZnPg==\" alt=\"\u0130talyan Avlusu\" class=\"wp-post-17729 wp-image-17886\" data-public-id=\"italyan-avlusu\/italyan-avlusu.jpg\" data-format=\"jpg\" data-transformations=\"f_auto,q_auto:low\" data-version=\"1605550506\" data-seo=\"1\" data-size=\"1024 640\" data-srcset=\"https:\/\/res.cloudinary.com\/turna\/images\/f_auto,q_auto:low\/v1605550506\/italyan-avlusu\/italyan-avlusu.jpg?_i=AA 1024w, https:\/\/res.cloudinary.com\/turna\/images\/w_800,h_500,c_scale\/f_auto,q_auto:low\/v1605550506\/italyan-avlusu\/italyan-avlusu.jpg?_i=AA 800w, https:\/\/res.cloudinary.com\/turna\/images\/w_300,h_188,c_scale\/f_auto,q_auto:low\/v1605550506\/italyan-avlusu\/italyan-avlusu.jpg?_i=AA 300w, https:\/\/res.cloudinary.com\/turna\/images\/w_672,h_420,c_scale\/f_auto,q_auto:low\/v1605550506\/italyan-avlusu\/italyan-avlusu.jpg?_i=AA 672w, https:\/\/res.cloudinary.com\/turna\/images\/w_640,h_400,c_scale\/f_auto,q_auto:low\/v1605550506\/italyan-avlusu\/italyan-avlusu.jpg?_i=AA 640w, https:\/\/res.cloudinary.com\/turna\/images\/w_681,h_426,c_scale\/f_auto,q_auto:low\/v1605550506\/italyan-avlusu\/italyan-avlusu.jpg?_i=AA 681w\" data-sizes=\"(max-width: 1024px) 100vw, 1024px\" data-delivery=\"upload\" onload=\";window.CLDBind?CLDBind(this):null;\" data-cloudinary=\"lazy\" \/><\/figure>\n\n\n\n<p><strong>Lviv Tarih M\u00fczesi<\/strong> (King Jan Sobieski Palace), Polonya Kral\u0131 Jan Sobieski\u2019nin ikametgah\u0131 olan ve sonradan m\u00fczeye \u00e7evrilen bir yap\u0131. M\u00fczede kral ve ailesine ait ki\u015fisel e\u015fyalar\u0131n yan\u0131 s\u0131ra ilgin\u00e7 objeler de bulunuyor. Lviv&#8217;in en fotografik noktalar\u0131ndan olan \u0130talyan Avlusu da bu binada yer al\u0131yor.<\/p>\n\n\n\n<p><strong>\u0130talyan Avlusu<\/strong> (Italian Backyard) ise tipik \u0130talyan R\u00f6nesans\u2019\u0131n\u0131 yans\u0131tan balkonlardan olu\u015fmu\u015f bir alan. Yaz aylar\u0131nda film g\u00f6sterimlerinden caz konserlerine dek pek \u00e7ok etkinli\u011fe ev sahipli\u011fi yap\u0131yor. Ayr\u0131ca buras\u0131 yaz ve bahar aylar\u0131nda kafeye d\u00f6n\u00fc\u015ft\u00fcr\u00fcl\u00fcyor, avlunun ortas\u0131na masalar konuluyor.<\/p>\n\n\n\n<h3 class=\"wp-block-heading\"><span class=\"ez-toc-section\" id=\"lviv_yeme_ve_icme\"><\/span><strong>Lviv yeme ve i\u00e7me<\/strong><span class=\"ez-toc-section-end\"><\/span><\/h3>\n\n\n\n<p>Lviv\u2019de yeme i\u00e7me, restoranlar\u0131, kafeleri, \u015farap evleri, \u00e7ikolatalar\u0131, aromatik kahveleri, enfes <strong>kutia<\/strong>, <strong>pampushky<\/strong>, <strong>syrnyky<\/strong>, <strong>strudel <\/strong>ve <strong>pancake<\/strong>\u2019leri ile hem \u00e7ok keyifli hem de \u00e7ok uygun fiyatl\u0131. Yerel Ukrayna ve Gali\u00e7ya mutfa\u011f\u0131na dair lezzetlerin yan\u0131 s\u0131ra d\u00fcnya mutfa\u011f\u0131ndan da se\u00e7kin \u00f6rnekler sunan pek \u00e7ok restoran bulmak m\u00fcmk\u00fcn.<\/p>\n\n\n\n<p>Lviv\u2019de, Ukraynal\u0131lar\u0131n en \u00e7ok t\u00fcketti\u011fi yemekler <strong>piruhi<\/strong> olarak bilinen mant\u0131 t\u00fcr\u00fc olan k\u0131ymal\u0131 hamur, \u00e7e\u015fitli i\u00e7lerle doldurulmu\u015f <strong>pyrizhky<\/strong> somunlar\u0131, <strong>nalisnyky<\/strong> ad\u0131 verilen sebzeli ya da etli krepler, t\u00fcm Balkanlar b\u00f6lgesinde \u00e7e\u015fitlerini tadabilece\u011finiz gula\u015f, <strong>deruny<\/strong> isimli patates m\u00fccverleri ve Kiev usul\u00fc tavuk en \u00fcnl\u00fc lezzetlerden.<\/p>\n\n\n\n<p>Bunlar\u0131n d\u0131\u015f\u0131nda, ana yemeklere e\u015flik eden <strong>kompot<\/strong> ve <strong>uzvar<\/strong> ad\u0131 verilen kompostolar, bir \u00e7e\u015fit \u00e7avdar ekme\u011fi olan <strong>kvas<\/strong> ile <strong>Horilka<\/strong> ve <strong>Samohon<\/strong> olarak an\u0131lan votkalar da olduk\u00e7a pop\u00fcler.<\/p>\n\n\n\n<p>Kentte yemek yiyebilece\u011finiz veya kahve i\u00e7ebilece\u011finiz pek \u00e7ok g\u00fczel adres var. \u00d6zellikle gezginler taraf\u0131ndan \u00e7ok sevilen The First Lviv Grill Restaurant of Meat and Justice ilk s\u0131rada. Buras\u0131 Lviv\u2019de yemek yiyebilece\u011finiz, a\u00e7\u0131k ara en g\u00fczel ve Orta \u00c7a\u011f konseptiyle ilgin\u00e7 tasar\u0131ml\u0131 bir mek\u00e2n.<\/p>\n\n\n\n<p>Buray\u0131, kentin en l\u00fcks restoran\u0131 olarak bilinen Kumpel izliyor. Ayn\u0131 \u015fekilde yine et yemekleri i\u00e7in Bread and Wine, Beef Steak, Mons Pius,<strong> <\/strong>Baczewski Restaurant olduk\u00e7a lezzetli se\u00e7enekler sunan, uygun fiyatl\u0131 ve \u00e7ok tercih edilen mekanlar. T\u00fcm Ukrayna\u2019da oldu\u011fu gibi Lviv\u2019de porsiyonlar olduk\u00e7a b\u00fcy\u00fck ve doyurucu.<\/p>\n\n\n\n<p>Dilerseniz kahvalt\u0131 i\u00e7in Glory Cafe\u2019ye gidebilir, Celentano Pizza\u2019da pizza \u00e7e\u015fitlerini deneyebilir, \u015fehri gezerken bir waffle denemek i\u00e7in Bubble Waffle\u2019a u\u011frayabilirsiniz. Biraz soluklanmak ve g\u00fczel bir kahve i\u00e7mek i\u00e7in Lviv Coffee mining Manufacture veya Gasova Lampa, \u00e7ay tercih ederseniz de Victoria Tea House\u2019a oturabilirsiniz. Strudel \u00e7e\u015fitleri ile \u00fcnl\u00fc Strudel Haus ise sizi olduk\u00e7a mutlu edecek.<\/p>\n\n\n\n<p>Elbette \u015fehrin \u00fcnl\u00fc kahvecisi<strong> <\/strong>Coffee Manufacture ile \u00e7ilokalac\u0131s\u0131 Lviv Chocolate<strong> <\/strong>Factory\u2019e de u\u011framay\u0131 unutmay\u0131n.<\/p>\n\n\n\n<h3 class=\"wp-block-heading\"><span class=\"ez-toc-section\" id=\"lviv_alisveris\"><\/span><strong>Lviv al\u0131\u015fveri\u015f<\/strong><span class=\"ez-toc-section-end\"><\/span><\/h3>\n\n\n\n<p>Lviv\u2019de b\u00fcy\u00fck al\u0131\u015fveri\u015f merkezlerinin yerine \u015firin ve k\u00fc\u00e7\u00fck d\u00fckkanlar\u0131n, sevimli butiklerin oldu\u011fu bir \u015fehir. Lviv\u2019de al\u0131\u015fveri\u015fin kalbi \u00f6zellikle merkez b\u00f6lgesinde at\u0131yor.<\/p>\n\n\n\n<p>Hediyelik e\u015fyalar, tarihi Lviv sokaklar\u0131nda sat\u0131lan \u00fclkenin y\u00f6resel k\u0131yafetleri, el yap\u0131m\u0131 \u00fcr\u00fcnler, kilimler, \u00f6zel \u00fcretim \u00e7ikolatalar ve kahve \u00fcr\u00fcnleri olduk\u00e7a pop\u00fcler. Ukrayna&#8217;n\u0131n kendine has \u00fcr\u00fcnlerinin yan\u0131nda al\u0131\u015fveri\u015f merkezlerinde, \u00e7e\u015fitli m\u00fccevher d\u00fckkanlar\u0131 ve kitap\u00e7\u0131larda farkl\u0131 \u00fcr\u00fcnler bulabilirsiniz.<\/p>\n\n\n\n<p>\u015eehir merkezinin biraz d\u0131\u015f\u0131ndaki bir al\u0131\u015fveri\u015f merkezi olan King Cross Leopolis\u2019te \u00e7e\u015fitli d\u00fckk\u00e2n ve ma\u011fazalar\u0131n yan\u0131 s\u0131ra restoranlar da bulunuyor. Yine ayn\u0131 konseptte bir al\u0131\u015fveri\u015f merkezi olan Shop Under Kumpel, \u00f6zellikle tekstil ma\u011fazalar\u0131n\u0131n yo\u011fun oldu\u011fu Magnus Shopping Center; m\u00fccevherden ho\u015flananlar i\u00e7in Kolektsiya Jewellery Boutique ve pahal\u0131 ve l\u00fcks d\u00fckkanlar\u0131n oldu\u011fu Opera Passage \u00f6ne \u00e7\u0131kan adresler.<\/p>\n\n\n\n<p>Alternatif al\u0131\u015fveri\u015ften ho\u015flananlar i\u00e7in ise ah\u015fap ve cam sanat\u0131na dair \u00fcr\u00fcnlerin bulundu\u011fu Shchos Tsikave Outdoor Art Gallery; antika e\u015fyalar\u0131 bulabilece\u011finiz, tarihi bir atmosfer i\u00e7erisinde yer alan Gothic Hall Antique and Modern Art<strong> <\/strong>Shop; Lviv Candles Manufactory; yarat\u0131c\u0131, zevkli ve farkl\u0131 el yap\u0131m\u0131 \u00fcr\u00fcnler i\u00e7in Pravda B Gallery ve Something Interesting kentin farkl\u0131 noktalar\u0131.<\/p>\n\n\n\n<p>Lviv\u2019de konaklamak i\u00e7in b\u00fct\u00e7enize ba\u011fl\u0131 olarak pek \u00e7ok se\u00e7ene\u011finiz var. Kiral\u0131k evler, oteller ve hosteller Avrupa\u2019n\u0131n di\u011fer \u015fehirlerine g\u00f6re olduk\u00e7a uygun fiyatl\u0131. Lviv\u2019de konaklama b\u00f6lgesi olarak en iyi se\u00e7enek \u015fehir merkezi. \u00d6zellikle Rynok Meydan\u0131 \u00e7evresi, turistik b\u00f6lgelere yak\u0131nl\u0131\u011f\u0131ndan dolay\u0131 s\u0131kl\u0131kla tercih ediliyor.<\/p>\n\n\n\n<h3 class=\"wp-block-heading\"><span class=\"ez-toc-section\" id=\"lvive_nasil_gidilir\"><\/span><strong>Lviv\u2019e nas\u0131l gidilir<\/strong><span class=\"ez-toc-section-end\"><\/span><\/h3>\n\n\n\n<p>Lviv\u2019e T\u00fcrk Hava Yollar\u0131, Pegasus, Atlas Jet ve Ukrayna Uluslararas\u0131 Havayollar\u0131\u2019n\u0131n direkt u\u00e7u\u015f seferleri bulunuyor. \u0130stanbul\u2019dan yakla\u015f\u0131k bir bu\u00e7uk saatte Lviv\u2019de olman\u0131z m\u00fcmk\u00fcn.<\/p>\n\n\n\n<p>Ukrayna Hava Yollar\u0131\u2019n\u0131n ise Kiev aktarmal\u0131 u\u00e7u\u015flar\u0131 var. Di\u011fer yandan Ukrayna\u2019n\u0131n Kiev ve Odessa \u015fehirlerinden hareket eden trenlerle de Lviv\u2019e ula\u015fabilirsiniz. E\u011fer Lviv\u2019e trenle geldiyseniz, gar\u0131n hemen \u00f6n\u00fcnden hareket eden tramvayla \u015fehir merkezine gidebilirsiniz.<\/p>\n\n\n\n<p>U\u00e7akla bu kente geldiyseniz Lviv Havaliman\u0131 (Danylo Halytskyi Havaliman\u0131), \u015fehir merkezine 6 kilometre uzakl\u0131kta bulunuyor. Lviv Havaliman\u0131\u2019n\u0131n resmi taksi operat\u00f6r\u00fc olan Aero Express taksileri ile \u015fehir merkezine rahatl\u0131kla gidebilirsiniz.<\/p>\n\n\n\n<p>Taksilere g\u00f6re daha ekonomik bir se\u00e7enek olan 48 No\u2019lu otob\u00fcsler, haftan\u0131n her g\u00fcn\u00fc, sabah 7 ile ak\u015fam 10 saatleri aras\u0131nda \u00e7al\u0131\u015f\u0131yor. Hemen havaliman\u0131 \u00e7\u0131k\u0131\u015f\u0131nda binebilece\u011finiz otob\u00fcslerle \u015fehir merkezine yakla\u015f\u0131k 10-15 dakikada gidebilirsiniz.<\/p>\n\n\n\n<p>Troleyb\u00fcs ise, \u015fehrin en uygun fiyatl\u0131 toplu ta\u015f\u0131ma arac\u0131. Havaliman\u0131ndaki eski terminal binas\u0131ndan binece\u011finiz troleyb\u00fcsle yakla\u015f\u0131k 10-15 dakika i\u00e7inde merkezde olabilirsiniz. Troleyb\u00fcsler haftan\u0131n her g\u00fcn\u00fc, sabah 6 ile ak\u015fam 10 saatleri aras\u0131nda \u00e7al\u0131\u015f\u0131yor.<\/p>\n\n\n\n<p><strong>Lviv<\/strong>, tarih, k\u00fclt\u00fcr ve e\u011flenceyi birle\u015ftiren tatil arayanlar i\u00e7in g\u00fczel bir alternatif. Ukrayna\u2019n\u0131n en b\u00fcy\u00fck ikinci kenti olan ve y\u00fcksek \u00f6\u011frenci n\u00fcfusunun ya\u015fad\u0131\u011f\u0131, capcanl\u0131 bir gece hayat\u0131na da sahip olan Lviv, <strong>T\u00fcrkiye<\/strong>\u2019den vize istemiyor.<\/p>\n\n\n\n<p><strong><a href=\"https:\/\/www.turna.com\/yurtdisi-ucak-bileti\">Yurtd\u0131\u015f\u0131 u\u00e7ak bileti<\/a><\/strong> se\u00e7enekleri i\u00e7in turna.com&#8217;u ziyaret edin.<\/p>\n\n    <div class=\"xs_social_share_widget xs_share_url after_content \t\tmain_content  wslu-style-1 wslu-share-box-shaped wslu-fill-colored wslu-none wslu-share-horizontal wslu-theme-font-no wslu-main_content\">\n\n\t\t\n        <ul>\n\t\t\t        <\/ul>\n    <\/div> \n","protected":false},"excerpt":{"rendered":"<p>Lviv, Ukrayna\u2019n\u0131n bat\u0131s\u0131nda yer alan, \u00fclkenin ikinci b\u00fcy\u00fck ve en Avrupai kenti. K\u00fc\u00e7\u00fck Viyana, K\u00fc\u00e7\u00fck Paris, M\u00fczeler Kenti, Ukrayna\u2019n\u0131n Piyemonte\u2019si, Ukrayna\u2019n\u0131n Prag\u2019\u0131 gibi isimlerle an\u0131lan Lviv, Do\u011fu Avrupa tarihinde \u00f6zel bir yere sahip. Ukrayna\u2019n\u0131n \u00f6nde gelen k\u00fclt\u00fcr \u015fehirlerinden olan, pek \u00e7ok y\u00fcksekokul ve \u00fcniversiteye ev sahipli\u011fi yapan, tiyatro ve opera binalar\u0131yla sanatseverlerin g\u00f6zde \u015fehirlerinden olan [&hellip;]<\/p>\n","protected":false},"author":8,"featured_media":17877,"comment_status":"open","ping_status":"open","sticky":false,"template":"","format":"standard","meta":{"rop_custom_images_group":[],"rop_custom_messages_group":[],"rop_publish_now":"initial","rop_publish_now_accounts":[],"rop_publish_now_history":[],"rop_publish_now_status":"pending","_cloudinary_featured_overwrite":false,"footnotes":""},"categories":[986],"tags":[482],"class_list":["post-17729","post","type-post","status-publish","format-standard","has-post-thumbnail","hentry","category-ukrayna","tag-lviv"],"_links":{"self":[{"href":"https:\/\/www.turna.com\/blog\/wp-json\/wp\/v2\/posts\/17729","targetHints":{"allow":["GET"]}}],"collection":[{"href":"https:\/\/www.turna.com\/blog\/wp-json\/wp\/v2\/posts"}],"about":[{"href":"https:\/\/www.turna.com\/blog\/wp-json\/wp\/v2\/types\/post"}],"author":[{"embeddable":true,"href":"https:\/\/www.turna.com\/blog\/wp-json\/wp\/v2\/users\/8"}],"replies":[{"embeddable":true,"href":"https:\/\/www.turna.com\/blog\/wp-json\/wp\/v2\/comments?post=17729"}],"version-history":[{"count":0,"href":"https:\/\/www.turna.com\/blog\/wp-json\/wp\/v2\/posts\/17729\/revisions"}],"wp:featuredmedia":[{"embeddable":true,"href":"https:\/\/www.turna.com\/blog\/wp-json\/wp\/v2\/media\/17877"}],"wp:attachment":[{"href":"https:\/\/www.turna.com\/blog\/wp-json\/wp\/v2\/media?parent=17729"}],"wp:term":[{"taxonomy":"category","embeddable":true,"href":"https:\/\/www.turna.com\/blog\/wp-json\/wp\/v2\/categories?post=17729"},{"taxonomy":"post_tag","embeddable":true,"href":"https:\/\/www.turna.com\/blog\/wp-json\/wp\/v2\/tags?post=17729"}],"curies":[{"name":"wp","href":"https:\/\/api.w.org\/{rel}","templated":true}]}}