{"id":17710,"date":"2020-11-02T12:31:16","date_gmt":"2020-11-02T09:31:16","guid":{"rendered":"https:\/\/www.turna.com\/blog\/?p=17710"},"modified":"2024-06-03T11:37:20","modified_gmt":"2024-06-03T08:37:20","slug":"kayakoy-fethiye","status":"publish","type":"post","link":"https:\/\/www.turna.com\/blog\/kayakoy-fethiye","title":{"rendered":"Eski Bir Rum K\u00f6y\u00fc: Kayak\u00f6y"},"content":{"rendered":"\n<p>Anadolu&#8217;da yak\u0131n tarihi ge\u00e7mi\u015fin en \u00f6nemli tan\u0131klar\u0131ndan <strong>Kayak\u00f6y<\/strong>, Fethiye il\u00e7e merkezine 8 km uzakl\u0131kta, terk edilmi\u015f ta\u015f evleriyle hayalet bir k\u00f6y\u00fc and\u0131r\u0131yor. Eski bir Rum k\u00f6y\u00fc olan Kayak\u00f6y, engebeli bir co\u011frafyada yer alan darac\u0131k sokaklar\u0131nda s\u0131ralanan ta\u015f evleri, kiliseleri, muhte\u015fem manzaras\u0131 ile <strong>Fethiye \u00e7evresinde gezilecek yerler<\/strong> aras\u0131nda.<\/p>\n\n\n\n<p>M\u00fcbadele \u00f6ncesinde ismi Levissi olan ve bir tepenin yamac\u0131nda yer alan Kayak\u00f6y, son y\u0131llarda yap\u0131lan restorasyon \u00e7al\u0131\u015fmalar\u0131yla yeniden aya\u011fa kald\u0131r\u0131lmaya \u00e7al\u0131\u015f\u0131l\u0131yor. \u00c7ok say\u0131da butik otel, restoran ve kafenin bulundu\u011fu Kayak\u00f6y, heyecan verici hikayesi ve \u00f6zg\u00fcn mimarisi ile b\u00f6lgenin turistik \u00e7ekim merkezlerinden biri.<\/p>\n\n\n\n<figure class=\"wp-block-image size-large is-style-default\"><img width=\"1024\" height=\"640\" data-public-id=\"kayakoy-fethiye_1771206c40\/kayakoy-fethiye_1771206c40.jpg\" fetchpriority=\"high\" decoding=\"async\" src=\"https:\/\/res.cloudinary.com\/turna\/images\/w_1024,h_640,c_scale\/f_auto,q_auto:low\/v1604308884\/kayakoy-fethiye_1771206c40\/kayakoy-fethiye_1771206c40.jpg?_i=AA\" alt=\"kayak\u00f6y fethiye\" class=\"wp-post-17710 wp-image-17712\" data-format=\"jpg\" data-transformations=\"f_auto,q_auto:low\" data-version=\"1604308884\" data-seo=\"1\" srcset=\"https:\/\/res.cloudinary.com\/turna\/images\/f_auto,q_auto:low\/v1604308884\/kayakoy-fethiye_1771206c40\/kayakoy-fethiye_1771206c40.jpg?_i=AA 1024w, https:\/\/res.cloudinary.com\/turna\/images\/w_800,h_500,c_scale\/f_auto,q_auto:low\/v1604308884\/kayakoy-fethiye_1771206c40\/kayakoy-fethiye_1771206c40.jpg?_i=AA 800w, https:\/\/res.cloudinary.com\/turna\/images\/w_300,h_188,c_scale\/f_auto,q_auto:low\/v1604308884\/kayakoy-fethiye_1771206c40\/kayakoy-fethiye_1771206c40.jpg?_i=AA 300w, https:\/\/res.cloudinary.com\/turna\/images\/w_672,h_420,c_scale\/f_auto,q_auto:low\/v1604308884\/kayakoy-fethiye_1771206c40\/kayakoy-fethiye_1771206c40.jpg?_i=AA 672w, https:\/\/res.cloudinary.com\/turna\/images\/w_640,h_400,c_scale\/f_auto,q_auto:low\/v1604308884\/kayakoy-fethiye_1771206c40\/kayakoy-fethiye_1771206c40.jpg?_i=AA 640w, https:\/\/res.cloudinary.com\/turna\/images\/w_681,h_426,c_scale\/f_auto,q_auto:low\/v1604308884\/kayakoy-fethiye_1771206c40\/kayakoy-fethiye_1771206c40.jpg?_i=AA 681w\" sizes=\"(max-width: 1024px) 100vw, 1024px\" \/><\/figure>\n\n\n\n<h2 class=\"wp-block-heading\"><strong>Kayak\u00f6y, Fethiye<\/strong><\/h2>\n\n\n\n<p>Son y\u0131llarda artan ziyaret\u00e7i say\u0131s\u0131n\u0131n etkisiyle h\u0131zl\u0131 bir d\u00f6n\u00fc\u015f\u00fcm s\u00fcrecine giren Kayak\u00f6y&#8217;de birbiri ard\u0131na a\u00e7\u0131lan butik oteller, kafe ve restoranlar &#8216;hayalet k\u00f6y&#8217; olarak an\u0131lan Kayak\u00f6y&#8217;\u00fcn eski g\u00fcnlerine d\u00f6n\u00fc\u015f\u00fcn\u00fcn ilk ad\u0131mlar\u0131 olarak adland\u0131r\u0131l\u0131yor.<\/p>\n\n\n\n<p>1922&#8217;ye kadar 10 bin n\u00fcfusun ya\u015fad\u0131\u011f\u0131 bu yerle\u015fim yeri, Akdeniz mimarisinin temsilcisi, say\u0131s\u0131 4 bini bulan ta\u015f evleri, okullar\u0131, kiliseleri, k\u00fct\u00fcphanesi, hastanesi ve d\u00fckkanlar\u0131 ile b\u00f6lgenin en hareketli yerlerinden biriydi.<\/p>\n\n\n\n<p>T\u00fcrkiye ve Yunanistan aras\u0131nda 1923&#8217;te imzalanan N\u00fcfus M\u00fcbadelesi Anla\u015fmas\u0131&#8217;na kadar a\u011f\u0131rl\u0131kl\u0131 olarak Hristiyanlar\u0131n ya\u015fad\u0131\u011f\u0131 k\u00f6y, bu anla\u015fman\u0131n ard\u0131ndan Hristiyan n\u00fcfusun kar\u015f\u0131 k\u0131y\u0131ya g\u00f6nderilmesiyle hayalet k\u00f6ye d\u00f6n\u00fc\u015ft\u00fc. M\u00fcbadelenin Bat\u0131 Anadolu&#8217;daki en ac\u0131 tan\u0131klar\u0131ndan olan Kayak\u00f6y, M\u00fcbadele&#8217;nin sembollerinden.<\/p>\n\n\n\n<p>T\u00fcrkiye&#8217;nin g\u00fcneybat\u0131 k\u0131y\u0131s\u0131nda, Fethiye&#8217;ye 8 km uzakl\u0131ktaki Kayak\u00f6y, Fethiye gece hayat\u0131n\u0131n kalbinin att\u0131\u011f\u0131 Hisar\u00f6n\u00fc&#8217;ne birka\u00e7 km mesafede. Bir tepenin yamac\u0131nda yer alan Kayak\u00f6y, yabani otlarla kapl\u0131 ta\u015f sokaklar\u0131, terk edilen y\u0131k\u0131k evleri ve yap\u0131lar\u0131yla adeta zaman\u0131n dondu\u011fu bir yer.<\/p>\n\n\n\n<p>M\u00fcbadele \u00f6ncesindeki ismi Levissi olan Kayak\u00f6y&#8217;\u00fcn en y\u00fcksek noktas\u0131n\u0131n ard\u0131nda muhte\u015fem Akdeniz ve \u00d6l\u00fcdeniz manzaras\u0131 bulunuyor. Tarihi ge\u00e7mi\u015fi 14. y\u00fczy\u0131la uzanan k\u00f6y, M\u00fcbadele&#8217;ye kadar Anadolu M\u00fcsl\u00fcmanlar\u0131 ile Yunan Ortodoks Hristiyanlar\u0131n birlikte uyum i\u00e7erisinde ya\u015fad\u0131\u011f\u0131 bir yerle\u015fim yeriydi.<\/p>\n\n\n\n<p>K\u00f6y\u00fcn Rum kad\u0131nlar\u0131 kilisenin avlusundaki ta\u015flar\u0131 eteklerinde denizden ta\u015f\u0131yarak buraya getirmi\u015f. Y\u0131llar sonra ziyarete gelen k\u00f6yl\u00fcler kilisenin bah\u00e7esindeki ta\u015flar\u0131n yerinden s\u00f6k\u00fcld\u00fc\u011f\u00fcn\u00fc g\u00f6r\u00fcnce \u00e7ok hay\u0131flanm\u0131\u015flar.<\/p>\n\n\n\n<p>Hristiyanlar yamac\u0131n \u00fcst b\u00f6l\u00fcm\u00fcnde zanaatkarl\u0131kla u\u011fra\u015f\u0131rken, vadinin a\u015fa\u011f\u0131 kesimlerinde ya\u015fayan M\u00fcsl\u00fcmanlar ise \u00e7ift\u00e7ilik ve hayvanc\u0131l\u0131kla ge\u00e7iniyordu. Kurtulu\u015f Sava\u015f\u0131&#8217;n\u0131n hemen ard\u0131ndan imzalanan M\u00fcbadele Anla\u015fmas\u0131 ile Kayak\u00f6y&#8217;de ya\u015fayan 6 bin 500 Hristiyan Yunanistan&#8217;a g\u00f6\u00e7 edince Levissi, <strong>Kayak\u00f6y<\/strong> ad\u0131n\u0131 ald\u0131. <\/p>\n\n\n\n<p>M\u00fcbadele ile Yunanistan&#8217;dan T\u00fcrkiye&#8217;ye gelen M\u00fcsl\u00fcman \u00e7ift\u00e7ilerin yerle\u015ftirildi\u011fi Kayak\u00f6y ise tar\u0131ma uygun bulunmad\u0131\u011f\u0131ndan k\u0131sa bir s\u00fcre i\u00e7erisinde kimsenin ya\u015famad\u0131\u011f\u0131, terk edilmi\u015f bir k\u00f6ye d\u00f6n\u00fc\u015ft\u00fc. 1957&#8217;de ya\u015fanan b\u00fcy\u00fck Fethiye depremiyle k\u00f6ydeki binalar\u0131n b\u00fcy\u00fck b\u00f6l\u00fcm\u00fc zarar g\u00f6r\u00fcnce k\u00f6y tamamen sessizli\u011fe b\u00fcr\u00fcnd\u00fc.<\/p>\n\n\n\n<p>K\u00fclt\u00fcr ve Turizm Bakanl\u0131\u011f\u0131&#8217;n\u0131n &#8216;m\u00fcze k\u00f6y&#8217; stat\u00fcs\u00fc ile vah\u015fi yap\u0131la\u015fma tehdidinden korunan Kayak\u00f6y, turistlerin ilgisiyle h\u0131zla toparlan\u0131yor. K\u00f6y ve \u00e7evresinde a\u00e7\u0131lan butik oteller, restoran ve kafelerin yan\u0131 s\u0131ra Sanat Kamp\u0131, Kayak\u00f6y&#8217;\u00fcn eski canl\u0131 g\u00fcnlerine d\u00f6n\u00fc\u015f\u00fc i\u00e7in f\u0131rsat g\u00f6r\u00fcl\u00fcyor.<\/p>\n\n\n\n<figure class=\"wp-block-image size-large\"><img width=\"1024\" height=\"640\" data-public-id=\"kayakoy_177136fa7e\/kayakoy_177136fa7e.jpg\" decoding=\"async\" src=\"https:\/\/res.cloudinary.com\/turna\/images\/w_1024,h_640,c_scale\/f_auto,q_auto:low\/v1604309061\/kayakoy_177136fa7e\/kayakoy_177136fa7e.jpg?_i=AA\" alt=\"kayak\u00f6y\" class=\"wp-post-17710 wp-image-17713\" data-format=\"jpg\" data-transformations=\"f_auto,q_auto:low\" data-version=\"1604309061\" data-seo=\"1\" srcset=\"https:\/\/res.cloudinary.com\/turna\/images\/f_auto,q_auto:low\/v1604309061\/kayakoy_177136fa7e\/kayakoy_177136fa7e.jpg?_i=AA 1024w, https:\/\/res.cloudinary.com\/turna\/images\/w_800,h_500,c_scale\/f_auto,q_auto:low\/v1604309061\/kayakoy_177136fa7e\/kayakoy_177136fa7e.jpg?_i=AA 800w, https:\/\/res.cloudinary.com\/turna\/images\/w_300,h_188,c_scale\/f_auto,q_auto:low\/v1604309061\/kayakoy_177136fa7e\/kayakoy_177136fa7e.jpg?_i=AA 300w, https:\/\/res.cloudinary.com\/turna\/images\/w_672,h_420,c_scale\/f_auto,q_auto:low\/v1604309061\/kayakoy_177136fa7e\/kayakoy_177136fa7e.jpg?_i=AA 672w, https:\/\/res.cloudinary.com\/turna\/images\/w_640,h_400,c_scale\/f_auto,q_auto:low\/v1604309061\/kayakoy_177136fa7e\/kayakoy_177136fa7e.jpg?_i=AA 640w, https:\/\/res.cloudinary.com\/turna\/images\/w_681,h_426,c_scale\/f_auto,q_auto:low\/v1604309061\/kayakoy_177136fa7e\/kayakoy_177136fa7e.jpg?_i=AA 681w\" sizes=\"(max-width: 1024px) 100vw, 1024px\" \/><\/figure>\n\n\n\n<p>Fethiye kayak\u00f6y&#8217;de e\u011fitimin Rumca verildi\u011fi iki okul yer al\u0131yor. K\u00f6yl\u00fclerin ibadet ihtiyac\u0131n\u0131 kar\u015f\u0131lamak i\u00e7in evlerin aras\u0131nda \u00e7ok say\u0131da \u015fapel ve 2 b\u00fcy\u00fck kilise var. Kayak\u00f6y&#8217;\u00fcn bat\u0131s\u0131nda yer alan <strong>A\u015fa\u011f\u0131 Kilise<\/strong> (Panayia Pirgiotissa), altm\u0131\u015fl\u0131 y\u0131llara kadar camii olarak kullan\u0131lm\u0131\u015f.<\/p>\n\n\n\n<p>Y\u00fcksek duvarlarla \u00e7evrili kilise, pembe s\u0131val\u0131 <strong>Yukar\u0131 Kilise<\/strong> (Taksiyarhis Kilisesi) ise k\u00f6y\u00fcn tam ortas\u0131nda, her yere hakim bir tepede kurulu. K\u00f6y\u00fc en g\u00fczel buradan foto\u011fraflayabilirsiniz. Sabah g\u00fcn do\u011fumu ve ak\u015fam g\u00fcnbat\u0131m\u0131nda \u00e7ok g\u00fczel foto\u011fraf kareleri \u00e7\u0131k\u0131yor.<\/p>\n\n\n\n<p>Likya uygarl\u0131\u011f\u0131na ait M\u00d6 4. y\u00fczy\u0131ldan kalma <strong>Kayak\u00f6y Kaya Mezarlar\u0131<\/strong>, K\u00f6y\u00fcn s\u0131rt\u0131n\u0131 dayad\u0131\u011f\u0131 tepenin \u00f6te taraf\u0131nda yer alan Gemile Koyu ve Aya Nikola Adas\u0131 g\u00f6rmeniz gereken \u00e7ok \u015fahane yerler.<\/p>\n\n\n\n<p>Ayr\u0131ca, Kayak\u00f6y\u2019e 3 km uzakl\u0131kta, denizin hemen k\u0131y\u0131s\u0131nda duvar gibi y\u00fckselen dik yamaca kurulu <strong>Afkula Manast\u0131r\u0131<\/strong> da g\u00f6rmeye de\u011fer. Hem trekking rotas\u0131 da \u00e7ok keyifli ve \u015fahane. Yaz\u0131n gidecekseniz yan\u0131n\u0131za bolca su almay\u0131 unutmay\u0131n.<\/p>\n\n\n\n<p>Kayak\u00f6y Sanat Kamp\u0131, hem at\u00f6lye \u00e7al\u0131\u015fmalar\u0131 hem de gezi programlar\u0131 ile k\u00f6y\u00fcn \u00f6nemli bir de\u011feri. 1 haftal\u0131k at\u00f6lyelerden birine kat\u0131l\u0131p hem yeteneklerinizi geli\u015ftirir hem de yeni arkada\u015flar edinebilirsiniz. Grup olarak yap\u0131lan Likya Yolu rotalar\u0131n\u0131n bir k\u0131sm\u0131n\u0131 da y\u00fcr\u00fcyebilirsiniz.<\/p>\n\n\n\n<figure class=\"wp-block-image size-large\"><img width=\"1024\" height=\"640\" data-public-id=\"kayakoy-hakkinda-bilgiler\/kayakoy-hakkinda-bilgiler.jpg\" decoding=\"async\" src=\"https:\/\/res.cloudinary.com\/turna\/images\/w_1024,h_640,c_scale\/f_auto,q_auto:low\/v1604310512\/kayakoy-hakkinda-bilgiler\/kayakoy-hakkinda-bilgiler.jpg?_i=AA\" alt=\"kayak\u00f6y hakk\u0131nda bilgiler\" class=\"wp-post-17710 wp-image-17715\" data-format=\"jpg\" data-transformations=\"f_auto,q_auto:low\" data-version=\"1604310512\" data-seo=\"1\" srcset=\"https:\/\/res.cloudinary.com\/turna\/images\/f_auto,q_auto:low\/v1604310512\/kayakoy-hakkinda-bilgiler\/kayakoy-hakkinda-bilgiler.jpg?_i=AA 1024w, https:\/\/res.cloudinary.com\/turna\/images\/w_800,h_500,c_scale\/f_auto,q_auto:low\/v1604310512\/kayakoy-hakkinda-bilgiler\/kayakoy-hakkinda-bilgiler.jpg?_i=AA 800w, https:\/\/res.cloudinary.com\/turna\/images\/w_300,h_188,c_scale\/f_auto,q_auto:low\/v1604310512\/kayakoy-hakkinda-bilgiler\/kayakoy-hakkinda-bilgiler.jpg?_i=AA 300w, https:\/\/res.cloudinary.com\/turna\/images\/w_672,h_420,c_scale\/f_auto,q_auto:low\/v1604310512\/kayakoy-hakkinda-bilgiler\/kayakoy-hakkinda-bilgiler.jpg?_i=AA 672w, https:\/\/res.cloudinary.com\/turna\/images\/w_640,h_400,c_scale\/f_auto,q_auto:low\/v1604310512\/kayakoy-hakkinda-bilgiler\/kayakoy-hakkinda-bilgiler.jpg?_i=AA 640w, https:\/\/res.cloudinary.com\/turna\/images\/w_681,h_426,c_scale\/f_auto,q_auto:low\/v1604310512\/kayakoy-hakkinda-bilgiler\/kayakoy-hakkinda-bilgiler.jpg?_i=AA 681w\" sizes=\"(max-width: 1024px) 100vw, 1024px\" \/><\/figure>\n\n\n\n<p>Kayak\u00f6y&#8217;e en iyisi siz birka\u00e7 g\u00fcn konaklamal\u0131 gidip, Fethiye&#8217;nin inan\u0131lmaz co\u011frafyas\u0131n\u0131 burada kalarak gezin. \u00c7ok say\u0131da butik otel ve yeni nesi mekanlara sahip. Hepsi de birbirinden g\u00fczel. K\u00f6y\u00fcn havas\u0131 da ortam da romantik. \u00c7iftlerin be\u011fenece\u011fine eminim.<\/p>\n\n\n\n<h3 class=\"wp-block-heading\"><strong>Kayak\u00f6y&#8217;e nas\u0131l gidilir<\/strong><\/h3>\n\n\n\n<p>Fethiye il\u00e7e merkezine 8 km mesafede yer alan <strong>Kayak\u00f6y<\/strong>&#8216;e Fethiye merkez \u00fczerinden kara yoluyla ula\u015f\u0131l\u0131yor. Kayak\u00f6y&#8217;en yak\u0131n havaliman\u0131 ise Dalaman&#8217;da. Kayak\u00f6y&#8217;e 56 km uzakl\u0131ktaki Dalaman Havaliman\u0131&#8217;na Ankara ve \u0130stanbul&#8217;dan d\u00fczenli, direkt u\u00e7ak seferleri yap\u0131l\u0131yor.<\/p>\n\n\n\n<p>Havaliman\u0131ndan MUTTA\u015e ya da HAVA\u015e otob\u00fcsleri ile Fethiye merkeze geldikten sonra il\u00e7e otogar\u0131ndan her yar\u0131m saatte bir hareket eden dolmu\u015flarla Kayak\u00f6y&#8217;e ula\u015fabilirsiniz.<\/p>\n\n\n\n<p class=\"has-background\" style=\"background-color:#f9e5af\">\u24d8 Fethiye&#8217;ye u\u00e7akla gidecekseniz en uygun u\u00e7ak bileti i\u00e7in turna.com sayfas\u0131na g\u00f6z at\u0131n. Fethiye&#8217;ye en uygun otob\u00fcs bileti i\u00e7in <a href=\"https:\/\/www.turna.com\/otobus-bileti\/fethiye\"><strong>turna.com otob\u00fcs bileti fethiye<\/strong><\/a> sayfas\u0131ndan bilet alabilirsiniz.<\/p>\n\n\n\n<p>\u00d6zel ara\u00e7la Kayak\u00f6y&#8217;e ula\u015f\u0131m da Fethiye \u00fczerinden ger\u00e7ekle\u015fiyor. \u0130stanbul, Bursa ve \u0130zmir&#8217;den Kayak\u00f6y&#8217;e kara yoluyla ula\u015f\u0131m i\u00e7in \u0130zmir-Ayd\u0131n Otoyolu, Mu\u011fla, K\u00f6yce\u011fiz, Dalaman ve Fethiye g\u00fczergah\u0131 takip ediliyor.<\/p>\n\n\n\n<p>Ankara y\u00f6n\u00fcnden gelenler ise Sand\u0131kl\u0131, Burdur, \u00c7avd\u0131r g\u00fczergah\u0131n\u0131 izliyor. Kayak\u00f6y, \u0130stanbul&#8217;a 807 km, Ankara&#8217;ya 641 km, \u0130zmir&#8217;e 346 km, Mu\u011fla&#8217;ya ise 138 km uzakl\u0131kta.<\/p>\n\n    <div class=\"xs_social_share_widget xs_share_url after_content \t\tmain_content  wslu-style-1 wslu-share-box-shaped wslu-fill-colored wslu-none wslu-share-horizontal wslu-theme-font-no wslu-main_content\">\n\n\t\t\n        <ul>\n\t\t\t        <\/ul>\n    <\/div> \n","protected":false},"excerpt":{"rendered":"<p>Anadolu&#8217;da yak\u0131n tarihi ge\u00e7mi\u015fin en \u00f6nemli tan\u0131klar\u0131ndan Kayak\u00f6y, Fethiye il\u00e7e merkezine 8 km uzakl\u0131kta, terk edilmi\u015f ta\u015f evleriyle hayalet bir k\u00f6y\u00fc and\u0131r\u0131yor. Eski bir Rum k\u00f6y\u00fc olan Kayak\u00f6y, engebeli bir co\u011frafyada yer alan darac\u0131k sokaklar\u0131nda s\u0131ralanan ta\u015f evleri, kiliseleri, muhte\u015fem manzaras\u0131 ile Fethiye \u00e7evresinde gezilecek yerler aras\u0131nda. M\u00fcbadele \u00f6ncesinde ismi Levissi olan ve bir tepenin [&hellip;]<\/p>\n","protected":false},"author":8,"featured_media":17712,"comment_status":"open","ping_status":"open","sticky":false,"template":"","format":"standard","meta":{"rop_custom_images_group":[],"rop_custom_messages_group":[],"rop_publish_now":"initial","rop_publish_now_accounts":[],"rop_publish_now_history":[],"rop_publish_now_status":"pending","_cloudinary_featured_overwrite":false,"footnotes":""},"categories":[1852],"tags":[455],"class_list":["post-17710","post","type-post","status-publish","format-standard","has-post-thumbnail","hentry","category-mugla","tag-fethiye"],"_links":{"self":[{"href":"https:\/\/www.turna.com\/blog\/wp-json\/wp\/v2\/posts\/17710","targetHints":{"allow":["GET"]}}],"collection":[{"href":"https:\/\/www.turna.com\/blog\/wp-json\/wp\/v2\/posts"}],"about":[{"href":"https:\/\/www.turna.com\/blog\/wp-json\/wp\/v2\/types\/post"}],"author":[{"embeddable":true,"href":"https:\/\/www.turna.com\/blog\/wp-json\/wp\/v2\/users\/8"}],"replies":[{"embeddable":true,"href":"https:\/\/www.turna.com\/blog\/wp-json\/wp\/v2\/comments?post=17710"}],"version-history":[{"count":0,"href":"https:\/\/www.turna.com\/blog\/wp-json\/wp\/v2\/posts\/17710\/revisions"}],"wp:featuredmedia":[{"embeddable":true,"href":"https:\/\/www.turna.com\/blog\/wp-json\/wp\/v2\/media\/17712"}],"wp:attachment":[{"href":"https:\/\/www.turna.com\/blog\/wp-json\/wp\/v2\/media?parent=17710"}],"wp:term":[{"taxonomy":"category","embeddable":true,"href":"https:\/\/www.turna.com\/blog\/wp-json\/wp\/v2\/categories?post=17710"},{"taxonomy":"post_tag","embeddable":true,"href":"https:\/\/www.turna.com\/blog\/wp-json\/wp\/v2\/tags?post=17710"}],"curies":[{"name":"wp","href":"https:\/\/api.w.org\/{rel}","templated":true}]}}