{"id":17696,"date":"2024-06-25T10:23:00","date_gmt":"2024-06-25T07:23:00","guid":{"rendered":"https:\/\/www.turna.com\/blog\/?p=17696"},"modified":"2025-07-09T17:32:21","modified_gmt":"2025-07-09T14:32:21","slug":"datca-gezilecek-yerler","status":"publish","type":"post","link":"https:\/\/www.turna.com\/blog\/datca-gezilecek-yerler","title":{"rendered":"Dat\u00e7a Gezilecek Yerler: 13 Muhte\u015fem Durak"},"content":{"rendered":"<div id=\"ez-toc-container\" class=\"ez-toc-v2_0_82_2 counter-hierarchy ez-toc-counter ez-toc-black ez-toc-container-direction\">\n<div class=\"ez-toc-title-container\">\n<p class=\"ez-toc-title\" style=\"cursor:inherit\">\u0130\u00e7indekiler<\/p>\n<span class=\"ez-toc-title-toggle\"><a href=\"#\" class=\"ez-toc-pull-right ez-toc-btn ez-toc-btn-xs ez-toc-btn-default ez-toc-toggle\" aria-label=\"\u0130\u00e7indekiler Tablosunu A\u00e7\/Kapat\"><span class=\"ez-toc-js-icon-con\"><span class=\"\"><span class=\"eztoc-hide\" style=\"display:none;\">Toggle<\/span><span class=\"ez-toc-icon-toggle-span\"><svg style=\"fill: #ffffff;color:#ffffff\" xmlns=\"http:\/\/www.w3.org\/2000\/svg\" class=\"list-377408\" width=\"20px\" height=\"20px\" viewBox=\"0 0 24 24\" fill=\"none\"><path d=\"M6 6H4v2h2V6zm14 0H8v2h12V6zM4 11h2v2H4v-2zm16 0H8v2h12v-2zM4 16h2v2H4v-2zm16 0H8v2h12v-2z\" fill=\"currentColor\"><\/path><\/svg><svg style=\"fill: #ffffff;color:#ffffff\" class=\"arrow-unsorted-368013\" xmlns=\"http:\/\/www.w3.org\/2000\/svg\" width=\"10px\" height=\"10px\" viewBox=\"0 0 24 24\" version=\"1.2\" baseProfile=\"tiny\"><path d=\"M18.2 9.3l-6.2-6.3-6.2 6.3c-.2.2-.3.4-.3.7s.1.5.3.7c.2.2.4.3.7.3h11c.3 0 .5-.1.7-.3.2-.2.3-.5.3-.7s-.1-.5-.3-.7zM5.8 14.7l6.2 6.3 6.2-6.3c.2-.2.3-.5.3-.7s-.1-.5-.3-.7c-.2-.2-.4-.3-.7-.3h-11c-.3 0-.5.1-.7.3-.2.2-.3.5-.3.7s.1.5.3.7z\"\/><\/svg><\/span><\/span><\/span><\/a><\/span><\/div>\n<nav><ul class='ez-toc-list ez-toc-list-level-1 eztoc-toggle-hide-by-default' ><li class='ez-toc-page-1 ez-toc-heading-level-2'><a class=\"ez-toc-link ez-toc-heading-1\" href=\"https:\/\/www.turna.com\/blog\/datca-gezilecek-yerler\/#datcada_mutlaka_gormeniz_gereken_yerler\" >Dat\u00e7a&#8217;da Mutlaka G\u00f6rmeniz Gereken Yerler<\/a><ul class='ez-toc-list-level-3' ><li class='ez-toc-heading-level-3'><a class=\"ez-toc-link ez-toc-heading-2\" href=\"https:\/\/www.turna.com\/blog\/datca-gezilecek-yerler\/#kumluk_plaji\" >Kumluk Plaj\u0131<\/a><\/li><li class='ez-toc-page-1 ez-toc-heading-level-3'><a class=\"ez-toc-link ez-toc-heading-3\" href=\"https:\/\/www.turna.com\/blog\/datca-gezilecek-yerler\/#taslik_plaji\" >Ta\u015fl\u0131k Plaj\u0131<\/a><\/li><li class='ez-toc-page-1 ez-toc-heading-level-3'><a class=\"ez-toc-link ez-toc-heading-4\" href=\"https:\/\/www.turna.com\/blog\/datca-gezilecek-yerler\/#kargi_koyu\" >Karg\u0131 Koyu<\/a><\/li><li class='ez-toc-page-1 ez-toc-heading-level-3'><a class=\"ez-toc-link ez-toc-heading-5\" href=\"https:\/\/www.turna.com\/blog\/datca-gezilecek-yerler\/#eski_datca\" >Eski Dat\u00e7a<\/a><\/li><li class='ez-toc-page-1 ez-toc-heading-level-3'><a class=\"ez-toc-link ez-toc-heading-6\" href=\"https:\/\/www.turna.com\/blog\/datca-gezilecek-yerler\/#knidos_antik_kenti\" >Knidos Antik Kenti<\/a><\/li><li class='ez-toc-page-1 ez-toc-heading-level-3'><a class=\"ez-toc-link ez-toc-heading-7\" href=\"https:\/\/www.turna.com\/blog\/datca-gezilecek-yerler\/#deveboynu_feneri\" >Deveboynu Feneri<\/a><\/li><li class='ez-toc-page-1 ez-toc-heading-level-3'><a class=\"ez-toc-link ez-toc-heading-8\" href=\"https:\/\/www.turna.com\/blog\/datca-gezilecek-yerler\/#kizlan_koyu\" >K\u0131zlan K\u00f6y\u00fc<\/a><\/li><li class='ez-toc-page-1 ez-toc-heading-level-3'><a class=\"ez-toc-link ez-toc-heading-9\" href=\"https:\/\/www.turna.com\/blog\/datca-gezilecek-yerler\/#palamutbuku\" >Palamutb\u00fck\u00fc<\/a><\/li><li class='ez-toc-page-1 ez-toc-heading-level-3'><a class=\"ez-toc-link ez-toc-heading-10\" href=\"https:\/\/www.turna.com\/blog\/datca-gezilecek-yerler\/#uluslararasi_knidos_sanat_akademisi_ukksa\" >Uluslararas\u0131 Knidos Sanat Akademisi (UKKSA)<\/a><\/li><li class='ez-toc-page-1 ez-toc-heading-level-3'><a class=\"ez-toc-link ez-toc-heading-11\" href=\"https:\/\/www.turna.com\/blog\/datca-gezilecek-yerler\/#hayitbuku\" >Hay\u0131tb\u00fck\u00fc<\/a><\/li><\/ul><\/li><li class='ez-toc-page-1 ez-toc-heading-level-2'><a class=\"ez-toc-link ez-toc-heading-12\" href=\"https:\/\/www.turna.com\/blog\/datca-gezilecek-yerler\/#ovabuku\" >Ovab\u00fck\u00fc<\/a><\/li><li class='ez-toc-page-1 ez-toc-heading-level-2'><a class=\"ez-toc-link ez-toc-heading-13\" href=\"https:\/\/www.turna.com\/blog\/datca-gezilecek-yerler\/#karaincir_plaji\" >Karaincir Plaj\u0131<\/a><ul class='ez-toc-list-level-3' ><li class='ez-toc-heading-level-3'><a class=\"ez-toc-link ez-toc-heading-14\" href=\"https:\/\/www.turna.com\/blog\/datca-gezilecek-yerler\/#kurubuk\" >Kurub\u00fck<\/a><\/li><\/ul><\/li><\/ul><\/nav><\/div>\n\n<p class=\"has-white-background-color has-background\">Ege&#8217;nin incisi Dat\u00e7a, huzurlu atmosferi ve do\u011fal g\u00fczellikleri ile sizi b\u00fcy\u00fclemeye haz\u0131r! <strong>Dat\u00e7a Gezilecek Yerler listesi<\/strong> ile bu e\u015fsiz yar\u0131madan\u0131n ke\u015ffedilmemi\u015f k\u00f6\u015felerine yolculuk yapmaya ne dersiniz? P\u00fcf\u00fcr p\u00fcf\u00fcr esen tertemiz havas\u0131, cam gibi berrak koylar\u0131 ve do\u011fan\u0131n kucak a\u00e7t\u0131\u011f\u0131 yemye\u015fil manzaralar\u0131yla Dat\u00e7a, tatil rotan\u0131zda olmazsa olmaz bir durak. Her ad\u0131mda ayr\u0131 bir heyecan sunan bu cennette, unutulmaz an\u0131lar biriktirmeye haz\u0131r olun. Hadi, valizlerinizi toplay\u0131n ve Dat\u00e7a\u2019n\u0131n gizemli g\u00fczelliklerini birlikte ke\u015ffedelim!<\/p>\n\n\n\n<h2 class=\"wp-block-heading has-text-align-center has-neeon-button-dark-gray-color has-text-color has-link-color wp-elements-92adc853d69dbb32d5381cf8572e91b6\"><span class=\"ez-toc-section\" id=\"datcada_mutlaka_gormeniz_gereken_yerler\"><\/span><strong>Dat\u00e7a&#8217;da Mutlaka G\u00f6rmeniz Gereken Yerler<\/strong><span class=\"ez-toc-section-end\"><\/span><\/h2>\n\n\n\n<figure class=\"wp-block-image size-large\"><img width=\"800\" height=\"500\" decoding=\"async\" src=\"data:image\/svg+xml;base64,PHN2ZyB4bWxucz0iaHR0cDovL3d3dy53My5vcmcvMjAwMC9zdmciIHdpZHRoPSI4MDAiIGhlaWdodD0iNTAwIj48cmVjdCB3aWR0aD0iMTAwJSIgaGVpZ2h0PSIxMDAlIj48YW5pbWF0ZSBhdHRyaWJ1dGVOYW1lPSJmaWxsIiB2YWx1ZXM9InJnYmEoMTUzLDE1MywxNTMsMC41KTtyZ2JhKDE1MywxNTMsMTUzLDAuMSk7cmdiYSgxNTMsMTUzLDE1MywwLjUpIiBkdXI9IjJzIiByZXBlYXRDb3VudD0iaW5kZWZpbml0ZSIgLz48L3JlY3Q+PC9zdmc+\" alt=\"Dat\u00e7a Gezilecek Yerler\" data-public-id=\"wordpress-contents\/dat\u00e7a_gezilecek_yerler\/dat\u00e7a_gezilecek_yerler.jpg\" class=\"wp-post-17696 wp-image-22731\" data-format=\"jpg\" data-transformations=\"f_auto,q_auto:low\" data-version=\"1719315608\" data-seo=\"1\" data-size=\"800 500\" data-srcset=\"https:\/\/res.cloudinary.com\/turna\/images\/f_auto,q_auto:low\/v1719315608\/wordpress-contents\/dat\u00e7a_gezilecek_yerler\/dat\u00e7a_gezilecek_yerler.jpg?_i=AA 800w, https:\/\/res.cloudinary.com\/turna\/images\/w_300,h_188,c_scale\/f_auto,q_auto:low\/v1719315608\/wordpress-contents\/dat\u00e7a_gezilecek_yerler\/dat\u00e7a_gezilecek_yerler.jpg?_i=AA 300w, https:\/\/res.cloudinary.com\/turna\/images\/w_672,h_420,c_scale\/f_auto,q_auto:low\/v1719315608\/wordpress-contents\/dat\u00e7a_gezilecek_yerler\/dat\u00e7a_gezilecek_yerler.jpg?_i=AA 672w, https:\/\/res.cloudinary.com\/turna\/images\/w_640,h_400,c_scale\/f_auto,q_auto:low\/v1719315608\/wordpress-contents\/dat\u00e7a_gezilecek_yerler\/dat\u00e7a_gezilecek_yerler.jpg?_i=AA 640w, https:\/\/res.cloudinary.com\/turna\/images\/w_681,h_426,c_scale\/f_auto,q_auto:low\/v1719315608\/wordpress-contents\/dat\u00e7a_gezilecek_yerler\/dat\u00e7a_gezilecek_yerler.jpg?_i=AA 681w\" data-sizes=\"(max-width: 800px) 100vw, 800px\" data-delivery=\"upload\" onload=\";window.CLDBind?CLDBind(this):null;\" data-cloudinary=\"lazy\" \/><\/figure>\n\n\n\n<p><strong>Dat\u00e7a<\/strong>, <strong>Mu\u011fla<\/strong>\u2019n\u0131n en \u00fcnl\u00fc turistik il\u00e7elerinden biri. Dat\u00e7a Yar\u0131madas\u0131&#8217;ndaki irili ufakl\u0131 koylardan biri olan belde, masmavi denizi, bozulmam\u0131\u015f do\u011fas\u0131 ve <strong>Knidos Antik Kenti<\/strong> ile tan\u0131n\u0131yor. Ge\u00e7mi\u015fi 4000 y\u0131l \u00f6ncesine kadar uzanan Dat\u00e7a Dor, Pers, Roma, Bizans ve Osmanl\u0131 \u0130mparatorlu\u011fu\u2019ndan izler ta\u015f\u0131yor. Oksijen bak\u0131m\u0131ndan d\u00fcnyan\u0131n ikinci, T\u00fcrkiye&#8217;nin en zengin b\u00f6lgelerinden biri olan belde 235 kilometrelik sahil \u015feridiyle dikkat \u00e7ekiyor.<\/p>\n\n\n\n<p>Y\u0131lda 300 g\u00fcn\u00fcn g\u00fcne\u015fli ge\u00e7ti\u011fi Dat\u00e7a\u2019da birbirinden g\u00fczel 52 koy ve \u00e7ok say\u0131da mavi bayrakl\u0131 plaj bulunuyor. Bu koylar ve plajlar mavi yolculuk teknelerinin s\u0131kl\u0131kla u\u011frad\u0131\u011f\u0131 noktalar yer al\u0131yor. E\u015fsiz bir do\u011faya ve muhte\u015fem koylara sahip olan belde kalabal\u0131ktan, g\u00fcr\u00fclt\u00fcden ka\u00e7\u0131p do\u011fayla ba\u015f ba\u015fa bir tatil yapmak isteyenler i\u00e7in olduk\u00e7a g\u00fczel bir alternatif.<\/p>\n\n\n\n<p>\u2714\ufe0f Masmavi denizi ve enfes koylar\u0131 ke\u015ffetmek i\u00e7in <a href=\"https:\/\/www.turna.com\/otobus-bileti\/datca\"><strong>Dat\u00e7a otob\u00fcs bileti<\/strong><\/a> sayfas\u0131n\u0131 ziyaret edin.<\/p>\n\n\n\n<h3 class=\"wp-block-heading has-text-align-center has-neeon-button-dark-gray-color has-text-color has-link-color wp-elements-43cdcd57969159e083ee11f80f089b3c\"><span class=\"ez-toc-section\" id=\"kumluk_plaji\"><\/span>Kumluk Plaj\u0131<span class=\"ez-toc-section-end\"><\/span><\/h3>\n\n\n\n<figure class=\"wp-block-image size-large\"><img decoding=\"async\" src=\"https:\/\/res.cloudinary.com\/turna\/image\/upload\/v1719315609\/wordpress-contents\/kumluk_plaj%C4%B1.jpg\" alt=\"Dat\u00e7a Gezilecek Yerler Kumluk\"\/><\/figure>\n\n\n\n<p>Dat\u00e7a Gezilecek Yerler aras\u0131nda ilk s\u0131ralarda yer alan Kumluk Plaj\u0131, Dat\u00e7a\u2019n\u0131n merkezi konumunda bulunuyor. G\u00fcn boyu berrak denizinde serinledikten sonra, ak\u015famlar\u0131 sahili \u0131\u015f\u0131l \u0131\u015f\u0131l ayd\u0131nlatan restoranlarda taze deniz \u00fcr\u00fcnlerinin tad\u0131n\u0131 \u00e7\u0131karabilirsiniz. Kumluk Plaj\u0131&#8217;n\u0131n atmosferi, gece pazar\u0131 ile daha da renkleniyor; buradan sevdiklerinize hediyelik e\u015fyalar alabilir ve keyifli bir al\u0131\u015fveri\u015f deneyimi ya\u015fayabilirsiniz. Ayr\u0131ca, sahil boyunca y\u00fcr\u00fcy\u00fc\u015f yaparken dondurma yemeyi de unutmay\u0131n.<\/p>\n\n\n\n<p>Konum <strong><a href=\"https:\/\/maps.app.goo.gl\/tMHPyfxo5XucWy4a6\" target=\"_blank\" rel=\"noreferrer noopener\">burada.<\/a><\/strong><\/p>\n\n\n\n<h3 class=\"wp-block-heading has-text-align-center has-neeon-button-dark-gray-color has-text-color has-link-color wp-elements-6e4f13cd6833242643a2d7d4d8d99e6c\"><span class=\"ez-toc-section\" id=\"taslik_plaji\"><\/span><strong>Ta\u015fl\u0131k Plaj\u0131<\/strong><span class=\"ez-toc-section-end\"><\/span><\/h3>\n\n\n\n<figure class=\"wp-block-image size-large\"><img decoding=\"async\" src=\"https:\/\/res.cloudinary.com\/turna\/image\/upload\/v1719315608\/wordpress-contents\/dat%C3%A7a_ta%C5%9Fl%C4%B1k_plaj%C4%B1.jpg\" alt=\"Dat\u00e7a Gezilecek Yerler Ta\u015fl\u0131k\"\/><\/figure>\n\n\n\n<p>Ta\u015fl\u0131k Plaj\u0131, Dat\u00e7a\u2019n\u0131n en ikonik sahillerinden biri olarak dikkat \u00e7ekiyor. \u015eehir merkezine yak\u0131n konumu ve huzur dolu atmosferi ile hem yerli hem de yabanc\u0131 turistlerin g\u00f6zdesi olan bu plaj, berrak denizi ve muhte\u015fem manzaras\u0131 ile b\u00fcy\u00fcl\u00fcyor. Plaja inen yoku\u015fta, harika foto\u011fraflar \u00e7ekmeyi unutmay\u0131n; bu an\u0131lar, tatilinizin en g\u00fczel kareleri olacak.<\/p>\n\n\n\n<p>Konum <strong><a href=\"https:\/\/maps.app.goo.gl\/cuz5Ro5u2DS54hqVA\" target=\"_blank\" rel=\"noreferrer noopener\">burada.<\/a><\/strong><\/p>\n\n\n\n<h3 class=\"wp-block-heading has-text-align-center has-neeon-button-dark-gray-color has-text-color has-link-color wp-elements-fa7f5975198f5738d4996efbcaaf554c\"><span class=\"ez-toc-section\" id=\"kargi_koyu\"><\/span><strong>Karg\u0131 Koyu<\/strong><span class=\"ez-toc-section-end\"><\/span><\/h3>\n\n\n\n<figure class=\"wp-block-image size-large\"><img decoding=\"async\" src=\"https:\/\/res.cloudinary.com\/turna\/image\/upload\/v1719315608\/wordpress-contents\/karg%C4%B1_koyu.jpg\" alt=\"Dat\u00e7a Gezilecek Yerler Karg\u0131\"\/><\/figure>\n\n\n\n<p>Buz gibi suyu ile \u00fcnl\u00fc olan Karg\u0131 Koyu, s\u0131cak yaz g\u00fcnlerinde ferahlamak i\u00e7in m\u00fckemmel bir ka\u00e7\u0131\u015f noktas\u0131. Turkuaz rengi denizi ve \u00e7evresindeki yemye\u015fil do\u011fa, buraya ad\u0131m att\u0131\u011f\u0131n\u0131z anda sizi b\u00fcy\u00fcleyecek. Karg\u0131 Koyu&#8217;na ula\u015ft\u0131\u011f\u0131n\u0131zda, suyun serinletici etkisini hissederken do\u011fan\u0131n sundu\u011fu huzuru da ya\u015fayacaks\u0131n\u0131z. S\u0131cak havadan bunald\u0131\u011f\u0131n\u0131zda kendinizi Karg\u0131 Koyu\u2019nun serin sular\u0131na b\u0131rak\u0131n ve bu do\u011fal g\u00fczelli\u011fin tad\u0131n\u0131 \u00e7\u0131kar\u0131n.<\/p>\n\n\n\n<p>Konum <strong><a href=\"https:\/\/maps.app.goo.gl\/czDxnEGNfAq8tuRs7\" target=\"_blank\" rel=\"noreferrer noopener\">burada.<\/a><\/strong><\/p>\n\n\n\n<h3 class=\"wp-block-heading has-text-align-center has-neeon-button-dark-gray-color has-text-color has-link-color wp-elements-ee03c8d0622fa394d8d50c7e262846ca\"><span class=\"ez-toc-section\" id=\"eski_datca\"><\/span>Eski Dat\u00e7a<span class=\"ez-toc-section-end\"><\/span><\/h3>\n\n\n\n<figure class=\"wp-block-image size-large\"><img decoding=\"async\" src=\"https:\/\/res.cloudinary.com\/turna\/image\/upload\/v1719315608\/wordpress-contents\/eski_dat%C3%A7a.jpg\" alt=\"Eski Dat\u00e7a\"\/><\/figure>\n\n\n\n<p><strong>Eski Dat\u00e7a<\/strong>, Dat\u00e7a iline ba\u011fl\u0131 bir mahalle. 583 ki\u015filik bir n\u00fcfusa sahip olan mahalle Dat\u00e7a Yar\u0131madas\u0131nda Antik \u00c7a\u011flar\u2019dan g\u00fcn\u00fcm\u00fcze kadar gelebilmi\u015f tek yerle\u015fim olma \u00f6zelli\u011fine sahip. Tarihi M\u00d6 11.y\u00fczy\u0131la uzanan mahallede farkl\u0131 medeniyetlere ait izler bulunuyor. Ta\u015f evler, arnavut kald\u0131r\u0131ml\u0131 ve begonvillerle s\u00fcsl\u00fc sokaklara sahip olan Eski Dat\u00e7a, il\u00e7enin en g\u00f6r\u00fclesi yerlerinden biri. Begonvillerle kapl\u0131 sokaklar\u0131, Can Y\u00fccel evi, \u015firin kafeleri ile buray\u0131 \u00e7ok sevece\u011finize eminim. Dat\u00e7a gezilecek yerler listenize mutlaka ekleyin.<\/p>\n\n\n\n<p>Konum <strong><a href=\"https:\/\/maps.app.goo.gl\/PHBNcgkwbkHUBxXC9\" target=\"_blank\" rel=\"noreferrer noopener\">burada.<\/a><\/strong><\/p>\n\n\n\n<h3 class=\"wp-block-heading has-text-align-center has-neeon-button-dark-gray-color has-text-color has-link-color wp-elements-474ef98caba69d3313d1e8588c0d86f6\"><span class=\"ez-toc-section\" id=\"knidos_antik_kenti\"><\/span>Knidos Antik Kenti<span class=\"ez-toc-section-end\"><\/span><\/h3>\n\n\n\n<figure class=\"wp-block-image size-large\"><img decoding=\"async\" src=\"https:\/\/res.cloudinary.com\/turna\/image\/upload\/v1719315609\/wordpress-contents\/knidos_antik_kenti.jpg\" alt=\"Knidos Antik Kenti\"\/><\/figure>\n\n\n\n<p>Dat\u00e7a\u2019n\u0131n en etkileyici yerlerinden biri olan<strong> Knidos Antik Kenti<\/strong>, Dat\u00e7a il\u00e7e merkezinin Dalacak Burnu \u00fczerinde bulunuyor. M\u00d6 1000 y\u0131llar\u0131nda Trakya \u00fczerinden b\u00f6lgeye gelen Dorlar taraf\u0131ndan kurulan kent tarih sayfalar\u0131nda bilim, mimarl\u0131k ve sanatta geli\u015fmi\u015fli\u011fiyle tan\u0131n\u0131yor. B\u00fcy\u00fck astronomi ve matematik bilimcisi&nbsp;Eudoksus, doktor&nbsp;Euryphon, \u00fcnl\u00fc ressam&nbsp;Polygnotos&nbsp;ve d\u00fcnyan\u0131n yedi harikas\u0131ndan biri say\u0131lan&nbsp;\u0130skenderiye Feneri\u2019nin mimar\u0131&nbsp;Sostratos gibi \u00fcnl\u00fc isimleri yeti\u015ftiren kentin \u00e7evresi 4&nbsp;km\u2019yi bulan surlarla \u00e7evrili.<\/p>\n\n\n\n<p>Afrodit Tap\u0131na\u011f\u0131, Apollon Tap\u0131na\u011f\u0131 ve Korint Tap\u0131na\u011f\u0131\u2019na sahip olan Knidos Antik Kenti i\u00e7 ve d\u0131\u015f limandan&nbsp;ve 20.000 ile 5.000 kapasiteye sahip 2 tiyatrodan olu\u015fuyor. \u0130lk kaz\u0131 \u00e7al\u0131\u015fmalar\u0131n\u0131n&nbsp;\u0130ngiliz Charles Newton taraf\u0131ndan 1856-1858 y\u0131llar\u0131 aras\u0131nda yap\u0131ld\u0131\u011f\u0131 antik kentte bug\u00fcn hala kaz\u0131 \u00e7al\u0131\u015fmalar\u0131na devam ediliyor. Kaz\u0131lardan \u00e7\u0131kar\u0131lan buluntular ise&nbsp;\u00f6ren yerindeki k\u00fc\u00e7\u00fck m\u00fczede sergileniyor.<\/p>\n\n\n\n<p>Konum <strong><a href=\"https:\/\/maps.app.goo.gl\/A7mBNGJEoyJFnGqE8\" target=\"_blank\" rel=\"noreferrer noopener\">burada.<\/a><\/strong><\/p>\n\n\n\n<h3 class=\"wp-block-heading has-text-align-center has-neeon-button-dark-gray-color has-text-color has-link-color wp-elements-cd4e1c8772ebc87daf4f2ae36df5daa6\"><span class=\"ez-toc-section\" id=\"deveboynu_feneri\"><\/span>Deveboynu Feneri<span class=\"ez-toc-section-end\"><\/span><\/h3>\n\n\n\n<figure class=\"wp-block-image size-large\"><img decoding=\"async\" src=\"https:\/\/res.cloudinary.com\/turna\/image\/upload\/v1719315608\/wordpress-contents\/deveboynu_feneri.jpg\" alt=\"Deveboynu Feneri\"\/><\/figure>\n\n\n\n<p>Benzersiz bir deneyim sunan Deveboynu Feneri, \u00f6zellikle g\u00fcn bat\u0131m\u0131 manzaras\u0131yla \u00fcnl\u00fc. Bu muhte\u015fem noktaya ula\u015fmak i\u00e7in Knidos Antik Kenti&#8217;nden patika yoldan yapaca\u011f\u0131n\u0131z yar\u0131m saatlik keyifli bir y\u00fcr\u00fcy\u00fc\u015f sizi bekliyor. Yol boyunca do\u011fan\u0131n sundu\u011fu g\u00fczelliklerin tad\u0131n\u0131 \u00e7\u0131kar\u0131rken, var\u0131\u015f noktas\u0131nda sizi kar\u015f\u0131layacak manzara ise t\u00fcm yorgunlu\u011funuzu unutturacak. G\u00fcn bat\u0131m\u0131nda, denizin ve g\u00f6ky\u00fcz\u00fcn\u00fcn birle\u015fti\u011fi o e\u015fsiz an\u0131 seyretmek i\u00e7in Deveboynu Feneri\u2019ne gitmeyi ihmal etmeyin; bu b\u00fcy\u00fcleyici manzara, haf\u0131zan\u0131zda unutulmaz bir yer edinecek.<\/p>\n\n\n\n<p>Konum <strong><a href=\"https:\/\/maps.app.goo.gl\/CkQrtUN9GJnUj5Va6\" target=\"_blank\" rel=\"noreferrer noopener\">burada.<\/a><\/strong><\/p>\n\n\n\n<h3 class=\"wp-block-heading has-text-align-center has-neeon-button-dark-gray-color has-text-color has-link-color wp-elements-a48ce6615c6dcbadc13a3f3fc5354dff\"><span class=\"ez-toc-section\" id=\"kizlan_koyu\"><\/span>K\u0131zlan K\u00f6y\u00fc<span class=\"ez-toc-section-end\"><\/span><\/h3>\n\n\n\n<figure class=\"wp-block-image size-large\"><img decoding=\"async\" src=\"https:\/\/res.cloudinary.com\/turna\/image\/upload\/v1719315608\/wordpress-contents\/k%C4%B1zlan_dat%C3%A7a.jpg\" alt=\"K\u0131zlan K\u00f6y\u00fc\"\/><\/figure>\n\n\n\n<p>Dat\u00e7a Yar\u0131madas\u0131\u2019n\u0131n en \u00e7ok r\u00fczgar alan yeri olan&nbsp;<strong>K\u0131zlan K\u00f6y\u00fc<\/strong>, Dat\u00e7a\u2019ya 8 km uzakl\u0131kta bulunuyor. \u0130l\u00e7enin en geli\u015fmi\u015f k\u00f6y\u00fc olan K\u0131zlan&#8217;da zeytin ve zeytinya\u011f\u0131 \u00fcr\u00fcnleri ile di\u011fer sebze ve meyveler yeti\u015ftiriliyor. Do\u011fa sporlar\u0131 yapan ki\u015filer taraf\u0131ndan s\u0131kl\u0131kla ge\u00e7i\u015f noktas\u0131 olarak kullan\u0131lan k\u00f6yde yar\u0131madan\u0131n me\u015fhur yel de\u011firmenleri de g\u00f6r\u00fclebiliyor.<\/p>\n\n\n\n<p>Konum <strong><a href=\"https:\/\/maps.app.goo.gl\/1XTmpAYAL8MbLaNT8\" target=\"_blank\" rel=\"noreferrer noopener\">burada.<\/a><\/strong><\/p>\n\n\n\n<h3 class=\"wp-block-heading has-text-align-center has-neeon-button-dark-gray-color has-text-color has-link-color wp-elements-17aeee99aa4c73842c4a88a7202f8126\"><span class=\"ez-toc-section\" id=\"palamutbuku\"><\/span><strong>Palamutb\u00fck\u00fc<\/strong><span class=\"ez-toc-section-end\"><\/span><\/h3>\n\n\n\n<figure class=\"wp-block-image size-large\"><img decoding=\"async\" src=\"https:\/\/res.cloudinary.com\/turna\/image\/upload\/v1719315608\/wordpress-contents\/palamutb%C3%BCk%C3%BC.jpg\" alt=\"Palamutb\u00fck\u00fc\"\/><\/figure>\n\n\n\n<p>Dat\u00e7a merkeze 25 km uzakl\u0131kta bulunan <strong>Palamutb\u00fck\u00fc<\/strong>, mavi yolculuk teknelerinin s\u0131kl\u0131kla u\u011frad\u0131\u011f\u0131 noktalardan biri. A\u011fa\u00e7larla \u00e7evrili upuzun kumsal\u0131yla \u00fcnl\u00fc olan b\u00fck Dat\u00e7a\u2019n\u0131n en g\u00f6zde koylar\u0131 aras\u0131nda. 2 km uzunlu\u011fundaki kum ve \u00e7ak\u0131l kar\u0131\u015f\u0131m\u0131 kumsal\u0131nda denize girebilece\u011finiz Palamutb\u00fck\u00fc k\u00f6y evleri, k\u00fc\u00e7\u00fck pansiyonlar\u0131 ve bal\u0131k\u00e7\u0131 tekneleriyle ziyaret\u00e7ilerine muhte\u015fem manzaralar sunuyor.<\/p>\n\n\n\n<p>Konum <strong><a href=\"https:\/\/maps.app.goo.gl\/BkoAHeFAAdKMZ7mA6\" target=\"_blank\" rel=\"noreferrer noopener\">burada.<\/a><\/strong><\/p>\n\n\n\n<h3 class=\"wp-block-heading has-text-align-center has-neeon-button-dark-gray-color has-text-color has-link-color wp-elements-7bc9688d45a6d6e74ba6303ef8ee2016\"><span class=\"ez-toc-section\" id=\"uluslararasi_knidos_sanat_akademisi_ukksa\"><\/span>Uluslararas\u0131 Knidos Sanat Akademisi (UKKSA)<span class=\"ez-toc-section-end\"><\/span><\/h3>\n\n\n\n<figure class=\"wp-block-image size-large\"><img decoding=\"async\" src=\"https:\/\/res.cloudinary.com\/turna\/image\/upload\/v1719315610\/wordpress-contents\/ukksa.jpg\" alt=\"Uluslararas\u0131 Knidos Sanat Akademisi (UKKSA)\"\/><\/figure>\n\n\n\n<p>Dat\u00e7a Gezilecek Yerler aras\u0131nda k\u00fclt\u00fcrel bir mola vermek isteyenler i\u00e7in Uluslararas\u0131 Knidos Sanat Akademisi (UKKSA) harika bir durak. Sanat\u0131n ve do\u011fan\u0131n i\u00e7 i\u00e7e ge\u00e7ti\u011fi bu e\u015fsiz mekanda, y\u0131l boyunca d\u00fczenlenen sergiler, at\u00f6lye \u00e7al\u0131\u015fmalar\u0131 ve etkinliklerle sanatseverler i\u00e7in ilham verici bir atmosfer sunuluyor. Hem yerli hem de yabanc\u0131 sanat\u00e7\u0131lar\u0131n eserlerini g\u00f6rme f\u0131rsat\u0131 bulabilece\u011finiz UKKSA, Dat\u00e7a\u2019n\u0131n sanatsal ruhunu ke\u015ffetmek i\u00e7in m\u00fckemmel bir yer.<\/p>\n\n\n\n<p>Konum <strong><a href=\"https:\/\/maps.app.goo.gl\/rqX8sNPdvmsbumwY6\" target=\"_blank\" rel=\"noreferrer noopener\">burada.<\/a><\/strong><\/p>\n\n\n\n<h3 class=\"wp-block-heading has-text-align-center has-neeon-button-dark-gray-color has-text-color has-link-color wp-elements-aabcb01d857231c7136bee2f9a2fe239\"><span class=\"ez-toc-section\" id=\"hayitbuku\"><\/span>Hay\u0131tb\u00fck\u00fc<span class=\"ez-toc-section-end\"><\/span><\/h3>\n\n\n\n<figure class=\"wp-block-image size-large\"><img decoding=\"async\" src=\"https:\/\/res.cloudinary.com\/turna\/image\/upload\/v1719315609\/wordpress-contents\/hay%C4%B1tb%C3%BCk%C3%BC.jpg\" alt=\"Hay\u0131tb\u00fck\u00fc\"\/><\/figure>\n\n\n\n<p>Hay\u0131tb\u00fck\u00fc, sakinli\u011fi ve do\u011fal g\u00fczellikleri ile \u00f6ne \u00e7\u0131k\u0131yor. Dat\u00e7a Yar\u0131madas\u0131\u2019n\u0131n en sevilen koylar\u0131ndan biri olan Hay\u0131tb\u00fck\u00fc, berrak denizi ve yumu\u015fac\u0131k kumsal\u0131 ile ziyaret\u00e7ilerine e\u015fsiz bir plaj keyfi sunuyor. K\u00fc\u00e7\u00fck, samimi pansiyonlar ve sahil boyunca s\u0131ralanan restoranlar, hem konaklama hem de lezzetli yemekler i\u00e7in harika se\u00e7enekler sunuyor. G\u00fcn boyu denizin ve g\u00fcne\u015fin tad\u0131n\u0131 \u00e7\u0131kard\u0131ktan sonra, sahilde y\u00fcr\u00fcy\u00fc\u015f yapabilir ve bu huzur dolu atmosferin keyfini s\u00fcrebilirsiniz. Hay\u0131tb\u00fck\u00fc, Dat\u00e7a\u2019da sakin ve do\u011fayla i\u00e7 i\u00e7e bir tatil arayanlar i\u00e7in ideal bir durak.<\/p>\n\n\n\n<p>Konum <strong><a href=\"https:\/\/maps.app.goo.gl\/2BNoXJsbDcEfHC7j6\" target=\"_blank\" rel=\"noreferrer noopener\">burada.<\/a><\/strong><\/p>\n\n\n\n<h2 class=\"wp-block-heading has-text-align-center has-neeon-button-dark-gray-color has-text-color has-link-color wp-elements-9258b7463f369032b9258097a8965872\"><span class=\"ez-toc-section\" id=\"ovabuku\"><\/span>Ovab\u00fck\u00fc<span class=\"ez-toc-section-end\"><\/span><\/h2>\n\n\n\n<figure class=\"wp-block-image size-large\"><img decoding=\"async\" src=\"https:\/\/res.cloudinary.com\/turna\/image\/upload\/v1719315608\/wordpress-contents\/ovab%C3%BCk%C3%BC.jpg\" alt=\"Ovab\u00fck\u00fc\"\/><\/figure>\n\n\n\n<p>Ovab\u00fck\u00fc, sakin ve dingin bir tatil arayanlar i\u00e7in m\u00fckemmel bir destinasyon. Masmavi denizi, geni\u015f ve temiz plaj\u0131 ile g\u00fcne\u015fin ve denizin tad\u0131n\u0131 doyas\u0131ya \u00e7\u0131karabilece\u011finiz bu cennet k\u00f6\u015fede, g\u00fcn boyu huzur dolu anlar ya\u015fayabilirsiniz. Sahil boyunca yer alan sevimli restoranlar, taze deniz \u00fcr\u00fcnleri ve yerel lezzetler sunarak damak zevkinizi \u015fenlendirirken, sahil kenar\u0131ndaki konaklama se\u00e7enekleri de rahat bir tatil ge\u00e7irmenizi sa\u011fl\u0131yor. Dat\u00e7a&#8217;n\u0131n bozulmam\u0131\u015f do\u011fas\u0131nda, huzurlu ve keyifli bir ka\u00e7amak i\u00e7in Ovab\u00fck\u00fc\u2019n\u00fc ziyaret etmeyi unutmay\u0131n.<\/p>\n\n\n\n<p>Konum <strong><a href=\"https:\/\/maps.app.goo.gl\/aeeZgHGGgXSuBCk8A\" target=\"_blank\" rel=\"noreferrer noopener\">burada.<\/a><\/strong><\/p>\n\n\n\n<h2 class=\"wp-block-heading has-text-align-center has-neeon-button-dark-gray-color has-text-color has-link-color wp-elements-641cb49a6324187a11b5d73886a666b9\"><span class=\"ez-toc-section\" id=\"karaincir_plaji\"><\/span>Karaincir Plaj\u0131<span class=\"ez-toc-section-end\"><\/span><\/h2>\n\n\n\n<figure class=\"wp-block-image size-large\"><img decoding=\"async\" src=\"https:\/\/res.cloudinary.com\/turna\/image\/upload\/v1719315608\/wordpress-contents\/karaincir_plaj%C4%B1.jpg\" alt=\"Karaincir Plaj\u0131\"\/><\/figure>\n\n\n\n<p>Karaincir Plaj\u0131, aileler ve sakin bir plaj deneyimi arayanlar i\u00e7in ideal. \u0130ncecik alt\u0131n sar\u0131s\u0131 kumlar\u0131 ve s\u0131\u011f denizi ile \u00f6zellikle \u00e7ocuklu ailelerin favorisi olan bu plaj, Dat\u00e7a\u2019n\u0131n en pop\u00fcler noktalar\u0131ndan biri. G\u00f6lgelik alanlar\u0131 ve \u015fezlonglar\u0131 ile konforlu bir g\u00fcn ge\u00e7irebilece\u011finiz Karaincir Plaj\u0131, huzur dolu atmosferi ve do\u011fal g\u00fczellikleri ile Dat\u00e7a tatilinizin unutulmaz duraklar\u0131ndan biri olacak.<\/p>\n\n\n\n<p>Konum <strong><a href=\"https:\/\/maps.app.goo.gl\/v7cRHAD7UXBYQy2UA\" target=\"_blank\" rel=\"noreferrer noopener\">burada.<\/a><\/strong><\/p>\n\n\n\n<h3 class=\"wp-block-heading has-text-align-center has-neeon-button-dark-gray-color has-text-color has-link-color wp-elements-db96e24e58941805ca4a3e54c35d10eb\"><span class=\"ez-toc-section\" id=\"kurubuk\"><\/span>Kurub\u00fck<span class=\"ez-toc-section-end\"><\/span><\/h3>\n\n\n\n<figure class=\"wp-block-image size-large\"><img decoding=\"async\" src=\"https:\/\/res.cloudinary.com\/turna\/image\/upload\/v1719315609\/wordpress-contents\/kurub%C3%BCk.jpg\" alt=\"Kurub\u00fck\"\/><\/figure>\n\n\n\n<p>Kurub\u00fck, i\u015fletmesiz ve bakir do\u011fas\u0131yla huzur arayanlar\u0131n g\u00f6zdesi. P\u0131r\u0131l p\u0131r\u0131l suyu ile dikkat \u00e7eken bu koyda, do\u011fan\u0131n tad\u0131n\u0131 \u00e7\u0131karabilmek i\u00e7in tedarikli gitmeniz \u00f6nemli. Yan\u0131n\u0131za yeterli miktarda su ve yiyecek almay\u0131 unutmay\u0131n. Deniz ayakkab\u0131s\u0131 ve \u015fnorkel getirerek denizin alt\u0131ndaki g\u00fczellikleri ke\u015ffedebilir, berrak sularda keyifli bir \u015fnorkel deneyimi ya\u015fayabilirsiniz. Ayr\u0131ca, plaj\u0131n sa\u011f taraf\u0131nda bulunan ma\u011faraya y\u00fczmek, macera severler i\u00e7in heyecan verici bir deneyim sunuyor. Do\u011fal g\u00fczellikleri ve sakin atmosferiyle Kurub\u00fck, Dat\u00e7a\u2019da ke\u015ffedilmeyi bekleyen gizli bir cennet.<\/p>\n\n\n\n<p>Konum <strong><a href=\"https:\/\/maps.app.goo.gl\/9H6pYxr5Ta4Up5Vu6\" target=\"_blank\" rel=\"noreferrer noopener\">burada.<\/a><\/strong><\/p>\n\n\n\n<p>Eski ta\u015f evleri, Arnavut kald\u0131r\u0131ml\u0131 sokaklar\u0131, benzersiz koylar\u0131 ile plajlar\u0131 ve di\u011fer do\u011fal g\u00fczellikleriyle Dat\u00e7a do\u011fayla kucakla\u015fmak isteyenler i\u00e7in ke\u015ffedilmeyi bekliyor!<\/p>\n\n    <div class=\"xs_social_share_widget xs_share_url after_content \t\tmain_content  wslu-style-1 wslu-share-box-shaped wslu-fill-colored wslu-none wslu-share-horizontal wslu-theme-font-no wslu-main_content\">\n\n\t\t\n        <ul>\n\t\t\t        <\/ul>\n    <\/div> \n","protected":false},"excerpt":{"rendered":"<p>Ege&#8217;nin incisi Dat\u00e7a, huzurlu atmosferi ve do\u011fal g\u00fczellikleri ile sizi b\u00fcy\u00fclemeye haz\u0131r! Dat\u00e7a Gezilecek Yerler listesi ile bu e\u015fsiz yar\u0131madan\u0131n ke\u015ffedilmemi\u015f k\u00f6\u015felerine yolculuk yapmaya ne dersiniz? P\u00fcf\u00fcr p\u00fcf\u00fcr esen tertemiz havas\u0131, cam gibi berrak koylar\u0131 ve do\u011fan\u0131n kucak a\u00e7t\u0131\u011f\u0131 yemye\u015fil manzaralar\u0131yla Dat\u00e7a, tatil rotan\u0131zda olmazsa olmaz bir durak. Her ad\u0131mda ayr\u0131 bir heyecan sunan bu cennette, unutulmaz an\u0131lar biriktirmeye haz\u0131r olun. Hadi, valizlerinizi toplay\u0131n ve Dat\u00e7a\u2019n\u0131n gizemli g\u00fczelliklerini birlikte ke\u015ffedelim!<\/p>\n","protected":false},"author":34,"featured_media":22731,"comment_status":"open","ping_status":"open","sticky":false,"template":"","format":"standard","meta":{"rop_custom_images_group":[],"rop_custom_messages_group":[],"rop_publish_now":"initial","rop_publish_now_accounts":[],"rop_publish_now_history":[],"rop_publish_now_status":"pending","_cloudinary_featured_overwrite":false,"footnotes":""},"categories":[1852],"tags":[709],"class_list":["post-17696","post","type-post","status-publish","format-standard","has-post-thumbnail","hentry","category-mugla","tag-datca"],"_links":{"self":[{"href":"https:\/\/www.turna.com\/blog\/wp-json\/wp\/v2\/posts\/17696","targetHints":{"allow":["GET"]}}],"collection":[{"href":"https:\/\/www.turna.com\/blog\/wp-json\/wp\/v2\/posts"}],"about":[{"href":"https:\/\/www.turna.com\/blog\/wp-json\/wp\/v2\/types\/post"}],"author":[{"embeddable":true,"href":"https:\/\/www.turna.com\/blog\/wp-json\/wp\/v2\/users\/34"}],"replies":[{"embeddable":true,"href":"https:\/\/www.turna.com\/blog\/wp-json\/wp\/v2\/comments?post=17696"}],"version-history":[{"count":0,"href":"https:\/\/www.turna.com\/blog\/wp-json\/wp\/v2\/posts\/17696\/revisions"}],"wp:featuredmedia":[{"embeddable":true,"href":"https:\/\/www.turna.com\/blog\/wp-json\/wp\/v2\/media\/22731"}],"wp:attachment":[{"href":"https:\/\/www.turna.com\/blog\/wp-json\/wp\/v2\/media?parent=17696"}],"wp:term":[{"taxonomy":"category","embeddable":true,"href":"https:\/\/www.turna.com\/blog\/wp-json\/wp\/v2\/categories?post=17696"},{"taxonomy":"post_tag","embeddable":true,"href":"https:\/\/www.turna.com\/blog\/wp-json\/wp\/v2\/tags?post=17696"}],"curies":[{"name":"wp","href":"https:\/\/api.w.org\/{rel}","templated":true}]}}