{"id":17676,"date":"2020-10-19T07:59:32","date_gmt":"2020-10-19T04:59:32","guid":{"rendered":"https:\/\/www.turna.com\/blog\/?p=17676"},"modified":"2024-09-16T16:35:21","modified_gmt":"2024-09-16T13:35:21","slug":"kusadasi-aydin","status":"publish","type":"post","link":"https:\/\/www.turna.com\/blog\/kusadasi-aydin","title":{"rendered":"Ege&#8217;nin G\u00f6zde Tatil Rotas\u0131: Ku\u015fadas\u0131"},"content":{"rendered":"<div id=\"ez-toc-container\" class=\"ez-toc-v2_0_82_2 counter-hierarchy ez-toc-counter ez-toc-black ez-toc-container-direction\">\n<div class=\"ez-toc-title-container\">\n<p class=\"ez-toc-title\" style=\"cursor:inherit\">\u0130\u00e7indekiler<\/p>\n<span class=\"ez-toc-title-toggle\"><a href=\"#\" class=\"ez-toc-pull-right ez-toc-btn ez-toc-btn-xs ez-toc-btn-default ez-toc-toggle\" aria-label=\"\u0130\u00e7indekiler Tablosunu A\u00e7\/Kapat\"><span class=\"ez-toc-js-icon-con\"><span class=\"\"><span class=\"eztoc-hide\" style=\"display:none;\">Toggle<\/span><span class=\"ez-toc-icon-toggle-span\"><svg style=\"fill: #ffffff;color:#ffffff\" xmlns=\"http:\/\/www.w3.org\/2000\/svg\" class=\"list-377408\" width=\"20px\" height=\"20px\" viewBox=\"0 0 24 24\" fill=\"none\"><path d=\"M6 6H4v2h2V6zm14 0H8v2h12V6zM4 11h2v2H4v-2zm16 0H8v2h12v-2zM4 16h2v2H4v-2zm16 0H8v2h12v-2z\" fill=\"currentColor\"><\/path><\/svg><svg style=\"fill: #ffffff;color:#ffffff\" class=\"arrow-unsorted-368013\" xmlns=\"http:\/\/www.w3.org\/2000\/svg\" width=\"10px\" height=\"10px\" viewBox=\"0 0 24 24\" version=\"1.2\" baseProfile=\"tiny\"><path d=\"M18.2 9.3l-6.2-6.3-6.2 6.3c-.2.2-.3.4-.3.7s.1.5.3.7c.2.2.4.3.7.3h11c.3 0 .5-.1.7-.3.2-.2.3-.5.3-.7s-.1-.5-.3-.7zM5.8 14.7l6.2 6.3 6.2-6.3c.2-.2.3-.5.3-.7s-.1-.5-.3-.7c-.2-.2-.4-.3-.7-.3h-11c-.3 0-.5.1-.7.3-.2.2-.3.5-.3.7s.1.5.3.7z\"\/><\/svg><\/span><\/span><\/span><\/a><\/span><\/div>\n<nav><ul class='ez-toc-list ez-toc-list-level-1 eztoc-toggle-hide-by-default' ><li class='ez-toc-page-1 ez-toc-heading-level-2'><a class=\"ez-toc-link ez-toc-heading-1\" href=\"https:\/\/www.turna.com\/blog\/kusadasi-aydin\/#egenin_gozde_tatil_rotasi_kusadasi\" >Ege&#8217;nin G\u00f6zde Tatil Rotas\u0131: Ku\u015fadas\u0131<\/a><\/li><li class='ez-toc-page-1 ez-toc-heading-level-2'><a class=\"ez-toc-link ez-toc-heading-2\" href=\"https:\/\/www.turna.com\/blog\/kusadasi-aydin\/#kusadasi_gezilecek_yerler\" >Ku\u015fadas\u0131 Gezilecek Yerler<\/a><\/li><li class='ez-toc-page-1 ez-toc-heading-level-2'><a class=\"ez-toc-link ez-toc-heading-3\" href=\"https:\/\/www.turna.com\/blog\/kusadasi-aydin\/#kusadasina_nasil_gidilir\" >Ku\u015fadas\u0131&#8217;na nas\u0131l gidilir<\/a><\/li><\/ul><\/nav><\/div>\n\n<p><strong>Ku\u015fadas\u0131<\/strong>, Efes&#8217;in yan\u0131 ba\u015f\u0131nda yer alan, Ege&#8217;nin en \u00fcnl\u00fc tatil rotalar\u0131ndan birisi. Her binlerce yerli ve yabanc\u0131 turisti a\u011f\u0131rlayan Ku\u015fadas\u0131, tarihi, do\u011fal ve k\u00fclt\u00fcrel zenginlikleri ile farkl\u0131 tatil alternatifleri sunuyor. <\/p>\n\n\n\n<p>Tarih ile do\u011fan\u0131n muhte\u015fem bulu\u015fmas\u0131na ev sahipli\u011fi yapan Ku\u015fadas\u0131, turkuaz rengi denizine, kilometrelerce uzunluktaki plajlar\u0131 ve liman iklimine e\u015flik eden tarihi atmosferi ile unutulmaz bir tatil deneyimi vadediyor.<\/p>\n\n\n\n<figure class=\"wp-block-image size-large\"><img decoding=\"async\" src=\"https:\/\/res.cloudinary.com\/turna\/image\/upload\/v1603083457\/Kusadasi_jnmdsi.jpg\" alt=\"\"\/><\/figure>\n\n\n\n<h2 class=\"wp-block-heading\"><span class=\"ez-toc-section\" id=\"egenin_gozde_tatil_rotasi_kusadasi\"><\/span><strong>Ege&#8217;nin G\u00f6zde Tatil Rotas\u0131: Ku\u015fadas\u0131<\/strong><span class=\"ez-toc-section-end\"><\/span><\/h2>\n\n\n\n<p><strong>Ku\u015fadas\u0131<\/strong>&#8216;n\u0131n merkezi yerel ve otantik her zevke hitap eden e\u011flence mek\u00e2nlar\u0131, birbirinden lezzetli Ege yemeklerini sunan gastronomi duraklar\u0131, tarihi mekanlar, seyir teraslar ve Dilek Yar\u0131madas\u0131 Milli Park\u0131 ile hareketli ve do\u011fayla i\u00e7 i\u00e7e, huzur dolu bir tatil yapma sunuyor. <\/p>\n\n\n\n<p><a href=\"https:\/\/www.turna.com\/blog\/turkiye\/aydin\">Ayd\u0131n<\/a>&#8216;\u0131n Ege Denizi k\u0131y\u0131s\u0131nda yer alan il\u00e7esi Ku\u015fadas\u0131, sahip oldu\u011fu konum ile de Efes, Priene, Didyma, Milet, Meryemana gibi mekanlara g\u00fcn\u00fcbirlik geziler yapabilme \u015fans\u0131 da veriyor.<\/p>\n\n\n\n<p>Ku\u015fadas\u0131, T\u00fcrkiye&#8217;nin en \u00f6nemli turizm merkezlerinden biri. Ayd\u0131n&#8217;a ba\u011fl\u0131 bir il\u00e7e olan Ku\u015fadas\u0131 ismini il\u00e7ede yer alan <strong>G\u00fcvercin Ada<\/strong>&#8216;dan al\u0131yor. Ku\u015fadas\u0131, kuzeyde Sel\u00e7uk, Pamucak; g\u00fcneyde ise Dilek Yar\u0131madas\u0131 Milli Park\u0131 ile \u00e7evrili.<\/p>\n\n\n\n<p>Ku\u015fadas\u0131, Efes, Meryemana, Didim, Milet, Pamukkale, Marmaris, Bodrum gibi pop\u00fcler tatil yerlerine olan yak\u0131n konumuyla tercih ediliyor. Kruvaziyer turizmi denince ilk akla gelen \u00fclkemizdeki en iyi noktalardan birisi.<\/p>\n\n\n\n<p>Yaz d\u00f6neminde n\u00fcfusu 10 kat artan Ku\u015fadas\u0131, \u015f\u0131k mekanlar\u0131n bulundu\u011fu marinas\u0131, birbirinden g\u00fczel plajlar\u0131, be\u015f y\u0131ld\u0131zl\u0131 otel ve tatil k\u00f6yleri, hareketli gece hayat\u0131yla Barlar Soka\u011f\u0131, insan\u0131n i\u00e7ini \u0131s\u0131tan g\u00fcne\u015fi ve s\u0131cakkanl\u0131 insanlar\u0131yla seyahat severlerin ak\u0131n ak\u0131n geldi\u011fi bir merkez.<\/p>\n\n\n\n<figure class=\"wp-block-image size-large\"><img decoding=\"async\" src=\"https:\/\/res.cloudinary.com\/turna\/image\/upload\/v1603083457\/Kusadasi-Bileti_naqipf.jpg\" alt=\"\"\/><\/figure>\n\n\n\n<h2 class=\"wp-block-heading\"><span class=\"ez-toc-section\" id=\"kusadasi_gezilecek_yerler\"><\/span><strong>Ku\u015fadas\u0131 Gezilecek Yerler<\/strong><span class=\"ez-toc-section-end\"><\/span><\/h2>\n\n\n\n<p><strong>Ku\u015fadas\u0131<\/strong>, T\u00fcrkiye&#8217;de turizm hareketlili\u011fin ilk ba\u015flad\u0131\u011f\u0131 destinasyonlardan biri. Ege Denizi k\u0131y\u0131s\u0131nda yer alan il\u00e7e sahip oldu\u011fu zengin tarihi ve k\u00f6kl\u00fc k\u00fclt\u00fcrel ge\u00e7mi\u015fin yan\u0131 s\u0131ra do\u011fal g\u00fczellikleri, nitelikli konaklama tesisleri, d\u00fcnya ve yerel lezzetler sunan yeme-i\u00e7me mekanlar\u0131yla \u00f6zellikle yaz d\u00f6neminde ziyaret\u00e7i ak\u0131n\u0131na u\u011frayan bir merkez.<\/p>\n\n\n\n<p>Dilek Yar\u0131madas\u0131 Milli Park\u0131, hemen giri\u015findeki Zeus Ma\u011faras\u0131, G\u00fcvercinada ve kalesi, Ku\u015fadas\u0131&#8217;n\u0131n kuzeyinde yer alan Pygela Antik Kenti, Kad\u0131kalesi, Su Kemeri, Aya Yorgi Manast\u0131r\u0131, Kalei\u00e7i Camii, \u00c7al\u0131ku\u015fu Evi, Ali Alk\u0131\u015f M\u00fcze Evi, \u00d6k\u00fcz Mehmet Pa\u015fa Kervansaray\u0131 Ku\u015fadas\u0131&#8217;nda g\u00f6r\u00fclecek yerler listesinin \u00fcst s\u0131ralar\u0131nda.<\/p>\n\n\n\n<p>Ku\u015fadas\u0131&#8217;ndan Yunanistan&#8217;\u0131n<strong> <\/strong>Sisam Adas\u0131&#8217;na kar\u015f\u0131l\u0131kl\u0131 feribot seferleri mevcut. Efes Antik Kenti, \u015eirince, Meryemana da g\u00f6r\u00fclmesi gereken yerler aras\u0131nda. \u00c7evresinde el de\u011fmemi\u015f bakir do\u011fas\u0131 ile Dilek Yar\u0131madas\u0131, B\u00fcy\u00fck Menderes Deltas\u0131 Milli Park\u0131, G\u00fczel\u00e7aml\u0131, Davutlar gibi sahilleri ve hareketli \u015fehir ya\u015fam\u0131 ile Ku\u015fadas\u0131, g\u00fczel bir tatil i\u00e7in en iyi se\u00e7enekler aras\u0131nda.<\/p>\n\n\n\n<h2 class=\"wp-block-heading\"><span class=\"ez-toc-section\" id=\"kusadasina_nasil_gidilir\"><\/span><strong>Ku\u015fadas\u0131&#8217;na nas\u0131l gidilir<\/strong><span class=\"ez-toc-section-end\"><\/span><\/h2>\n\n\n\n<figure class=\"wp-block-image size-large\"><img decoding=\"async\" src=\"https:\/\/res.cloudinary.com\/turna\/image\/upload\/v1603083457\/Kusadasi-Otobus-Bileti_iakqab.jpg\" alt=\"\"\/><\/figure>\n\n\n\n<p><strong>Ku\u015fadas\u0131&#8217;na otob\u00fcsle nas\u0131l gidilir<\/strong>: Ku\u015fadas\u0131, Ayd\u0131n&#8217;a 71 km, \u0130zmir&#8217;e 101 km, \u0130stanbul\u2019a 570 km ve Ankara\u2019ya ise 647 km uzakl\u0131kta. \u0130l\u00e7eye y\u0131l\u0131n her d\u00f6neminde \u0130stanbul, Ankara, \u0130zmir ve bir\u00e7ok \u015fehir merkezinden \u015fehirleraras\u0131 otob\u00fcs seferi d\u00fczenleniyor. <\/p>\n\n\n\n<p>\u0130zmir Otogardan nerdeyse her yar\u0131m saate bir Ku\u015fadas\u0131&#8217;na otob\u00fcs seferleri yap\u0131l\u0131yor. <strong><a href=\"https:\/\/www.turna.com\/otobus-bileti\/kusadasi\">Ku\u015fadas\u0131 otob\u00fcs bileti<\/a><\/strong> alternatifleri ile turizm cenneti il\u00e7eye olan seyahatinizin ilk ad\u0131m\u0131n\u0131 atabilirsiniz.<\/p>\n\n\n\n<p><strong>Ku\u015fadas\u0131&#8217;na u\u00e7akla nas\u0131l gidilir<\/strong>: Ku\u015fadas\u0131\u2019na en yak\u0131n havaliman\u0131 \u0130zmir Adnan Menderes Havaliman\u0131. Ku\u015fadas\u0131\u2019na 81 km uzakl\u0131ktaki Adnan Menderes Havaliman\u0131\u2019na T\u00fcrkiye ve Avrupa\u2019n\u0131n bir\u00e7ok kentinden direkt u\u00e7u\u015flarla ula\u015fmak m\u00fcmk\u00fcn. <\/p>\n\n\n\n<p>Adnan Menderes Havaliman\u0131ndan Ku\u015fadas\u0131&#8217;na HAVA\u015e servisleri ile ula\u015f\u0131labiliyor. <strong><a href=\"https:\/\/www.turna.com\/ucak-bileti\/izmir\" target=\"_blank\" rel=\"noreferrer noopener\">\u0130zmir u\u00e7ak bileti<\/a><\/strong> se\u00e7eneklerine g\u00f6z atarak Ku\u015fadas\u0131 seyahatini hayata ge\u00e7irebilirsiniz.<\/p>\n\n\n\n<p><strong>Ku\u015fadas\u0131&#8217;na arabayla nas\u0131l gidilir<\/strong>: Ku\u015fadas\u0131&#8217;na \u00f6zel ara\u00e7la gelmek isteyenler \u0130zmir-Ayd\u0131n Otoyolu&#8217;nun Sel\u00e7uk \u00e7\u0131k\u0131\u015f\u0131n\u0131 kullanarak il\u00e7eye ula\u015fabiliyor. Ankara-Ku\u015fadas\u0131 g\u00fczergah\u0131nda U\u015fak, Manisa, \u0130zmir, Sel\u00e7uk rotas\u0131n\u0131 takip etmeniz gerekiyor. <\/p>\n\n\n\n<p>\u0130stanbul&#8217;dan il\u00e7eye geli\u015flerde en kolay se\u00e7enek ge\u00e7en y\u0131l hizmete ba\u015flayan \u0130zmir-\u0130stanbul Otoyolu&#8217;nu kullanmak. \u0130stanbul-Ku\u015fadas\u0131 g\u00fczergah\u0131nda Bursa, Bal\u0131kesir, Manisa, \u0130zmir ve Sel\u00e7uk rotas\u0131n\u0131 takip edin. Sel\u00e7uk il\u00e7e merkezinden Ku\u015fadas\u0131&#8217;na uzanan ve dut a\u011fa\u00e7lar\u0131yla bezeli keyifli g\u00fczergah 18 km uzunlu\u011funda. <\/p>\n\n\n\n<p><strong>Ku\u015fadas\u0131<\/strong>, Ege k\u0131y\u0131lar\u0131n\u0131n en \u00fcnl\u00fc turizm destinasyonlar\u0131ndan biri. Masmavi serin denizi, keyifli tekne turlar\u0131, yemye\u015fil orman dokusu, yaban hayat\u0131 ve zengin floras\u0131yla B\u00fcy\u00fck Menderes Deltas\u0131 ve Dilek Yar\u0131madas\u0131 Milli Park\u0131, renkli gece hayat\u0131 ve g\u00f6z al\u0131c\u0131 kumsallar\u0131yla g\u00f6r\u00fclmeye de\u011fer.<\/p>\n\n    <div class=\"xs_social_share_widget xs_share_url after_content \t\tmain_content  wslu-style-1 wslu-share-box-shaped wslu-fill-colored wslu-none wslu-share-horizontal wslu-theme-font-no wslu-main_content\">\n\n\t\t\n        <ul>\n\t\t\t        <\/ul>\n    <\/div> \n","protected":false},"excerpt":{"rendered":"<p>Ku\u015fadas\u0131, Efes&#8217;in yan\u0131 ba\u015f\u0131nda yer alan, Ege&#8217;nin en \u00fcnl\u00fc tatil rotalar\u0131ndan birisi. Her binlerce yerli ve yabanc\u0131 turisti a\u011f\u0131rlayan Ku\u015fadas\u0131, tarihi, do\u011fal ve k\u00fclt\u00fcrel zenginlikleri ile farkl\u0131 tatil alternatifleri sunuyor. Tarih ile do\u011fan\u0131n muhte\u015fem bulu\u015fmas\u0131na ev sahipli\u011fi yapan Ku\u015fadas\u0131, turkuaz rengi denizine, kilometrelerce uzunluktaki plajlar\u0131 ve liman iklimine e\u015flik eden tarihi atmosferi ile unutulmaz bir [&hellip;]<\/p>\n","protected":false},"author":9,"featured_media":17677,"comment_status":"open","ping_status":"open","sticky":false,"template":"","format":"standard","meta":{"rop_custom_images_group":[],"rop_custom_messages_group":[],"rop_publish_now":"initial","rop_publish_now_accounts":[],"rop_publish_now_history":[],"rop_publish_now_status":"pending","_cloudinary_featured_overwrite":false,"footnotes":""},"categories":[1813],"tags":[635,634],"class_list":["post-17676","post","type-post","status-publish","format-standard","has-post-thumbnail","hentry","category-aydin","tag-aydin","tag-kusadasi"],"_links":{"self":[{"href":"https:\/\/www.turna.com\/blog\/wp-json\/wp\/v2\/posts\/17676","targetHints":{"allow":["GET"]}}],"collection":[{"href":"https:\/\/www.turna.com\/blog\/wp-json\/wp\/v2\/posts"}],"about":[{"href":"https:\/\/www.turna.com\/blog\/wp-json\/wp\/v2\/types\/post"}],"author":[{"embeddable":true,"href":"https:\/\/www.turna.com\/blog\/wp-json\/wp\/v2\/users\/9"}],"replies":[{"embeddable":true,"href":"https:\/\/www.turna.com\/blog\/wp-json\/wp\/v2\/comments?post=17676"}],"version-history":[{"count":0,"href":"https:\/\/www.turna.com\/blog\/wp-json\/wp\/v2\/posts\/17676\/revisions"}],"wp:featuredmedia":[{"embeddable":true,"href":"https:\/\/www.turna.com\/blog\/wp-json\/wp\/v2\/media\/17677"}],"wp:attachment":[{"href":"https:\/\/www.turna.com\/blog\/wp-json\/wp\/v2\/media?parent=17676"}],"wp:term":[{"taxonomy":"category","embeddable":true,"href":"https:\/\/www.turna.com\/blog\/wp-json\/wp\/v2\/categories?post=17676"},{"taxonomy":"post_tag","embeddable":true,"href":"https:\/\/www.turna.com\/blog\/wp-json\/wp\/v2\/tags?post=17676"}],"curies":[{"name":"wp","href":"https:\/\/api.w.org\/{rel}","templated":true}]}}