{"id":17652,"date":"2020-08-04T11:27:22","date_gmt":"2020-08-04T08:27:22","guid":{"rendered":"https:\/\/www.turna.com\/blog\/?p=17652"},"modified":"2020-08-04T11:27:26","modified_gmt":"2020-08-04T08:27:26","slug":"turkiyenin-az-bilinen-essiz-koylari","status":"publish","type":"post","link":"https:\/\/www.turna.com\/blog\/turkiyenin-az-bilinen-essiz-koylari","title":{"rendered":"T\u00fcrkiye&#8217;nin Az Bilinen E\u015fsiz Koylar\u0131"},"content":{"rendered":"<div id=\"ez-toc-container\" class=\"ez-toc-v2_0_82_2 counter-hierarchy ez-toc-counter ez-toc-black ez-toc-container-direction\">\n<div class=\"ez-toc-title-container\">\n<p class=\"ez-toc-title\" style=\"cursor:inherit\">\u0130\u00e7indekiler<\/p>\n<span class=\"ez-toc-title-toggle\"><a href=\"#\" class=\"ez-toc-pull-right ez-toc-btn ez-toc-btn-xs ez-toc-btn-default ez-toc-toggle\" aria-label=\"\u0130\u00e7indekiler Tablosunu A\u00e7\/Kapat\"><span class=\"ez-toc-js-icon-con\"><span class=\"\"><span class=\"eztoc-hide\" style=\"display:none;\">Toggle<\/span><span class=\"ez-toc-icon-toggle-span\"><svg style=\"fill: #ffffff;color:#ffffff\" xmlns=\"http:\/\/www.w3.org\/2000\/svg\" class=\"list-377408\" width=\"20px\" height=\"20px\" viewBox=\"0 0 24 24\" fill=\"none\"><path d=\"M6 6H4v2h2V6zm14 0H8v2h12V6zM4 11h2v2H4v-2zm16 0H8v2h12v-2zM4 16h2v2H4v-2zm16 0H8v2h12v-2z\" fill=\"currentColor\"><\/path><\/svg><svg style=\"fill: #ffffff;color:#ffffff\" class=\"arrow-unsorted-368013\" xmlns=\"http:\/\/www.w3.org\/2000\/svg\" width=\"10px\" height=\"10px\" viewBox=\"0 0 24 24\" version=\"1.2\" baseProfile=\"tiny\"><path d=\"M18.2 9.3l-6.2-6.3-6.2 6.3c-.2.2-.3.4-.3.7s.1.5.3.7c.2.2.4.3.7.3h11c.3 0 .5-.1.7-.3.2-.2.3-.5.3-.7s-.1-.5-.3-.7zM5.8 14.7l6.2 6.3 6.2-6.3c.2-.2.3-.5.3-.7s-.1-.5-.3-.7c-.2-.2-.4-.3-.7-.3h-11c-.3 0-.5.1-.7.3-.2.2-.3.5-.3.7s.1.5.3.7z\"\/><\/svg><\/span><\/span><\/span><\/a><\/span><\/div>\n<nav><ul class='ez-toc-list ez-toc-list-level-1 eztoc-toggle-hide-by-default' ><li class='ez-toc-page-1 ez-toc-heading-level-2'><a class=\"ez-toc-link ez-toc-heading-1\" href=\"https:\/\/www.turna.com\/blog\/turkiyenin-az-bilinen-essiz-koylari\/#kabak_koyu_faralyafethiye\" >Kabak Koyu, Faralya\/Fethiye<\/a><\/li><li class='ez-toc-page-1 ez-toc-heading-level-2'><a class=\"ez-toc-link ez-toc-heading-2\" href=\"https:\/\/www.turna.com\/blog\/turkiyenin-az-bilinen-essiz-koylari\/#delikli_koy_cesme_izmir\" >Delikli Koy, \u00c7e\u015fme \/ \u0130zmir<\/a><\/li><li class='ez-toc-page-1 ez-toc-heading-level-2'><a class=\"ez-toc-link ez-toc-heading-3\" href=\"https:\/\/www.turna.com\/blog\/turkiyenin-az-bilinen-essiz-koylari\/#kargi_koyu_datca_mugla\" >Karg\u0131 Koyu, Dat\u00e7a \/ Mu\u011fla<\/a><\/li><li class='ez-toc-page-1 ez-toc-heading-level-2'><a class=\"ez-toc-link ez-toc-heading-4\" href=\"https:\/\/www.turna.com\/blog\/turkiyenin-az-bilinen-essiz-koylari\/#gerence_akvaryum_koyu_datca_mugla\" >Gerence Akvaryum Koyu, Dat\u00e7a \/ Mu\u011fla<\/a><\/li><li class='ez-toc-page-1 ez-toc-heading-level-2'><a class=\"ez-toc-link ez-toc-heading-5\" href=\"https:\/\/www.turna.com\/blog\/turkiyenin-az-bilinen-essiz-koylari\/#gebekse_koyu_marmaris_mugla\" >Gebekse Koyu, Marmaris \/ Mu\u011fla<\/a><\/li><li class='ez-toc-page-1 ez-toc-heading-level-2'><a class=\"ez-toc-link ez-toc-heading-6\" href=\"https:\/\/www.turna.com\/blog\/turkiyenin-az-bilinen-essiz-koylari\/#dolungaz_koyu_karaburun_izmir\" >Dolungaz Koyu, Karaburun \/ \u0130zmir<\/a><\/li><li class='ez-toc-page-1 ez-toc-heading-level-2'><a class=\"ez-toc-link ez-toc-heading-7\" href=\"https:\/\/www.turna.com\/blog\/turkiyenin-az-bilinen-essiz-koylari\/#sivrice_koyu_asos_canakkale\" >Sivrice Koyu, Asos \/ \u00c7anakkale<\/a><\/li><\/ul><\/nav><\/div>\n\n<p>P\u0131r\u0131l p\u0131r\u0131l denizi, el de\u011fmemi\u015f e\u015fsiz do\u011fas\u0131yla ke\u015ffeden herkesi adeta b\u00fcy\u00fcleyen koylar\u0131n\u0131 sizler i\u00e7in bir araya getirdik. Sosyal mesafeli, sakin ve huzurlu bir tatil ge\u00e7irmek isteyenler planlar\u0131na bu muhte\u015fem koylar\u0131 ziyaret etmeyi eklemeyi unutmas\u0131n. <\/p>\n\n\n\n<h2 class=\"wp-block-heading\"><span class=\"ez-toc-section\" id=\"kabak_koyu_faralyafethiye\"><\/span><strong>Kabak Koyu, Faralya\/Fethiye<\/strong><span class=\"ez-toc-section-end\"><\/span><\/h2>\n\n\n\n<figure class=\"wp-block-image size-large\"><img decoding=\"async\" src=\"https:\/\/res.cloudinary.com\/turna\/image\/upload\/v1526400706\/Kabak-Koyu-Oludeniz-800x500_kmbfwz.jpg\" alt=\"\"\/><\/figure>\n\n\n\n<p>Fethiye&#8217;nin Faralya K\u00f6y\u00fc&#8217;nde bulunan ve Kelebekler Vadisi&#8217;ne yak\u0131n olan Kabak Koyu, do\u011fa ile denizin birle\u015fti\u011fi harika bir noktada. Dik bir patikan\u0131n bitiminde yer alan koya ula\u015f\u0131m yoku\u015f a\u015fa\u011f\u0131, engebeli bir yolda uzun bir y\u00fcr\u00fcy\u00fc\u015fle veya bu yol \u00fczerinde \u00e7al\u0131\u015fan tek ara\u00e7 olan minib\u00fcsle yap\u0131l\u0131yor. Arabayla koya ula\u015f\u0131m m\u00fcmk\u00fcn de\u011fil. Patika boyunca bungalov evler ve \u00e7ad\u0131rlardan olu\u015fan kamp yerleri ve butik oteller bulunuyor. \u00d6zellikle yoga severlerin tatil i\u00e7in tercih etti\u011fi ve yoga kamplar\u0131n\u0131n s\u0131k\u00e7a organize edildi\u011fi Kabak Koyu&#8217;na hayran olmamak elde de\u011fil.<\/p>\n\n\n\n<h2 class=\"wp-block-heading\"><span class=\"ez-toc-section\" id=\"delikli_koy_cesme_izmir\"><\/span><strong>Delikli Koy, \u00c7e\u015fme \/ \u0130zmir<\/strong><span class=\"ez-toc-section-end\"><\/span><\/h2>\n\n\n\n<figure class=\"wp-block-image size-large\"><img decoding=\"async\" src=\"https:\/\/res.cloudinary.com\/turna\/image\/upload\/v1471351421\/Deliklikoy_tjwwos.jpg\" alt=\"\"\/><\/figure>\n\n\n\n<p>Yaz sezonunda \u00c7e\u015fme&#8217;nin kalabal\u0131\u011f\u0131ndan ve y\u00fcksek beach fiyatlar\u0131ndan s\u0131k\u0131lan ve sakin bir ortamda y\u00fczmek isteyenler i\u00e7in e\u015fsiz bir alternatif Delikli Koy. Bulundu\u011fu b\u00f6lgede herhangi bir tesis bulunmad\u0131\u011f\u0131 i\u00e7in olduk\u00e7a bakir. R\u00fczgar\u0131 az, dalgas\u0131 neredeyse hi\u00e7 yok. P\u0131r\u0131l p\u0131r\u0131l, cam gibi bir denizde y\u00fczmek istiyorsan\u0131z Delikli Koy&#8217;a mutlaka u\u011fray\u0131n. <\/p>\n\n\n\n<h2 class=\"wp-block-heading\"><span class=\"ez-toc-section\" id=\"kargi_koyu_datca_mugla\"><\/span><strong>Karg\u0131 Koyu, Dat\u00e7a \/ Mu\u011fla<\/strong><span class=\"ez-toc-section-end\"><\/span><\/h2>\n\n\n\n<figure class=\"wp-block-image size-large\"><img decoding=\"async\" src=\"https:\/\/res.cloudinary.com\/turna\/image\/upload\/v1596528331\/kargi2_1_wgxakt.jpg\" alt=\"\"\/><\/figure>\n\n\n\n<p>Dat\u00e7a&#8217;ya do\u011fru gidenler yol \u00fczerinden bu harika koyu mutlaka g\u00f6rm\u00fc\u015ft\u00fcr. Akvaryum gibi g\u00f6r\u00fcnen deniziyle ve sakin plaj\u0131yla y\u00fczmekten doyas\u0131ya keyif alabilirsiniz. Karg\u0131 Koyu, Mu\u011fla ilinin en g\u00fczel koylar\u0131ndan biri. \u00dcstelik Dat\u00e7a&#8217;ya sadece 3 km mesafede.<\/p>\n\n\n\n<h2 class=\"wp-block-heading\"><span class=\"ez-toc-section\" id=\"gerence_akvaryum_koyu_datca_mugla\"><\/span><strong>Gerence Akvaryum Koyu, Dat\u00e7a \/ Mu\u011fla<\/strong><span class=\"ez-toc-section-end\"><\/span><\/h2>\n\n\n\n<figure class=\"wp-block-image size-large\"><img decoding=\"async\" src=\"https:\/\/res.cloudinary.com\/turna\/image\/upload\/v1596528123\/akvaryum_ckzsky.jpg\" alt=\"\"\/><\/figure>\n\n\n\n<p>Dat\u00e7a Palamutb\u00fck\u00fc&#8217;ne \u00e7ok yak\u0131n olan Gerence Akvaryum Koyu, ad\u0131ndan da anla\u015f\u0131ld\u0131\u011f\u0131 gibi e\u015fsiz bir denize sahip. Denizin dibini ve deniz canl\u0131lar\u0131n\u0131 y\u00fczerken net bir \u015fekilde g\u00f6rebilece\u011finiz, hafif serin suyu ve \u00e7ar\u015faf gibi y\u00fczeyiyle \u00e7ok sevece\u011finiz bu koyda halk plaj\u0131 bulunuyor. <\/p>\n\n\n\n<h2 class=\"wp-block-heading\"><span class=\"ez-toc-section\" id=\"gebekse_koyu_marmaris_mugla\"><\/span><strong>Gebekse Koyu, Marmaris \/ Mu\u011fla<\/strong><span class=\"ez-toc-section-end\"><\/span><\/h2>\n\n\n\n<p>Marmaris&#8217;in sakl\u0131 koylar\u0131ndan biri olan Gebekse Koyu, k\u00fc\u00e7\u00fck bir tekneyle ula\u015fabilece\u011finiz bir cennet adeta. Marmaris Merkeze 35 km olan ve \u00c7iftlik Koyu&#8217;na \u00e7ok yak\u0131n bir mesafede bulunan Gebekse Koyu, \u00fczerinde tarihi bir kiliseye de ev sahipli\u011fi yap\u0131yor. Taihin, turkuaz\u0131n ve ye\u015filin tonlar\u0131nda b\u00fcy\u00fclenece\u011finiz bu koyda y\u00fczmek paha bi\u00e7ilemez. <\/p>\n\n\n\n<h2 class=\"wp-block-heading\"><span class=\"ez-toc-section\" id=\"dolungaz_koyu_karaburun_izmir\"><\/span><strong>Dolungaz Koyu, Karaburun \/ \u0130zmir<\/strong><span class=\"ez-toc-section-end\"><\/span><\/h2>\n\n\n\n<p>Ula\u015f\u0131m\u0131 biraz zor olan; ama p\u0131r\u0131l p\u0131r\u0131l ve tertemiz deniziyle ve sakin ortam\u0131yla tercih edilebilecek e\u015fsiz bir koy Dolungaz. \u00c7evresinde camping alanlar\u0131 bulunan koya hafta i\u00e7i giderseniz huzurlu ve sosyal mesafeli bir \u015fekilde y\u00fczebilirsiniz. <\/p>\n\n\n\n<h2 class=\"wp-block-heading\"><span class=\"ez-toc-section\" id=\"sivrice_koyu_asos_canakkale\"><\/span><strong>Sivrice Koyu, Asos \/ \u00c7anakkale <\/strong><span class=\"ez-toc-section-end\"><\/span><\/h2>\n\n\n\n<p>Civardaki en sakin ve g\u00fczel bir denize sahip olan Sivrice Koyu, turistik olmad\u0131\u011f\u0131 i\u00e7in ayn\u0131 zamanda sosyal mesafeli tatil yapmaya da \u00e7ok uygun. Midilli Adas\u0131&#8217;na en yak\u0131n noktada olan Sivrice Koyu, adan\u0131n en net g\u00f6r\u00fcld\u00fc\u011f\u00fc yer. Ta\u015fl\u0131k plaj\u0131nda rahat denize girmek i\u00e7in tahta iskeleler bulunuyor. Sivrice Koyu yak\u0131nlar\u0131nda Bekta\u015f k\u00f6y\u00fc halk\u0131n\u0131n i\u015fletti\u011fi ait pansiyon ve bal\u0131k lokantalar\u0131 bulunuyor.<\/p>\n\n    <div class=\"xs_social_share_widget xs_share_url after_content \t\tmain_content  wslu-style-1 wslu-share-box-shaped wslu-fill-colored wslu-none wslu-share-horizontal wslu-theme-font-no wslu-main_content\">\n\n\t\t\n        <ul>\n\t\t\t        <\/ul>\n    <\/div> \n","protected":false},"excerpt":{"rendered":"<p>P\u0131r\u0131l p\u0131r\u0131l denizi, el de\u011fmemi\u015f e\u015fsiz do\u011fas\u0131yla ke\u015ffeden herkesi adeta b\u00fcy\u00fcleyen koylar\u0131n\u0131 sizler i\u00e7in bir araya getirdik. Sosyal mesafeli, sakin ve huzurlu bir tatil ge\u00e7irmek isteyenler planlar\u0131na bu muhte\u015fem koylar\u0131 ziyaret etmeyi eklemeyi unutmas\u0131n. Kabak Koyu, Faralya\/Fethiye Fethiye&#8217;nin Faralya K\u00f6y\u00fc&#8217;nde bulunan ve Kelebekler Vadisi&#8217;ne yak\u0131n olan Kabak Koyu, do\u011fa ile denizin birle\u015fti\u011fi harika bir noktada. [&hellip;]<\/p>\n","protected":false},"author":32,"featured_media":3966,"comment_status":"open","ping_status":"open","sticky":false,"template":"","format":"standard","meta":{"rop_custom_images_group":[],"rop_custom_messages_group":[],"rop_publish_now":"initial","rop_publish_now_accounts":[],"rop_publish_now_history":[],"rop_publish_now_status":"pending","_cloudinary_featured_overwrite":false,"footnotes":""},"categories":[84,2],"tags":[709,710],"class_list":["post-17652","post","type-post","status-publish","format-standard","has-post-thumbnail","hentry","category-turkiye","category-ulkeler","tag-datca","tag-marmaris"],"_links":{"self":[{"href":"https:\/\/www.turna.com\/blog\/wp-json\/wp\/v2\/posts\/17652","targetHints":{"allow":["GET"]}}],"collection":[{"href":"https:\/\/www.turna.com\/blog\/wp-json\/wp\/v2\/posts"}],"about":[{"href":"https:\/\/www.turna.com\/blog\/wp-json\/wp\/v2\/types\/post"}],"author":[{"embeddable":true,"href":"https:\/\/www.turna.com\/blog\/wp-json\/wp\/v2\/users\/32"}],"replies":[{"embeddable":true,"href":"https:\/\/www.turna.com\/blog\/wp-json\/wp\/v2\/comments?post=17652"}],"version-history":[{"count":0,"href":"https:\/\/www.turna.com\/blog\/wp-json\/wp\/v2\/posts\/17652\/revisions"}],"wp:featuredmedia":[{"embeddable":true,"href":"https:\/\/www.turna.com\/blog\/wp-json\/wp\/v2\/media\/3966"}],"wp:attachment":[{"href":"https:\/\/www.turna.com\/blog\/wp-json\/wp\/v2\/media?parent=17652"}],"wp:term":[{"taxonomy":"category","embeddable":true,"href":"https:\/\/www.turna.com\/blog\/wp-json\/wp\/v2\/categories?post=17652"},{"taxonomy":"post_tag","embeddable":true,"href":"https:\/\/www.turna.com\/blog\/wp-json\/wp\/v2\/tags?post=17652"}],"curies":[{"name":"wp","href":"https:\/\/api.w.org\/{rel}","templated":true}]}}