{"id":1754,"date":"2016-04-06T00:01:01","date_gmt":"2016-04-05T21:01:01","guid":{"rendered":"https:\/\/www.turna.com\/blog\/?p=1754"},"modified":"2019-09-05T15:23:54","modified_gmt":"2019-09-05T12:23:54","slug":"alsancakta-yapilacak-5-sey","status":"publish","type":"post","link":"https:\/\/www.turna.com\/blog\/alsancakta-yapilacak-5-sey","title":{"rendered":"Alsancak\u2019ta Yap\u0131lacak 5 \u015eey"},"content":{"rendered":"<div id=\"ez-toc-container\" class=\"ez-toc-v2_0_82_2 counter-hierarchy ez-toc-counter ez-toc-black ez-toc-container-direction\">\n<div class=\"ez-toc-title-container\">\n<p class=\"ez-toc-title\" style=\"cursor:inherit\">\u0130\u00e7indekiler<\/p>\n<span class=\"ez-toc-title-toggle\"><a href=\"#\" class=\"ez-toc-pull-right ez-toc-btn ez-toc-btn-xs ez-toc-btn-default ez-toc-toggle\" aria-label=\"\u0130\u00e7indekiler Tablosunu A\u00e7\/Kapat\"><span class=\"ez-toc-js-icon-con\"><span class=\"\"><span class=\"eztoc-hide\" style=\"display:none;\">Toggle<\/span><span class=\"ez-toc-icon-toggle-span\"><svg style=\"fill: #ffffff;color:#ffffff\" xmlns=\"http:\/\/www.w3.org\/2000\/svg\" class=\"list-377408\" width=\"20px\" height=\"20px\" viewBox=\"0 0 24 24\" fill=\"none\"><path d=\"M6 6H4v2h2V6zm14 0H8v2h12V6zM4 11h2v2H4v-2zm16 0H8v2h12v-2zM4 16h2v2H4v-2zm16 0H8v2h12v-2z\" fill=\"currentColor\"><\/path><\/svg><svg style=\"fill: #ffffff;color:#ffffff\" class=\"arrow-unsorted-368013\" xmlns=\"http:\/\/www.w3.org\/2000\/svg\" width=\"10px\" height=\"10px\" viewBox=\"0 0 24 24\" version=\"1.2\" baseProfile=\"tiny\"><path d=\"M18.2 9.3l-6.2-6.3-6.2 6.3c-.2.2-.3.4-.3.7s.1.5.3.7c.2.2.4.3.7.3h11c.3 0 .5-.1.7-.3.2-.2.3-.5.3-.7s-.1-.5-.3-.7zM5.8 14.7l6.2 6.3 6.2-6.3c.2-.2.3-.5.3-.7s-.1-.5-.3-.7c-.2-.2-.4-.3-.7-.3h-11c-.3 0-.5.1-.7.3-.2.2-.3.5-.3.7s.1.5.3.7z\"\/><\/svg><\/span><\/span><\/span><\/a><\/span><\/div>\n<nav><ul class='ez-toc-list ez-toc-list-level-1 eztoc-toggle-hide-by-default' ><li class='ez-toc-page-1 ez-toc-heading-level-2'><a class=\"ez-toc-link ez-toc-heading-1\" href=\"https:\/\/www.turna.com\/blog\/alsancakta-yapilacak-5-sey\/#izmir_alsancakta_yapmaniz_gereken_5_sey\" >\u0130zmir Alsancak&#8217;ta Yapman\u0131z Gereken 5 \u015eey<\/a><ul class='ez-toc-list-level-3' ><li class='ez-toc-heading-level-3'><a class=\"ez-toc-link ez-toc-heading-2\" href=\"https:\/\/www.turna.com\/blog\/alsancakta-yapilacak-5-sey\/#1_kibris_sehitleri_caddesinde_yuruyun\" >1. K\u0131br\u0131s \u015eehitleri Caddesinde y\u00fcr\u00fcy\u00fcn<\/a><\/li><li class='ez-toc-page-1 ez-toc-heading-level-3'><a class=\"ez-toc-link ez-toc-heading-3\" href=\"https:\/\/www.turna.com\/blog\/alsancakta-yapilacak-5-sey\/#2_butik_muzeleri_ziyaret_edin\" >2. Butik m\u00fczeleri ziyaret edin<\/a><\/li><li class='ez-toc-page-1 ez-toc-heading-level-3'><a class=\"ez-toc-link ez-toc-heading-4\" href=\"https:\/\/www.turna.com\/blog\/alsancakta-yapilacak-5-sey\/#3_cimlere_uzanin_ve_kordonda_denizi_seyredin\" >3. \u00c7imlere uzan\u0131n ve Kordon\u2019da denizi seyredin<\/a><\/li><li class='ez-toc-page-1 ez-toc-heading-level-3'><a class=\"ez-toc-link ez-toc-heading-5\" href=\"https:\/\/www.turna.com\/blog\/alsancakta-yapilacak-5-sey\/#4_tarihi_evleri_gorun\" >4. Tarihi evleri g\u00f6r\u00fcn<\/a><\/li><li class='ez-toc-page-1 ez-toc-heading-level-3'><a class=\"ez-toc-link ez-toc-heading-6\" href=\"https:\/\/www.turna.com\/blog\/alsancakta-yapilacak-5-sey\/#5_eglenmeyi_unutmayin\" >5. E\u011flenmeyi unutmay\u0131n<\/a><\/li><\/ul><\/li><\/ul><\/nav><\/div>\n<p><strong>\u0130zmir<\/strong>\u2019in en kalabal\u0131k semtlerinden biri olan <strong>Alsancak<\/strong>, tarihi binalar\u0131, butik m\u00fczeleri, deniz manzaras\u0131 ve e\u011flence mek\u00e2nlar\u0131yla g\u00f6renleri b\u00fcy\u00fcs\u00fc alt\u0131na al\u0131yor. Kruvaziyer gemileriyle \u0130zmir Liman\u0131na gelen turistleri kar\u015f\u0131layan falc\u0131 kad\u0131nlar\u0131, \u00e7i\u011fdem (\u0130zmir\u2019de \u00e7ekirde\u011fe \u00e7i\u011fdem deniliyor) satan \u00e7ocuklar\u0131 ve alabildi\u011fine uzanan Kordon boyuyla reng\u00e2renk bir d\u00fcnya buras\u0131.<\/p>\n<p>Eski ad\u0131 Punto olan Alsancak, y\u0131llarca \u0130zmir\u2019in merkezi olarak an\u0131lm\u0131\u015f ve kentin en zenginleri hep bu semt civar\u0131nda ya\u015fam\u0131\u015f. Sabah ak\u015fam ya\u015fam\u0131n hi\u00e7 durmad\u0131\u011f\u0131 Alsancak sokaklar\u0131nda, her saat birilerini g\u00f6rmek m\u00fcmk\u00fcn. \u0130zmir\u2019e gelmi\u015fken Alsancak\u2019a u\u011framadan ge\u00e7mek olmaz diyorsan\u0131z, mutlaka yapman\u0131z gereken baz\u0131 \u015feyler de var.<\/p>\n<p><img fetchpriority=\"high\" decoding=\"async\" class=\"aligncenter\" src=\"http:\/\/res.cloudinary.com\/turna\/image\/upload\/Images\/Blog\/Alsancak-Izmir-Gezi-800x500.jpg\" alt=\"Alsancak-Izmir-Gezi\" width=\"800\" height=\"500\" \/><\/p>\n<h2><span class=\"ez-toc-section\" id=\"izmir_alsancakta_yapmaniz_gereken_5_sey\"><\/span><strong>\u0130zmir Alsancak&#8217;ta Yapman\u0131z Gereken 5 \u015eey<\/strong><span class=\"ez-toc-section-end\"><\/span><\/h2>\n<h3><span class=\"ez-toc-section\" id=\"1_kibris_sehitleri_caddesinde_yuruyun\"><\/span><strong>1. K<\/strong><strong>\u0131br\u0131s \u015eehitleri Caddesinde y\u00fcr\u00fcy\u00fcn<\/strong><span class=\"ez-toc-section-end\"><\/span><\/h3>\n<p>Ak\u015fam saatlerinde cadde \u00fczerinde enstr\u00fcman \u00e7al\u0131p, \u015fark\u0131 s\u00f6yleyen ya da canl\u0131 heykel performans\u0131 sergileyen sokak sanat\u00e7\u0131lar\u0131 ile hayat\u0131n ak\u0131p gitti\u011fi bir nokta olan K\u0131br\u0131s \u015eehitleri Caddesi i\u00e7in \u2018\u0130stanbul\u2019un \u0130stiklal Caddesi\u2019 benzetmesini s\u0131k s\u0131k duyars\u0131n\u0131z. Kentin en kalabal\u0131k caddelerinden biri olan K\u0131br\u0131s \u015eehitleri, sa\u011fl\u0131 sollu uzanan d\u00fckk\u00e2nlar\u0131, her biri farkl\u0131 konsepte sahip restoran ve kafeleri ile \u0130zmirlilerin vazge\u00e7ilmez bulu\u015fma noktalar\u0131ndan.<\/p>\n<h3><span class=\"ez-toc-section\" id=\"2_butik_muzeleri_ziyaret_edin\"><\/span><strong>2. Butik m\u00fczeleri ziyaret edin<\/strong><span class=\"ez-toc-section-end\"><\/span><\/h3>\n<p>\u0130zmir Mask M\u00fczesi ile Karikat\u00fcr M\u00fczesi, K\u0131br\u0131s \u015eehitleri Caddesinin ara sokaklar\u0131nda ziyarete a\u00e7\u0131lan butik m\u00fczeler. \u0130ki katl\u0131 eski evlerin i\u00e7inde faaliyetlerini y\u00fcr\u00fcten bu m\u00fczelerde, d\u00fcnyadaki mask \u00f6rneklerinden \u00e7arp\u0131c\u0131 izler bulabilir ya da karikat\u00fcr \u00e7izimleri kullan\u0131larak yap\u0131lan e\u015fyalar\u0131 ve oyuncaklar\u0131 inceleyerek, e\u011flenceli zaman ge\u00e7irebilirsiniz.<\/p>\n<p><img decoding=\"async\" class=\"aligncenter\" src=\"http:\/\/res.cloudinary.com\/turna\/image\/upload\/Images\/Blog\/Alsancak-Izmir-Ucak-800x500.jpg\" alt=\"Alsancak-Izmir-Ucak\" width=\"800\" height=\"500\" \/><\/p>\n<h3><span class=\"ez-toc-section\" id=\"3_cimlere_uzanin_ve_kordonda_denizi_seyredin\"><\/span><strong>3. \u00c7imlere uzan<\/strong><strong>\u0131n ve Kordon\u2019da denizi seyredin<\/strong><span class=\"ez-toc-section-end\"><\/span><\/h3>\n<p>K\u0131br\u0131s \u015eehitleri Caddesini gezdikten sonra kendinizi esen r\u00fczg\u00e2ra b\u0131rak\u0131n ve me\u015fhur Kordon boyunda, uzunca bir y\u00fcr\u00fcy\u00fc\u015f yap\u0131n. Bahar ve yaz d\u00f6nemlerinde k\u0131p\u0131r k\u0131p\u0131r olan Kordon\u2019da, bir yanda gitar \u00e7al\u0131p e\u011flenen gen\u00e7ler, bir yanda ise \u00e7i\u011fdem yiyen teyzeleri g\u00f6rebilirsiniz. T\u00fcm kenti u\u00e7tan uca g\u00f6rebilece\u011finiz bir k\u00f6rfez manzaras\u0131 e\u015fli\u011finde yapaca\u011f\u0131n\u0131z bu y\u00fcr\u00fcy\u00fc\u015f sonras\u0131nda, siz de herkes gibi \u00e7imlere uzanarak onlar\u0131n aras\u0131na kar\u0131\u015fabilirsiniz.<\/p>\n<h3><span class=\"ez-toc-section\" id=\"4_tarihi_evleri_gorun\"><\/span><strong>4. Tarihi evleri g\u00f6r\u00fcn<\/strong><span class=\"ez-toc-section-end\"><\/span><\/h3>\n<p>Eski kiliseleri ve tarihi evleri ile ge\u00e7mi\u015ften bug\u00fcne ayna tutan Alsancak\u2019ta, yakla\u015f\u0131k 200 tarihi ev bulunuyor. Rum mimarisine g\u00f6re yap\u0131lm\u0131\u015f bu evler, semtin ara sokaklar\u0131n\u0131 s\u00fcsl\u00fcyor. Baz\u0131lar\u0131, i\u015fletmeler taraf\u0131ndan kafe ya da restoran olarak kullan\u0131lsa da, b\u00fcy\u00fck bir \u00e7o\u011funlu\u011fu bak\u0131ms\u0131zl\u0131ktan virane hale gelen evler, her \u015feye ra\u011fmen g\u00f6renlere kentin eski g\u00fcnlerini hat\u0131rlatmaya devam ediyor.<\/p>\n<p><img decoding=\"async\" class=\"aligncenter\" src=\"http:\/\/res.cloudinary.com\/turna\/image\/upload\/Images\/Blog\/Alsancak-Gezilecek-Yerler-800x500.jpg\" alt=\"Alsancak-Gezilecek-Yerler\" width=\"800\" height=\"500\" \/><\/p>\n<h3><span class=\"ez-toc-section\" id=\"5_eglenmeyi_unutmayin\"><\/span><strong>5. E<\/strong><strong>\u011flenmeyi unutmay\u0131n<\/strong><span class=\"ez-toc-section-end\"><\/span><\/h3>\n<p>K\u0131br\u0131s \u015eehitleri Caddesinin ara sokaklar\u0131ndaki mek\u00e2nlarda, her kitleye uygun e\u011flence ve m\u00fczik tarz\u0131n\u0131 bulmak m\u00fcmk\u00fcn. Muzaffer \u0130zg\u00fc, Can Y\u00fccel ve Gazi Kad\u0131nlar Sokaklar\u0131ndaki yerler, bunlar\u0131n en \u00e7ok bilinen ve tercih edilenleri.<\/p>\n<p>Kentin en g\u00fczel manzaralar\u0131ndan birine sahip olan Alsancak\u2019ta, sabah, \u00f6\u011flen, ak\u015fam ve hatta sabaha kar\u015f\u0131 bile yapacak \u00e7ok \u015fey bulabilirsiniz. Canl\u0131l\u0131k ve enerji veren yap\u0131s\u0131yla insanlar\u0131 kendine \u00e7eken Alsancak, sizi de kendisi gibi hayat\u0131n i\u00e7ine katan, ya\u015fayan bir semt. <strong><a href=\"https:\/\/www.turna.com\/ucak-bileti\/izmir\" target=\"_blank\" rel=\"noopener noreferrer\">\u0130zmir u\u00e7ak bileti<\/a><\/strong> se\u00e7eneklerine g\u00f6z at\u0131n, Alsancak plan\u0131n\u0131z\u0131 hayata ge\u00e7irin!<\/p>\n\n    <div class=\"xs_social_share_widget xs_share_url after_content \t\tmain_content  wslu-style-1 wslu-share-box-shaped wslu-fill-colored wslu-none wslu-share-horizontal wslu-theme-font-no wslu-main_content\">\n\n\t\t\n        <ul>\n\t\t\t        <\/ul>\n    <\/div> \n","protected":false},"excerpt":{"rendered":"<p>\u0130zmir\u2019in en kalabal\u0131k semtlerinden biri olan Alsancak, tarihi binalar\u0131, butik m\u00fczeleri, deniz manzaras\u0131 ve e\u011flence mek\u00e2nlar\u0131yla g\u00f6renleri b\u00fcy\u00fcs\u00fc alt\u0131na al\u0131yor. Kruvaziyer gemileriyle \u0130zmir Liman\u0131na gelen turistleri kar\u015f\u0131layan falc\u0131 kad\u0131nlar\u0131, \u00e7i\u011fdem (\u0130zmir\u2019de \u00e7ekirde\u011fe \u00e7i\u011fdem deniliyor) satan \u00e7ocuklar\u0131 ve alabildi\u011fine uzanan Kordon boyuyla reng\u00e2renk bir d\u00fcnya buras\u0131. Eski ad\u0131 Punto olan Alsancak, y\u0131llarca \u0130zmir\u2019in merkezi olarak an\u0131lm\u0131\u015f [&hellip;]<\/p>\n","protected":false},"author":29,"featured_media":1756,"comment_status":"open","ping_status":"open","sticky":false,"template":"","format":"standard","meta":{"rop_custom_images_group":[],"rop_custom_messages_group":[],"rop_publish_now":"initial","rop_publish_now_accounts":[],"rop_publish_now_history":[],"rop_publish_now_status":"pending","_cloudinary_featured_overwrite":false,"footnotes":""},"categories":[84,1839],"tags":[533,224],"class_list":["post-1754","post","type-post","status-publish","format-standard","has-post-thumbnail","hentry","category-turkiye","category-izmir","tag-alsancak","tag-izmir"],"_links":{"self":[{"href":"https:\/\/www.turna.com\/blog\/wp-json\/wp\/v2\/posts\/1754","targetHints":{"allow":["GET"]}}],"collection":[{"href":"https:\/\/www.turna.com\/blog\/wp-json\/wp\/v2\/posts"}],"about":[{"href":"https:\/\/www.turna.com\/blog\/wp-json\/wp\/v2\/types\/post"}],"author":[{"embeddable":true,"href":"https:\/\/www.turna.com\/blog\/wp-json\/wp\/v2\/users\/29"}],"replies":[{"embeddable":true,"href":"https:\/\/www.turna.com\/blog\/wp-json\/wp\/v2\/comments?post=1754"}],"version-history":[{"count":0,"href":"https:\/\/www.turna.com\/blog\/wp-json\/wp\/v2\/posts\/1754\/revisions"}],"wp:featuredmedia":[{"embeddable":true,"href":"https:\/\/www.turna.com\/blog\/wp-json\/wp\/v2\/media\/1756"}],"wp:attachment":[{"href":"https:\/\/www.turna.com\/blog\/wp-json\/wp\/v2\/media?parent=1754"}],"wp:term":[{"taxonomy":"category","embeddable":true,"href":"https:\/\/www.turna.com\/blog\/wp-json\/wp\/v2\/categories?post=1754"},{"taxonomy":"post_tag","embeddable":true,"href":"https:\/\/www.turna.com\/blog\/wp-json\/wp\/v2\/tags?post=1754"}],"curies":[{"name":"wp","href":"https:\/\/api.w.org\/{rel}","templated":true}]}}