{"id":17523,"date":"2020-02-13T08:18:00","date_gmt":"2020-02-13T05:18:00","guid":{"rendered":"https:\/\/www.turna.com\/blog\/?p=17523"},"modified":"2020-11-26T19:41:18","modified_gmt":"2020-11-26T16:41:18","slug":"izlanda-gorulecek-olaganustu-noktalar","status":"publish","type":"post","link":"https:\/\/www.turna.com\/blog\/izlanda-gorulecek-olaganustu-noktalar","title":{"rendered":"\u0130zlanda&#8217;da G\u00f6r\u00fclecek Ola\u011fan\u00fcst\u00fc Noktalar"},"content":{"rendered":"<div id=\"ez-toc-container\" class=\"ez-toc-v2_0_82_2 counter-hierarchy ez-toc-counter ez-toc-black ez-toc-container-direction\">\n<div class=\"ez-toc-title-container\">\n<p class=\"ez-toc-title\" style=\"cursor:inherit\">\u0130\u00e7indekiler<\/p>\n<span class=\"ez-toc-title-toggle\"><a href=\"#\" class=\"ez-toc-pull-right ez-toc-btn ez-toc-btn-xs ez-toc-btn-default ez-toc-toggle\" aria-label=\"\u0130\u00e7indekiler Tablosunu A\u00e7\/Kapat\"><span class=\"ez-toc-js-icon-con\"><span class=\"\"><span class=\"eztoc-hide\" style=\"display:none;\">Toggle<\/span><span class=\"ez-toc-icon-toggle-span\"><svg style=\"fill: #ffffff;color:#ffffff\" xmlns=\"http:\/\/www.w3.org\/2000\/svg\" class=\"list-377408\" width=\"20px\" height=\"20px\" viewBox=\"0 0 24 24\" fill=\"none\"><path d=\"M6 6H4v2h2V6zm14 0H8v2h12V6zM4 11h2v2H4v-2zm16 0H8v2h12v-2zM4 16h2v2H4v-2zm16 0H8v2h12v-2z\" fill=\"currentColor\"><\/path><\/svg><svg style=\"fill: #ffffff;color:#ffffff\" class=\"arrow-unsorted-368013\" xmlns=\"http:\/\/www.w3.org\/2000\/svg\" width=\"10px\" height=\"10px\" viewBox=\"0 0 24 24\" version=\"1.2\" baseProfile=\"tiny\"><path d=\"M18.2 9.3l-6.2-6.3-6.2 6.3c-.2.2-.3.4-.3.7s.1.5.3.7c.2.2.4.3.7.3h11c.3 0 .5-.1.7-.3.2-.2.3-.5.3-.7s-.1-.5-.3-.7zM5.8 14.7l6.2 6.3 6.2-6.3c.2-.2.3-.5.3-.7s-.1-.5-.3-.7c-.2-.2-.4-.3-.7-.3h-11c-.3 0-.5.1-.7.3-.2.2-.3.5-.3.7s.1.5.3.7z\"\/><\/svg><\/span><\/span><\/span><\/a><\/span><\/div>\n<nav><ul class='ez-toc-list ez-toc-list-level-1 eztoc-toggle-hide-by-default' ><li class='ez-toc-page-1 ez-toc-heading-level-2'><a class=\"ez-toc-link ez-toc-heading-1\" href=\"https:\/\/www.turna.com\/blog\/izlanda-gorulecek-olaganustu-noktalar\/#izlandada_gezilecek_en_iyi_10_yer\" >\u0130zlanda\u2019da Gezilecek En \u0130yi 10 Yer<\/a><ul class='ez-toc-list-level-3' ><li class='ez-toc-heading-level-3'><a class=\"ez-toc-link ez-toc-heading-2\" href=\"https:\/\/www.turna.com\/blog\/izlanda-gorulecek-olaganustu-noktalar\/#1_mavi_lagun\" >1. Mavi Lag\u00fcn<\/a><\/li><li class='ez-toc-page-1 ez-toc-heading-level-3'><a class=\"ez-toc-link ez-toc-heading-3\" href=\"https:\/\/www.turna.com\/blog\/izlanda-gorulecek-olaganustu-noktalar\/#2_altin_cember_rotasi\" >2. Alt\u0131n \u00c7ember Rotas\u0131<\/a><\/li><li class='ez-toc-page-1 ez-toc-heading-level-3'><a class=\"ez-toc-link ez-toc-heading-4\" href=\"https:\/\/www.turna.com\/blog\/izlanda-gorulecek-olaganustu-noktalar\/#3_vatnajokull_dogal_parki\" >3. Vatnajokull Do\u011fal Park\u0131<\/a><\/li><li class='ez-toc-page-1 ez-toc-heading-level-3'><a class=\"ez-toc-link ez-toc-heading-5\" href=\"https:\/\/www.turna.com\/blog\/izlanda-gorulecek-olaganustu-noktalar\/#4_jokulsarlon_buzul_lagunu\" >4. Jokulsarlon Buzul Lag\u00fcn\u00fc<\/a><\/li><li class='ez-toc-page-1 ez-toc-heading-level-3'><a class=\"ez-toc-link ez-toc-heading-6\" href=\"https:\/\/www.turna.com\/blog\/izlanda-gorulecek-olaganustu-noktalar\/#5_reykjavik\" >5. Reykjavik<\/a><\/li><li class='ez-toc-page-1 ez-toc-heading-level-3'><a class=\"ez-toc-link ez-toc-heading-7\" href=\"https:\/\/www.turna.com\/blog\/izlanda-gorulecek-olaganustu-noktalar\/#6_myvatn\" >6. Myvatn<\/a><\/li><li class='ez-toc-page-1 ez-toc-heading-level-3'><a class=\"ez-toc-link ez-toc-heading-8\" href=\"https:\/\/www.turna.com\/blog\/izlanda-gorulecek-olaganustu-noktalar\/#7_thingvellir_ulusal_parki\" >7. Thingvellir Ulusal Park\u0131<\/a><\/li><li class='ez-toc-page-1 ez-toc-heading-level-3'><a class=\"ez-toc-link ez-toc-heading-9\" href=\"https:\/\/www.turna.com\/blog\/izlanda-gorulecek-olaganustu-noktalar\/#8_landmannalaugar\" >8. Landmannalaugar<\/a><\/li><li class='ez-toc-page-1 ez-toc-heading-level-3'><a class=\"ez-toc-link ez-toc-heading-10\" href=\"https:\/\/www.turna.com\/blog\/izlanda-gorulecek-olaganustu-noktalar\/#9_husavik\" >9. Husavik<\/a><\/li><li class='ez-toc-page-1 ez-toc-heading-level-3'><a class=\"ez-toc-link ez-toc-heading-11\" href=\"https:\/\/www.turna.com\/blog\/izlanda-gorulecek-olaganustu-noktalar\/#10_hornstrandir_dogal_rezervi\" >10. Hornstrandir Do\u011fal Rezervi<\/a><\/li><\/ul><\/li><\/ul><\/nav><\/div>\n\n<p><strong><a href=\"https:\/\/www.turna.com\/blog\/ulkeler\/avrupa\" target=\"_blank\" rel=\"noreferrer noopener\" aria-label=\"Avrupa (yeni sekmede a\u00e7\u0131l\u0131r)\">Avrupa<\/a><\/strong>&#8216;da k\u0131\u015f\u0131n kuzey \u0131\u015f\u0131klar\u0131n\u0131n b\u00fcy\u00fcleyici g\u00f6r\u00fcnt\u00fcs\u00fc alt\u0131nda parlayan <strong><a href=\"https:\/\/www.turna.com\/blog\/ulkeler\/avrupa\/izlanda\" target=\"_blank\" rel=\"noreferrer noopener\" aria-label=\" (yeni sekmede a\u00e7\u0131l\u0131r)\">\u0130zlanda<\/a><\/strong>, farkl\u0131 bir seyahat deneyimi ya\u015famak isteyenlerin g\u00f6zde rotalar\u0131ndan biri. Her daim patlamaya haz\u0131r aktif yanarda\u011flar\u0131, Nefes kesen g\u00fczellikteki buzullar\u0131, k\u0131\u015f aylar\u0131n\u0131n so\u011fuk havas\u0131n\u0131 unutturan jeotermal havuzlar\u0131 ve etkileyici do\u011fas\u0131yla ate\u015f ve buzlar \u00fclkesi olarak an\u0131lan \u0130zlanda, zengin k\u00fclt\u00fcrel dokusu ve modern \u015fehirleriyle de g\u00f6z kama\u015ft\u0131ran bir d\u00fcnya sakl\u0131yor.<\/p>\n\n\n\n<h2 class=\"wp-block-heading\"><span class=\"ez-toc-section\" id=\"izlandada_gezilecek_en_iyi_10_yer\"><\/span><strong>\u0130zlanda\u2019da Gezilecek En \u0130yi 10 Yer<\/strong><span class=\"ez-toc-section-end\"><\/span><\/h2>\n\n\n\n<h3 class=\"wp-block-heading\"><span class=\"ez-toc-section\" id=\"1_mavi_lagun\"><\/span><strong>1. Mavi Lag\u00fcn<\/strong><span class=\"ez-toc-section-end\"><\/span><\/h3>\n\n\n\n<figure class=\"wp-block-image size-large\"><img decoding=\"async\" src=\"https:\/\/res.cloudinary.com\/turna\/image\/upload\/v1581461462\/Blue-Lagoon_e1qqpf.jpg\" alt=\"\"\/><\/figure>\n\n\n\n<p>\u0130zlanda\u2019da hemen hemen her yerde bir kapl\u0131cayla kar\u015f\u0131la\u015fman\u0131z m\u00fcmk\u00fcn ama ba\u015fkente yakla\u015f\u0131k 40-50 kilometre uzakl\u0131ktaki <strong>Mavi Lag\u00fcn (Blue Lagoon)<\/strong>, bunlar aras\u0131nda en pop\u00fcleri. Deniz suyundan beslenen jeotermal kayna\u011f\u0131n\u0131n, sedef hastal\u0131\u011f\u0131 gibi cilt rahats\u0131zl\u0131klar\u0131na iyi geldi\u011fi s\u00f6ylenen bu yapay havuza gitti\u011finizde konaklama, SPA ve sauna gibi hizmetler de alabilirsiniz.<\/p>\n\n\n\n<h3 class=\"wp-block-heading\"><span class=\"ez-toc-section\" id=\"2_altin_cember_rotasi\"><\/span><strong>2. Alt\u0131n \u00c7ember Rotas\u0131<\/strong><span class=\"ez-toc-section-end\"><\/span><\/h3>\n\n\n\n<p><strong>Alt\u0131n \u00c7ember Rotas\u0131 (The Golden Circle)<\/strong>, \u0130zlanda\u2019da do\u011fa odakl\u0131 bir tur hayal edenlerin t\u00fcm beklentilerini kar\u015f\u0131layan unutulmaz bir b\u00f6lge. Rehber e\u015fli\u011finde d\u00fczenlenen turlarla ya da bireysel olarak da gezebilece\u011finiz bu rotada, yery\u00fcz\u00fcn\u00fc s\u0131cak su ya da buhar f\u0131\u015fk\u0131rtan yeralt\u0131 sukaynaklar\u0131n\u0131 (gayzerler), g\u00f6rkemli \u015felaleleri, kapl\u0131calar\u0131, tarihi yerleri ve \u00e7evredeki k\u00f6yleri g\u00f6rebilirsiniz.<\/p>\n\n\n\n<h3 class=\"wp-block-heading\"><span class=\"ez-toc-section\" id=\"3_vatnajokull_dogal_parki\"><\/span><strong>3. Vatnajokull Do\u011fal Park\u0131<\/strong><span class=\"ez-toc-section-end\"><\/span><\/h3>\n\n\n\n<p>G\u00f6rkemli g\u00f6r\u00fcnt\u00fcs\u00fcyle nefes kesen Dettifoss \u015eelalesi ve Avrupa\u2019n\u0131n en b\u00fcy\u00fck buzulu olan Vatnajokull\u2019un yan\u0131 s\u0131ra e\u015fsiz g\u00f6r\u00fcn\u00fcm\u00fcyle \u00fcnl\u00fc buz ma\u011faralar\u0131na da ev sahipli\u011fi yapan <strong>Vatnajokull Ulusal Park\u0131<\/strong>, \u00fclkenin en pop\u00fcler turistik noktalar\u0131ndan biri. Park, 2018 y\u0131l\u0131n\u0131n ba\u015f\u0131nda UNESCO D\u00fcnya Miras\u0131 Listesine de aday g\u00f6sterildi.<\/p>\n\n\n\n<h3 class=\"wp-block-heading\"><span class=\"ez-toc-section\" id=\"4_jokulsarlon_buzul_lagunu\"><\/span><strong>4. Jokulsarlon Buzul Lag\u00fcn\u00fc<\/strong><span class=\"ez-toc-section-end\"><\/span><\/h3>\n\n\n\n<p>\u0130zlanda&#8217;daki en pop\u00fcler turist aktivitelerinden biri de k\u0131r\u0131lan buzullar\u0131 izleyebilece\u011finiz tekne turlar\u0131. <strong>Jokulsarlon Buzul Lag\u00fcn\u00fc<\/strong> de bu deneyimi ya\u015famak i\u00e7in gidebilece\u011finiz yerler aras\u0131nda olduk\u00e7a pop\u00fcler. Breidamerkurjokull buzulunun erimesiyle meydana gelen bu lag\u00fcnde, eriyen buzullar\u0131n k\u0131r\u0131lma sesleri ve su \u00fczerindeki buzul par\u00e7alar\u0131, size bilimkurgu filmlerindeki sahneleri hat\u0131rlatabilir.<\/p>\n\n\n\n<h3 class=\"wp-block-heading\"><span class=\"ez-toc-section\" id=\"5_reykjavik\"><\/span><strong>5. Reykjavik<\/strong><span class=\"ez-toc-section-end\"><\/span><\/h3>\n\n\n\n<figure class=\"wp-block-image size-large\"><img decoding=\"async\" src=\"https:\/\/res.cloudinary.com\/turna\/image\/upload\/v1581461462\/ReykjavikReykjavik_sa1f6v.jpg\" alt=\"\"\/><\/figure>\n\n\n\n<p>\u00dclkenin d\u00f6rt bir yan\u0131nda yay\u0131lan do\u011fal g\u00fczellikleri g\u00f6rmeye biraz ara verip, \u00fclkenin sakinli\u011fi ve d\u00fczenli g\u00f6r\u00fcn\u00fcm\u00fcyle \u00fcnl\u00fc <strong>Reykjavik<\/strong> \u015fehrini g\u00f6r\u00fcp, sokaklar\u0131n\u0131 ar\u015f\u0131nlamadan \u0130zlanda gezinizi noktalamay\u0131n. \u00dclkenin ba\u015fkenti olan bu \u015fehirde National Gallery of Iceland, The Icelandic Phallological Museum ve National Museum of Iceland gibi mz\u00fceleri ve ilgin\u00e7 yap\u0131lar\u0131 ziyaret edebilirsiniz.<\/p>\n\n\n\n<h3 class=\"wp-block-heading\"><span class=\"ez-toc-section\" id=\"6_myvatn\"><\/span><strong>6. Myvatn<\/strong><span class=\"ez-toc-section-end\"><\/span><\/h3>\n\n\n\n<p>\u0130zlanda\u2019n\u0131n kuzeyinde, Krafla Yanarda\u011f\u0131 yak\u0131nlar\u0131nda bulunan s\u0131\u011f bir g\u00f6l olan <strong>Myvatn<\/strong>, g\u00fcn\u00fcm\u00fczden 2300 y\u0131l \u00f6nce ger\u00e7ekle\u015fen b\u00fcy\u00fck bir bazaltik lav patlamas\u0131yla olu\u015ftu. Y\u00fcz\u00fcn \u00fczerinde ku\u015f t\u00fcr\u00fcn\u00fcn de ya\u015fad\u0131\u011f\u0131 Myvatn \u00e7evresi, ku\u015f g\u00f6zlemcileri ve bal\u0131k\u00e7\u0131lar i\u00e7in olduk\u00e7a cezbedici bir faunaya sahip. G\u00f6l\u00fcn do\u011fu b\u00f6l\u00fcm\u00fcnde yer alan ma\u011faralar, kaya olu\u015fumlar\u0131 ve s\u00fctunlar da b\u00f6lgeye ayr\u0131 bir cazibe kat\u0131yor.<\/p>\n\n\n\n<h3 class=\"wp-block-heading\"><span class=\"ez-toc-section\" id=\"7_thingvellir_ulusal_parki\"><\/span><strong>7. Thingvellir Ulusal Park\u0131<\/strong><span class=\"ez-toc-section-end\"><\/span><\/h3>\n\n\n\n<p><strong>Thingvellir Ulusal Park\u0131<\/strong>, \u0130zlanda\u2019da kurulan ilk ulusal park olmas\u0131n\u0131n yan\u0131 s\u0131ra 930 y\u0131l\u0131nda kurulan ve d\u00fcnyan\u0131n en eski meclislerinden biri olarak bilinen Althing\u2019in toplanma yeri oldu\u011fu i\u00e7in de olduk\u00e7a \u00f6nem ta\u015f\u0131yor. G\u00fcn\u00fcm\u00fczde g\u00f6lleri, u\u00e7urumlar\u0131 ve do\u011fas\u0131yla y\u00fcr\u00fcy\u00fc\u015f merakl\u0131lar\u0131n\u0131n u\u011frak noktas\u0131 haline gelen park ayn\u0131 zamanda \u00e7e\u015fitli festival ve kutlamalara da ev sahipli\u011fi yap\u0131yor.<\/p>\n\n\n\n<h3 class=\"wp-block-heading\"><span class=\"ez-toc-section\" id=\"8_landmannalaugar\"><\/span><strong>8. Landmannalaugar<\/strong><span class=\"ez-toc-section-end\"><\/span><\/h3>\n\n\n\n<p>Do\u011fal ya\u015fam\u0131 daha yak\u0131ndan ke\u015ffedebilece\u011finiz konaklama noktalar\u0131 ve d\u00fcnyaca \u00fcnl\u00fc y\u00fcr\u00fcy\u00fc\u015f parkurlar\u0131yla bilinen <strong>Landmannalaugar<\/strong>, Fjallaback Do\u011fa Koruma B\u00f6lgesi&#8217;nde bulunuyor. Tur \u015firkeetlerinin d\u00fczenledi\u011fi gezilerle g\u00fcn\u00fcbirlik olarak da gezilebilen bu b\u00f6lge, kapl\u0131ca keyif ya\u015famak i\u00e7in de olduk\u00e7a ideal bir adres.<\/p>\n\n\n\n<h3 class=\"wp-block-heading\"><span class=\"ez-toc-section\" id=\"9_husavik\"><\/span><strong>9. Husavik<\/strong><span class=\"ez-toc-section-end\"><\/span><\/h3>\n\n\n\n<p>K\u00fc\u00e7\u00fck bir bal\u0131k\u00e7\u0131 k\u00f6y\u00fc olan <strong>Husavik<\/strong>, tekne turlar\u0131na kat\u0131l\u0131p beyaz gagal\u0131 yunus, kambur ve mavi balinalar\u0131 izleyebilece\u011finiz bir yerle\u015fim yeri. E\u011fer balinalar\u0131 ve yunuslar\u0131 izlemenin, onlar\u0131 tan\u0131mak i\u00e7in yeterli olmayaca\u011f\u0131n\u0131 d\u00fc\u015f\u00fcn\u00fcyorsan\u0131z da Husavik Balina M\u00fczesi\u2019ni ziyaret ederek, bu dev deniz canl\u0131lar\u0131 ve \u00fclkedeki balina avc\u0131l\u0131\u011f\u0131n\u0131n tarihi hakk\u0131nda \u00e7ok daha kapsaml\u0131 bilgiler edinebilirsiniz.<\/p>\n\n\n\n<h3 class=\"wp-block-heading\"><span class=\"ez-toc-section\" id=\"10_hornstrandir_dogal_rezervi\"><\/span><strong>10. Hornstrandir Do\u011fal Rezervi<\/strong><span class=\"ez-toc-section-end\"><\/span><\/h3>\n\n\n\n<figure class=\"wp-block-image size-large\"><img decoding=\"async\" src=\"https:\/\/res.cloudinary.com\/turna\/image\/upload\/v1581461462\/Hornstrandir_jzenuc.jpg\" alt=\"\"\/><\/figure>\n\n\n\n<p>Do\u011fa tutkunlar\u0131n\u0131n mutlaka g\u00f6rmesi gereken yerlerin ba\u015f\u0131nda gelen <strong>Hornstrandir Do\u011fal Rezervi<\/strong>, vah\u015fi ya\u015fam\u0131n h\u00fck\u00fcm s\u00fcrd\u00fc\u011f\u00fc bakir alanlar\u0131, engebeli da\u011flar\u0131, zorlu ve tehlikeli y\u00fcr\u00fcy\u00fc\u015f parkurlar\u0131yla hayranl\u0131k uyand\u0131r\u0131yor. \u00d6zellikle havalar\u0131n \u0131s\u0131nd\u0131\u011f\u0131 yaz d\u00f6neminde yo\u011fun bir ziyaret\u00e7i trafi\u011fi ya\u015fanan bu do\u011fal rezervi rehberli turlar e\u015fli\u011finde de gezebilirsiniz.<\/p>\n\n    <div class=\"xs_social_share_widget xs_share_url after_content \t\tmain_content  wslu-style-1 wslu-share-box-shaped wslu-fill-colored wslu-none wslu-share-horizontal wslu-theme-font-no wslu-main_content\">\n\n\t\t\n        <ul>\n\t\t\t        <\/ul>\n    <\/div> \n","protected":false},"excerpt":{"rendered":"<p>Avrupa&#8216;da k\u0131\u015f\u0131n kuzey \u0131\u015f\u0131klar\u0131n\u0131n b\u00fcy\u00fcleyici g\u00f6r\u00fcnt\u00fcs\u00fc alt\u0131nda parlayan \u0130zlanda, farkl\u0131 bir seyahat deneyimi ya\u015famak isteyenlerin g\u00f6zde rotalar\u0131ndan biri. Her daim patlamaya haz\u0131r aktif yanarda\u011flar\u0131, Nefes kesen g\u00fczellikteki buzullar\u0131, k\u0131\u015f aylar\u0131n\u0131n so\u011fuk havas\u0131n\u0131 unutturan jeotermal havuzlar\u0131 ve etkileyici do\u011fas\u0131yla ate\u015f ve buzlar \u00fclkesi olarak an\u0131lan \u0130zlanda, zengin k\u00fclt\u00fcrel dokusu ve modern \u015fehirleriyle de g\u00f6z kama\u015ft\u0131ran bir [&hellip;]<\/p>\n","protected":false},"author":14,"featured_media":17552,"comment_status":"open","ping_status":"open","sticky":false,"template":"","format":"standard","meta":{"rop_custom_images_group":[],"rop_custom_messages_group":[],"rop_publish_now":"initial","rop_publish_now_accounts":[],"rop_publish_now_history":[],"rop_publish_now_status":"pending","_cloudinary_featured_overwrite":false,"footnotes":""},"categories":[1215],"tags":[1217],"class_list":["post-17523","post","type-post","status-publish","format-standard","has-post-thumbnail","hentry","category-izlanda","tag-izlanda"],"_links":{"self":[{"href":"https:\/\/www.turna.com\/blog\/wp-json\/wp\/v2\/posts\/17523","targetHints":{"allow":["GET"]}}],"collection":[{"href":"https:\/\/www.turna.com\/blog\/wp-json\/wp\/v2\/posts"}],"about":[{"href":"https:\/\/www.turna.com\/blog\/wp-json\/wp\/v2\/types\/post"}],"author":[{"embeddable":true,"href":"https:\/\/www.turna.com\/blog\/wp-json\/wp\/v2\/users\/14"}],"replies":[{"embeddable":true,"href":"https:\/\/www.turna.com\/blog\/wp-json\/wp\/v2\/comments?post=17523"}],"version-history":[{"count":0,"href":"https:\/\/www.turna.com\/blog\/wp-json\/wp\/v2\/posts\/17523\/revisions"}],"wp:featuredmedia":[{"embeddable":true,"href":"https:\/\/www.turna.com\/blog\/wp-json\/wp\/v2\/media\/17552"}],"wp:attachment":[{"href":"https:\/\/www.turna.com\/blog\/wp-json\/wp\/v2\/media?parent=17523"}],"wp:term":[{"taxonomy":"category","embeddable":true,"href":"https:\/\/www.turna.com\/blog\/wp-json\/wp\/v2\/categories?post=17523"},{"taxonomy":"post_tag","embeddable":true,"href":"https:\/\/www.turna.com\/blog\/wp-json\/wp\/v2\/tags?post=17523"}],"curies":[{"name":"wp","href":"https:\/\/api.w.org\/{rel}","templated":true}]}}