{"id":17522,"date":"2024-10-02T08:30:00","date_gmt":"2024-10-02T05:30:00","guid":{"rendered":"https:\/\/www.turna.com\/blog\/?p=17522"},"modified":"2025-12-08T10:12:06","modified_gmt":"2025-12-08T07:12:06","slug":"almanyanin-baskenti-berlinde-gezilecek-yerler","status":"publish","type":"post","link":"https:\/\/www.turna.com\/blog\/almanyanin-baskenti-berlinde-gezilecek-yerler","title":{"rendered":"Berlin&#8217;de Gezilecek Yerler: 15 G\u00f6r\u00fclecek Nokta"},"content":{"rendered":"<div id=\"ez-toc-container\" class=\"ez-toc-v2_0_82_2 counter-hierarchy ez-toc-counter ez-toc-black ez-toc-container-direction\">\n<div class=\"ez-toc-title-container\">\n<p class=\"ez-toc-title\" style=\"cursor:inherit\">\u0130\u00e7indekiler<\/p>\n<span class=\"ez-toc-title-toggle\"><a href=\"#\" class=\"ez-toc-pull-right ez-toc-btn ez-toc-btn-xs ez-toc-btn-default ez-toc-toggle\" aria-label=\"\u0130\u00e7indekiler Tablosunu A\u00e7\/Kapat\"><span class=\"ez-toc-js-icon-con\"><span class=\"\"><span class=\"eztoc-hide\" style=\"display:none;\">Toggle<\/span><span class=\"ez-toc-icon-toggle-span\"><svg style=\"fill: #ffffff;color:#ffffff\" xmlns=\"http:\/\/www.w3.org\/2000\/svg\" class=\"list-377408\" width=\"20px\" height=\"20px\" viewBox=\"0 0 24 24\" fill=\"none\"><path d=\"M6 6H4v2h2V6zm14 0H8v2h12V6zM4 11h2v2H4v-2zm16 0H8v2h12v-2zM4 16h2v2H4v-2zm16 0H8v2h12v-2z\" fill=\"currentColor\"><\/path><\/svg><svg style=\"fill: #ffffff;color:#ffffff\" class=\"arrow-unsorted-368013\" xmlns=\"http:\/\/www.w3.org\/2000\/svg\" width=\"10px\" height=\"10px\" viewBox=\"0 0 24 24\" version=\"1.2\" baseProfile=\"tiny\"><path d=\"M18.2 9.3l-6.2-6.3-6.2 6.3c-.2.2-.3.4-.3.7s.1.5.3.7c.2.2.4.3.7.3h11c.3 0 .5-.1.7-.3.2-.2.3-.5.3-.7s-.1-.5-.3-.7zM5.8 14.7l6.2 6.3 6.2-6.3c.2-.2.3-.5.3-.7s-.1-.5-.3-.7c-.2-.2-.4-.3-.7-.3h-11c-.3 0-.5.1-.7.3-.2.2-.3.5-.3.7s.1.5.3.7z\"\/><\/svg><\/span><\/span><\/span><\/a><\/span><\/div>\n<nav><ul class='ez-toc-list ez-toc-list-level-1 eztoc-toggle-hide-by-default' ><li class='ez-toc-page-1 ez-toc-heading-level-2'><a class=\"ez-toc-link ez-toc-heading-1\" href=\"https:\/\/www.turna.com\/blog\/almanyanin-baskenti-berlinde-gezilecek-yerler\/#2_gunluk_berlin_gezi_plani\" >2 G\u00fcnl\u00fck Berlin Gezi Plan\u0131<\/a><\/li><li class='ez-toc-page-1 ez-toc-heading-level-2'><a class=\"ez-toc-link ez-toc-heading-2\" href=\"https:\/\/www.turna.com\/blog\/almanyanin-baskenti-berlinde-gezilecek-yerler\/#berlin_gezilecek_yerler_listesi\" >Berlin Gezilecek Yerler Listesi<\/a><ul class='ez-toc-list-level-3' ><li class='ez-toc-heading-level-3'><a class=\"ez-toc-link ez-toc-heading-3\" href=\"https:\/\/www.turna.com\/blog\/almanyanin-baskenti-berlinde-gezilecek-yerler\/#reichstag\" >Reichstag<\/a><\/li><li class='ez-toc-page-1 ez-toc-heading-level-3'><a class=\"ez-toc-link ez-toc-heading-4\" href=\"https:\/\/www.turna.com\/blog\/almanyanin-baskenti-berlinde-gezilecek-yerler\/#brandenburg_kapisi\" >Brandenburg Kap\u0131s\u0131<\/a><\/li><li class='ez-toc-page-1 ez-toc-heading-level-3'><a class=\"ez-toc-link ez-toc-heading-5\" href=\"https:\/\/www.turna.com\/blog\/almanyanin-baskenti-berlinde-gezilecek-yerler\/#berlin_televizyon_kulesi\" >Berlin Televizyon Kulesi<\/a><\/li><li class='ez-toc-page-1 ez-toc-heading-level-3'><a class=\"ez-toc-link ez-toc-heading-6\" href=\"https:\/\/www.turna.com\/blog\/almanyanin-baskenti-berlinde-gezilecek-yerler\/#gendarmenmarkt\" >Gendarmenmarkt<\/a><\/li><li class='ez-toc-page-1 ez-toc-heading-level-3'><a class=\"ez-toc-link ez-toc-heading-7\" href=\"https:\/\/www.turna.com\/blog\/almanyanin-baskenti-berlinde-gezilecek-yerler\/#berlin_katedrali\" >Berlin Katedrali<\/a><\/li><li class='ez-toc-page-1 ez-toc-heading-level-3'><a class=\"ez-toc-link ez-toc-heading-8\" href=\"https:\/\/www.turna.com\/blog\/almanyanin-baskenti-berlinde-gezilecek-yerler\/#kurfurstendamm\" >Kurf\u00fcrstendamm<\/a><\/li><li class='ez-toc-page-1 ez-toc-heading-level-3'><a class=\"ez-toc-link ez-toc-heading-9\" href=\"https:\/\/www.turna.com\/blog\/almanyanin-baskenti-berlinde-gezilecek-yerler\/#charlottenburg_sarayi\" >Charlottenburg Saray\u0131<\/a><\/li><li class='ez-toc-page-1 ez-toc-heading-level-3'><a class=\"ez-toc-link ez-toc-heading-10\" href=\"https:\/\/www.turna.com\/blog\/almanyanin-baskenti-berlinde-gezilecek-yerler\/#muze_adasi\" >M\u00fcze Adas\u0131<\/a><\/li><li class='ez-toc-page-1 ez-toc-heading-level-3'><a class=\"ez-toc-link ez-toc-heading-11\" href=\"https:\/\/www.turna.com\/blog\/almanyanin-baskenti-berlinde-gezilecek-yerler\/#berlin_duvari\" >Berlin Duvar\u0131<\/a><\/li><li class='ez-toc-page-1 ez-toc-heading-level-3'><a class=\"ez-toc-link ez-toc-heading-12\" href=\"https:\/\/www.turna.com\/blog\/almanyanin-baskenti-berlinde-gezilecek-yerler\/#potsdamer_platz\" >Potsdamer Platz<\/a><\/li><li class='ez-toc-page-1 ez-toc-heading-level-3'><a class=\"ez-toc-link ez-toc-heading-13\" href=\"https:\/\/www.turna.com\/blog\/almanyanin-baskenti-berlinde-gezilecek-yerler\/#alexanderplatz\" >Alexanderplatz<\/a><\/li><li class='ez-toc-page-1 ez-toc-heading-level-3'><a class=\"ez-toc-link ez-toc-heading-14\" href=\"https:\/\/www.turna.com\/blog\/almanyanin-baskenti-berlinde-gezilecek-yerler\/#tiergarten\" >Tiergarten<\/a><\/li><li class='ez-toc-page-1 ez-toc-heading-level-3'><a class=\"ez-toc-link ez-toc-heading-15\" href=\"https:\/\/www.turna.com\/blog\/almanyanin-baskenti-berlinde-gezilecek-yerler\/#holocaust_aniti\" >Holocaust An\u0131t\u0131<\/a><\/li><li class='ez-toc-page-1 ez-toc-heading-level-3'><a class=\"ez-toc-link ez-toc-heading-16\" href=\"https:\/\/www.turna.com\/blog\/almanyanin-baskenti-berlinde-gezilecek-yerler\/#pergamon_muzesi\" >Pergamon M\u00fczesi<\/a><\/li><li class='ez-toc-page-1 ez-toc-heading-level-3'><a class=\"ez-toc-link ez-toc-heading-17\" href=\"https:\/\/www.turna.com\/blog\/almanyanin-baskenti-berlinde-gezilecek-yerler\/#checkpoint_charlie\" >Checkpoint Charlie<\/a><\/li><\/ul><\/li><li class='ez-toc-page-1 ez-toc-heading-level-2'><a class=\"ez-toc-link ez-toc-heading-18\" href=\"https:\/\/www.turna.com\/blog\/almanyanin-baskenti-berlinde-gezilecek-yerler\/#berlinde_mutlaka_gorulmesi_gereken_5_yer\" >Berlin&#8217;de Mutlaka G\u00f6r\u00fclmesi Gereken 5 Yer<\/a><\/li><\/ul><\/nav><\/div>\n\n<p>Tarihi dokusu, sanata olan tutkusu ve kozmopolit ruhuyla Berlin, Avrupa\u2019n\u0131n kalbinde ke\u015ffedilmeyi bekleyen bir hazine! E\u011fer \u015fehri gezmek ve her k\u00f6\u015fesinde yeni bir macera bulmak istiyorsan\u0131z, do\u011fru yerdesiniz. <strong>Berlin&#8217;de gezilecek yerler<\/strong>, hem ge\u00e7mi\u015fin izlerini s\u00fcrece\u011finiz tarihi noktalar\u0131 hem de modern d\u00fcnyan\u0131n enerjisini hissettiren yarat\u0131c\u0131 alanlar\u0131yla dolu. \u0130ster \u00fcnl\u00fc Brandenburg Kap\u0131s\u0131&#8217;nda tarihin kokusunu al\u0131n, ister alternatif sanat sahnelerinin aras\u0131nda kaybolun; Berlin&#8217;de her ad\u0131mda sizi \u015fa\u015f\u0131rtacak bir \u015feyler var. Hadi, bu s\u0131ra d\u0131\u015f\u0131 \u015fehirde maceraya at\u0131lal\u0131m!<\/p>\n\n\n\n<h2 class=\"wp-block-heading has-text-align-center has-neeon-button-dark-gray-color has-text-color has-link-color wp-elements-77a6036bb58525d399bec74cc7f80e46\"><span class=\"ez-toc-section\" id=\"2_gunluk_berlin_gezi_plani\"><\/span>2 G\u00fcnl\u00fck Berlin Gezi Plan\u0131<span class=\"ez-toc-section-end\"><\/span><\/h2>\n\n\n\n<p class=\"has-text-align-left\"><strong>1. G\u00fcn: Tarihi ve K\u00fclt\u00fcrel Ke\u015fif<\/strong><\/p>\n\n\n\n<ul class=\"wp-block-list\">\n<li><strong>Sabah: Brandenburg Kap\u0131s\u0131<\/strong><br>Berlin&#8217;in simgesi haline gelen bu \u00fcnl\u00fc kap\u0131da g\u00fcne ba\u015flay\u0131n. Tarihi atmosferde foto\u011fraf \u00e7ekin.<\/li>\n\n\n\n<li><strong>Reichstag Binas\u0131<\/strong><br>Kap\u0131ya yak\u0131n olan bu tarihi parlamentoya u\u011fray\u0131n, rezervasyon yaparak cam kubbesinden \u015fehrin manzaras\u0131n\u0131 izleyin.<\/li>\n\n\n\n<li><strong>Holocaust An\u0131t\u0131<\/strong><br>Y\u00fcr\u00fcyerek Holocaust An\u0131t\u0131&#8217;na ge\u00e7in. Derin d\u00fc\u015f\u00fcncelere dalaca\u011f\u0131n\u0131z bu an\u0131t\u0131 ke\u015ffedin.<\/li>\n\n\n\n<li><strong>\u00d6\u011fle: Tiergarten&#8217;de Piknik<\/strong><br>Yak\u0131ndaki Tiergarten park\u0131na gidip k\u0131sa bir y\u00fcr\u00fcy\u00fc\u015f yap\u0131n. Park\u0131n i\u00e7inde bir piknik molas\u0131 verin.<\/li>\n\n\n\n<li><strong>Berlin Duvar\u0131 ve East Side Gallery<\/strong><br>\u00d6\u011fleden sonra Berlin Duvar\u0131&#8217;n\u0131n kalan k\u0131sm\u0131n\u0131 ve \u00fczerindeki sanatsal grafitileri ke\u015ffedin.<\/li>\n\n\n\n<li><strong>Ak\u015fam: Kreuzberg\u2019de Ak\u015fam Yeme\u011fi<\/strong><br>\u015eehrin alternatif ve \u00e7ok k\u00fclt\u00fcrl\u00fc b\u00f6lgesi olan Kreuzberg&#8217;de bir restoranda ak\u015fam yeme\u011fi yiyin.<\/li>\n<\/ul>\n\n\n\n<p><strong>2. G\u00fcn: M\u00fczeler ve Modern Berlin<\/strong><\/p>\n\n\n\n<ul class=\"wp-block-list\">\n<li><strong>Sabah: Museum Island<\/strong><br>D\u00fcnyaca \u00fcnl\u00fc Pergamon M\u00fczesi ve Neues Museum&#8217;u ke\u015ffetmek i\u00e7in Museum Island&#8217;a erken gidin. Antik d\u00fcnyaya yolculuk yap\u0131n.<\/li>\n\n\n\n<li><strong>Berliner Dom<\/strong><br>Museum Island&#8217;daki bu etkileyici katedralde dola\u015f\u0131n ve kubbesine \u00e7\u0131k\u0131p Berlin&#8217;in manzaras\u0131n\u0131 izleyin.<\/li>\n\n\n\n<li><strong>\u00d6\u011fle: Alexanderplatz ve TV Kulesi<\/strong><br>\u015eehir merkezinin kalbinde yer alan Alexanderplatz&#8217;da dola\u015f\u0131n, ard\u0131ndan TV Kulesi&#8217;ne \u00e7\u0131karak 360 derece \u015fehir manzaras\u0131n\u0131 izleyin.<\/li>\n\n\n\n<li><strong>Checkpoint Charlie<\/strong><br>\u00d6\u011fleden sonra So\u011fuk Sava\u015f d\u00f6nemi Berlin\u2019ini ke\u015ffedin. Checkpoint Charlie ve \u00e7evresindeki m\u00fczeyi gezerek o d\u00f6nemin hikayelerine dal\u0131n.<\/li>\n\n\n\n<li><strong>Ak\u015fam: Potsdamer Platz<\/strong><br>Berlin\u2019in modern y\u00fcz\u00fcn\u00fc g\u00f6rmek i\u00e7in ak\u015fam\u00fcst\u00fc Potsdamer Platz\u2019a gidin. Al\u0131\u015fveri\u015f yap\u0131n ya da modern mimarinin tad\u0131n\u0131 \u00e7\u0131kar\u0131n.<\/li>\n<\/ul>\n\n\n\n<h2 class=\"wp-block-heading has-text-align-center has-neeon-button-dark-gray-color has-text-color has-link-color wp-elements-8a8c154101c802ac955997bac1910e2c\"><span class=\"ez-toc-section\" id=\"berlin_gezilecek_yerler_listesi\"><\/span><strong>Berlin Gezilecek Yerler Listesi<\/strong><span class=\"ez-toc-section-end\"><\/span><\/h2>\n\n\n\n<figure class=\"wp-block-image size-large\"><img width=\"1600\" height=\"1000\" decoding=\"async\" src=\"data:image\/svg+xml;base64,PHN2ZyB4bWxucz0iaHR0cDovL3d3dy53My5vcmcvMjAwMC9zdmciIHdpZHRoPSIxNjAwIiBoZWlnaHQ9IjEwMDAiPjxyZWN0IHdpZHRoPSIxMDAlIiBoZWlnaHQ9IjEwMCUiPjxhbmltYXRlIGF0dHJpYnV0ZU5hbWU9ImZpbGwiIHZhbHVlcz0icmdiYSgxNTMsMTUzLDE1MywwLjUpO3JnYmEoMTUzLDE1MywxNTMsMC4xKTtyZ2JhKDE1MywxNTMsMTUzLDAuNSkiIGR1cj0iMnMiIHJlcGVhdENvdW50PSJpbmRlZmluaXRlIiAvPjwvcmVjdD48L3N2Zz4=\" alt=\"Berlin&#039;de Gezilecek Yerler\" data-public-id=\"wordpress-contents\/berlinde_gezilecek_yerler\/berlinde_gezilecek_yerler.webp\" class=\"wp-post-17522 wp-image-23226\" data-format=\"webp\" data-transformations=\"f_auto,q_auto:low\" data-version=\"1727872299\" data-seo=\"1\" data-size=\"1600 1000\" data-srcset=\"https:\/\/res.cloudinary.com\/turna\/images\/f_auto,q_auto:low\/v1727872299\/wordpress-contents\/berlinde_gezilecek_yerler\/berlinde_gezilecek_yerler.webp?_i=AA 1600w, https:\/\/res.cloudinary.com\/turna\/images\/w_800,h_500,c_scale\/f_auto,q_auto:low\/v1727872299\/wordpress-contents\/berlinde_gezilecek_yerler\/berlinde_gezilecek_yerler.webp?_i=AA 800w, https:\/\/res.cloudinary.com\/turna\/images\/w_1024,h_640,c_scale\/f_auto,q_auto:low\/v1727872299\/wordpress-contents\/berlinde_gezilecek_yerler\/berlinde_gezilecek_yerler.webp?_i=AA 1024w, https:\/\/res.cloudinary.com\/turna\/images\/w_300,h_188,c_scale\/f_auto,q_auto:low\/v1727872299\/wordpress-contents\/berlinde_gezilecek_yerler\/berlinde_gezilecek_yerler.webp?_i=AA 300w, https:\/\/res.cloudinary.com\/turna\/images\/w_1536,h_960,c_scale\/f_auto,q_auto:low\/v1727872299\/wordpress-contents\/berlinde_gezilecek_yerler\/berlinde_gezilecek_yerler.webp?_i=AA 1536w, https:\/\/res.cloudinary.com\/turna\/images\/w_672,h_420,c_scale\/f_auto,q_auto:low\/v1727872299\/wordpress-contents\/berlinde_gezilecek_yerler\/berlinde_gezilecek_yerler.webp?_i=AA 672w, https:\/\/res.cloudinary.com\/turna\/images\/w_640,h_400,c_scale\/f_auto,q_auto:low\/v1727872299\/wordpress-contents\/berlinde_gezilecek_yerler\/berlinde_gezilecek_yerler.webp?_i=AA 640w, https:\/\/res.cloudinary.com\/turna\/images\/w_681,h_426,c_scale\/f_auto,q_auto:low\/v1727872299\/wordpress-contents\/berlinde_gezilecek_yerler\/berlinde_gezilecek_yerler.webp?_i=AA 681w\" data-sizes=\"(max-width: 1600px) 100vw, 1600px\" data-delivery=\"upload\" onload=\";window.CLDBind?CLDBind(this):null;\" data-cloudinary=\"lazy\" \/><\/figure>\n\n\n\n<p class=\"has-text-align-left\">Almanya&#8217;n\u0131n ba\u015fkenti <strong><a href=\"https:\/\/maps.app.goo.gl\/cwg1ieAr4iFvrppA6\" target=\"_blank\" rel=\"noreferrer noopener\">Berlin<\/a><\/strong>, \u00fclkenin en kalabal\u0131k kenti. \u00dclkenin politik, ekonomik, k\u00fclt\u00fcr ve medya alan\u0131ndaki en \u00f6nemli merkezi olan Berlin, gezilecek g\u00f6r\u00fclecek onlarca farkl\u0131 dura\u011f\u0131, renkli festivalleri ve zengin k\u00fclt\u00fcr sanat ya\u015fam\u0131yla muhte\u015fem bir rota.<\/p>\n\n\n\n<p>UNESCO D\u00fcnya Miras\u0131 Listesi&#8217;nde yer alan M\u00fczeler Adas\u0131 ile Orta Do\u011fu ve Avrupa&#8217;n\u0131n bir\u00e7ok antik kentinden \u00f6nemli eserlere ev sahipli\u011fi yapan Berlin&#8217;de renkli gece hayat\u0131n\u0131n m\u00fcdavimleri de kenti y\u0131lda birka\u00e7 kez ziyaret ediyor.<\/p>\n\n\n\n<p><strong>Berlin&#8217;de Gezilecek Yerler<\/strong><\/p>\n\n\n\n<ol class=\"wp-block-list\">\n<li>Reichstag<\/li>\n\n\n\n<li>Brandenburg Kap\u0131s\u0131<\/li>\n\n\n\n<li>Berlin Televizyon Kulesi<\/li>\n\n\n\n<li>Gendarmenmarkt<\/li>\n\n\n\n<li>Berlin Katedrali<\/li>\n\n\n\n<li>Kurf\u00fcrstendamm<\/li>\n\n\n\n<li>Charlottenburg Saray\u0131<\/li>\n\n\n\n<li>M\u00fcze Adas\u0131<\/li>\n\n\n\n<li>Berlin Duvar\u0131<\/li>\n\n\n\n<li>Potsdamer Platz<\/li>\n\n\n\n<li>Alexanderplatz<\/li>\n\n\n\n<li>Tiergarten<\/li>\n\n\n\n<li>Holocaust An\u0131t\u0131<\/li>\n\n\n\n<li>Pergamon M\u00fczesi<\/li>\n\n\n\n<li>Checkpoint Charlie<\/li>\n<\/ol>\n\n\n\n<p class=\"has-text-align-left\"><strong><a aria-label=\"Berlin u\u00e7ak bileti (yeni sekmede a\u00e7\u0131l\u0131r)\" href=\"https:\/\/www.turna.com\/ucak-bileti\/berlin\" target=\"_blank\" rel=\"noreferrer noopener\">Berlin u\u00e7ak bileti<\/a><\/strong> se\u00e7eneklerine g\u00f6z at\u0131n.<\/p>\n\n\n\n<h3 class=\"wp-block-heading has-text-align-center has-neeon-button-dark-gray-color has-text-color has-link-color wp-elements-adeae446d9b741daa8d8d6102fd47337\"><span class=\"ez-toc-section\" id=\"reichstag\"><\/span><strong>Reichstag<\/strong><span class=\"ez-toc-section-end\"><\/span><\/h3>\n\n\n\n<figure class=\"wp-block-image size-large\"><img decoding=\"async\" src=\"https:\/\/res.cloudinary.com\/turna\/image\/upload\/v1580394304\/Reichstag_mu5ndj.jpg\" alt=\"Berlin'de Gezilecek Yerler reichstag\"\/><\/figure>\n\n\n\n<p>Reichstag Almanya&#8217;n\u0131n Federal Meclis Binas\u0131. Federal H\u00fck\u00fcmet Berlin&#8217;e ta\u015f\u0131nd\u0131ktan sonra modernle\u015ftirilen yap\u0131 g\u00fcn\u00fcm\u00fczdeki cam kubbesiyle Berlin&#8217;in muhte\u015fem manzaras\u0131na ev sahipli\u011fi yap\u0131yor. Meclis binas\u0131na kadar gelmi\u015fken Bundeskanzleramt ve Brandenburg Kap\u0131s\u0131 da binan\u0131n \u00e7evresinde g\u00f6r\u00fclebilecek di\u011fer yerler aras\u0131nda yer al\u0131yor.<\/p>\n\n\n\n<h3 class=\"wp-block-heading has-text-align-center has-neeon-button-dark-gray-color has-text-color has-link-color wp-elements-326e05c2298d2df020bf6202555bdf1b\"><span class=\"ez-toc-section\" id=\"brandenburg_kapisi\"><\/span><strong>Brandenburg Kap\u0131s\u0131<\/strong><span class=\"ez-toc-section-end\"><\/span><\/h3>\n\n\n\n<figure class=\"wp-block-image size-large\"><img decoding=\"async\" src=\"https:\/\/res.cloudinary.com\/turna\/image\/upload\/v1727872298\/wordpress-contents\/Brandenburg_Kap%C4%B1s%C4%B1.webp\" alt=\"Berlin'de Gezilecek Yerler brandenburg kap\u0131s\u0131\"\/><\/figure>\n\n\n\n<p>Berlin ve Almanya tarihinde b\u00fcy\u00fck bir \u00f6nem sahip olan Brandenburg Kap\u0131s\u0131, \u015fehrin en pop\u00fcler turistik noktalar\u0131ndan. 1791&#8217;de in\u015fa edilen kap\u0131, Berlin hen\u00fcz \u00e7ok b\u00fcy\u00fck bir kent de\u011filken \u015fehre giri\u015f i\u00e7in kullan\u0131lan birka\u00e7 kap\u0131dan biriydi. Berlin&#8217;in Do\u011fu ve Bat\u0131 Almanya aras\u0131nda ikiye b\u00f6l\u00fcnmesiyle birlikte ayr\u0131l\u0131\u011f\u0131n sembol\u00fc olan kap\u0131 Berlin&#8217;in en ho\u015f foto\u011fraf karelerinden birini olu\u015fturuyor.<\/p>\n\n\n\n<h3 class=\"wp-block-heading has-text-align-center has-neeon-button-dark-gray-color has-text-color has-link-color wp-elements-96b303d75efb838933a77431427db1a9\"><span class=\"ez-toc-section\" id=\"berlin_televizyon_kulesi\"><\/span><strong>Berlin Televizyon Kulesi<\/strong><span class=\"ez-toc-section-end\"><\/span><\/h3>\n\n\n\n<figure class=\"wp-block-image size-large\"><img decoding=\"async\" src=\"https:\/\/res.cloudinary.com\/turna\/image\/upload\/v1580394304\/Fernsehturm_hfopfa.jpg\" alt=\"Berlin'de Gezilecek Yerler Berlin televizyon kulesi\"\/><\/figure>\n\n\n\n<p>368 metrelik y\u00fcksekli\u011fiyle Berlin&#8217;in en y\u00fcksek binas\u0131 olan Berlin Televizyon Kulesi, halk aras\u0131nda Fernsehturm olarak biliniyor. 1960 y\u0131l\u0131nda in\u015fa edilen yap\u0131y\u0131 ziyaret edenler kulenin d\u00f6rt bir yan\u0131ndan Berlin&#8217;in 260 derecelik panoramik g\u00f6r\u00fcnt\u00fcs\u00fcn\u00fc izleyebiliyor.<\/p>\n\n\n\n<h3 class=\"wp-block-heading has-text-align-center has-neeon-button-dark-gray-color has-text-color has-link-color wp-elements-5d054b147a9e33cf10c6a4ba8c64aa60\"><span class=\"ez-toc-section\" id=\"gendarmenmarkt\"><\/span><strong>Gendarmenmarkt<\/strong><span class=\"ez-toc-section-end\"><\/span><\/h3>\n\n\n\n<figure class=\"wp-block-image size-large\"><img decoding=\"async\" src=\"https:\/\/res.cloudinary.com\/turna\/image\/upload\/v1727872300\/wordpress-contents\/Gendarmenmarkt.webp\" alt=\"Gendarmenmarkt\"\/><\/figure>\n\n\n\n<p>Berlin&#8217;in en hareketli meydanlar\u0131ndan biri olan Gendarmenmarkt, ayn\u0131 zamanda kentin en \u00f6nemli al\u0131\u015fveri\u015f caddesi Friedrichstra\u00dfe\u2019nin yak\u0131n\u0131nda yer al\u0131yor. Alman ve Frans\u0131z katedrallerinin yan\u0131 s\u0131ra Schinkel taraf\u0131ndan tasarlanan Konser Salonu meydan\u0131n yan\u0131 ba\u015f\u0131nda.<\/p>\n\n\n\n<h3 class=\"wp-block-heading has-text-align-center has-neeon-button-dark-gray-color has-text-color has-link-color wp-elements-e6619c8e636c4a2e17dbd996f270d886\"><span class=\"ez-toc-section\" id=\"berlin_katedrali\"><\/span><strong>Berlin Katedrali<\/strong><span class=\"ez-toc-section-end\"><\/span><\/h3>\n\n\n\n<figure class=\"wp-block-image size-large\"><img decoding=\"async\" src=\"https:\/\/res.cloudinary.com\/turna\/image\/upload\/v1727872298\/wordpress-contents\/berlin_katedrali.webp\" alt=\"berlin katedrali\"\/><\/figure>\n\n\n\n<p>Berlin Katedrali&#8217;nin efsanevi kubbesi, 19. y\u00fczy\u0131l mimarisinin en kusurusuz \u00f6rne\u011fi olarak kabul ediliyor. Berliner Dom ad\u0131n\u0131 ta\u015f\u0131yan katedralin yan\u0131 ba\u015f\u0131nda M\u00fczeler Adas\u0131 ve Alman Tarih M\u00fczesi bulunuyor.<\/p>\n\n\n\n<h3 class=\"wp-block-heading has-text-align-center has-neeon-button-dark-gray-color has-text-color has-link-color wp-elements-45f108f7b567c9557623bc34b8a86312\"><span class=\"ez-toc-section\" id=\"kurfurstendamm\"><\/span><strong>Kurf\u00fcrstendamm<\/strong><span class=\"ez-toc-section-end\"><\/span><\/h3>\n\n\n\n<figure class=\"wp-block-image size-large\"><img decoding=\"async\" src=\"https:\/\/res.cloudinary.com\/turna\/image\/upload\/v1727872300\/wordpress-contents\/Kurf%C3%BCrstendamm.webp\" alt=\"Kurf\u00fcrstendamm\"\/><\/figure>\n\n\n\n<p>Kurf\u00fcrstendamm, Kaiser Wilhelm Kilisesinden Berlin\u2019in zarif Halensee b\u00f6lgesine uzanan kentin en \u015f\u0131k caddesi. \u00c7ok say\u0131da \u00fcnl\u00fc markan\u0131n ma\u011fazalar\u0131n\u0131n yer ald\u0131\u011f\u0131 bu caddede ayn\u0131 zamanda Avrupa&#8217;n\u0131n en b\u00fcy\u00fck ma\u011fazas\u0131 olan Tauentzien bulunuyor.<\/p>\n\n\n\n<h3 class=\"wp-block-heading has-text-align-center has-neeon-button-dark-gray-color has-text-color has-link-color wp-elements-656c264f2c00abae075b498082eb03ec\"><span class=\"ez-toc-section\" id=\"charlottenburg_sarayi\"><\/span><strong>Charlottenburg Saray\u0131<\/strong><span class=\"ez-toc-section-end\"><\/span><\/h3>\n\n\n\n<figure class=\"wp-block-image size-large\"><img decoding=\"async\" src=\"https:\/\/res.cloudinary.com\/turna\/image\/upload\/v1727872298\/wordpress-contents\/Charlottenburg_Sarayi.webp\" alt=\"Charlottenburg Saray\u0131\"\/><\/figure>\n\n\n\n<p>\u015eehrin merkezinden uzak bir noktada yer alan Charlottenburg Saray\u0131, mimari \u00fcslubuyla nefes kesen bir yap\u0131. Ya\u011fl\u0131 boya tablolar, muhte\u015fem objeler ve ho\u015f saray odalar\u0131 zamanda yolculuk yapmak isteyenler i\u00e7in harika bir deneyim sunuyor.<\/p>\n\n\n\n<h3 class=\"wp-block-heading has-text-align-center\"><span class=\"ez-toc-section\" id=\"muze_adasi\"><\/span><strong>M\u00fcze Adas\u0131<\/strong><span class=\"ez-toc-section-end\"><\/span><\/h3>\n\n\n\n<figure class=\"wp-block-image size-large\"><img decoding=\"async\" src=\"https:\/\/res.cloudinary.com\/turna\/image\/upload\/v1580394304\/Muze-Adasi_hiadtb.jpg\" alt=\"M\u00fcze Adas\u0131\"\/><\/figure>\n\n\n\n<p>M\u00fcze Adas\u0131 (Museum&#8217;s Island), Berlin&#8217;in UNESCO D\u00fcnya Miras\u0131 Listesi&#8217;nde yer alan, kentin en \u00f6nemli m\u00fczelerini bar\u0131nd\u0131ran b\u00f6lgesi. M\u00fczeler Adas\u0131&#8217;nda ziyaret edebilece\u011finiz m\u00fczeler aras\u0131nda Altes M\u00fczesi, Neues M\u00fczesi, Bode M\u00fczesi, Pergamon M\u00fczesi ve Alte Nationalgalerie bulunuyor. Bergama ve Milet&#8217;ten eserleri g\u00f6rebilece\u011finiz Bergama M\u00fczesi&#8217;ne mutlaka u\u011fray\u0131n.<\/p>\n\n\n\n<h3 class=\"wp-block-heading has-text-align-center has-neeon-button-dark-gray-color has-text-color has-link-color wp-elements-31021504ec288b112dc644a0de2862ff\"><span class=\"ez-toc-section\" id=\"berlin_duvari\"><\/span><strong>Berlin Duvar\u0131<\/strong><span class=\"ez-toc-section-end\"><\/span><\/h3>\n\n\n\n<figure class=\"wp-block-image size-large\"><img decoding=\"async\" src=\"https:\/\/res.cloudinary.com\/turna\/image\/upload\/v1727872298\/wordpress-contents\/berlin_duvari.webp\" alt=\"Berlin Duvar\u0131\"\/><\/figure>\n\n\n\n<p>Almanya&#8217;n\u0131n So\u011fuk Sava\u015f D\u00f6nemi&#8217;nde bat\u0131 ve do\u011fu olarak ikiye b\u00f6l\u00fcnmesinin sembol\u00fc olan Berlin Duvar\u0131, Gedenkst\u00e4tte Berliner Mauer Wedding ve Mitte aras\u0131nda Bernauer Stra\u00dfe\u2019da konumlan\u0131yor. Duvar\u0131n ayakta kalan k\u0131s\u0131mlar\u0131 \u015fehrin o zor d\u00f6nemlerini hat\u0131rlamak i\u00e7in mutlaka g\u00f6r\u00fclmeli.<\/p>\n\n\n\n<h3 class=\"wp-block-heading has-text-align-center has-neeon-button-dark-gray-color has-text-color has-link-color wp-elements-2a87f221d4e77e761dd1098abb82422d\"><span class=\"ez-toc-section\" id=\"potsdamer_platz\"><\/span><strong>Potsdamer Platz<\/strong><span class=\"ez-toc-section-end\"><\/span><\/h3>\n\n\n\n<figure class=\"wp-block-image size-large\"><img decoding=\"async\" src=\"https:\/\/res.cloudinary.com\/turna\/image\/upload\/v1727872300\/wordpress-contents\/Potsdamer_Platz.webp\" alt=\"Potsdamer Platz Berlin'de Gezilecek Yerler\"\/><\/figure>\n\n\n\n<p>Potsdamer Platz, Birinci D\u00fcnya Sava\u015f\u0131&#8217;na kadar Berlin&#8217;in kalbinin att\u0131\u011f\u0131 en \u00f6nemli meydand\u0131. Birinci D\u00fcnya Sava\u015f\u0131&#8217;n\u0131n ard\u0131ndan sessizli\u011fe g\u00f6m\u00fclen meydan \u0130kinci D\u00fcnya Sava\u015f\u0131 sonras\u0131na kadar bu \u00f6zelli\u011fini korudu. Berlin Duvar\u0131&#8217;n\u0131n y\u0131k\u0131lmas\u0131yla birlikte d\u00fcnyaca \u00fcnl\u00fc firmalar\u0131n g\u00f6kdelenlerini in\u015fa etti\u011fi meydan \u015fehrin en renkli yerlerinden.<\/p>\n\n\n\n<h3 class=\"wp-block-heading has-text-align-center has-neeon-button-dark-gray-color has-text-color has-link-color wp-elements-0f4ceee2be681e60dfe1fe9967ddb42e\"><span class=\"ez-toc-section\" id=\"alexanderplatz\"><\/span><strong>Alexanderplatz<\/strong><span class=\"ez-toc-section-end\"><\/span><\/h3>\n\n\n\n<figure class=\"wp-block-image size-large\"><img decoding=\"async\" src=\"https:\/\/res.cloudinary.com\/turna\/image\/upload\/v1727872299\/wordpress-contents\/Alexanderplatz.webp\" alt=\"Alexanderplatz\"\/><\/figure>\n\n\n\n<p><strong>Alexanderplatz<\/strong>, Berlin\u2019in tam anlam\u0131yla kalbinin att\u0131\u011f\u0131 yerlerden biri! \u015eehrin en b\u00fcy\u00fck meydan\u0131 olan bu alan, her daim hareketli ve enerjik atmosferiyle ziyaret\u00e7ilerini b\u00fcy\u00fcl\u00fcyor. Burada \u015fehrin simgesi haline gelmi\u015f <strong>Berliner Fernsehturm<\/strong> (TV Kulesi), sizi Berlin&#8217;in tepesine \u00e7\u0131kararak 360 derece nefes kesici bir manzara sunuyor. Alexanderplatz ayn\u0131 zamanda al\u0131\u015fveri\u015f tutkunlar\u0131 i\u00e7in de bir cennet; b\u00fcy\u00fck ma\u011fazalar ve yerel d\u00fckkanlar sizi bekliyor. Berlin&#8217;de gezilecek yerler aras\u0131nda mutlaka g\u00f6rmeniz gereken bu meydan, tarihi ve moderni bulu\u015fturan e\u015fsiz bir kar\u0131\u015f\u0131m.<\/p>\n\n\n\n<h3 class=\"wp-block-heading has-text-align-center has-neeon-button-dark-gray-color has-text-color has-link-color wp-elements-9cec8ce8e9f54c3297f0ad880c627e8a\"><span class=\"ez-toc-section\" id=\"tiergarten\"><\/span><strong>Tiergarten<\/strong><span class=\"ez-toc-section-end\"><\/span><\/h3>\n\n\n\n<figure class=\"wp-block-image size-large\"><img decoding=\"async\" src=\"https:\/\/res.cloudinary.com\/turna\/image\/upload\/v1727872300\/wordpress-contents\/tiergarten.webp\" alt=\"Tiergarten\"\/><\/figure>\n\n\n\n<p>Berlin&#8217;in en b\u00fcy\u00fck ve en ye\u015fil ka\u00e7\u0131\u015f noktalar\u0131ndan biri olan <strong>Tiergarten<\/strong>, \u015fehirde huzuru bulabilece\u011finiz bir do\u011fa harikas\u0131. Y\u00fcr\u00fcy\u00fc\u015f yollar\u0131, g\u00f6letleri ve devasa a\u011fa\u00e7lar\u0131yla, buras\u0131 adeta beton orman\u0131ndan s\u0131yr\u0131l\u0131p nefes alabilece\u011finiz bir cennet. \u015eehrin merkezinde yer alan bu park, hem yerli halk\u0131n hem de turistlerin en sevdi\u011fi ka\u00e7\u0131\u015f rotas\u0131.<\/p>\n\n\n\n<p>Bisiklete binmek, piknik yapmak ya da sadece do\u011fan\u0131n keyfini \u00e7\u0131karmak i\u00e7in harika bir yer. Ayr\u0131ca, park\u0131n tam ortas\u0131nda y\u00fckselen <strong>Zafer S\u00fctunu<\/strong> (Siegess\u00e4ule) da sizi Berlin\u2019in tarihine ve panoramik manzaralar\u0131na davet ediyor. Tiergarten\u2019da do\u011fayla i\u00e7 i\u00e7e, sakin ama bir o kadar da b\u00fcy\u00fcleyici bir g\u00fcn ge\u00e7irebilirsiniz!<\/p>\n\n\n\n<h3 class=\"wp-block-heading has-text-align-center has-neeon-button-dark-gray-color has-text-color has-link-color wp-elements-d84fce3c7470cd4c4eb6accc68a40f41\"><span class=\"ez-toc-section\" id=\"holocaust_aniti\"><\/span><strong>Holocaust An\u0131t\u0131<\/strong><span class=\"ez-toc-section-end\"><\/span><\/h3>\n\n\n\n<figure class=\"wp-block-image size-large\"><img decoding=\"async\" src=\"https:\/\/res.cloudinary.com\/turna\/image\/upload\/v1727872299\/wordpress-contents\/Holocaust_Aniti.webp\" alt=\"Holocaust An\u0131t\u0131 Berlin'de Gezilecek Yerler\"\/><\/figure>\n\n\n\n<p>Berlin&#8217;in en etkileyici an\u0131tlar\u0131ndan biri olan <strong>Holocaust An\u0131t\u0131<\/strong>, \u015fehrin ortas\u0131nda sessiz ama derin bir mesaj veriyor. Bu devasa alan, farkl\u0131 boyutlardaki 2,711 beton bloktan olu\u015fuyor ve her ad\u0131mda ziyaret\u00e7ileri bir d\u00fc\u015f\u00fcnce yolculu\u011funa \u00e7\u0131kar\u0131yor. An\u0131t, Nazi rejimi s\u0131ras\u0131nda hayat\u0131n\u0131 kaybeden 6 milyon Yahudi&#8217;yi anmak i\u00e7in in\u015fa edilmi\u015f ve insanl\u0131k tarihinin en karanl\u0131k d\u00f6nemine sessiz bir hat\u0131rlatma yap\u0131yor. Berlin&#8217;de gezilecek yerler aras\u0131nda duygusal derinli\u011fiyle sizi sarsacak bu deneyimi mutlaka ya\u015famal\u0131s\u0131n\u0131z; burada her ad\u0131m bir ders niteli\u011finde!<\/p>\n\n\n\n<h3 class=\"wp-block-heading has-text-align-center has-neeon-button-dark-gray-color has-text-color has-link-color wp-elements-3b0e2a99526707b0d3f3a17f03acd9ef\"><span class=\"ez-toc-section\" id=\"pergamon_muzesi\"><\/span><strong>Pergamon M\u00fczesi<\/strong><span class=\"ez-toc-section-end\"><\/span><\/h3>\n\n\n\n<figure class=\"wp-block-image size-large\"><img decoding=\"async\" src=\"https:\/\/res.cloudinary.com\/turna\/image\/upload\/v1727872300\/wordpress-contents\/pergamon_muzesi.webp\" alt=\"Pergamon M\u00fczesi\"\/><\/figure>\n\n\n\n<p>Berlin\u2019de tarihe bir zaman yolculu\u011fu yapmaya haz\u0131r m\u0131s\u0131n\u0131z? O zaman <strong>Pergamon M\u00fczesi<\/strong> tam size g\u00f6re! M\u00fcze Adas\u0131\u2019n\u0131n en g\u00f6z al\u0131c\u0131 noktalar\u0131ndan biri olan bu m\u00fcze, devasa antik yap\u0131lar\u0131yla ziyaret\u00e7ilerini b\u00fcy\u00fcl\u00fcyor. \u0130\u00e7eride, milattan \u00f6nceki \u00e7a\u011flardan kalma <strong>Bergama Suna\u011f\u0131<\/strong>, etkileyici <strong>\u0130\u015ftar Kap\u0131s\u0131<\/strong> ve <strong>Milet Pazar Yeri Kap\u0131s\u0131<\/strong> gibi inan\u0131lmaz eserler sergileniyor. Her bir k\u00f6\u015fesi tarih kokan bu m\u00fczede dola\u015f\u0131rken kendinizi bir arkeolog gibi hissedeceksiniz. Pergamon M\u00fczesi, tarihin ihti\u015fam\u0131n\u0131 ve gizemini yak\u0131ndan g\u00f6rmek isteyen herkes i\u00e7in b\u00fcy\u00fcleyici bir durak.<\/p>\n\n\n\n<h3 class=\"wp-block-heading has-text-align-center has-neeon-button-dark-gray-color has-text-color has-link-color wp-elements-8793f4e84f585a970551d3e73f148932\"><span class=\"ez-toc-section\" id=\"checkpoint_charlie\"><\/span><strong>Checkpoint Charlie<\/strong><span class=\"ez-toc-section-end\"><\/span><\/h3>\n\n\n\n<figure class=\"wp-block-image size-large\"><img decoding=\"async\" src=\"https:\/\/res.cloudinary.com\/turna\/image\/upload\/v1727872299\/wordpress-contents\/checkpoint_charlie.webp\" alt=\"Checkpoint Charlie Berlin'de Gezilecek Yerler\"\/><\/figure>\n\n\n\n<p>Berlin\u2019in So\u011fuk Sava\u015f d\u00f6nemine \u0131\u015f\u0131k tutan simgelerinden biri olan <strong>Checkpoint Charlie<\/strong>, tarihin nefesini ensenizde hissedece\u011finiz bir durak! Bat\u0131 ve Do\u011fu Berlin aras\u0131ndaki ge\u00e7i\u015f noktalar\u0131ndan biri olan bu \u00fcnl\u00fc kontrol noktas\u0131, 1961\u2019deki b\u00fcy\u00fck tank krizinin ya\u015fand\u0131\u011f\u0131 yer olarak da biliniyor.<\/p>\n\n\n\n<p>Bug\u00fcn burada yer alan k\u00fc\u00e7\u00fck kul\u00fcbe, orijinaline sad\u0131k bir kopya olsa da, So\u011fuk Sava\u015f d\u00f6nemi Berlin\u2019ini anlamak isteyen herkes i\u00e7in b\u00fcy\u00fcleyici bir deneyim sunuyor. \u00c7evredeki m\u00fcze ve foto\u011fraflar, o d\u00f6nemin gerilim dolu atmosferini g\u00f6zler \u00f6n\u00fcne seriyor.<\/p>\n\n\n\n<h2 class=\"wp-block-heading has-text-align-center has-neeon-button-dark-gray-color has-text-color has-link-color wp-elements-0a7ab886990c525656cfe22dda8cf062\"><span class=\"ez-toc-section\" id=\"berlinde_mutlaka_gorulmesi_gereken_5_yer\"><\/span><strong>Berlin&#8217;de Mutlaka G\u00f6r\u00fclmesi Gereken 5 Yer<\/strong><span class=\"ez-toc-section-end\"><\/span><\/h2>\n\n\n\n<figure class=\"wp-block-image size-large\"><img decoding=\"async\" src=\"https:\/\/res.cloudinary.com\/turna\/image\/upload\/v1727872298\/wordpress-contents\/berlin.webp\" alt=\"Berlin'de Mutlaka G\u00f6r\u00fclmesi Gereken 5 Yer\"\/><\/figure>\n\n\n\n<p>Berlin\u2019de k\u0131s\u0131tl\u0131 vaktiniz var ve yaln\u0131zca birka\u00e7 yer g\u00f6rme durumundas\u0131n\u0131z? Endi\u015felenmeyin! Berlin\u2019de mutlaka g\u00f6r\u00fclmesi gereken 5 yer i\u00e7in haz\u0131r olun! Bu listeyle, Berlin\u2019in en ikonik duraklar\u0131n\u0131 h\u0131zl\u0131ca ke\u015ffedebilirsiniz.<\/p>\n\n\n\n<ul class=\"wp-block-list\">\n<li>Brandenburg Kap\u0131s\u0131<\/li>\n\n\n\n<li>Berlin Duvar\u0131 ve East Side Gallery<\/li>\n\n\n\n<li>Museum Island (M\u00fcze Adas\u0131)<\/li>\n\n\n\n<li>Reichstag (Parlamento Binas\u0131)<\/li>\n\n\n\n<li>Checkpoint Charlie<\/li>\n<\/ul>\n\n\n\n<p><br><\/p>\n\n    <div class=\"xs_social_share_widget xs_share_url after_content \t\tmain_content  wslu-style-1 wslu-share-box-shaped wslu-fill-colored wslu-none wslu-share-horizontal wslu-theme-font-no wslu-main_content\">\n\n\t\t\n        <ul>\n\t\t\t        <\/ul>\n    <\/div> \n","protected":false},"excerpt":{"rendered":"<p>Tarihi dokusu, sanata olan tutkusu ve kozmopolit ruhuyla Berlin, Avrupa\u2019n\u0131n kalbinde ke\u015ffedilmeyi bekleyen bir hazine! E\u011fer \u015fehri gezmek ve her k\u00f6\u015fesinde yeni bir macera bulmak istiyorsan\u0131z, do\u011fru yerdesiniz. Berlin&#8217;de gezilecek yerler, hem ge\u00e7mi\u015fin izlerini s\u00fcrece\u011finiz tarihi noktalar\u0131 hem de modern d\u00fcnyan\u0131n enerjisini hissettiren yarat\u0131c\u0131 alanlar\u0131yla dolu. \u0130ster \u00fcnl\u00fc Brandenburg Kap\u0131s\u0131&#8217;nda tarihin kokusunu al\u0131n, ister alternatif sanat sahnelerinin aras\u0131nda kaybolun; Berlin&#8217;de her ad\u0131mda sizi \u015fa\u015f\u0131rtacak bir \u015feyler var. Hadi, bu s\u0131ra d\u0131\u015f\u0131 \u015fehirde maceraya at\u0131lal\u0131m!<\/p>\n","protected":false},"author":34,"featured_media":23226,"comment_status":"open","ping_status":"open","sticky":false,"template":"","format":"standard","meta":{"rop_custom_images_group":[],"rop_custom_messages_group":[],"rop_publish_now":"initial","rop_publish_now_accounts":[],"rop_publish_now_history":[],"rop_publish_now_status":"pending","_cloudinary_featured_overwrite":false,"footnotes":""},"categories":[110,2],"tags":[111],"class_list":["post-17522","post","type-post","status-publish","format-standard","has-post-thumbnail","hentry","category-almanya","category-ulkeler","tag-berlin"],"_links":{"self":[{"href":"https:\/\/www.turna.com\/blog\/wp-json\/wp\/v2\/posts\/17522","targetHints":{"allow":["GET"]}}],"collection":[{"href":"https:\/\/www.turna.com\/blog\/wp-json\/wp\/v2\/posts"}],"about":[{"href":"https:\/\/www.turna.com\/blog\/wp-json\/wp\/v2\/types\/post"}],"author":[{"embeddable":true,"href":"https:\/\/www.turna.com\/blog\/wp-json\/wp\/v2\/users\/34"}],"replies":[{"embeddable":true,"href":"https:\/\/www.turna.com\/blog\/wp-json\/wp\/v2\/comments?post=17522"}],"version-history":[{"count":0,"href":"https:\/\/www.turna.com\/blog\/wp-json\/wp\/v2\/posts\/17522\/revisions"}],"wp:featuredmedia":[{"embeddable":true,"href":"https:\/\/www.turna.com\/blog\/wp-json\/wp\/v2\/media\/23226"}],"wp:attachment":[{"href":"https:\/\/www.turna.com\/blog\/wp-json\/wp\/v2\/media?parent=17522"}],"wp:term":[{"taxonomy":"category","embeddable":true,"href":"https:\/\/www.turna.com\/blog\/wp-json\/wp\/v2\/categories?post=17522"},{"taxonomy":"post_tag","embeddable":true,"href":"https:\/\/www.turna.com\/blog\/wp-json\/wp\/v2\/tags?post=17522"}],"curies":[{"name":"wp","href":"https:\/\/api.w.org\/{rel}","templated":true}]}}