{"id":17334,"date":"2019-12-30T08:30:47","date_gmt":"2019-12-30T06:30:47","guid":{"rendered":"https:\/\/www.turna.com\/blog\/?p=17334"},"modified":"2019-12-30T10:53:39","modified_gmt":"2019-12-30T08:53:39","slug":"cenevrenin-tadini-cikarmak-icin-oneriler","status":"publish","type":"post","link":"https:\/\/www.turna.com\/blog\/cenevrenin-tadini-cikarmak-icin-oneriler","title":{"rendered":"Cenevre&#8217;nin Tad\u0131n\u0131 \u00c7\u0131karmak \u0130\u00e7in \u00d6neriler"},"content":{"rendered":"<div id=\"ez-toc-container\" class=\"ez-toc-v2_0_82_2 counter-hierarchy ez-toc-counter ez-toc-black ez-toc-container-direction\">\n<div class=\"ez-toc-title-container\">\n<p class=\"ez-toc-title\" style=\"cursor:inherit\">\u0130\u00e7indekiler<\/p>\n<span class=\"ez-toc-title-toggle\"><a href=\"#\" class=\"ez-toc-pull-right ez-toc-btn ez-toc-btn-xs ez-toc-btn-default ez-toc-toggle\" aria-label=\"\u0130\u00e7indekiler Tablosunu A\u00e7\/Kapat\"><span class=\"ez-toc-js-icon-con\"><span class=\"\"><span class=\"eztoc-hide\" style=\"display:none;\">Toggle<\/span><span class=\"ez-toc-icon-toggle-span\"><svg style=\"fill: #ffffff;color:#ffffff\" xmlns=\"http:\/\/www.w3.org\/2000\/svg\" class=\"list-377408\" width=\"20px\" height=\"20px\" viewBox=\"0 0 24 24\" fill=\"none\"><path d=\"M6 6H4v2h2V6zm14 0H8v2h12V6zM4 11h2v2H4v-2zm16 0H8v2h12v-2zM4 16h2v2H4v-2zm16 0H8v2h12v-2z\" fill=\"currentColor\"><\/path><\/svg><svg style=\"fill: #ffffff;color:#ffffff\" class=\"arrow-unsorted-368013\" xmlns=\"http:\/\/www.w3.org\/2000\/svg\" width=\"10px\" height=\"10px\" viewBox=\"0 0 24 24\" version=\"1.2\" baseProfile=\"tiny\"><path d=\"M18.2 9.3l-6.2-6.3-6.2 6.3c-.2.2-.3.4-.3.7s.1.5.3.7c.2.2.4.3.7.3h11c.3 0 .5-.1.7-.3.2-.2.3-.5.3-.7s-.1-.5-.3-.7zM5.8 14.7l6.2 6.3 6.2-6.3c.2-.2.3-.5.3-.7s-.1-.5-.3-.7c-.2-.2-.4-.3-.7-.3h-11c-.3 0-.5.1-.7.3-.2.2-.3.5-.3.7s.1.5.3.7z\"\/><\/svg><\/span><\/span><\/span><\/a><\/span><\/div>\n<nav><ul class='ez-toc-list ez-toc-list-level-1 eztoc-toggle-hide-by-default' ><li class='ez-toc-page-1 ez-toc-heading-level-2'><a class=\"ez-toc-link ez-toc-heading-1\" href=\"https:\/\/www.turna.com\/blog\/cenevrenin-tadini-cikarmak-icin-oneriler\/#cenevrenin_tadini_cikarmak_icin_oneriler\" >Cenevre&#8217;nin Tad\u0131n\u0131 \u00c7\u0131karmak \u0130\u00e7in \u00d6neriler<\/a><ul class='ez-toc-list-level-3' ><li class='ez-toc-heading-level-3'><a class=\"ez-toc-link ez-toc-heading-2\" href=\"https:\/\/www.turna.com\/blog\/cenevrenin-tadini-cikarmak-icin-oneriler\/#1_cenevre_golunun_tadini_cikarin\" >1. Cenevre G\u00f6l\u00fc&#8217;n\u00fcn tad\u0131n\u0131 \u00e7\u0131kar\u0131n<\/a><\/li><li class='ez-toc-page-1 ez-toc-heading-level-3'><a class=\"ez-toc-link ez-toc-heading-3\" href=\"https:\/\/www.turna.com\/blog\/cenevrenin-tadini-cikarmak-icin-oneriler\/#2_saleveye_tirmanin\" >2. Sal\u00e8ve&#8217;ye t\u0131rman\u0131n<\/a><\/li><li class='ez-toc-page-1 ez-toc-heading-level-3'><a class=\"ez-toc-link ez-toc-heading-4\" href=\"https:\/\/www.turna.com\/blog\/cenevrenin-tadini-cikarmak-icin-oneriler\/#3_uluslararasi_cenevreyi_kesfedin\" >3. Uluslararas\u0131 Cenevre&#8217;yi ke\u015ffedin<\/a><\/li><li class='ez-toc-page-1 ez-toc-heading-level-3'><a class=\"ez-toc-link ez-toc-heading-5\" href=\"https:\/\/www.turna.com\/blog\/cenevrenin-tadini-cikarmak-icin-oneriler\/#4_cernde_her_seyin_kokenini_kesfedin\" >4. CERN&#8217;de her \u015feyin k\u00f6kenini ke\u015ffedin<\/a><\/li><li class='ez-toc-page-1 ez-toc-heading-level-3'><a class=\"ez-toc-link ez-toc-heading-6\" href=\"https:\/\/www.turna.com\/blog\/cenevrenin-tadini-cikarmak-icin-oneriler\/#5_jet_deauda_dolasin\" >5. Jet d&#8217;Eau\u2019da dola\u015f\u0131n<\/a><\/li><li class='ez-toc-page-1 ez-toc-heading-level-3'><a class=\"ez-toc-link ez-toc-heading-7\" href=\"https:\/\/www.turna.com\/blog\/cenevrenin-tadini-cikarmak-icin-oneriler\/#6_bains_des_paquisde_fondu_yapin\" >6. Bains des P\u00e2quis&#8217;de fond\u00fc yap\u0131n<\/a><\/li><li class='ez-toc-page-1 ez-toc-heading-level-3'><a class=\"ez-toc-link ez-toc-heading-8\" href=\"https:\/\/www.turna.com\/blog\/cenevrenin-tadini-cikarmak-icin-oneriler\/#7_eski_kenti_kesfedin\" >7. Eski kenti ke\u015ffedin<\/a><\/li><\/ul><\/li><\/ul><\/nav><\/div>\n<p>\u0130svi\u00e7re&#8217;nin g\u00fcneyinde Fransa s\u0131n\u0131r\u0131na yak\u0131n bir konumda bulunan <strong>Cenevre<\/strong> \u015fehri, Avrupa&#8217;n\u0131n en \u00f6nemli kurum ve kurulu\u015flar\u0131 ile \u015firketlerin merkez ofislerine ev sahipli\u011fi yap\u0131yor.<\/p>\n<p>Tarih boyunca \u00e7ok \u00f6nemli bir stratejik merkez olan Cenevre, g\u00fcn\u00fcm\u00fczde g\u00f6l\u00fc ve do\u011fal g\u00fczelliklerinin yan\u0131 s\u0131ra zengin tarihi ve k\u00fclt\u00fcrel miras\u0131 ile de ziyaret\u00e7ilerini cezbediyor.<\/p>\n<p>Cenevre&#8217;de zaman\u0131n\u0131z\u0131 nas\u0131l ge\u00e7irece\u011finizi merak m\u0131 ediyorsunuz? Konaklaman\u0131z boyunca g\u00f6r\u00fclecek ve yap\u0131lacak en iyi on \u015fey listesini inceleyin.<\/p>\n<p><a href=\"https:\/\/www.turna.com\/ucak-bileti\/cenevre\" target=\"_blank\" rel=\"noopener noreferrer\"><strong>Cenevre u\u00e7ak bileti<\/strong><\/a> se\u00e7eneklerine g\u00f6z at\u0131n.<\/p>\n<h2><span class=\"ez-toc-section\" id=\"cenevrenin_tadini_cikarmak_icin_oneriler\"><\/span><strong>Cenevre&#8217;nin Tad\u0131n\u0131 \u00c7\u0131karmak \u0130\u00e7in \u00d6neriler<\/strong><span class=\"ez-toc-section-end\"><\/span><\/h2>\n<h3><span class=\"ez-toc-section\" id=\"1_cenevre_golunun_tadini_cikarin\"><\/span><strong>1. Cenevre G\u00f6l\u00fc&#8217;n\u00fcn tad\u0131n\u0131 \u00e7\u0131kar\u0131n<\/strong><span class=\"ez-toc-section-end\"><\/span><\/h3>\n<p><img width=\"800\" height=\"500\" data-public-id=\"Cenevre-Golu_rt0e6t\/Cenevre-Golu_rt0e6t.jpg\" fetchpriority=\"high\" decoding=\"async\" class=\"alignnone wp-post-17334 wp-image-17368\" src=\"https:\/\/res.cloudinary.com\/turna\/images\/w_800,h_500,c_scale\/f_auto,q_auto:low\/v1577695978\/Cenevre-Golu_rt0e6t\/Cenevre-Golu_rt0e6t.jpg?_i=AA\" data-format=\"jpg\" data-transformations=\"f_auto,q_auto:low\" data-version=\"1577695978\" data-seo=\"1\" \/>Cenevre G\u00f6l\u00fc veya bilindi\u011fi gibi Lac L\u00e9man, bat\u0131 Avrupa&#8217;n\u0131n en b\u00fcy\u00fck g\u00f6llerinden birisi. Yaz aylar\u0131nda, Cenevre&#8217;nin plajlar\u0131, normalde so\u011fuk olan suyu biraz daha tolere edilebilir hale geldi\u011finden, g\u00fcne\u015flenenlerle ile dolu oluyor. Yat\u00e7\u0131lar, kanolar ve su kayak\u00e7\u0131lar\u0131 da g\u00f6le gidiyor. Yaz aylar\u0131nda mayolar\u0131n\u0131z\u0131 yan\u0131n\u0131za al\u0131n ve g\u00f6l\u00fcn tad\u0131n\u0131 \u00e7\u0131kar\u0131n.<\/p>\n<h3><span class=\"ez-toc-section\" id=\"2_saleveye_tirmanin\"><\/span><strong>2. Sal\u00e8ve&#8217;ye t\u0131rman\u0131n<\/strong><span class=\"ez-toc-section-end\"><\/span><\/h3>\n<p>Cenevre ve \u00e7evresindeki da\u011flar\u0131n en iyi ve en g\u00f6rkemli manzaralar\u0131 i\u00e7in Sal\u00e8ve&#8217;nin tepesine \u00e7\u0131kmal\u0131s\u0131n\u0131z. G\u00fcneye do\u011fru ufuk \u00e7izgisine h\u00e2kim ve zorlu bir m\u00fccadeleye benzemesine ra\u011fmen, 1-2 saatten fazla s\u00fcrmeyen kolay bir y\u00fcr\u00fcy\u00fc\u015f yolu. U\u00e7urumdan yukar\u0131 do\u011fru rahat bir yolculuk yapmay\u0131 tercih ediyorsan\u0131z, Veyrier&#8217;den teleferi\u011fe (t\u00e9l\u00e9rique) de binebilirsiniz.<\/p>\n<h3><span class=\"ez-toc-section\" id=\"3_uluslararasi_cenevreyi_kesfedin\"><\/span><strong>3. Uluslararas\u0131 Cenevre&#8217;yi ke\u015ffedin<\/strong><span class=\"ez-toc-section-end\"><\/span><\/h3>\n<p>Cenevre, ya\u015fad\u0131\u011f\u0131m\u0131z d\u00fcnyay\u0131 \u015fekillendiren bir\u00e7ok uluslararas\u0131 organizasyona ev sahipli\u011fi yap\u0131yor. Palais des Nations, Birle\u015fmi\u015f Milletler tarihi hakk\u0131nda bilgi edinebilece\u011finiz rehberli turlarda ke\u015ffedilmeye a\u00e7\u0131k. Uluslararas\u0131 K\u0131z\u0131lha\u00e7 ve Red Crescent M\u00fczesi, insanlar\u0131n yapabilecekleri ac\u0131mas\u0131zl\u0131klar\u0131 g\u00f6sterdi\u011fi i\u00e7in bu gibi organizasyonlar olduk\u00e7a \u00f6nemli. Cenevre\u2019nin uluslararas\u0131 b\u00f6lgesini ke\u015ffetmeye ba\u015flamak i\u00e7in en iyi yer, BM binas\u0131n\u0131n giri\u015f kap\u0131s\u0131n\u0131n hemen \u00f6n\u00fcnde yer alan b\u00fcy\u00fck, a\u00e7\u0131k bir meydan olan Place Des Nations.<\/p>\n<h3><span class=\"ez-toc-section\" id=\"4_cernde_her_seyin_kokenini_kesfedin\"><\/span><strong>4. CERN&#8217;de her \u015feyin k\u00f6kenini ke\u015ffedin<\/strong><span class=\"ez-toc-section-end\"><\/span><\/h3>\n<p><img width=\"800\" height=\"500\" data-public-id=\"Cern_m98ner\/Cern_m98ner.jpg\" decoding=\"async\" class=\"alignnone wp-post-17334 wp-image-17369\" src=\"https:\/\/res.cloudinary.com\/turna\/images\/w_800,h_500,c_scale\/f_auto,q_auto:low\/v1577695979\/Cern_m98ner\/Cern_m98ner.jpg?_i=AA\" data-format=\"jpg\" data-transformations=\"f_auto,q_auto:low\" data-version=\"1577695979\" data-seo=\"1\" \/><\/p>\n<p>Cenevre&#8217;nin eteklerinde, CERN&#8217;i ve 27 kilometrelik s\u00fcper iletken m\u0131knat\u0131s halkalar\u0131n\u0131 bulacaks\u0131n\u0131z. Ziyaretiniz i\u00e7in do\u011fru zaman ay\u0131r\u0131rsan\u0131z (LHC a\u00e7\u0131k de\u011filken) i\u00e7eri girebilirsiniz. Fakat bu f\u0131rsat\u0131 yakalayamasan\u0131z bile, orada \u00e7al\u0131\u015fan bilim adamlar\u0131n\u0131n evrenimizin s\u0131rlar\u0131n\u0131 nas\u0131l a\u00e7\u0131\u011fa \u00e7\u0131karmaya \u00e7al\u0131\u015ft\u0131klar\u0131n\u0131 ke\u015ffedebilece\u011finiz Microcosm ve CERN Laboratuvarlar\u0131 var.<\/p>\n<h3><span class=\"ez-toc-section\" id=\"5_jet_deauda_dolasin\"><\/span><strong>5. Jet d&#8217;Eau\u2019da dola\u015f\u0131n<\/strong><span class=\"ez-toc-section-end\"><\/span><\/h3>\n<p>Jet d&#8217;Eau&#8217;yu ka\u00e7\u0131rmak zor, \u00e7\u00fcnk\u00fc Cenevre G\u00f6l\u00fc&#8217;nden 140 metre havaya su f\u0131\u015fk\u0131rt\u0131yor. G\u00f6r\u00fcn\u00fc\u015fe g\u00f6re, k\u00f6kenleri yak\u0131ndaki bir hidrolik tesisin a\u015f\u0131r\u0131 bask\u0131 yapmas\u0131n\u0131n bir sonucu ve \u015fehrin kusursuz sembol\u00fc.<\/p>\n<h3><span class=\"ez-toc-section\" id=\"6_bains_des_paquisde_fondu_yapin\"><\/span><strong>6. Bains des P\u00e2quis&#8217;de fond\u00fc yap\u0131n<\/strong><span class=\"ez-toc-section-end\"><\/span><\/h3>\n<p>Yaz aylar\u0131nda Bains des P\u00e2quis, \u0130svi\u00e7re&#8217;nin en pop\u00fcler plajlar\u0131ndan birisi. Eyl\u00fcl-nisan aylar\u0131 aras\u0131nda, restoran La Buvette de Bains, fond\u00fc servisi yapmakta. Etraftaki en iyi fond\u00fc olmayabilir ve zaman zaman biraz g\u00fcr\u00fclt\u00fcl\u00fc olabilir, ancak Bains des P\u00e2quis, yerel halkla yemek yemek i\u00e7in en iyi yerlerden biri.<\/p>\n<h3><span class=\"ez-toc-section\" id=\"7_eski_kenti_kesfedin\"><\/span><strong>7. Eski kenti ke\u015ffedin<\/strong><span class=\"ez-toc-section-end\"><\/span><\/h3>\n<p><img width=\"800\" height=\"500\" data-public-id=\"Eski-Sehir_pxnsmp\/Eski-Sehir_pxnsmp.jpg\" decoding=\"async\" class=\"alignnone wp-post-17334 wp-image-17370\" src=\"https:\/\/res.cloudinary.com\/turna\/images\/w_800,h_500,c_scale\/f_auto,q_auto:low\/v1577695979\/Eski-Sehir_pxnsmp\/Eski-Sehir_pxnsmp.jpg?_i=AA\" data-format=\"jpg\" data-transformations=\"f_auto,q_auto:low\" data-version=\"1577695979\" data-seo=\"1\" \/><\/p>\n<p>Cenevre&#8217;nin eski \u015fehri, k\u00fc\u00e7\u00fck sokaklar\u0131 dolamba\u00e7l\u0131 bir labirenti and\u0131r\u0131r. Ba\u015flamak i\u00e7in en iyi yer, Cenevre&#8217;deki en eski yer olan ve \u015fu anda kafe ve butik d\u00fckk\u00e2nlarla kapl\u0131 olan Place du Bourg-de-Four. Mek\u00e2n\u0131n \u00f6n\u00fcndeki caddelerin herhangi birinden eski \u015fehri ke\u015ffedebilirsiniz. G\u00f6r\u00fclmesi gereken bir di\u011feri ise, 12. ve 13. y\u00fczy\u0131llar aras\u0131nda in\u015fa edilmi\u015f olan Aziz Pierre Katedrali ve protestan reformcu John Calvin&#8217;in me\u015fhur vaaz verdi\u011fi yer.<\/p>\n\n    <div class=\"xs_social_share_widget xs_share_url after_content \t\tmain_content  wslu-style-1 wslu-share-box-shaped wslu-fill-colored wslu-none wslu-share-horizontal wslu-theme-font-no wslu-main_content\">\n\n\t\t\n        <ul>\n\t\t\t        <\/ul>\n    <\/div> \n","protected":false},"excerpt":{"rendered":"<p>\u0130svi\u00e7re&#8217;nin g\u00fcneyinde Fransa s\u0131n\u0131r\u0131na yak\u0131n bir konumda bulunan Cenevre \u015fehri, Avrupa&#8217;n\u0131n en \u00f6nemli kurum ve kurulu\u015flar\u0131 ile \u015firketlerin merkez ofislerine ev sahipli\u011fi yap\u0131yor. Tarih boyunca \u00e7ok \u00f6nemli bir stratejik merkez olan Cenevre, g\u00fcn\u00fcm\u00fczde g\u00f6l\u00fc ve do\u011fal g\u00fczelliklerinin yan\u0131 s\u0131ra zengin tarihi ve k\u00fclt\u00fcrel miras\u0131 ile de ziyaret\u00e7ilerini cezbediyor. Cenevre&#8217;de zaman\u0131n\u0131z\u0131 nas\u0131l ge\u00e7irece\u011finizi merak m\u0131 ediyorsunuz? [&hellip;]<\/p>\n","protected":false},"author":9,"featured_media":17368,"comment_status":"open","ping_status":"open","sticky":false,"template":"","format":"standard","meta":{"rop_custom_images_group":[],"rop_custom_messages_group":[],"rop_publish_now":"initial","rop_publish_now_accounts":[],"rop_publish_now_history":[],"rop_publish_now_status":"pending","_cloudinary_featured_overwrite":false,"footnotes":""},"categories":[169],"tags":[1897],"class_list":["post-17334","post","type-post","status-publish","format-standard","has-post-thumbnail","hentry","category-isvicre","tag-cenevre"],"_links":{"self":[{"href":"https:\/\/www.turna.com\/blog\/wp-json\/wp\/v2\/posts\/17334","targetHints":{"allow":["GET"]}}],"collection":[{"href":"https:\/\/www.turna.com\/blog\/wp-json\/wp\/v2\/posts"}],"about":[{"href":"https:\/\/www.turna.com\/blog\/wp-json\/wp\/v2\/types\/post"}],"author":[{"embeddable":true,"href":"https:\/\/www.turna.com\/blog\/wp-json\/wp\/v2\/users\/9"}],"replies":[{"embeddable":true,"href":"https:\/\/www.turna.com\/blog\/wp-json\/wp\/v2\/comments?post=17334"}],"version-history":[{"count":0,"href":"https:\/\/www.turna.com\/blog\/wp-json\/wp\/v2\/posts\/17334\/revisions"}],"wp:featuredmedia":[{"embeddable":true,"href":"https:\/\/www.turna.com\/blog\/wp-json\/wp\/v2\/media\/17368"}],"wp:attachment":[{"href":"https:\/\/www.turna.com\/blog\/wp-json\/wp\/v2\/media?parent=17334"}],"wp:term":[{"taxonomy":"category","embeddable":true,"href":"https:\/\/www.turna.com\/blog\/wp-json\/wp\/v2\/categories?post=17334"},{"taxonomy":"post_tag","embeddable":true,"href":"https:\/\/www.turna.com\/blog\/wp-json\/wp\/v2\/tags?post=17334"}],"curies":[{"name":"wp","href":"https:\/\/api.w.org\/{rel}","templated":true}]}}