{"id":17064,"date":"2024-10-30T15:32:33","date_gmt":"2024-10-30T12:32:33","guid":{"rendered":"https:\/\/www.turna.com\/blog\/?p=17064"},"modified":"2025-08-25T17:33:20","modified_gmt":"2025-08-25T14:33:20","slug":"lizbonda-gezilecek-en-guzel-yerler","status":"publish","type":"post","link":"https:\/\/www.turna.com\/blog\/lizbonda-gezilecek-en-guzel-yerler","title":{"rendered":"Lizbon&#8217;da Gezilecek Yerler: 24 G\u00f6r\u00fclecek Durak"},"content":{"rendered":"<div id=\"ez-toc-container\" class=\"ez-toc-v2_0_82_2 counter-hierarchy ez-toc-counter ez-toc-black ez-toc-container-direction\">\n<div class=\"ez-toc-title-container\">\n<p class=\"ez-toc-title\" style=\"cursor:inherit\">\u0130\u00e7indekiler<\/p>\n<span class=\"ez-toc-title-toggle\"><a href=\"#\" class=\"ez-toc-pull-right ez-toc-btn ez-toc-btn-xs ez-toc-btn-default ez-toc-toggle\" aria-label=\"\u0130\u00e7indekiler Tablosunu A\u00e7\/Kapat\"><span class=\"ez-toc-js-icon-con\"><span class=\"\"><span class=\"eztoc-hide\" style=\"display:none;\">Toggle<\/span><span class=\"ez-toc-icon-toggle-span\"><svg style=\"fill: #ffffff;color:#ffffff\" xmlns=\"http:\/\/www.w3.org\/2000\/svg\" class=\"list-377408\" width=\"20px\" height=\"20px\" viewBox=\"0 0 24 24\" fill=\"none\"><path d=\"M6 6H4v2h2V6zm14 0H8v2h12V6zM4 11h2v2H4v-2zm16 0H8v2h12v-2zM4 16h2v2H4v-2zm16 0H8v2h12v-2z\" fill=\"currentColor\"><\/path><\/svg><svg style=\"fill: #ffffff;color:#ffffff\" class=\"arrow-unsorted-368013\" xmlns=\"http:\/\/www.w3.org\/2000\/svg\" width=\"10px\" height=\"10px\" viewBox=\"0 0 24 24\" version=\"1.2\" baseProfile=\"tiny\"><path d=\"M18.2 9.3l-6.2-6.3-6.2 6.3c-.2.2-.3.4-.3.7s.1.5.3.7c.2.2.4.3.7.3h11c.3 0 .5-.1.7-.3.2-.2.3-.5.3-.7s-.1-.5-.3-.7zM5.8 14.7l6.2 6.3 6.2-6.3c.2-.2.3-.5.3-.7s-.1-.5-.3-.7c-.2-.2-.4-.3-.7-.3h-11c-.3 0-.5.1-.7.3-.2.2-.3.5-.3.7s.1.5.3.7z\"\/><\/svg><\/span><\/span><\/span><\/a><\/span><\/div>\n<nav><ul class='ez-toc-list ez-toc-list-level-1 eztoc-toggle-hide-by-default' ><li class='ez-toc-page-1 ez-toc-heading-level-2'><a class=\"ez-toc-link ez-toc-heading-1\" href=\"https:\/\/www.turna.com\/blog\/lizbonda-gezilecek-en-guzel-yerler\/#lizbon_gezilecek_yerler\" >Lizbon Gezilecek Yerler<\/a><ul class='ez-toc-list-level-3' ><li class='ez-toc-heading-level-3'><a class=\"ez-toc-link ez-toc-heading-2\" href=\"https:\/\/www.turna.com\/blog\/lizbonda-gezilecek-en-guzel-yerler\/#augusto_caddesi\" >Augusto Caddesi<\/a><\/li><li class='ez-toc-page-1 ez-toc-heading-level-3'><a class=\"ez-toc-link ez-toc-heading-3\" href=\"https:\/\/www.turna.com\/blog\/lizbonda-gezilecek-en-guzel-yerler\/#alfama\" >Alfama<\/a><\/li><li class='ez-toc-page-1 ez-toc-heading-level-3'><a class=\"ez-toc-link ez-toc-heading-4\" href=\"https:\/\/www.turna.com\/blog\/lizbonda-gezilecek-en-guzel-yerler\/#praca_do_comercio\" >Pra\u00e7a do Com\u00e9rcio<\/a><\/li><li class='ez-toc-page-1 ez-toc-heading-level-3'><a class=\"ez-toc-link ez-toc-heading-5\" href=\"https:\/\/www.turna.com\/blog\/lizbonda-gezilecek-en-guzel-yerler\/#lizbon_katedrali_se_de_lisboa\" >Lizbon Katedrali (S\u00e9 de Lisboa)<\/a><\/li><li class='ez-toc-page-1 ez-toc-heading-level-3'><a class=\"ez-toc-link ez-toc-heading-6\" href=\"https:\/\/www.turna.com\/blog\/lizbonda-gezilecek-en-guzel-yerler\/#28_numarali_tramvay_hatti\" >28 Numaral\u0131 Tramvay Hatt\u0131<\/a><\/li><li class='ez-toc-page-1 ez-toc-heading-level-3'><a class=\"ez-toc-link ez-toc-heading-7\" href=\"https:\/\/www.turna.com\/blog\/lizbonda-gezilecek-en-guzel-yerler\/#rossio_meydani\" >Rossio Meydan\u0131<\/a><\/li><li class='ez-toc-page-1 ez-toc-heading-level-3'><a class=\"ez-toc-link ez-toc-heading-8\" href=\"https:\/\/www.turna.com\/blog\/lizbonda-gezilecek-en-guzel-yerler\/#elevador_de_santa_justa\" >Elevador de Santa Justa<\/a><\/li><li class='ez-toc-page-1 ez-toc-heading-level-3'><a class=\"ez-toc-link ez-toc-heading-9\" href=\"https:\/\/www.turna.com\/blog\/lizbonda-gezilecek-en-guzel-yerler\/#lx_factory\" >LX Factory<\/a><\/li><li class='ez-toc-page-1 ez-toc-heading-level-3'><a class=\"ez-toc-link ez-toc-heading-10\" href=\"https:\/\/www.turna.com\/blog\/lizbonda-gezilecek-en-guzel-yerler\/#bairro_alto\" >Bairro Alto<\/a><\/li><li class='ez-toc-page-1 ez-toc-heading-level-3'><a class=\"ez-toc-link ez-toc-heading-11\" href=\"https:\/\/www.turna.com\/blog\/lizbonda-gezilecek-en-guzel-yerler\/#fado_muzesi\" >Fado M\u00fczesi<\/a><\/li><li class='ez-toc-page-1 ez-toc-heading-level-3'><a class=\"ez-toc-link ez-toc-heading-12\" href=\"https:\/\/www.turna.com\/blog\/lizbonda-gezilecek-en-guzel-yerler\/#cristo_rei_heykeli\" >Cristo Rei Heykeli<\/a><\/li><li class='ez-toc-page-1 ez-toc-heading-level-3'><a class=\"ez-toc-link ez-toc-heading-13\" href=\"https:\/\/www.turna.com\/blog\/lizbonda-gezilecek-en-guzel-yerler\/#calouste_gulbenkian_muzesi\" >Calouste Gulbenkian M\u00fczesi<\/a><\/li><li class='ez-toc-page-1 ez-toc-heading-level-3'><a class=\"ez-toc-link ez-toc-heading-14\" href=\"https:\/\/www.turna.com\/blog\/lizbonda-gezilecek-en-guzel-yerler\/#sao_roque_kilisesi\" >Sao Roque Kilisesi<\/a><\/li><li class='ez-toc-page-1 ez-toc-heading-level-3'><a class=\"ez-toc-link ez-toc-heading-15\" href=\"https:\/\/www.turna.com\/blog\/lizbonda-gezilecek-en-guzel-yerler\/#belem_kasifler_aniti\" >Belem Ka\u015fifler An\u0131t\u0131<\/a><\/li><li class='ez-toc-page-1 ez-toc-heading-level-3'><a class=\"ez-toc-link ez-toc-heading-16\" href=\"https:\/\/www.turna.com\/blog\/lizbonda-gezilecek-en-guzel-yerler\/#belem_kulesi\" >Belem Kulesi<\/a><\/li><li class='ez-toc-page-1 ez-toc-heading-level-3'><a class=\"ez-toc-link ez-toc-heading-17\" href=\"https:\/\/www.turna.com\/blog\/lizbonda-gezilecek-en-guzel-yerler\/#belem_pastanesi\" >Belem Pastanesi<\/a><\/li><li class='ez-toc-page-1 ez-toc-heading-level-3'><a class=\"ez-toc-link ez-toc-heading-18\" href=\"https:\/\/www.turna.com\/blog\/lizbonda-gezilecek-en-guzel-yerler\/#jeronimos_manastiri\" >Jeronimos Manast\u0131r\u0131<\/a><\/li><li class='ez-toc-page-1 ez-toc-heading-level-3'><a class=\"ez-toc-link ez-toc-heading-19\" href=\"https:\/\/www.turna.com\/blog\/lizbonda-gezilecek-en-guzel-yerler\/#25_nisan_koprusu\" >25 Nisan K\u00f6pr\u00fcs\u00fc<\/a><\/li><li class='ez-toc-page-1 ez-toc-heading-level-3'><a class=\"ez-toc-link ez-toc-heading-20\" href=\"https:\/\/www.turna.com\/blog\/lizbonda-gezilecek-en-guzel-yerler\/#okyanus_muzesi\" >Okyanus M\u00fczesi<\/a><\/li><li class='ez-toc-page-1 ez-toc-heading-level-3'><a class=\"ez-toc-link ez-toc-heading-21\" href=\"https:\/\/www.turna.com\/blog\/lizbonda-gezilecek-en-guzel-yerler\/#cascais\" >Cascais<\/a><\/li><li class='ez-toc-page-1 ez-toc-heading-level-3'><a class=\"ez-toc-link ez-toc-heading-22\" href=\"https:\/\/www.turna.com\/blog\/lizbonda-gezilecek-en-guzel-yerler\/#ulusal_cini_muzesi\" >Ulusal \u00c7ini M\u00fczesi<\/a><\/li><li class='ez-toc-page-1 ez-toc-heading-level-3'><a class=\"ez-toc-link ez-toc-heading-23\" href=\"https:\/\/www.turna.com\/blog\/lizbonda-gezilecek-en-guzel-yerler\/#carmo_rahibe_manastiri\" >Carmo Rahibe Manast\u0131r\u0131<\/a><\/li><li class='ez-toc-page-1 ez-toc-heading-level-3'><a class=\"ez-toc-link ez-toc-heading-24\" href=\"https:\/\/www.turna.com\/blog\/lizbonda-gezilecek-en-guzel-yerler\/#basilica_de_estrela\" >Basilica de Estrela<\/a><\/li><li class='ez-toc-page-1 ez-toc-heading-level-3'><a class=\"ez-toc-link ez-toc-heading-25\" href=\"https:\/\/www.turna.com\/blog\/lizbonda-gezilecek-en-guzel-yerler\/#maat_museum_of_art_architecture_and_technology\" >MAAT: Museum of Art, Architecture and Technology<\/a><\/li><\/ul><\/li><li class='ez-toc-page-1 ez-toc-heading-level-2'><a class=\"ez-toc-link ez-toc-heading-26\" href=\"https:\/\/www.turna.com\/blog\/lizbonda-gezilecek-en-guzel-yerler\/#lizbonda_2_gun_plani\" >Lizbon&#8217;da 2 G\u00fcn Plan\u0131<\/a><\/li><\/ul><\/nav><\/div>\n\n<p>Renkli sokaklar, birbirinden cazibeli k\u00f6\u015feler ve tarihiyle b\u00fcy\u00fcleyen bir \u015fehir&#8230; Lizbon, Avrupa\u2019n\u0131n en \u00f6zel ba\u015fkentlerinden biri olarak gezginleri kendine \u00e7ekerken, ke\u015ffedilecek yerleriyle adeta bir hazine. Fado\u2019nun h\u00fcz\u00fcnl\u00fc notalar\u0131n\u0131n yank\u0131land\u0131\u011f\u0131, sar\u0131 tramvaylar\u0131n ta\u015f sokaklardan ge\u00e7ti\u011fi bu \u015fehirde her ad\u0131mda tarihin izlerine rastlayacaks\u0131n\u0131z. <strong>Lizbon\u2019da Gezilecek Yerler<\/strong> aras\u0131nda muhte\u015fem manzaral\u0131 kalelerden, pastel tonlar\u0131ndaki binalara, sanat dolu m\u00fczelerden, denizle i\u00e7 i\u00e7e meydanlara kadar say\u0131s\u0131z ke\u015fif noktas\u0131 bulunuyor. Haz\u0131rsan\u0131z, Lizbon\u2019un ritmiyle dans edece\u011finiz bu unutulmaz \u015fehir turuna ba\u015flayal\u0131m!<\/p>\n\n\n\n<h2 class=\"wp-block-heading has-text-align-center has-neeon-button-dark-gray-color has-text-color has-link-color wp-elements-7c294458e92d67df07b22507c489100c\"><span class=\"ez-toc-section\" id=\"lizbon_gezilecek_yerler\"><\/span><strong><strong><strong>Lizbon Gezilecek Yerler<\/strong><\/strong><\/strong><span class=\"ez-toc-section-end\"><\/span><\/h2>\n\n\n\n<figure class=\"wp-block-image size-large\"><img width=\"1600\" height=\"1000\" decoding=\"async\" src=\"data:image\/svg+xml;base64,PHN2ZyB4bWxucz0iaHR0cDovL3d3dy53My5vcmcvMjAwMC9zdmciIHdpZHRoPSIxNjAwIiBoZWlnaHQ9IjEwMDAiPjxyZWN0IHdpZHRoPSIxMDAlIiBoZWlnaHQ9IjEwMCUiPjxhbmltYXRlIGF0dHJpYnV0ZU5hbWU9ImZpbGwiIHZhbHVlcz0icmdiYSgxNTMsMTUzLDE1MywwLjUpO3JnYmEoMTUzLDE1MywxNTMsMC4xKTtyZ2JhKDE1MywxNTMsMTUzLDAuNSkiIGR1cj0iMnMiIHJlcGVhdENvdW50PSJpbmRlZmluaXRlIiAvPjwvcmVjdD48L3N2Zz4=\" alt=\"Lizbon&#039;da gezilecek yerler\" data-public-id=\"wordpress-contents\/lizbon_gezilecek_yerler\/lizbon_gezilecek_yerler.webp\" class=\"wp-post-17064 wp-image-23204\" data-format=\"webp\" data-transformations=\"f_auto,q_auto:low\" data-version=\"1727268516\" data-seo=\"1\" data-size=\"1600 1000\" data-srcset=\"https:\/\/res.cloudinary.com\/turna\/images\/f_auto,q_auto:low\/v1727268516\/wordpress-contents\/lizbon_gezilecek_yerler\/lizbon_gezilecek_yerler.webp?_i=AA 1600w, https:\/\/res.cloudinary.com\/turna\/images\/w_800,h_500,c_scale\/f_auto,q_auto:low\/v1727268516\/wordpress-contents\/lizbon_gezilecek_yerler\/lizbon_gezilecek_yerler.webp?_i=AA 800w, https:\/\/res.cloudinary.com\/turna\/images\/w_1024,h_640,c_scale\/f_auto,q_auto:low\/v1727268516\/wordpress-contents\/lizbon_gezilecek_yerler\/lizbon_gezilecek_yerler.webp?_i=AA 1024w, https:\/\/res.cloudinary.com\/turna\/images\/w_300,h_188,c_scale\/f_auto,q_auto:low\/v1727268516\/wordpress-contents\/lizbon_gezilecek_yerler\/lizbon_gezilecek_yerler.webp?_i=AA 300w, https:\/\/res.cloudinary.com\/turna\/images\/w_1536,h_960,c_scale\/f_auto,q_auto:low\/v1727268516\/wordpress-contents\/lizbon_gezilecek_yerler\/lizbon_gezilecek_yerler.webp?_i=AA 1536w, https:\/\/res.cloudinary.com\/turna\/images\/w_672,h_420,c_scale\/f_auto,q_auto:low\/v1727268516\/wordpress-contents\/lizbon_gezilecek_yerler\/lizbon_gezilecek_yerler.webp?_i=AA 672w, https:\/\/res.cloudinary.com\/turna\/images\/w_640,h_400,c_scale\/f_auto,q_auto:low\/v1727268516\/wordpress-contents\/lizbon_gezilecek_yerler\/lizbon_gezilecek_yerler.webp?_i=AA 640w, https:\/\/res.cloudinary.com\/turna\/images\/w_681,h_426,c_scale\/f_auto,q_auto:low\/v1727268516\/wordpress-contents\/lizbon_gezilecek_yerler\/lizbon_gezilecek_yerler.webp?_i=AA 681w\" data-sizes=\"(max-width: 1600px) 100vw, 1600px\" data-delivery=\"upload\" onload=\";window.CLDBind?CLDBind(this):null;\" data-cloudinary=\"lazy\" \/><\/figure>\n\n\n\n<p>Atlas Okyanusu\u2019nun k\u0131y\u0131s\u0131nda, yedi tepe \u00fczerine kurulu olan Lizbon, Portekiz\u2019in hem ba\u015fkenti hem de ruhu! Lizbon\u2019da Gezilecek Yerler listesini ke\u015ffederken, \u015fehrin tarihi dokusuyla modern enerjisinin m\u00fckemmel uyumuna hayran kalacaks\u0131n\u0131z. Roma \u0130mparatorlu\u011fu\u2019ndan denizcilerin alt\u0131n \u00e7a\u011f\u0131na kadar uzanan k\u00f6kl\u00fc ge\u00e7mi\u015fi, Lizbon\u2019u bir k\u00fclt\u00fcr ve tarih merkezi haline getirmi\u015f. Her k\u00f6\u015fesi, tarihi bir hikaye anlat\u0131yor; denizcilerin b\u00fcy\u00fck ke\u015fiflerinden, \u015fehrin yeniden do\u011fu\u015funa kadar say\u0131s\u0131z an\u0131ya tan\u0131k olacaks\u0131n\u0131z. Lizbon, tarih kokulu mahalleleri, g\u00f6rkemli saraylar\u0131 ve kaleleriyle her ziyaret\u00e7isine ge\u00e7mi\u015fin kap\u0131lar\u0131n\u0131 aral\u0131yor.<\/p>\n\n\n\n<p><strong><a href=\"https:\/\/maps.app.goo.gl\/c36oxJSWqqwcGhrc7\" target=\"_blank\" rel=\"noreferrer noopener\">Lizbon<\/a><\/strong> ya\u015fam dolu k\u00fclt\u00fcr\u00fc ve dinamik atmosferiyle de kalpleri fethediyor! Lizbon\u2019da Gezilecek Yerler aras\u0131nda tramvaylarla yap\u0131lacak keyifli bir \u015fehir turu, Alfama\u2019n\u0131n dar sokaklar\u0131nda kaybolmak ya da Bel\u00e9m\u2019in o \u00fcnl\u00fc pastanesinde bir kahve molas\u0131 vermek olmazsa olmazlar aras\u0131nda. Sanatseverler i\u00e7in m\u00fczeler, sokak sanat\u0131 merakl\u0131lar\u0131 i\u00e7inse grafitilerle dolu sokaklar tam bir a\u00e7\u0131k hava galerisi! Lizbon, hem turistler i\u00e7in e\u011flence dolu bir cennet hem de k\u00fclt\u00fcr gezginleri i\u00e7in b\u00fcy\u00fcleyici bir macera. Bu \u015fehirde zaman nas\u0131l ge\u00e7ti\u011fini anlamayacak, Lizbon\u2019un ritmine kap\u0131l\u0131p gideceksiniz!<\/p>\n\n\n\n<p><strong><a href=\"https:\/\/www.turna.com\/ucak-bileti\/lizbon\" target=\"_blank\" rel=\"noreferrer noopener\">Lizbon u\u00e7ak bileti<\/a><\/strong> se\u00e7enekleri Turna.com&#8217;da.<\/p>\n\n\n\n<p><strong>Lizbon&#8217;da Gezilecek Yerler Listesi<\/strong><\/p>\n\n\n\n<ol class=\"wp-block-list\">\n<li>Augusto Caddesi<\/li>\n\n\n\n<li>Alfama<\/li>\n\n\n\n<li>Pra\u00e7a do Com\u00e9rcio<\/li>\n\n\n\n<li>Lizbon Katedrali (S\u00e9 de Lisboa)<\/li>\n\n\n\n<li>28 Numaral\u0131 Tramvay Hatt\u0131<\/li>\n\n\n\n<li>Rossio Meydan\u0131<\/li>\n\n\n\n<li>Elevador de Santa Justa<\/li>\n\n\n\n<li>LX Factory<\/li>\n\n\n\n<li>Bairro Alto<\/li>\n\n\n\n<li>Fado M\u00fczesi<\/li>\n\n\n\n<li>Cristo Rei Heykeli<\/li>\n\n\n\n<li>Calouste Gulbenkian M\u00fczesi<\/li>\n\n\n\n<li>Sao Roque Kilisesi<\/li>\n\n\n\n<li>Belem Ka\u015fifler An\u0131t\u0131<\/li>\n\n\n\n<li>Belem Kulesi<\/li>\n\n\n\n<li>Belem Pastanesi<\/li>\n\n\n\n<li>Jeronimos Manast\u0131r\u0131<\/li>\n\n\n\n<li>25 Nisan K\u00f6pr\u00fcs\u00fc<\/li>\n\n\n\n<li>Okyanus M\u00fczesi<\/li>\n\n\n\n<li>Cascais<\/li>\n\n\n\n<li>Ulusal \u00c7ini M\u00fczesi<\/li>\n\n\n\n<li>Carmo Rahibe M\u00fczesi<\/li>\n\n\n\n<li>Basilica de Estrela<\/li>\n\n\n\n<li>MAAT: Museum of Art, Architecture and Technology<\/li>\n<\/ol>\n\n\n\n<h3 class=\"wp-block-heading has-text-align-center has-neeon-button-dark-gray-color has-text-color has-link-color wp-elements-3dd64c3a06b90605d17e4ea84f6f01af\"><span class=\"ez-toc-section\" id=\"augusto_caddesi\"><\/span><strong><strong><strong><strong>Augusto Caddesi<\/strong><\/strong><\/strong><\/strong><span class=\"ez-toc-section-end\"><\/span><\/h3>\n\n\n\n<figure class=\"wp-block-image size-large\"><img decoding=\"async\" src=\"https:\/\/res.cloudinary.com\/turna\/image\/upload\/v1727268516\/wordpress-contents\/augusta_caddesi.webp\" alt=\"Lizbon'da gezilecek yerler Augusto\"\/><\/figure>\n\n\n\n<p>Augusto Lizbon\u2019un en pop\u00fcler caddesi. Avrupan\u0131n bir \u00e7ok caddesi gibi sokak performans\u00e7\u0131lar\u0131n\u0131n g\u00f6zdesi. Augusto caddesinde seviye fark\u0131 olan 2 semti birbirine ba\u011flayan bir asans\u00f6r g\u00f6receksiniz. 1902 y\u0131l\u0131nda ula\u015f\u0131m\u0131 kolayla\u015ft\u0131rmak amac\u0131yla yap\u0131lm\u0131\u015f.<\/p>\n\n\n\n<p>\u015eimdi ise daha \u00e7ok turistik ama\u00e7l\u0131 olarak kullan\u0131l\u0131yor. \u015eehri tepeden g\u00f6rmek isterseniz bu asans\u00f6r\u00fc kullanabilirsiniz. Lizbon yoku\u015flu bir \u015fehir oldu\u011fundan pek \u00e7ok noktadan \u015fehri panoramik olarak seyredip foto\u011fraf \u00e7ekebilirsiniz. Bu y\u00fcksek teraslara mirador deniyor.<\/p>\n\n\n\n<h3 class=\"wp-block-heading has-text-align-center has-neeon-button-dark-gray-color has-text-color has-link-color wp-elements-05571713d031f8b0d5d0002ede7f5abc\"><span class=\"ez-toc-section\" id=\"alfama\"><\/span><strong><strong><strong><strong>Alfama<\/strong><\/strong><\/strong><\/strong><span class=\"ez-toc-section-end\"><\/span><\/h3>\n\n\n\n<figure class=\"wp-block-image size-large\"><img decoding=\"async\" src=\"https:\/\/res.cloudinary.com\/turna\/image\/upload\/v1727268516\/wordpress-contents\/alfama.webp\" alt=\"Lizbon'da gezilecek yerler alfama\"\/><\/figure>\n\n\n\n<p>Alfama, Lizbon&#8217;un en eski yerle\u015fim yeri. Arap etkisini ta\u015f\u0131yan mimarisiyle eski kent merkezi olarak ge\u00e7en bu b\u00f6lge otantik atmosferiyle ziyaret\u00e7ilerinin akl\u0131n\u0131 ba\u015f\u0131ndan al\u0131yor. Alfama 12 y\u00fczy\u0131ldan kalma bir semt ve Fado\u2019nun da yurdu. Fado, sevgililerini ve kocalar\u0131n\u0131 deniz a\u015f\u0131r\u0131 yolculu\u011fa g\u00f6nderen kad\u0131nlar\u0131n s\u00f6yledi\u011fi a\u011f\u0131t tarz\u0131nda bir m\u00fczik t\u00fcr\u00fc. Alfama\u2019da \u00e7ok \u015feker, k\u00fc\u00e7\u00fck, sevimli, s\u00fcsl\u00fc p\u00fcsl\u00fc evler hemen g\u00f6z\u00fcn\u00fcze \u00e7arpacak.<\/p>\n\n\n\n<p>Bu s\u0131cac\u0131k b\u00f6lgede keyifli bir y\u00fcr\u00fcy\u00fc\u015f yapmay\u0131 ihmal etmeyin, buray\u0131 \u00e7ok seveceksiniz. Lizbon\u2019da fayans kapl\u0131 evler dikkatinizi \u00e7ekecek. Havadaki su buhar\u0131 oran\u0131 fazla oldu\u011fundan eski tip evlerin hepsi bu \u015fekilde yap\u0131lm\u0131\u015f. Daha sonra da \u015fehrin karakteristi\u011fini olu\u015fturmu\u015f durumda. Alfama&#8217;n\u0131n zirvesinde yer alan <strong>Sao Jorge Kalesi<\/strong> ise, \u015fehri tepeden seyredebilece\u011finiz en g\u00fczel noktalardan birisi. 12. y\u00fczy\u0131lda Araplardan ele ge\u00e7irilen kale, \u015fehrin \u00f6nemli bir turistik de\u011feri. Kalenin g\u00f6zler \u00f6n\u00fcne serdi\u011fi muhte\u015fem Lizbon manzaras\u0131 sanat\u00e7\u0131lar\u0131 da \u00e7ok etkilemi\u015f.<\/p>\n\n\n\n<h3 class=\"wp-block-heading has-text-align-center has-neeon-button-dark-gray-color has-text-color has-link-color wp-elements-bd819260d8a831bdb4d620c957885d32\"><span class=\"ez-toc-section\" id=\"praca_do_comercio\"><\/span><strong><strong><strong><strong>Pra\u00e7a do Com\u00e9rcio<\/strong><\/strong><\/strong><\/strong><span class=\"ez-toc-section-end\"><\/span><\/h3>\n\n\n\n<figure class=\"wp-block-image size-large\"><img decoding=\"async\" src=\"https:\/\/res.cloudinary.com\/turna\/image\/upload\/v1727268517\/wordpress-contents\/Praca_do_Com%C3%A9rcio.webp\" alt=\"Lizbon'da gezilecek yerler\"\/><\/figure>\n\n\n\n<p>Lizbon\u2019un kalbinin att\u0131\u011f\u0131 yerlerden biri olan <strong>Pra\u00e7a do Com\u00e9rcio<\/strong>, adeta \u015fehrin vitrini! Okyanus manzaras\u0131na bakan bu devasa meydan, Lizbon\u2019da Gezilecek Yerler aras\u0131nda mutlaka g\u00f6r\u00fclmesi gereken bir durak. Alt\u0131n sar\u0131s\u0131 binalarla \u00e7evrili meydan, ziyaret\u00e7ilerini g\u00f6rkemli Arco da Rua Augusta&#8217;n\u0131n alt\u0131nda kar\u015f\u0131l\u0131yor. Bir zamanlar Portekiz kraliyet saray\u0131na ev sahipli\u011fi yapan bu alan, 1755\u2019teki b\u00fcy\u00fck depremden sonra yeniden in\u015fa edilerek bug\u00fcnk\u00fc ihti\u015faml\u0131 haline kavu\u015fmu\u015f. \u015eimdi ise Lizbon\u2019un bulu\u015fma noktalar\u0131ndan biri; kafeleri, restoranlar\u0131 ve canl\u0131 atmosferiyle buras\u0131 her an hareketli ve enerjik!<\/p>\n\n\n\n<p>Meydan\u0131n ortas\u0131nda, Portekiz\u2019in \u00fcnl\u00fc kral\u0131 Dom Jos\u00e9 I\u2019in devasa bronz heykeli sizi selaml\u0131yor. Okyanusun serin esintisiyle y\u00fcr\u00fcrken Lizbon\u2019un denizcilik tarihini hissetmemek imk\u00e2ns\u0131z! Pra\u00e7a do Com\u00e9rcio\u2019nun u\u00e7suz bucaks\u0131z manzaras\u0131, \u00f6zellikle g\u00fcn bat\u0131m\u0131nda b\u00fcy\u00fcleyici bir g\u00f6r\u00fcnt\u00fc sunuyor. Bir yandan tarihi soluyup bir yandan da \u015fehrin modern ya\u015fant\u0131s\u0131na \u015fahit olaca\u011f\u0131n\u0131z bu meydan\u0131 g\u00f6rmeden d\u00f6nmeyin.<\/p>\n\n\n\n<h3 class=\"wp-block-heading has-text-align-center has-neeon-button-dark-gray-color has-text-color has-link-color wp-elements-e090a6d892300b68ea376994dd94ee24\"><span class=\"ez-toc-section\" id=\"lizbon_katedrali_se_de_lisboa\"><\/span><strong><strong><strong><strong>Lizbon Katedrali (S\u00e9 de Lisboa)<\/strong><\/strong><\/strong><\/strong><span class=\"ez-toc-section-end\"><\/span><\/h3>\n\n\n\n<figure class=\"wp-block-image size-large\"><img decoding=\"async\" src=\"https:\/\/res.cloudinary.com\/turna\/image\/upload\/v1727268516\/wordpress-contents\/lizbon_katedrali.webp\" alt=\"Lizbon'da gezilecek yerler Lizbon katedrali\"\/><\/figure>\n\n\n\n<p>Lizbon\u2019un en eski ve en etkileyici yap\u0131lar\u0131ndan biri olan <strong>Lizbon Katedrali<\/strong> (S\u00e9 de Lisboa), \u015fehrin tarihi miras\u0131n\u0131n adeta bir sembol\u00fc. 12. y\u00fczy\u0131lda in\u015fa edilen bu g\u00f6rkemli yap\u0131, Gotik ve Romanesk tarzlar\u0131n m\u00fckemmel bir birle\u015fimi olarak kar\u015f\u0131m\u0131za \u00e7\u0131k\u0131yor. G\u00f6z al\u0131c\u0131 mimarisi ve tarihi dokusuyla \u00f6ne \u00e7\u0131kan katedral, i\u00e7eri ad\u0131m att\u0131\u011f\u0131n\u0131z anda sizi zamanda bir yolculu\u011fa \u00e7\u0131kar\u0131yor. Bir zamanlar M\u00fcsl\u00fcman bir cami olan bu kutsal yap\u0131, Portekiz\u2019in Hristiyanlar taraf\u0131ndan fethedilmesiyle katedrale d\u00f6n\u00fc\u015ft\u00fcr\u00fclm\u00fc\u015f ve o g\u00fcn bug\u00fcnd\u00fcr Lizbon\u2019un dini kalbinin att\u0131\u011f\u0131 yer.<\/p>\n\n\n\n<h3 class=\"wp-block-heading has-text-align-center has-neeon-button-dark-gray-color has-text-color has-link-color wp-elements-8468b240ad9b52698ee826354b74864f\"><span class=\"ez-toc-section\" id=\"28_numarali_tramvay_hatti\"><\/span><strong><strong><strong><strong>28 Numaral\u0131 Tramvay Hatt\u0131<\/strong><\/strong><\/strong><\/strong><span class=\"ez-toc-section-end\"><\/span><\/h3>\n\n\n\n<figure class=\"wp-block-image size-large\"><img decoding=\"async\" src=\"https:\/\/res.cloudinary.com\/turna\/image\/upload\/v1727268516\/wordpress-contents\/28_nolu_tramvay.webp\" alt=\"Lizbon'da gezilecek yerler 28 nolu tramvay\"\/><\/figure>\n\n\n\n<p>Lizbon\u2019da adeta bir zaman makinesine binmek ister misiniz? O halde 28 Numaral\u0131 Tramvay Hatt\u0131 tam size g\u00f6re! Bu ikonik sar\u0131 tramvay, Lizbon\u2019da Gezilecek Yerler listesinin en nostaljik ve keyifli duraklar\u0131ndan biri. 1930\u2019lardan beri hizmet veren tramvay, \u015fehrin en eski ve dar sokaklar\u0131ndan ge\u00e7erek Lizbon\u2019u bamba\u015fka bir a\u00e7\u0131dan ke\u015ffetmenizi sa\u011fl\u0131yor.<\/p>\n\n\n\n<p>Alfama\u2019dan ba\u015flay\u0131p Baixa, Bairro Alto ve Estrela gibi tarihi mahalleleri gezen bu rota, \u015fehrin ruhunu ad\u0131m ad\u0131m hissetmek i\u00e7in m\u00fckemmel bir yolculuk sunuyor. 28 Numaral\u0131 Tramvay Hatt\u0131, Lizbon\u2019da sadece ula\u015f\u0131m de\u011fil, adeta bir k\u00fclt\u00fcrel deneyim!<\/p>\n\n\n\n<h3 class=\"wp-block-heading has-text-align-center has-neeon-button-dark-gray-color has-text-color has-link-color wp-elements-e172c0953f35b6fa938eafbb6df12957\"><span class=\"ez-toc-section\" id=\"rossio_meydani\"><\/span><strong><strong><strong><strong>Rossio Meydan\u0131<\/strong><\/strong><\/strong><\/strong><span class=\"ez-toc-section-end\"><\/span><\/h3>\n\n\n\n<p><strong>Rossio Meydan\u0131<\/strong>, hem tarih kokan hem de enerji dolu bir bulu\u015fma noktas\u0131! Resmi ad\u0131yla Pra\u00e7a Dom Pedro IV olarak bilinen bu meydan, \u015fehrin merkezi Baixa b\u00f6lgesinde yer al\u0131yor. Tarihi 13. y\u00fczy\u0131la kadar uzanan Rossio, ge\u00e7mi\u015fte bir\u00e7ok \u00f6nemli olaya sahne olmu\u015f. G\u00fcn\u00fcm\u00fczde ise kafe ve restoranlar\u0131yla hem yerel halk\u0131n hem de turistlerin dinlenmek ve \u015fehrin ritmini hissetmek i\u00e7in bulu\u015ftu\u011fu hareketli bir merkez.<\/p>\n\n\n\n<h3 class=\"wp-block-heading has-text-align-center has-neeon-button-dark-gray-color has-text-color has-link-color wp-elements-6c1261644e22499c5a10821f4cbbfb4d\"><span class=\"ez-toc-section\" id=\"elevador_de_santa_justa\"><\/span><strong><strong><strong><strong>Elevador de Santa Justa<\/strong><\/strong><\/strong><\/strong><span class=\"ez-toc-section-end\"><\/span><\/h3>\n\n\n\n<figure class=\"wp-block-image size-large\"><img decoding=\"async\" src=\"https:\/\/res.cloudinary.com\/turna\/image\/upload\/v1727268517\/wordpress-contents\/Elevador_de_Santa_Justa.webp\" alt=\"Lizbon'da gezilecek yerler elevador de santa justa\"\/><\/figure>\n\n\n\n<p>Lizbon\u2019un en g\u00f6z al\u0131c\u0131 mimari harikalar\u0131ndan biri olan <strong>Elevador de Santa Justa<\/strong>, \u015fehri yukar\u0131dan g\u00f6rmek isteyenlerin u\u011frak noktas\u0131! 1902 y\u0131l\u0131nda in\u015fa edilen bu zarif asans\u00f6r, sadece bir ula\u015f\u0131m arac\u0131 de\u011fil, ayn\u0131 zamanda bir m\u00fchendislik \u015faheseri. Santa Justa Asans\u00f6r\u00fc, Baixa ve Carmo b\u00f6lgelerini birbirine ba\u011flayan dik yoku\u015flar\u0131 kolayca t\u0131rmanman\u0131z\u0131 sa\u011flarken, sizi adeta g\u00f6ky\u00fcz\u00fcne y\u00fckseltiyor. \u00dcnl\u00fc Frans\u0131z m\u00fchendis Gustave Eiffel\u2019in \u00f6\u011frencisi taraf\u0131ndan tasarlanan bu gotik tarzda asans\u00f6r, hem tarih hem de manzara tutkunlar\u0131 i\u00e7in m\u00fckemmel bir durak.<\/p>\n\n\n\n<p>Asans\u00f6r\u00fcn en tepesine \u00e7\u0131kt\u0131\u011f\u0131n\u0131zda, Lizbon\u2019un k\u0131rm\u0131z\u0131 \u00e7at\u0131lar\u0131, Tejo Nehri ve \u015fehrin ikonik yap\u0131lar\u0131 ayaklar\u0131n\u0131z\u0131n alt\u0131na seriliyor. 45 metre y\u00fcksekli\u011findeki bu asans\u00f6r\u00fcn sundu\u011fu panoramik manzara, Lizbon\u2019un g\u00fczelli\u011fini bir ba\u015fka a\u00e7\u0131dan ke\u015ffetmenizi sa\u011fl\u0131yor.<\/p>\n\n\n\n<h3 class=\"wp-block-heading has-text-align-center has-neeon-button-dark-gray-color has-text-color has-link-color wp-elements-327c1d4dc2f7abbd9b06cb5082de0c2b\"><span class=\"ez-toc-section\" id=\"lx_factory\"><\/span><strong><strong><strong><strong>LX Factory<\/strong><\/strong><\/strong><\/strong><span class=\"ez-toc-section-end\"><\/span><\/h3>\n\n\n\n<figure class=\"wp-block-image size-large\"><img decoding=\"async\" src=\"https:\/\/res.cloudinary.com\/turna\/image\/upload\/v1727268518\/wordpress-contents\/lx_factory_lizbon.webp\" alt=\"Lizbon'da gezilecek yerler lx factory\"\/><\/figure>\n\n\n\n<p>Lizbon\u2019un en haval\u0131 ve yarat\u0131c\u0131 k\u00f6\u015felerinden biri olan <strong>LX Factory<\/strong>, eski bir end\u00fcstriyel kompleksin sanata, tasar\u0131ma ve e\u011flenceye d\u00f6n\u00fc\u015ft\u00fc\u011f\u00fc bir cennet. 19. y\u00fczy\u0131lda bir tekstil fabrikas\u0131 olarak hizmet veren bu alan, bug\u00fcn sokak sanat\u0131n\u0131n, tasar\u0131m d\u00fckkanlar\u0131n\u0131n, \u015f\u0131k kafe ve restoranlar\u0131n merkezinde yer al\u0131yor. LX Factory, \u015fehirdeki sanatseverlerin, gen\u00e7 ruhlu gezginlerin ve yerel halk\u0131n bulu\u015fma noktas\u0131 haline gelmi\u015f, enerjisi hi\u00e7 bitmeyen bir yarat\u0131c\u0131 platform.<\/p>\n\n\n\n<p>Her hafta d\u00fczenlenen etkinlikler, konserler ve a\u00e7\u0131k hava pazarlar\u0131yla LX Factory, Lizbon\u2019un yenilik\u00e7i y\u00fcz\u00fcn\u00fc g\u00f6zler \u00f6n\u00fcne seriyor. Bir yandan bir galeride sanat eserlerine g\u00f6z at\u0131p, di\u011fer yandan tarihi yap\u0131lar aras\u0131nda kahvenizi yudumlayarak zaman ge\u00e7irebilirsiniz.<\/p>\n\n\n\n<h3 class=\"wp-block-heading has-text-align-center has-neeon-button-dark-gray-color has-text-color has-link-color wp-elements-ac9b8de0cb53aba38219eac48706f070\"><span class=\"ez-toc-section\" id=\"bairro_alto\"><\/span><strong><strong><strong><strong>Bairro Alto<\/strong><\/strong><\/strong><\/strong><span class=\"ez-toc-section-end\"><\/span><\/h3>\n\n\n\n<figure class=\"wp-block-image size-large\"><img decoding=\"async\" src=\"https:\/\/res.cloudinary.com\/turna\/image\/upload\/v1727268516\/wordpress-contents\/barrio_alto_lizbon.webp\" alt=\"Lizbon'da gezilecek yerler bairro alto\"\/><\/figure>\n\n\n\n<p>Lizbon\u2019un ruhunu en canl\u0131 haliyle hissedebilece\u011finiz mahallelerden biri olan <strong>Bairro Alto<\/strong>, g\u00fcnd\u00fczleri sakin ve nostaljik, geceleri ise adeta bir parti merkezi! \u015eehrin tarihi mahallelerinden biri olan Bairro Alto&#8217;nun darac\u0131k ta\u015f sokaklar\u0131, renkli grafitileri ve tarihi binalar\u0131yla g\u00fcnd\u00fczleri bir y\u00fcr\u00fcy\u00fc\u015f yapmak i\u00e7in ideal. Ancak, g\u00fcne\u015f batt\u0131\u011f\u0131nda bu sakin mahalle bir anda Lizbon\u2019un e\u011flence merkezi haline d\u00f6n\u00fc\u015f\u00fcyor; barlar, restoranlar ve fado evleri kap\u0131lar\u0131n\u0131 a\u00e7\u0131yor.<\/p>\n\n\n\n<p>\u00d6zellikle ak\u015famlar\u0131 barlar\u0131n \u00f6n\u00fcne ta\u015fan kalabal\u0131klarla sokaklar \u015fenleniyor ve Bairro Alto\u2019nun e\u011flenceli, enerjik atmosferi sizi i\u00e7ine \u00e7ekiyor. Lizbon\u2019da Gezilecek Yerler listenizde Bairro Alto mutlaka yer almal\u0131; g\u00fcnd\u00fcz\u00fc ayr\u0131, gecesi ayr\u0131 g\u00fczel!<\/p>\n\n\n\n<h3 class=\"wp-block-heading has-text-align-center has-neeon-button-dark-gray-color has-text-color has-link-color wp-elements-4dfb1755d4f660fe4d27a930991ee761\"><span class=\"ez-toc-section\" id=\"fado_muzesi\"><\/span><strong><strong><strong><strong>Fado M\u00fczesi<\/strong><\/strong><\/strong><\/strong><span class=\"ez-toc-section-end\"><\/span><\/h3>\n\n\n\n<p>Lizbon\u2019un ruhunu ve k\u00fclt\u00fcrel miras\u0131n\u0131 ke\u015ffetmek i\u00e7in ideal bir durak olan <strong>Fado M\u00fczesi<\/strong>, bu benzersiz m\u00fczi\u011fin derinliklerine inmeye davet ediyor! 2007 y\u0131l\u0131nda a\u00e7\u0131lan bu m\u00fcze, fado\u2019nun tarihi, geli\u015fimi ve duygusal zenginli\u011fi \u00fczerine b\u00fcy\u00fcleyici bir yolculuk sunuyor. Klasik fado melodilerinin yank\u0131land\u0131\u011f\u0131 m\u00fcze, ziyaret\u00e7ilerine hem g\u00f6rsel hem de i\u015fitsel bir deneyim ya\u015fat\u0131yor. Duvarlarda sergilenen eski foto\u011fraflar, m\u00fczik aletleri ve fado sanat\u00e7\u0131lar\u0131n\u0131n an\u0131lar\u0131, bu geleneksel m\u00fczi\u011fin nas\u0131l bir ya\u015fam tarz\u0131 haline geldi\u011fini g\u00f6zler \u00f6n\u00fcne seriyor.<\/p>\n\n\n\n<h3 class=\"wp-block-heading has-text-align-center has-neeon-button-dark-gray-color has-text-color has-link-color wp-elements-b5c7fcc26b426487a5f7bdeb0fd5972b\"><span class=\"ez-toc-section\" id=\"cristo_rei_heykeli\"><\/span><strong><strong><strong><strong>Cristo Rei Heykeli<\/strong><\/strong><\/strong><\/strong><span class=\"ez-toc-section-end\"><\/span><\/h3>\n\n\n\n<figure class=\"wp-block-image size-large\"><img decoding=\"async\" src=\"https:\/\/res.cloudinary.com\/turna\/image\/upload\/v1727268517\/wordpress-contents\/cristo_rei_heykeli.webp\" alt=\"Cristo Rei Heykeli\"\/><\/figure>\n\n\n\n<p>Lizbon\u2019un g\u00f6rkemli manzaras\u0131n\u0131 ku\u015fbak\u0131\u015f\u0131 g\u00f6rmek ve \u015fehrin enerjisini hissetmek i\u00e7in <strong>Cristo Rei Heykeli<\/strong>, vazge\u00e7ilmez bir durak. 1959 y\u0131l\u0131nda in\u015fa edilen bu devasa heykel, Tejo Nehri\u2019nin kar\u015f\u0131s\u0131nda, Almada\u2019da yer al\u0131yor ve Lizbon\u2019un simgelerinden biri haline gelmi\u015f. 28 metre y\u00fcksekli\u011findeki \u0130sa heykeli, sadece dini bir sembol de\u011fil, ayn\u0131 zamanda ziyaret\u00e7ilere sunulan muhte\u015fem bir manzara noktas\u0131!<\/p>\n\n\n\n<p>Heykelin tepe kat\u0131na \u00e7\u0131kt\u0131\u011f\u0131n\u0131zda, Lizbon\u2019un k\u0131rm\u0131z\u0131 \u00e7at\u0131lar\u0131ndan tarihi yap\u0131lar\u0131na kadar her ayr\u0131nt\u0131 g\u00f6zlerinizin \u00f6n\u00fcnde uzan\u0131yor. Cristo Rei, \u00f6zellikle g\u00fcn bat\u0131m\u0131nda \u00e7ok daha etkileyici hale geliyor; g\u00fcne\u015fin nehir \u00fczerinde yans\u0131mas\u0131, \u015fehrin do\u011fal g\u00fczellikleriyle birle\u015ferek b\u00fcy\u00fcleyici bir tablo olu\u015fturuyor.<\/p>\n\n\n\n<h3 class=\"wp-block-heading has-text-align-center has-neeon-button-dark-gray-color has-text-color has-link-color wp-elements-19d6a181b10e38ba3805f31fd3387b79\"><span class=\"ez-toc-section\" id=\"calouste_gulbenkian_muzesi\"><\/span><strong><strong><strong><strong>Calouste Gulbenkian M\u00fczesi<\/strong><\/strong><\/strong><\/strong><span class=\"ez-toc-section-end\"><\/span><\/h3>\n\n\n\n<figure class=\"wp-block-image size-large\"><img width=\"800\" height=\"500\" data-public-id=\"Gulbenkian\/Gulbenkian.jpg\" fetchpriority=\"high\" decoding=\"async\" src=\"https:\/\/res.cloudinary.com\/turna\/images\/w_800,h_500,c_scale\/f_auto,q_auto:low\/v1616344546\/Gulbenkian\/Gulbenkian.jpg?_i=AA\" alt=\"Gulbenkian\" class=\"wp-post-17064 wp-image-18718\" data-format=\"jpg\" data-transformations=\"f_auto,q_auto:low\" data-version=\"1616344546\" data-seo=\"1\" srcset=\"https:\/\/res.cloudinary.com\/turna\/images\/f_auto,q_auto:low\/v1616344546\/Gulbenkian\/Gulbenkian.jpg?_i=AA 800w, https:\/\/res.cloudinary.com\/turna\/images\/w_300,h_188,c_scale\/f_auto,q_auto:low\/v1616344546\/Gulbenkian\/Gulbenkian.jpg?_i=AA 300w, https:\/\/res.cloudinary.com\/turna\/images\/w_672,h_420,c_scale\/f_auto,q_auto:low\/v1616344546\/Gulbenkian\/Gulbenkian.jpg?_i=AA 672w, https:\/\/res.cloudinary.com\/turna\/images\/w_640,h_400,c_scale\/f_auto,q_auto:low\/v1616344546\/Gulbenkian\/Gulbenkian.jpg?_i=AA 640w, https:\/\/res.cloudinary.com\/turna\/images\/w_681,h_426,c_scale\/f_auto,q_auto:low\/v1616344546\/Gulbenkian\/Gulbenkian.jpg?_i=AA 681w\" sizes=\"(max-width: 800px) 100vw, 800px\" \/><\/figure>\n\n\n\n<p><strong>Calouste Gulbenkian M\u00fczesi<\/strong>, ge\u00e7mi\u015ften g\u00fcn\u00fcm\u00fcze Lizbon&#8217;un tarih haf\u0131zas\u0131n\u0131 yans\u0131t\u0131yor. \u0130slam eserlerinden Frans\u0131z cam i\u015f\u00e7ili\u011fine, m\u00fccevher tasar\u0131mlardan hal\u0131lara kadar bir\u00e7ok objenin sergilendi\u011fi m\u00fcze kente gelenlerin u\u011frak noktas\u0131.<\/p>\n\n\n\n<h3 class=\"wp-block-heading has-text-align-center has-neeon-button-dark-gray-color has-text-color has-link-color wp-elements-2f7be1673d50afb1b768ea616505c36b\"><span class=\"ez-toc-section\" id=\"sao_roque_kilisesi\"><\/span><strong><strong><strong><strong>Sao Roque Kilisesi<\/strong><\/strong><\/strong><\/strong><span class=\"ez-toc-section-end\"><\/span><\/h3>\n\n\n\n<figure class=\"wp-block-image\"><img width=\"800\" height=\"500\" data-public-id=\"Sao-Roque_hfgyq6\/Sao-Roque_hfgyq6.jpg\" decoding=\"async\" src=\"https:\/\/res.cloudinary.com\/turna\/images\/w_800,h_500,c_scale\/f_auto,q_auto:low\/v1572530930\/Sao-Roque_hfgyq6\/Sao-Roque_hfgyq6.jpg?_i=AA\" alt=\"Sao Roque Kilisesi\" class=\"wp-post-17064 wp-image-17126\" data-format=\"jpg\" data-transformations=\"f_auto,q_auto:low\" data-version=\"1572530930\" data-seo=\"1\" srcset=\"https:\/\/res.cloudinary.com\/turna\/images\/f_auto,q_auto:low\/v1572530930\/Sao-Roque_hfgyq6\/Sao-Roque_hfgyq6.jpg?_i=AA 800w, https:\/\/res.cloudinary.com\/turna\/images\/w_300,h_188,c_scale\/f_auto,q_auto:low\/v1572530930\/Sao-Roque_hfgyq6\/Sao-Roque_hfgyq6.jpg?_i=AA 300w, https:\/\/res.cloudinary.com\/turna\/images\/w_672,h_420,c_scale\/f_auto,q_auto:low\/v1572530930\/Sao-Roque_hfgyq6\/Sao-Roque_hfgyq6.jpg?_i=AA 672w, https:\/\/res.cloudinary.com\/turna\/images\/w_640,h_400,c_scale\/f_auto,q_auto:low\/v1572530930\/Sao-Roque_hfgyq6\/Sao-Roque_hfgyq6.jpg?_i=AA 640w, https:\/\/res.cloudinary.com\/turna\/images\/w_681,h_426,c_scale\/f_auto,q_auto:low\/v1572530930\/Sao-Roque_hfgyq6\/Sao-Roque_hfgyq6.jpg?_i=AA 681w\" sizes=\"(max-width: 800px) 100vw, 800px\" \/><\/figure>\n\n\n\n<p>Lizbon&#8217;un en dikkat \u00e7eken kutsal mekanlar\u0131ndan olan Sao Roque Kilisesi, m\u00fccevherlerle s\u00fcsl\u00fc ah\u015fap tavan\u0131yla \u00fcnl\u00fc. D\u00fcnyan\u0131n en pahal\u0131 \u015fapeli olarak da bilinen bu yap\u0131, Barok mimari stilinin \u015fa\u015faal\u0131 \u00f6rnekleri aras\u0131nda.<\/p>\n\n\n\n<h3 class=\"wp-block-heading has-text-align-center has-neeon-button-dark-gray-color has-text-color has-link-color wp-elements-bf4fddfaa4d3450cfe5e48ffe883ca92\"><span class=\"ez-toc-section\" id=\"belem_kasifler_aniti\"><\/span><strong><strong><strong><strong>Belem Ka\u015fifler An\u0131t\u0131<\/strong><\/strong><\/strong><\/strong><span class=\"ez-toc-section-end\"><\/span><\/h3>\n\n\n\n<figure class=\"wp-block-image size-large\"><img width=\"800\" height=\"500\" data-public-id=\"belem-kasifler-aniti\/belem-kasifler-aniti.jpg\" decoding=\"async\" src=\"https:\/\/res.cloudinary.com\/turna\/images\/w_800,h_500,c_scale\/f_auto,q_auto:low\/v1616344695\/belem-kasifler-aniti\/belem-kasifler-aniti.jpg?_i=AA\" alt=\"Belem Ka\u015fifler An\u0131t\u0131\" class=\"wp-post-17064 wp-image-18719\" data-format=\"jpg\" data-transformations=\"f_auto,q_auto:low\" data-version=\"1616344695\" data-seo=\"1\" srcset=\"https:\/\/res.cloudinary.com\/turna\/images\/f_auto,q_auto:low\/v1616344695\/belem-kasifler-aniti\/belem-kasifler-aniti.jpg?_i=AA 800w, https:\/\/res.cloudinary.com\/turna\/images\/w_300,h_188,c_scale\/f_auto,q_auto:low\/v1616344695\/belem-kasifler-aniti\/belem-kasifler-aniti.jpg?_i=AA 300w, https:\/\/res.cloudinary.com\/turna\/images\/w_672,h_420,c_scale\/f_auto,q_auto:low\/v1616344695\/belem-kasifler-aniti\/belem-kasifler-aniti.jpg?_i=AA 672w, https:\/\/res.cloudinary.com\/turna\/images\/w_640,h_400,c_scale\/f_auto,q_auto:low\/v1616344695\/belem-kasifler-aniti\/belem-kasifler-aniti.jpg?_i=AA 640w, https:\/\/res.cloudinary.com\/turna\/images\/w_681,h_426,c_scale\/f_auto,q_auto:low\/v1616344695\/belem-kasifler-aniti\/belem-kasifler-aniti.jpg?_i=AA 681w\" sizes=\"(max-width: 800px) 100vw, 800px\" \/><\/figure>\n\n\n\n<p>Lizbon bir ka\u015fifler \u015fehri, Vasco de Gama, Macellan ve daha bir \u00e7ok \u00fcnl\u00fc ka\u015fif bu \u015fehirden \u00e7\u0131km\u0131\u015f. 15. ve 16. y\u00fczy\u0131llarda yap\u0131lan ke\u015fifler Avrupa medeniyetini m\u00fcthi\u015f zenginle\u015ftirmi\u015f, do\u011fu medeniyetlerinin zenginli\u011fi anla\u015f\u0131lm\u0131\u015f ve denizcilikte geli\u015fmeler sa\u011flanm\u0131\u015f.<\/p>\n\n\n\n<p>Bunda Portekizli \u00fcnl\u00fc ka\u015fiflerin ve onlar\u0131n destek\u00e7isi Prens Henry\u2019nin b\u00fcy\u00fck katk\u0131s\u0131 var. Sahilde bulunan Ka\u015fifler An\u0131t\u0131nda (Padr\u00e3o dos Descobrimentos) en \u00f6nde Prens Henry ve arkas\u0131nda Vasco de Gama, Magellan ve di\u011fer ka\u015fifler s\u0131ralanm\u0131\u015f.<\/p>\n\n\n\n<h3 class=\"wp-block-heading has-text-align-center has-neeon-button-dark-gray-color has-text-color has-link-color wp-elements-7d1c3e3a1981183b067b43e82fa8c64d\"><span class=\"ez-toc-section\" id=\"belem_kulesi\"><\/span><strong><strong><strong><strong>Belem Kulesi<\/strong><\/strong><\/strong><\/strong><span class=\"ez-toc-section-end\"><\/span><\/h3>\n\n\n\n<figure class=\"wp-block-image size-large\"><img width=\"800\" height=\"500\" loading=\"lazy\" decoding=\"async\" src=\"data:image\/svg+xml;base64,PHN2ZyB4bWxucz0iaHR0cDovL3d3dy53My5vcmcvMjAwMC9zdmciIHdpZHRoPSI4MDAiIGhlaWdodD0iNTAwIj48cmVjdCB3aWR0aD0iMTAwJSIgaGVpZ2h0PSIxMDAlIj48YW5pbWF0ZSBhdHRyaWJ1dGVOYW1lPSJmaWxsIiB2YWx1ZXM9InJnYmEoMTUzLDE1MywxNTMsMC41KTtyZ2JhKDE1MywxNTMsMTUzLDAuMSk7cmdiYSgxNTMsMTUzLDE1MywwLjUpIiBkdXI9IjJzIiByZXBlYXRDb3VudD0iaW5kZWZpbml0ZSIgLz48L3JlY3Q+PC9zdmc+\" alt=\"belem tower\" class=\"wp-post-17064 wp-image-18720\" data-public-id=\"belem-tower\/belem-tower.jpg\" data-format=\"jpg\" data-transformations=\"f_auto,q_auto:low\" data-version=\"1616344818\" data-seo=\"1\" data-size=\"800 500\" data-srcset=\"https:\/\/res.cloudinary.com\/turna\/images\/f_auto,q_auto:low\/v1616344818\/belem-tower\/belem-tower.jpg?_i=AA 800w, https:\/\/res.cloudinary.com\/turna\/images\/w_300,h_188,c_scale\/f_auto,q_auto:low\/v1616344818\/belem-tower\/belem-tower.jpg?_i=AA 300w, https:\/\/res.cloudinary.com\/turna\/images\/w_672,h_420,c_scale\/f_auto,q_auto:low\/v1616344818\/belem-tower\/belem-tower.jpg?_i=AA 672w, https:\/\/res.cloudinary.com\/turna\/images\/w_640,h_400,c_scale\/f_auto,q_auto:low\/v1616344818\/belem-tower\/belem-tower.jpg?_i=AA 640w, https:\/\/res.cloudinary.com\/turna\/images\/w_681,h_426,c_scale\/f_auto,q_auto:low\/v1616344818\/belem-tower\/belem-tower.jpg?_i=AA 681w\" data-sizes=\"(max-width: 800px) 100vw, 800px\" data-delivery=\"upload\" onload=\";window.CLDBind?CLDBind(this):null;\" data-cloudinary=\"lazy\" \/><\/figure>\n\n\n\n<p>Belem Kulesi Lizbon\u2019un \u00e7ok \u00f6nemli bir sembol\u00fc ve ayn\u0131 zamanda kentin denizci kimli\u011finin g\u00f6stergesi. Unesco K\u00fclt\u00fcr Miras\u0131 ve Portekiz\u2019in 7 Harikas\u0131 listelerinde yer al\u0131yor. Lizbon\u2019u korumak i\u00e7in 1519 y\u0131l\u0131nda yap\u0131lm\u0131\u015f olan 30 m y\u00fcksekli\u011findeki bu kale, 1755 y\u0131l\u0131ndaki b\u00fcy\u00fck depremden hasar almadan kurtulmu\u015f.<\/p>\n\n\n\n<p>Eskiden ke\u015ffe \u00e7\u0131kan denizciler buradan izlenebiliyormu\u015f. \u015eimdi ise Lizbonlular ve turistler i\u00e7in cazibe merkezine d\u00f6n\u00fc\u015fm\u00fc\u015f. Bu b\u00f6lgeye geldi\u011finizde bir de u\u00e7ak g\u00f6receksiniz. Gago Coutinho ve Sacadura Cabral Lizbon\u2019dan Rio de Janeiro\u2019ya ilk okyanus a\u015f\u0131r\u0131 u\u00e7ak yolculu\u011funu 1922 y\u0131l\u0131nda yapm\u0131\u015flar. U\u00e7ak an\u0131t\u0131 onlar\u0131n an\u0131s\u0131na yap\u0131lm\u0131\u015f.<\/p>\n\n\n\n<h3 class=\"wp-block-heading has-text-align-center has-neeon-button-dark-gray-color has-text-color has-link-color wp-elements-cb4e4f9dcb9dcceb1c53bb8b2815b729\"><span class=\"ez-toc-section\" id=\"belem_pastanesi\"><\/span><strong><strong><strong><strong>Belem Pastanesi<\/strong><\/strong><\/strong><\/strong><span class=\"ez-toc-section-end\"><\/span><\/h3>\n\n\n\n<p>Lizbon\u2019da mutlaka u\u011framan\u0131z gereken yerlerin ba\u015f\u0131nda 1837 kurulan Belem Pastanesi bulunuyor. Yapt\u0131klar\u0131 turta \u00e7ok \u00f6zel bir lezzet ve g\u00fcnde yakla\u015f\u0131k 20.000 adet sat\u0131l\u0131yormu\u015f. Hafta sonlar\u0131 ise 50.000 adet sat\u0131ld\u0131\u011f\u0131 s\u00f6yleniyor. Tarifi hi\u00e7bir yere yaz\u0131lm\u0131yormu\u015f.<\/p>\n\n\n\n<p>D\u00fcnya\u2019da bu tarifi bilen yaln\u0131zca 4-5 ki\u015fi bulunuyormu\u015f. Hi\u00e7bir zaman hepsi bir arada ayn\u0131 u\u00e7a\u011fa, ayn\u0131 arabaya binmezlermi\u015f. Ayn\u0131 yeme\u011fi yemezlermi\u015f. Ger\u00e7ekten \u00e7ok \u00f6zel olan bu lezzet Gurmeler taraf\u0131ndan <em>Lizbon Gezilecek Yerler <\/em>listenize mutlaka eklemeniz gereken Belem Pastanesi D\u00fcnya\u2019da tad\u0131lmas\u0131 gereken 20 lezzetin aras\u0131nda yer al\u0131yor. <\/p>\n\n\n\n<p>Kap\u0131s\u0131nda m\u00fcthi\u015f bir kalabal\u0131k oluyor. \u0130\u00e7erisi ise orijinalli\u011fini bozmamak i\u00e7in kuruldu\u011fu tarihteki sadeli\u011fini koruyor, hi\u00e7 bozulmam\u0131\u015f ve b\u00fct\u00fcn masalar dolu.<\/p>\n\n\n\n<h3 class=\"wp-block-heading has-text-align-center has-neeon-button-dark-gray-color has-text-color has-link-color wp-elements-be29836d51ded5e25f90ae15053a40bc\"><span class=\"ez-toc-section\" id=\"jeronimos_manastiri\"><\/span><strong><strong><strong><strong>Jeronimos Manast\u0131r\u0131<\/strong><\/strong><\/strong><\/strong><span class=\"ez-toc-section-end\"><\/span><\/h3>\n\n\n\n<figure class=\"wp-block-image size-large\"><img width=\"800\" height=\"500\" loading=\"lazy\" decoding=\"async\" src=\"data:image\/svg+xml;base64,PHN2ZyB4bWxucz0iaHR0cDovL3d3dy53My5vcmcvMjAwMC9zdmciIHdpZHRoPSI4MDAiIGhlaWdodD0iNTAwIj48cmVjdCB3aWR0aD0iMTAwJSIgaGVpZ2h0PSIxMDAlIj48YW5pbWF0ZSBhdHRyaWJ1dGVOYW1lPSJmaWxsIiB2YWx1ZXM9InJnYmEoMTUzLDE1MywxNTMsMC41KTtyZ2JhKDE1MywxNTMsMTUzLDAuMSk7cmdiYSgxNTMsMTUzLDE1MywwLjUpIiBkdXI9IjJzIiByZXBlYXRDb3VudD0iaW5kZWZpbml0ZSIgLz48L3JlY3Q+PC9zdmc+\" alt=\"Jeronimos manastiri\" class=\"wp-post-17064 wp-image-18721\" data-public-id=\"Jeronimos-manastiri\/Jeronimos-manastiri.jpg\" data-format=\"jpg\" data-transformations=\"f_auto,q_auto:low\" data-version=\"1616344928\" data-seo=\"1\" data-size=\"800 500\" data-srcset=\"https:\/\/res.cloudinary.com\/turna\/images\/f_auto,q_auto:low\/v1616344928\/Jeronimos-manastiri\/Jeronimos-manastiri.jpg?_i=AA 800w, https:\/\/res.cloudinary.com\/turna\/images\/w_300,h_188,c_scale\/f_auto,q_auto:low\/v1616344928\/Jeronimos-manastiri\/Jeronimos-manastiri.jpg?_i=AA 300w, https:\/\/res.cloudinary.com\/turna\/images\/w_672,h_420,c_scale\/f_auto,q_auto:low\/v1616344928\/Jeronimos-manastiri\/Jeronimos-manastiri.jpg?_i=AA 672w, https:\/\/res.cloudinary.com\/turna\/images\/w_640,h_400,c_scale\/f_auto,q_auto:low\/v1616344928\/Jeronimos-manastiri\/Jeronimos-manastiri.jpg?_i=AA 640w, https:\/\/res.cloudinary.com\/turna\/images\/w_681,h_426,c_scale\/f_auto,q_auto:low\/v1616344928\/Jeronimos-manastiri\/Jeronimos-manastiri.jpg?_i=AA 681w\" data-sizes=\"(max-width: 800px) 100vw, 800px\" data-delivery=\"upload\" onload=\";window.CLDBind?CLDBind(this):null;\" data-cloudinary=\"lazy\" \/><\/figure>\n\n\n\n<p id=\"block-3b05e2c3-94b9-41da-8b6e-b90f0ff85bfa\">Bu manast\u0131r\u0131n \u00f6zelli\u011fi Hindistan\u2019a ula\u015fan ilk ka\u015fif Vasco de Gama\u2019n\u0131n mezar\u0131n\u0131n burada bulunmas\u0131.<\/p>\n\n\n\n<p id=\"block-efc35f02-d726-4b89-9a9e-94b6aa7c1f1b\">Lizbon\u2019un kar\u015f\u0131 k\u0131y\u0131nda bulunan Christo Rei Heykeli de dikkatinizi \u00e7ekecektir. 1959 y\u0131l\u0131nda Rio de Janeiro\u2019da bulunan Christo Redentor heykelinden esinlenilerek yap\u0131lm\u0131\u015f. Lizbon\u2019da yemek olarak okyanus k\u0131y\u0131s\u0131nda bir \u015fehir olmas\u0131ndan dolay\u0131 daha \u00e7ok deniz \u00fcr\u00fcnleri bulunuyor.<\/p>\n\n\n\n<h3 class=\"wp-block-heading has-text-align-center has-neeon-button-dark-gray-color has-text-color has-link-color wp-elements-3542e5d47cfc57616a158776448b236e\"><span class=\"ez-toc-section\" id=\"25_nisan_koprusu\"><\/span><strong><strong><strong><strong>25 Nisan K\u00f6pr\u00fcs\u00fc<\/strong><\/strong><\/strong><\/strong><span class=\"ez-toc-section-end\"><\/span><\/h3>\n\n\n\n<p>25 Nisan K\u00f6pr\u00fcs\u00fc&#8217;n\u00fc,&nbsp;Belem Kulesi ve Ka\u015fifler An\u0131t\u0131&#8217;n\u0131n hemen arkas\u0131nda&nbsp;g\u00f6receksiniz. K\u00f6pr\u00fcn\u00fcn ad\u0131 25 Nisan 1974 y\u0131l\u0131nda ger\u00e7ekle\u015fen Karanfil Devrimi&#8217;nden al\u0131yor. Bu kans\u0131z ve \u015fiddetsiz devrimin hikayesi de \u00e7ok ilgin\u00e7. Askerler tanklar\u0131n\u0131n ve silahlar\u0131n\u0131n namlular\u0131na k\u0131r\u0131m\u0131z\u0131 karanfiller takarak demokrasiye ge\u00e7mi\u015fler. K\u00f6pr\u00fcn\u00fcn alt\u0131ndan demir yolu ge\u00e7iyor ve Almada \u2013 Lizbon \u015fehirlerini birle\u015ftiriyor.<\/p>\n\n\n\n<h3 class=\"wp-block-heading has-text-align-center has-neeon-button-dark-gray-color has-text-color has-link-color wp-elements-ba42aa0ba34af3b52548bf63321d976d\"><span class=\"ez-toc-section\" id=\"okyanus_muzesi\"><\/span><strong><strong><strong><strong>Okyanus M\u00fczesi<\/strong><\/strong><\/strong><\/strong><span class=\"ez-toc-section-end\"><\/span><\/h3>\n\n\n\n<figure class=\"wp-block-image\"><img width=\"800\" height=\"500\" loading=\"lazy\" decoding=\"async\" src=\"data:image\/svg+xml;base64,PHN2ZyB4bWxucz0iaHR0cDovL3d3dy53My5vcmcvMjAwMC9zdmciIHdpZHRoPSI4MDAiIGhlaWdodD0iNTAwIj48cmVjdCB3aWR0aD0iMTAwJSIgaGVpZ2h0PSIxMDAlIj48YW5pbWF0ZSBhdHRyaWJ1dGVOYW1lPSJmaWxsIiB2YWx1ZXM9InJnYmEoMTUzLDE1MywxNTMsMC41KTtyZ2JhKDE1MywxNTMsMTUzLDAuMSk7cmdiYSgxNTMsMTUzLDE1MywwLjUpIiBkdXI9IjJzIiByZXBlYXRDb3VudD0iaW5kZWZpbml0ZSIgLz48L3JlY3Q+PC9zdmc+\" alt=\"Okyanus M\u00fczesi\" class=\"wp-post-17064 wp-image-17125\" data-public-id=\"Okyanus-Muzesi_sqdmol\/Okyanus-Muzesi_sqdmol.jpg\" data-format=\"jpg\" data-transformations=\"f_auto,q_auto:low\" data-version=\"1572530931\" data-seo=\"1\" data-size=\"800 500\" data-srcset=\"https:\/\/res.cloudinary.com\/turna\/images\/f_auto,q_auto:low\/v1572530931\/Okyanus-Muzesi_sqdmol\/Okyanus-Muzesi_sqdmol.jpg?_i=AA 800w, https:\/\/res.cloudinary.com\/turna\/images\/w_300,h_188,c_scale\/f_auto,q_auto:low\/v1572530931\/Okyanus-Muzesi_sqdmol\/Okyanus-Muzesi_sqdmol.jpg?_i=AA 300w, https:\/\/res.cloudinary.com\/turna\/images\/w_672,h_420,c_scale\/f_auto,q_auto:low\/v1572530931\/Okyanus-Muzesi_sqdmol\/Okyanus-Muzesi_sqdmol.jpg?_i=AA 672w, https:\/\/res.cloudinary.com\/turna\/images\/w_640,h_400,c_scale\/f_auto,q_auto:low\/v1572530931\/Okyanus-Muzesi_sqdmol\/Okyanus-Muzesi_sqdmol.jpg?_i=AA 640w, https:\/\/res.cloudinary.com\/turna\/images\/w_681,h_426,c_scale\/f_auto,q_auto:low\/v1572530931\/Okyanus-Muzesi_sqdmol\/Okyanus-Muzesi_sqdmol.jpg?_i=AA 681w\" data-sizes=\"(max-width: 800px) 100vw, 800px\" data-delivery=\"upload\" onload=\";window.CLDBind?CLDBind(this):null;\" data-cloudinary=\"lazy\" \/><\/figure>\n\n\n\n<p>Avrupa&#8217;n\u0131n en b\u00fcy\u00fck deniz m\u00fczesi unvan\u0131n\u0131 ta\u015f\u0131yan Okyanus M\u00fczesi, denizcilik tarihi ile \u00f6ne \u00e7\u0131kan Lizbon&#8217;un zengin tarihi ge\u00e7mi\u015fine tan\u0131k olabilece\u011finiz bir yer. Denizcilik tarihini co\u011frafi ke\u015fiflerden itibaren kronolojik s\u0131rayla yans\u0131tan m\u00fczede&nbsp;ke\u015fifler, sava\u015flar, bal\u0131k\u00e7\u0131l\u0131k, sportif yar\u0131\u015f tekneleri, saltanat kay\u0131klar\u0131, \u015filepler, uzun yol hat gemileri, ma\u00e7unalar, tarak gemileri, yandan \u00e7arkl\u0131lar, nehir gemileri, okul gemileri ve kraliyet t\u00fcrl\u00fc deniz ta\u015f\u0131t\u0131 sergileniyor.<\/p>\n\n\n\n<h3 class=\"wp-block-heading has-text-align-center has-neeon-button-dark-gray-color has-text-color has-link-color wp-elements-be396f4a24cceff5eed850bc56f1447c\"><span class=\"ez-toc-section\" id=\"cascais\"><\/span><strong><strong><strong><strong>Cascais<\/strong><\/strong><\/strong><\/strong><span class=\"ez-toc-section-end\"><\/span><\/h3>\n\n\n\n<figure class=\"wp-block-image size-large\"><img decoding=\"async\" src=\"https:\/\/res.cloudinary.com\/turna\/image\/upload\/v1727268518\/wordpress-contents\/cascais.webp\" alt=\"cascais\"\/><\/figure>\n\n\n\n<p id=\"block-526455ca-e76a-4e54-87c0-181ca3b9e112\">Kumlu plajlar\u0131, keyifli kafeleri ve \u015f\u0131k restaurantlar\u0131 ile Cascais tam bir yazl\u0131k kasaba. Lizbon\u2019a \u00e7ok yak\u0131n olmas\u0131 sebebiyle Lizbonlular yaz aylar\u0131n\u0131 bu sahillerde ge\u00e7iriyorlarm\u0131\u015f. Buraya Avrupa\u2019n\u0131n en bat\u0131 ucu olarak bilinen Cabo da Roca\u2019dan da gidebilirsiniz.<\/p>\n\n\n\n<p id=\"block-913d2270-cf2c-4cc6-8c5d-d9ddfe332070\">Yol boyunca dalga s\u00f6rf\u00e7\u00fclerinin u\u011frak yerleri olan plajlar bulunuyor. Deniz kenar\u0131nda biraz y\u00fcr\u00fcy\u00fc\u015f yap\u0131yoruz. Sahil \u00e7ok iyi korunmu\u015f. Kumun \u00fczerinde g\u00fcne\u015fin keyfini \u00e7\u0131karanlar var. \u015eehrin i\u00e7inde gezmeye ba\u015fl\u0131yoruz. Yol boyunca oteller, kafeler, restaurantlar s\u0131ralan\u0131yor.<\/p>\n\n\n\n<p id=\"block-e835341e-db1e-473c-8330-9d57d116d116\">Lizbon\u2019a gelme f\u0131rsat\u0131 bulursan\u0131z, 30 dk. uzakl\u0131ktaki bu g\u00fczel sahil kasabas\u0131na mutlaka u\u011fray\u0131n. Lizbon\u2019a sadece 30 km. uzakl\u0131kta olan Cascais \u00f6zellikle yaz aylar\u0131nda c\u0131v\u0131l c\u0131v\u0131l e\u011flenceli bir sahil kasabas\u0131 oluyor. Bembeyaz kumlu sahillerinde g\u00fcne\u015flenip, Atlas Okyanusu\u2019nun serin sular\u0131nda y\u00fczme veya s\u00f6rf yapma f\u0131rsat\u0131 bulabilirsiniz.<\/p>\n\n\n\n<h3 class=\"wp-block-heading has-text-align-center has-neeon-button-dark-gray-color has-text-color has-link-color wp-elements-2141e5b0d6c8597bd507be51aeed96f7\"><span class=\"ez-toc-section\" id=\"ulusal_cini_muzesi\"><\/span><strong><strong><strong><strong>Ulusal \u00c7ini M\u00fczesi<\/strong><\/strong><\/strong><\/strong><span class=\"ez-toc-section-end\"><\/span><\/h3>\n\n\n\n<p>Portekiz denince akla ilk gelenlerden biri elbette ki \u00e7ini sanat\u0131. Lizbon\u2019da, bu zarif ve rengarenk sanat\u0131n tarihine doyabilece\u011finiz en g\u00fczel adres olan Ulusal \u00c7ini M\u00fczesi (Museu dos Azulejos), adeta bir renk c\u00fcmb\u00fc\u015f\u00fc. 1500\u2019l\u00fc y\u0131llardan g\u00fcn\u00fcm\u00fcze kadar ula\u015fan \u00e7inilerin g\u00f6z kama\u015ft\u0131r\u0131c\u0131 koleksiyonu, her bir eserin ard\u0131nda sakl\u0131 hikayelerle bezeli.<\/p>\n\n\n\n<p>Burada sadece g\u00f6z kama\u015ft\u0131r\u0131c\u0131 mavi-beyaz \u00e7iniler de\u011fil, alt\u0131n sar\u0131s\u0131, ye\u015fil ve daha nice tonlarda muazzam tasar\u0131mlar g\u00f6receksiniz. 19. y\u00fczy\u0131ldan kalan devasa \u00e7ini paneller, Lizbon\u2019un tarihine sanatsal bir pencereden bakman\u0131za olanak tan\u0131yor. M\u00fczenin sergiledi\u011fi eserler kadar i\u00e7inde bulundu\u011fu manast\u0131r binas\u0131 da ba\u015fl\u0131 ba\u015f\u0131na bir g\u00fczellik. Mutlaka u\u011fray\u0131n ve Portekiz\u2019in \u00e7inileriyle i\u00e7 i\u00e7e bir yolculu\u011fa \u00e7\u0131k\u0131n.<\/p>\n\n\n\n<h3 class=\"wp-block-heading has-text-align-center has-neeon-button-dark-gray-color has-text-color has-link-color wp-elements-167cae2b7dd9d67c9222c2b353d9361e\"><span class=\"ez-toc-section\" id=\"carmo_rahibe_manastiri\"><\/span><strong><strong><strong><strong>Carmo Rahibe Manast\u0131r\u0131<\/strong><\/strong><\/strong><\/strong><span class=\"ez-toc-section-end\"><\/span><\/h3>\n\n\n\n<figure class=\"wp-block-image size-large\"><img decoding=\"async\" src=\"https:\/\/res.cloudinary.com\/turna\/image\/upload\/v1730279967\/wordpress-contents\/carmo.jpg\" alt=\"\"\/><\/figure>\n\n\n\n<p>G\u00f6rkemli mimarisiyle dikkat \u00e7eken Carmo Rahibe Manast\u0131r\u0131 (Museu Arqueologico do Carmo), Lizbon\u2019daki en etkileyici yap\u0131lardan biri. 1755&#8217;te 9 \u015fiddetinde b\u00fcy\u00fck bir depremle sars\u0131l\u0131p yar\u0131m kalan \u00e7at\u0131s\u0131z gotik mimarisiyle \u015fehre ayr\u0131 bir hava katan bu yap\u0131ya ad\u0131m att\u0131\u011f\u0131n\u0131zda, ta\u015flar\u0131n bile tarihin derin izlerini ta\u015f\u0131d\u0131\u011f\u0131n\u0131 hissediyorsunuz.<\/p>\n\n\n\n<p>Carmo Manast\u0131r\u0131, ayn\u0131 zamanda Lizbon\u2019un Arkeoloji M\u00fczesi olarak hizmet veriyor. Burada Roma d\u00f6nemi kal\u0131nt\u0131lar\u0131ndan, Orta \u00c7a\u011f\u2019dan kalma eserler ve hatta Peru&#8217;dan getirilmi\u015f \u0130nka mumyalar\u0131na kadar tarihin bir\u00e7ok d\u00f6nemiyle tan\u0131\u015fabilirsiniz. \u00d6zellikle g\u00fcn bat\u0131m\u0131nda manast\u0131r\u0131n ihti\u015fam\u0131n\u0131 g\u00f6rmek i\u00e7in buraya mutlaka gidin.<\/p>\n\n\n\n<h3 class=\"wp-block-heading has-text-align-center has-neeon-button-dark-gray-color has-text-color has-link-color wp-elements-fa868ec3764b6b8eb33b0ebdaf6d5bc8\"><span class=\"ez-toc-section\" id=\"basilica_de_estrela\"><\/span><strong><strong><strong><strong>Basilica de Estrela<\/strong><\/strong><\/strong><\/strong><span class=\"ez-toc-section-end\"><\/span><\/h3>\n\n\n\n<p>Lizbon\u2019un \u015f\u0131k semtlerinden Estrela\u2019da yer alan bu bazilika, ihti\u015faml\u0131 barok mimarisi ve kubbesinin zarif detaylar\u0131yla dikkat \u00e7eken bir ibadethane. 18. y\u00fczy\u0131lda Krali\u00e7e Maria I taraf\u0131ndan yapt\u0131r\u0131lan Basilica da Estrela, hem i\u00e7eriden hem d\u0131\u015far\u0131dan g\u00f6z al\u0131c\u0131. \u0130\u00e7eri girdi\u011finizde tavana y\u00fckselen kubbenin ince i\u015flemeleri, renkli mermerlerden yap\u0131lm\u0131\u015f alt\u0131n detaylarla s\u00fcslenmi\u015f freskler ve barok heykeller, sizi adeta bir sanat eserinin i\u00e7ine \u00e7ekiyor.<\/p>\n\n\n\n<p>Bazilikan\u0131n kubbesine \u00e7\u0131k\u0131p Lizbon manzaras\u0131n\u0131 seyretmek ise ayr\u0131 bir keyif. \u015eehrin farkl\u0131 y\u00fczlerini ve Lizbon&#8217;un tarihi dokusunu bir arada g\u00f6rmek isteyenler i\u00e7in Basilica da Estrela, mutlaka ziyaret edilmesi gereken bir durak.<\/p>\n\n\n\n<h3 class=\"wp-block-heading has-text-align-center has-neeon-button-dark-gray-color has-text-color has-link-color wp-elements-29616859fe9186ab4631d6e35847f22a\"><span class=\"ez-toc-section\" id=\"maat_museum_of_art_architecture_and_technology\"><\/span><strong>MAAT: Museum of Art, Architecture and Technology<\/strong><span class=\"ez-toc-section-end\"><\/span><\/h3>\n\n\n\n<p><br>Lizbon\u2019un modern y\u00fcz\u00fcyle tan\u0131\u015fmak isteyenler i\u00e7in MAAT, tam anlam\u0131yla bir sanat, mimari ve teknoloji merkezi. 2016 y\u0131l\u0131nda a\u00e7\u0131lan ve Belem k\u0131y\u0131s\u0131nda yer alan bu etkileyici yap\u0131, \u00e7a\u011fda\u015f mimarinin Lizbon\u2019daki parlayan y\u0131ld\u0131zlar\u0131ndan. \u00dcnl\u00fc \u0130ngiliz mimar Amanda Levete&#8217;nin tasarlad\u0131\u011f\u0131 m\u00fcze binas\u0131, nehir k\u0131y\u0131s\u0131nda dalga gibi y\u00fckselip al\u00e7alan k\u0131vr\u0131mlar\u0131yla adeta bir sanat eseri. \u0130\u00e7inde sergilenen \u00e7a\u011fda\u015f sanat eserleri, inovatif teknolojik projeler ve mimari yeniliklerle dolu sergiler, MAAT\u2019te sizi her k\u00f6\u015fede \u015fa\u015f\u0131rtacak.<\/p>\n\n\n\n<h2 class=\"wp-block-heading has-text-align-center has-neeon-button-dark-gray-color has-text-color has-link-color wp-elements-14e00afa6093a0f1d83347ce6c5c01b7\"><span class=\"ez-toc-section\" id=\"lizbonda_2_gun_plani\"><\/span><strong><strong><strong>Lizbon&#8217;da 2 G\u00fcn<\/strong> <strong>Plan\u0131<\/strong><\/strong><\/strong><span class=\"ez-toc-section-end\"><\/span><\/h2>\n\n\n\n<figure class=\"wp-block-image size-large\"><img decoding=\"async\" src=\"https:\/\/res.cloudinary.com\/turna\/image\/upload\/v1730279966\/wordpress-contents\/lizbon.jpg\" alt=\"\"\/><\/figure>\n\n\n\n<p>Lizbon\u2019da sadece iki g\u00fcn ge\u00e7irecekseniz, \u015fehri ke\u015ffetmek i\u00e7in m\u00fcthi\u015f bir tempoyla dolu bir plan yapman\u0131z gerekiyor! \u0130\u015fte dolu dolu bir Lizbon 2 g\u00fcnl\u00fck gezi rehberi:<br><br>Birinci g\u00fcne Pra\u00e7a do Com\u00e9rcio\u2019da ba\u015flay\u0131n; bu devasa meydanda Atlantik\u2019in tad\u0131n\u0131 \u00e7\u0131kar\u0131p sar\u0131 binalar\u0131n aras\u0131nda Lizbon\u2019un kalbine ho\u015f bir giri\u015f yap\u0131n. Oradan, tarih kokan Alfama\u2019ya do\u011fru y\u00fcr\u00fcy\u00fcn ve Lizbon\u2019un en eski mahallesinin dar sokaklar\u0131nda kaybolarak Lizbon Katedrali\u2019ne ula\u015f\u0131n. Gotik ihti\u015fam\u0131yla b\u00fcy\u00fcleyen bu katedralin ard\u0131ndan \u00fcnl\u00fc 28 Numaral\u0131 Tramvay\u2019a binin ve Lizbon\u2019un yoku\u015flu yollar\u0131nda nostaljik bir yolculuk yap\u0131n. G\u00fcn\u00fcn finalini Belem b\u00f6lgesine ay\u0131rarak burada Jeronimos Manast\u0131r\u0131\u2019n\u0131n ve Belem Kulesi\u2019nin etkileyici manzaras\u0131nda tarihe dal\u0131n. Belem Pastanesi\u2019ne u\u011frayarak o me\u015fhur tatl\u0131 Pastel de Nata\u2019n\u0131n tad\u0131n\u0131 \u00e7\u0131kararak bu dolu dolu g\u00fcn\u00fc tatl\u0131 bir kapan\u0131\u015fla tamamlay\u0131n.<br><br>\u0130kinci g\u00fcn\u00fcn\u00fcze Bairro Alto ve Chiado semtlerinin renkli sokaklar\u0131n\u0131 ke\u015ffederek ba\u015flay\u0131n. Y\u00fcksek manzaral\u0131 bir deneyim ar\u0131yorsan\u0131z Elevador de Santa Justa\u2019ya \u00e7\u0131k\u0131p Lizbon\u2019un panoramik manzaras\u0131n\u0131 seyredin. Oradan Rossio Meydan\u0131\u2019na ge\u00e7in ve kalabal\u0131\u011f\u0131n aras\u0131na kar\u0131\u015farak Lizbon\u2019un yerel atmosferini ya\u015fay\u0131n. \u00d6\u011fle yeme\u011finizi LX Factory\u2019de yaparak biraz da modern Lizbon havas\u0131 soluyun; bu eski fabrika kompleksi \u015fimdi sanat galerileri, kafeler ve butikleriyle dolu harika bir mekan. E\u011fer vaktiniz varsa, 25 Nisan K\u00f6pr\u00fcs\u00fc\u2019n\u00fc ge\u00e7ip Cristo Rei Heykeli\u2019ne de bir ziyaret yapabilirsiniz. Heykelin tepesine \u00e7\u0131kt\u0131\u011f\u0131n\u0131zda t\u00fcm \u015fehri kapsayan manzara size unutulmaz bir veda sunacak.<\/p>\n\n\n\n<p>Lizbon ile <strong>T\u00fcrkiye<\/strong> aras\u0131nda T\u00fcrk Hava Yollar\u0131 ile \u0130stanbul Havaliman\u0131\u2019ndan haftan\u0131n her g\u00fcn\u00fc yap\u0131lan ve 4 saat 20 dakika s\u00fcren u\u00e7u\u015flarla Lizbon Havaliman\u0131\u2019nda olman\u0131z m\u00fcmk\u00fcn. Ayr\u0131ca Ankara, \u0130zmir, Antalya gibi \u015fehirlerden de farkl\u0131 hava yollar\u0131 ile aktarmal\u0131 olarak seyahat edebilirsiniz. Sabiha G\u00f6k\u00e7en Havaliman\u0131&#8217;ndan da keyifli bir yolculuk yaparak Lizbon&#8217;a ula\u015fabilirsiniz. Lizbon kent merkezinden 8 km uzakl\u0131kta olan havaliman\u0131ndan merkeze rahatl\u0131kla gidebilirsiniz.<\/p>\n\n\n\n<p><strong>Lizbon<\/strong>, Avrupa\u2019n\u0131n g\u00f6steri\u015fli \u015fehirlerinden uzakta tarihin, k\u00fclt\u00fcr\u00fcn, mimari ve al\u00e7ak g\u00f6n\u00fcll\u00fc\u011f\u00fcn \u015fehri. Orta \u00c7a\u011f mimarisinin en iyi korundu\u011fu \u015fehirlerden bir olan Lizbon, Arnavut kald\u0131r\u0131ml\u0131 dar sokaklar\u0131, nostaljik pastaneleri, g\u00f6rsel bir \u015f\u00f6len gibi y\u00fckselen katedralleriyle ziyaret edilmeyi \u00e7oktan hak ediyor.<\/p>\n\n    <div class=\"xs_social_share_widget xs_share_url after_content \t\tmain_content  wslu-style-1 wslu-share-box-shaped wslu-fill-colored wslu-none wslu-share-horizontal wslu-theme-font-no wslu-main_content\">\n\n\t\t\n        <ul>\n\t\t\t        <\/ul>\n    <\/div> \n","protected":false},"excerpt":{"rendered":"<p>Renkli sokaklar, birbirinden cazibeli k\u00f6\u015feler ve tarihiyle b\u00fcy\u00fcleyen bir \u015fehir&#8230; Lizbon, Avrupa\u2019n\u0131n en \u00f6zel ba\u015fkentlerinden biri olarak gezginleri kendine \u00e7ekerken, ke\u015ffedilecek yerleriyle adeta bir hazine. Fado\u2019nun h\u00fcz\u00fcnl\u00fc notalar\u0131n\u0131n yank\u0131land\u0131\u011f\u0131, sar\u0131 tramvaylar\u0131n ta\u015f sokaklardan ge\u00e7ti\u011fi bu \u015fehirde her ad\u0131mda tarihin izlerine rastlayacaks\u0131n\u0131z. Lizbon\u2019da Gezilecek Yerler aras\u0131nda muhte\u015fem manzaral\u0131 kalelerden, pastel tonlar\u0131ndaki binalara, sanat dolu m\u00fczelerden, denizle i\u00e7 i\u00e7e meydanlara kadar say\u0131s\u0131z ke\u015fif noktas\u0131 bulunuyor. Haz\u0131rsan\u0131z, Lizbon\u2019un ritmiyle dans edece\u011finiz bu unutulmaz \u015fehir turuna ba\u015flayal\u0131m!<\/p>\n","protected":false},"author":34,"featured_media":23204,"comment_status":"open","ping_status":"open","sticky":false,"template":"","format":"standard","meta":{"rop_custom_images_group":[],"rop_custom_messages_group":[],"rop_publish_now":"initial","rop_publish_now_accounts":[],"rop_publish_now_history":[],"rop_publish_now_status":"pending","_cloudinary_featured_overwrite":false,"footnotes":""},"categories":[508,2],"tags":[509,510],"class_list":["post-17064","post","type-post","status-publish","format-standard","has-post-thumbnail","hentry","category-portekiz","category-ulkeler","tag-lizbon","tag-portekiz"],"_links":{"self":[{"href":"https:\/\/www.turna.com\/blog\/wp-json\/wp\/v2\/posts\/17064","targetHints":{"allow":["GET"]}}],"collection":[{"href":"https:\/\/www.turna.com\/blog\/wp-json\/wp\/v2\/posts"}],"about":[{"href":"https:\/\/www.turna.com\/blog\/wp-json\/wp\/v2\/types\/post"}],"author":[{"embeddable":true,"href":"https:\/\/www.turna.com\/blog\/wp-json\/wp\/v2\/users\/34"}],"replies":[{"embeddable":true,"href":"https:\/\/www.turna.com\/blog\/wp-json\/wp\/v2\/comments?post=17064"}],"version-history":[{"count":0,"href":"https:\/\/www.turna.com\/blog\/wp-json\/wp\/v2\/posts\/17064\/revisions"}],"wp:featuredmedia":[{"embeddable":true,"href":"https:\/\/www.turna.com\/blog\/wp-json\/wp\/v2\/media\/23204"}],"wp:attachment":[{"href":"https:\/\/www.turna.com\/blog\/wp-json\/wp\/v2\/media?parent=17064"}],"wp:term":[{"taxonomy":"category","embeddable":true,"href":"https:\/\/www.turna.com\/blog\/wp-json\/wp\/v2\/categories?post=17064"},{"taxonomy":"post_tag","embeddable":true,"href":"https:\/\/www.turna.com\/blog\/wp-json\/wp\/v2\/tags?post=17064"}],"curies":[{"name":"wp","href":"https:\/\/api.w.org\/{rel}","templated":true}]}}