{"id":17022,"date":"2025-09-23T11:57:28","date_gmt":"2025-09-23T08:57:28","guid":{"rendered":"https:\/\/www.turna.com\/blog\/?p=17022"},"modified":"2025-09-23T11:57:30","modified_gmt":"2025-09-23T08:57:30","slug":"portekiz-gezilecek-yerler","status":"publish","type":"post","link":"https:\/\/www.turna.com\/blog\/portekiz-gezilecek-yerler","title":{"rendered":"Portekiz Gezilecek Yerler: G\u00f6r\u00fclmesi Gereken 18 Yer"},"content":{"rendered":"<div id=\"ez-toc-container\" class=\"ez-toc-v2_0_82_2 counter-hierarchy ez-toc-counter ez-toc-black ez-toc-container-direction\">\n<div class=\"ez-toc-title-container\">\n<p class=\"ez-toc-title\" style=\"cursor:inherit\">\u0130\u00e7indekiler<\/p>\n<span class=\"ez-toc-title-toggle\"><a href=\"#\" class=\"ez-toc-pull-right ez-toc-btn ez-toc-btn-xs ez-toc-btn-default ez-toc-toggle\" aria-label=\"\u0130\u00e7indekiler Tablosunu A\u00e7\/Kapat\"><span class=\"ez-toc-js-icon-con\"><span class=\"\"><span class=\"eztoc-hide\" style=\"display:none;\">Toggle<\/span><span class=\"ez-toc-icon-toggle-span\"><svg style=\"fill: #ffffff;color:#ffffff\" xmlns=\"http:\/\/www.w3.org\/2000\/svg\" class=\"list-377408\" width=\"20px\" height=\"20px\" viewBox=\"0 0 24 24\" fill=\"none\"><path d=\"M6 6H4v2h2V6zm14 0H8v2h12V6zM4 11h2v2H4v-2zm16 0H8v2h12v-2zM4 16h2v2H4v-2zm16 0H8v2h12v-2z\" fill=\"currentColor\"><\/path><\/svg><svg style=\"fill: #ffffff;color:#ffffff\" class=\"arrow-unsorted-368013\" xmlns=\"http:\/\/www.w3.org\/2000\/svg\" width=\"10px\" height=\"10px\" viewBox=\"0 0 24 24\" version=\"1.2\" baseProfile=\"tiny\"><path d=\"M18.2 9.3l-6.2-6.3-6.2 6.3c-.2.2-.3.4-.3.7s.1.5.3.7c.2.2.4.3.7.3h11c.3 0 .5-.1.7-.3.2-.2.3-.5.3-.7s-.1-.5-.3-.7zM5.8 14.7l6.2 6.3 6.2-6.3c.2-.2.3-.5.3-.7s-.1-.5-.3-.7c-.2-.2-.4-.3-.7-.3h-11c-.3 0-.5.1-.7.3-.2.2-.3.5-.3.7s.1.5.3.7z\"\/><\/svg><\/span><\/span><\/span><\/a><\/span><\/div>\n<nav><ul class='ez-toc-list ez-toc-list-level-1 eztoc-toggle-hide-by-default' ><li class='ez-toc-page-1 ez-toc-heading-level-2'><a class=\"ez-toc-link ez-toc-heading-1\" href=\"https:\/\/www.turna.com\/blog\/portekiz-gezilecek-yerler\/#portekiz_gezilecek_yerler\" >Portekiz Gezilecek Yerler<\/a><ul class='ez-toc-list-level-3' ><li class='ez-toc-heading-level-3'><a class=\"ez-toc-link ez-toc-heading-2\" href=\"https:\/\/www.turna.com\/blog\/portekiz-gezilecek-yerler\/#1_lizbon\" >1. Lizbon<\/a><\/li><li class='ez-toc-page-1 ez-toc-heading-level-3'><a class=\"ez-toc-link ez-toc-heading-3\" href=\"https:\/\/www.turna.com\/blog\/portekiz-gezilecek-yerler\/#2_algarve\" >2. Algarve<\/a><\/li><li class='ez-toc-page-1 ez-toc-heading-level-3'><a class=\"ez-toc-link ez-toc-heading-4\" href=\"https:\/\/www.turna.com\/blog\/portekiz-gezilecek-yerler\/#3_obidos\" >3. Obidos<\/a><\/li><li class='ez-toc-page-1 ez-toc-heading-level-3'><a class=\"ez-toc-link ez-toc-heading-5\" href=\"https:\/\/www.turna.com\/blog\/portekiz-gezilecek-yerler\/#4_madeira\" >4. Madeira<\/a><\/li><li class='ez-toc-page-1 ez-toc-heading-level-3'><a class=\"ez-toc-link ez-toc-heading-6\" href=\"https:\/\/www.turna.com\/blog\/portekiz-gezilecek-yerler\/#5_porto\" >5. Porto<\/a><\/li><li class='ez-toc-page-1 ez-toc-heading-level-3'><a class=\"ez-toc-link ez-toc-heading-7\" href=\"https:\/\/www.turna.com\/blog\/portekiz-gezilecek-yerler\/#6_aveiro\" >6. Aveiro<\/a><\/li><li class='ez-toc-page-1 ez-toc-heading-level-3'><a class=\"ez-toc-link ez-toc-heading-8\" href=\"https:\/\/www.turna.com\/blog\/portekiz-gezilecek-yerler\/#7_coimbra\" >7. Coimbra<\/a><\/li><li class='ez-toc-page-1 ez-toc-heading-level-3'><a class=\"ez-toc-link ez-toc-heading-9\" href=\"https:\/\/www.turna.com\/blog\/portekiz-gezilecek-yerler\/#8_jeronimos_manastiri\" >8. Jeronimos Manast\u0131r\u0131\u00a0<\/a><\/li><li class='ez-toc-page-1 ez-toc-heading-level-3'><a class=\"ez-toc-link ez-toc-heading-10\" href=\"https:\/\/www.turna.com\/blog\/portekiz-gezilecek-yerler\/#9_belem_kulesi\" >9. Belem Kulesi\u00a0<\/a><\/li><li class='ez-toc-page-1 ez-toc-heading-level-3'><a class=\"ez-toc-link ez-toc-heading-11\" href=\"https:\/\/www.turna.com\/blog\/portekiz-gezilecek-yerler\/#10_st_george_kalesi\" >10. St. George Kalesi<\/a><\/li><li class='ez-toc-page-1 ez-toc-heading-level-3'><a class=\"ez-toc-link ez-toc-heading-12\" href=\"https:\/\/www.turna.com\/blog\/portekiz-gezilecek-yerler\/#11_pena_sarayi\" >11. Pena Saray\u0131<\/a><\/li><li class='ez-toc-page-1 ez-toc-heading-level-3'><a class=\"ez-toc-link ez-toc-heading-13\" href=\"https:\/\/www.turna.com\/blog\/portekiz-gezilecek-yerler\/#12_dom_luis_koprusu\" >12. Dom Luis K\u00f6pr\u00fcs\u00fc\u00a0<\/a><\/li><li class='ez-toc-page-1 ez-toc-heading-level-3'><a class=\"ez-toc-link ez-toc-heading-14\" href=\"https:\/\/www.turna.com\/blog\/portekiz-gezilecek-yerler\/#13_obidos_kalesi\" >13. Obidos Kalesi<\/a><\/li><li class='ez-toc-page-1 ez-toc-heading-level-3'><a class=\"ez-toc-link ez-toc-heading-15\" href=\"https:\/\/www.turna.com\/blog\/portekiz-gezilecek-yerler\/#14_cais_da_ribeira\" >14. Cais da Ribeira<\/a><\/li><li class='ez-toc-page-1 ez-toc-heading-level-3'><a class=\"ez-toc-link ez-toc-heading-16\" href=\"https:\/\/www.turna.com\/blog\/portekiz-gezilecek-yerler\/#15_castelo_dos_mouros\" >15. Castelo dos Mouros<\/a><\/li><li class='ez-toc-page-1 ez-toc-heading-level-3'><a class=\"ez-toc-link ez-toc-heading-17\" href=\"https:\/\/www.turna.com\/blog\/portekiz-gezilecek-yerler\/#16_praia_da_marinha\" >16. Praia da Marinha<\/a><\/li><li class='ez-toc-page-1 ez-toc-heading-level-3'><a class=\"ez-toc-link ez-toc-heading-18\" href=\"https:\/\/www.turna.com\/blog\/portekiz-gezilecek-yerler\/#17_carmo_kilisesi\" >17. Carmo Kilisesi<\/a><\/li><li class='ez-toc-page-1 ez-toc-heading-level-3'><a class=\"ez-toc-link ez-toc-heading-19\" href=\"https:\/\/www.turna.com\/blog\/portekiz-gezilecek-yerler\/#18_portugal_dos_pequenitos\" >18. Portugal dos Pequenitos<\/a><\/li><\/ul><\/li><\/ul><\/nav><\/div>\n\n<p><p>\u0130ber Yar\u0131madas\u0131&#8217;n\u0131n bat\u0131 k\u0131y\u0131s\u0131nda yer alan <a href=\"https:\/\/www.turna.com\/blog\/ulkeler\/avrupa\/portekiz\" target=\"_blank\" rel=\"noopener noreferrer\"><strong>Portekiz<\/strong><\/a>, G\u00fcneybat\u0131 Avrupa&#8217;n\u0131n en g\u00f6rkemli \u00fclkelerinden. Muhte\u015fem iklimi ile turistlerin u\u011frak noktas\u0131 olan \u00fclke Fado, Fiesta ve Futbol \u00fc\u00e7lemesinin kalbi olarak adland\u0131r\u0131l\u0131yor.<\/p><\/p>\n\n\n\n<p><p>Muhte\u015fem plajlar\u0131, orta \u00e7a\u011f esintili k\u00f6yleri, renkli gece hayat\u0131, ola\u011fan\u00fcst\u00fc lezzetleri ve \u00f6zg\u00fcn k\u00fclt\u00fcr\u00fc ile Portekiz&#8217;de herkesin ilgi alan\u0131na g\u00f6re bulabilece\u011fi bir \u015feyler var.<\/p><\/p>\n\n\n\n<p><a href=\"https:\/\/www.turna.com\/ucak-bileti\/portekiz\" target=\"_blank\" rel=\"noopener noreferrer\"><strong>Portekiz u\u00e7ak bileti<\/strong><\/a> se\u00e7eneklerine g\u00f6z at\u0131n.<\/p>\n\n\n\n<h2 class=\"wp-block-heading has-text-align-center has-neeon-button-dark-gray-color has-text-color has-link-color wp-elements-abc3ae033a4a1f3a01851d9affe7334f\"><span class=\"ez-toc-section\" id=\"portekiz_gezilecek_yerler\"><\/span><strong><strong>Portekiz Gezilecek Yerler<\/strong><\/strong><span class=\"ez-toc-section-end\"><\/span><\/h2>\n\n\n\n<h3 class=\"wp-block-heading has-text-align-center has-neeon-button-dark-gray-color has-text-color has-link-color wp-elements-f7720c6b55ef1ae5003a8521f2ec3707\"><span class=\"ez-toc-section\" id=\"1_lizbon\"><\/span><strong><strong>1. Lizbon<\/strong><\/strong><span class=\"ez-toc-section-end\"><\/span><\/h3>\n\n\n\n<figure class=\"wp-block-image size-large\"><img width=\"800\" height=\"500\" data-public-id=\"Lizbon_j4lxr8\/Lizbon_j4lxr8.jpg\" decoding=\"async\" src=\"https:\/\/res.cloudinary.com\/turna\/images\/w_800,h_500,c_scale\/f_auto,q_auto:low\/v1572529869\/Lizbon_j4lxr8\/Lizbon_j4lxr8.jpg?_i=AA\" alt=\"\" class=\"wp-post-0 wp-image-17121\" data-format=\"jpg\" data-transformations=\"f_auto,q_auto:low\" data-version=\"1572529869\" data-seo=\"1\" srcset=\"https:\/\/res.cloudinary.com\/turna\/images\/f_auto,q_auto:low\/v1572529869\/Lizbon_j4lxr8\/Lizbon_j4lxr8.jpg?_i=AA 800w, https:\/\/res.cloudinary.com\/turna\/images\/w_300,h_188,c_scale\/f_auto,q_auto:low\/v1572529869\/Lizbon_j4lxr8\/Lizbon_j4lxr8.jpg?_i=AA 300w, https:\/\/res.cloudinary.com\/turna\/images\/w_672,h_420,c_scale\/f_auto,q_auto:low\/v1572529869\/Lizbon_j4lxr8\/Lizbon_j4lxr8.jpg?_i=AA 672w, https:\/\/res.cloudinary.com\/turna\/images\/w_640,h_400,c_scale\/f_auto,q_auto:low\/v1572529869\/Lizbon_j4lxr8\/Lizbon_j4lxr8.jpg?_i=AA 640w, https:\/\/res.cloudinary.com\/turna\/images\/w_681,h_426,c_scale\/f_auto,q_auto:low\/v1572529869\/Lizbon_j4lxr8\/Lizbon_j4lxr8.jpg?_i=AA 681w\" sizes=\"(max-width: 800px) 100vw, 800px\" \/><\/figure>\n\n\n\n<p>Portekiz&#8217;in ba\u015fkenti <strong>Lizbon<\/strong>, \u00fclkede en \u00e7ok ziyaret\u00e7i a\u011f\u0131rlayan \u015fehir. Renkli ya\u015fam tarz\u0131na sahip olan kentin eski yerle\u015fim b\u00f6lgesi Alfama, Fas tarz\u0131 mimari yap\u0131s\u0131, Fado m\u00fczi\u011finin ritminin hissedildi\u011fi sokaklar\u0131yla harika bir atmosfere sahip. Lizbon&#8217;u tan\u0131mak i\u00e7in en iyi yol 28 nolu tramvaya binip kenti ba\u015ftan ba\u015fa dola\u015fmak.<\/p>\n\n\n\n<h3 class=\"wp-block-heading has-text-align-center has-neeon-button-dark-gray-color has-text-color has-link-color wp-elements-ac49c9ddd8ed3926fb838b751a6a12ae\"><span class=\"ez-toc-section\" id=\"2_algarve\"><\/span><strong><strong>2. Algarve<\/strong><\/strong><span class=\"ez-toc-section-end\"><\/span><\/h3>\n\n\n\n<p>S\u0131cak Akdeniz iklimi, nefis plajlar\u0131, ilgin\u00e7 kasabalar\u0131, tarihi b\u00f6lgeleri, enfes yemekleri ve cep dostu b\u00fct\u00e7esiyle <strong>Algarve<\/strong>\u2019yi Portekiz\u2019in g\u00f6r\u00fclebilecek en iyi yerlerinden biri haline getiriyor. \u00dclkenin en g\u00fcney k\u0131sm\u0131nda bulunan Algarve g\u00f6zler i\u00e7in bir ziyafet sunuyor. Yemye\u015fil zeytinlikler, geleneksel bembeyaza boyanm\u0131\u015f k\u00f6yler, tepelerin eteklerine yerle\u015fmi\u015f muhte\u015fem bir sahil ile muhte\u015fem bir ahenk olu\u015fturuyor. Faro bu b\u00f6lgenin ba\u015fkenti ve Lagos gece hayat\u0131 arayanlar\u0131n gitmesi gereken yer. Portakal bah\u00e7eleri ve k\u0131rm\u0131z\u0131 kumta\u015f\u0131 kalesiyle me\u015fhur olan yer ise Silves. Tavira ise R\u00f6nesans an\u0131tlar\u0131, k\u00f6pr\u00fcleri ve kaleleri ile \u00e7ok zarif bir kasaba.<\/p>\n\n\n\n<h3 class=\"wp-block-heading has-text-align-center has-neeon-button-dark-gray-color has-text-color has-link-color wp-elements-d9c3e22119b655b687bc844abb96ef5b\"><span class=\"ez-toc-section\" id=\"3_obidos\"><\/span><strong><strong>3. Obidos<\/strong><\/strong><span class=\"ez-toc-section-end\"><\/span><\/h3>\n\n\n\n<p><p>Portekiz\u2019in bat\u0131 b\u00f6lgesinde bir tepeye yerle\u015fmi\u015f olan <strong>Obidos<\/strong>\u2019un etraf\u0131 bir sur ile \u00e7evrilmi\u015f. Surun d\u0131\u015f\u0131nda \u015fehir i\u00e7inde bulunan muhte\u015fem orta\u00e7a\u011f kalesi ve tarihi Obidos Meydan\u0131 \u015fehrin ana temas\u0131n\u0131 olu\u015fturuyor. Bu b\u00f6lgeyi y\u00fcr\u00fcyerek ke\u015ffetmek en do\u011fru ve kolay se\u00e7im olacakt\u0131r \u00e7\u00fcnk\u00fc bir labirenti and\u0131ran dar \u00f6rme ta\u015f sokaklar\u0131 hissetmenin en g\u00fczel yolu bu.Kalabal\u0131k meydanlar, g\u00fczel d\u00fckkanlar ve camlar\u0131nda rengarenk \u00e7i\u00e7ekler bulunan beyaz evleri ile ziyaret\u00e7ileri b\u00fcy\u00fcleyen bir \u015fehir. Kalenin devasa kap\u0131s\u0131, kuleleri ve siperleri art\u0131k \u00e7ok l\u00fcks bir otele hizmet etse de ihti\u015fam\u0131ndan hi\u00e7bir \u015fey kaybetmi\u015f de\u011fil.<\/p><\/p>\n\n\n\n<h3 class=\"wp-block-heading has-text-align-center has-neeon-button-dark-gray-color has-text-color has-link-color wp-elements-428ae9ae1b8e422a2325c120f1b5ac14\"><span class=\"ez-toc-section\" id=\"4_madeira\"><\/span><strong><strong>4. Madeira<\/strong><\/strong><span class=\"ez-toc-section-end\"><\/span><\/h3>\n\n\n\n<figure class=\"wp-block-image size-large\"><img width=\"800\" height=\"500\" data-public-id=\"Madeira_g1sxbs\/Madeira_g1sxbs.jpg\" decoding=\"async\" src=\"https:\/\/res.cloudinary.com\/turna\/images\/w_800,h_500,c_scale\/f_auto,q_auto:low\/v1572529869\/Madeira_g1sxbs\/Madeira_g1sxbs.jpg?_i=AA\" alt=\"\" class=\"wp-post-0 wp-image-17122\" data-format=\"jpg\" data-transformations=\"f_auto,q_auto:low\" data-version=\"1572529869\" data-seo=\"1\" srcset=\"https:\/\/res.cloudinary.com\/turna\/images\/f_auto,q_auto:low\/v1572529869\/Madeira_g1sxbs\/Madeira_g1sxbs.jpg?_i=AA 800w, https:\/\/res.cloudinary.com\/turna\/images\/w_300,h_188,c_scale\/f_auto,q_auto:low\/v1572529869\/Madeira_g1sxbs\/Madeira_g1sxbs.jpg?_i=AA 300w, https:\/\/res.cloudinary.com\/turna\/images\/w_672,h_420,c_scale\/f_auto,q_auto:low\/v1572529869\/Madeira_g1sxbs\/Madeira_g1sxbs.jpg?_i=AA 672w, https:\/\/res.cloudinary.com\/turna\/images\/w_640,h_400,c_scale\/f_auto,q_auto:low\/v1572529869\/Madeira_g1sxbs\/Madeira_g1sxbs.jpg?_i=AA 640w, https:\/\/res.cloudinary.com\/turna\/images\/w_681,h_426,c_scale\/f_auto,q_auto:low\/v1572529869\/Madeira_g1sxbs\/Madeira_g1sxbs.jpg?_i=AA 681w\" sizes=\"(max-width: 800px) 100vw, 800px\" \/><\/figure>\n\n\n\n<p><p>\u201cAtlanti\u011fin Y\u00fczen Bah\u00e7esi\u201d ismi tak\u0131lan <strong>Madeira<\/strong>, Atlantik Okyanusunda Kuzey Afrika ile Portekiz aras\u0131nda \u00e7ok verimli bir vaha g\u00f6r\u00fcnt\u00fcs\u00fcne sahip. Yemye\u015fil bitki \u00f6rt\u00fcs\u00fc, \u00e7i\u00e7ek bah\u00e7eleri ve \u015faraplar\u0131yla bu g\u00f6r\u00fcnt\u00fcn\u00fcn hakk\u0131n\u0131 da veriyor. Mutlaka g\u00f6r\u00fclmesi gereken yerleri aras\u0131nda Orkid Bah\u00e7esi ve Laurissilva orman\u0131 bulunuyor-ki bu orman d\u00fcnyan\u0131n en b\u00fcy\u00fck defne a\u011fac\u0131 b\u00f6lgesine sahip.Madeira\u2019n\u0131n ba\u015fkenti ve en b\u00fcy\u00fck \u015fehri Funchal. Tarihi kiliseler, kaleler, turist resortlar\u0131 ve restoranlar\u0131n yan\u0131nda a\u011fa\u00e7larla bezeli bir kordon boyu da bulunuyor ve ola\u011fan\u00fcst\u00fc bir okyanus manzaras\u0131na sahip.<\/p><\/p>\n\n\n\n<h3 class=\"wp-block-heading has-text-align-center has-neeon-button-dark-gray-color has-text-color has-link-color wp-elements-43f14857c9d43d730990682a04e1f831\"><span class=\"ez-toc-section\" id=\"5_porto\"><\/span><strong><strong>5. Porto<\/strong><\/strong><span class=\"ez-toc-section-end\"><\/span><\/h3>\n\n\n\n<p>Portekiz\u2019in kuzeyinde Douro nehrine y\u00fcksekten bakan tepelerin aras\u0131nda bulunan <strong>Porto<\/strong>, d\u00fcnyaca \u00fcnl\u00fc \u015faraplar\u0131yla me\u015fhur. Porto\u2019nun tam kalbindeki Ribeira\u2019da ise sadece yayalara ayr\u0131lm\u0131\u015f b\u00f6lgesiyle hem \u00e7ok b\u00fcy\u00fcleyici hem de canl\u0131 m\u00fczi\u011fi, kafeleri, restoranlar\u0131 ve sokak sat\u0131c\u0131lar\u0131 ile harika bir atmosfere sahip. B\u00f6lgenin en me\u015fhur yeri ise Porto\u2019yu Vila Nova de Gaia\u2019ya ba\u011flayan Ponte Dom Luis ad\u0131ndaki demir k\u00f6pr\u00fc. \u015earap mahzenleri ile me\u015fhur k\u00f6pr\u00fc yine g\u00f6r\u00fclmese gereken yerler aras\u0131nda bulunuyor.<\/p>\n\n\n\n<h3 class=\"wp-block-heading has-text-align-center has-neeon-button-dark-gray-color has-text-color has-link-color wp-elements-3ddbdade31571c92119bf0eb962234b1\"><span class=\"ez-toc-section\" id=\"6_aveiro\"><\/span><strong><strong>6. Aveiro<\/strong><\/strong><span class=\"ez-toc-section-end\"><\/span><\/h3>\n\n\n\n<p>Orta Portekiz\u2019in Atlantik K\u0131y\u0131s\u0131n\u0131 kucaklayan <strong>Aveiro<\/strong>, genellikle \u201cPortekiz\u2019in Venedi\u011fi\u201d olarak da biliniyor. Bunun sebebi de tahmin edilebilece\u011fi gibi \u015fehir i\u00e7inde bulunan harika kanallar ve o kanallar\u0131n \u00fczerindeki k\u00f6pr\u00fcler. Rengarenk gondollar, botlar kanallar aras\u0131nda dola\u015f\u0131rken \u015fehrin tarihi b\u00f6lgelerini ziyaret edebilir ve muhte\u015fem sahillerin tad\u0131n\u0131 \u00e7\u0131kartabilirsiniz. Aveiro\u2019yu pop\u00fcler yapan bir di\u011fer unsur da mutfa\u011f\u0131, dolay\u0131s\u0131yla burada damak zevkinize uygun bir \u015feyler mutlaka bulacaks\u0131n\u0131z. Aveiro\u2019da g\u00f6r\u00fclecek yerler aras\u0131nda Aveiro Katedrali, Sao Gon\u00e7alinho \u015eapeli ve Convento de Jesus gibi yerler de bulunuyor. Hepsinin mimarisi muhte\u015fem ve adeta birer sanat eseri.<\/p>\n\n\n\n<h3 class=\"wp-block-heading has-text-align-center has-neeon-button-dark-gray-color has-text-color has-link-color wp-elements-5e34625760a4f7945be65cc3893b9ea6\"><span class=\"ez-toc-section\" id=\"7_coimbra\"><\/span><strong><strong>7. Coimbra<\/strong><\/strong><span class=\"ez-toc-section-end\"><\/span><\/h3>\n\n\n\n<figure class=\"wp-block-image size-large\"><img width=\"800\" height=\"500\" data-public-id=\"Coimbra_lbef9h\/Coimbra_lbef9h.jpg\" decoding=\"async\" src=\"https:\/\/res.cloudinary.com\/turna\/images\/w_800,h_500,c_scale\/f_auto,q_auto:low\/v1572529870\/Coimbra_lbef9h\/Coimbra_lbef9h.jpg?_i=AA\" alt=\"\" class=\"wp-post-0 wp-image-17123\" data-format=\"jpg\" data-transformations=\"f_auto,q_auto:low\" data-version=\"1572529870\" data-seo=\"1\" srcset=\"https:\/\/res.cloudinary.com\/turna\/images\/f_auto,q_auto:low\/v1572529870\/Coimbra_lbef9h\/Coimbra_lbef9h.jpg?_i=AA 800w, https:\/\/res.cloudinary.com\/turna\/images\/w_300,h_188,c_scale\/f_auto,q_auto:low\/v1572529870\/Coimbra_lbef9h\/Coimbra_lbef9h.jpg?_i=AA 300w, https:\/\/res.cloudinary.com\/turna\/images\/w_672,h_420,c_scale\/f_auto,q_auto:low\/v1572529870\/Coimbra_lbef9h\/Coimbra_lbef9h.jpg?_i=AA 672w, https:\/\/res.cloudinary.com\/turna\/images\/w_640,h_400,c_scale\/f_auto,q_auto:low\/v1572529870\/Coimbra_lbef9h\/Coimbra_lbef9h.jpg?_i=AA 640w, https:\/\/res.cloudinary.com\/turna\/images\/w_681,h_426,c_scale\/f_auto,q_auto:low\/v1572529870\/Coimbra_lbef9h\/Coimbra_lbef9h.jpg?_i=AA 681w\" sizes=\"(max-width: 800px) 100vw, 800px\" \/><\/figure>\n\n\n\n<p><p>K\u00fc\u00e7\u00fck ve \u00e7ok \u015firin bir kasaba olan <strong>Coimbra<\/strong>, Orta Portekiz\u2019de Mondego Nehri k\u0131y\u0131s\u0131nda bir\u00e7ok tarihi hazineye, muhte\u015fem bah\u00e7elere, fado m\u00fczi\u011finin en se\u00e7kin \u00f6rneklerine ve Avrupa\u2019n\u0131n en eski \u00fcniversitelerinden birinin \u00e7evresindeki canl\u0131 k\u00fclt\u00fcre ev sahipli\u011fi yap\u0131yor. Portekiz gezilecek yerler aras\u0131ndaki Coimbra\u2019da yap\u0131labilecek en iyi \u015fey t\u00fcm bu tarihi mekanlar, katedraller ve manast\u0131rlar aras\u0131nda kaybolmak. Aralar\u0131nda Krali\u00e7e Isabel\u2019in lahitinin de bulundu\u011fu manast\u0131rlar\u0131n her biri ayr\u0131 g\u00fczellikte. <\/p><\/p>\n\n\n\n<p><p>Coimbra\u2019y\u0131 ziyaret etti\u011finizde asla g\u00f6rmeden d\u00f6nmeyin diyebilece\u011fimiz yer kesinlikle Coimbra \u00dcniversitesinin k\u00fct\u00fcphaneleri. \u00d6zellikle Joanina K\u00fct\u00fcphanesi g\u00f6r\u00fclmeye de\u011fer bir yer. Portekizden beklentileri daha e\u015fsiz ve derin olanlar i\u00e7in tavsiyem Fado ad\u0131 verilen ayn\u0131 zamanda Portekiz\u2019in blues tarz\u0131 olarak da bilinen melankolik m\u00fczi\u011fi dinlenilmesi, Manueline mimarisinin daha yak\u0131ndan tan\u0131nmas\u0131 ve geleneksel festivallerden birine kat\u0131lmak ya da Duoro Nehrinin kenar\u0131nda en lezzetli \u015faraplar\u0131 tatmak diyebiliriz.<\/p><\/p>\n\n\n\n<h3 class=\"wp-block-heading has-text-align-center has-neeon-button-dark-gray-color has-text-color has-link-color wp-elements-51933406163531305686a71592a40800\"><span class=\"ez-toc-section\" id=\"8_jeronimos_manastiri\"><\/span><strong>8. Jeronimos Manast\u0131r\u0131\u00a0<\/strong><span class=\"ez-toc-section-end\"><\/span><\/h3>\n\n\n\n<figure class=\"wp-block-image size-large\"><img decoding=\"async\" src=\"https:\/\/res.cloudinary.com\/turna\/image\/upload\/v1758616077\/wordpress-contents\/Jeronimos_Manast%C4%B1r%C4%B1.jpg\" alt=\"\"\/><\/figure>\n\n\n\n<p>Lizbon\u2019a gitti\u011finizde nereden ba\u015flasam diye d\u00fc\u015f\u00fcn\u00fcrseniz, listenin en tepesine <strong>Jeronimos Manast\u0131r\u0131<\/strong>\u2019n\u0131 koyabilirsiniz. 16. y\u00fczy\u0131lda yap\u0131lm\u0131\u015f bu ihti\u015faml\u0131 yap\u0131, Portekiz\u2019in denizcilik tarihine sayg\u0131 duru\u015fu niteli\u011finde. Vasco da Gama\u2019n\u0131n Hindistan\u2019a yolculu\u011fu sonras\u0131 in\u015fa edilmi\u015f olmas\u0131 da buray\u0131 daha anlaml\u0131 k\u0131l\u0131yor. \u0130\u00e7eri ad\u0131m att\u0131\u011f\u0131n\u0131zda o ince ince i\u015flenmi\u015f ta\u015f s\u00fctunlar, kabartmalar ve tavan s\u00fcslemeleri kar\u015f\u0131s\u0131nda kendinizi kaybediyorsunuz. Buras\u0131 basit bir manast\u0131r de\u011fil, Portekiz tarihinin kalbinin att\u0131\u011f\u0131 yer. Manast\u0131r\u0131n 1983 y\u0131l\u0131nda UNESCO taraf\u0131ndan D\u00fcnya Miras\u0131 Listesi\u2019ne al\u0131nd\u0131\u011f\u0131n\u0131 da hat\u0131rlatal\u0131m.<\/p>\n\n\n\n<h3 class=\"wp-block-heading has-text-align-center has-neeon-button-dark-gray-color has-text-color has-link-color wp-elements-ac05bef48dbd9ac9df9e6e68a8d15ce5\"><span class=\"ez-toc-section\" id=\"9_belem_kulesi\"><\/span><strong>9. Belem Kulesi\u00a0<\/strong><span class=\"ez-toc-section-end\"><\/span><\/h3>\n\n\n\n<figure class=\"wp-block-image size-large\"><img decoding=\"async\" src=\"https:\/\/res.cloudinary.com\/turna\/image\/upload\/v1758616074\/wordpress-contents\/Belem_Kulesi.jpg\" alt=\"\"\/><\/figure>\n\n\n\n<p>Manast\u0131r\u0131n biraz ilerisinde Tagus Nehri k\u0131y\u0131s\u0131nda duran <strong>Belem Kulesi<\/strong>, Lizbon\u2019un sembollerinden biri. 1514\u2019te yap\u0131lm\u0131\u015f ve zaman\u0131nda \u015fehri koruyan bir g\u00f6zetleme kulesiymi\u015f. Bug\u00fcn ise herkesin foto\u011fraf \u00e7ekmek i\u00e7in u\u011frad\u0131\u011f\u0131 bir durak. Deniz kenar\u0131nda o ta\u015f i\u015f\u00e7iliklerine bakarken kendinizi Orta \u00c7a\u011f masal\u0131n\u0131n i\u00e7inde bulabilirsiniz. Hele g\u00fcn bat\u0131m\u0131nda g\u00f6ky\u00fcz\u00fcn\u00fcn renkleri kulenin siluetine yans\u0131y\u0131nca ortaya \u00e7\u0131kan manzara unutulmaz.<\/p>\n\n\n\n<h3 class=\"wp-block-heading has-text-align-center has-neeon-button-dark-gray-color has-text-color has-link-color wp-elements-474de574037a7d0b9c5ad9fe71d02fcc\"><span class=\"ez-toc-section\" id=\"10_st_george_kalesi\"><\/span><strong>10. St. George Kalesi<\/strong><span class=\"ez-toc-section-end\"><\/span><\/h3>\n\n\n\n<p>Lizbon\u2019un tam tepesinde, k\u0131rm\u0131z\u0131 \u00e7at\u0131l\u0131 evlere ve nehre yukar\u0131dan bakan <strong>St. George Kalesi<\/strong> var. Romal\u0131lardan Araplara kadar bir\u00e7ok uygarl\u0131k buray\u0131 kullanm\u0131\u015f. O y\u00fczden surlar\u0131n aras\u0131nda dola\u015f\u0131rken sanki zamanda yolculuk ediyorsunuz. Bir de o e\u015fsiz manzara: \u015eehir ayaklar\u0131n\u0131z\u0131n alt\u0131nda, Tagus Nehri ise kartpostal gibi uzan\u0131yor. \u00d6zellikle foto\u011fraf \u00e7ekmeyi seviyorsan\u0131z burada \u00e7ok vakit ge\u00e7ireceksiniz.<\/p>\n\n\n\n<h3 class=\"wp-block-heading has-text-align-center has-neeon-button-dark-gray-color has-text-color has-link-color wp-elements-8c6c08b45ad9421987b1d0156b5e9b1e\"><span class=\"ez-toc-section\" id=\"11_pena_sarayi\"><\/span><strong>11. Pena Saray\u0131<\/strong><span class=\"ez-toc-section-end\"><\/span><\/h3>\n\n\n\n<figure class=\"wp-block-image size-large\"><img decoding=\"async\" src=\"https:\/\/res.cloudinary.com\/turna\/image\/upload\/v1758616074\/wordpress-contents\/Pena_Saray%C4%B1.jpg\" alt=\"\"\/><\/figure>\n\n\n\n<p>Sintra\u2019ya gidip de <strong>Pena Saray\u0131<\/strong>\u2019n\u0131 g\u00f6rmeden d\u00f6nmek olmaz. Rengarenk g\u00f6r\u00fcnt\u00fcs\u00fcyle uzaktan bile kendini belli ediyor. 19. y\u00fczy\u0131lda in\u015fa edilen bu saray, romantizmin doruk noktas\u0131. Sar\u0131n\u0131n, k\u0131rm\u0131z\u0131n\u0131n ve mavinin yan yana bu kadar uyumlu durabilece\u011fini insan burada anl\u0131yor. \u0130\u00e7inde kraliyet ailesinin kulland\u0131\u011f\u0131 odalar, \u015fatafatl\u0131 s\u00fcslemeler var ama as\u0131l keyif saray\u0131n bah\u00e7elerinde. Yemye\u015fil a\u011fa\u00e7lar\u0131n aras\u0131nda dola\u015f\u0131rken bir anda kar\u015f\u0131n\u0131za \u00e7\u0131kan kule manzaralar\u0131 insan\u0131 mest ediyor.<\/p>\n\n\n\n<h3 class=\"wp-block-heading has-text-align-center has-neeon-button-dark-gray-color has-text-color has-link-color wp-elements-11da742fde49a7c13ade5e3dd0c6424a\"><span class=\"ez-toc-section\" id=\"12_dom_luis_koprusu\"><\/span><strong>12. Dom Luis K\u00f6pr\u00fcs\u00fc\u00a0<\/strong><span class=\"ez-toc-section-end\"><\/span><\/h3>\n\n\n\n<figure class=\"wp-block-image size-large\"><img decoding=\"async\" src=\"https:\/\/res.cloudinary.com\/turna\/image\/upload\/v1758616074\/wordpress-contents\/Dom_Luis_K%C3%B6pr%C3%BCs%C3%BC.jpg\" alt=\"\"\/><\/figure>\n\n\n\n<p>Porto denince akla ilk gelen \u015feylerden biri <strong>Dom Luis K\u00f6pr\u00fcs\u00fc<\/strong>. 19. y\u00fczy\u0131l\u0131n sonunda yap\u0131lm\u0131\u015f bu devasa demir k\u00f6pr\u00fc, Gustave Eiffel\u2019in \u00f6\u011frencisi taraf\u0131ndan tasarlanm\u0131\u015f ve 1996 y\u0131l\u0131nda da UNESCO D\u00fcnya Miras\u0131 Listesi\u2019ne al\u0131nm\u0131\u015f. \u0130ki katl\u0131 olmas\u0131yla hem yayalara hem ara\u00e7lara hizmet ediyor. \u00dcst kat\u0131nda y\u00fcr\u00fcrken Douro Nehri\u2019nin ve Porto\u2019nun renkli evlerinin manzaras\u0131 insan\u0131n nefesini kesiyor. Ak\u015fam \u0131\u015f\u0131klar\u0131 yan\u0131nca k\u00f6pr\u00fcn\u00fcn ihti\u015fam\u0131 daha da ortaya \u00e7\u0131k\u0131yor.<\/p>\n\n\n\n<h3 class=\"wp-block-heading has-text-align-center has-neeon-button-dark-gray-color has-text-color has-link-color wp-elements-b1d827a308a5c06be78521cb10a01e24\"><span class=\"ez-toc-section\" id=\"13_obidos_kalesi\"><\/span><strong><strong>13. Obidos Kalesi<\/strong><\/strong><span class=\"ez-toc-section-end\"><\/span><\/h3>\n\n\n\n<p><strong>Obidos Kalesi<\/strong> Obidos ad\u0131nda Roma d\u00f6nemine kadar uzanan bir kasabada ki bir tepenin \u00fczerinde bulunuyor ve \u00e7arp\u0131c\u0131 g\u00f6r\u00fcnt\u00fcs\u00fcyle dikkat \u00e7ekiyor. Ma\u011fripliler 8.yy zamanlar\u0131nda bu kaleyi in\u015fa etmi\u015fler ancak 14.yy\u2019da tekrar restore edildi ve bir i\u00e7 kale de eklendi. G\u00fcn\u00fcm\u00fczde kale l\u00fcks bir otel olarak hizmet veriyor ve geleneksel orta\u00e7a\u011f pazar\u0131 her Temmuz burada sergileniyor.<\/p>\n\n\n\n<h3 class=\"wp-block-heading has-text-align-center has-neeon-button-dark-gray-color has-text-color has-link-color wp-elements-cc7bd59998b1b29b0457079351014d25\"><span class=\"ez-toc-section\" id=\"14_cais_da_ribeira\"><\/span><strong><strong>14. Cais da Ribeira<\/strong><\/strong><span class=\"ez-toc-section-end\"><\/span><\/h3>\n\n\n\n<p class=\"has-text-align-left\"><strong>Cais da Ribeira<\/strong> Proto\u2019nun en b\u00fcy\u00fcl\u00fc yerlerinden biri ve bu y\u00fczden bazen \u201cPorto\u2019nun ruhu\u201d olarak da adland\u0131r\u0131l\u0131yor. Douro Nehrinin k\u0131y\u0131s\u0131nda bir meydana ula\u015fan bir\u00e7ok orta\u00e7a\u011f caddelerinden olu\u015fmu\u015f. Orta\u00e7a\u011f binalar\u0131 barlar, cafeler ve restoranlarla doldu\u011fundan Ribeira yeme i\u00e7me konusunda olduk\u00e7a fazla imkanlar ve se\u00e7enekler sunan bir yer haline gelmi\u015f. Riberira \u00f6zellikle festival zaman\u0131nda \u00e7ok pop\u00fcler bir destinasyon oluyor ve t\u00fcm kasaba halk\u0131 havai fi\u015fekleri izlemek i\u00e7in buraya toplan\u0131yor. Meydan\u0131n tam ortas\u0131nda bulunan bronz bir k\u00fcp\u00fcn hemen yan\u0131nda 1394 y\u0131l\u0131nda do\u011fan denizci Prens Henry\u2019nin hayata g\u00f6zlerini a\u00e7t\u0131\u011f\u0131 ev bulunuyor.<\/p>\n\n\n\n<h3 class=\"wp-block-heading has-text-align-center has-neeon-button-dark-gray-color has-text-color has-link-color wp-elements-0a0712fa1f894b4cf95c598ff601ebd6\"><span class=\"ez-toc-section\" id=\"15_castelo_dos_mouros\"><\/span><strong>15. Castelo dos Mouros<\/strong><span class=\"ez-toc-section-end\"><\/span><\/h3>\n\n\n\n<figure class=\"wp-block-image size-large\"><img decoding=\"async\" src=\"https:\/\/res.cloudinary.com\/turna\/image\/upload\/v1758616075\/wordpress-contents\/Castelo_dos_Mouros.jpg\" alt=\"\"\/><\/figure>\n\n\n\n<p>Sintra\u2019daki bir di\u011fer \u00f6nemli nokta da <strong>Castelo dos Mouros<\/strong>, yani M\u00fcsl\u00fcmanlar\u0131n Kalesi. 8. y\u00fczy\u0131lda yap\u0131lm\u0131\u015f ve hala ayakta. Ormanlar\u0131n i\u00e7inde, da\u011f\u0131n yamac\u0131na kurulmu\u015f bu kaleye \u00e7\u0131karken biraz yorulabilirsiniz ama inan\u0131n her ad\u0131m\u0131na de\u011fiyor. Zirveye ula\u015ft\u0131\u011f\u0131n\u0131zda hem Sintra\u2019n\u0131n yemye\u015fil manzaras\u0131n\u0131 hem de Atlantik\u2019in mavili\u011fini ayn\u0131 anda g\u00f6rebiliyorsunuz. Y\u00fcr\u00fcy\u00fc\u015f severler i\u00e7in tam bir cennet.<\/p>\n\n\n\n<h3 class=\"wp-block-heading has-text-align-center has-neeon-button-dark-gray-color has-text-color has-link-color wp-elements-67a7b35ade7e0070c50e9f3f7555e5b8\"><span class=\"ez-toc-section\" id=\"16_praia_da_marinha\"><\/span><strong><strong>16. Praia da Marinha<\/strong><\/strong><span class=\"ez-toc-section-end\"><\/span><\/h3>\n\n\n\n<p class=\"has-text-align-left\">Praira da Marinha Portekiz\u2019de ki en g\u00fczel plajlardan biri olarak kabul ediliyor. Algarve\u2019nin Atlantik k\u0131y\u0131s\u0131nda bulunan plaj bir yan\u0131nda masmavi okyanus di\u011fer tarafta da\u011flar\u0131n eteklerinde alt\u0131n kumsallara sahip. \u00c7ok k\u00fc\u00e7\u00fck bir koy olmas\u0131na ra\u011fmen seyahat bro\u015f\u00fcrlerinde \u00e7o\u011funlukla buran\u0131n foto\u011fraf\u0131n\u0131 g\u00f6receksinizdir. Berrak sular\u0131 \u015fnorkel ile y\u00fczmek i\u00e7in birebir. Bu muhte\u015fem plaj Albuferia\u2019dan sadece 30 dakika uzakl\u0131kta.<\/p>\n\n\n\n<h3 class=\"wp-block-heading has-text-align-center has-neeon-button-dark-gray-color has-text-color has-link-color wp-elements-2453dc1252cbb544d97519da66071535\"><span class=\"ez-toc-section\" id=\"17_carmo_kilisesi\"><\/span><strong>17. Carmo Kilisesi<\/strong><span class=\"ez-toc-section-end\"><\/span><\/h3>\n\n\n\n<figure class=\"wp-block-image size-large\"><img decoding=\"async\" src=\"https:\/\/res.cloudinary.com\/turna\/image\/upload\/v1758616074\/wordpress-contents\/Carmo_Kilisesi.jpg\" alt=\"\"\/><\/figure>\n\n\n\n<p>Lizbon\u2019un tam ortas\u0131nda yer alan <strong>Carmo Kilisesi<\/strong>, asl\u0131nda biraz h\u00fcz\u00fcnl\u00fc bir hikayeye sahip. 1755\u2019teki b\u00fcy\u00fck depremde \u00e7at\u0131s\u0131 \u00e7\u00f6km\u00fc\u015f ve \u00f6ylece b\u0131rak\u0131lm\u0131\u015f. Bug\u00fcn g\u00f6ky\u00fcz\u00fcne a\u00e7\u0131k kemerleriyle \u00e7ok etkileyici bir g\u00f6r\u00fcnt\u00fc sunuyor. \u0130\u00e7eride ayr\u0131ca k\u00fc\u00e7\u00fck ama ilgin\u00e7 bir Arkeoloji M\u00fczesi var. Eski ta\u015f duvarlar\u0131n aras\u0131nda dola\u015f\u0131rken, ge\u00e7mi\u015fin izlerini \u00e7ok net hissediyorsunuz.<\/p>\n\n\n\n<h3 class=\"wp-block-heading has-text-align-center has-neeon-button-dark-gray-color has-text-color has-link-color wp-elements-ab3102868c2dddb76817bd28eb6b7d22\"><span class=\"ez-toc-section\" id=\"18_portugal_dos_pequenitos\"><\/span><strong>18. Portugal dos Pequenitos<\/strong><span class=\"ez-toc-section-end\"><\/span><\/h3>\n\n\n\n<p>Coimbra\u2019daki <strong>Portugal dos Pequenitos<\/strong> ise bamba\u015fka bir deneyim sunuyor. 1940\u2019larda yap\u0131lm\u0131\u015f bu park, minyat\u00fcr Portekiz asl\u0131nda. \u00dclkenin \u00fcnl\u00fc binalar\u0131n\u0131n k\u00fc\u00e7\u00fck versiyonlar\u0131n\u0131 g\u00f6rmek hem e\u011flenceli hem de \u00f6\u011fretici. \u00c7ocuklar i\u00e7in bir oyun alan\u0131 ama emin olun yeti\u015fkinler de en az onlar kadar keyif al\u0131yor. Renkli evler, k\u00fc\u00e7\u00fck k\u00f6pr\u00fcler ve kaleler aras\u0131nda dola\u015fmak insan\u0131n y\u00fcz\u00fcnde s\u00fcrekli bir tebess\u00fcm b\u0131rak\u0131yor.<\/p>\n\n    <div class=\"xs_social_share_widget xs_share_url after_content \t\tmain_content  wslu-style-1 wslu-share-box-shaped wslu-fill-colored wslu-none wslu-share-horizontal wslu-theme-font-no wslu-main_content\">\n\n\t\t\n        <ul>\n\t\t\t        <\/ul>\n    <\/div> \n","protected":false},"excerpt":{"rendered":"<p>\u0130ber Yar\u0131madas\u0131&#8217;n\u0131n bat\u0131 k\u0131y\u0131s\u0131nda yer alan Portekiz, G\u00fcneybat\u0131 Avrupa&#8217;n\u0131n en g\u00f6rkemli \u00fclkelerinden. Muhte\u015fem iklimi ile turistlerin u\u011frak noktas\u0131 olan \u00fclke Fado, Fiesta ve Futbol \u00fc\u00e7lemesinin kalbi olarak adland\u0131r\u0131l\u0131yor. Muhte\u015fem plajlar\u0131, orta \u00e7a\u011f esintili k\u00f6yleri, renkli gece hayat\u0131, ola\u011fan\u00fcst\u00fc lezzetleri ve \u00f6zg\u00fcn k\u00fclt\u00fcr\u00fc ile Portekiz&#8217;de herkesin ilgi alan\u0131na g\u00f6re bulabilece\u011fi bir \u015feyler var. Portekiz u\u00e7ak bileti [&hellip;]<\/p>\n","protected":false},"author":9,"featured_media":17121,"comment_status":"open","ping_status":"open","sticky":false,"template":"","format":"standard","meta":{"rop_custom_images_group":[],"rop_custom_messages_group":[],"rop_publish_now":"initial","rop_publish_now_accounts":[],"rop_publish_now_history":[],"rop_publish_now_status":"pending","_cloudinary_featured_overwrite":false,"footnotes":""},"categories":[508],"tags":[2428,2415,510],"class_list":["post-17022","post","type-post","status-publish","format-standard","has-post-thumbnail","hentry","category-portekiz","tag-faro","tag-funchal","tag-portekiz"],"_links":{"self":[{"href":"https:\/\/www.turna.com\/blog\/wp-json\/wp\/v2\/posts\/17022","targetHints":{"allow":["GET"]}}],"collection":[{"href":"https:\/\/www.turna.com\/blog\/wp-json\/wp\/v2\/posts"}],"about":[{"href":"https:\/\/www.turna.com\/blog\/wp-json\/wp\/v2\/types\/post"}],"author":[{"embeddable":true,"href":"https:\/\/www.turna.com\/blog\/wp-json\/wp\/v2\/users\/9"}],"replies":[{"embeddable":true,"href":"https:\/\/www.turna.com\/blog\/wp-json\/wp\/v2\/comments?post=17022"}],"version-history":[{"count":0,"href":"https:\/\/www.turna.com\/blog\/wp-json\/wp\/v2\/posts\/17022\/revisions"}],"wp:featuredmedia":[{"embeddable":true,"href":"https:\/\/www.turna.com\/blog\/wp-json\/wp\/v2\/media\/17121"}],"wp:attachment":[{"href":"https:\/\/www.turna.com\/blog\/wp-json\/wp\/v2\/media?parent=17022"}],"wp:term":[{"taxonomy":"category","embeddable":true,"href":"https:\/\/www.turna.com\/blog\/wp-json\/wp\/v2\/categories?post=17022"},{"taxonomy":"post_tag","embeddable":true,"href":"https:\/\/www.turna.com\/blog\/wp-json\/wp\/v2\/tags?post=17022"}],"curies":[{"name":"wp","href":"https:\/\/api.w.org\/{rel}","templated":true}]}}