{"id":16982,"date":"2019-10-23T08:30:27","date_gmt":"2019-10-23T05:30:27","guid":{"rendered":"https:\/\/www.turna.com\/blog\/?p=16982"},"modified":"2024-09-16T10:28:06","modified_gmt":"2024-09-16T07:28:06","slug":"portekize-ne-zaman-gidilir","status":"publish","type":"post","link":"https:\/\/www.turna.com\/blog\/portekize-ne-zaman-gidilir","title":{"rendered":"Portekiz&#8217;e Ne Zaman Gidilir?"},"content":{"rendered":"\n<p><p>\u0130ber Yar\u0131madas\u0131&#8217;n\u0131n bat\u0131 k\u0131y\u0131s\u0131nda yer alan <a href=\"https:\/\/www.turna.com\/blog\/ulkeler\/avrupa\/portekiz\" target=\"_blank\" rel=\"noopener noreferrer\"><strong>Portekiz<\/strong><\/a>, muhte\u015fem iklimi, tarihi g\u00fczellikleri ve zengin k\u00fclt\u00fcrel dokusuyla Avrupa&#8217;n\u0131n en \u00f6zg\u00fcn turizm destinasyonlar\u0131ndan. \u0130spanya&#8217;n\u0131n bat\u0131s\u0131nda, Atlas Okyanusu k\u0131y\u0131s\u0131nda kuzeyden g\u00fcneye uzanan \u00fclke, ho\u015f plajlar\u0131, bakir koylar\u0131, tarihi yap\u0131lar\u0131 ve gezilecek g\u00f6r\u00fclecek yerleriyle ke\u015ffedilmeyi bekliyor.\u00dclke orta \u00e7a\u011f esintili kaleleri, nefes kesen kutsal mekanlar\u0131, renkli gece hayat\u0131, ola\u011fan\u00fcst\u00fc lezzetler sunan restoran, kafe ve mekanlar\u0131 ile Avrupa&#8217;da en \u00e7ok turist a\u011f\u0131rlayan tatil merkezlerinden.<\/p><br><p><img width=\"800\" height=\"500\" data-public-id=\"Portekiz-Gezisi_khhrc1\/Portekiz-Gezisi_khhrc1.jpg\" fetchpriority=\"high\" decoding=\"async\" class=\"alignnone wp-post-16982 wp-image-17040\" src=\"https:\/\/res.cloudinary.com\/turna\/images\/w_800,h_500,c_scale\/f_auto,q_auto:low\/v1571743424\/Portekiz-Gezisi_khhrc1\/Portekiz-Gezisi_khhrc1.jpg?_i=AA\" data-format=\"jpg\" data-transformations=\"f_auto,q_auto:low\" data-version=\"1571743424\" data-seo=\"1\" srcset=\"https:\/\/res.cloudinary.com\/turna\/images\/f_auto,q_auto:low\/v1571743424\/Portekiz-Gezisi_khhrc1\/Portekiz-Gezisi_khhrc1.jpg?_i=AA 800w, https:\/\/res.cloudinary.com\/turna\/images\/w_300,h_188,c_scale\/f_auto,q_auto:low\/v1571743424\/Portekiz-Gezisi_khhrc1\/Portekiz-Gezisi_khhrc1.jpg?_i=AA 300w, https:\/\/res.cloudinary.com\/turna\/images\/w_672,h_420,c_scale\/f_auto,q_auto:low\/v1571743424\/Portekiz-Gezisi_khhrc1\/Portekiz-Gezisi_khhrc1.jpg?_i=AA 672w, https:\/\/res.cloudinary.com\/turna\/images\/w_640,h_400,c_scale\/f_auto,q_auto:low\/v1571743424\/Portekiz-Gezisi_khhrc1\/Portekiz-Gezisi_khhrc1.jpg?_i=AA 640w, https:\/\/res.cloudinary.com\/turna\/images\/w_681,h_426,c_scale\/f_auto,q_auto:low\/v1571743424\/Portekiz-Gezisi_khhrc1\/Portekiz-Gezisi_khhrc1.jpg?_i=AA 681w\" sizes=\"(max-width: 800px) 100vw, 800px\" \/><a href=\"https:\/\/www.turna.com\/ucak-bileti\/portekiz\" target=\"_blank\" rel=\"noopener noreferrer\"><strong>Portekiz u\u00e7ak bileti<\/strong><\/a> se\u00e7eneklerine g\u00f6z at\u0131n.<strong>Portekiz&#8217;e Ne Zaman Gidilir?<\/strong>Portekiz&#8217;in y\u0131l\u0131n her d\u00f6nemi ziyaret\u00e7i ak\u0131n\u0131na u\u011framas\u0131n\u0131n ba\u015fl\u0131ca sebebi \u00fclkenin \u0131l\u0131man iklimi. S\u00fcrekli a\u00e7\u0131k olan hava masmavi g\u00f6ky\u00fcz\u00fc ve y\u00fcz\u00fcn\u00fc esirgemeyen g\u00fcne\u015fle k\u0131\u015f aylar\u0131nda bile hafif \u00fc\u015f\u00fcten, dondurmayan bir so\u011fuklu\u011fa sahip.\u00dclkenin g\u00fcney k\u0131y\u0131lar\u0131 ise hem s\u0131cak hem de g\u00fcne\u015fli. \u00dclkenin bat\u0131s\u0131 ve g\u00fcneyinde yer alan k\u0131y\u0131 \u015feridinde \u00e7ok say\u0131da plaj olmas\u0131, Akdeniz ve Atlas Okyanusu&#8217;nun da etkisiyle iki b\u00fcy\u00fck alternatif sunmas\u0131 Portekiz&#8217;i \u00f6ne \u00e7\u0131kar\u0131yor.Y\u0131l boyunca g\u00fcne\u015fin kendini eksik etmedi\u011fi Portekiz&#8217;in en iyi d\u00f6nemi yaz aylar\u0131. Hazirandan itibaren eyl\u00fcl ay\u0131 sonuna kadar olan d\u00f6nem \u00fclkenin en s\u0131cak d\u00f6nemi. S\u0131cakl\u0131k 27-30 derece aras\u0131nda seyrediyor. Temmuz ve a\u011fustos aylar\u0131 ise bir hayli s\u0131cak ve \u00fclkenin en kalabal\u0131k d\u00f6nemi bu d\u00f6nem.<\/p><br><p><img width=\"800\" height=\"500\" data-public-id=\"Portekiz_g4husc\/Portekiz_g4husc.jpg\" decoding=\"async\" class=\"alignnone wp-post-16982 wp-image-17041\" src=\"https:\/\/res.cloudinary.com\/turna\/images\/w_800,h_500,c_scale\/f_auto,q_auto:low\/v1571743424\/Portekiz_g4husc\/Portekiz_g4husc.jpg?_i=AA\" data-format=\"jpg\" data-transformations=\"f_auto,q_auto:low\" data-version=\"1571743424\" data-seo=\"1\" srcset=\"https:\/\/res.cloudinary.com\/turna\/images\/f_auto,q_auto:low\/v1571743424\/Portekiz_g4husc\/Portekiz_g4husc.jpg?_i=AA 800w, https:\/\/res.cloudinary.com\/turna\/images\/w_300,h_188,c_scale\/f_auto,q_auto:low\/v1571743424\/Portekiz_g4husc\/Portekiz_g4husc.jpg?_i=AA 300w, https:\/\/res.cloudinary.com\/turna\/images\/w_672,h_420,c_scale\/f_auto,q_auto:low\/v1571743424\/Portekiz_g4husc\/Portekiz_g4husc.jpg?_i=AA 672w, https:\/\/res.cloudinary.com\/turna\/images\/w_640,h_400,c_scale\/f_auto,q_auto:low\/v1571743424\/Portekiz_g4husc\/Portekiz_g4husc.jpg?_i=AA 640w, https:\/\/res.cloudinary.com\/turna\/images\/w_681,h_426,c_scale\/f_auto,q_auto:low\/v1571743424\/Portekiz_g4husc\/Portekiz_g4husc.jpg?_i=AA 681w\" sizes=\"(max-width: 800px) 100vw, 800px\" \/>Fiyatlar\u0131n da y\u00fckseldi\u011fi bu aylar yerine eyl\u00fcl ya da haziran ay\u0131n\u0131 tercih ederseniz \u00e7ok daha uygun fiyatl\u0131 tatil yapma \u015fans\u0131n\u0131z olabilir. Erken rezervasyon sisteminin bulundu\u011fu Portekiz&#8217;de k\u0131\u015f d\u00f6neminde ba\u015flayan erken rezervasyon ile bir sonraki yaz d\u00f6nemi i\u00e7in \u00e7ok uygun fiyatlarla rezervasyon yap\u0131labiliyor.Y\u00fcr\u00fcy\u00fc\u015f yapmay\u0131 seviyor, \u015fehirleri y\u00fcr\u00fcyerek ke\u015ffetmekten ho\u015flan\u0131yorsan\u0131z may\u0131s ve ekim aylar\u0131 Portekiz&#8217;i y\u00fcr\u00fcyerek dola\u015fmak i\u00e7in en g\u00fczel aylar. Bu d\u00f6nemde arkeolojik b\u00f6lgeler ve antik kentler de kavurucu s\u0131caktan kurtulmu\u015f oluyor.<\/p><\/p>\n\n\n\n<p><h3><strong>Portekiz&#8217;e ne zaman gidilir?<\/strong><\/h3><\/p>\n\n\n\n<p><p>Benim \u00f6nerime g\u00f6re Portekiz\u2019e gitmek i\u00e7in en iyi zaman ilkbahar aylar\u0131. Bahar aylar\u0131nda \u00e7i\u00e7ekler da\u011f eteklerinde rengarenk a\u00e7\u0131yor ve k\u0131rsal kesimlere tertemiz bir hava \u00e7\u00f6k\u00fcyor.\u00a0Bir di\u011fer \u00f6nerim ise sonbahar\u0131n ilk aylar\u0131. Bu d\u00f6nemde de hava halen s\u0131cak ama rahats\u0131z edecek kadar de\u011fil ve yaz kalabal\u0131\u011f\u0131 art\u0131k iyice azalm\u0131\u015f oluyor. \u00dclkede deniz sonbahar aylar\u0131nda hala s\u0131cak oluyor. Resmi y\u00fczme mevsimi haziran ba\u015f\u0131ndan eyl\u00fcl ortas\u0131na kadar devam etse de bu tarihler d\u0131\u015f\u0131nda hava ne kadar g\u00fczel olursa olsun a\u00e7\u0131k havuzlar ve plaj tesisleri kapan\u0131yor. Mayonuzu al\u0131p yaz aylar\u0131n\u0131n tad\u0131n\u0131 \u00e7\u0131karabilirsiniz.<\/p><\/p>\n\n    <div class=\"xs_social_share_widget xs_share_url after_content \t\tmain_content  wslu-style-1 wslu-share-box-shaped wslu-fill-colored wslu-none wslu-share-horizontal wslu-theme-font-no wslu-main_content\">\n\n\t\t\n        <ul>\n\t\t\t        <\/ul>\n    <\/div> \n","protected":false},"excerpt":{"rendered":"<p>\u0130ber Yar\u0131madas\u0131&#8217;n\u0131n bat\u0131 k\u0131y\u0131s\u0131nda yer alan Portekiz, muhte\u015fem iklimi, tarihi g\u00fczellikleri ve zengin k\u00fclt\u00fcrel dokusuyla Avrupa&#8217;n\u0131n en \u00f6zg\u00fcn turizm destinasyonlar\u0131ndan. \u0130spanya&#8217;n\u0131n bat\u0131s\u0131nda, Atlas Okyanusu k\u0131y\u0131s\u0131nda kuzeyden g\u00fcneye uzanan \u00fclke, ho\u015f plajlar\u0131, bakir koylar\u0131, tarihi yap\u0131lar\u0131 ve gezilecek g\u00f6r\u00fclecek yerleriyle ke\u015ffedilmeyi bekliyor.\u00dclke orta \u00e7a\u011f esintili kaleleri, nefes kesen kutsal mekanlar\u0131, renkli gece hayat\u0131, ola\u011fan\u00fcst\u00fc lezzetler sunan [&hellip;]<\/p>\n","protected":false},"author":29,"featured_media":17040,"comment_status":"open","ping_status":"open","sticky":false,"template":"","format":"standard","meta":{"rop_custom_images_group":[],"rop_custom_messages_group":[],"rop_publish_now":"initial","rop_publish_now_accounts":[],"rop_publish_now_history":[],"rop_publish_now_status":"pending","_cloudinary_featured_overwrite":false,"footnotes":""},"categories":[508],"tags":[2415,510],"class_list":["post-16982","post","type-post","status-publish","format-standard","has-post-thumbnail","hentry","category-portekiz","tag-funchal","tag-portekiz"],"_links":{"self":[{"href":"https:\/\/www.turna.com\/blog\/wp-json\/wp\/v2\/posts\/16982","targetHints":{"allow":["GET"]}}],"collection":[{"href":"https:\/\/www.turna.com\/blog\/wp-json\/wp\/v2\/posts"}],"about":[{"href":"https:\/\/www.turna.com\/blog\/wp-json\/wp\/v2\/types\/post"}],"author":[{"embeddable":true,"href":"https:\/\/www.turna.com\/blog\/wp-json\/wp\/v2\/users\/29"}],"replies":[{"embeddable":true,"href":"https:\/\/www.turna.com\/blog\/wp-json\/wp\/v2\/comments?post=16982"}],"version-history":[{"count":0,"href":"https:\/\/www.turna.com\/blog\/wp-json\/wp\/v2\/posts\/16982\/revisions"}],"wp:featuredmedia":[{"embeddable":true,"href":"https:\/\/www.turna.com\/blog\/wp-json\/wp\/v2\/media\/17040"}],"wp:attachment":[{"href":"https:\/\/www.turna.com\/blog\/wp-json\/wp\/v2\/media?parent=16982"}],"wp:term":[{"taxonomy":"category","embeddable":true,"href":"https:\/\/www.turna.com\/blog\/wp-json\/wp\/v2\/categories?post=16982"},{"taxonomy":"post_tag","embeddable":true,"href":"https:\/\/www.turna.com\/blog\/wp-json\/wp\/v2\/tags?post=16982"}],"curies":[{"name":"wp","href":"https:\/\/api.w.org\/{rel}","templated":true}]}}