{"id":16714,"date":"2019-10-24T08:30:33","date_gmt":"2019-10-24T05:30:33","guid":{"rendered":"https:\/\/www.turna.com\/blog\/?p=16714"},"modified":"2020-10-02T10:31:40","modified_gmt":"2020-10-02T07:31:40","slug":"agvaya-nasil-gidilir","status":"publish","type":"post","link":"https:\/\/www.turna.com\/blog\/agvaya-nasil-gidilir","title":{"rendered":"A\u011fva&#8217;ya Nas\u0131l Gidilir?"},"content":{"rendered":"<div id=\"ez-toc-container\" class=\"ez-toc-v2_0_82_2 counter-hierarchy ez-toc-counter ez-toc-black ez-toc-container-direction\">\n<div class=\"ez-toc-title-container\">\n<p class=\"ez-toc-title\" style=\"cursor:inherit\">\u0130\u00e7indekiler<\/p>\n<span class=\"ez-toc-title-toggle\"><a href=\"#\" class=\"ez-toc-pull-right ez-toc-btn ez-toc-btn-xs ez-toc-btn-default ez-toc-toggle\" aria-label=\"\u0130\u00e7indekiler Tablosunu A\u00e7\/Kapat\"><span class=\"ez-toc-js-icon-con\"><span class=\"\"><span class=\"eztoc-hide\" style=\"display:none;\">Toggle<\/span><span class=\"ez-toc-icon-toggle-span\"><svg style=\"fill: #ffffff;color:#ffffff\" xmlns=\"http:\/\/www.w3.org\/2000\/svg\" class=\"list-377408\" width=\"20px\" height=\"20px\" viewBox=\"0 0 24 24\" fill=\"none\"><path d=\"M6 6H4v2h2V6zm14 0H8v2h12V6zM4 11h2v2H4v-2zm16 0H8v2h12v-2zM4 16h2v2H4v-2zm16 0H8v2h12v-2z\" fill=\"currentColor\"><\/path><\/svg><svg style=\"fill: #ffffff;color:#ffffff\" class=\"arrow-unsorted-368013\" xmlns=\"http:\/\/www.w3.org\/2000\/svg\" width=\"10px\" height=\"10px\" viewBox=\"0 0 24 24\" version=\"1.2\" baseProfile=\"tiny\"><path d=\"M18.2 9.3l-6.2-6.3-6.2 6.3c-.2.2-.3.4-.3.7s.1.5.3.7c.2.2.4.3.7.3h11c.3 0 .5-.1.7-.3.2-.2.3-.5.3-.7s-.1-.5-.3-.7zM5.8 14.7l6.2 6.3 6.2-6.3c.2-.2.3-.5.3-.7s-.1-.5-.3-.7c-.2-.2-.4-.3-.7-.3h-11c-.3 0-.5.1-.7.3-.2.2-.3.5-.3.7s.1.5.3.7z\"\/><\/svg><\/span><\/span><\/span><\/a><\/span><\/div>\n<nav><ul class='ez-toc-list ez-toc-list-level-1 eztoc-toggle-hide-by-default' ><li class='ez-toc-page-1 ez-toc-heading-level-2'><a class=\"ez-toc-link ez-toc-heading-1\" href=\"https:\/\/www.turna.com\/blog\/agvaya-nasil-gidilir\/#agva_nerede\" >A\u011fva nerede?<\/a><ul class='ez-toc-list-level-3' ><li class='ez-toc-heading-level-3'><a class=\"ez-toc-link ez-toc-heading-2\" href=\"https:\/\/www.turna.com\/blog\/agvaya-nasil-gidilir\/#agva_haritasi\" >A\u011fva haritas\u0131<\/a><\/li><li class='ez-toc-page-1 ez-toc-heading-level-3'><a class=\"ez-toc-link ez-toc-heading-3\" href=\"https:\/\/www.turna.com\/blog\/agvaya-nasil-gidilir\/#agvaya_nasil_gidilir\" >A\u011fva\u2019ya nas\u0131l gidilir?<\/a><\/li><\/ul><\/li><\/ul><\/nav><\/div>\n<p>Karadeniz k\u0131y\u0131s\u0131nda, <strong>\u0130stanbul<\/strong>&#8216;un \u015eile il\u00e7esi s\u0131n\u0131rlar\u0131nda yer alan <strong>A\u011fva<\/strong>, \u0130stanbul&#8217;a yak\u0131n gezilecek yerler aras\u0131nda en bilinen destinasyonlar aras\u0131nda. \u00d6zellikle hafta sonlar\u0131 ve resmi tatil gibi g\u00fcnlerde ziyaret\u00e7i ak\u0131n\u0131na u\u011frayan A\u011fva, \u0130stanbul&#8217;un en g\u00fczel gezilecek yerlerinden.<\/p>\n<p>Tarihi ge\u00e7mi\u015fi \u00e7ok zengin bir b\u00f6lgede yer alan A\u011fva&#8217;da ilk insan izleri M\u00d6 7. y\u00fczy\u0131la kadar uzan\u0131yor. Birbirinden ho\u015f ma\u011faralar, enfes sahil \u015feridi ve yemye\u015fil do\u011fas\u0131yla ziyaret\u00e7ilerine benzersiz bir deneyim sunan A\u011fva&#8217;n\u0131n koylar\u0131 da birbirinden g\u00fczel.<\/p>\n<p><img width=\"800\" height=\"500\" data-public-id=\"Agva_zt89wo\/Agva_zt89wo.jpg\" fetchpriority=\"high\" decoding=\"async\" class=\"alignnone wp-post-16714 wp-image-17024\" src=\"https:\/\/res.cloudinary.com\/turna\/images\/w_800,h_500,c_scale\/f_auto,q_auto:low\/v1571682509\/Agva_zt89wo\/Agva_zt89wo.jpg?_i=AA\" data-format=\"jpg\" data-transformations=\"f_auto,q_auto:low\" data-version=\"1571682509\" data-seo=\"1\" \/>Do\u011fa ve deniz tatili i\u00e7in harika bir yer olan A\u011fva&#8217;da ho\u015f butik oteller de g\u00f6rmeye de\u011fer. Bir\u00e7ok aile hafta sonu tatilini bir gece 2 g\u00fcnl\u00fck konaklamal\u0131 se\u00e7eneklerle A\u011fva&#8217;da ger\u00e7ekle\u015ftiriyor.<\/p>\n<p>A\u011fva&#8217;ya gitmek i\u00e7in <a href=\"https:\/\/www.turna.com\/ucak-bileti\/istanbul\" target=\"_blank\" rel=\"noopener noreferrer\"><strong>\u0130stanbul u\u00e7ak bileti<\/strong><\/a> se\u00e7eneklerine g\u00f6z at\u0131n.<\/p>\n<h2><span class=\"ez-toc-section\" id=\"agva_nerede\"><\/span><strong>A\u011fva nerede?<\/strong><span class=\"ez-toc-section-end\"><\/span><\/h2>\n<p>A\u011fva, \u0130stanbul&#8217;un kuzeyinde, \u015eile il\u00e7esi s\u0131n\u0131rlar\u0131nda,\u00a0G\u00f6ksu ve Ye\u015fil\u00e7ay Dereleri\u2019nin ortas\u0131nda konumlan\u0131yor. Her iki taraf\u0131nda konaklama ve g\u00fcn\u00fcbirlik tesislerin bulundu\u011fu G\u00f6ksu\u2019nun Karadeniz&#8217;e d\u00f6k\u00fclen a\u011fz\u0131 geni\u015f bir kumsala a\u00e7\u0131l\u0131yor.<\/p>\n<h3><span class=\"ez-toc-section\" id=\"agva_haritasi\"><\/span><strong>A\u011fva haritas\u0131<\/strong><span class=\"ez-toc-section-end\"><\/span><\/h3>\n<p><iframe style=\"border: 0;\" src=\"https:\/\/www.google.com\/maps\/embed?pb=!1m18!1m12!1m3!1d12019.949085802107!2d29.841564834805858!3d41.13480382981781!2m3!1f0!2f0!3f0!3m2!1i1024!2i768!4f13.1!3m3!1m2!1s0x409e3b912a657dd1%3A0xea8610dc332974b2!2zQcSfdmEgTWVya2V6LCDFnmlsZS_EsHN0YW5idWw!5e0!3m2!1str!2str!4v1571681906671!5m2!1str!2str\" width=\"600\" height=\"450\" frameborder=\"0\" allowfullscreen=\"allowfullscreen\"><\/iframe><\/p>\n<h3><span class=\"ez-toc-section\" id=\"agvaya_nasil_gidilir\"><\/span><strong>A\u011fva\u2019ya nas\u0131l gidilir?<\/strong><span class=\"ez-toc-section-end\"><\/span><\/h3>\n<p>\u0130stanbul kent merkezine 110 km uzakl\u0131ktaki A\u011fva&#8217;ya \u00f6zel ara\u00e7la ula\u015f\u0131m 2 saat s\u00fcr\u00fcyor. Toplu ula\u015f\u0131m\u0131 kullanarak gitmek isteyenlerin yolculu\u011fu ise 3.5 saat s\u00fcr\u00fcyor.<\/p>\n<p><strong>\u00dcsk\u00fcdar&#8217;dan otob\u00fcsle A\u011fva&#8217;ya ula\u015f\u0131m:<\/strong> \u00dcsk\u00fcdar Marmaray \u00e7\u0131k\u0131\u015f\u0131n\u0131n hemen solunda yer alan A\u011fva otob\u00fcslerini kullanarak A\u011fva&#8217;ya ula\u015f\u0131m\u0131 sa\u011flayabilirsiniz. Haftan\u0131n 7 g\u00fcn\u00fc sabah 06.45&#8217;te ba\u015flayan otob\u00fcs seferleri gece 22.00&#8217;ye kadar devam ediyor.<\/p>\n<p>A\u011fva otob\u00fcsleri \u015eile otob\u00fcs terminalinde 15 dakika mola verdikten sonra A\u011fva&#8217;ya ge\u00e7iyor.<\/p>\n<p><strong>\u00d6zel ara\u00e7la \u0130stanbul&#8217;dan A\u011fva&#8217;ya ula\u015f\u0131m:<\/strong> A\u011fva\u2019ya \u00f6zel arac\u0131n\u0131zla gelmek istiyorsan\u0131z, TEM Otoyolu, E-5 ve Beykoz \u00fczerinden olmak \u00fczere \u00fc\u00e7 farkl\u0131 se\u00e7ene\u011finiz var. E5 veya TEM\u2019den s\u00fcrekli \u015eile tabelalar\u0131n\u0131 ve 1. ve 2. k\u00f6pr\u00fc \u00fczerinde \u015eile sapaklar\u0131n\u0131 takip etmeniz gerekiyor. TEM \u00fczerinden Sar\u0131gazi-\u015eile y\u00f6n\u00fcn\u00fc izleyebilirsiniz.<\/p>\n<p><strong>\u0130ETT otob\u00fcs\u00fcyle \u0130stanbul&#8217;dan A\u011fva&#8217;ya ula\u015f\u0131m<\/strong>: \u00dcsk\u00fcdar&#8217;dan \u015eile ve A\u011fva&#8217;ya \u0130ETT otob\u00fcsleri de sefer yap\u0131yor. 139A numaral\u0131 otob\u00fcsle \u0130ETT konforuyla ula\u015f\u0131m sa\u011flayabilirsiniz.<\/p>\n<p>Sabiha G\u00f6k\u00e7en Havaliman\u0131&#8217;ndan A\u011fva&#8217;ya ula\u015f\u0131m: \u0130stanbul Sabiha G\u00f6k\u00e7en Havaliman\u0131, A\u011fva&#8217;ya en yak\u0131nda bulunan havaliman\u0131. Bu havaliman\u0131ndan A\u011fva&#8217;ya ula\u015f\u0131m i\u00e7in toplu ula\u015f\u0131m se\u00e7ene\u011fi bulunmuyor. Taksi, ara\u00e7 kiralama ya da \u00f6zel transfer hizmetini kullanarak havaliman\u0131ndan direkt A\u011fva&#8217;ya gidebilirsiniz.<\/p>\n<p><a href=\"https:\/\/www.turna.com\/otobus-bileti\/istanbul\"><strong>\u0130stanbul otob\u00fcs bileti<\/strong><\/a> se\u00e7eneklerine g\u00f6z at\u0131n.<\/p>\n<p><img width=\"800\" height=\"500\" data-public-id=\"Agva-Istanbul_avqwxl\/Agva-Istanbul_avqwxl.jpg\" decoding=\"async\" class=\"alignnone wp-post-16714 wp-image-17025\" src=\"https:\/\/res.cloudinary.com\/turna\/images\/w_800,h_500,c_scale\/f_auto,q_auto:low\/v1571682507\/Agva-Istanbul_avqwxl\/Agva-Istanbul_avqwxl.jpg?_i=AA\" data-format=\"jpg\" data-transformations=\"f_auto,q_auto:low\" data-version=\"1571682507\" data-seo=\"1\" \/>Sabiha G\u00f6k\u00e7en Havaliman\u0131&#8217;ndan \u00dcsk\u00fcdar&#8217;a ge\u00e7ip, \u00dcsk\u00fcdar&#8217;dan kalkan A\u011fva otob\u00fcsleri de A\u011fva&#8217;ya ula\u015f\u0131m i\u00e7in tercih edebilece\u011finiz bir ba\u015fka se\u00e7enek. \u00dcsk\u00fcdar&#8217;a Sabiha G\u00f6k\u00e7en Havaliman\u0131&#8217;ndan \u0130ETT ya da HAVA\u015e otob\u00fcsleriyle ula\u015fabilirsiniz.<\/p>\n<p>\u0130stanbul&#8217;un yak\u0131n \u00e7evresindeki pop\u00fcler tatil merkezlerinden A\u011fva, ula\u015f\u0131m\u0131 kolay, nefis do\u011fal g\u00fczellikleri, huzurlu ortam\u0131 ile seyahat severlerin hafta sonu ka\u00e7abilecekleri nadide yerlerden.<\/p>\n\n    <div class=\"xs_social_share_widget xs_share_url after_content \t\tmain_content  wslu-style-1 wslu-share-box-shaped wslu-fill-colored wslu-none wslu-share-horizontal wslu-theme-font-no wslu-main_content\">\n\n\t\t\n        <ul>\n\t\t\t        <\/ul>\n    <\/div> \n","protected":false},"excerpt":{"rendered":"<p>Karadeniz k\u0131y\u0131s\u0131nda, \u0130stanbul&#8216;un \u015eile il\u00e7esi s\u0131n\u0131rlar\u0131nda yer alan A\u011fva, \u0130stanbul&#8217;a yak\u0131n gezilecek yerler aras\u0131nda en bilinen destinasyonlar aras\u0131nda. \u00d6zellikle hafta sonlar\u0131 ve resmi tatil gibi g\u00fcnlerde ziyaret\u00e7i ak\u0131n\u0131na u\u011frayan A\u011fva, \u0130stanbul&#8217;un en g\u00fczel gezilecek yerlerinden. Tarihi ge\u00e7mi\u015fi \u00e7ok zengin bir b\u00f6lgede yer alan A\u011fva&#8217;da ilk insan izleri M\u00d6 7. y\u00fczy\u0131la kadar uzan\u0131yor. Birbirinden ho\u015f ma\u011faralar, [&hellip;]<\/p>\n","protected":false},"author":8,"featured_media":17024,"comment_status":"open","ping_status":"open","sticky":false,"template":"","format":"standard","meta":{"rop_custom_images_group":[],"rop_custom_messages_group":[],"rop_publish_now":"initial","rop_publish_now_accounts":[],"rop_publish_now_history":[],"rop_publish_now_status":"pending","_cloudinary_featured_overwrite":false,"footnotes":""},"categories":[1838],"tags":[204],"class_list":["post-16714","post","type-post","status-publish","format-standard","has-post-thumbnail","hentry","category-istanbul","tag-istanbul"],"_links":{"self":[{"href":"https:\/\/www.turna.com\/blog\/wp-json\/wp\/v2\/posts\/16714","targetHints":{"allow":["GET"]}}],"collection":[{"href":"https:\/\/www.turna.com\/blog\/wp-json\/wp\/v2\/posts"}],"about":[{"href":"https:\/\/www.turna.com\/blog\/wp-json\/wp\/v2\/types\/post"}],"author":[{"embeddable":true,"href":"https:\/\/www.turna.com\/blog\/wp-json\/wp\/v2\/users\/8"}],"replies":[{"embeddable":true,"href":"https:\/\/www.turna.com\/blog\/wp-json\/wp\/v2\/comments?post=16714"}],"version-history":[{"count":0,"href":"https:\/\/www.turna.com\/blog\/wp-json\/wp\/v2\/posts\/16714\/revisions"}],"wp:featuredmedia":[{"embeddable":true,"href":"https:\/\/www.turna.com\/blog\/wp-json\/wp\/v2\/media\/17024"}],"wp:attachment":[{"href":"https:\/\/www.turna.com\/blog\/wp-json\/wp\/v2\/media?parent=16714"}],"wp:term":[{"taxonomy":"category","embeddable":true,"href":"https:\/\/www.turna.com\/blog\/wp-json\/wp\/v2\/categories?post=16714"},{"taxonomy":"post_tag","embeddable":true,"href":"https:\/\/www.turna.com\/blog\/wp-json\/wp\/v2\/tags?post=16714"}],"curies":[{"name":"wp","href":"https:\/\/api.w.org\/{rel}","templated":true}]}}