{"id":16685,"date":"2023-05-08T08:30:00","date_gmt":"2023-05-08T05:30:00","guid":{"rendered":"https:\/\/www.turna.com\/blog\/?p=16685"},"modified":"2025-12-09T11:38:21","modified_gmt":"2025-12-09T08:38:21","slug":"ispanyaya-nasil-gidilir","status":"publish","type":"post","link":"https:\/\/www.turna.com\/blog\/ispanyaya-nasil-gidilir","title":{"rendered":"\u0130spanya\u2019ya Nas\u0131l Gidilir? \u0130spanya Ula\u015f\u0131m Rehberi"},"content":{"rendered":"<div id=\"ez-toc-container\" class=\"ez-toc-v2_0_82_2 counter-hierarchy ez-toc-counter ez-toc-black ez-toc-container-direction\">\n<div class=\"ez-toc-title-container\">\n<p class=\"ez-toc-title\" style=\"cursor:inherit\">\u0130\u00e7indekiler<\/p>\n<span class=\"ez-toc-title-toggle\"><a href=\"#\" class=\"ez-toc-pull-right ez-toc-btn ez-toc-btn-xs ez-toc-btn-default ez-toc-toggle\" aria-label=\"\u0130\u00e7indekiler Tablosunu A\u00e7\/Kapat\"><span class=\"ez-toc-js-icon-con\"><span class=\"\"><span class=\"eztoc-hide\" style=\"display:none;\">Toggle<\/span><span class=\"ez-toc-icon-toggle-span\"><svg style=\"fill: #ffffff;color:#ffffff\" xmlns=\"http:\/\/www.w3.org\/2000\/svg\" class=\"list-377408\" width=\"20px\" height=\"20px\" viewBox=\"0 0 24 24\" fill=\"none\"><path d=\"M6 6H4v2h2V6zm14 0H8v2h12V6zM4 11h2v2H4v-2zm16 0H8v2h12v-2zM4 16h2v2H4v-2zm16 0H8v2h12v-2z\" fill=\"currentColor\"><\/path><\/svg><svg style=\"fill: #ffffff;color:#ffffff\" class=\"arrow-unsorted-368013\" xmlns=\"http:\/\/www.w3.org\/2000\/svg\" width=\"10px\" height=\"10px\" viewBox=\"0 0 24 24\" version=\"1.2\" baseProfile=\"tiny\"><path d=\"M18.2 9.3l-6.2-6.3-6.2 6.3c-.2.2-.3.4-.3.7s.1.5.3.7c.2.2.4.3.7.3h11c.3 0 .5-.1.7-.3.2-.2.3-.5.3-.7s-.1-.5-.3-.7zM5.8 14.7l6.2 6.3 6.2-6.3c.2-.2.3-.5.3-.7s-.1-.5-.3-.7c-.2-.2-.4-.3-.7-.3h-11c-.3 0-.5.1-.7.3-.2.2-.3.5-.3.7s.1.5.3.7z\"\/><\/svg><\/span><\/span><\/span><\/a><\/span><\/div>\n<nav><ul class='ez-toc-list ez-toc-list-level-1 eztoc-toggle-hide-by-default' ><li class='ez-toc-page-1 ez-toc-heading-level-2'><a class=\"ez-toc-link ez-toc-heading-1\" href=\"https:\/\/www.turna.com\/blog\/ispanyaya-nasil-gidilir\/#ispanyaya_nasil_gidilir\" >\u0130spanya\u2019ya Nas\u0131l Gidilir?<\/a><ul class='ez-toc-list-level-3' ><li class='ez-toc-heading-level-3'><a class=\"ez-toc-link ez-toc-heading-2\" href=\"https:\/\/www.turna.com\/blog\/ispanyaya-nasil-gidilir\/#ispanyaya_hava_yolu_ile_ulasim\" >\u0130spanya&#8217;ya Hava Yolu \u0130le Ula\u015f\u0131m<\/a><\/li><li class='ez-toc-page-1 ez-toc-heading-level-3'><a class=\"ez-toc-link ez-toc-heading-3\" href=\"https:\/\/www.turna.com\/blog\/ispanyaya-nasil-gidilir\/#ispanyaya_demir_yolu_ile_ulasim\" >\u0130spanya&#8217;ya Demir Yolu \u0130le Ula\u015f\u0131m<\/a><\/li><li class='ez-toc-page-1 ez-toc-heading-level-3'><a class=\"ez-toc-link ez-toc-heading-4\" href=\"https:\/\/www.turna.com\/blog\/ispanyaya-nasil-gidilir\/#ispanyaya_otobus_ile_ulasim\" >\u0130spanya&#8217;ya Otob\u00fcs \u0130le Ula\u015f\u0131m<\/a><\/li><\/ul><\/li><\/ul><\/nav><\/div>\n\n<p><strong><a href=\"https:\/\/goo.gl\/maps\/EdnRBtE6w4T9ge4XA\" target=\"_blank\" rel=\"noreferrer noopener\">\u0130spanya<\/a><\/strong>, Akdeniz ikliminin h\u00e2kim oldu\u011fu, k\u00fclt\u00fcr\u00fcn ve sanat\u0131n geli\u015fti\u011fi, modan\u0131n ve tasar\u0131m\u0131n d\u00fcnyaya yay\u0131ld\u0131\u011f\u0131 ola\u011fan\u00fcst\u00fc \u00e7ekici&nbsp;bir \u00fclke. Avrupa\u2019n\u0131n en g\u00fczel Akdeniz \u00fclkelerinden biri oldu\u011fu kadar, \u0130talya\u2019dan sonra d\u00fcnyada en \u00e7ok UNESCO k\u00fclt\u00fcr miras\u0131na sahip olan \u00fclke. D\u00fcnyaca \u00fcnl\u00fc Flamenko dans\u0131, festivalleri, lezzetli mutfa\u011f\u0131 ve \u015faraplar\u0131yla her bak\u0131mdan ziyaret edilmeyi sonuna kadar hak ediyor. Bu keyifli \u00fclkeye seyahat etmek istiyorsan\u0131z <strong>\u0130spanya&#8217;ya nas\u0131l gidilir<\/strong> sorusunun yan\u0131tlar\u0131 olduk\u00e7a i\u015finize yarayacak.<\/p>\n\n\n\n<h2 class=\"wp-block-heading has-text-align-center has-neeon-button-dark-gray-color has-text-color has-link-color wp-elements-c2800d5614b82b5e49bae576d31c08ce\"><span class=\"ez-toc-section\" id=\"ispanyaya_nasil_gidilir\"><\/span><strong><strong><strong><strong>\u0130spanya\u2019ya Nas\u0131l Gidilir?<\/strong><\/strong><\/strong><\/strong><span class=\"ez-toc-section-end\"><\/span><\/h2>\n\n\n\n<p>T\u00fcrkiye&#8217;den \u0130spanya&#8217;ya seyahat etmek i\u00e7in birka\u00e7 se\u00e7ene\u011finiz var. \u0130lk olarak, u\u00e7akla seyahat etmek en h\u0131zl\u0131 ve en yayg\u0131n se\u00e7enek. T\u00fcrkiye&#8217;deki bir\u00e7ok b\u00fcy\u00fck \u015fehirden, \u0130spanya&#8217;n\u0131n ba\u015fkenti Madrid, Barcelona, Valencia ve di\u011fer \u015fehirlerine do\u011frudan u\u00e7u\u015flar mevcut.<\/p>\n\n\n\n<p>Di\u011fer bir se\u00e7enek ise kara yolu ile seyahat etmek olabilir. Ancak, bu se\u00e7enek olduk\u00e7a uzun bir s\u00fcre alacak ve \u0130spanya&#8217;ya gidebilmek i\u00e7in bir\u00e7ok \u00fclke s\u0131n\u0131r\u0131n\u0131 ge\u00e7meniz gerekecek. Bu nedenle, kara yoluyla seyahat etmek daha \u00e7ok macera arayan gezginler i\u00e7in uygun bir se\u00e7enek olacakt\u0131r.<\/p>\n\n\n\n<p>Ayr\u0131ca deniz yolu ile seyahat etmek de m\u00fcmk\u00fcn. Ancak, T\u00fcrkiye ve \u0130spanya aras\u0131nda do\u011frudan bir feribot seferi yok. Bu nedenle, deniz yoluyla seyahat etmek isteyenler, \u00f6nce \u0130talya veya Yunanistan gibi \u00fclkelere gitmek ve buradan bir ba\u015fka feribot veya gemi ile \u0130spanya&#8217;ya ge\u00e7mek durumundalar.<\/p>\n\n\n\n<h3 class=\"wp-block-heading has-text-align-center has-neeon-button-dark-gray-color has-text-color has-link-color wp-elements-e087954ac85fe7919caee6ad0b2f3404\"><span class=\"ez-toc-section\" id=\"ispanyaya_hava_yolu_ile_ulasim\"><\/span><strong><strong><strong><strong>\u0130spanya&#8217;ya Hava Yolu \u0130le Ula\u015f\u0131m<\/strong><\/strong><\/strong><\/strong><span class=\"ez-toc-section-end\"><\/span><\/h3>\n\n\n\n<figure class=\"wp-block-image size-large\"><img width=\"800\" height=\"500\" data-public-id=\"\u0130spanyaya_nas\u0131l_gidilir\/\u0130spanyaya_nas\u0131l_gidilir.jpg\" decoding=\"async\" src=\"https:\/\/res.cloudinary.com\/turna\/images\/w_800,h_500,c_scale\/f_auto,q_auto:low\/v1681845699\/\u0130spanyaya_nas\u0131l_gidilir\/\u0130spanyaya_nas\u0131l_gidilir.jpg?_i=AA\" alt=\"\u0130spanyaya nas\u0131l gidilir hava yolu\" class=\"wp-post-0 wp-image-21747\" data-format=\"jpg\" data-transformations=\"f_auto,q_auto:low\" data-version=\"1681845699\" data-seo=\"1\" srcset=\"https:\/\/res.cloudinary.com\/turna\/images\/f_auto,q_auto:low\/v1681845699\/\u0130spanyaya_nas\u0131l_gidilir\/\u0130spanyaya_nas\u0131l_gidilir.jpg?_i=AA 800w, https:\/\/res.cloudinary.com\/turna\/images\/w_300,h_188,c_scale\/f_auto,q_auto:low\/v1681845699\/\u0130spanyaya_nas\u0131l_gidilir\/\u0130spanyaya_nas\u0131l_gidilir.jpg?_i=AA 300w, https:\/\/res.cloudinary.com\/turna\/images\/w_672,h_420,c_scale\/f_auto,q_auto:low\/v1681845699\/\u0130spanyaya_nas\u0131l_gidilir\/\u0130spanyaya_nas\u0131l_gidilir.jpg?_i=AA 672w, https:\/\/res.cloudinary.com\/turna\/images\/w_640,h_400,c_scale\/f_auto,q_auto:low\/v1681845699\/\u0130spanyaya_nas\u0131l_gidilir\/\u0130spanyaya_nas\u0131l_gidilir.jpg?_i=AA 640w, https:\/\/res.cloudinary.com\/turna\/images\/w_681,h_426,c_scale\/f_auto,q_auto:low\/v1681845699\/\u0130spanyaya_nas\u0131l_gidilir\/\u0130spanyaya_nas\u0131l_gidilir.jpg?_i=AA 681w\" sizes=\"(max-width: 800px) 100vw, 800px\" \/><\/figure>\n\n\n\n<p>\u0130spanya&#8217;ya T\u00fcrkiye&#8217;den en kolay ula\u015f\u0131m y\u00f6ntemi hava yolu ula\u015f\u0131m\u0131n\u0131 kullanmak. T\u00fcrkiye&#8217;den \u0130stanbul Havaliman\u0131&#8217;ndan T\u00fcrk Hava Yollar\u0131&#8217;n\u0131n, \u0130stanbul Sabiha G\u00f6k\u00e7en Havaliman\u0131&#8217;ndan ise Pegasus Hava Yollar\u0131&#8217;n\u0131n \u0130spanya&#8217;ya direkt u\u00e7ak seferleri bulunuyor.<\/p>\n\n\n\n<p>Pegasus Hava Yollar\u0131 \u0130spanya&#8217;n\u0131n Madrid ve Barselona \u015fehirlerine u\u00e7uyor. T\u00fcrk Hava Yollar\u0131 ise \u0130spanya&#8217;da Madrid, Barselona, Valensiya, Malaga ve Bilbao&#8217;ya direkt sefer d\u00fczenliyor.<\/p>\n\n\n\n<p>\u0130stanbul-\u0130spanya aras\u0131ndaki u\u00e7u\u015f s\u00fcresi yakla\u015f\u0131k 4 saat.<\/p>\n\n\n\n<p>Di\u011fer yandan Swiss Air, Air Berlin ve Lufthansa gibi havayolu \u015firketleri, \u0130stanbul Sabiha G\u00f6k\u00e7en, Ankara Esenbo\u011fa, \u0130zmir ve Antalya gibi T\u00fcrkiye\u2019nin \u00f6nemli b\u00f6lgelerindeki havalimanlar\u0131ndan Madrid\u2019e aktarmal\u0131 u\u00e7u\u015flar d\u00fczenliyor.<\/p>\n\n\n\n<p>Aktarmal\u0131 u\u00e7u\u015flar bekleme s\u00fcresine ba\u011fl\u0131 olarak en az 7-8 saat s\u00fcr\u00fcyor.<\/p>\n\n\n\n<p><a href=\"https:\/\/www.turna.com\/ucak-bileti\/ispanya\" target=\"_blank\" rel=\"noopener noreferrer\"><strong>\u0130spanya u\u00e7ak bileti<\/strong> <\/a>se\u00e7eneklerine g\u00f6z at\u0131n.<\/p>\n\n\n\n<h3 class=\"wp-block-heading has-text-align-center has-neeon-button-dark-gray-color has-text-color has-link-color wp-elements-8be45dd3475c263c929b3e58bec4d911\"><span class=\"ez-toc-section\" id=\"ispanyaya_demir_yolu_ile_ulasim\"><\/span><strong><strong><strong><strong>\u0130spanya&#8217;ya Demir Yolu \u0130le Ula\u015f\u0131m<\/strong><\/strong><\/strong><\/strong><span class=\"ez-toc-section-end\"><\/span><\/h3>\n\n\n\n<figure class=\"wp-block-image size-large\"><img decoding=\"async\" src=\"https:\/\/res.cloudinary.com\/turna\/image\/upload\/v1681845699\/%C4%B0spanyaya_trenle_ula%C5%9F%C4%B1m.jpg\" alt=\"\u0130spanyaya nas\u0131l gidilir tren\"\/><\/figure>\n\n\n\n<p>Avrupa&#8217;daki geli\u015fmi\u015f demir yolu a\u011f\u0131 sayesinde \u0130spanya&#8217;n\u0131n farkl\u0131 kentlerine trenle de ula\u015f\u0131m m\u00fcmk\u00fcn. \u00d6zellikle y\u00fcksek sezonda u\u00e7ak bileti fiyatlar\u0131n\u0131n y\u00fcksek olmas\u0131 nedeniyle bir\u00e7ok ki\u015fi \u0130spanya&#8217;ya yak\u0131n kentlere u\u00e7akla ge\u00e7ip bu kentlerden trenle ula\u015f\u0131m\u0131 sa\u011fl\u0131yor.<\/p>\n\n\n\n<p>Fransa, Almanya, Bel\u00e7ika, Hollanda ve \u0130talya&#8217;dan \u0130spanya&#8217;n\u0131n Madrid ve Barselona kentlerine direkt tren seferleri var. Tren biletlerinde de seyahat zaman\u0131 yakla\u015ft\u0131k\u00e7a kademeli bir art\u0131\u015f g\u00f6r\u00fcl\u00fcyor. Bu y\u00fczden seyahat plan\u0131 netle\u015fir netle\u015fmez tren biletini \u00f6nceden almakta yarar var.<\/p>\n\n\n\n<p>Tren biletini son dakikaya b\u0131rakman\u0131z halinde yer bulamama riskiyle kar\u015f\u0131la\u015fabilir ya da u\u00e7ak fiyat\u0131ndan daha y\u00fcksek tutara tren bileti almak zorunda kalabilirsiniz.<\/p>\n\n\n\n<h3 class=\"wp-block-heading has-text-align-center has-neeon-button-dark-gray-color has-text-color has-link-color wp-elements-f1bb663ba2be8d3e8eb40d0fe4bc3b88\"><span class=\"ez-toc-section\" id=\"ispanyaya_otobus_ile_ulasim\"><\/span><strong><strong><strong><strong>\u0130spanya&#8217;ya Otob\u00fcs \u0130le Ula\u015f\u0131m<\/strong><\/strong><\/strong><\/strong><span class=\"ez-toc-section-end\"><\/span><\/h3>\n\n\n\n<figure class=\"wp-block-image size-large\"><img decoding=\"async\" src=\"https:\/\/res.cloudinary.com\/turna\/image\/upload\/v1681845699\/%C4%B0spanya_otob%C3%BCsle_ula%C5%9F%C4%B1m.jpg\" alt=\"\u0130spanya otob\u00fcs ile ula\u015f\u0131m\"\/><\/figure>\n\n\n\n<p>Hem \u0130spanya i\u00e7inde hem de di\u011fer Avrupa kentleri aras\u0131nda otob\u00fcsle ula\u015f\u0131m da son y\u0131llarda giderek pop\u00fclerle\u015fiyor. \u00d6zellikle erken d\u00f6nem kampanyalar\u0131yla \u00e7ok uygun fiyata otob\u00fcs bileti bulmak m\u00fcmk\u00fcn.<\/p>\n\n\n\n<p>Eurolines ve Flixbus gibi otob\u00fcs firmalar\u0131 Avrupa kentleri ile \u0130spanyol kentlerini birbirine ba\u011fl\u0131yor. \u0130spanya&#8217;da Valensiya, Barselona, Madrid ve Toledo gibi kentler \u0130talya, Fransa, Almanya, Bel\u00e7ika, L\u00fcksemburg, Danimarka, Andorra ve Hollanda kentleriyle otob\u00fcsler birbirine ba\u011fl\u0131.<\/p>\n\n\n\n<p>Otob\u00fcs biletlerinde de erken ald\u0131\u011f\u0131n\u0131zda \u00e7ok uygun fiyatl\u0131 bilet bulma \u015fans\u0131n\u0131z var. Seyahat tarihiniz yakla\u015ft\u0131k\u00e7a otob\u00fcslerde yer kalmama ihtimali olu\u015fabiliyor. Son dakikaya b\u0131rak\u0131lan otob\u00fcs biletlerinin fiyatlar\u0131 da bir hayli pahal\u0131 olabiliyor.<\/p>\n\n    <div class=\"xs_social_share_widget xs_share_url after_content \t\tmain_content  wslu-style-1 wslu-share-box-shaped wslu-fill-colored wslu-none wslu-share-horizontal wslu-theme-font-no wslu-main_content\">\n\n\t\t\n        <ul>\n\t\t\t        <\/ul>\n    <\/div> \n","protected":false},"excerpt":{"rendered":"<p>\u0130spanya, Akdeniz ikliminin h\u00e2kim oldu\u011fu, k\u00fclt\u00fcr\u00fcn ve sanat\u0131n geli\u015fti\u011fi, modan\u0131n ve tasar\u0131m\u0131n d\u00fcnyaya yay\u0131ld\u0131\u011f\u0131 ola\u011fan\u00fcst\u00fc \u00e7ekici\u00a0bir \u00fclke. Avrupa\u2019n\u0131n en g\u00fczel Akdeniz \u00fclkelerinden biri oldu\u011fu kadar, \u0130talya\u2019dan sonra d\u00fcnyada en \u00e7ok UNESCO k\u00fclt\u00fcr miras\u0131na sahip olan \u00fclke. D\u00fcnyaca \u00fcnl\u00fc Flamenko dans\u0131, festivalleri, lezzetli mutfa\u011f\u0131 ve \u015faraplar\u0131yla her bak\u0131mdan ziyaret edilmeyi sonuna kadar hak ediyor. Bu keyifli \u00fclkeye seyahat etmek istiyorsan\u0131z \u0130spanya&#8217;ya nas\u0131l gidilir sorusunun yan\u0131tlar\u0131 olduk\u00e7a i\u015finize yarayacak.<\/p>\n","protected":false},"author":34,"featured_media":21747,"comment_status":"open","ping_status":"open","sticky":false,"template":"","format":"standard","meta":{"rop_custom_images_group":[],"rop_custom_messages_group":[],"rop_publish_now":"initial","rop_publish_now_accounts":[],"rop_publish_now_history":[],"rop_publish_now_status":"pending","_cloudinary_featured_overwrite":false,"footnotes":""},"categories":[165],"tags":[2669,316,1887,317],"class_list":["post-16685","post","type-post","status-publish","format-standard","has-post-thumbnail","hentry","category-ispanya","tag-almeria","tag-barselona","tag-bilbao","tag-ispanya"],"_links":{"self":[{"href":"https:\/\/www.turna.com\/blog\/wp-json\/wp\/v2\/posts\/16685","targetHints":{"allow":["GET"]}}],"collection":[{"href":"https:\/\/www.turna.com\/blog\/wp-json\/wp\/v2\/posts"}],"about":[{"href":"https:\/\/www.turna.com\/blog\/wp-json\/wp\/v2\/types\/post"}],"author":[{"embeddable":true,"href":"https:\/\/www.turna.com\/blog\/wp-json\/wp\/v2\/users\/34"}],"replies":[{"embeddable":true,"href":"https:\/\/www.turna.com\/blog\/wp-json\/wp\/v2\/comments?post=16685"}],"version-history":[{"count":0,"href":"https:\/\/www.turna.com\/blog\/wp-json\/wp\/v2\/posts\/16685\/revisions"}],"wp:featuredmedia":[{"embeddable":true,"href":"https:\/\/www.turna.com\/blog\/wp-json\/wp\/v2\/media\/21747"}],"wp:attachment":[{"href":"https:\/\/www.turna.com\/blog\/wp-json\/wp\/v2\/media?parent=16685"}],"wp:term":[{"taxonomy":"category","embeddable":true,"href":"https:\/\/www.turna.com\/blog\/wp-json\/wp\/v2\/categories?post=16685"},{"taxonomy":"post_tag","embeddable":true,"href":"https:\/\/www.turna.com\/blog\/wp-json\/wp\/v2\/tags?post=16685"}],"curies":[{"name":"wp","href":"https:\/\/api.w.org\/{rel}","templated":true}]}}