{"id":16464,"date":"2019-08-25T08:30:07","date_gmt":"2019-08-25T05:30:07","guid":{"rendered":"https:\/\/www.turna.com\/blog\/?p=16464"},"modified":"2019-09-05T15:21:37","modified_gmt":"2019-09-05T12:21:37","slug":"kuzey-ege-tatili","status":"publish","type":"post","link":"https:\/\/www.turna.com\/blog\/kuzey-ege-tatili","title":{"rendered":"Kuzey Ege Tatili"},"content":{"rendered":"<div id=\"ez-toc-container\" class=\"ez-toc-v2_0_82_2 counter-hierarchy ez-toc-counter ez-toc-black ez-toc-container-direction\">\n<div class=\"ez-toc-title-container\">\n<p class=\"ez-toc-title\" style=\"cursor:inherit\">\u0130\u00e7indekiler<\/p>\n<span class=\"ez-toc-title-toggle\"><a href=\"#\" class=\"ez-toc-pull-right ez-toc-btn ez-toc-btn-xs ez-toc-btn-default ez-toc-toggle\" aria-label=\"\u0130\u00e7indekiler Tablosunu A\u00e7\/Kapat\"><span class=\"ez-toc-js-icon-con\"><span class=\"\"><span class=\"eztoc-hide\" style=\"display:none;\">Toggle<\/span><span class=\"ez-toc-icon-toggle-span\"><svg style=\"fill: #ffffff;color:#ffffff\" xmlns=\"http:\/\/www.w3.org\/2000\/svg\" class=\"list-377408\" width=\"20px\" height=\"20px\" viewBox=\"0 0 24 24\" fill=\"none\"><path d=\"M6 6H4v2h2V6zm14 0H8v2h12V6zM4 11h2v2H4v-2zm16 0H8v2h12v-2zM4 16h2v2H4v-2zm16 0H8v2h12v-2z\" fill=\"currentColor\"><\/path><\/svg><svg style=\"fill: #ffffff;color:#ffffff\" class=\"arrow-unsorted-368013\" xmlns=\"http:\/\/www.w3.org\/2000\/svg\" width=\"10px\" height=\"10px\" viewBox=\"0 0 24 24\" version=\"1.2\" baseProfile=\"tiny\"><path d=\"M18.2 9.3l-6.2-6.3-6.2 6.3c-.2.2-.3.4-.3.7s.1.5.3.7c.2.2.4.3.7.3h11c.3 0 .5-.1.7-.3.2-.2.3-.5.3-.7s-.1-.5-.3-.7zM5.8 14.7l6.2 6.3 6.2-6.3c.2-.2.3-.5.3-.7s-.1-.5-.3-.7c-.2-.2-.4-.3-.7-.3h-11c-.3 0-.5.1-.7.3-.2.2-.3.5-.3.7s.1.5.3.7z\"\/><\/svg><\/span><\/span><\/span><\/a><\/span><\/div>\n<nav><ul class='ez-toc-list ez-toc-list-level-1 eztoc-toggle-hide-by-default' ><li class='ez-toc-page-1 ez-toc-heading-level-2'><a class=\"ez-toc-link ez-toc-heading-1\" href=\"https:\/\/www.turna.com\/blog\/kuzey-ege-tatili\/#kuzey_ege_tatili_rotalari\" >Kuzey Ege Tatili Rotalar\u0131<\/a><ul class='ez-toc-list-level-3' ><li class='ez-toc-heading-level-3'><a class=\"ez-toc-link ez-toc-heading-2\" href=\"https:\/\/www.turna.com\/blog\/kuzey-ege-tatili\/#1_cunda_balikesir\" >1. Cunda, Bal\u0131kesir<\/a><\/li><li class='ez-toc-page-1 ez-toc-heading-level-3'><a class=\"ez-toc-link ez-toc-heading-3\" href=\"https:\/\/www.turna.com\/blog\/kuzey-ege-tatili\/#2_assos_canakkale\" >2. Assos, \u00c7anakkale<\/a><\/li><li class='ez-toc-page-1 ez-toc-heading-level-3'><a class=\"ez-toc-link ez-toc-heading-4\" href=\"https:\/\/www.turna.com\/blog\/kuzey-ege-tatili\/#3_ayvalik_balikesir\" >3. Ayval\u0131k, Bal\u0131kesir<\/a><\/li><li class='ez-toc-page-1 ez-toc-heading-level-3'><a class=\"ez-toc-link ez-toc-heading-5\" href=\"https:\/\/www.turna.com\/blog\/kuzey-ege-tatili\/#4_dikili_izmir\" >4. Dikili, \u0130zmir<\/a><\/li><\/ul><\/li><\/ul><\/nav><\/div>\n<p class=\"p1\">\u0130stanbul&#8217;a yak\u0131n konumuyla yaz aylar\u0131nda \u0130stanbul ve \u00e7evresinden \u00e7ok say\u0131da tatilciyi a\u011f\u0131rlayan <strong>Kuzey Ege B\u00f6lgesi<\/strong>, Ayval\u0131k, Sar\u0131msakl\u0131, Cunda, Ak\u00e7ay, Ye\u015filyurt, Adatepe ve Assos gibi tatil merkezleriyle T\u00fcrkiye&#8217;nin en g\u00f6zde seyahat destinasyonlar\u0131ndan.<\/p>\n<p class=\"p1\">\u00c7anakkale Bo\u011faz\u0131&#8217;ndan ba\u015flayan ve g\u00fcneyde \u0130zmir&#8217;in Dikili il\u00e7esine kadar uzanan hatta a\u011f\u0131rl\u0131kl\u0131 olarak yazl\u0131k tatil siteleri ve k\u00fc\u00e7\u00fck \u00f6l\u00e7ekli konaklama tesisleri bulunuyor. B\u00f6lgede 5 y\u0131ld\u0131zl\u0131, devasa turizm i\u015fletmelerinin bulunmamas\u0131 do\u011fan\u0131n bozulmas\u0131n\u0131 ve \u00e7evre tahribat\u0131n\u0131 en aza indirmi\u015f durumda.<\/p>\n<p>Kuzey Ege tatili planlayanlara Kuzey Ege&#8217;nin en g\u00fczel duraklar\u0131n\u0131 bu yaz\u0131da bir araya getirdim.<\/p>\n<h2 class=\"p1\"><span class=\"ez-toc-section\" id=\"kuzey_ege_tatili_rotalari\"><\/span><b>Kuzey Ege Tatili Rotalar\u0131<\/b><span class=\"ez-toc-section-end\"><\/span><\/h2>\n<h3 class=\"p1\"><span class=\"ez-toc-section\" id=\"1_cunda_balikesir\"><\/span><b>1. Cunda, Bal\u0131kesir<\/b><span class=\"ez-toc-section-end\"><\/span><\/h3>\n<p><img width=\"800\" height=\"500\" data-public-id=\"Cunda_ifkzvp\/Cunda_ifkzvp.jpg\" fetchpriority=\"high\" decoding=\"async\" class=\"alignnone wp-post-16464 wp-image-16466\" src=\"https:\/\/res.cloudinary.com\/turna\/images\/w_800,h_500,c_scale\/f_auto,q_auto:low\/v1566339654\/Cunda_ifkzvp\/Cunda_ifkzvp.jpg?_i=AA\" data-format=\"jpg\" data-transformations=\"f_auto,q_auto:low\" data-version=\"1566339654\" data-seo=\"1\" \/><\/p>\n<p>Bal\u0131kesir&#8217;in Ayval\u0131k il\u00e7esine ba\u011fl\u0131 bir mahalle olan Cunda Adas\u0131&#8217;n\u0131n resmi ad\u0131 Alibey Mahallesi. Ayval\u0131k il\u00e7e merkezine 5 km uzakl\u0131kta bulunan ada T\u00fcrkiye&#8217;nin ilk bo\u011faz k\u00f6pr\u00fcs\u00fcne de sahip. Tarih boyunca a\u011f\u0131rl\u0131kl\u0131 olarak Rum vatanda\u015flar\u0131n ya\u015fad\u0131\u011f\u0131 Cunda Adas\u0131, m\u00fcbadele s\u00fcresinin ard\u0131ndan T\u00fcrklerin yerle\u015fti\u011fi bir yer oldu. G\u00fcn\u00fcm\u00fczde rengarenk butik otelleri, geni\u015f ta\u015f evleri, darac\u0131k sokaklar\u0131 ve mahalle ya\u015fam\u0131yla Cunda, Kuzey Ege&#8217;nin en pop\u00fcler rotalar\u0131ndan.<\/p>\n<p>Rahmi Ko\u00e7 M\u00fczesi, Ta\u015f Kahve, De\u011firmen ve Cunda Pazar\u0131&#8217;na u\u011framadan Cunda&#8217;dan ayr\u0131lmay\u0131n.<\/p>\n<p class=\"p1\"><a href=\"https:\/\/www.turna.com\/ucak-bileti\/edremit\" target=\"_blank\" rel=\"noopener noreferrer\"><strong>Edremit u\u00e7ak bileti<\/strong><\/a> se\u00e7eneklerine g\u00f6z at\u0131n.<\/p>\n<h3 class=\"p1\"><span class=\"ez-toc-section\" id=\"2_assos_canakkale\"><\/span><b>2. Assos, \u00c7anakkale<\/b><span class=\"ez-toc-section-end\"><\/span><\/h3>\n<p><img width=\"800\" height=\"500\" data-public-id=\"Assos_ulpjom\/Assos_ulpjom.jpg\" decoding=\"async\" class=\"alignnone wp-post-16464 wp-image-16467\" src=\"https:\/\/res.cloudinary.com\/turna\/images\/w_800,h_500,c_scale\/f_auto,q_auto:low\/v1566339654\/Assos_ulpjom\/Assos_ulpjom.jpg?_i=AA\" data-format=\"jpg\" data-transformations=\"f_auto,q_auto:low\" data-version=\"1566339654\" data-seo=\"1\" \/><\/p>\n<p class=\"p1\">\u00c7anakkale&#8217;nin Ayvac\u0131k il\u00e7esi s\u0131n\u0131rlar\u0131nda bulunan Assos Antik Kenti, muhte\u015fem Ege Denizi manzaras\u0131 ve huzurlu liman\u0131yla, etkileyici bri atmosfere sahip. G\u00fcn\u00fcm\u00fczde Behramkale k\u00f6y\u00fc i\u00e7erisinde yer alan Assos&#8217;un tarihi antik d\u00f6neme kadar uzan\u0131yor. \u00d6ren yerinde k\u00fc\u00e7\u00fck bir tiyatro ve \u00e7ok say\u0131da tarihi kal\u0131nt\u0131 bulunuyor. Assos&#8217;un liman b\u00f6l\u00fcm\u00fc ise yan yana s\u0131ralanan kahvehaneleri ve bal\u0131k restoranlar\u0131 ile g\u00fcn\u00fcn her saati huzuru bulabilece\u011finiz bir nokta.<\/p>\n<h3 class=\"p1\"><span class=\"ez-toc-section\" id=\"3_ayvalik_balikesir\"><\/span><b>3. Ayval\u0131k, Bal\u0131kesir<\/b><span class=\"ez-toc-section-end\"><\/span><\/h3>\n<p><img width=\"800\" height=\"500\" data-public-id=\"Ayval%C4%B1k_hlpbxx\/Ayval%C4%B1k_hlpbxx.jpg\" decoding=\"async\" class=\"alignnone wp-post-16464 wp-image-16465\" src=\"https:\/\/res.cloudinary.com\/turna\/images\/w_800,h_500,c_scale\/f_auto,q_auto:low\/v1566339654\/Ayval%C4%B1k_hlpbxx\/Ayval%C4%B1k_hlpbxx.jpg?_i=AA\" data-format=\"jpg\" data-transformations=\"f_auto,q_auto:low\" data-version=\"1566339654\" data-seo=\"1\" \/><\/p>\n<p class=\"p1\">Kuzey Ege denildi\u011finde akla ilk gelen tatil merkezlerinden biri de Ayval\u0131k. Ayval\u0131k, Bal\u0131kesir&#8217;in Ege Denizi&#8217;ne k\u0131y\u0131s\u0131 olan il\u00e7elerinden. \u00c7ok say\u0131da ada, koy ve k\u00f6rfezin yer ald\u0131\u011f\u0131 do\u011fal koruma b\u00f6lgesine de ev sahipli\u011fi yapan Ayval\u0131k il\u00e7e merkezi ta\u015f konaklar\u0131, darac\u0131k sokaklar\u0131, butik i\u015fletmeleriyle g\u00f6r\u00fclmeye de\u011fer. \u0130l\u00e7ede \u00e7ok say\u0131da pansiyon ve irili ufakl\u0131 butik otel bulunuyor.<\/p>\n<p>Merkezde bulunan Macaron Kona\u011f\u0131, konaklama \u00f6nerim.<\/p>\n<h3 class=\"p1\"><span class=\"ez-toc-section\" id=\"4_dikili_izmir\"><\/span><b>4. Dikili, \u0130zmir<\/b><span class=\"ez-toc-section-end\"><\/span><\/h3>\n<p><img width=\"800\" height=\"500\" data-public-id=\"Dikili_myxjeq\/Dikili_myxjeq.jpg\" loading=\"lazy\" decoding=\"async\" class=\"alignnone wp-post-16464 wp-image-16468\" src=\"data:image\/svg+xml;base64,PHN2ZyB4bWxucz0iaHR0cDovL3d3dy53My5vcmcvMjAwMC9zdmciIHdpZHRoPSI4MDAiIGhlaWdodD0iNTAwIj48cmVjdCB3aWR0aD0iMTAwJSIgaGVpZ2h0PSIxMDAlIj48YW5pbWF0ZSBhdHRyaWJ1dGVOYW1lPSJmaWxsIiB2YWx1ZXM9InJnYmEoMTUzLDE1MywxNTMsMC41KTtyZ2JhKDE1MywxNTMsMTUzLDAuMSk7cmdiYSgxNTMsMTUzLDE1MywwLjUpIiBkdXI9IjJzIiByZXBlYXRDb3VudD0iaW5kZWZpbml0ZSIgLz48L3JlY3Q+PC9zdmc+\" data-format=\"jpg\" data-transformations=\"f_auto,q_auto:low\" data-version=\"1566339654\" data-seo=\"1\" data-size=\"800 500\" data-delivery=\"upload\" onload=\";window.CLDBind?CLDBind(this):null;\" data-cloudinary=\"lazy\" \/>\u0130zmir&#8217;in Ege Denizi k\u0131y\u0131s\u0131nda yer alan en kuzeydeki il\u00e7esi Dikili\u015f, daha \u00e7ok ekonomik tatil tercih edenleri a\u011f\u0131rl\u0131yor. Kamp alanlar\u0131, sahilleri, \u015firin k\u00f6yleri ve \u00e7ok say\u0131da konaklama alternatifi ile i\u00e7e yaz aylar\u0131nda ziyaret\u00e7i ak\u0131n\u0131na u\u011fruyor. Dikili&#8217;de Bademli, Denizk\u00f6y ve \u00c7andarl\u0131 mutlaka g\u00f6r\u00fclmesi gereken yerler aras\u0131nda.<\/p>\n<p><a href=\"https:\/\/www.turna.com\/ucak-bileti\/izmir\" target=\"_blank\" rel=\"noopener noreferrer\"><strong>\u0130zmir u\u00e7ak bileti<\/strong><\/a> se\u00e7eneklerine g\u00f6z at\u0131n.<\/p>\n\n    <div class=\"xs_social_share_widget xs_share_url after_content \t\tmain_content  wslu-style-1 wslu-share-box-shaped wslu-fill-colored wslu-none wslu-share-horizontal wslu-theme-font-no wslu-main_content\">\n\n\t\t\n        <ul>\n\t\t\t        <\/ul>\n    <\/div> \n","protected":false},"excerpt":{"rendered":"<p>\u0130stanbul&#8217;a yak\u0131n konumuyla yaz aylar\u0131nda \u0130stanbul ve \u00e7evresinden \u00e7ok say\u0131da tatilciyi a\u011f\u0131rlayan Kuzey Ege B\u00f6lgesi, Ayval\u0131k, Sar\u0131msakl\u0131, Cunda, Ak\u00e7ay, Ye\u015filyurt, Adatepe ve Assos gibi tatil merkezleriyle T\u00fcrkiye&#8217;nin en g\u00f6zde seyahat destinasyonlar\u0131ndan. \u00c7anakkale Bo\u011faz\u0131&#8217;ndan ba\u015flayan ve g\u00fcneyde \u0130zmir&#8217;in Dikili il\u00e7esine kadar uzanan hatta a\u011f\u0131rl\u0131kl\u0131 olarak yazl\u0131k tatil siteleri ve k\u00fc\u00e7\u00fck \u00f6l\u00e7ekli konaklama tesisleri bulunuyor. B\u00f6lgede 5 [&hellip;]<\/p>\n","protected":false},"author":9,"featured_media":16466,"comment_status":"open","ping_status":"open","sticky":false,"template":"","format":"standard","meta":{"rop_custom_images_group":[],"rop_custom_messages_group":[],"rop_publish_now":"initial","rop_publish_now_accounts":[],"rop_publish_now_history":[],"rop_publish_now_status":"pending","_cloudinary_featured_overwrite":false,"footnotes":""},"categories":[84,1821,1839],"tags":[247,261,224],"class_list":["post-16464","post","type-post","status-publish","format-standard","has-post-thumbnail","hentry","category-turkiye","category-canakkale","category-izmir","tag-canakkale","tag-edremit","tag-izmir"],"_links":{"self":[{"href":"https:\/\/www.turna.com\/blog\/wp-json\/wp\/v2\/posts\/16464","targetHints":{"allow":["GET"]}}],"collection":[{"href":"https:\/\/www.turna.com\/blog\/wp-json\/wp\/v2\/posts"}],"about":[{"href":"https:\/\/www.turna.com\/blog\/wp-json\/wp\/v2\/types\/post"}],"author":[{"embeddable":true,"href":"https:\/\/www.turna.com\/blog\/wp-json\/wp\/v2\/users\/9"}],"replies":[{"embeddable":true,"href":"https:\/\/www.turna.com\/blog\/wp-json\/wp\/v2\/comments?post=16464"}],"version-history":[{"count":0,"href":"https:\/\/www.turna.com\/blog\/wp-json\/wp\/v2\/posts\/16464\/revisions"}],"wp:featuredmedia":[{"embeddable":true,"href":"https:\/\/www.turna.com\/blog\/wp-json\/wp\/v2\/media\/16466"}],"wp:attachment":[{"href":"https:\/\/www.turna.com\/blog\/wp-json\/wp\/v2\/media?parent=16464"}],"wp:term":[{"taxonomy":"category","embeddable":true,"href":"https:\/\/www.turna.com\/blog\/wp-json\/wp\/v2\/categories?post=16464"},{"taxonomy":"post_tag","embeddable":true,"href":"https:\/\/www.turna.com\/blog\/wp-json\/wp\/v2\/tags?post=16464"}],"curies":[{"name":"wp","href":"https:\/\/api.w.org\/{rel}","templated":true}]}}