{"id":1646,"date":"2016-03-26T16:40:40","date_gmt":"2016-03-26T14:40:40","guid":{"rendered":"https:\/\/www.turna.com\/blog\/?p=1646"},"modified":"2016-10-22T13:13:00","modified_gmt":"2016-10-22T10:13:00","slug":"sari-tramvayin-izinde-lizbon","status":"publish","type":"post","link":"https:\/\/www.turna.com\/blog\/sari-tramvayin-izinde-lizbon","title":{"rendered":"Sar\u0131 Tramvay\u0131n \u0130zinde Lizbon"},"content":{"rendered":"<div id=\"ez-toc-container\" class=\"ez-toc-v2_0_82_2 counter-hierarchy ez-toc-counter ez-toc-black ez-toc-container-direction\">\n<div class=\"ez-toc-title-container\">\n<p class=\"ez-toc-title\" style=\"cursor:inherit\">\u0130\u00e7indekiler<\/p>\n<span class=\"ez-toc-title-toggle\"><a href=\"#\" class=\"ez-toc-pull-right ez-toc-btn ez-toc-btn-xs ez-toc-btn-default ez-toc-toggle\" aria-label=\"\u0130\u00e7indekiler Tablosunu A\u00e7\/Kapat\"><span class=\"ez-toc-js-icon-con\"><span class=\"\"><span class=\"eztoc-hide\" style=\"display:none;\">Toggle<\/span><span class=\"ez-toc-icon-toggle-span\"><svg style=\"fill: #ffffff;color:#ffffff\" xmlns=\"http:\/\/www.w3.org\/2000\/svg\" class=\"list-377408\" width=\"20px\" height=\"20px\" viewBox=\"0 0 24 24\" fill=\"none\"><path d=\"M6 6H4v2h2V6zm14 0H8v2h12V6zM4 11h2v2H4v-2zm16 0H8v2h12v-2zM4 16h2v2H4v-2zm16 0H8v2h12v-2z\" fill=\"currentColor\"><\/path><\/svg><svg style=\"fill: #ffffff;color:#ffffff\" class=\"arrow-unsorted-368013\" xmlns=\"http:\/\/www.w3.org\/2000\/svg\" width=\"10px\" height=\"10px\" viewBox=\"0 0 24 24\" version=\"1.2\" baseProfile=\"tiny\"><path d=\"M18.2 9.3l-6.2-6.3-6.2 6.3c-.2.2-.3.4-.3.7s.1.5.3.7c.2.2.4.3.7.3h11c.3 0 .5-.1.7-.3.2-.2.3-.5.3-.7s-.1-.5-.3-.7zM5.8 14.7l6.2 6.3 6.2-6.3c.2-.2.3-.5.3-.7s-.1-.5-.3-.7c-.2-.2-.4-.3-.7-.3h-11c-.3 0-.5.1-.7.3-.2.2-.3.5-.3.7s.1.5.3.7z\"\/><\/svg><\/span><\/span><\/span><\/a><\/span><\/div>\n<nav><ul class='ez-toc-list ez-toc-list-level-1 eztoc-toggle-hide-by-default' ><li class='ez-toc-page-1 ez-toc-heading-level-2'><a class=\"ez-toc-link ez-toc-heading-1\" href=\"https:\/\/www.turna.com\/blog\/sari-tramvayin-izinde-lizbon\/#portekizin_etkileyici_sehri_lizbon\" >Portekiz&#8217;in Etkileyici \u015eehri Lizbon<\/a><\/li><li class='ez-toc-page-1 ez-toc-heading-level-2'><a class=\"ez-toc-link ez-toc-heading-2\" href=\"https:\/\/www.turna.com\/blog\/sari-tramvayin-izinde-lizbon\/#lizbonda_yapmadan_donmeyin\" >Lizbon\u2019da Yapmadan D\u00f6nmeyin<\/a><\/li><li class='ez-toc-page-1 ez-toc-heading-level-2'><a class=\"ez-toc-link ez-toc-heading-3\" href=\"https:\/\/www.turna.com\/blog\/sari-tramvayin-izinde-lizbon\/#lizbonda_genel_olarak\" >Lizbon\u2019da genel olarak<\/a><\/li><li class='ez-toc-page-1 ez-toc-heading-level-2'><a class=\"ez-toc-link ez-toc-heading-4\" href=\"https:\/\/www.turna.com\/blog\/sari-tramvayin-izinde-lizbon\/#lizbona_nasil_gidilir\" >Lizbon\u2019a Nas\u0131l Gidilir?<\/a><\/li><\/ul><\/nav><\/div>\n<p>Bir yan\u0131 Atlas Okyanusu, di\u011fer yan\u0131 ise \u0130spanya ile \u00e7evrili olan <strong>Portekiz<\/strong>, Avrupa\u2019n\u0131n en g\u00f6z al\u0131c\u0131 \u015fehirlerini i\u00e7inde bar\u0131nd\u0131r\u0131r ve defalarca ziyaret edilmeyi hak eder. Tarihler boyunca, Fenikelilerden, Yunanl\u0131lara, Romal\u0131lardan, End\u00fcl\u00fcs Emevilerine kadar \u00e7e\u015fitli k\u00fclt\u00fcrlere ev sahipli\u011fi yapm\u0131\u015f ve bug\u00fcn t\u00fcm bu etkilerden bir par\u00e7ay\u0131 kendinde tutarak olduk\u00e7a zengin bir k\u00fclt\u00fcr olu\u015fturmu\u015f. Bir yandan Emevilerden gelen do\u011fulu, di\u011fer yandan olduk\u00e7a Akdenizli bir hava, yemeklerinden m\u00fczi\u011fine, mimarisine kadar her y\u00f6n\u00fcyle kar\u015f\u0131n\u0131zda.<\/p>\n<p>P\u0131r\u0131l p\u0131r\u0131l denizi ve muhte\u015fem plajlar\u0131, \u015fehirleri ikiye b\u00f6len nehirleri, y\u00fcr\u00fcy\u00fc\u015ften da\u011fc\u0131l\u0131\u011fa her t\u00fcrl\u00fc aktif spora olanak tan\u0131yan do\u011fa \u015fartlar\u0131, tarih kokan k\u00f6yleri, \u00e7inili evleri, me\u015fhur a\u011f\u0131tlar\u0131 \u2018fado\u2019 ve Cristiano Ronaldo ve Luis Figo gibi d\u00fcnyaca \u00fcnl\u00fc futbolcular\u0131 tarihe ge\u00e7iren futboluyla Portekiz, gezginlerin listesindeki ilk duraklardan biri.<\/p>\n<p><img width=\"800\" height=\"500\" data-public-id=\"Lizbon-Portekiz-Sari-Tramvay-800x500_glvzje\/Lizbon-Portekiz-Sari-Tramvay-800x500_glvzje.jpg\" fetchpriority=\"high\" decoding=\"async\" class=\"alignnone wp-post-1646 wp-image-2841\" src=\"https:\/\/res.cloudinary.com\/turna\/images\/w_800,h_500,c_scale\/f_auto,q_auto:low\/v1464854587\/Lizbon-Portekiz-Sari-Tramvay-800x500_glvzje\/Lizbon-Portekiz-Sari-Tramvay-800x500_glvzje.jpg?_i=AA\" data-format=\"jpg\" data-transformations=\"f_auto,q_auto:low\" data-version=\"1464854587\" data-seo=\"1\" \/><\/p>\n<p>Fado, eskiden denize a\u00e7\u0131lan denizcilerin ard\u0131ndan yak\u0131lan a\u011f\u0131tlar iken, bug\u00fcn adeta Portekiz\u2019in geleneksel m\u00fczi\u011fi. Bu h\u00fcz\u00fcnl\u00fc m\u00fczi\u011fin en tan\u0131nm\u0131\u015f sanat\u00e7\u0131lar\u0131 aras\u0131nda Rodrigues, Mariza ve Madredeus\u2019u sayabiliriz.<\/p>\n<h2><span class=\"ez-toc-section\" id=\"portekizin_etkileyici_sehri_lizbon\"><\/span><strong>Portekiz&#8217;in Etkileyici \u015eehri Lizbon<\/strong><span class=\"ez-toc-section-end\"><\/span><\/h2>\n<p>Ba\u015fl\u0131ca \u015fehirleri Lizbon, Porto, Braga, Coimbra, Aveiro, Algarve ve Fatima olsa da, en \u00e7ok turist alan \u015fehri, ayn\u0131 \u0130stanbul gibi bir dizi tepece\u011fin \u00fcst\u00fcne kurulmu\u015f, ini\u015fli \u00e7\u0131k\u0131\u015fl\u0131 yoku\u015flar\u0131 ve \u00e7ini kaplamal\u0131 tarihi evleri ile g\u00f6z al\u0131c\u0131 <strong>Lizbon<\/strong>!<\/p>\n<p>18. y\u00fczy\u0131lda Araplar taraf\u0131ndan getirilen \u00e7inicilik, \u015fehre damgas\u0131n\u0131 vurmu\u015f. Bug\u00fcn \u015fehre b\u00fcy\u00fcl\u00fc bir hava katan \u00e7iniler, 18 y\u00fczy\u0131lda krallar ve aristokratlar\u0131n ne kadar zengin olduklar\u0131n\u0131 g\u00f6stermek i\u00e7in, 19. y\u00fczy\u0131ldan sonra ise binalar\u0131 ya\u011fmurdan korumak i\u00e7in kullan\u0131lm\u0131\u015f.<\/p>\n<p><img decoding=\"async\" class=\"aligncenter\" src=\"http:\/\/res.cloudinary.com\/turna\/image\/upload\/Images\/Blog\/Portekiz-Lizbon-Grafiti-800x500.jpg\" alt=\"Portekiz-Lizbon-Grafiti\" width=\"800\" height=\"500\" \/><\/p>\n<p>Lizbon, \u015fu anda Avrupa\u2019n\u0131n en ucuz \u015fehirlerinden biri. 1755\u2019deki b\u00fcy\u00fck depremle \u015fehrin bir \u00e7o\u011fu y\u0131k\u0131lsa da, bu g\u00fcn eski \u015fehir olarak adland\u0131rd\u0131\u011f\u0131m\u0131z Baxia, Chiado ve Bairro Alto g\u00fcn\u00fcm\u00fcze kadar gelmi\u015f.<\/p>\n<p>Avrupa\u2019n\u0131n en g\u00fcne\u015fli \u015fehirlerinden biri olan Lizbon\u2019u ke\u015ffetmek i\u00e7in en g\u00fczel y\u00f6ntem asl\u0131nda y\u00fcr\u00fcmek ve kaybolmakt\u0131r. \u015eehri dola\u015fman\u0131n di\u011fer bir keyifli yan\u0131 ise, tarihi tramvaylara binmektir. \u00d6zellikle 28 numaral\u0131 tramvay, yerel halk\u0131n ula\u015f\u0131m arac\u0131 olmas\u0131na ra\u011fmen, turistlerin de g\u00f6z bebe\u011fidir ve bu y\u00fczden \u00f6zellikle Martim Monitz\u2019den binmeye \u00e7al\u0131\u015f\u0131rsan\u0131z uzun bir kuyru\u011fu beklemeyi g\u00f6ze almal\u0131s\u0131n\u0131z.<\/p>\n<p>Eski mahalleler aras\u0131nda kaybolarak, \u00e7ini satan antikac\u0131lar\u0131, duvarlar\u0131 \u2018azulejo\u2019 denilen \u00e7inilerle kaplanm\u0131\u015f eski binalar\u0131, tarihi pastaneleri, kareli fayanslarla d\u00f6\u015feli barlar\u0131, fado kul\u00fcpleriyle dolu bir atmosferi de ke\u015ffetmi\u015f olursunuz.<\/p>\n<p><img decoding=\"async\" class=\"aligncenter\" src=\"http:\/\/res.cloudinary.com\/turna\/image\/upload\/Images\/Blog\/Lizbon-Portekiz-Sokak-Saticilari-800x500.jpg\" alt=\"Lizbon-Portekiz-Sokak-Saticilari\" width=\"800\" height=\"500\" \/><\/p>\n<p>\u00d6zellikle Alfama, hala sokakta ya\u015fayan eski mahalle k\u00fclt\u00fcr\u00fcn\u00fc size sunarken, Bairro Alto restoranlar\u0131, barlar\u0131, grafiti ve parke ta\u015fl\u0131 dar yollar\u0131, fado kul\u00fcpleriyle bir e\u011flence merkezidir.<\/p>\n<h2><span class=\"ez-toc-section\" id=\"lizbonda_yapmadan_donmeyin\"><\/span><strong>Lizbon\u2019da Yapmadan D\u00f6nmeyin<\/strong><span class=\"ez-toc-section-end\"><\/span><\/h2>\n<ul>\n<li>Rossio Meydan\u0131n\u0131n etraf\u0131ndaki kafelerde kahve keyfi yap\u0131n.<\/li>\n<li>Baxia\u2019da g\u00fcn bat\u0131m\u0131ndan iki saat \u00f6nce Pra\u00e7a do Comercio ve sahili takip edip nehri ve feribotlar\u0131 seyredin.<\/li>\n<li>Elevador de Santa Justa\u2019ya \u00e7\u0131k\u0131n. 1902\u2019de Eiffel\u2019in \u00f6\u011frencilerinden biri taraf\u0131ndan yap\u0131lan bu asans\u00f6r\u00fcn 32 metre tepesine \u00e7\u0131karak \u00f6zellikle g\u00fcn bat\u0131m\u0131nda Convento Do Carmo\u2019nun siluetinden Rossio Meydan\u0131n\u0131 ve<\/li>\n<li>Baxia\u2019yi izleyin.<\/li>\n<li>Alfama sokaklar\u0131nda kaybolun. Ma\u011frabi d\u00f6nemlerinde asilzadelerle \u015fehrin en g\u00f6rkemli b\u00f6l\u00fcm\u00fc olup, \u015fimdi ise yerel bal\u0131k\u00e7\u0131lar\u0131n ya\u015fad\u0131\u011f\u0131 Alfama sokaklar\u0131n\u0131 ke\u015ffedin. Sokakta as\u0131l\u0131 \u00e7ama\u015f\u0131rlar\u0131yla , eski ve dar sokaklardan Se katedraline var\u0131n.<\/li>\n<li>Sahile y\u00f6nelip, Fado m\u00fczesini ziyaret edin ve \u201cNoktalar Evi\u201d anlam\u0131na gelen Casa Dos Bicos\u2019da bir sergiyi izleyin.<\/li>\n<li>Miradouro da Gra\u00e7a\u2019dan Lizbon ve kalenin manzaras\u0131n\u0131 seyredin. Largo da Gra\u00e7a\u2019da yanyana dizilmi\u015f, rengarenk \u00e7inili binalar\u0131n aras\u0131ndan \u00e7ini satan antikac\u0131 d\u00fckkanlar\u0131na girin.<img loading=\"lazy\" decoding=\"async\" class=\"aligncenter\" src=\"http:\/\/res.cloudinary.com\/turna\/image\/upload\/Images\/Blog\/Lizbon-Portekiz-Alfama-Sokaklari-800x500.jpg\" alt=\"Lizbon-Portekiz-Alfama-Sokaklari\" width=\"800\" height=\"500\" \/><\/li>\n<li>Klasik finik\u00fcler olan Elevador de Bica ile Bica mahallesine \u00e7\u0131k\u0131n. Dik bir yoku\u015f ile Bairro Alto\u2019ya \u00e7\u0131kan bu yolda, Bica mahallesinin karakteristik evlerini, d\u00fckkanlar\u0131n\u0131, restoranlar\u0131n\u0131 ke\u015ffedin.<\/li>\n<li>\u015eehrin en eski kafe ve d\u00fckkanlar\u0131n\u0131n oldu\u011fu Rua Garrett ve Rua Carmoda\u2019da al\u0131\u015fveri\u015f yap\u0131n, yapmasan\u0131z da ma\u011fazalar\u0131 gezin.<\/li>\n<li>Caf\u00e9 A Brasileira\u2019da, \u00fcnl\u00fc \u015fair Fernando Pessoa\u2019nin bronz heykeli yan\u0131nda oturup bir kahve i\u00e7in, sokak m\u00fczisyenlerini dinleyin.<\/li>\n<li>Mutlaka kestane yiyin. Hafif tuzlu ve tamburda pi\u015fen bu kestanelerin tad\u0131n\u0131 unutamayacaks\u0131n\u0131z.<\/li>\n<li>Cais do Sodre\u2019den Cacilhas\u2019a giden feribota binin ve kar\u015f\u0131ya ge\u00e7in. Oradan 101 numaral\u0131 otob\u00fcs ile Cristo Rei\u2019ya \u00e7\u0131k\u0131n. Bunu g\u00fcn bat\u0131m\u0131 saatlerine denk getirin ve 80 metre yukar\u0131dan Ponte 25 de Abril (25 nisan k\u00f6pr\u00fcs\u00fc)\u2019in muhte\u015fem \u0131\u015f\u0131klar\u0131yla Lizbon\u2019u seyredin.<\/li>\n<li>Dar, parke ta\u015fl\u0131 ve grafitili sokaklarda, hava karard\u0131ktan sonra Lizbon\u2019un gece hayat\u0131n\u0131 ve fado\u2019yu ke\u015ffedin. Ruo do Norte, Rua Diario de Noticias, Rua da Atalia ve Rua da Rosa en hareketli caddeleri.<\/li>\n<li>Vasco da Gama\u2019n\u0131n 1497\u2019de Hindistan\u2019a gitmek \u00fczere yola \u00e7\u0131kt\u0131\u011f\u0131 ve bir y\u0131l sonra geri d\u00f6nd\u00fc\u011f\u00fc yer olan Belem\u2019e gidin, Mosteiro Dos Jeronimos\u2019u ziyaret edin. UNESCO D\u00fcnya Miraslar\u0131 Listesinde yer alan manast\u0131r\u0131n in\u015faat\u0131, 1502\u2019de Dom Manuel\u2019in, Vasco da Gama\u2019n\u0131n Hindistan\u2019dan sa\u011f salim d\u00f6nmesi i\u00e7in Bakire Meryem\u2019e yapt\u0131\u011f\u0131 adak ile ba\u015flam\u0131\u015ft\u0131r.<\/li>\n<li>Caf\u00e9 A Brasileira\u2019da, \u00fcnl\u00fc \u015fair Fernando Pessoa\u2019nin bronz heykeli yan\u0131nda oturup bir kahve i\u00e7in, sokak m\u00fczisyenlerini dinleyin.<\/li>\n<li>Lizbon\u2019un simgesi olan me\u015fhur Belem tart\u0131n\u0131 yiyin.<img loading=\"lazy\" decoding=\"async\" class=\"aligncenter\" src=\"http:\/\/res.cloudinary.com\/turna\/image\/upload\/Images\/Blog\/Portekiz-Lizbon-Elevator-de-Santa-Justa-Manzara-800x500.jpg\" alt=\"Portekiz-Lizbon-Elevator-de-Santa-Justa-Manzara\" width=\"800\" height=\"500\" \/><\/li>\n<\/ul>\n<h2><span class=\"ez-toc-section\" id=\"lizbonda_genel_olarak\"><\/span><strong>Lizbon\u2019da genel olarak<\/strong><span class=\"ez-toc-section-end\"><\/span><\/h2>\n<ul>\n<li>Deniz \u00fcr\u00fcnleri \u00e7ok ucuz ve \u00e7ok g\u00fczel.<\/li>\n<li>T\u00fcm yemekler genelde \u00e7ok lezzetli ancak biraz tuzlu.<\/li>\n<li>Kestane yemeden d\u00f6nmeyin.<\/li>\n<li>Eski tramvaya mutlaka binip, bir \u015fehir turu at\u0131n.<\/li>\n<li>Asans\u00f6re \u00e7\u0131k\u0131p, Lizbon\u2019u tepeden izleyin.<\/li>\n<li>\u00c7anta ve c\u00fczdanlar\u0131n\u0131za \u00e7ok dikkat edin.<\/li>\n<li>Lizbon\u2019u \u00f6zetle tan\u0131mlamak istersek: \u00c7ini kapl\u0131 binalar, asans\u00f6rler ve teraslar, grafiti ve parke ta\u015fl\u0131 yollar, sar\u0131 tramvay, g\u00fcne\u015f, deniz ve Fado!<\/li>\n<\/ul>\n<h2><span class=\"ez-toc-section\" id=\"lizbona_nasil_gidilir\"><\/span><strong>Lizbon\u2019a Nas\u0131l Gidilir?<\/strong><span class=\"ez-toc-section-end\"><\/span><\/h2>\n<p>\u0130stanbul\u2019dan Lizbon\u2019 a T\u00fcrk Hava Yollar\u0131 ile direkt u\u00e7arak varabilirsiniz. Kampanyalar\u0131 takip ederek ucuz u\u00e7ak bileti yakalay\u0131p, Avrupa\u2019n\u0131n en ucuz \u015fehirlerinden biri Lizbon\u2019a seyahati, olduk\u00e7a ekonomik hale getirebilirsiniz. <strong><a href=\"https:\/\/www.turna.com\/ucak-bileti\/lizbon\" target=\"_blank\">Lizbon u\u00e7ak bileti<\/a><\/strong> f\u0131rsatlar\u0131na g\u00f6z atmay\u0131 unutmay\u0131n.<\/p>\n\n    <div class=\"xs_social_share_widget xs_share_url after_content \t\tmain_content  wslu-style-1 wslu-share-box-shaped wslu-fill-colored wslu-none wslu-share-horizontal wslu-theme-font-no wslu-main_content\">\n\n\t\t\n        <ul>\n\t\t\t        <\/ul>\n    <\/div> \n","protected":false},"excerpt":{"rendered":"<p>Bir yan\u0131 Atlas Okyanusu, di\u011fer yan\u0131 ise \u0130spanya ile \u00e7evrili olan Portekiz, Avrupa\u2019n\u0131n en g\u00f6z al\u0131c\u0131 \u015fehirlerini i\u00e7inde bar\u0131nd\u0131r\u0131r ve defalarca ziyaret edilmeyi hak eder. Tarihler boyunca, Fenikelilerden, Yunanl\u0131lara, Romal\u0131lardan, End\u00fcl\u00fcs Emevilerine kadar \u00e7e\u015fitli k\u00fclt\u00fcrlere ev sahipli\u011fi yapm\u0131\u015f ve bug\u00fcn t\u00fcm bu etkilerden bir par\u00e7ay\u0131 kendinde tutarak olduk\u00e7a zengin bir k\u00fclt\u00fcr olu\u015fturmu\u015f. Bir yandan Emevilerden [&hellip;]<\/p>\n","protected":false},"author":12,"featured_media":1647,"comment_status":"open","ping_status":"open","sticky":false,"template":"","format":"standard","meta":{"rop_custom_images_group":[],"rop_custom_messages_group":[],"rop_publish_now":"initial","rop_publish_now_accounts":[],"rop_publish_now_history":[],"rop_publish_now_status":"pending","_cloudinary_featured_overwrite":false,"footnotes":""},"categories":[508],"tags":[509,510],"class_list":["post-1646","post","type-post","status-publish","format-standard","has-post-thumbnail","hentry","category-portekiz","tag-lizbon","tag-portekiz"],"_links":{"self":[{"href":"https:\/\/www.turna.com\/blog\/wp-json\/wp\/v2\/posts\/1646","targetHints":{"allow":["GET"]}}],"collection":[{"href":"https:\/\/www.turna.com\/blog\/wp-json\/wp\/v2\/posts"}],"about":[{"href":"https:\/\/www.turna.com\/blog\/wp-json\/wp\/v2\/types\/post"}],"author":[{"embeddable":true,"href":"https:\/\/www.turna.com\/blog\/wp-json\/wp\/v2\/users\/12"}],"replies":[{"embeddable":true,"href":"https:\/\/www.turna.com\/blog\/wp-json\/wp\/v2\/comments?post=1646"}],"version-history":[{"count":0,"href":"https:\/\/www.turna.com\/blog\/wp-json\/wp\/v2\/posts\/1646\/revisions"}],"wp:featuredmedia":[{"embeddable":true,"href":"https:\/\/www.turna.com\/blog\/wp-json\/wp\/v2\/media\/1647"}],"wp:attachment":[{"href":"https:\/\/www.turna.com\/blog\/wp-json\/wp\/v2\/media?parent=1646"}],"wp:term":[{"taxonomy":"category","embeddable":true,"href":"https:\/\/www.turna.com\/blog\/wp-json\/wp\/v2\/categories?post=1646"},{"taxonomy":"post_tag","embeddable":true,"href":"https:\/\/www.turna.com\/blog\/wp-json\/wp\/v2\/tags?post=1646"}],"curies":[{"name":"wp","href":"https:\/\/api.w.org\/{rel}","templated":true}]}}