{"id":16454,"date":"2025-05-08T09:37:30","date_gmt":"2025-05-08T06:37:30","guid":{"rendered":"https:\/\/www.turna.com\/blog\/?p=16454"},"modified":"2026-01-02T15:05:50","modified_gmt":"2026-01-02T12:05:50","slug":"yunan-adalari-kapi-vizesi-nasil-alinir","status":"publish","type":"post","link":"https:\/\/www.turna.com\/blog\/yunan-adalari-kapi-vizesi-nasil-alinir","title":{"rendered":"Yunan Adalar\u0131 Kap\u0131 Vizesi Nas\u0131l Al\u0131n\u0131r? 2026 G\u00fcncel Rehber"},"content":{"rendered":"<div id=\"ez-toc-container\" class=\"ez-toc-v2_0_82_2 counter-hierarchy ez-toc-counter ez-toc-black ez-toc-container-direction\">\n<div class=\"ez-toc-title-container\">\n<p class=\"ez-toc-title\" style=\"cursor:inherit\">\u0130\u00e7indekiler<\/p>\n<span class=\"ez-toc-title-toggle\"><a href=\"#\" class=\"ez-toc-pull-right ez-toc-btn ez-toc-btn-xs ez-toc-btn-default ez-toc-toggle\" aria-label=\"\u0130\u00e7indekiler Tablosunu A\u00e7\/Kapat\"><span class=\"ez-toc-js-icon-con\"><span class=\"\"><span class=\"eztoc-hide\" style=\"display:none;\">Toggle<\/span><span class=\"ez-toc-icon-toggle-span\"><svg style=\"fill: #ffffff;color:#ffffff\" xmlns=\"http:\/\/www.w3.org\/2000\/svg\" class=\"list-377408\" width=\"20px\" height=\"20px\" viewBox=\"0 0 24 24\" fill=\"none\"><path d=\"M6 6H4v2h2V6zm14 0H8v2h12V6zM4 11h2v2H4v-2zm16 0H8v2h12v-2zM4 16h2v2H4v-2zm16 0H8v2h12v-2z\" fill=\"currentColor\"><\/path><\/svg><svg style=\"fill: #ffffff;color:#ffffff\" class=\"arrow-unsorted-368013\" xmlns=\"http:\/\/www.w3.org\/2000\/svg\" width=\"10px\" height=\"10px\" viewBox=\"0 0 24 24\" version=\"1.2\" baseProfile=\"tiny\"><path d=\"M18.2 9.3l-6.2-6.3-6.2 6.3c-.2.2-.3.4-.3.7s.1.5.3.7c.2.2.4.3.7.3h11c.3 0 .5-.1.7-.3.2-.2.3-.5.3-.7s-.1-.5-.3-.7zM5.8 14.7l6.2 6.3 6.2-6.3c.2-.2.3-.5.3-.7s-.1-.5-.3-.7c-.2-.2-.4-.3-.7-.3h-11c-.3 0-.5.1-.7.3-.2.2-.3.5-.3.7s.1.5.3.7z\"\/><\/svg><\/span><\/span><\/span><\/a><\/span><\/div>\n<nav><ul class='ez-toc-list ez-toc-list-level-1 eztoc-toggle-hide-by-default' ><li class='ez-toc-page-1 ez-toc-heading-level-2'><a class=\"ez-toc-link ez-toc-heading-1\" href=\"https:\/\/www.turna.com\/blog\/yunan-adalari-kapi-vizesi-nasil-alinir\/#yunan_adalari_kapi_vizesi_nasil_alinir\" >Yunan Adalar\u0131 Kap\u0131 Vizesi Nas\u0131l Al\u0131n\u0131r?<\/a><\/li><li class='ez-toc-page-1 ez-toc-heading-level-2'><a class=\"ez-toc-link ez-toc-heading-2\" href=\"https:\/\/www.turna.com\/blog\/yunan-adalari-kapi-vizesi-nasil-alinir\/#kapi_vizesi_hangi_adalarda_gecerli\" >Kap\u0131 Vizesi Hangi Adalarda Ge\u00e7erli?<\/a><ul class='ez-toc-list-level-3' ><li class='ez-toc-heading-level-3'><a class=\"ez-toc-link ez-toc-heading-3\" href=\"https:\/\/www.turna.com\/blog\/yunan-adalari-kapi-vizesi-nasil-alinir\/#yunan_adalari_kapi_vizesi_kac_gun_gecerli\" >Yunan Adalar\u0131 Kap\u0131 Vizesi Ka\u00e7 G\u00fcn Ge\u00e7erli?<\/a><\/li><li class='ez-toc-page-1 ez-toc-heading-level-3'><a class=\"ez-toc-link ez-toc-heading-4\" href=\"https:\/\/www.turna.com\/blog\/yunan-adalari-kapi-vizesi-nasil-alinir\/#yunan_adalari_kapi_vizesi_evraklari_neler\" >Yunan Adalar\u0131 Kap\u0131 Vizesi Evraklar\u0131 Neler?<\/a><\/li><\/ul><\/li><li class='ez-toc-page-1 ez-toc-heading-level-2'><a class=\"ez-toc-link ez-toc-heading-5\" href=\"https:\/\/www.turna.com\/blog\/yunan-adalari-kapi-vizesi-nasil-alinir\/#yunan_adalari_kapi_vizesi_basvurusu_nereden_yapilir\" >Yunan Adalar\u0131 Kap\u0131 Vizesi Ba\u015fvurusu Nereden Yap\u0131l\u0131r?<\/a><ul class='ez-toc-list-level-3' ><li class='ez-toc-heading-level-3'><a class=\"ez-toc-link ez-toc-heading-6\" href=\"https:\/\/www.turna.com\/blog\/yunan-adalari-kapi-vizesi-nasil-alinir\/#yunan_adalari_kapi_vizesi_ucreti\" >Yunan Adalar\u0131 Kap\u0131 Vizesi \u00dccreti<\/a><\/li><\/ul><\/li><li class='ez-toc-page-1 ez-toc-heading-level-2'><a class=\"ez-toc-link ez-toc-heading-7\" href=\"https:\/\/www.turna.com\/blog\/yunan-adalari-kapi-vizesi-nasil-alinir\/#onemli_notlar\" >\u00d6nemli Notlar<\/a><\/li><\/ul><\/nav><\/div>\n\n<p>Kom\u015fumuz Yunanistan, T\u00fcrk vatanda\u015flar\u0131n\u0131n yurt d\u0131\u015f\u0131nda en \u00e7ok ziyaret etti\u011fi \u00fclkeler aras\u0131nda. Anadolu Yar\u0131madas\u0131&#8217;n\u0131n bat\u0131s\u0131na yak\u0131n konumda bulunan Yunan Adalar\u0131, yaz aylar\u0131nda T\u00fcrk ve yabanc\u0131 ziyaret\u00e7ilerin u\u011frak noktas\u0131 oluyor. Ye\u015fil pasaporta vizelerin kald\u0131r\u0131lmas\u0131yla birlikte T\u00fcrk tatilcilerin yaz tatili yapmak i\u00e7in ziyaret etti\u011fi Yunan Adalar\u0131&#8217;na olu\u015fan ra\u011fbet nedeniyle Yunanistan H\u00fck\u00fcmeti, T\u00fcrk vatanda\u015flar\u0131na \u00f6zel <strong>Yunan Adalar\u0131 Kap\u0131 Vizesi<\/strong> Program\u0131&#8217;n\u0131 ba\u015flatt\u0131.<\/p>\n\n\n\n<h2 class=\"wp-block-heading has-text-align-center has-neeon-button-dark-gray-color has-text-color has-link-color wp-elements-8811418f200e2e6f5125214009c45836\"><span class=\"ez-toc-section\" id=\"yunan_adalari_kapi_vizesi_nasil_alinir\"><\/span><strong><strong><strong>Yunan Adalar\u0131 Kap\u0131 Vizesi Nas\u0131l Al\u0131n\u0131r?<\/strong><\/strong><\/strong><span class=\"ez-toc-section-end\"><\/span><\/h2>\n\n\n\n<figure class=\"wp-block-image size-large\"><img width=\"800\" height=\"500\" data-public-id=\"mandraki-limani-rodos\/mandraki-limani-rodos.jpg\" decoding=\"async\" src=\"https:\/\/res.cloudinary.com\/turna\/images\/w_800,h_500,c_scale\/f_auto,q_auto:low\/v1628521832\/mandraki-limani-rodos\/mandraki-limani-rodos.jpg?_i=AA\" alt=\"Yunan Adalar\u0131 Kap\u0131 Vizesi Nas\u0131l Al\u0131n\u0131r?\" class=\"wp-post-0 wp-image-19677\" data-format=\"jpg\" data-transformations=\"f_auto,q_auto:low\" data-version=\"1628521832\" data-seo=\"1\" srcset=\"https:\/\/res.cloudinary.com\/turna\/images\/f_auto,q_auto:low\/v1628521832\/mandraki-limani-rodos\/mandraki-limani-rodos.jpg?_i=AA 800w, https:\/\/res.cloudinary.com\/turna\/images\/w_300,h_188,c_scale\/f_auto,q_auto:low\/v1628521832\/mandraki-limani-rodos\/mandraki-limani-rodos.jpg?_i=AA 300w, https:\/\/res.cloudinary.com\/turna\/images\/w_672,h_420,c_scale\/f_auto,q_auto:low\/v1628521832\/mandraki-limani-rodos\/mandraki-limani-rodos.jpg?_i=AA 672w, https:\/\/res.cloudinary.com\/turna\/images\/w_640,h_400,c_scale\/f_auto,q_auto:low\/v1628521832\/mandraki-limani-rodos\/mandraki-limani-rodos.jpg?_i=AA 640w, https:\/\/res.cloudinary.com\/turna\/images\/w_681,h_426,c_scale\/f_auto,q_auto:low\/v1628521832\/mandraki-limani-rodos\/mandraki-limani-rodos.jpg?_i=AA 681w\" sizes=\"(max-width: 800px) 100vw, 800px\" \/><\/figure>\n\n\n\n<p>Kap\u0131 vizesi, Yunan adalar\u0131na tek giri\u015fli ve en fazla 7 g\u00fcne kadar seyahat hakk\u0131 tan\u0131yor. Bordo pasaportlu T\u00fcrk vatanda\u015flar\u0131na vize uygulayan Yunanistan, Schengen vizesi prosed\u00fcrleriyle u\u011fra\u015fmak istemeyenler i\u00e7in Kap\u0131 Vizesi uygulamas\u0131yla kolayl\u0131k sa\u011fl\u0131yor. Bu yaz kap\u0131da vize alarak Yunan adalar\u0131na gitmeyi planlayanlar i\u00e7in t\u00fcm g\u00fcncel bilgileri rehberimizde bulabilirsiniz.<\/p>\n\n\n\n<h2 class=\"wp-block-heading has-text-align-center has-neeon-button-dark-gray-color has-text-color has-link-color wp-elements-c8a9891b9c7297b4cfab711778c0159c\"><span class=\"ez-toc-section\" id=\"kapi_vizesi_hangi_adalarda_gecerli\"><\/span><strong><strong><strong>Kap\u0131 Vizesi Hangi Adalarda Ge\u00e7erli?<\/strong><\/strong><\/strong><span class=\"ez-toc-section-end\"><\/span><\/h2>\n\n\n\n<figure class=\"wp-block-image size-large\"><img decoding=\"async\" src=\"https:\/\/res.cloudinary.com\/turna\/image\/upload\/v1657007245\/kos_adas%C4%B1.jpg\" alt=\"Kap\u0131 Vizesi Hangi Adalarda Ge\u00e7erli?\"\/><\/figure>\n\n\n\n<p>Kap\u0131 Vizesi uygulamas\u0131yla seyahat edilebilen 10 Yunan Adas\u0131 bulunuyor. Bu adalar <strong><a href=\"https:\/\/maps.app.goo.gl\/nV84V5PKtmPxCrYj8\" target=\"_blank\" rel=\"noreferrer noopener\">Midilli<\/a><\/strong> (Lesvos), <strong><a href=\"https:\/\/maps.app.goo.gl\/fcAYhr6uKbXawy4W7\" target=\"_blank\" rel=\"noreferrer noopener\">Sak\u0131z<\/a><\/strong> (Chios), <strong><a href=\"https:\/\/maps.app.goo.gl\/mA9oTRtZr6gpndqL8\" target=\"_blank\" rel=\"noreferrer noopener\">Sisam<\/a><\/strong> (Samos), <strong><a href=\"https:\/\/maps.app.goo.gl\/spdpckLSKMsCJzcp8\" target=\"_blank\" rel=\"noreferrer noopener\">Kos<\/a><\/strong> (\u0130stank\u00f6y), <strong><a href=\"https:\/\/maps.app.goo.gl\/mEgtuZ25EVPmQL3M6\" target=\"_blank\" rel=\"noopener\">Rodos<\/a><\/strong>, <strong><a href=\"https:\/\/maps.app.goo.gl\/uAHMyTyYfiBohRbZ8\" target=\"_blank\" rel=\"noreferrer noopener\">Meis<\/a><\/strong> (Kastellorizo), <strong><a href=\"https:\/\/maps.app.goo.gl\/JZXjwzbvSDC2RxK29\" target=\"_blank\" rel=\"noreferrer noopener\">Patmos<\/a><\/strong>, <strong><a href=\"https:\/\/maps.app.goo.gl\/2nz6Pai2Yis5sXRP6\" target=\"_blank\" rel=\"noreferrer noopener\">Kalimnos<\/a><\/strong>, <strong><a href=\"https:\/\/maps.app.goo.gl\/bCqiNK3ZSVbCHsPFA\" target=\"_blank\" rel=\"noreferrer noopener\">Simi<\/a><\/strong>, <strong><a href=\"https:\/\/maps.app.goo.gl\/td8MXVmQp4cTTuoA9\" target=\"_blank\" rel=\"noreferrer noopener\">Leros<\/a><\/strong>.&nbsp;<\/p>\n\n\n\n<h3 class=\"wp-block-heading has-text-align-center has-neeon-button-dark-gray-color has-text-color has-link-color wp-elements-ebb69235341e37152eff466672c688ba\"><span class=\"ez-toc-section\" id=\"yunan_adalari_kapi_vizesi_kac_gun_gecerli\"><\/span><strong><strong><strong><strong>Yunan Adalar\u0131 Kap\u0131 Vizesi Ka\u00e7 G\u00fcn Ge\u00e7erli?<\/strong><\/strong><\/strong><\/strong><span class=\"ez-toc-section-end\"><\/span><\/h3>\n\n\n\n<figure class=\"wp-block-image size-large\"><img width=\"800\" height=\"500\" data-public-id=\"Meis-Adasi-Yunanistan_vdtkly\/Meis-Adasi-Yunanistan_vdtkly.jpg\" decoding=\"async\" src=\"https:\/\/res.cloudinary.com\/turna\/images\/w_800,h_500,c_scale\/f_auto,q_auto:low\/v1468944740\/Meis-Adasi-Yunanistan_vdtkly\/Meis-Adasi-Yunanistan_vdtkly.jpg?_i=AA\" alt=\"Yunan Adalar\u0131 Kap\u0131 Vizesi Ka\u00e7 G\u00fcn Ge\u00e7erli?\" class=\"wp-post-0 wp-image-3505\" data-format=\"jpg\" data-transformations=\"f_auto,q_auto:low\" data-version=\"1468944740\" data-seo=\"1\" srcset=\"https:\/\/res.cloudinary.com\/turna\/images\/f_auto,q_auto:low\/v1468944740\/Meis-Adasi-Yunanistan_vdtkly\/Meis-Adasi-Yunanistan_vdtkly.jpg?_i=AA 800w, https:\/\/res.cloudinary.com\/turna\/images\/w_300,h_188,c_scale\/f_auto,q_auto:low\/v1468944740\/Meis-Adasi-Yunanistan_vdtkly\/Meis-Adasi-Yunanistan_vdtkly.jpg?_i=AA 300w, https:\/\/res.cloudinary.com\/turna\/images\/w_672,h_420,c_scale\/f_auto,q_auto:low\/v1468944740\/Meis-Adasi-Yunanistan_vdtkly\/Meis-Adasi-Yunanistan_vdtkly.jpg?_i=AA 672w, https:\/\/res.cloudinary.com\/turna\/images\/w_640,h_400,c_scale\/f_auto,q_auto:low\/v1468944740\/Meis-Adasi-Yunanistan_vdtkly\/Meis-Adasi-Yunanistan_vdtkly.jpg?_i=AA 640w, https:\/\/res.cloudinary.com\/turna\/images\/w_681,h_426,c_scale\/f_auto,q_auto:low\/v1468944740\/Meis-Adasi-Yunanistan_vdtkly\/Meis-Adasi-Yunanistan_vdtkly.jpg?_i=AA 681w\" sizes=\"(max-width: 800px) 100vw, 800px\" \/><\/figure>\n\n\n\n<p>Kap\u0131 Vizesi, Yunan adalar\u0131na tek giri\u015flik ve en fazla 7 g\u00fcn konaklamal\u0131 seyahat hakk\u0131 tan\u0131yor. Bu adalara seyahat eden ki\u015filer kap\u0131 vizesiyle bu adalar d\u0131\u015f\u0131ndaki yerlere seyahat edemiyor. Verilen vize Yunanistan&#8217;\u0131n ulusal vizesi etiketini ta\u015f\u0131yor.<\/p>\n\n\n\n<h3 class=\"wp-block-heading has-text-align-center has-neeon-button-dark-gray-color has-text-color has-link-color wp-elements-35206ef1de6e2fe517c6ea4ff6e5fbda\"><span class=\"ez-toc-section\" id=\"yunan_adalari_kapi_vizesi_evraklari_neler\"><\/span><strong><strong><strong><strong>Yunan Adalar\u0131 Kap\u0131 Vizesi Evraklar\u0131 Neler?<\/strong><\/strong><\/strong><\/strong><span class=\"ez-toc-section-end\"><\/span><\/h3>\n\n\n\n<figure class=\"wp-block-image size-large\"><img width=\"800\" height=\"500\" data-public-id=\"Patmos-Yunanistan_h9xb5i\/Patmos-Yunanistan_h9xb5i.jpg\" decoding=\"async\" src=\"https:\/\/res.cloudinary.com\/turna\/images\/w_800,h_500,c_scale\/f_auto,q_auto\/f_auto,q_auto:low\/v1469873288\/Patmos-Yunanistan_h9xb5i\/Patmos-Yunanistan_h9xb5i.jpg?_i=AA\" alt=\"Yunan Adalar\u0131 Kap\u0131 Vizesi Evraklar\u0131 Neler?\" class=\"wp-post-0 wp-image-3702\" data-format=\"jpg\" data-transformations=\"f_auto,q_auto\/f_auto,q_auto:low\" data-version=\"1469873288\" data-seo=\"1\" srcset=\"https:\/\/res.cloudinary.com\/turna\/images\/f_auto,q_auto\/f_auto,q_auto\/f_auto,q_auto:low\/v1469873288\/Patmos-Yunanistan_h9xb5i\/Patmos-Yunanistan_h9xb5i.jpg?_i=AA 800w, https:\/\/res.cloudinary.com\/turna\/images\/w_300,h_188,c_scale\/f_auto,q_auto\/f_auto,q_auto\/f_auto,q_auto:low\/v1469873288\/Patmos-Yunanistan_h9xb5i\/Patmos-Yunanistan_h9xb5i.jpg?_i=AA 300w, https:\/\/res.cloudinary.com\/turna\/images\/w_672,h_420,c_scale\/f_auto,q_auto\/f_auto,q_auto\/f_auto,q_auto:low\/v1469873288\/Patmos-Yunanistan_h9xb5i\/Patmos-Yunanistan_h9xb5i.jpg?_i=AA 672w, https:\/\/res.cloudinary.com\/turna\/images\/w_640,h_400,c_scale\/f_auto,q_auto\/f_auto,q_auto\/f_auto,q_auto:low\/v1469873288\/Patmos-Yunanistan_h9xb5i\/Patmos-Yunanistan_h9xb5i.jpg?_i=AA 640w, https:\/\/res.cloudinary.com\/turna\/images\/w_681,h_426,c_scale\/f_auto,q_auto\/f_auto,q_auto\/f_auto,q_auto:low\/v1469873288\/Patmos-Yunanistan_h9xb5i\/Patmos-Yunanistan_h9xb5i.jpg?_i=AA 681w\" sizes=\"(max-width: 800px) 100vw, 800px\" \/><\/figure>\n\n\n\n<p>Kap\u0131 Vizesi ba\u015fvurusunda istenen evraklar \u015fu \u015fekilde:<\/p>\n\n\n\n<ul class=\"wp-block-list\">\n<li>Pasaport (En az 3 ay ge\u00e7erlili\u011fi olmal\u0131 ve kar\u015f\u0131l\u0131kl\u0131 en az 2 sayfas\u0131n\u0131n bo\u015f olmas\u0131 gerekiyor)<\/li>\n\n\n\n<li>Pasaportun kimlik bilgilerinin yer ald\u0131\u011f\u0131 sayfan\u0131n fotokopisi<\/li>\n\n\n\n<li>T\u00fcrkiye Cumhuriyeti kimlik kart\u0131 fotokopisi<\/li>\n\n\n\n<li>2 adet biyometrik foto\u011fraf (Arka fonu beyaz olacak)<\/li>\n\n\n\n<li>Doldurulmu\u015f vize ba\u015fvuru formu<\/li>\n\n\n\n<li>Gidi\u015f-d\u00f6n\u00fc\u015f <a href=\"https:\/\/www.turna.com\/feribot-bileti\"><strong>feribot bileti<\/strong><\/a><\/li>\n\n\n\n<li>Konaklama yap\u0131lacaksa konfirmasyon yap\u0131lm\u0131\u015f <a href=\"https:\/\/www.turna.com\/otel\"><strong>otel rezervasyonu<\/strong><\/a><\/li>\n\n\n\n<li>Vize harc\u0131 ile birlikte seyahat acentas\u0131 hizmet harc\u0131<\/li>\n<\/ul>\n\n\n\n<h2 class=\"wp-block-heading has-text-align-center has-neeon-button-dark-gray-color has-text-color has-link-color wp-elements-717b7f6dc4165548bc415cd5e512b70d\"><span class=\"ez-toc-section\" id=\"yunan_adalari_kapi_vizesi_basvurusu_nereden_yapilir\"><\/span><strong><strong><strong><strong>Yunan Adalar\u0131 Kap\u0131 Vizesi Ba\u015fvurusu Nereden Yap\u0131l\u0131r?<\/strong><\/strong><\/strong><\/strong><span class=\"ez-toc-section-end\"><\/span><\/h2>\n\n\n\n<figure class=\"wp-block-image size-large\"><img width=\"800\" height=\"500\" data-public-id=\"Zakintos-Yunanistan_ckkm9y\/Zakintos-Yunanistan_ckkm9y.jpg\" decoding=\"async\" src=\"https:\/\/res.cloudinary.com\/turna\/images\/w_800,h_500,c_scale\/f_auto,q_auto:low\/v1466455754\/Zakintos-Yunanistan_ckkm9y\/Zakintos-Yunanistan_ckkm9y.jpg?_i=AA\" alt=\"Yunan Adalar\u0131 Kap\u0131 Vizesi Ba\u015fvurusu Nereden Yap\u0131l\u0131r?\" class=\"wp-post-0 wp-image-3100\" data-format=\"jpg\" data-transformations=\"f_auto,q_auto:low\" data-version=\"1466455754\" data-seo=\"1\" srcset=\"https:\/\/res.cloudinary.com\/turna\/images\/f_auto,q_auto:low\/v1466455754\/Zakintos-Yunanistan_ckkm9y\/Zakintos-Yunanistan_ckkm9y.jpg?_i=AA 800w, https:\/\/res.cloudinary.com\/turna\/images\/w_300,h_188,c_scale\/f_auto,q_auto:low\/v1466455754\/Zakintos-Yunanistan_ckkm9y\/Zakintos-Yunanistan_ckkm9y.jpg?_i=AA 300w, https:\/\/res.cloudinary.com\/turna\/images\/w_672,h_420,c_scale\/f_auto,q_auto:low\/v1466455754\/Zakintos-Yunanistan_ckkm9y\/Zakintos-Yunanistan_ckkm9y.jpg?_i=AA 672w, https:\/\/res.cloudinary.com\/turna\/images\/w_640,h_400,c_scale\/f_auto,q_auto:low\/v1466455754\/Zakintos-Yunanistan_ckkm9y\/Zakintos-Yunanistan_ckkm9y.jpg?_i=AA 640w, https:\/\/res.cloudinary.com\/turna\/images\/w_681,h_426,c_scale\/f_auto,q_auto:low\/v1466455754\/Zakintos-Yunanistan_ckkm9y\/Zakintos-Yunanistan_ckkm9y.jpg?_i=AA 681w\" sizes=\"(max-width: 800px) 100vw, 800px\" \/><\/figure>\n\n\n\n<p>Kap\u0131 Vizesi ba\u015fvurusunu yetkilendirilmi\u015f seyahat acentalar\u0131 yap\u0131yor. Kap\u0131 vizesi ile seyahat edilebilen Yunan Adalar\u0131&#8217;na feribot bileti satan firmalar yolcular\u0131na vize arac\u0131l\u0131k hizmeti sunuyor.<\/p>\n\n\n\n<p>Ka\u015f&#8217;tan Meis&#8217;e, Marmaris, Fethiye ve Bodrum&#8217;dan Rodos&#8217;a, Bodrum ve Turgutreis&#8217;ten Kos&#8217;a, \u00c7e\u015fme&#8217;den Sak\u0131z&#8217;a, Ayval\u0131k&#8217;tan Midilli&#8217;ye, Ku\u015fadas\u0131 ve Seferihisar&#8217;dan Sisam&#8217;a feribot bileti satan firmalara istenilen evraklar\u0131 seyahatten 3-4 g\u00fcn \u00f6ncesine kadar kargolaman\u0131z yeterli.<\/p>\n\n\n\n<p>Firmalar sizin ad\u0131n\u0131za kap\u0131 vizesi ba\u015fvurunuzu hallediyor. Siz feribot biletinizi al\u0131p seyahat edip adaya ge\u00e7ti\u011finizde ada giri\u015finde kap\u0131 vizesine ayr\u0131lan ayr\u0131 bir bankoda pasaportunuza kap\u0131 vizesi etiketinin yap\u0131\u015ft\u0131r\u0131lmas\u0131n\u0131 bekliyorsunuz.<\/p>\n\n\n\n<h3 class=\"wp-block-heading has-text-align-center has-neeon-button-dark-gray-color has-text-color has-link-color wp-elements-bdc0586051bb57a4f1777d746bfa8a22\"><span class=\"ez-toc-section\" id=\"yunan_adalari_kapi_vizesi_ucreti\"><\/span><strong><strong><strong><strong>Yunan Adalar\u0131 Kap\u0131 Vizesi \u00dccreti<\/strong><\/strong><\/strong><\/strong><span class=\"ez-toc-section-end\"><\/span><\/h3>\n\n\n\n<figure class=\"wp-block-image size-large\"><img width=\"800\" height=\"500\" data-public-id=\"Kos-Nasil-Gidilir_t7go2d\/Kos-Nasil-Gidilir_t7go2d.jpg\" decoding=\"async\" src=\"https:\/\/res.cloudinary.com\/turna\/images\/w_800,h_500,c_scale\/f_auto,q_auto:low\/v1571741724\/Kos-Nasil-Gidilir_t7go2d\/Kos-Nasil-Gidilir_t7go2d.jpg?_i=AA\" alt=\"Yunan Adalar\u0131 Kap\u0131 Vizesi \u00dccreti\" class=\"wp-post-0 wp-image-17038\" data-format=\"jpg\" data-transformations=\"f_auto,q_auto:low\" data-version=\"1571741724\" data-seo=\"1\" srcset=\"https:\/\/res.cloudinary.com\/turna\/images\/f_auto,q_auto:low\/v1571741724\/Kos-Nasil-Gidilir_t7go2d\/Kos-Nasil-Gidilir_t7go2d.jpg?_i=AA 800w, https:\/\/res.cloudinary.com\/turna\/images\/w_300,h_188,c_scale\/f_auto,q_auto:low\/v1571741724\/Kos-Nasil-Gidilir_t7go2d\/Kos-Nasil-Gidilir_t7go2d.jpg?_i=AA 300w, https:\/\/res.cloudinary.com\/turna\/images\/w_672,h_420,c_scale\/f_auto,q_auto:low\/v1571741724\/Kos-Nasil-Gidilir_t7go2d\/Kos-Nasil-Gidilir_t7go2d.jpg?_i=AA 672w, https:\/\/res.cloudinary.com\/turna\/images\/w_640,h_400,c_scale\/f_auto,q_auto:low\/v1571741724\/Kos-Nasil-Gidilir_t7go2d\/Kos-Nasil-Gidilir_t7go2d.jpg?_i=AA 640w, https:\/\/res.cloudinary.com\/turna\/images\/w_681,h_426,c_scale\/f_auto,q_auto:low\/v1571741724\/Kos-Nasil-Gidilir_t7go2d\/Kos-Nasil-Gidilir_t7go2d.jpg?_i=AA 681w\" sizes=\"(max-width: 800px) 100vw, 800px\" \/><\/figure>\n\n\n\n<p>Kap\u0131 Vizesi ba\u015fvuru \u00fccreti <strong>80 Euro<\/strong>. Arac\u0131l\u0131k hizmeti veren firmalar da 25-30 Euro aras\u0131nda hizmet bedeli \u00fccreti al\u0131yor. Schengen vizesi alma \u015fans\u0131n\u0131z varsa uzun s\u00fcreli ve \u00e7ok giri\u015fli vize olana\u011f\u0131 i\u00e7in Schengen vizesi alman\u0131z\u0131 \u00f6neririm. Kap\u0131 vizesi tek giri\u015fli ve en fazla 7 g\u00fcnl\u00fck oldu\u011fundan \u00e7ok i\u015flevsel de\u011fil.<\/p>\n\n\n\n<h2 class=\"wp-block-heading has-text-align-center has-neeon-button-dark-gray-color has-text-color has-link-color wp-elements-0cf36bc301352645de21a8aaed1c6a40\"><span class=\"ez-toc-section\" id=\"onemli_notlar\"><\/span><strong><strong><strong><strong>\u00d6nemli Notlar<\/strong><\/strong><\/strong><\/strong><span class=\"ez-toc-section-end\"><\/span><\/h2>\n\n\n\n<ul class=\"wp-block-list\">\n<li>Kap\u0131 vizesi uygulamas\u0131 1 Nisan &#8211; 31 A\u011fustos tarihleri aras\u0131nda ge\u00e7erli.<\/li>\n\n\n\n<li>Pasaportunda KKTC vize damgas\u0131 varsa maalesef Yunanistan kap\u0131 vizesi vermiyor.<\/li>\n\n\n\n<li>Pasaportunuzun en az 3 ay ge\u00e7erlilik s\u00fcresi olmazsa kap\u0131da vize alamazs\u0131n\u0131z.<\/li>\n<\/ul>\n\n\n\n<p><strong>\u0130lginizi \u00c7ekebilecek Di\u011fer Vize Makaleleri<br><\/strong><a rel=\"noreferrer noopener\" href=\"https:\/\/www.turna.com\/sikca-sorulan-sorular\/e-vize\" target=\"_blank\">E-vize nedir?<\/a><br><a rel=\"noreferrer noopener\" href=\"https:\/\/www.turna.com\/sikca-sorulan-sorular\/vize-sponsor\" target=\"_blank\">Vize sponsor nedir?<\/a><br><a rel=\"noreferrer noopener\" href=\"https:\/\/www.turna.com\/sikca-sorulan-sorular\/ogrenci-vizesi\" target=\"_blank\">\u00d6\u011frenci vizesi nas\u0131l al\u0131n\u0131r?<\/a><br><a rel=\"noreferrer noopener\" href=\"https:\/\/www.turna.com\/sikca-sorulan-sorular\/transit-vize\" target=\"_blank\">Transit vize nedir?<\/a><br><a rel=\"noreferrer noopener\" href=\"https:\/\/www.turna.com\/sikca-sorulan-sorular\/vizesiz-gidilecek-ulkeler\" target=\"_blank\">Vizesiz gidilecek \u00fclkeler<\/a><br><a rel=\"noreferrer noopener\" href=\"https:\/\/www.turna.com\/sikca-sorulan-sorular\/vize-isteyen-ulkeler\" target=\"_blank\">Vize isteyen \u00fclkeler<\/a><br><a rel=\"noreferrer noopener\" href=\"https:\/\/www.turna.com\/sikca-sorulan-sorular\/schengen-vizesi\" target=\"_blank\">Schengen vizesi nedir?<\/a>  <\/p>\n\n    <div class=\"xs_social_share_widget xs_share_url after_content \t\tmain_content  wslu-style-1 wslu-share-box-shaped wslu-fill-colored wslu-none wslu-share-horizontal wslu-theme-font-no wslu-main_content\">\n\n\t\t\n        <ul>\n\t\t\t        <\/ul>\n    <\/div> \n","protected":false},"excerpt":{"rendered":"<p>Kom\u015fumuz Yunanistan, T\u00fcrk vatanda\u015flar\u0131n\u0131n yurt d\u0131\u015f\u0131nda en \u00e7ok ziyaret etti\u011fi \u00fclkeler aras\u0131nda. Anadolu Yar\u0131madas\u0131&#8217;n\u0131n bat\u0131s\u0131na yak\u0131n konumda bulunan Yunan Adalar\u0131, yaz aylar\u0131nda T\u00fcrk ve yabanc\u0131 ziyaret\u00e7ilerin u\u011frak noktas\u0131 oluyor. Ye\u015fil pasaporta vizelerin kald\u0131r\u0131lmas\u0131yla birlikte T\u00fcrk tatilcilerin yaz tatili yapmak i\u00e7in ziyaret etti\u011fi Yunan Adalar\u0131&#8217;na olu\u015fan ra\u011fbet nedeniyle Yunanistan H\u00fck\u00fcmeti, T\u00fcrk vatanda\u015flar\u0131na \u00f6zel Yunan Adalar\u0131 Kap\u0131 Vizesi Program\u0131&#8217;n\u0131 ba\u015flatt\u0131.<\/p>\n","protected":false},"author":34,"featured_media":22525,"comment_status":"open","ping_status":"open","sticky":false,"template":"","format":"standard","meta":{"rop_custom_images_group":[],"rop_custom_messages_group":[],"rop_publish_now":"initial","rop_publish_now_accounts":[],"rop_publish_now_history":[],"rop_publish_now_status":"pending","_cloudinary_featured_overwrite":false,"footnotes":""},"categories":[1,18],"tags":[5350,5352,10],"class_list":["post-16454","post","type-post","status-publish","format-standard","has-post-thumbnail","hentry","category-seyahat-rehberi","category-yunanistan","tag-ferry-tr","tag-otel-tr","tag-yunanistan"],"_links":{"self":[{"href":"https:\/\/www.turna.com\/blog\/wp-json\/wp\/v2\/posts\/16454","targetHints":{"allow":["GET"]}}],"collection":[{"href":"https:\/\/www.turna.com\/blog\/wp-json\/wp\/v2\/posts"}],"about":[{"href":"https:\/\/www.turna.com\/blog\/wp-json\/wp\/v2\/types\/post"}],"author":[{"embeddable":true,"href":"https:\/\/www.turna.com\/blog\/wp-json\/wp\/v2\/users\/34"}],"replies":[{"embeddable":true,"href":"https:\/\/www.turna.com\/blog\/wp-json\/wp\/v2\/comments?post=16454"}],"version-history":[{"count":0,"href":"https:\/\/www.turna.com\/blog\/wp-json\/wp\/v2\/posts\/16454\/revisions"}],"wp:featuredmedia":[{"embeddable":true,"href":"https:\/\/www.turna.com\/blog\/wp-json\/wp\/v2\/media\/22525"}],"wp:attachment":[{"href":"https:\/\/www.turna.com\/blog\/wp-json\/wp\/v2\/media?parent=16454"}],"wp:term":[{"taxonomy":"category","embeddable":true,"href":"https:\/\/www.turna.com\/blog\/wp-json\/wp\/v2\/categories?post=16454"},{"taxonomy":"post_tag","embeddable":true,"href":"https:\/\/www.turna.com\/blog\/wp-json\/wp\/v2\/tags?post=16454"}],"curies":[{"name":"wp","href":"https:\/\/api.w.org\/{rel}","templated":true}]}}