{"id":16446,"date":"2019-08-21T08:30:02","date_gmt":"2019-08-21T05:30:02","guid":{"rendered":"https:\/\/www.turna.com\/blog\/?p=16446"},"modified":"2020-01-15T11:21:57","modified_gmt":"2020-01-15T08:21:57","slug":"kapi-vizesiyle-gidilen-yunan-adalari","status":"publish","type":"post","link":"https:\/\/www.turna.com\/blog\/kapi-vizesiyle-gidilen-yunan-adalari","title":{"rendered":"Kap\u0131 Vizesiyle Gidilen Yunan Adalar\u0131"},"content":{"rendered":"<div id=\"ez-toc-container\" class=\"ez-toc-v2_0_82_2 counter-hierarchy ez-toc-counter ez-toc-black ez-toc-container-direction\">\n<div class=\"ez-toc-title-container\">\n<p class=\"ez-toc-title\" style=\"cursor:inherit\">\u0130\u00e7indekiler<\/p>\n<span class=\"ez-toc-title-toggle\"><a href=\"#\" class=\"ez-toc-pull-right ez-toc-btn ez-toc-btn-xs ez-toc-btn-default ez-toc-toggle\" aria-label=\"\u0130\u00e7indekiler Tablosunu A\u00e7\/Kapat\"><span class=\"ez-toc-js-icon-con\"><span class=\"\"><span class=\"eztoc-hide\" style=\"display:none;\">Toggle<\/span><span class=\"ez-toc-icon-toggle-span\"><svg style=\"fill: #ffffff;color:#ffffff\" xmlns=\"http:\/\/www.w3.org\/2000\/svg\" class=\"list-377408\" width=\"20px\" height=\"20px\" viewBox=\"0 0 24 24\" fill=\"none\"><path d=\"M6 6H4v2h2V6zm14 0H8v2h12V6zM4 11h2v2H4v-2zm16 0H8v2h12v-2zM4 16h2v2H4v-2zm16 0H8v2h12v-2z\" fill=\"currentColor\"><\/path><\/svg><svg style=\"fill: #ffffff;color:#ffffff\" class=\"arrow-unsorted-368013\" xmlns=\"http:\/\/www.w3.org\/2000\/svg\" width=\"10px\" height=\"10px\" viewBox=\"0 0 24 24\" version=\"1.2\" baseProfile=\"tiny\"><path d=\"M18.2 9.3l-6.2-6.3-6.2 6.3c-.2.2-.3.4-.3.7s.1.5.3.7c.2.2.4.3.7.3h11c.3 0 .5-.1.7-.3.2-.2.3-.5.3-.7s-.1-.5-.3-.7zM5.8 14.7l6.2 6.3 6.2-6.3c.2-.2.3-.5.3-.7s-.1-.5-.3-.7c-.2-.2-.4-.3-.7-.3h-11c-.3 0-.5.1-.7.3-.2.2-.3.5-.3.7s.1.5.3.7z\"\/><\/svg><\/span><\/span><\/span><\/a><\/span><\/div>\n<nav><ul class='ez-toc-list ez-toc-list-level-1 eztoc-toggle-hide-by-default' ><li class='ez-toc-page-1 ez-toc-heading-level-2'><a class=\"ez-toc-link ez-toc-heading-1\" href=\"https:\/\/www.turna.com\/blog\/kapi-vizesiyle-gidilen-yunan-adalari\/#kapi_vizesiyle_gidilen_yunan_adalari\" >Kap\u0131 Vizesiyle Gidilen Yunan Adalar\u0131<\/a><ul class='ez-toc-list-level-3' ><li class='ez-toc-heading-level-3'><a class=\"ez-toc-link ez-toc-heading-2\" href=\"https:\/\/www.turna.com\/blog\/kapi-vizesiyle-gidilen-yunan-adalari\/#1_ayvalik-midilli\" >1. Ayval\u0131k-Midilli<\/a><\/li><li class='ez-toc-page-1 ez-toc-heading-level-3'><a class=\"ez-toc-link ez-toc-heading-3\" href=\"https:\/\/www.turna.com\/blog\/kapi-vizesiyle-gidilen-yunan-adalari\/#2_kusadasi-sisam\" >2. Ku\u015fadas\u0131-Sisam<\/a><\/li><li class='ez-toc-page-1 ez-toc-heading-level-3'><a class=\"ez-toc-link ez-toc-heading-4\" href=\"https:\/\/www.turna.com\/blog\/kapi-vizesiyle-gidilen-yunan-adalari\/#3_bodrum-kos\" >3. Bodrum-Kos<\/a><\/li><li class='ez-toc-page-1 ez-toc-heading-level-3'><a class=\"ez-toc-link ez-toc-heading-5\" href=\"https:\/\/www.turna.com\/blog\/kapi-vizesiyle-gidilen-yunan-adalari\/#4_cesme-sakiz\" >4. \u00c7e\u015fme-Sak\u0131z<\/a><\/li><li class='ez-toc-page-1 ez-toc-heading-level-3'><a class=\"ez-toc-link ez-toc-heading-6\" href=\"https:\/\/www.turna.com\/blog\/kapi-vizesiyle-gidilen-yunan-adalari\/#5_bodrummarmarisfethiye-rodos\" >5. Bodrum\/Marmaris\/Fethiye-Rodos<\/a><\/li><li class='ez-toc-page-1 ez-toc-heading-level-3'><a class=\"ez-toc-link ez-toc-heading-7\" href=\"https:\/\/www.turna.com\/blog\/kapi-vizesiyle-gidilen-yunan-adalari\/#6_kas-meis\" >6. Ka\u015f-Meis<\/a><\/li><\/ul><\/li><\/ul><\/nav><\/div>\n<p>Kom\u015fumuz <a href=\"https:\/\/www.turna.com\/blog\/ulkeler\/avrupa\/yunanistan\" target=\"_blank\" rel=\"noopener noreferrer\"><strong>Yunanistan<\/strong><\/a>, T\u00fcrk seyahat severlerin yurt d\u0131\u015f\u0131nda en \u00e7ok ziyaret etti\u011fi \u00fclkelerden biri. 3 bini a\u015fk\u0131n ada ve kayal\u0131\u011fa sahip olan \u00fclkenin Ege Denizi&#8217;ndeki bir\u00e7ok adas\u0131 yaz aylar\u0131nda turist ak\u0131n\u0131na u\u011fruyor. Mikonos, Santorini, Rodos gibi adalar Yunan Adalar\u0131 aras\u0131nda \u00f6ne \u00e7\u0131kan destinasyonlardan.<\/p>\n<p>Yunanistan&#8217;\u0131 ziyaret etmek isteyen bordo (umuma mahsus) pasaport sahibi T\u00fcrk vatanda\u015flar\u0131n\u0131n Schengen vizesi almas\u0131 gerekiyor. Ye\u015fil ve gri pasaportlular vize almadan 180 g\u00fcn i\u00e7erisinde 90 g\u00fcn\u00fc a\u015fmadan Yunanistan&#8217;a seyahat edebiliyor.<\/p>\n<p>Schengen vizesi ile u\u011fra\u015fmadan <strong>Yunan Adalar\u0131 Kap\u0131 Vizesi<\/strong> alarak baz\u0131 Yunan Adalar\u0131&#8217;n\u0131 ziyaret etmek m\u00fcmk\u00fcn. Schengen vizesinin evraklar\u0131n\u0131 toplamak istemeyen, vize s\u00fcrecinde stres ya\u015famamak isteyenler i\u00e7in Yunan Adalar\u0131 Kap\u0131 Vizesi ger\u00e7ekten hayat kurtar\u0131c\u0131.<\/p>\n<p><a href=\"https:\/\/www.turna.com\/ucak-bileti\/yunanistan\" target=\"_blank\" rel=\"noopener noreferrer\"><strong>Yunanistan u\u00e7ak bileti<\/strong><\/a> se\u00e7eneklerine g\u00f6z at\u0131n.<\/p>\n<h2><span class=\"ez-toc-section\" id=\"kapi_vizesiyle_gidilen_yunan_adalari\"><\/span><strong>Kap\u0131 Vizesiyle Gidilen Yunan Adalar\u0131<\/strong><span class=\"ez-toc-section-end\"><\/span><\/h2>\n<p>Yunan Adalar\u0131 Kap\u0131 Vizesi, Yunanistan&#8217;\u0131n T\u00fcrkiye k\u0131y\u0131lar\u0131na yak\u0131n olan, Ege Denizi&#8217;nde konumlanan 7 adas\u0131nda ge\u00e7erli. 7 g\u00fcn ge\u00e7erlili\u011fi bulunan vize ile adalara ilk giri\u015f tarihinden itibaren T\u00fcrkiye&#8217;ye d\u00f6nmeden bir hafta zaman ge\u00e7irebiliyorsunuz. Kap\u0131 vizesi ile seyahat edenler kap\u0131 vizesinin ge\u00e7erli oldu\u011fu bu adalar aras\u0131nda da ge\u00e7i\u015f yapabiliyor.<\/p>\n<p>Kap\u0131 vizesi i\u00e7in pasaportun foto\u011frafl\u0131 sayfas\u0131n\u0131n fotokopisi, 2 biyometrik foto\u011fraf, vize ba\u015fvuru formu, gidi\u015f-d\u00f6n\u00fc\u015f feribot bileti, konaklama olacaksa otel rezervasyonu, son 3 ayl\u0131k hesap hareketlerini g\u00f6steren banka ekstresi ve kimlik fotokopisi isteniyor.<\/p>\n<p>Yunan Adalar\u0131 Kap\u0131 Vizesi uygulamas\u0131 1 Nisan-30 Eyl\u00fcl tarihleri aras\u0131nda ge\u00e7erli.<\/p>\n<h3><span class=\"ez-toc-section\" id=\"1_ayvalik-midilli\"><\/span><strong>1. Ayval\u0131k-Midilli<\/strong><span class=\"ez-toc-section-end\"><\/span><\/h3>\n<p><img width=\"800\" height=\"500\" data-public-id=\"Midilli_xzazev\/Midilli_xzazev.jpg\" fetchpriority=\"high\" decoding=\"async\" class=\"alignnone wp-post-16446 wp-image-16449\" src=\"https:\/\/res.cloudinary.com\/turna\/images\/w_800,h_500,c_scale\/f_auto,q_auto:low\/v1565300486\/Midilli_xzazev\/Midilli_xzazev.jpg?_i=AA\" data-format=\"jpg\" data-transformations=\"f_auto,q_auto:low\" data-version=\"1565300486\" data-seo=\"1\" \/><\/p>\n<p>Yunanistan&#8217;\u0131n Kuzey Ege&#8217;de yer alan Midilli (Lesbos) adas\u0131na Ayval\u0131k&#8217;tan ge\u00e7iliyor. Feribotla bir saat 15 dakika s\u00fcren bir yolculu\u011fun ard\u0131ndan Midilli adas\u0131n\u0131n merkez \u015fehri Mytilene&#8217;ye ula\u015f\u0131l\u0131yor.<\/p>\n<p>Midilli Adas\u0131 Kap\u0131 Vizesi \u00dccreti: 55 euro<\/p>\n<h3><span class=\"ez-toc-section\" id=\"2_kusadasi-sisam\"><\/span><strong>2. Ku\u015fadas\u0131-Sisam<\/strong><span class=\"ez-toc-section-end\"><\/span><\/h3>\n<p>Yunanistan&#8217;\u0131n Sisam Adas\u0131&#8217;n\u0131n orijinal ismi Samos. \u0130zmir&#8217;in Seferihisar il\u00e7esindeki S\u0131\u011fac\u0131k Teos Marina&#8217;dan da gidilebilen Sisam adas\u0131na kap\u0131 vizesi ile ula\u015f\u0131m i\u00e7in Ku\u015fadas\u0131 Liman\u0131&#8217;n\u0131n kullan\u0131lmas\u0131 \u015fart. Ku\u015fadas\u0131-Sisam feribot yolculu\u011fu 1,5 saat s\u00fcr\u00fcyor.<\/p>\n<p>Sisam Adas\u0131 Kap\u0131 Vizesi \u00dccreti: 55 euro<\/p>\n<h3><span class=\"ez-toc-section\" id=\"3_bodrum-kos\"><\/span><strong>3. Bodrum-Kos<\/strong><span class=\"ez-toc-section-end\"><\/span><\/h3>\n<p>Turgutreis&#8217;in hemen kar\u015f\u0131s\u0131nda yer alan, T\u00fcrkiye&#8217;ye en yak\u0131n Yunan adalar\u0131ndan biri olan Kos&#8217;a (\u0130stank\u00f6y) Bodrum ve Turgutreis&#8217;ten d\u00fczenli feribot seferleri var. Turgutreis&#8217;ten 25 dakikada, Bodrum&#8217;dan ise 45 dakikada Kos&#8217;a gidilebiliyor.<\/p>\n<p>Kos Kap\u0131 Vizesi \u00dccreti: 60 euro<\/p>\n<h3><span class=\"ez-toc-section\" id=\"4_cesme-sakiz\"><\/span><strong>4. \u00c7e\u015fme-Sak\u0131z<\/strong><span class=\"ez-toc-section-end\"><\/span><\/h3>\n<p><img width=\"800\" height=\"500\" data-public-id=\"Sakiz_zdwogn\/Sakiz_zdwogn.jpg\" decoding=\"async\" class=\"alignnone wp-post-16446 wp-image-16448\" src=\"https:\/\/res.cloudinary.com\/turna\/images\/w_800,h_500,c_scale\/f_auto,q_auto:low\/v1565300486\/Sakiz_zdwogn\/Sakiz_zdwogn.jpg?_i=AA\" data-format=\"jpg\" data-transformations=\"f_auto,q_auto:low\" data-version=\"1565300486\" data-seo=\"1\" \/><\/p>\n<p>Yunanistan&#8217;\u0131n damla sak\u0131z\u0131 a\u011fa\u00e7lar\u0131yla tan\u0131nan Sak\u0131z Adas\u0131&#8217;na \u0130zmir&#8217;in \u00c7e\u015fme il\u00e7esinden 30 dakikal\u0131k bir yolculukla ula\u015f\u0131l\u0131yor. Yunanlar\u0131n Chios ad\u0131n\u0131 kulland\u0131\u011f\u0131 Sak\u0131z Adas\u0131&#8217;nda orta \u00e7a\u011f esintili \u00e7ok say\u0131da tarihi k\u00f6y ve onlarca bakir plaj var.<\/p>\n<p>Sak\u0131z Adas\u0131 Kap\u0131 Vizesi \u00dccreti: 55 euro<\/p>\n<h3><span class=\"ez-toc-section\" id=\"5_bodrummarmarisfethiye-rodos\"><\/span><strong>5. Bodrum\/Marmaris\/Fethiye-Rodos<\/strong><span class=\"ez-toc-section-end\"><\/span><\/h3>\n<p>On \u0130ki Adalar aras\u0131nda en b\u00fcy\u00fck yerle\u015fim yeri ve n\u00fcfusa sahip olan Rodos, ayn\u0131 zamanda \u00f6nemli say\u0131da T\u00fcrk az\u0131nl\u0131\u011f\u0131n ya\u015fad\u0131\u011f\u0131 ada. Malta \u015e\u00f6valyelerinden Venediklilere, Osmanl\u0131&#8217;dan Bizans&#8217;a kadar farkl\u0131 devletlerin izlerini ta\u015f\u0131yan ada muhte\u015fem bir gezi rotas\u0131.<\/p>\n<p>Rodos&#8217;a Bodrum, Marmaris ve Fethiye&#8217;den feribot seferleri yap\u0131l\u0131yor. Yolculuk 45 dakika ile 1,5 saat aras\u0131nda de\u011fi\u015fiyor.<\/p>\n<p>Rodos Kap\u0131 Vizesi \u00dccreti: 65 euro<\/p>\n<h3><span class=\"ez-toc-section\" id=\"6_kas-meis\"><\/span><strong>6. Ka\u015f-Meis<\/strong><span class=\"ez-toc-section-end\"><\/span><\/h3>\n<p><img width=\"800\" height=\"500\" data-public-id=\"Meis_sku40p\/Meis_sku40p.jpg\" decoding=\"async\" class=\"alignnone wp-post-16446 wp-image-16447\" src=\"https:\/\/res.cloudinary.com\/turna\/images\/w_800,h_500,c_scale\/f_auto,q_auto:low\/v1565300486\/Meis_sku40p\/Meis_sku40p.jpg?_i=AA\" data-format=\"jpg\" data-transformations=\"f_auto,q_auto:low\" data-version=\"1565300486\" data-seo=\"1\" \/><\/p>\n<p>Yunanistan&#8217;\u0131n ana karaya en uzak toprak par\u00e7as\u0131 olan Meis, Akdeniz&#8217;de Ka\u015f&#8217;\u0131n hemen yan\u0131 ba\u015f\u0131nda, Ka\u015f&#8217;a sadece 2.7 km mesafede konumlan\u0131yor. Yaz aylar\u0131nda n\u00fcfusu artsa da adada toplam 500&#8217;e yak\u0131n ki\u015fi ya\u015f\u0131yor. Ka\u015f&#8217;tan Meis&#8217;e yaz d\u00f6neminde her g\u00fcn d\u00fczenli feribot seferleri var.<\/p>\n<p>Meis Kap\u0131 Vizesi \u00dccreti: 65 euro<\/p>\n\n\n<p><strong>\u0130lginizi \u00c7ekebilecek Di\u011fer Vize Makaleleri<br><\/strong><a rel=\"noreferrer noopener\" href=\"https:\/\/www.turna.com\/sikca-sorulan-sorular\/e-vize\" target=\"_blank\">E-vize nedir?<\/a><br><a rel=\"noreferrer noopener\" href=\"https:\/\/www.turna.com\/sikca-sorulan-sorular\/vize-sponsor\" target=\"_blank\">Vize sponsor nedir?<\/a><br><a rel=\"noreferrer noopener\" href=\"https:\/\/www.turna.com\/sikca-sorulan-sorular\/ogrenci-vizesi\" target=\"_blank\">\u00d6\u011frenci vizesi nas\u0131l al\u0131n\u0131r?<\/a><br><a rel=\"noreferrer noopener\" href=\"https:\/\/www.turna.com\/sikca-sorulan-sorular\/transit-vize\" target=\"_blank\">Transit vize nedir?<\/a><br><a rel=\"noreferrer noopener\" href=\"https:\/\/www.turna.com\/sikca-sorulan-sorular\/vizesiz-gidilecek-ulkeler\" target=\"_blank\">Vizesiz gidilecek \u00fclkeler<\/a><br><a rel=\"noreferrer noopener\" href=\"https:\/\/www.turna.com\/sikca-sorulan-sorular\/vize-isteyen-ulkeler\" target=\"_blank\">Vize isteyen \u00fclkeler<\/a><br><a rel=\"noreferrer noopener\" href=\"https:\/\/www.turna.com\/sikca-sorulan-sorular\/schengen-vizesi\" target=\"_blank\">Schengen vizesi nedir?<\/a>  <\/p>\n\n    <div class=\"xs_social_share_widget xs_share_url after_content \t\tmain_content  wslu-style-1 wslu-share-box-shaped wslu-fill-colored wslu-none wslu-share-horizontal wslu-theme-font-no wslu-main_content\">\n\n\t\t\n        <ul>\n\t\t\t        <\/ul>\n    <\/div> \n","protected":false},"excerpt":{"rendered":"<p>Kom\u015fumuz Yunanistan, T\u00fcrk seyahat severlerin yurt d\u0131\u015f\u0131nda en \u00e7ok ziyaret etti\u011fi \u00fclkelerden biri. 3 bini a\u015fk\u0131n ada ve kayal\u0131\u011fa sahip olan \u00fclkenin Ege Denizi&#8217;ndeki bir\u00e7ok adas\u0131 yaz aylar\u0131nda turist ak\u0131n\u0131na u\u011fruyor. Mikonos, Santorini, Rodos gibi adalar Yunan Adalar\u0131 aras\u0131nda \u00f6ne \u00e7\u0131kan destinasyonlardan. Yunanistan&#8217;\u0131 ziyaret etmek isteyen bordo (umuma mahsus) pasaport sahibi T\u00fcrk vatanda\u015flar\u0131n\u0131n Schengen vizesi [&hellip;]<\/p>\n","protected":false},"author":9,"featured_media":16447,"comment_status":"open","ping_status":"open","sticky":false,"template":"","format":"standard","meta":{"rop_custom_images_group":[],"rop_custom_messages_group":[],"rop_publish_now":"initial","rop_publish_now_accounts":[],"rop_publish_now_history":[],"rop_publish_now_status":"pending","_cloudinary_featured_overwrite":false,"footnotes":""},"categories":[18],"tags":[679,77,1803,14,10],"class_list":["post-16446","post","type-post","status-publish","format-standard","has-post-thumbnail","hentry","category-yunanistan","tag-chios","tag-kos","tag-meis","tag-rodos","tag-yunanistan"],"_links":{"self":[{"href":"https:\/\/www.turna.com\/blog\/wp-json\/wp\/v2\/posts\/16446","targetHints":{"allow":["GET"]}}],"collection":[{"href":"https:\/\/www.turna.com\/blog\/wp-json\/wp\/v2\/posts"}],"about":[{"href":"https:\/\/www.turna.com\/blog\/wp-json\/wp\/v2\/types\/post"}],"author":[{"embeddable":true,"href":"https:\/\/www.turna.com\/blog\/wp-json\/wp\/v2\/users\/9"}],"replies":[{"embeddable":true,"href":"https:\/\/www.turna.com\/blog\/wp-json\/wp\/v2\/comments?post=16446"}],"version-history":[{"count":0,"href":"https:\/\/www.turna.com\/blog\/wp-json\/wp\/v2\/posts\/16446\/revisions"}],"wp:featuredmedia":[{"embeddable":true,"href":"https:\/\/www.turna.com\/blog\/wp-json\/wp\/v2\/media\/16447"}],"wp:attachment":[{"href":"https:\/\/www.turna.com\/blog\/wp-json\/wp\/v2\/media?parent=16446"}],"wp:term":[{"taxonomy":"category","embeddable":true,"href":"https:\/\/www.turna.com\/blog\/wp-json\/wp\/v2\/categories?post=16446"},{"taxonomy":"post_tag","embeddable":true,"href":"https:\/\/www.turna.com\/blog\/wp-json\/wp\/v2\/tags?post=16446"}],"curies":[{"name":"wp","href":"https:\/\/api.w.org\/{rel}","templated":true}]}}