{"id":16259,"date":"2019-07-24T08:40:02","date_gmt":"2019-07-24T05:40:02","guid":{"rendered":"https:\/\/www.turna.com\/blog\/?p=16259"},"modified":"2019-07-09T06:39:25","modified_gmt":"2019-07-09T03:39:25","slug":"zemun","status":"publish","type":"post","link":"https:\/\/www.turna.com\/blog\/zemun","title":{"rendered":"Belgrad&#8217;\u0131n Kar\u015f\u0131 K\u0131y\u0131s\u0131: Zemun"},"content":{"rendered":"<div id=\"ez-toc-container\" class=\"ez-toc-v2_0_82_2 counter-hierarchy ez-toc-counter ez-toc-black ez-toc-container-direction\">\n<div class=\"ez-toc-title-container\">\n<p class=\"ez-toc-title\" style=\"cursor:inherit\">\u0130\u00e7indekiler<\/p>\n<span class=\"ez-toc-title-toggle\"><a href=\"#\" class=\"ez-toc-pull-right ez-toc-btn ez-toc-btn-xs ez-toc-btn-default ez-toc-toggle\" aria-label=\"\u0130\u00e7indekiler Tablosunu A\u00e7\/Kapat\"><span class=\"ez-toc-js-icon-con\"><span class=\"\"><span class=\"eztoc-hide\" style=\"display:none;\">Toggle<\/span><span class=\"ez-toc-icon-toggle-span\"><svg style=\"fill: #ffffff;color:#ffffff\" xmlns=\"http:\/\/www.w3.org\/2000\/svg\" class=\"list-377408\" width=\"20px\" height=\"20px\" viewBox=\"0 0 24 24\" fill=\"none\"><path d=\"M6 6H4v2h2V6zm14 0H8v2h12V6zM4 11h2v2H4v-2zm16 0H8v2h12v-2zM4 16h2v2H4v-2zm16 0H8v2h12v-2z\" fill=\"currentColor\"><\/path><\/svg><svg style=\"fill: #ffffff;color:#ffffff\" class=\"arrow-unsorted-368013\" xmlns=\"http:\/\/www.w3.org\/2000\/svg\" width=\"10px\" height=\"10px\" viewBox=\"0 0 24 24\" version=\"1.2\" baseProfile=\"tiny\"><path d=\"M18.2 9.3l-6.2-6.3-6.2 6.3c-.2.2-.3.4-.3.7s.1.5.3.7c.2.2.4.3.7.3h11c.3 0 .5-.1.7-.3.2-.2.3-.5.3-.7s-.1-.5-.3-.7zM5.8 14.7l6.2 6.3 6.2-6.3c.2-.2.3-.5.3-.7s-.1-.5-.3-.7c-.2-.2-.4-.3-.7-.3h-11c-.3 0-.5.1-.7.3-.2.2-.3.5-.3.7s.1.5.3.7z\"\/><\/svg><\/span><\/span><\/span><\/a><\/span><\/div>\n<nav><ul class='ez-toc-list ez-toc-list-level-1 eztoc-toggle-hide-by-default' ><li class='ez-toc-page-1 ez-toc-heading-level-2'><a class=\"ez-toc-link ez-toc-heading-1\" href=\"https:\/\/www.turna.com\/blog\/zemun\/#belgradin_karsi_kiyisi_zemun\" >Belgrad&#8217;\u0131n Kar\u015f\u0131 K\u0131y\u0131s\u0131: Zemun<\/a><\/li><li class='ez-toc-page-1 ez-toc-heading-level-2'><a class=\"ez-toc-link ez-toc-heading-2\" href=\"https:\/\/www.turna.com\/blog\/zemun\/#zemun_cevresinde_gorulecek_yerler\" >Zemun \u00c7evresinde G\u00f6r\u00fclecek Yerler<\/a><ul class='ez-toc-list-level-3' ><li class='ez-toc-heading-level-3'><a class=\"ez-toc-link ez-toc-heading-3\" href=\"https:\/\/www.turna.com\/blog\/zemun\/#1_milenyum_kulesi\" >1. Milenyum Kulesi<\/a><\/li><li class='ez-toc-page-1 ez-toc-heading-level-3'><a class=\"ez-toc-link ez-toc-heading-4\" href=\"https:\/\/www.turna.com\/blog\/zemun\/#2_avala_kulesi\" >2. Avala Kulesi<\/a><\/li><\/ul><\/li><\/ul><\/nav><\/div>\n<p>S\u0131rp\u00e7ada &#8216;Beyaz \u015eehir&#8217; anlam\u0131na gelen <strong>Belgrad<\/strong>, <a href=\"https:\/\/www.turna.com\/blog\/ulkeler\/avrupa\/sirbistan\" target=\"_blank\" rel=\"noopener noreferrer\"><strong>S\u0131rbistan<\/strong><\/a>&#8216;\u0131n en b\u00fcy\u00fck ve en kalabal\u0131k \u015fehri olmas\u0131n\u0131n yan\u0131 s\u0131ra \u00fclkenin ekonomi, politika, k\u00fclt\u00fcr, bilim ve sanayi merkezi.<\/p>\n<p>Y\u0131l boyunca \u00f6nemli sergilere, renkli festivallere ve 24 saat ya\u015fayan dinamik bir atmosfere sahip olan Belgrad, bir\u00e7ok Avrupa \u015fehriyle kar\u015f\u0131la\u015ft\u0131r\u0131ld\u0131\u011f\u0131nda daha ekonomik. \u00d6zellikle yeme-i\u00e7me ba\u015fta olmak \u00fczere, konaklama ve e\u011flence fiyatlar\u0131 turist dostu. S\u0131rp mutfa\u011f\u0131n\u0131n T\u00fcrk mutfa\u011f\u0131na olan yak\u0131nl\u0131\u011f\u0131 da T\u00fcrk ziyaret\u00e7iler i\u00e7in b\u00fcy\u00fck avantaj sa\u011fl\u0131yor.<\/p>\n<p><img width=\"800\" height=\"500\" data-public-id=\"Zemun_qkmiub\/Zemun_qkmiub.jpg\" fetchpriority=\"high\" decoding=\"async\" class=\"alignnone wp-post-16259 wp-image-16283\" src=\"https:\/\/res.cloudinary.com\/turna\/images\/w_800,h_500,c_scale\/f_auto,q_auto:low\/v1562643502\/Zemun_qkmiub\/Zemun_qkmiub.jpg?_i=AA\" data-format=\"jpg\" data-transformations=\"f_auto,q_auto:low\" data-version=\"1562643502\" data-seo=\"1\" \/><\/p>\n<p><a href=\"https:\/\/www.turna.com\/ucak-bileti\/belgrad\" target=\"_blank\" rel=\"noopener noreferrer\"><strong>Belgrad u\u00e7ak bileti<\/strong><\/a> se\u00e7eneklerine g\u00f6z at\u0131n.<\/p>\n<h2><span class=\"ez-toc-section\" id=\"belgradin_karsi_kiyisi_zemun\"><\/span><strong>Belgrad&#8217;\u0131n Kar\u015f\u0131 K\u0131y\u0131s\u0131: Zemun<\/strong><span class=\"ez-toc-section-end\"><\/span><\/h2>\n<p>Art-Nouveau mimariden Osmanl\u0131 esintili yap\u0131lara kadar \u00e7ok farkl\u0131 yap\u0131 grubunun bir arada bulundu\u011fu \u015fehir tarih boyunca b\u00f6lgede egemenlik kuran k\u00fclt\u00fcrlerin izlerini ta\u015f\u0131yor. Bu \u00e7ok k\u00fclt\u00fcrl\u00fc yap\u0131y\u0131 \u015fehrin d\u00f6rt bir yan\u0131nda g\u00f6rmek m\u00fcmk\u00fcn.<\/p>\n<p>Tuna Nehri boyunca uzanan ve kent i\u00e7inde farkl\u0131 bir dokuya sahip olan <strong>Zemun B\u00f6lgesi<\/strong>, nehri boyunca s\u0131ralanan evleri, yemye\u015fil park ve bah\u00e7eleri, e\u015fsiz manzaras\u0131yla \u015fehrin fethi s\u0131ras\u0131nda da tarihi \u00f6nem ta\u015f\u0131yan kentte ya\u015fayanlarca b\u00fcy\u00fck \u00f6nem ta\u015f\u0131yan bir yer. Belgrad&#8217;\u0131 ziyaret edenlerin \u015fehrin en g\u00fczel foto\u011fraflar\u0131n\u0131 \u00e7ekebilece\u011fi yerlerden olan Zemun, b\u00fcy\u00fcyen Belgrad&#8217;\u0131n g\u00fcneyinde konumlan\u0131yor.<\/p>\n<h2><span class=\"ez-toc-section\" id=\"zemun_cevresinde_gorulecek_yerler\"><\/span><strong>Zemun \u00c7evresinde G\u00f6r\u00fclecek Yerler<\/strong><span class=\"ez-toc-section-end\"><\/span><\/h2>\n<h3><span class=\"ez-toc-section\" id=\"1_milenyum_kulesi\"><\/span><strong>1. Milenyum Kulesi<\/strong><span class=\"ez-toc-section-end\"><\/span><\/h3>\n<p><img width=\"800\" height=\"500\" data-public-id=\"Millennium-Tower_frspnc\/Millennium-Tower_frspnc.jpg\" decoding=\"async\" class=\"alignnone wp-post-16259 wp-image-16282\" src=\"https:\/\/res.cloudinary.com\/turna\/images\/w_800,h_500,c_scale\/f_auto,q_auto:low\/v1562643502\/Millennium-Tower_frspnc\/Millennium-Tower_frspnc.jpg?_i=AA\" data-format=\"jpg\" data-transformations=\"f_auto,q_auto:low\" data-version=\"1562643502\" data-seo=\"1\" \/><\/p>\n<p>Gardos Tepesi\u2019nde bulunan ve Gardos Kulesi olarak da bilinen <strong>Milenyum Kulesi<\/strong> (Millennium Tower), Zemun b\u00f6lgesinin mutlaka g\u00f6r\u00fclmesi gereken yerlerinden biri. Gardos Tepesi\u2019nde (Gardos Hill) bulunan ve 1896\u2019da a\u00e7\u0131lan kule, Gardo\u0161\u00a0merkezden bat\u0131ya do\u011fru y\u00fcr\u00fcd\u00fc\u011f\u00fcn\u00fczde \u00f6n\u00fcn\u00fczde y\u00fckselen tepede yer al\u0131yor.<\/p>\n<p>Bu tepenin \u00fczerinde bulunan Milenyum Kulesi\u2019nin (Sibinjanin Janko) muazzam bir panoramik manzaras\u0131 bulunuyor. Belgrad\u2019\u0131n Zemun il\u00e7esine ba\u011fl\u0131 bir mahalle olan Gardo\u0161, tarihi etkiler nedeniyle mimarisi Belgrad\u2019\u0131n genelinden farkl\u0131, Avusturya-Macaristan\u2019\u0131n etkisinde kalm\u0131\u015f gezilesi bir b\u00f6lge.<\/p>\n<h3><span class=\"ez-toc-section\" id=\"2_avala_kulesi\"><\/span><strong>2. Avala Kulesi<\/strong><span class=\"ez-toc-section-end\"><\/span><\/h3>\n<p><img width=\"800\" height=\"500\" data-public-id=\"Avala_ypkgcx\/Avala_ypkgcx.jpg\" decoding=\"async\" class=\"alignnone wp-post-16259 wp-image-16281\" src=\"https:\/\/res.cloudinary.com\/turna\/images\/w_800,h_500,c_scale\/f_auto,q_auto:low\/v1562643502\/Avala_ypkgcx\/Avala_ypkgcx.jpg?_i=AA\" data-format=\"jpg\" data-transformations=\"f_auto,q_auto:low\" data-version=\"1562643502\" data-seo=\"1\" \/><\/p>\n<p>Balkanlar\u0131n en y\u00fcksek kulesi olarak bilinen,\u00a0telekom\u00fcnikasyon ve g\u00f6zlem kulesi olan Avala Kulesi, \u015fehir merkezinden yakla\u015f\u0131k 16 km uzakl\u0131kta bulunuyor. 1999&#8217;da\u00a0NATO&#8217;nun Yugoslavya&#8217;y\u0131 bombalamas\u0131 s\u0131ras\u0131nda y\u0131k\u0131lan ve 2010&#8217;da tekrar a\u00e7\u0131lan kule, \u015fehrin simge yap\u0131lar\u0131ndan biri.<\/p>\n<p>Turistler i\u00e7in \u015fehrin belli yerlerinden kalkan \u00fcst\u00fc a\u00e7\u0131k otob\u00fcslerle ula\u015f\u0131labilen Avala\u2019ya \u015fehir i\u00e7i otob\u00fcsleri kullanarak da gitmek m\u00fcmk\u00fcn. Ye\u015fillikler i\u00e7inde milli park stat\u00fcs\u00fcnde bir b\u00f6lgede yer alan ve 204,5 m y\u00fckseklikteki kulenin 38 kat\u0131na \u00e7\u0131kmay\u0131 sa\u011flayan 2 asans\u00f6r\u00fc bulunuyor. Seyir teras\u0131 ve bir restoran\u0131n da bulundu\u011fu kuleden muazzam bir Belgrad manzaras\u0131 izlenebiliyor.<\/p>\n<p>Belgrad&#8217;a yolunuz d\u00fc\u015ferse, \u015fehrin en g\u00fczel ve en ye\u015fil yer olan tarihi Kalemegdan&#8217;\u0131 ve \u00e7evresindekileri de gezin. Bu civarda Askeri M\u00fcze, \u0130stanbul Kap\u0131, Saat Kulesi, Damat Ali Pa\u015fa T\u00fcrbesi, Zindan Kap\u0131, Leopoldov Kap\u0131, Sokullu Mehmet Pa\u015fa \u00c7e\u015fmesi, Stefan Lazerevic An\u0131t\u0131, Nebojsa Kulesi, Saborna Kilisesi, Cumhuriyet Meydan\u0131, Terazi Meydan\u0131 ve Ta\u015f Meydan\u2019\u0131 g\u00f6rebilirsiniz.<\/p>\n<p>T\u00fcrk vatanda\u015flar\u0131n\u0131n vizesiz seyahat edebildi\u011fi Belgrad&#8217;a \u0130stanbul Havaliman\u0131&#8217;ndan T\u00fcrk Hava Yollar\u0131 ve Atlas Global, \u0130stanbul Sabiha G\u00f6k\u00e7en Havaliman\u0131&#8217;ndan ise Pegasus Hava Yollar\u0131&#8217;n\u0131n direkt u\u00e7ak seferleri var. Y\u0131l boyunca d\u00fczenlenen u\u00e7ak bileti kampanyalar\u0131 ile b\u00fcy\u00fcl\u00fc Balkan \u015fehrini g\u00f6rme \u015fans\u0131n\u0131z bulunuyor.<\/p>\n\n    <div class=\"xs_social_share_widget xs_share_url after_content \t\tmain_content  wslu-style-1 wslu-share-box-shaped wslu-fill-colored wslu-none wslu-share-horizontal wslu-theme-font-no wslu-main_content\">\n\n\t\t\n        <ul>\n\t\t\t        <\/ul>\n    <\/div> \n","protected":false},"excerpt":{"rendered":"<p>S\u0131rp\u00e7ada &#8216;Beyaz \u015eehir&#8217; anlam\u0131na gelen Belgrad, S\u0131rbistan&#8216;\u0131n en b\u00fcy\u00fck ve en kalabal\u0131k \u015fehri olmas\u0131n\u0131n yan\u0131 s\u0131ra \u00fclkenin ekonomi, politika, k\u00fclt\u00fcr, bilim ve sanayi merkezi. Y\u0131l boyunca \u00f6nemli sergilere, renkli festivallere ve 24 saat ya\u015fayan dinamik bir atmosfere sahip olan Belgrad, bir\u00e7ok Avrupa \u015fehriyle kar\u015f\u0131la\u015ft\u0131r\u0131ld\u0131\u011f\u0131nda daha ekonomik. \u00d6zellikle yeme-i\u00e7me ba\u015fta olmak \u00fczere, konaklama ve e\u011flence fiyatlar\u0131 [&hellip;]<\/p>\n","protected":false},"author":8,"featured_media":16283,"comment_status":"open","ping_status":"open","sticky":false,"template":"","format":"standard","meta":{"rop_custom_images_group":[],"rop_custom_messages_group":[],"rop_publish_now":"initial","rop_publish_now_accounts":[],"rop_publish_now_history":[],"rop_publish_now_status":"pending","_cloudinary_featured_overwrite":false,"footnotes":""},"categories":[917],"tags":[378],"class_list":["post-16259","post","type-post","status-publish","format-standard","has-post-thumbnail","hentry","category-sirbistan","tag-belgrad"],"_links":{"self":[{"href":"https:\/\/www.turna.com\/blog\/wp-json\/wp\/v2\/posts\/16259","targetHints":{"allow":["GET"]}}],"collection":[{"href":"https:\/\/www.turna.com\/blog\/wp-json\/wp\/v2\/posts"}],"about":[{"href":"https:\/\/www.turna.com\/blog\/wp-json\/wp\/v2\/types\/post"}],"author":[{"embeddable":true,"href":"https:\/\/www.turna.com\/blog\/wp-json\/wp\/v2\/users\/8"}],"replies":[{"embeddable":true,"href":"https:\/\/www.turna.com\/blog\/wp-json\/wp\/v2\/comments?post=16259"}],"version-history":[{"count":0,"href":"https:\/\/www.turna.com\/blog\/wp-json\/wp\/v2\/posts\/16259\/revisions"}],"wp:featuredmedia":[{"embeddable":true,"href":"https:\/\/www.turna.com\/blog\/wp-json\/wp\/v2\/media\/16283"}],"wp:attachment":[{"href":"https:\/\/www.turna.com\/blog\/wp-json\/wp\/v2\/media?parent=16259"}],"wp:term":[{"taxonomy":"category","embeddable":true,"href":"https:\/\/www.turna.com\/blog\/wp-json\/wp\/v2\/categories?post=16259"},{"taxonomy":"post_tag","embeddable":true,"href":"https:\/\/www.turna.com\/blog\/wp-json\/wp\/v2\/tags?post=16259"}],"curies":[{"name":"wp","href":"https:\/\/api.w.org\/{rel}","templated":true}]}}