{"id":16258,"date":"2019-07-19T08:32:58","date_gmt":"2019-07-19T05:32:58","guid":{"rendered":"https:\/\/www.turna.com\/blog\/?p=16258"},"modified":"2019-08-07T12:18:12","modified_gmt":"2019-08-07T09:18:12","slug":"kalemegdan-belgrad","status":"publish","type":"post","link":"https:\/\/www.turna.com\/blog\/kalemegdan-belgrad","title":{"rendered":"Belgrad&#8217;\u0131n En G\u00fczel Manzaral\u0131 Yeri: Kalemegdan"},"content":{"rendered":"<div id=\"ez-toc-container\" class=\"ez-toc-v2_0_82_2 counter-hierarchy ez-toc-counter ez-toc-black ez-toc-container-direction\">\n<div class=\"ez-toc-title-container\">\n<p class=\"ez-toc-title\" style=\"cursor:inherit\">\u0130\u00e7indekiler<\/p>\n<span class=\"ez-toc-title-toggle\"><a href=\"#\" class=\"ez-toc-pull-right ez-toc-btn ez-toc-btn-xs ez-toc-btn-default ez-toc-toggle\" aria-label=\"\u0130\u00e7indekiler Tablosunu A\u00e7\/Kapat\"><span class=\"ez-toc-js-icon-con\"><span class=\"\"><span class=\"eztoc-hide\" style=\"display:none;\">Toggle<\/span><span class=\"ez-toc-icon-toggle-span\"><svg style=\"fill: #ffffff;color:#ffffff\" xmlns=\"http:\/\/www.w3.org\/2000\/svg\" class=\"list-377408\" width=\"20px\" height=\"20px\" viewBox=\"0 0 24 24\" fill=\"none\"><path d=\"M6 6H4v2h2V6zm14 0H8v2h12V6zM4 11h2v2H4v-2zm16 0H8v2h12v-2zM4 16h2v2H4v-2zm16 0H8v2h12v-2z\" fill=\"currentColor\"><\/path><\/svg><svg style=\"fill: #ffffff;color:#ffffff\" class=\"arrow-unsorted-368013\" xmlns=\"http:\/\/www.w3.org\/2000\/svg\" width=\"10px\" height=\"10px\" viewBox=\"0 0 24 24\" version=\"1.2\" baseProfile=\"tiny\"><path d=\"M18.2 9.3l-6.2-6.3-6.2 6.3c-.2.2-.3.4-.3.7s.1.5.3.7c.2.2.4.3.7.3h11c.3 0 .5-.1.7-.3.2-.2.3-.5.3-.7s-.1-.5-.3-.7zM5.8 14.7l6.2 6.3 6.2-6.3c.2-.2.3-.5.3-.7s-.1-.5-.3-.7c-.2-.2-.4-.3-.7-.3h-11c-.3 0-.5.1-.7.3-.2.2-.3.5-.3.7s.1.5.3.7z\"\/><\/svg><\/span><\/span><\/span><\/a><\/span><\/div>\n<nav><ul class='ez-toc-list ez-toc-list-level-1 eztoc-toggle-hide-by-default' ><li class='ez-toc-page-1 ez-toc-heading-level-2'><a class=\"ez-toc-link ez-toc-heading-1\" href=\"https:\/\/www.turna.com\/blog\/kalemegdan-belgrad\/#belgradin_en_guzel_manzarali_yeri_kalemegdan\" >Belgrad&#8217;\u0131n En G\u00fczel Manzaral\u0131 Yeri: Kalemegdan<\/a><ul class='ez-toc-list-level-3' ><li class='ez-toc-heading-level-3'><a class=\"ez-toc-link ez-toc-heading-2\" href=\"https:\/\/www.turna.com\/blog\/kalemegdan-belgrad\/#1_kalemegdan\" >1. Kalemegdan<\/a><\/li><li class='ez-toc-page-1 ez-toc-heading-level-3'><a class=\"ez-toc-link ez-toc-heading-3\" href=\"https:\/\/www.turna.com\/blog\/kalemegdan-belgrad\/#2_belgrad_kalesi\" >2. Belgrad Kalesi<\/a><\/li><li class='ez-toc-page-1 ez-toc-heading-level-3'><a class=\"ez-toc-link ez-toc-heading-4\" href=\"https:\/\/www.turna.com\/blog\/kalemegdan-belgrad\/#3_askeri_muze\" >3. Askeri M\u00fcze<\/a><\/li><li class='ez-toc-page-1 ez-toc-heading-level-3'><a class=\"ez-toc-link ez-toc-heading-5\" href=\"https:\/\/www.turna.com\/blog\/kalemegdan-belgrad\/#4_istanbul_kapi\" >4. \u0130stanbul Kap\u0131<\/a><\/li><li class='ez-toc-page-1 ez-toc-heading-level-3'><a class=\"ez-toc-link ez-toc-heading-6\" href=\"https:\/\/www.turna.com\/blog\/kalemegdan-belgrad\/#5_saat_kulesi\" >5. Saat Kulesi<\/a><\/li><li class='ez-toc-page-1 ez-toc-heading-level-3'><a class=\"ez-toc-link ez-toc-heading-7\" href=\"https:\/\/www.turna.com\/blog\/kalemegdan-belgrad\/#6_damat_ali_pasa_turbesi\" >6. Damat Ali Pa\u015fa T\u00fcrbesi<\/a><\/li><li class='ez-toc-page-1 ez-toc-heading-level-3'><a class=\"ez-toc-link ez-toc-heading-8\" href=\"https:\/\/www.turna.com\/blog\/kalemegdan-belgrad\/#7_zindan_kapi\" >7. Zindan Kap\u0131<\/a><\/li><li class='ez-toc-page-1 ez-toc-heading-level-3'><a class=\"ez-toc-link ez-toc-heading-9\" href=\"https:\/\/www.turna.com\/blog\/kalemegdan-belgrad\/#8_leopoldov_kapi\" >8. Leopoldov Kap\u0131<\/a><\/li><li class='ez-toc-page-1 ez-toc-heading-level-3'><a class=\"ez-toc-link ez-toc-heading-10\" href=\"https:\/\/www.turna.com\/blog\/kalemegdan-belgrad\/#9_sokullu_mehmet_pasa_cesmesi\" >9. Sokullu Mehmet Pa\u015fa \u00c7e\u015fmesi<\/a><\/li><li class='ez-toc-page-1 ez-toc-heading-level-3'><a class=\"ez-toc-link ez-toc-heading-11\" href=\"https:\/\/www.turna.com\/blog\/kalemegdan-belgrad\/#10_stefan_lazerevic_aniti\" >10. Stefan Lazerevic An\u0131t\u0131<\/a><\/li><li class='ez-toc-page-1 ez-toc-heading-level-3'><a class=\"ez-toc-link ez-toc-heading-12\" href=\"https:\/\/www.turna.com\/blog\/kalemegdan-belgrad\/#11_nebojsa_kulesi\" >11. Nebojsa Kulesi<\/a><\/li><\/ul><\/li><\/ul><\/nav><\/div>\n<p><strong>Belgrad<\/strong>, <a href=\"https:\/\/www.turna.com\/blog\/ulkeler\/avrupa\/sirbistan\" target=\"_blank\" rel=\"noopener noreferrer\"><strong>S\u0131rbistan<\/strong><\/a>&#8216;\u0131n Tuna ve Sava nehirlerinin birle\u015fti\u011fi noktada kurulu, yemye\u015fil parklar\u0131, tarihi yap\u0131lar\u0131, dinamik meydanlar\u0131 ve renkli gece hayat\u0131yla, \u00fclkenin g\u00f6z bebe\u011fi, ba\u015fkenti. Avrupa&#8217;dan T\u00fcrkiye&#8217;ye uzanan yol \u00fczerinde yer alan ve T\u00fcrk vatanda\u015flar\u0131n\u0131n vizesiz ziyaret edebilece\u011fi Belgrad, yakla\u015f\u0131k 1,5 saatlik u\u00e7u\u015fla ula\u015f\u0131labilen dikkat \u00e7ekici bir Balkan \u015fehri.<\/p>\n<p><a href=\"https:\/\/www.turna.com\/ucak-bileti\/belgrad\" target=\"_blank\" rel=\"noopener noreferrer\"><strong>Belgrad u\u00e7ak bileti<\/strong><\/a> se\u00e7eneklerine g\u00f6z at\u0131n.<\/p>\n<h2><span class=\"ez-toc-section\" id=\"belgradin_en_guzel_manzarali_yeri_kalemegdan\"><\/span><strong>Belgrad&#8217;\u0131n En G\u00fczel Manzaral\u0131 Yeri: Kalemegdan<\/strong><span class=\"ez-toc-section-end\"><\/span><\/h2>\n<h3><span class=\"ez-toc-section\" id=\"1_kalemegdan\"><\/span><strong>1. Kalemegdan<\/strong><span class=\"ez-toc-section-end\"><\/span><\/h3>\n<p><img width=\"800\" height=\"500\" data-public-id=\"Kalemegdan_rgcvny\/Kalemegdan_rgcvny.jpg\" fetchpriority=\"high\" decoding=\"async\" class=\"alignnone wp-post-16258 wp-image-16270\" src=\"https:\/\/res.cloudinary.com\/turna\/images\/w_800,h_500,c_scale\/f_auto,q_auto:low\/v1562626045\/Kalemegdan_rgcvny\/Kalemegdan_rgcvny.jpg?_i=AA\" data-format=\"jpg\" data-transformations=\"f_auto,q_auto:low\" data-version=\"1562626045\" data-seo=\"1\" \/><\/p>\n<p>Tuna ve Sava nehirlerinin birle\u015fti\u011fi noktada y\u00fcksek bir tepede yer alan Kalemegdan, Belgrad Kalesi&#8217;nin de yer ald\u0131\u011f\u0131 \u015fehrin bulu\u015fma noktas\u0131. T\u00fcrk\u00e7ede Kale Meydan isminden d\u00f6n\u00fc\u015fen meydan geni\u015f bir alana yay\u0131l\u0131yor.<\/p>\n<p>B\u00f6lgede Belgrad Kalesi, \u0130stanbul Kap\u0131 ve Saat Kulesi\u2019ni ge\u00e7ince kar\u015f\u0131n\u0131za \u00e7\u0131kan, Mora Fatihi olarak bilinen Damat Ali Pa\u015fa T\u00fcrbesi ile Sadrazam Sokullu Mehmet Pa\u015fa\u2019n\u0131n 1578\u2019de yapt\u0131rd\u0131\u011f\u0131 bir de \u00e7e\u015fme bulunuyor. \u00c7e\u015fmeyi arkan\u0131zda b\u0131rak\u0131p biraz daha ilerledi\u011finizde muhte\u015fem ve yemye\u015fil bir \u015fehir manzaras\u0131na e\u015flik eden bir yere geliyorsunuz.<\/p>\n<h3><span class=\"ez-toc-section\" id=\"2_belgrad_kalesi\"><\/span><strong>2. Belgrad Kalesi<\/strong><span class=\"ez-toc-section-end\"><\/span><\/h3>\n<p>Belgrad\u2019\u0131n en g\u00fczel, g\u00f6r\u00fclmeye de\u011fer b\u00f6lgelerin ba\u015f\u0131nda gelen Kalemegdan\u2019da yer alan Belgrad Kalesi, Kanuni Sultan S\u00fcleyman\u2019\u0131n Avrupa\u2019ya a\u00e7\u0131lacak yeni ticaret yollar\u0131n\u0131 denetim alt\u0131nda tutmak i\u00e7in almak istedi\u011fi yer. \u0130\u00e7erisinde m\u00fczeler, parklar, an\u0131tlar, galeriler, heykeller bulunan ve enfes Belgrad manzaralar\u0131 sunan 53 hektarl\u0131k bir alana yay\u0131lan kale, 1521\u2019de Osmanl\u0131 \u0130mparatorlu\u011fu s\u0131n\u0131rlar\u0131 i\u00e7ine kat\u0131ld\u0131.<\/p>\n<h3><span class=\"ez-toc-section\" id=\"3_askeri_muze\"><\/span><strong>3. Askeri M\u00fcze<\/strong><span class=\"ez-toc-section-end\"><\/span><\/h3>\n<p>Belgrad Kalesi\u2019nin hendekleri aras\u0131na bulunan Askeri M\u00fcze, eski Yugoslavya\u2019n\u0131n askeri tarihinin t\u00fcm detaylar\u0131n\u0131 g\u00f6zler \u00f6n\u00fcne seren bir yer. Osmanl\u0131 taraf\u0131ndan in\u015fa edilen \u0130stanbul Kap\u0131s\u0131\u2019n\u0131n hemen \u00f6n\u00fcnden ba\u015flayan a\u00e7\u0131k hava k\u0131sm\u0131nda I. D\u00fcnya Sava\u015f\u0131\u2019ndan kalma y\u00fczlerce tank ve a\u011f\u0131r silahlar bulunuyor.<\/p>\n<p>Askeri M\u00fczesi\u2019nin i\u00e7ine girmek isterseniz, burada da ayr\u0131ca Kosova Kurtulu\u015f Ordusu\u2019na ait yakalanan silahlar, bombalar ve f\u00fczeler, nadir bulunan silahlar ve 1999\u2019da vurulan Amerika\u2019n\u0131n g\u00f6r\u00fcnmez sava\u015f u\u00e7a\u011f\u0131na ait par\u00e7alar\u0131 g\u00f6rebilirsiniz.<\/p>\n<h3><span class=\"ez-toc-section\" id=\"4_istanbul_kapi\"><\/span><strong>4. \u0130stanbul Kap\u0131<\/strong><span class=\"ez-toc-section-end\"><\/span><\/h3>\n<p><img width=\"800\" height=\"500\" data-public-id=\"Stambol-Kapija_wkpuch\/Stambol-Kapija_wkpuch.jpg\" decoding=\"async\" class=\"alignnone wp-post-16258 wp-image-16269\" src=\"https:\/\/res.cloudinary.com\/turna\/images\/w_800,h_500,c_scale\/f_auto,q_auto:low\/v1562626045\/Stambol-Kapija_wkpuch\/Stambol-Kapija_wkpuch.jpg?_i=AA\" data-format=\"jpg\" data-transformations=\"f_auto,q_auto:low\" data-version=\"1562626045\" data-seo=\"1\" \/><\/p>\n<p>Belgrad Kalesi\u2019ne giri\u015f \u00e7\u0131k\u0131\u015f\u0131 sa\u011flayan kap\u0131lardan biri olan ve S\u0131rp\u00e7a Stambol Kapija olarak bilinen \u0130stanbul Kap\u0131, asl\u0131nda kalenin ana kap\u0131s\u0131. \u0130kincil kent surlar\u0131n\u0131n g\u00fcneydo\u011fusunda yer alan ve Saat Kap\u0131s\u0131&#8217;na bir k\u00f6pr\u00fcyle ba\u011flanan \u0130stanbul Kap\u0131, Kalemegdan&#8217;da yukar\u0131 kentin duvarlar\u0131nda yer alan bir\u00e7ok kap\u0131dan en \u00f6nemlisi.<\/p>\n<h3><span class=\"ez-toc-section\" id=\"5_saat_kulesi\"><\/span><strong>5. Saat Kulesi<\/strong><span class=\"ez-toc-section-end\"><\/span><\/h3>\n<p>Kalemegdan\u2019da 18. y\u00fczy\u0131l ortalar\u0131nda in\u015fa edilen Saat Kulesi, \u2018Sahat Kula\u2019 olarak S\u0131rp\u00e7aya girmi\u015f T\u00fcrk\u00e7e kelimelerden biri. Askeri M\u00fcze\u2019nin az ilerisinde yer alan ve Avusturya eseri oldu\u011fu bilinen Saat Kulesi, Evliya \u00c7elebi\u2019nin\u00a0Seyahatname\u2019sinde Saat Kap\u0131s\u0131\u00a0olarak bahsediliyor. Yukar\u0131 Hisar olarak anlatt\u0131\u011f\u0131 k\u0131s\u0131mda bulunan, Saat Kap\u0131 \u0130stanbul Kap\u0131 ile birbirine ah\u015fap bir k\u00f6pr\u00fc ile ba\u011fl\u0131.<\/p>\n<h3><span class=\"ez-toc-section\" id=\"6_damat_ali_pasa_turbesi\"><\/span><strong>6. Damat Ali Pa\u015fa T\u00fcrbesi<\/strong><span class=\"ez-toc-section-end\"><\/span><\/h3>\n<p>Belgrad Kalesi i\u00e7erisinde Mora Fatihi olarak da bilinen Damat Ali Pa\u015fa\u2019n\u0131n t\u00fcrbesi yer al\u0131yor. 1716\u2019daki\u00a0Avusturya ordusuna kar\u015f\u0131 Petrovaradin\u00a0Muharebesinde hayat\u0131n\u0131 kaybeden Damat Ali Pa\u015fa\u2019n\u0131n defnedildi\u011fi t\u00fcrbede pa\u015fan\u0131n yan\u0131 s\u0131ra Tepedelenli Selim Pa\u015fa ve \u00c7e\u015fmeli Hasan Pa\u015fa\u2019n\u0131n da naa\u015flar\u0131 bulunuyor.<\/p>\n<h3><span class=\"ez-toc-section\" id=\"7_zindan_kapi\"><\/span><strong>7. Zindan Kap\u0131<\/strong><span class=\"ez-toc-section-end\"><\/span><\/h3>\n<p>\u0130\u00e7 kent surlar\u0131n\u0131n kuzeydo\u011fusunda,\u00a0Despot Stefan Kulesi&#8217;nin hemen yan\u0131nda yer alan ve bir k\u00f6pr\u00fcyle Zindan Kap\u0131s\u0131&#8217;na ba\u011flanan kap\u0131, Despot Stefan&#8217;\u0131n ismiyle an\u0131l\u0131yor. Kalemegdan\u2019\u0131n simge kap\u0131lar\u0131ndan biri olan 15. y\u00fczy\u0131l yap\u0131s\u0131, Osmanl\u0131 d\u00f6neminde zindan olarak kullan\u0131ld\u0131\u011f\u0131 i\u00e7in bu ismi alm\u0131\u015f.<\/p>\n<h3><span class=\"ez-toc-section\" id=\"8_leopoldov_kapi\"><\/span><strong>8. Leopoldov Kap\u0131<\/strong><span class=\"ez-toc-section-end\"><\/span><\/h3>\n<p><img width=\"800\" height=\"500\" data-public-id=\"_Leopoldov_xujoi0\/_Leopoldov_xujoi0.jpg\" decoding=\"async\" class=\"alignnone wp-post-16258 wp-image-16267\" src=\"https:\/\/res.cloudinary.com\/turna\/images\/w_800,h_500,c_scale\/f_auto,q_auto:low\/v1562626045\/_Leopoldov_xujoi0\/_Leopoldov_xujoi0.jpg?_i=AA\" data-format=\"jpg\" data-transformations=\"f_auto,q_auto:low\" data-version=\"1562626045\" data-seo=\"1\" \/><\/p>\n<p>Belgrad Kalesi\u2019nin en d\u0131\u015ftaki kuzeydo\u011fu kap\u0131s\u0131 olan ve Zindan Kap\u0131&#8217;ya bir k\u00f6pr\u00fcyle ba\u011flanan Leopoldov Kap\u0131, I. Leopold&#8217;un ad\u0131yla an\u0131l\u0131yor.<\/p>\n<h3><span class=\"ez-toc-section\" id=\"9_sokullu_mehmet_pasa_cesmesi\"><\/span><strong>9. Sokullu Mehmet Pa\u015fa \u00c7e\u015fmesi<\/strong><span class=\"ez-toc-section-end\"><\/span><\/h3>\n<p>Saat Kulesini ge\u00e7ince, kar\u015f\u0131n\u0131za \u00e7\u0131kan Damat Ali Pa\u015fa T\u00fcrbesi\u2019nin yan\u0131nda bulunan Sadrazam Sokullu Mehmet Pa\u015fa \u00c7e\u015fmesi (Mehmed-pa\u0161a Sokolovi\u0107), yine Sokullu\u2019nun ad\u0131n\u0131n verildi\u011fi bir de bir dut a\u011fac\u0131n\u0131n hemen yan\u0131nda yer al\u0131yor. Pa\u015fan\u0131n 1578\u2019de yapt\u0131rd\u0131\u011f\u0131 \u00e7e\u015fmeyi, Saat Kap\u0131s\u0131\u2019nda girip surlar\u0131n orta k\u0131sm\u0131na do\u011fru ilerledi\u011finizde g\u00f6rebilirsiniz.<\/p>\n<h3><span class=\"ez-toc-section\" id=\"10_stefan_lazerevic_aniti\"><\/span><strong>10. Stefan Lazerevic An\u0131t\u0131<\/strong><span class=\"ez-toc-section-end\"><\/span><\/h3>\n<p>Stefan Lazarevi\u0107 ya da\u00a0Uzun Stevan, ya\u015fad\u0131\u011f\u0131 zaman\u0131n en iyi \u015f\u00f6valye ve ordu liderlerinden biri kabul edilen, S\u0131rbistan h\u00fck\u00fcmdar\u0131. Stefan Lazarevi\u0107 ayn\u0131 zamanda edebi eserlerinden dolay\u0131 Orta \u00c7a\u011f\u0131n en \u00f6nemli S\u0131rp yazarlar\u0131ndan biri olarak kabul ediliyor.<\/p>\n<p>Babas\u0131n\u0131n\u00a0I. Kosova Muharebesi&#8217;nde \u00f6l\u00fcm\u00fcn\u00fcn ard\u0131ndan 1389&#8217;da\u00a0S\u0131rbistan Prensli\u011fi\u00a0taht\u0131na ge\u00e7en Lazarevi\u0107, 1402\u2019de Timur \u0130mparatorlu\u011fu&#8217;na kar\u015f\u0131 yap\u0131lan\u00a0Ankara Muharebesi&#8217;nde\u00a0I. Bayezid&#8217;in yan\u0131nda Osmanl\u0131 saflar\u0131nda sava\u015fm\u0131\u015ft\u0131.<\/p>\n<h3><span class=\"ez-toc-section\" id=\"11_nebojsa_kulesi\"><\/span><strong>11. Nebojsa Kulesi<\/strong><span class=\"ez-toc-section-end\"><\/span><\/h3>\n<p><img width=\"800\" height=\"500\" data-public-id=\"Nebojsa_cctx2t\/Nebojsa_cctx2t.jpg\" loading=\"lazy\" decoding=\"async\" class=\"alignnone wp-post-16258 wp-image-16268\" src=\"data:image\/svg+xml;base64,PHN2ZyB4bWxucz0iaHR0cDovL3d3dy53My5vcmcvMjAwMC9zdmciIHdpZHRoPSI4MDAiIGhlaWdodD0iNTAwIj48cmVjdCB3aWR0aD0iMTAwJSIgaGVpZ2h0PSIxMDAlIj48YW5pbWF0ZSBhdHRyaWJ1dGVOYW1lPSJmaWxsIiB2YWx1ZXM9InJnYmEoMTUzLDE1MywxNTMsMC41KTtyZ2JhKDE1MywxNTMsMTUzLDAuMSk7cmdiYSgxNTMsMTUzLDE1MywwLjUpIiBkdXI9IjJzIiByZXBlYXRDb3VudD0iaW5kZWZpbml0ZSIgLz48L3JlY3Q+PC9zdmc+\" data-format=\"jpg\" data-transformations=\"f_auto,q_auto:low\" data-version=\"1562626046\" data-seo=\"1\" data-size=\"800 500\" data-delivery=\"upload\" onload=\";window.CLDBind?CLDBind(this):null;\" data-cloudinary=\"lazy\" \/>Kalemegdan&#8217;da yak\u0131n zamanda yenilenmi\u015f bir canon kulesi olan Nebojsa Kulesi, 1460\u2019larda kenti T\u00fcrklere kar\u015f\u0131 savunmak i\u00e7in in\u015fa edilen daha sonra cezaevine \u00e7evrilen bir yap\u0131. \u015eehrin savunma sisteminin bir par\u00e7as\u0131 olan kulede tutsak olan Rhigas Velestinlis hakk\u0131nda bir sergi de bulunuyor.<\/p>\n<p>Neboj\u0161a Kulesi\u2019nin en \u00fcnl\u00fc mahk\u00fbmu olan Rhigas, ayn\u0131 zamanda 18.y\u00fczy\u0131lda T\u00fcrklere kar\u015f\u0131 Balkan ayaklanmas\u0131 organize etmeye \u00e7al\u0131\u015fan Filiki Eteria \u00f6rg\u00fct\u00fcn\u00fcn de etkin bir eleman\u0131yd\u0131. G\u00fcn\u00fcm\u00fczde Neboj\u0161a Kulesi tarihinden kesitlerin g\u00f6r\u00fclebilece\u011fi bir m\u00fcze olarak hizmet veriyor.<\/p>\n<p>Kalemegdan&#8217;\u0131 gezdikten sonra \u015fehrin kalbi Cumhuriyet Meydan\u0131&#8217;n\u0131 da gezin.\u00a0Belgradl\u0131lar\u0131n bulu\u015fma noktas\u0131 ve kentin en \u00f6nemli meydanlar\u0131ndan Cumhuriyet Meydan\u0131 (Trg Republike), ortas\u0131nda Osmanl\u0131lar\u0131n S\u0131rbistan \u00fczerindeki hakimiyetini sonland\u0131ran Prens Milo\u0161 Obrenovi\u0107\u2019in bir eliyle ileriyi i\u015faret etti\u011fi bir heykele ev sahipli\u011fi yap\u0131yor. Knez Mihailova\u2019n\u0131n hemen yan\u0131 ba\u015f\u0131nda bulunan meydanda S\u0131rbistan Ulusal Tiyatrosu, Parlamento Binas\u0131, Skadarlija ve di\u011fer turistik adresler yer al\u0131yor.<\/p>\n<p>Bu canl\u0131 \u015fehri ziyarete geldi\u011finizde, bir Belgrad turu g\u00f6r\u00fclecek yerler, Belgrad Kalesi, S\u0131rbistan Ulusal M\u00fczesi, Nikola Pasic Meydan\u0131, Aziz Sava Katedrali, Nikola Tesla M\u00fczesi, Ta\u015f Meydan, Usce, Zemun, Belgrad Saray\u0131 olarak s\u0131ralan\u0131yor. Kafan\u0131z kar\u0131\u015fmas\u0131n vaktiniz s\u0131n\u0131rl\u0131 ise, Belgrad\u2019da \u00fc\u00e7 g\u00fcnde g\u00f6r\u00fclebilecek en \u00f6nemli adresleri not edip yola \u00e7\u0131karsan\u0131z, bu \u015fehre gelmek ve geni\u015f geni\u015f ke\u015ffetmek i\u00e7in gayet iyi fikir sahibi olabilirsiniz.<\/p>\n\n    <div class=\"xs_social_share_widget xs_share_url after_content \t\tmain_content  wslu-style-1 wslu-share-box-shaped wslu-fill-colored wslu-none wslu-share-horizontal wslu-theme-font-no wslu-main_content\">\n\n\t\t\n        <ul>\n\t\t\t        <\/ul>\n    <\/div> \n","protected":false},"excerpt":{"rendered":"<p>Belgrad, S\u0131rbistan&#8216;\u0131n Tuna ve Sava nehirlerinin birle\u015fti\u011fi noktada kurulu, yemye\u015fil parklar\u0131, tarihi yap\u0131lar\u0131, dinamik meydanlar\u0131 ve renkli gece hayat\u0131yla, \u00fclkenin g\u00f6z bebe\u011fi, ba\u015fkenti. Avrupa&#8217;dan T\u00fcrkiye&#8217;ye uzanan yol \u00fczerinde yer alan ve T\u00fcrk vatanda\u015flar\u0131n\u0131n vizesiz ziyaret edebilece\u011fi Belgrad, yakla\u015f\u0131k 1,5 saatlik u\u00e7u\u015fla ula\u015f\u0131labilen dikkat \u00e7ekici bir Balkan \u015fehri. Belgrad u\u00e7ak bileti se\u00e7eneklerine g\u00f6z at\u0131n. Belgrad&#8217;\u0131n En [&hellip;]<\/p>\n","protected":false},"author":29,"featured_media":16270,"comment_status":"open","ping_status":"open","sticky":false,"template":"","format":"standard","meta":{"rop_custom_images_group":[],"rop_custom_messages_group":[],"rop_publish_now":"initial","rop_publish_now_accounts":[],"rop_publish_now_history":[],"rop_publish_now_status":"pending","_cloudinary_featured_overwrite":false,"footnotes":""},"categories":[917],"tags":[378],"class_list":["post-16258","post","type-post","status-publish","format-standard","has-post-thumbnail","hentry","category-sirbistan","tag-belgrad"],"_links":{"self":[{"href":"https:\/\/www.turna.com\/blog\/wp-json\/wp\/v2\/posts\/16258","targetHints":{"allow":["GET"]}}],"collection":[{"href":"https:\/\/www.turna.com\/blog\/wp-json\/wp\/v2\/posts"}],"about":[{"href":"https:\/\/www.turna.com\/blog\/wp-json\/wp\/v2\/types\/post"}],"author":[{"embeddable":true,"href":"https:\/\/www.turna.com\/blog\/wp-json\/wp\/v2\/users\/29"}],"replies":[{"embeddable":true,"href":"https:\/\/www.turna.com\/blog\/wp-json\/wp\/v2\/comments?post=16258"}],"version-history":[{"count":0,"href":"https:\/\/www.turna.com\/blog\/wp-json\/wp\/v2\/posts\/16258\/revisions"}],"wp:featuredmedia":[{"embeddable":true,"href":"https:\/\/www.turna.com\/blog\/wp-json\/wp\/v2\/media\/16270"}],"wp:attachment":[{"href":"https:\/\/www.turna.com\/blog\/wp-json\/wp\/v2\/media?parent=16258"}],"wp:term":[{"taxonomy":"category","embeddable":true,"href":"https:\/\/www.turna.com\/blog\/wp-json\/wp\/v2\/categories?post=16258"},{"taxonomy":"post_tag","embeddable":true,"href":"https:\/\/www.turna.com\/blog\/wp-json\/wp\/v2\/tags?post=16258"}],"curies":[{"name":"wp","href":"https:\/\/api.w.org\/{rel}","templated":true}]}}