{"id":16250,"date":"2019-07-20T08:30:14","date_gmt":"2019-07-20T05:30:14","guid":{"rendered":"https:\/\/www.turna.com\/blog\/?p=16250"},"modified":"2022-01-03T13:15:16","modified_gmt":"2022-01-03T10:15:16","slug":"tatile-gidilmesi-depresyon-tedavisi-etkisinde-olan-10-yer","status":"publish","type":"post","link":"https:\/\/www.turna.com\/blog\/tatile-gidilmesi-depresyon-tedavisi-etkisinde-olan-10-yer","title":{"rendered":"Tatile Gidilmesi Depresyon Tedavisi Etkisinde Olan 10 Yer"},"content":{"rendered":"<div id=\"ez-toc-container\" class=\"ez-toc-v2_0_82_2 counter-hierarchy ez-toc-counter ez-toc-black ez-toc-container-direction\">\n<div class=\"ez-toc-title-container\">\n<p class=\"ez-toc-title\" style=\"cursor:inherit\">\u0130\u00e7indekiler<\/p>\n<span class=\"ez-toc-title-toggle\"><a href=\"#\" class=\"ez-toc-pull-right ez-toc-btn ez-toc-btn-xs ez-toc-btn-default ez-toc-toggle\" aria-label=\"\u0130\u00e7indekiler Tablosunu A\u00e7\/Kapat\"><span class=\"ez-toc-js-icon-con\"><span class=\"\"><span class=\"eztoc-hide\" style=\"display:none;\">Toggle<\/span><span class=\"ez-toc-icon-toggle-span\"><svg style=\"fill: #ffffff;color:#ffffff\" xmlns=\"http:\/\/www.w3.org\/2000\/svg\" class=\"list-377408\" width=\"20px\" height=\"20px\" viewBox=\"0 0 24 24\" fill=\"none\"><path d=\"M6 6H4v2h2V6zm14 0H8v2h12V6zM4 11h2v2H4v-2zm16 0H8v2h12v-2zM4 16h2v2H4v-2zm16 0H8v2h12v-2z\" fill=\"currentColor\"><\/path><\/svg><svg style=\"fill: #ffffff;color:#ffffff\" class=\"arrow-unsorted-368013\" xmlns=\"http:\/\/www.w3.org\/2000\/svg\" width=\"10px\" height=\"10px\" viewBox=\"0 0 24 24\" version=\"1.2\" baseProfile=\"tiny\"><path d=\"M18.2 9.3l-6.2-6.3-6.2 6.3c-.2.2-.3.4-.3.7s.1.5.3.7c.2.2.4.3.7.3h11c.3 0 .5-.1.7-.3.2-.2.3-.5.3-.7s-.1-.5-.3-.7zM5.8 14.7l6.2 6.3 6.2-6.3c.2-.2.3-.5.3-.7s-.1-.5-.3-.7c-.2-.2-.4-.3-.7-.3h-11c-.3 0-.5.1-.7.3-.2.2-.3.5-.3.7s.1.5.3.7z\"\/><\/svg><\/span><\/span><\/span><\/a><\/span><\/div>\n<nav><ul class='ez-toc-list ez-toc-list-level-1 eztoc-toggle-hide-by-default' ><li class='ez-toc-page-1 ez-toc-heading-level-2'><a class=\"ez-toc-link ez-toc-heading-1\" href=\"https:\/\/www.turna.com\/blog\/tatile-gidilmesi-depresyon-tedavisi-etkisinde-olan-10-yer\/#tatile_gidilmesi_depresyon_tedavisi_etkisinde_olan_yerler\" >Tatile Gidilmesi Depresyon Tedavisi Etkisinde Olan Yerler<\/a><ul class='ez-toc-list-level-3' ><li class='ez-toc-heading-level-3'><a class=\"ez-toc-link ez-toc-heading-2\" href=\"https:\/\/www.turna.com\/blog\/tatile-gidilmesi-depresyon-tedavisi-etkisinde-olan-10-yer\/#1_olimpos_antalya\" >1. Olimpos, Antalya<\/a><\/li><li class='ez-toc-page-1 ez-toc-heading-level-3'><a class=\"ez-toc-link ez-toc-heading-3\" href=\"https:\/\/www.turna.com\/blog\/tatile-gidilmesi-depresyon-tedavisi-etkisinde-olan-10-yer\/#2_kaz_dagi_canakkale\" >2. Kaz Da\u011f\u0131, \u00c7anakkale<\/a><\/li><li class='ez-toc-page-1 ez-toc-heading-level-3'><a class=\"ez-toc-link ez-toc-heading-4\" href=\"https:\/\/www.turna.com\/blog\/tatile-gidilmesi-depresyon-tedavisi-etkisinde-olan-10-yer\/#3_cunda_balikesir\" >3. Cunda, Bal\u0131kesir<\/a><\/li><li class='ez-toc-page-1 ez-toc-heading-level-3'><a class=\"ez-toc-link ez-toc-heading-5\" href=\"https:\/\/www.turna.com\/blog\/tatile-gidilmesi-depresyon-tedavisi-etkisinde-olan-10-yer\/#4_pokut_yaylasi_rize\" >4. Pokut Yaylas\u0131, Rize<\/a><\/li><li class='ez-toc-page-1 ez-toc-heading-level-3'><a class=\"ez-toc-link ez-toc-heading-6\" href=\"https:\/\/www.turna.com\/blog\/tatile-gidilmesi-depresyon-tedavisi-etkisinde-olan-10-yer\/#5_gokceada_canakkale\" >5. G\u00f6k\u00e7eada, \u00c7anakkale<\/a><\/li><li class='ez-toc-page-1 ez-toc-heading-level-3'><a class=\"ez-toc-link ez-toc-heading-7\" href=\"https:\/\/www.turna.com\/blog\/tatile-gidilmesi-depresyon-tedavisi-etkisinde-olan-10-yer\/#6_karagol_artvin\" >6. Karag\u00f6l, Artvin<\/a><\/li><li class='ez-toc-page-1 ez-toc-heading-level-3'><a class=\"ez-toc-link ez-toc-heading-8\" href=\"https:\/\/www.turna.com\/blog\/tatile-gidilmesi-depresyon-tedavisi-etkisinde-olan-10-yer\/#7_kelebekler_vadisi_mugla\" >7. Kelebekler Vadisi, Mu\u011fla<\/a><\/li><li class='ez-toc-page-1 ez-toc-heading-level-3'><a class=\"ez-toc-link ez-toc-heading-9\" href=\"https:\/\/www.turna.com\/blog\/tatile-gidilmesi-depresyon-tedavisi-etkisinde-olan-10-yer\/#8_golcuk_bolu\" >8. G\u00f6lc\u00fck, Bolu<\/a><\/li><li class='ez-toc-page-1 ez-toc-heading-level-3'><a class=\"ez-toc-link ez-toc-heading-10\" href=\"https:\/\/www.turna.com\/blog\/tatile-gidilmesi-depresyon-tedavisi-etkisinde-olan-10-yer\/#9_igneada_kirklareli\" >9. \u0130\u011fneada, K\u0131rklareli<\/a><\/li><li class='ez-toc-page-1 ez-toc-heading-level-3'><a class=\"ez-toc-link ez-toc-heading-11\" href=\"https:\/\/www.turna.com\/blog\/tatile-gidilmesi-depresyon-tedavisi-etkisinde-olan-10-yer\/#10_dalyan_mugla\" >10. Dalyan, Mu\u011fla<\/a><\/li><\/ul><\/li><\/ul><\/nav><\/div>\n\r\n<p>H\u0131zl\u0131 t\u00fcketim k\u00fclt\u00fcr\u00fc ve \u015fehirle\u015fme bir\u00e7ok insan\u0131 sonu gelmez bir d\u00f6ng\u00fcn\u00fcn i\u00e7erisine hapsediyor. Teknolojinin esiri haline gelen bedenler sabah\u0131n erken saatlerinde kapand\u0131\u011f\u0131 i\u015fyerlerinden ka\u00e7ta \u00e7\u0131karsa \u00e7\u0131ks\u0131n g\u00fcn\u00fcn 24 saati her an i\u015fle u\u011fra\u015f\u0131r hale geldi.<\/p>\r\n<p>G\u00fcndelik ko\u015fu\u015fturmalar, yo\u011fun i\u015f stresi, trafikte ge\u00e7en s\u00fcreler ve kalitesiz beslenme derken kazand\u0131\u011f\u0131m\u0131z paray\u0131 do\u011fayla ba\u015f ba\u015fa vakit ge\u00e7irmek ve kendimize zaman ay\u0131rmak i\u00e7in harcayacak f\u0131rsatlar\u0131 kolluyoruz. Herkesin hayali bir Ege kasabas\u0131na yerle\u015fip kendiyle zaman ge\u00e7irmek olunca tatile gidilmesi depresyon tedavisine e\u015fde\u011fer olan yerler her ge\u00e7en y\u0131l daha da k\u0131ymete biniyor.<\/p>\r\n<h2><span class=\"ez-toc-section\" id=\"tatile_gidilmesi_depresyon_tedavisi_etkisinde_olan_yerler\"><\/span><strong>Tatile Gidilmesi Depresyon Tedavisi Etkisinde Olan Yerler<\/strong><span class=\"ez-toc-section-end\"><\/span><\/h2>\r\n\r\n\r\n\r\n<h3><span class=\"ez-toc-section\" id=\"1_olimpos_antalya\"><\/span><strong>1. Olimpos, Antalya<\/strong><span class=\"ez-toc-section-end\"><\/span><\/h3>\r\n<p><img width=\"800\" height=\"500\" data-public-id=\"Olimpos_iev8wo\/Olimpos_iev8wo.jpg\" fetchpriority=\"high\" decoding=\"async\" class=\"alignnone wp-post-16250 wp-image-16305\" src=\"https:\/\/res.cloudinary.com\/turna\/images\/w_800,h_500,c_scale\/f_auto,q_auto:low\/v1562711337\/Olimpos_iev8wo\/Olimpos_iev8wo.jpg?_i=AA\" data-format=\"jpg\" data-transformations=\"f_auto,q_auto:low\" data-version=\"1562711337\" data-seo=\"1\" srcset=\"https:\/\/res.cloudinary.com\/turna\/images\/f_auto,q_auto:low\/v1562711337\/Olimpos_iev8wo\/Olimpos_iev8wo.jpg?_i=AA 800w, https:\/\/res.cloudinary.com\/turna\/images\/w_300,h_188,c_scale\/f_auto,q_auto:low\/v1562711337\/Olimpos_iev8wo\/Olimpos_iev8wo.jpg?_i=AA 300w, https:\/\/res.cloudinary.com\/turna\/images\/w_672,h_420,c_scale\/f_auto,q_auto:low\/v1562711337\/Olimpos_iev8wo\/Olimpos_iev8wo.jpg?_i=AA 672w, https:\/\/res.cloudinary.com\/turna\/images\/w_640,h_400,c_scale\/f_auto,q_auto:low\/v1562711337\/Olimpos_iev8wo\/Olimpos_iev8wo.jpg?_i=AA 640w, https:\/\/res.cloudinary.com\/turna\/images\/w_681,h_426,c_scale\/f_auto,q_auto:low\/v1562711337\/Olimpos_iev8wo\/Olimpos_iev8wo.jpg?_i=AA 681w\" sizes=\"(max-width: 800px) 100vw, 800px\" \/>Antalya&#8217;n\u0131n Kemer ve Kumluca il\u00e7eleri aras\u0131nda yer alan Olimpos, <a href=\"https:\/\/www.turna.com\/blog\/turkiye\" target=\"_blank\" rel=\"noopener noreferrer\"><strong>T\u00fcrkiye<\/strong><\/a>&#8216;de do\u011fayla ba\u015f ba\u015fa vakit ge\u00e7irilecek en bilinen s\u0131\u011f\u0131n\u0131lan limanlardan. Olimpos Beyda\u011flar\u0131 Milli Park\u0131 s\u0131n\u0131rlar\u0131nda yemye\u015fil bir oku i\u00e7erisinde, antik kent ve sahille bulu\u015fan Olimpos, a\u011fa\u00e7 pansiyonlar\u0131 ile huzurlu bir yer.<\/p>\r\n<p>Daha \u00e7ok s\u0131rt \u00e7antal\u0131 ve kamp yapmaktan ho\u015flanan kesimin tercih etti\u011fi Olimpos, yaz aylar\u0131nda ziyaret\u00e7i ak\u0131n\u0131na u\u011frasa da Olimpos&#8217;ta ge\u00e7irilen fazladan her g\u00fcn \u00fccretsiz depresyon tedavisine e\u015fde\u011fer kabul ediliyor.<\/p>\r\n<p><a href=\"https:\/\/www.turna.com\/ucak-bileti\/antalya\" target=\"_blank\" rel=\"noopener noreferrer\"><strong>Antalya u\u00e7ak bileti<\/strong><\/a> se\u00e7eneklerine g\u00f6z at\u0131n.<\/p>\r\n\r\n\r\n\r\n<h3><span class=\"ez-toc-section\" id=\"2_kaz_dagi_canakkale\"><\/span><strong>2. Kaz Da\u011f\u0131, \u00c7anakkale<\/strong><span class=\"ez-toc-section-end\"><\/span><\/h3>\r\n<p>\u00c7anakkale ve Bal\u0131kesir boyunca, Kuzey Ege&#8217;de uzanan Kaz Da\u011f\u0131, d\u00fcnyada oksijen seviyesinin en y\u00fcksek oldu\u011fu yerlerden. Kaliteli oksijene hasret kalan \u015fehirlilerin yaz-k\u0131\u015f demeden tatil i\u00e7in rotas\u0131na ekledi\u011fi Kaz Da\u011f\u0131, \u015felaleleri, kapl\u0131calar\u0131, ta\u015f evleri, zeytin ve zeytinya\u011f\u0131 ile sa\u011fl\u0131k vaat ediyor.<\/p>\r\n<p>Assos&#8217;tan ba\u015flay\u0131p Edremit Ak\u00e7ay&#8217;a uzanan Kuzey Ege sahili boyunca ye\u015fil ve maviyle bulu\u015fulabilecek onlarca farkl\u0131 k\u00f6y ve sahil beldesine sahip olan Kaz Da\u011f\u0131, \u0130stanbul ve Bursa&#8217;ya olan ula\u015f\u0131m avantaj\u0131 ile bu \u015fehirlerin g\u00f6zdesi.<\/p>\r\n\r\n\r\n\r\n<h3><span class=\"ez-toc-section\" id=\"3_cunda_balikesir\"><\/span><strong>3. Cunda, Bal\u0131kesir<\/strong><span class=\"ez-toc-section-end\"><\/span><\/h3>\r\n<p>Ayval\u0131k&#8217;a bir k\u00f6pr\u00fcyle ba\u011fl\u0131 Cunda Adas\u0131&#8217;n\u0131n resmi ad\u0131 Alibey. \u00dcn\u00fc Ayval\u0131k&#8217;\u0131n \u00f6n\u00fcne ge\u00e7en Cunda Adas\u0131, butik otelleri, mis gibi Ege mavisi ve leziz Akdeniz lezzetleriyle cennetten bir k\u00f6\u015fe.<\/p>\r\n<p>M\u00fcbadele \u00f6ncesi a\u011f\u0131rl\u0131kl\u0131 olarak Rumlar\u0131n ya\u015fad\u0131\u011f\u0131 bu ada o d\u00f6nemin izlerini mimari yap\u0131lar\u0131nda ta\u015f\u0131yor. Rak\u0131-bal\u0131k-Ayval\u0131k s\u00f6z\u00fcne ilham veren Cunda&#8217;da 300&#8217;den fazla meze sunan bal\u0131k restoranlar\u0131 &#8216;Bize biraz huzur laz\u0131m&#8217; diyenleri a\u011f\u0131rl\u0131yor.<\/p>\r\n\r\n\r\n\r\n<h3><span class=\"ez-toc-section\" id=\"4_pokut_yaylasi_rize\"><\/span><strong>4. Pokut Yaylas\u0131, Rize<\/strong><span class=\"ez-toc-section-end\"><\/span><\/h3>\r\n<p><img width=\"800\" height=\"500\" data-public-id=\"Pokut_gmaliv\/Pokut_gmaliv.jpg\" decoding=\"async\" class=\"alignnone wp-post-16250 wp-image-16304\" src=\"https:\/\/res.cloudinary.com\/turna\/images\/w_800,h_500,c_scale\/f_auto,q_auto:low\/v1562711337\/Pokut_gmaliv\/Pokut_gmaliv.jpg?_i=AA\" data-format=\"jpg\" data-transformations=\"f_auto,q_auto:low\" data-version=\"1562711337\" data-seo=\"1\" srcset=\"https:\/\/res.cloudinary.com\/turna\/images\/f_auto,q_auto:low\/v1562711337\/Pokut_gmaliv\/Pokut_gmaliv.jpg?_i=AA 800w, https:\/\/res.cloudinary.com\/turna\/images\/w_300,h_188,c_scale\/f_auto,q_auto:low\/v1562711337\/Pokut_gmaliv\/Pokut_gmaliv.jpg?_i=AA 300w, https:\/\/res.cloudinary.com\/turna\/images\/w_672,h_420,c_scale\/f_auto,q_auto:low\/v1562711337\/Pokut_gmaliv\/Pokut_gmaliv.jpg?_i=AA 672w, https:\/\/res.cloudinary.com\/turna\/images\/w_640,h_400,c_scale\/f_auto,q_auto:low\/v1562711337\/Pokut_gmaliv\/Pokut_gmaliv.jpg?_i=AA 640w, https:\/\/res.cloudinary.com\/turna\/images\/w_681,h_426,c_scale\/f_auto,q_auto:low\/v1562711337\/Pokut_gmaliv\/Pokut_gmaliv.jpg?_i=AA 681w\" sizes=\"(max-width: 800px) 100vw, 800px\" \/>Rize&#8217;nin \u00c7aml\u0131hem\u015fin il\u00e7esi s\u0131n\u0131rlar\u0131nda bulunan Pokut Yaylas\u0131, ye\u015file ve oksijene doymak isteyenler i\u00e7in tam anlam\u0131yla bir cennet. Deniz seviyesinden y\u00fcksekli\u011fi 2 bin 32 metre olan yayla il\u00e7e merkezine 2 saat uzakl\u0131kta.<\/p>\r\n<p>\u00d6zg\u00fcn mimarisi ve bozulmam\u0131\u015f do\u011fal yap\u0131s\u0131 ile \u015fehir ya\u015fam\u0131ndan uzakla\u015fmak i\u00e7in ideal bir destinasyon olan Pokut, Ermenicede r\u00fczgar alan vadi anlam\u0131na geliyor.<\/p>\r\n<h3><strong>\r\n\r\n<\/strong><\/h3>\r\n<h3><span class=\"ez-toc-section\" id=\"5_gokceada_canakkale\"><\/span><strong>5. G\u00f6k\u00e7eada, \u00c7anakkale<\/strong><span class=\"ez-toc-section-end\"><\/span><\/h3>\r\n<p>T\u00fcrkiye&#8217;nin en b\u00fcy\u00fck adas\u0131 unvan\u0131n\u0131 ta\u015f\u0131yan G\u00f6k\u00e7eada, \u00c7anakkale&#8217;ye ba\u011fl\u0131 bir il\u00e7e. \u015eehir ya\u015fam\u0131ndan uzak, trafik sorunu ve insan kalabal\u0131\u011f\u0131n\u0131n u\u011framad\u0131\u011f\u0131 ada T\u00fcrkiye&#8217;de deniz, kum ve g\u00fcne\u015f tatilinin en iyi yap\u0131ld\u0131\u011f\u0131 yerler aras\u0131nda.<\/p>\r\n<p>Ge\u00e7mi\u015fte Rum ve T\u00fcrklerin bir arada ya\u015fad\u0131\u011f\u0131 il\u00e7e bu birlikteli\u011fin izlerini ta\u015f\u0131yan bir g\u00f6r\u00fcn\u00fcme sahip. Heybetli ta\u015f evleri, butik otelleri, Ege lezzetleri ve \u015fahane g\u00fcnbat\u0131m\u0131 ile G\u00f6k\u00e7eada&#8217;da huzurdan bol ba\u015fka bir \u015fey daha yok.<\/p>\r\n<h3><span class=\"ez-toc-section\" id=\"6_karagol_artvin\"><\/span><strong>6. Karag\u00f6l, Artvin<\/strong><span class=\"ez-toc-section-end\"><\/span><\/h3>\r\n<p>Artvin&#8217;in Bor\u00e7ka il\u00e7esi s\u0131n\u0131rlar\u0131nda bulunan Karag\u00f6l, Karadeniz&#8217;in cenneti and\u0131ran g\u00fczelliklerinden yaln\u0131zca bir tanesi. Karadeniz sahil \u015feridinden uzakta olmas\u0131, ula\u015f\u0131m imkanlar\u0131n\u0131n k\u0131s\u0131tl\u0131 olmas\u0131 nedeniyle bir\u00e7ok \u00fcnl\u00fc Karadeniz yaylas\u0131na g\u00f6re daha az ziyaret\u00e7i a\u011f\u0131rlayan ve buna ba\u011fl\u0131 olarak bozulman\u0131n ya\u015fanmad\u0131\u011f\u0131 g\u00f6l tam bir inziva yeri.<\/p>\r\n<p>Klaskur Yaylas\u0131&#8217;n\u0131n yak\u0131nlar\u0131nda ya\u015fanan bir toprak kaymas\u0131yla olu\u015fan g\u00f6l, 2002&#8217;den bu yana Tabiat Park\u0131 olarak koruma alt\u0131nda. 368 hektarl\u0131k alanda yay\u0131lan tabiat park\u0131nda kamp alanlar\u0131, bungalov evler ve alabildi\u011fince ye\u015fil bir doku var.<\/p>\r\n<h3><span class=\"ez-toc-section\" id=\"7_kelebekler_vadisi_mugla\"><\/span><strong>7. Kelebekler Vadisi, Mu\u011fla<\/strong><span class=\"ez-toc-section-end\"><\/span><\/h3>\r\n<p><img width=\"800\" height=\"500\" data-public-id=\"kelebekler-vadisi-kus-bakisi_lc08tt\/kelebekler-vadisi-kus-bakisi_lc08tt.jpg\" decoding=\"async\" class=\"alignnone wp-post-16250 wp-image-16303\" src=\"https:\/\/res.cloudinary.com\/turna\/images\/w_800,h_500,c_scale\/f_auto,q_auto:low\/v1562711337\/kelebekler-vadisi-kus-bakisi_lc08tt\/kelebekler-vadisi-kus-bakisi_lc08tt.jpg?_i=AA\" data-format=\"jpg\" data-transformations=\"f_auto,q_auto:low\" data-version=\"1562711337\" data-seo=\"1\" srcset=\"https:\/\/res.cloudinary.com\/turna\/images\/f_auto,q_auto:low\/v1562711337\/kelebekler-vadisi-kus-bakisi_lc08tt\/kelebekler-vadisi-kus-bakisi_lc08tt.jpg?_i=AA 800w, https:\/\/res.cloudinary.com\/turna\/images\/w_300,h_188,c_scale\/f_auto,q_auto:low\/v1562711337\/kelebekler-vadisi-kus-bakisi_lc08tt\/kelebekler-vadisi-kus-bakisi_lc08tt.jpg?_i=AA 300w, https:\/\/res.cloudinary.com\/turna\/images\/w_672,h_420,c_scale\/f_auto,q_auto:low\/v1562711337\/kelebekler-vadisi-kus-bakisi_lc08tt\/kelebekler-vadisi-kus-bakisi_lc08tt.jpg?_i=AA 672w, https:\/\/res.cloudinary.com\/turna\/images\/w_640,h_400,c_scale\/f_auto,q_auto:low\/v1562711337\/kelebekler-vadisi-kus-bakisi_lc08tt\/kelebekler-vadisi-kus-bakisi_lc08tt.jpg?_i=AA 640w, https:\/\/res.cloudinary.com\/turna\/images\/w_681,h_426,c_scale\/f_auto,q_auto:low\/v1562711337\/kelebekler-vadisi-kus-bakisi_lc08tt\/kelebekler-vadisi-kus-bakisi_lc08tt.jpg?_i=AA 681w\" sizes=\"(max-width: 800px) 100vw, 800px\" \/><\/p>\r\n<p>350 metreye uzanan sarp kayal\u0131klar\u0131n \u00e7evreledi\u011fi bir kanyonun denizle bulu\u015ftu\u011fu noktada yer alan Kelebekler Vadisi, T\u00fcrkiye&#8217;nin en tan\u0131nan tatil destinasyonlar\u0131ndan. Mu\u011fla&#8217;n\u0131n Fethiye il\u00e7esine ba\u011fl\u0131 \u00d6l\u00fcdeniz Mahallesi yak\u0131nlar\u0131ndaki vadiye ula\u015f\u0131m denizden yap\u0131l\u0131yor.<\/p>\r\n<p>Tekne turlar\u0131 ile ya da tekne kiralayarak ula\u015f\u0131lan Kelebekler Vadisi, geni\u015f kumsal\u0131, masmavi denizi ve sakin atmosferi ile her \u015feyden uzak tatil arayanlar i\u00e7in ideal bir yer.<\/p>\r\n<p><a href=\"https:\/\/www.turna.com\/ucak-bileti\/dalaman\" target=\"_blank\" rel=\"noopener noreferrer\"><strong>Dalaman u\u00e7ak bileti<\/strong><\/a> se\u00e7eneklerine g\u00f6z at\u0131n.<\/p>\r\n<h3><span class=\"ez-toc-section\" id=\"8_golcuk_bolu\"><\/span><strong>8. G\u00f6lc\u00fck, Bolu<\/strong><span class=\"ez-toc-section-end\"><\/span><\/h3>\r\n<p>Kartpostall\u0131k foto\u011fraf karelerine hayat veren G\u00f6lc\u00fck, yemye\u015fil, s\u0131k yap\u0131l\u0131 \u00e7am ormanlar\u0131n\u0131n i\u00e7erisinde yer alan G\u00f6lc\u00fck G\u00f6l\u00fc ve \u00e7evresindeki do\u011fal g\u00fczellikleriyle ger\u00e7ek ya\u015famdan uzakla\u015fmak isteyenleri a\u011f\u0131rl\u0131yor.<\/p>\r\n<p>Yaz aylar\u0131nda yo\u011fun ziyaret\u00e7i trafi\u011fi nedeniyle can s\u0131k\u0131c\u0131 bir yere d\u00f6n\u00fc\u015fse de \u00f6zellikle so\u011fuk ve karl\u0131 havalarda kimsenin u\u011framad\u0131\u011f\u0131 G\u00f6lc\u00fck, sakinlik arayanlar i\u00e7in bu d\u00f6nemde daha uygun. Dileyenlerin bungalov evlerde konaklayabildi\u011fi G\u00f6lc\u00fck&#8217;te kamp alanlar\u0131 da var.<\/p>\r\n<h3><span class=\"ez-toc-section\" id=\"9_igneada_kirklareli\"><\/span><strong>9. \u0130\u011fneada, K\u0131rklareli<\/strong><span class=\"ez-toc-section-end\"><\/span><\/h3>\r\n<p>K\u0131rklareli&#8217;nin Demirk\u00f6y il\u00e7esi sn\u0131rlar\u0131nda yer alan \u0130\u011fneada, 22 km&#8217;lik sahili ile Karadeniz boyunca uzan\u0131yor. K\u0131rklareli&#8217;ne 100 km uzakl\u0131ktaki belde ormanl\u0131k alanlar\u0131, \u015felaleleri, dereleri ve kamp alanlar\u0131 ile \u0130stanbul&#8217;a yak\u0131n gezilecek yerler aras\u0131nda.<\/p>\r\n<p>Son y\u0131llarda ad\u0131 daha da s\u0131kl\u0131kla duyulan \u0130\u011fneada, \u0130\u011fneada Longoz Ormanlar\u0131 Mill\u00ee Park\u0131 ilan edilmesiyle birlikte koruma alt\u0131na al\u0131nd\u0131. Ye\u015fil dokusu g\u00f6renleri hayrete d\u00fc\u015f\u00fcren \u0130\u011fneada&#8217;da yaz aylar\u0131nda denize de giriliyor.<\/p>\r\n<h3><span class=\"ez-toc-section\" id=\"10_dalyan_mugla\"><\/span><strong>10. Dalyan, Mu\u011fla<\/strong><span class=\"ez-toc-section-end\"><\/span><\/h3>\r\n<p><img width=\"800\" height=\"500\" loading=\"lazy\" decoding=\"async\" class=\"alignnone wp-post-16250 wp-image-16302\" src=\"data:image\/svg+xml;base64,PHN2ZyB4bWxucz0iaHR0cDovL3d3dy53My5vcmcvMjAwMC9zdmciIHdpZHRoPSI4MDAiIGhlaWdodD0iNTAwIj48cmVjdCB3aWR0aD0iMTAwJSIgaGVpZ2h0PSIxMDAlIj48YW5pbWF0ZSBhdHRyaWJ1dGVOYW1lPSJmaWxsIiB2YWx1ZXM9InJnYmEoMTUzLDE1MywxNTMsMC41KTtyZ2JhKDE1MywxNTMsMTUzLDAuMSk7cmdiYSgxNTMsMTUzLDE1MywwLjUpIiBkdXI9IjJzIiByZXBlYXRDb3VudD0iaW5kZWZpbml0ZSIgLz48L3JlY3Q+PC9zdmc+\" data-public-id=\"Dalyan_fslu1u\/Dalyan_fslu1u.jpg\" data-format=\"jpg\" data-transformations=\"f_auto,q_auto:low\" data-version=\"1562711337\" data-seo=\"1\" data-size=\"800 500\" data-srcset=\"https:\/\/res.cloudinary.com\/turna\/images\/f_auto,q_auto:low\/v1562711337\/Dalyan_fslu1u\/Dalyan_fslu1u.jpg?_i=AA 800w, https:\/\/res.cloudinary.com\/turna\/images\/w_300,h_188,c_scale\/f_auto,q_auto:low\/v1562711337\/Dalyan_fslu1u\/Dalyan_fslu1u.jpg?_i=AA 300w, https:\/\/res.cloudinary.com\/turna\/images\/w_672,h_420,c_scale\/f_auto,q_auto:low\/v1562711337\/Dalyan_fslu1u\/Dalyan_fslu1u.jpg?_i=AA 672w, https:\/\/res.cloudinary.com\/turna\/images\/w_640,h_400,c_scale\/f_auto,q_auto:low\/v1562711337\/Dalyan_fslu1u\/Dalyan_fslu1u.jpg?_i=AA 640w, https:\/\/res.cloudinary.com\/turna\/images\/w_681,h_426,c_scale\/f_auto,q_auto:low\/v1562711337\/Dalyan_fslu1u\/Dalyan_fslu1u.jpg?_i=AA 681w\" data-sizes=\"(max-width: 800px) 100vw, 800px\" data-delivery=\"upload\" onload=\";window.CLDBind?CLDBind(this):null;\" data-cloudinary=\"lazy\" \/><\/p>\r\n<p>Kaunos Antik Kenti&#8217;nin ve kaya mezarlar\u0131n\u0131n bulundu\u011fu Dalyan, Mu\u011fla&#8217;n\u0131n Ortaca il\u00e7esi s\u0131n\u0131rlar\u0131nda yer al\u0131yor. K\u00f6yce\u011fiz G\u00f6l\u00fc Dalyan\u0131 nedeniyle Dalyan olarak an\u0131lan bu tatil beldesi nehir boyunca yap\u0131lan tekne turlar\u0131, tarihi ve turistik alanlar\u0131 ve do\u011fayla bar\u0131\u015f\u0131k otelleri ile ho\u015f bir tatil merkezi.<\/p>\r\n<p>\u0130ngiliz turistlerin s\u0131kl\u0131kla konaklad\u0131\u011f\u0131 Dalyan, d\u00fcnyaca \u00fcnl\u00fc caretta carettalar\u0131n yumurtlad\u0131\u011f\u0131 \u0130ztuzu Plaj\u0131&#8217;na da olduk\u00e7a yak\u0131n.<\/p>\r\n\n    <div class=\"xs_social_share_widget xs_share_url after_content \t\tmain_content  wslu-style-1 wslu-share-box-shaped wslu-fill-colored wslu-none wslu-share-horizontal wslu-theme-font-no wslu-main_content\">\n\n\t\t\n        <ul>\n\t\t\t        <\/ul>\n    <\/div> \n","protected":false},"excerpt":{"rendered":"<p>H\u0131zl\u0131 t\u00fcketim k\u00fclt\u00fcr\u00fc ve \u015fehirle\u015fme bir\u00e7ok insan\u0131 sonu gelmez bir d\u00f6ng\u00fcn\u00fcn i\u00e7erisine hapsediyor. Teknolojinin esiri haline gelen bedenler sabah\u0131n erken saatlerinde kapand\u0131\u011f\u0131 i\u015fyerlerinden ka\u00e7ta \u00e7\u0131karsa \u00e7\u0131ks\u0131n g\u00fcn\u00fcn 24 saati her an i\u015fle u\u011fra\u015f\u0131r hale geldi. G\u00fcndelik ko\u015fu\u015fturmalar, yo\u011fun i\u015f stresi, trafikte ge\u00e7en s\u00fcreler ve kalitesiz beslenme derken kazand\u0131\u011f\u0131m\u0131z paray\u0131 do\u011fayla ba\u015f ba\u015fa vakit ge\u00e7irmek ve [&hellip;]<\/p>\n","protected":false},"author":8,"featured_media":16302,"comment_status":"open","ping_status":"open","sticky":false,"template":"","format":"standard","meta":{"rop_custom_images_group":[],"rop_custom_messages_group":[],"rop_publish_now":"initial","rop_publish_now_accounts":[],"rop_publish_now_history":[],"rop_publish_now_status":"pending","_cloudinary_featured_overwrite":false,"footnotes":""},"categories":[84,1811,1812,1821,1852,1865],"tags":[306,490,247,359,261,2588,352],"class_list":["post-16250","post","type-post","status-publish","format-standard","has-post-thumbnail","hentry","category-turkiye","category-antalya","category-artvin","category-canakkale","category-mugla","category-trabzon","tag-antalya","tag-artvin","tag-canakkale","tag-dalaman","tag-edremit","tag-luleburgaz","tag-trabzon"],"_links":{"self":[{"href":"https:\/\/www.turna.com\/blog\/wp-json\/wp\/v2\/posts\/16250","targetHints":{"allow":["GET"]}}],"collection":[{"href":"https:\/\/www.turna.com\/blog\/wp-json\/wp\/v2\/posts"}],"about":[{"href":"https:\/\/www.turna.com\/blog\/wp-json\/wp\/v2\/types\/post"}],"author":[{"embeddable":true,"href":"https:\/\/www.turna.com\/blog\/wp-json\/wp\/v2\/users\/8"}],"replies":[{"embeddable":true,"href":"https:\/\/www.turna.com\/blog\/wp-json\/wp\/v2\/comments?post=16250"}],"version-history":[{"count":0,"href":"https:\/\/www.turna.com\/blog\/wp-json\/wp\/v2\/posts\/16250\/revisions"}],"wp:featuredmedia":[{"embeddable":true,"href":"https:\/\/www.turna.com\/blog\/wp-json\/wp\/v2\/media\/16302"}],"wp:attachment":[{"href":"https:\/\/www.turna.com\/blog\/wp-json\/wp\/v2\/media?parent=16250"}],"wp:term":[{"taxonomy":"category","embeddable":true,"href":"https:\/\/www.turna.com\/blog\/wp-json\/wp\/v2\/categories?post=16250"},{"taxonomy":"post_tag","embeddable":true,"href":"https:\/\/www.turna.com\/blog\/wp-json\/wp\/v2\/tags?post=16250"}],"curies":[{"name":"wp","href":"https:\/\/api.w.org\/{rel}","templated":true}]}}