{"id":16130,"date":"2019-06-27T08:10:37","date_gmt":"2019-06-27T05:10:37","guid":{"rendered":"https:\/\/www.turna.com\/blog\/?p=16130"},"modified":"2019-09-05T15:21:44","modified_gmt":"2019-09-05T12:21:44","slug":"izmire-gitmek-icin-5-neden","status":"publish","type":"post","link":"https:\/\/www.turna.com\/blog\/izmire-gitmek-icin-5-neden","title":{"rendered":"\u0130zmir&#8217;e Gitmek \u0130\u00e7in 5 Neden"},"content":{"rendered":"<div id=\"ez-toc-container\" class=\"ez-toc-v2_0_82_2 counter-hierarchy ez-toc-counter ez-toc-black ez-toc-container-direction\">\n<div class=\"ez-toc-title-container\">\n<p class=\"ez-toc-title\" style=\"cursor:inherit\">\u0130\u00e7indekiler<\/p>\n<span class=\"ez-toc-title-toggle\"><a href=\"#\" class=\"ez-toc-pull-right ez-toc-btn ez-toc-btn-xs ez-toc-btn-default ez-toc-toggle\" aria-label=\"\u0130\u00e7indekiler Tablosunu A\u00e7\/Kapat\"><span class=\"ez-toc-js-icon-con\"><span class=\"\"><span class=\"eztoc-hide\" style=\"display:none;\">Toggle<\/span><span class=\"ez-toc-icon-toggle-span\"><svg style=\"fill: #ffffff;color:#ffffff\" xmlns=\"http:\/\/www.w3.org\/2000\/svg\" class=\"list-377408\" width=\"20px\" height=\"20px\" viewBox=\"0 0 24 24\" fill=\"none\"><path d=\"M6 6H4v2h2V6zm14 0H8v2h12V6zM4 11h2v2H4v-2zm16 0H8v2h12v-2zM4 16h2v2H4v-2zm16 0H8v2h12v-2z\" fill=\"currentColor\"><\/path><\/svg><svg style=\"fill: #ffffff;color:#ffffff\" class=\"arrow-unsorted-368013\" xmlns=\"http:\/\/www.w3.org\/2000\/svg\" width=\"10px\" height=\"10px\" viewBox=\"0 0 24 24\" version=\"1.2\" baseProfile=\"tiny\"><path d=\"M18.2 9.3l-6.2-6.3-6.2 6.3c-.2.2-.3.4-.3.7s.1.5.3.7c.2.2.4.3.7.3h11c.3 0 .5-.1.7-.3.2-.2.3-.5.3-.7s-.1-.5-.3-.7zM5.8 14.7l6.2 6.3 6.2-6.3c.2-.2.3-.5.3-.7s-.1-.5-.3-.7c-.2-.2-.4-.3-.7-.3h-11c-.3 0-.5.1-.7.3-.2.2-.3.5-.3.7s.1.5.3.7z\"\/><\/svg><\/span><\/span><\/span><\/a><\/span><\/div>\n<nav><ul class='ez-toc-list ez-toc-list-level-1 eztoc-toggle-hide-by-default' ><li class='ez-toc-page-1 ez-toc-heading-level-2'><a class=\"ez-toc-link ez-toc-heading-1\" href=\"https:\/\/www.turna.com\/blog\/izmire-gitmek-icin-5-neden\/#izmire_gitmek_icin_5_neden\" >\u0130zmir&#8217;e Gitmek \u0130\u00e7in 5 Neden<\/a><ul class='ez-toc-list-level-3' ><li class='ez-toc-heading-level-3'><a class=\"ez-toc-link ez-toc-heading-2\" href=\"https:\/\/www.turna.com\/blog\/izmire-gitmek-icin-5-neden\/#1_hosgoru_iklimi\" >1. Ho\u015fg\u00f6r\u00fc iklimi<\/a><\/li><li class='ez-toc-page-1 ez-toc-heading-level-3'><a class=\"ez-toc-link ez-toc-heading-3\" href=\"https:\/\/www.turna.com\/blog\/izmire-gitmek-icin-5-neden\/#2_sonsuz_plajlar\" >2. Sonsuz plajlar<\/a><\/li><li class='ez-toc-page-1 ez-toc-heading-level-3'><a class=\"ez-toc-link ez-toc-heading-4\" href=\"https:\/\/www.turna.com\/blog\/izmire-gitmek-icin-5-neden\/#3_muthis_lezzetler\" >3. M\u00fcthi\u015f lezzetler<\/a><\/li><li class='ez-toc-page-1 ez-toc-heading-level-3'><a class=\"ez-toc-link ez-toc-heading-5\" href=\"https:\/\/www.turna.com\/blog\/izmire-gitmek-icin-5-neden\/#4_tarihi_bolgeler\" >4. Tarihi b\u00f6lgeler<\/a><\/li><li class='ez-toc-page-1 ez-toc-heading-level-3'><a class=\"ez-toc-link ez-toc-heading-6\" href=\"https:\/\/www.turna.com\/blog\/izmire-gitmek-icin-5-neden\/#5_dogayla_ic_ice\" >5. Do\u011fayla i\u00e7 i\u00e7e<\/a><\/li><\/ul><\/li><\/ul><\/nav><\/div>\n<p>8 bin 500 y\u0131ll\u0131k tarihi ge\u00e7mi\u015fi ile <strong>\u0130zmir<\/strong>, <a href=\"https:\/\/www.turna.com\/blog\/turkiye\" target=\"_blank\" rel=\"noopener noreferrer\"><strong>T\u00fcrkiye<\/strong><\/a>&#8216;nin en eski yerle\u015fim yerlerinden. Akdeniz \u00e7ana\u011f\u0131n\u0131n en eski kentlerinden \u0130zmir tarih boyunca farkl\u0131 medeniyetlere ev sahibi yapt\u0131. \u015eehir, bu \u00e7ok k\u00fclt\u00fcrl\u00fc iklimin izlerini her soka\u011f\u0131nda ta\u015f\u0131yor, hissettiriyor.<\/p>\n<p>\u0130stanbul, Ankara gibi b\u00fcy\u00fck \u015fehirlerde \u00e7al\u0131\u015fan beyaz yakal\u0131lar\u0131n her f\u0131rsatta &#8216;\u0130\u015f imkan\u0131 olsa \u0130zmir&#8217;e yerle\u015firim&#8217; d\u00fc\u015f\u00fcncesini y\u00fcksek sesle dile getirdi\u011fi \u0130zmir, modern kimli\u011fi ile \u0130zmirlilik k\u00fclt\u00fcr\u00fcn\u00fc benimsetiyor. T\u00fcrkiye&#8217;nin Bat\u0131&#8217;ya a\u00e7\u0131lan kap\u0131s\u0131 \u0130zmir&#8217;e seyahat plan\u0131 yapmak i\u00e7in 5 nedeni okuduktan sonra u\u00e7ak biletinizi alabilirsiniz.<\/p>\n<p><a href=\"https:\/\/www.turna.com\/ucak-bileti\/izmir\" target=\"_blank\" rel=\"noopener noreferrer\"><strong>\u0130zmir u\u00e7ak bileti<\/strong><\/a> se\u00e7eneklerine g\u00f6z at\u0131n.<\/p>\n<h2><span class=\"ez-toc-section\" id=\"izmire_gitmek_icin_5_neden\"><\/span><strong>\u0130zmir&#8217;e Gitmek \u0130\u00e7in 5 Neden<\/strong><span class=\"ez-toc-section-end\"><\/span><\/h2>\n<h3><span class=\"ez-toc-section\" id=\"1_hosgoru_iklimi\"><\/span><strong>1. Ho\u015fg\u00f6r\u00fc iklimi<\/strong><span class=\"ez-toc-section-end\"><\/span><\/h3>\n<p><img width=\"800\" height=\"500\" data-public-id=\"Izmir_ld9fsf\/Izmir_ld9fsf.jpg\" fetchpriority=\"high\" decoding=\"async\" class=\"alignnone wp-post-16130 wp-image-16151\" src=\"https:\/\/res.cloudinary.com\/turna\/images\/w_800,h_500,c_scale\/f_auto,q_auto:low\/v1560641205\/Izmir_ld9fsf\/Izmir_ld9fsf.jpg?_i=AA\" data-format=\"jpg\" data-transformations=\"f_auto,q_auto:low\" data-version=\"1560641205\" data-seo=\"1\" \/><\/p>\n<p>Tarih boyunca say\u0131s\u0131z medeniyete ev sahipli\u011fi yapan \u0130zmir, farkl\u0131 etnik k\u00f6ken, inan\u00e7 grubu ve d\u00fc\u015f\u00fcnceden bir\u00e7ok ki\u015finin bir arada ya\u015fad\u0131\u011f\u0131 ho\u015fg\u00f6r\u00fc iklimine sahip. G\u00fcn\u00fcm\u00fczde T\u00fcrkiye&#8217;nin en \u00e7a\u011fda\u015f kentleri aras\u0131nda yer alan \u015fehir, bu kimli\u011fi ile \u00f6v\u00fcn\u00fcyor.<\/p>\n<p>Gece ge\u00e7 saatlerde sokaklarda y\u00fcr\u00fcmenin m\u00fcmk\u00fcn oldu\u011fu, 24 saat ya\u015fayan bir \u015fehir g\u00f6r\u00fcn\u00fcm\u00fcnde olan \u0130zmir&#8217;de ya\u015fayan insanlar da \u00e7ok sosyal. \u0130zmir&#8217;e gelenler de bu sosyal yap\u0131dan ho\u015flan\u0131p \u0130zmir kimli\u011fine tan\u0131k oluyor.<\/p>\n<h3><span class=\"ez-toc-section\" id=\"2_sonsuz_plajlar\"><\/span><strong>2. Sonsuz plajlar<\/strong><span class=\"ez-toc-section-end\"><\/span><\/h3>\n<p>Girintili \u00e7\u0131k\u0131nt\u0131l\u0131 k\u0131y\u0131 \u015feridiyle, Ege Denizi&#8217;ne 629 km k\u0131y\u0131s\u0131 bulunan \u0130zmir&#8217;in d\u00f6rt bir yan\u0131nda el de\u011fmemi\u015f koy ve kumsallar bulunuyor. Kentin en \u00fcnl\u00fc turizm merkezi \u00c7e\u015fme ve Ala\u00e7at\u0131&#8217;n\u0131n yan\u0131 s\u0131ra Seferihisar, Urla, Karaburun, Fo\u00e7a, Dikili, Sel\u00e7uk, Menderes il\u00e7elerinin plajlar\u0131 tatil severleri a\u011f\u0131rl\u0131yor.<\/p>\n<p>Y\u0131l boyunca hava s\u0131cakl\u0131klar\u0131n T\u00fcrkiye ortalamas\u0131n\u0131n \u00fczerinde seyretti\u011fi \u0130zmir&#8217;de deniz sezonu nisan ortas\u0131nda ba\u015fl\u0131yor eyl\u00fcl sonuna kadar devam ediyor.<\/p>\n<h3><span class=\"ez-toc-section\" id=\"3_muthis_lezzetler\"><\/span><strong>3. M\u00fcthi\u015f lezzetler<\/strong><span class=\"ez-toc-section-end\"><\/span><\/h3>\n<p><img width=\"800\" height=\"500\" data-public-id=\"Boyoz_jfboc5\/Boyoz_jfboc5.jpg\" decoding=\"async\" class=\"alignnone wp-post-16130 wp-image-16150\" src=\"https:\/\/res.cloudinary.com\/turna\/images\/w_800,h_500,c_scale\/f_auto,q_auto:low\/v1560641204\/Boyoz_jfboc5\/Boyoz_jfboc5.jpg?_i=AA\" data-format=\"jpg\" data-transformations=\"f_auto,q_auto:low\" data-version=\"1560641204\" data-seo=\"1\" \/><\/p>\n<p>Ege ve Akdeniz lezzetleri ile sa\u011fl\u0131kl\u0131 ya\u015fam\u0131n \u00f6nc\u00fcs\u00fc olan \u0130zmir, sokak lezzetleri ile de \u00e7ok zengin bir mutfak k\u00fclt\u00fcr\u00fcne sahip. Tarih boyunca farkl\u0131 k\u00fclt\u00fcrlerin ya\u015fad\u0131\u011f\u0131 kentte bu \u00e7ok k\u00fclt\u00fcrl\u00fc yap\u0131 yemek k\u00fclt\u00fcr\u00fcne de yans\u0131m\u0131\u015f durumda.<\/p>\n<p>\u0130zmir&#8217;in kumrusu, boyozu, gevre\u011fi, zeytinya\u011fl\u0131 mezeleri, deniz \u00fcr\u00fcnleri, s\u00f6\u011f\u00fc\u015f\u00fc, midyesi, \u015fambali tatl\u0131s\u0131, enginar\u0131 ve otlar\u0131n\u0131n \u00fcn\u00fc s\u0131n\u0131rlar\u0131 a\u015fm\u0131\u015f durumda.<\/p>\n<h3><span class=\"ez-toc-section\" id=\"4_tarihi_bolgeler\"><\/span><strong>4. Tarihi b\u00f6lgeler<\/strong><span class=\"ez-toc-section-end\"><\/span><\/h3>\n<p>\u0130zmir&#8217;in tarihi ge\u00e7mi\u015fi g\u00fcn\u00fcm\u00fczden 8 bin 500 y\u0131l \u00f6ncesine uzan\u0131yor. Kentin en \u00f6nemli 2 tarihi b\u00f6lgesi olan Efes Antik Kenti ile Bergama Antik Kenti UNESCO D\u00fcnya Miras\u0131 Listesi&#8217;nde. \u015eehir merkezindeki Agora, Kadifekale, \u0130zmir Arkeoloji M\u00fczesi, Tarih ve Sanat M\u00fczesi, Radyo ve Demokrasi M\u00fczesi, \u0130zmir Gazeteciler Cemiyeti Bas\u0131n M\u00fczesi, Mask M\u00fczesi, \u00dcmran Baradan Oyun ve Oyuncak M\u00fczesi g\u00f6r\u00fclmesi gereken yerler aras\u0131nda.<\/p>\n<h3><span class=\"ez-toc-section\" id=\"5_dogayla_ic_ice\"><\/span><strong>5. Do\u011fayla i\u00e7 i\u00e7e<\/strong><span class=\"ez-toc-section-end\"><\/span><\/h3>\n<p><img width=\"800\" height=\"500\" data-public-id=\"Asiklar-Selalesi_januph\/Asiklar-Selalesi_januph.jpg\" decoding=\"async\" class=\"alignnone wp-post-16130 wp-image-16149\" src=\"https:\/\/res.cloudinary.com\/turna\/images\/w_800,h_500,c_scale\/f_auto,q_auto:low\/v1560641205\/Asiklar-Selalesi_januph\/Asiklar-Selalesi_januph.jpg?_i=AA\" data-format=\"jpg\" data-transformations=\"f_auto,q_auto:low\" data-version=\"1560641205\" data-seo=\"1\" \/><\/p>\n<p>\u0130zmir tarihi zenginliklerinin yan\u0131 s\u0131ra do\u011fal g\u00fczellikleri ile de ziyaret\u00e7ilerine unutulmaz bir deneyim ya\u015fatan bir \u015fehir. \u0130nciralt\u0131 Kent Orman\u0131 \u015fehir merkezinde do\u011fayla bulu\u015fmak i\u00e7in en g\u00fczel adreslerden. Bal\u00e7ova&#8217;da bulunan Teleferik Tesisleri orman i\u00e7inde \u0130zmir K\u00f6rfezi manzaras\u0131n\u0131n tad\u0131n\u0131 \u00e7\u0131karabilece\u011finiz bir yer. Yamanlar Karag\u00f6l, Dikili A\u015f\u0131klar \u015eelalesi, Karaburun k\u00f6yleri ve nergis tarlalar\u0131 da do\u011fayla i\u00e7 i\u00e7e noktalardan.<\/p>\n\n    <div class=\"xs_social_share_widget xs_share_url after_content \t\tmain_content  wslu-style-1 wslu-share-box-shaped wslu-fill-colored wslu-none wslu-share-horizontal wslu-theme-font-no wslu-main_content\">\n\n\t\t\n        <ul>\n\t\t\t        <\/ul>\n    <\/div> \n","protected":false},"excerpt":{"rendered":"<p>8 bin 500 y\u0131ll\u0131k tarihi ge\u00e7mi\u015fi ile \u0130zmir, T\u00fcrkiye&#8216;nin en eski yerle\u015fim yerlerinden. Akdeniz \u00e7ana\u011f\u0131n\u0131n en eski kentlerinden \u0130zmir tarih boyunca farkl\u0131 medeniyetlere ev sahibi yapt\u0131. \u015eehir, bu \u00e7ok k\u00fclt\u00fcrl\u00fc iklimin izlerini her soka\u011f\u0131nda ta\u015f\u0131yor, hissettiriyor. \u0130stanbul, Ankara gibi b\u00fcy\u00fck \u015fehirlerde \u00e7al\u0131\u015fan beyaz yakal\u0131lar\u0131n her f\u0131rsatta &#8216;\u0130\u015f imkan\u0131 olsa \u0130zmir&#8217;e yerle\u015firim&#8217; d\u00fc\u015f\u00fcncesini y\u00fcksek sesle dile [&hellip;]<\/p>\n","protected":false},"author":8,"featured_media":16149,"comment_status":"open","ping_status":"open","sticky":false,"template":"","format":"standard","meta":{"rop_custom_images_group":[],"rop_custom_messages_group":[],"rop_publish_now":"initial","rop_publish_now_accounts":[],"rop_publish_now_history":[],"rop_publish_now_status":"pending","_cloudinary_featured_overwrite":false,"footnotes":""},"categories":[84,1839],"tags":[224],"class_list":["post-16130","post","type-post","status-publish","format-standard","has-post-thumbnail","hentry","category-turkiye","category-izmir","tag-izmir"],"_links":{"self":[{"href":"https:\/\/www.turna.com\/blog\/wp-json\/wp\/v2\/posts\/16130","targetHints":{"allow":["GET"]}}],"collection":[{"href":"https:\/\/www.turna.com\/blog\/wp-json\/wp\/v2\/posts"}],"about":[{"href":"https:\/\/www.turna.com\/blog\/wp-json\/wp\/v2\/types\/post"}],"author":[{"embeddable":true,"href":"https:\/\/www.turna.com\/blog\/wp-json\/wp\/v2\/users\/8"}],"replies":[{"embeddable":true,"href":"https:\/\/www.turna.com\/blog\/wp-json\/wp\/v2\/comments?post=16130"}],"version-history":[{"count":0,"href":"https:\/\/www.turna.com\/blog\/wp-json\/wp\/v2\/posts\/16130\/revisions"}],"wp:featuredmedia":[{"embeddable":true,"href":"https:\/\/www.turna.com\/blog\/wp-json\/wp\/v2\/media\/16149"}],"wp:attachment":[{"href":"https:\/\/www.turna.com\/blog\/wp-json\/wp\/v2\/media?parent=16130"}],"wp:term":[{"taxonomy":"category","embeddable":true,"href":"https:\/\/www.turna.com\/blog\/wp-json\/wp\/v2\/categories?post=16130"},{"taxonomy":"post_tag","embeddable":true,"href":"https:\/\/www.turna.com\/blog\/wp-json\/wp\/v2\/tags?post=16130"}],"curies":[{"name":"wp","href":"https:\/\/api.w.org\/{rel}","templated":true}]}}