{"id":16063,"date":"2024-09-10T08:39:00","date_gmt":"2024-09-10T05:39:00","guid":{"rendered":"https:\/\/www.turna.com\/blog\/?p=16063"},"modified":"2025-12-08T12:04:33","modified_gmt":"2025-12-08T09:04:33","slug":"2019-trendi-en-guzel-yunan-adalari","status":"publish","type":"post","link":"https:\/\/www.turna.com\/blog\/2019-trendi-en-guzel-yunan-adalari","title":{"rendered":"En G\u00fczel Yunan Adalar\u0131 | 10 Harika \u00d6neri"},"content":{"rendered":"<div id=\"ez-toc-container\" class=\"ez-toc-v2_0_82_2 counter-hierarchy ez-toc-counter ez-toc-black ez-toc-container-direction\">\n<div class=\"ez-toc-title-container\">\n<p class=\"ez-toc-title\" style=\"cursor:inherit\">\u0130\u00e7indekiler<\/p>\n<span class=\"ez-toc-title-toggle\"><a href=\"#\" class=\"ez-toc-pull-right ez-toc-btn ez-toc-btn-xs ez-toc-btn-default ez-toc-toggle\" aria-label=\"\u0130\u00e7indekiler Tablosunu A\u00e7\/Kapat\"><span class=\"ez-toc-js-icon-con\"><span class=\"\"><span class=\"eztoc-hide\" style=\"display:none;\">Toggle<\/span><span class=\"ez-toc-icon-toggle-span\"><svg style=\"fill: #ffffff;color:#ffffff\" xmlns=\"http:\/\/www.w3.org\/2000\/svg\" class=\"list-377408\" width=\"20px\" height=\"20px\" viewBox=\"0 0 24 24\" fill=\"none\"><path d=\"M6 6H4v2h2V6zm14 0H8v2h12V6zM4 11h2v2H4v-2zm16 0H8v2h12v-2zM4 16h2v2H4v-2zm16 0H8v2h12v-2z\" fill=\"currentColor\"><\/path><\/svg><svg style=\"fill: #ffffff;color:#ffffff\" class=\"arrow-unsorted-368013\" xmlns=\"http:\/\/www.w3.org\/2000\/svg\" width=\"10px\" height=\"10px\" viewBox=\"0 0 24 24\" version=\"1.2\" baseProfile=\"tiny\"><path d=\"M18.2 9.3l-6.2-6.3-6.2 6.3c-.2.2-.3.4-.3.7s.1.5.3.7c.2.2.4.3.7.3h11c.3 0 .5-.1.7-.3.2-.2.3-.5.3-.7s-.1-.5-.3-.7zM5.8 14.7l6.2 6.3 6.2-6.3c.2-.2.3-.5.3-.7s-.1-.5-.3-.7c-.2-.2-.4-.3-.7-.3h-11c-.3 0-.5.1-.7.3-.2.2-.3.5-.3.7s.1.5.3.7z\"\/><\/svg><\/span><\/span><\/span><\/a><\/span><\/div>\n<nav><ul class='ez-toc-list ez-toc-list-level-1 eztoc-toggle-hide-by-default' ><li class='ez-toc-page-1 ez-toc-heading-level-2'><a class=\"ez-toc-link ez-toc-heading-1\" href=\"https:\/\/www.turna.com\/blog\/2019-trendi-en-guzel-yunan-adalari\/#en_guzel_yunan_adalari\" >En G\u00fczel Yunan Adalar\u0131<\/a><ul class='ez-toc-list-level-3' ><li class='ez-toc-heading-level-3'><a class=\"ez-toc-link ez-toc-heading-2\" href=\"https:\/\/www.turna.com\/blog\/2019-trendi-en-guzel-yunan-adalari\/#zakinthos\" >Zakinthos<\/a><\/li><li class='ez-toc-page-1 ez-toc-heading-level-3'><a class=\"ez-toc-link ez-toc-heading-3\" href=\"https:\/\/www.turna.com\/blog\/2019-trendi-en-guzel-yunan-adalari\/#mikonos\" >Mikonos<\/a><\/li><li class='ez-toc-page-1 ez-toc-heading-level-3'><a class=\"ez-toc-link ez-toc-heading-4\" href=\"https:\/\/www.turna.com\/blog\/2019-trendi-en-guzel-yunan-adalari\/#santorini\" >Santorini<\/a><\/li><li class='ez-toc-page-1 ez-toc-heading-level-3'><a class=\"ez-toc-link ez-toc-heading-5\" href=\"https:\/\/www.turna.com\/blog\/2019-trendi-en-guzel-yunan-adalari\/#rodos\" >Rodos<\/a><\/li><li class='ez-toc-page-1 ez-toc-heading-level-3'><a class=\"ez-toc-link ez-toc-heading-6\" href=\"https:\/\/www.turna.com\/blog\/2019-trendi-en-guzel-yunan-adalari\/#sakiz_adasi\" >Sak\u0131z Adas\u0131<\/a><\/li><li class='ez-toc-page-1 ez-toc-heading-level-3'><a class=\"ez-toc-link ez-toc-heading-7\" href=\"https:\/\/www.turna.com\/blog\/2019-trendi-en-guzel-yunan-adalari\/#kos\" >Kos<\/a><\/li><li class='ez-toc-page-1 ez-toc-heading-level-3'><a class=\"ez-toc-link ez-toc-heading-8\" href=\"https:\/\/www.turna.com\/blog\/2019-trendi-en-guzel-yunan-adalari\/#thassos\" >Thassos<\/a><\/li><li class='ez-toc-page-1 ez-toc-heading-level-3'><a class=\"ez-toc-link ez-toc-heading-9\" href=\"https:\/\/www.turna.com\/blog\/2019-trendi-en-guzel-yunan-adalari\/#korfu\" >Korfu<\/a><\/li><li class='ez-toc-page-1 ez-toc-heading-level-3'><a class=\"ez-toc-link ez-toc-heading-10\" href=\"https:\/\/www.turna.com\/blog\/2019-trendi-en-guzel-yunan-adalari\/#girit\" >Girit<\/a><\/li><\/ul><\/li><li class='ez-toc-page-1 ez-toc-heading-level-2'><a class=\"ez-toc-link ez-toc-heading-11\" href=\"https:\/\/www.turna.com\/blog\/2019-trendi-en-guzel-yunan-adalari\/#giritte_bunlari_yapmadan_donmeyin\" >Girit&#8217;te Bunlar\u0131 Yapmadan D\u00f6nmeyin:<\/a><ul class='ez-toc-list-level-3' ><li class='ez-toc-heading-level-3'><a class=\"ez-toc-link ez-toc-heading-12\" href=\"https:\/\/www.turna.com\/blog\/2019-trendi-en-guzel-yunan-adalari\/#naxos\" >Naxos<\/a><\/li><\/ul><\/li><\/ul><\/nav><\/div>\n\n<p><a href=\"https:\/\/www.turna.com\/blog\/ulkeler\/avrupa\/yunanistan\" target=\"_blank\" rel=\"noopener noreferrer\"><strong>Yunanistan<\/strong><\/a> say\u0131lar\u0131 2 bini a\u015fan adalar\u0131yla d\u00fcnyan\u0131n en \u00e7ok adas\u0131na sahip olan \u00fclkelerinden biri. Ege, Akdeniz ve Adriyatik denizinde yer alan bu adalardan 300&#8217;e yak\u0131n\u0131nda yerle\u015fim yeri bulunuyor. Yani Yunanistan&#8217;daki adalar saymakla bitmez. Ama g\u00fczelli\u011fiyle di\u011ferlerine fark atanlar\u0131 var elbette. <strong>En g\u00fczel Yunan adalar\u0131<\/strong> var bug\u00fcn listemizde.<\/p>\n\n\n\n<p>Her biri bamba\u015fka \u00f6zellikleriyle \u00f6ne \u00e7\u0131kan Yunan Adalar\u0131, <a href=\"https:\/\/www.turna.com\/blog\/ulkeler\/avrupa\/\" target=\"_blank\" rel=\"noopener noreferrer\"><strong>Avrupa<\/strong><\/a>&#8216;da en \u00e7ok ziyaret edilen turizm destinasyonlar\u0131 aras\u0131nda. \u00d6zellikle yaz aylar\u0131nda ziyaret\u00e7i ak\u0131n\u0131na u\u011frayan adalar, c\u0131v\u0131l c\u0131v\u0131l sahilleri, yemye\u015fil dokular\u0131, muhte\u015fem konaklama tesisleri, renkli tavernalar\u0131 ve s\u0131cakkanl\u0131 insanlar\u0131yla keyifli bir tatil imkan\u0131 sunuyor.<\/p>\n\n\n\n<p><a href=\"https:\/\/www.turna.com\/ucak-bileti\/yunanistan\" target=\"_blank\" rel=\"noopener noreferrer\"><strong>Yunanistan u\u00e7ak bileti<\/strong><\/a> se\u00e7eneklerine g\u00f6z at\u0131n.<\/p>\n\n\n\n<h2 class=\"wp-block-heading has-text-align-center has-neeon-button-dark-gray-color has-text-color has-link-color wp-elements-f0108a16b37ffcd8b728168bcb42fb88\"><span class=\"ez-toc-section\" id=\"en_guzel_yunan_adalari\"><\/span><strong>En G\u00fczel Yunan Adalar\u0131<\/strong><span class=\"ez-toc-section-end\"><\/span><\/h2>\n\n\n\n<p>Bir zamanlar baz\u0131lar\u0131 bizim olan adalara \u015fimdi pasaportla vizeyle gidiyor olmak hepimizin i\u00e7inde bir s\u0131z\u0131 biliyorum. Ama yine de Ege&#8217;nin hemen kar\u015f\u0131 k\u0131y\u0131s\u0131nda yer almalar\u0131, feribotla ula\u015fma kolayl\u0131\u011f\u0131 ve elbette kendine has g\u00fczellikleriyle seyahat ve tatil i\u00e7in s\u0131k\u00e7a tercih ediliyor Yunanistan adalar\u0131.<\/p>\n\n\n\n<p>Her biri bamba\u015fka g\u00fczel bu adalar\u0131n. Romantik atmosferine kap\u0131l\u0131p gidece\u011finiz Santorini, tarihi dokusunu \u00e7ok iyi korumu\u015f Rodos, mavinin bin bir tonuna doyaca\u011f\u0131n\u0131z Ege Denizi ile yaz aylar\u0131nda hem tatilimi yapay\u0131m hem de yurtd\u0131\u015f\u0131 havas\u0131 alay\u0131m isteyenler i\u00e7in kesinlikle e\u015fsiz se\u00e7enekler. Bakal\u0131m en g\u00fczel Yunan adalar\u0131 listemizde nereler var.<\/p>\n\n\n\n<h3 class=\"wp-block-heading has-text-align-center has-neeon-button-dark-gray-color has-text-color has-link-color wp-elements-1afd15371da26bac9eea00d812b34422\"><span class=\"ez-toc-section\" id=\"zakinthos\"><\/span><strong>Zakinthos<\/strong><span class=\"ez-toc-section-end\"><\/span><\/h3>\n\n\n\n<figure class=\"wp-block-image\"><img width=\"800\" height=\"500\" data-public-id=\"Zakintos_xctinj\/Zakintos_xctinj.jpg\" fetchpriority=\"high\" decoding=\"async\" src=\"https:\/\/res.cloudinary.com\/turna\/images\/w_800,h_500,c_scale\/f_auto,q_auto:low\/v1559337535\/Zakintos_xctinj\/Zakintos_xctinj.jpg?_i=AA\" alt=\"En G\u00fczel Yunan Adalar\u0131\" class=\"wp-post-16063 wp-image-16067\" data-format=\"jpg\" data-transformations=\"f_auto,q_auto:low\" data-version=\"1559337535\" data-seo=\"1\" srcset=\"https:\/\/res.cloudinary.com\/turna\/images\/f_auto,q_auto:low\/v1559337535\/Zakintos_xctinj\/Zakintos_xctinj.jpg?_i=AA 800w, https:\/\/res.cloudinary.com\/turna\/images\/w_300,h_188,c_scale\/f_auto,q_auto:low\/v1559337535\/Zakintos_xctinj\/Zakintos_xctinj.jpg?_i=AA 300w, https:\/\/res.cloudinary.com\/turna\/images\/w_672,h_420,c_scale\/f_auto,q_auto:low\/v1559337535\/Zakintos_xctinj\/Zakintos_xctinj.jpg?_i=AA 672w, https:\/\/res.cloudinary.com\/turna\/images\/w_640,h_400,c_scale\/f_auto,q_auto:low\/v1559337535\/Zakintos_xctinj\/Zakintos_xctinj.jpg?_i=AA 640w, https:\/\/res.cloudinary.com\/turna\/images\/w_681,h_426,c_scale\/f_auto,q_auto:low\/v1559337535\/Zakintos_xctinj\/Zakintos_xctinj.jpg?_i=AA 681w\" sizes=\"(max-width: 800px) 100vw, 800px\" \/><\/figure>\n\n\n\n<p>Yunanistan&#8217;\u0131n 2019&#8217;da en trend adas\u0131 olarak g\u00f6sterilen <strong><a href=\"https:\/\/maps.app.goo.gl\/mTpEvTxEqjctvEj28\" target=\"_blank\" rel=\"noreferrer noopener\">Zakinthos<\/a><\/strong>, Adriyatik Denizi&#8217;nde yer alan \u0130talyan esintileri ta\u015f\u0131yan bir ada. Adan\u0131n en \u00f6nemli b\u00f6lgesi ise g\u00f6rselleri d\u00fcnyaca \u00fcnl\u00fc Navagio Plaj\u0131.<\/p>\n\n\n\n<p>G\u00fcney Koreliler taraf\u0131ndan \u00e7ekilen bir\u00e7ok diziye ev sahipli\u011fi yapmas\u0131 nedeniyle Uzak Do\u011fulu turistlerin ak\u0131n etti\u011fi Zakinthos&#8217;un d\u00f6rt bir yan\u0131nda farkl\u0131 b\u00fct\u00e7elere hitap eden konaklama alternatifleri var. Adan\u0131n g\u00fcneyi Akdeniz su kaplumba\u011falar\u0131n\u0131n ya\u015fam alan\u0131.<\/p>\n\n\n\n<p><strong>Zakinthos&#8217;ta Bunlar\u0131 Yapmadan D\u00f6nmeyin:<\/strong><\/p>\n\n\n\n<ul class=\"wp-block-list\">\n<li><strong>Navagio Plaj\u0131\u2019na gidin<\/strong> ve o \u00fcnl\u00fc gemi enkaz\u0131n\u0131n yan\u0131nda turkuaz sulara dal\u0131n, plaj\u0131n b\u00fcy\u00fcleyici manzaras\u0131na hayran kal\u0131n.<\/li>\n\n\n\n<li><strong>Mavi Ma\u011faralar\u2019a tekne turu yap\u0131n<\/strong> ve sular\u0131n i\u00e7indeki muhte\u015fem renk oyunlar\u0131n\u0131 izlerken kendinizi bir masal\u0131n i\u00e7inde gibi hissedin.<\/li>\n\n\n\n<li><strong>Laganas K\u00f6rfezi\u2019nde Caretta Caretta kaplumba\u011falar\u0131yla y\u00fcz\u00fcn<\/strong> ve bu e\u015fsiz canl\u0131larla unutulmaz bir deneyim ya\u015fay\u0131n.<\/li>\n\n\n\n<li><strong>Keri Feneri\u2019nde g\u00fcn bat\u0131m\u0131n\u0131 izleyin<\/strong> ve adan\u0131n en g\u00fczel manzaralar\u0131ndan birinde, g\u00f6ky\u00fcz\u00fcn\u00fcn b\u00fcy\u00fcleyici renklerine tan\u0131kl\u0131k edin.<\/li>\n\n\n\n<li><strong>Bohali Tepesi\u2019ne \u00e7\u0131k\u0131n<\/strong> ve Zakynthos kasabas\u0131n\u0131n panoramik manzaras\u0131n\u0131 kucaklayarak \u015fehri tepeden seyredin.<\/li>\n\n\n\n<li><strong>Xigia Plaj\u0131&#8217;nda y\u00fcz\u00fcn<\/strong> ve cildinize iyi gelen s\u00fclf\u00fcr kaynaklar\u0131n\u0131n \u015fifal\u0131 sular\u0131nda yenilendi\u011finizi hissedin.<\/li>\n\n\n\n<li><strong>Vasilikos K\u00f6y\u00fc\u2019n\u00fc ke\u015ffedin<\/strong> ve bu huzurlu k\u00f6yde do\u011fayla ba\u015f ba\u015fa kal\u0131p yerel ya\u015fam\u0131n tad\u0131n\u0131 \u00e7\u0131kar\u0131n.<\/li>\n<\/ul>\n\n\n\n<p><a href=\"https:\/\/www.turna.com\/ucak-bileti\/zakinthos-island\">Zakinthos u\u00e7ak bileti<\/a> se\u00e7eneklerine g\u00f6z at\u0131n.<\/p>\n\n\n\n<h3 class=\"wp-block-heading has-text-align-center has-neeon-button-dark-gray-color has-text-color has-link-color wp-elements-d1690b35fd1a36ede29986de0386fbd4\"><span class=\"ez-toc-section\" id=\"mikonos\"><\/span><strong>Mikonos<\/strong><span class=\"ez-toc-section-end\"><\/span><\/h3>\n\n\n\n<figure class=\"wp-block-image\"><img width=\"800\" height=\"500\" data-public-id=\"Mikonos_u3jfci\/Mikonos_u3jfci.jpg\" decoding=\"async\" src=\"https:\/\/res.cloudinary.com\/turna\/images\/w_800,h_500,c_scale\/f_auto,q_auto:low\/v1559337535\/Mikonos_u3jfci\/Mikonos_u3jfci.jpg?_i=AA\" alt=\"En G\u00fczel Yunan Adalar\u0131 Mikonos\" class=\"wp-post-16063 wp-image-16064\" data-format=\"jpg\" data-transformations=\"f_auto,q_auto:low\" data-version=\"1559337535\" data-seo=\"1\" srcset=\"https:\/\/res.cloudinary.com\/turna\/images\/f_auto,q_auto:low\/v1559337535\/Mikonos_u3jfci\/Mikonos_u3jfci.jpg?_i=AA 800w, https:\/\/res.cloudinary.com\/turna\/images\/w_300,h_188,c_scale\/f_auto,q_auto:low\/v1559337535\/Mikonos_u3jfci\/Mikonos_u3jfci.jpg?_i=AA 300w, https:\/\/res.cloudinary.com\/turna\/images\/w_672,h_420,c_scale\/f_auto,q_auto:low\/v1559337535\/Mikonos_u3jfci\/Mikonos_u3jfci.jpg?_i=AA 672w, https:\/\/res.cloudinary.com\/turna\/images\/w_640,h_400,c_scale\/f_auto,q_auto:low\/v1559337535\/Mikonos_u3jfci\/Mikonos_u3jfci.jpg?_i=AA 640w, https:\/\/res.cloudinary.com\/turna\/images\/w_681,h_426,c_scale\/f_auto,q_auto:low\/v1559337535\/Mikonos_u3jfci\/Mikonos_u3jfci.jpg?_i=AA 681w\" sizes=\"(max-width: 800px) 100vw, 800px\" \/><\/figure>\n\n\n\n<p>D\u00fcnyaca \u00fcnl\u00fc Yunan Adas\u0131 <strong><a href=\"https:\/\/maps.app.goo.gl\/CW8pg4WhZLks31R3A\" target=\"_blank\" rel=\"noreferrer noopener\">Mikonos<\/a><\/strong>, en g\u00fczel Yunan adalar\u0131 denildi\u011finde bir\u00e7ok ki\u015finin akl\u0131na gelen ilk yer. Ege Denizi&#8217;nde yer alan, bembeyaz yap\u0131lar\u0131, darac\u0131k sokaklar\u0131, sokaklar\u0131nda dola\u015fan pelikanlar\u0131, yel de\u011firmenleri ve e\u015fcinsellere olan ho\u015fg\u00f6r\u00fcl\u00fc yakla\u015f\u0131m\u0131yla LGBT\u0130+ cenneti olarak da an\u0131lan Mikonos, \u00e7\u0131lg\u0131n gece ya\u015fam\u0131 ile de tan\u0131n\u0131yor.<\/p>\n\n\n\n<p><strong>Mikonos&#8217;ta Bunlar\u0131 Yapmadan D\u00f6nmeyin:<\/strong><\/p>\n\n\n\n<ul class=\"wp-block-list\">\n<li><strong>K\u00fc\u00e7\u00fck Venedik&#8217;te y\u00fcr\u00fcy\u00fcn<\/strong> ve denizin hemen k\u0131y\u0131s\u0131ndaki renkli evlerin \u00f6n\u00fcnden ge\u00e7erken g\u00fcn bat\u0131m\u0131n\u0131n keyfini \u00e7\u0131kar\u0131n.<\/li>\n\n\n\n<li><strong>Paraportianni Kilisesi\u2019ni ziyaret edin<\/strong> ve bu beyaz badanal\u0131, tarihi yap\u0131n\u0131n mistik atmosferini hissedin.<\/li>\n\n\n\n<li><strong>Paradise Beach\u2019te g\u00fcne\u015flenin<\/strong> ve g\u00fcn boyu plaj partilerinde m\u00fczi\u011fin ve e\u011flencenin tad\u0131n\u0131 \u00e7\u0131kar\u0131n.<\/li>\n\n\n\n<li><strong>Mykonos\u2019un r\u00fczgar de\u011firmenlerini g\u00f6r\u00fcn<\/strong> ve adan\u0131n sembol\u00fc olan bu ikonik yap\u0131larla foto\u011fraf \u00e7ektirin.<\/li>\n\n\n\n<li><strong>Matogianni Caddesi\u2019nde al\u0131\u015fveri\u015f yap\u0131n<\/strong> ve \u015f\u0131k butikler ile yerel ma\u011fazalardan ada tarz\u0131na uygun hediyelikler al\u0131n.<\/li>\n<\/ul>\n\n\n\n<p>Mikonos&#8217;a Atina&#8217;dan ve bir\u00e7ok Yunan Adas\u0131&#8217;ndan feribot ve u\u00e7akla ula\u015f\u0131m sa\u011flan\u0131yor. \u0130stanbul&#8217;dan yaz d\u00f6neminde direkt u\u00e7ak seferleri de bulunuyor. <a href=\"https:\/\/www.turna.com\/ucak-bileti\/mykonos\">Mikonos u\u00e7ak bileti<\/a> turna.com&#8217;da.<\/p>\n\n\n\n<h3 class=\"wp-block-heading has-text-align-center has-neeon-button-dark-gray-color has-text-color has-link-color wp-elements-bf5392b5340ae3ad2c8f57b9d2c5f8ae\"><span class=\"ez-toc-section\" id=\"santorini\"><\/span><strong>Santorini<\/strong><span class=\"ez-toc-section-end\"><\/span><\/h3>\n\n\n\n<figure class=\"wp-block-image\"><img width=\"800\" height=\"500\" data-public-id=\"Santorini_nql7lo\/Santorini_nql7lo.jpg\" decoding=\"async\" src=\"https:\/\/res.cloudinary.com\/turna\/images\/w_800,h_500,c_scale\/f_auto,q_auto:low\/v1559337529\/Santorini_nql7lo\/Santorini_nql7lo.jpg?_i=AA\" alt=\"En G\u00fczel Yunan Adalar\u0131 Santorini\" class=\"wp-post-16063 wp-image-16065\" data-format=\"jpg\" data-transformations=\"f_auto,q_auto:low\" data-version=\"1559337529\" data-seo=\"1\" srcset=\"https:\/\/res.cloudinary.com\/turna\/images\/f_auto,q_auto:low\/v1559337529\/Santorini_nql7lo\/Santorini_nql7lo.jpg?_i=AA 800w, https:\/\/res.cloudinary.com\/turna\/images\/w_300,h_188,c_scale\/f_auto,q_auto:low\/v1559337529\/Santorini_nql7lo\/Santorini_nql7lo.jpg?_i=AA 300w, https:\/\/res.cloudinary.com\/turna\/images\/w_672,h_420,c_scale\/f_auto,q_auto:low\/v1559337529\/Santorini_nql7lo\/Santorini_nql7lo.jpg?_i=AA 672w, https:\/\/res.cloudinary.com\/turna\/images\/w_640,h_400,c_scale\/f_auto,q_auto:low\/v1559337529\/Santorini_nql7lo\/Santorini_nql7lo.jpg?_i=AA 640w, https:\/\/res.cloudinary.com\/turna\/images\/w_681,h_426,c_scale\/f_auto,q_auto:low\/v1559337529\/Santorini_nql7lo\/Santorini_nql7lo.jpg?_i=AA 681w\" sizes=\"(max-width: 800px) 100vw, 800px\" \/><\/figure>\n\n\n\n<p>Ege Denizi&#8217;nde yer alan volkanik ada <strong><a href=\"https:\/\/maps.app.goo.gl\/jwyfiwTPcKW4ULd38\" target=\"_blank\" rel=\"noreferrer noopener\">Santorini<\/a><\/strong>, volkanik plajlar\u0131n\u0131n yan\u0131 s\u0131ra volkan patlamalar\u0131yla \u015fekillenen dik u\u00e7urumundaki muhte\u015fem manzaras\u0131yla tan\u0131n\u0131yor. \u00d6zellikle g\u00fcn bat\u0131m\u0131nda harika foto\u011fraf kareleri yaratan adada super l\u00fcks segmentte onlarca butik otel var. Sanat kokulu sokaklar\u0131nda kendinizi kaybedece\u011finiz adan\u0131n plajlar\u0131 da \u00e7ok ho\u015f.<\/p>\n\n\n\n<p><strong>Santorini&#8217;de Bunlar\u0131 Yapmadan D\u00f6nmeyin:<\/strong><\/p>\n\n\n\n<ul class=\"wp-block-list\">\n<li><strong>Oia\u2019da g\u00fcn bat\u0131m\u0131n\u0131 izleyin<\/strong> ve d\u00fcnyaca \u00fcnl\u00fc bu manzarada g\u00f6ky\u00fcz\u00fcn\u00fcn turuncudan pembeye d\u00f6n\u00fc\u015f\u00fcne tan\u0131kl\u0131k edin.<\/li>\n\n\n\n<li><strong>K\u0131rm\u0131z\u0131 Plaj\u2019da y\u00fcz\u00fcn<\/strong> ve k\u0131rm\u0131z\u0131 kayal\u0131klar\u0131n aras\u0131nda benzersiz bir deniz keyfi ya\u015fay\u0131n.<\/li>\n\n\n\n<li><strong>Santorini \u015faraplar\u0131n\u0131 tad\u0131n<\/strong> ve adan\u0131n \u00fcnl\u00fc ba\u011flar\u0131nda Assyrtiko gibi yerel \u015faraplar\u0131 deneyimleyin.<\/li>\n\n\n\n<li><strong>Kamari ya da Perissa\u2019daki siyah kum plajlar\u0131nda dinlenin<\/strong> ve volkanik kumlar\u0131n \u00fczerinde g\u00fcne\u015flenmenin tad\u0131n\u0131 \u00e7\u0131kar\u0131n.<\/li>\n\n\n\n<li><strong>Santorini\u2019nin geleneksel k\u00f6ylerini ziyaret edin<\/strong> ve Pyrgos ya da Megalochori gibi k\u00f6ylerde adan\u0131n otantik ya\u015fam\u0131na tan\u0131k olun.<\/li>\n\n\n\n<li><strong>Bir tekne turuna kat\u0131l\u0131n<\/strong> ve volkanik adalar\u0131n etraf\u0131nda y\u00fczerek, s\u0131cak su kaynaklar\u0131n\u0131n keyfini \u00e7\u0131kar\u0131n.<\/li>\n<\/ul>\n\n\n\n<p>Santorini&#8217;ye Atina ve Yunan Adalar\u0131&#8217;ndan feribot ve u\u00e7akla ula\u015f\u0131m m\u00fcmk\u00fcn. T\u00fcrkiye \u00e7\u0131k\u0131\u015fl\u0131 kruvaziyer turlar\u0131 Santorini&#8217;ye de u\u011fruyor. <a href=\"https:\/\/www.turna.com\/ucak-bileti\/thira\">Santorini u\u00e7ak bileti<\/a> turna.com&#8217;da.<\/p>\n\n\n\n<h3 class=\"wp-block-heading has-text-align-center has-neeon-button-dark-gray-color has-text-color has-link-color wp-elements-6ba3680e0c33714e835866c04ea6a781\"><span class=\"ez-toc-section\" id=\"rodos\"><\/span><strong>Rodos<\/strong><span class=\"ez-toc-section-end\"><\/span><\/h3>\n\n\n\n<figure class=\"wp-block-image size-large\"><img decoding=\"async\" src=\"https:\/\/res.cloudinary.com\/turna\/image\/upload\/v1657007245\/rodos.jpg\" alt=\"Rodos\"\/><\/figure>\n\n\n\n<p><strong><a href=\"https:\/\/maps.app.goo.gl\/WziELxzqBbm1wHfY6\" target=\"_blank\" rel=\"noreferrer noopener\">Rodos<\/a><\/strong> Ege Denizi&#8217;nde bulunan on iki adalar\u0131n en b\u00fcy\u00fc\u011f\u00fc. Bozburun Yar\u0131madas\u0131&#8217;ndan yaln\u0131zca 18 km mesafede yer al\u0131yor.&nbsp;Pasaportunuz ve schengeniniz varsa atlay\u0131n feribota solu\u011fu Rodos&#8217;ta al\u0131n. E\u011fer ama\u00e7 deniz tatili yapmak de\u011filse g\u00fcn\u00fcbirlik bile gidebilirsiniz. Rodos Old Town b\u00f6lgesini gezip tarihte yolculu\u011fu \u00e7\u0131karak \u015f\u00f6yle bir orta\u00e7a\u011f havas\u0131 al\u0131p d\u00f6nersiniz. E\u011fer biraz daha uzun bir tatilse istedi\u011finiz nefes kesici g\u00fczellikteki plajlar\u0131 da sizi fazlas\u0131yla tatmin edecek. <\/p>\n\n\n\n<p><strong>Rodos&#8217;ta Bunlar\u0131 Yapmadan D\u00f6nmeyin:<\/strong><\/p>\n\n\n\n<ul class=\"wp-block-list\">\n<li><strong>Rodos Eski \u015eehir\u2019de dola\u015f\u0131n<\/strong> ve Orta \u00c7a\u011f sokaklar\u0131n\u0131n b\u00fcy\u00fcleyici atmosferinde kendinizi kaybedin.<\/li>\n\n\n\n<li><strong>\u015e\u00f6valyeler Caddesi\u2019nde y\u00fcr\u00fcy\u00fcn<\/strong> ve bu tarihi yolda Rodos&#8217;un zengin ge\u00e7mi\u015fini ke\u015ffedin.<\/li>\n\n\n\n<li><strong>B\u00fcy\u00fck \u00dcstatlar Saray\u0131\u2019n\u0131 ziyaret edin<\/strong> ve bu g\u00f6rkemli kale-m\u00fczedeki \u015f\u00f6valyelerin izini s\u00fcr\u00fcn.<\/li>\n\n\n\n<li><strong>Lindos Akropol\u00fc\u2019ne t\u0131rman\u0131n<\/strong> ve antik kal\u0131nt\u0131larla \u00e7evrili bu tepeden nefes kesici manzaray\u0131 izleyin.<\/li>\n\n\n\n<li><strong>Tsambika Plaj\u0131\u2019nda y\u00fcz\u00fcn<\/strong> ve adan\u0131n en g\u00fczel plajlar\u0131ndan birinde alt\u0131n kumlar\u0131n ve berrak sular\u0131n tad\u0131n\u0131 \u00e7\u0131kar\u0131n.<\/li>\n\n\n\n<li><strong>Kelebekler Vadisi\u2019nde y\u00fcr\u00fcy\u00fc\u015f yap\u0131n<\/strong> ve do\u011fan\u0131n sessizli\u011fi i\u00e7inde kelebeklerle dolu bu b\u00fcy\u00fcleyici vadeyi ke\u015ffedin.<\/li>\n\n\n\n<li><strong>Anthony Quinn Koyu\u2019nda denize girin<\/strong> ve \u00fcnl\u00fc akt\u00f6r\u00fcn ad\u0131n\u0131 ta\u015f\u0131yan bu sakin koyda huzur bulun.<\/li>\n<\/ul>\n\n\n\n<p>Rodos&#8217;a Marmaris&#8217;ten kalkan feribotlarla ve di\u011fer Yunan adalar\u0131ndan da rahat\u00e7a ula\u015fabilirsiniz. <strong><a href=\"https:\/\/www.turna.com\/blog\/feribotla-gidilen-yunan-adalari\" target=\"_blank\" rel=\"noreferrer noopener\">Feribotla Gidilen Yunan Adalar\u0131<\/a><\/strong> yaz\u0131m\u0131z\u0131 okuyarak daha detayl\u0131 bilgi edinebilirsiniz. <a href=\"https:\/\/www.turna.com\/ucak-bileti\/rodos\">Rodos u\u00e7ak bileti<\/a> turna.com&#8217;da.<\/p>\n\n\n\n<h3 class=\"wp-block-heading has-text-align-center has-neeon-button-dark-gray-color has-text-color has-link-color wp-elements-6effba7e5a572104b9ca878a0dc5fa0f\"><span class=\"ez-toc-section\" id=\"sakiz_adasi\"><\/span><strong>Sak\u0131z Adas\u0131<\/strong><span class=\"ez-toc-section-end\"><\/span><\/h3>\n\n\n\n<figure class=\"wp-block-image size-large\"><img width=\"800\" height=\"500\" data-public-id=\"sak\u0131z_adas\u0131\/sak\u0131z_adas\u0131.jpg\" decoding=\"async\" src=\"https:\/\/res.cloudinary.com\/turna\/images\/w_800,h_500,c_scale\/f_auto,q_auto:low\/v1657007245\/sak\u0131z_adas\u0131\/sak\u0131z_adas\u0131.jpg?_i=AA\" alt=\"Sak\u0131z Adas\u0131\" class=\"wp-post-16063 wp-image-22583\" data-format=\"jpg\" data-transformations=\"f_auto,q_auto:low\" data-version=\"1657007245\" data-seo=\"1\" srcset=\"https:\/\/res.cloudinary.com\/turna\/images\/f_auto,q_auto:low\/v1657007245\/sak\u0131z_adas\u0131\/sak\u0131z_adas\u0131.jpg?_i=AA 800w, https:\/\/res.cloudinary.com\/turna\/images\/w_300,h_188,c_scale\/f_auto,q_auto:low\/v1657007245\/sak\u0131z_adas\u0131\/sak\u0131z_adas\u0131.jpg?_i=AA 300w, https:\/\/res.cloudinary.com\/turna\/images\/w_672,h_420,c_scale\/f_auto,q_auto:low\/v1657007245\/sak\u0131z_adas\u0131\/sak\u0131z_adas\u0131.jpg?_i=AA 672w, https:\/\/res.cloudinary.com\/turna\/images\/w_640,h_400,c_scale\/f_auto,q_auto:low\/v1657007245\/sak\u0131z_adas\u0131\/sak\u0131z_adas\u0131.jpg?_i=AA 640w, https:\/\/res.cloudinary.com\/turna\/images\/w_681,h_426,c_scale\/f_auto,q_auto:low\/v1657007245\/sak\u0131z_adas\u0131\/sak\u0131z_adas\u0131.jpg?_i=AA 681w\" sizes=\"(max-width: 800px) 100vw, 800px\" \/><figcaption class=\"wp-element-caption\">En G\u00fczel Yunan Adalar\u0131<\/figcaption><\/figure>\n\n\n\n<p>Sak\u0131z a\u011fa\u00e7lar\u0131&nbsp;ve bu a\u011fa\u00e7lardan elde edilen&nbsp;damla sak\u0131z\u0131&nbsp;ile \u00fcnl\u00fc olan <strong><a href=\"https:\/\/maps.app.goo.gl\/NkovB2B1JQM28hs4A\" target=\"_blank\" rel=\"noreferrer noopener\">Sak\u0131z Adas\u0131<\/a><\/strong> var s\u0131rada. Adan\u0131n turistik yerleri i\u00e7inde Orta \u00c7a\u011f k\u00f6yleri ve 11. y\u00fczy\u0131ldan kalma&nbsp;Nea Moni&nbsp;Manast\u0131r\u0131 yer al\u0131yor. Deniz turizmi ve k\u00fclt\u00fcr turizmi i\u00e7in tercih edebilirsiniz. Sak\u0131z Adas\u0131&#8217;n\u0131 yaz aylar\u0131nda kap\u0131da vize ile de ziyaret edebilirsiniz. <strong><a href=\"https:\/\/www.turna.com\/blog\/yunan-adalari-kapi-vizesi-nasil-alinir\" target=\"_blank\" rel=\"noreferrer noopener\">Yunan Adalar\u0131 Kap\u0131 Vizesi Nas\u0131l Al\u0131n\u0131r<\/a><\/strong> blog yaz\u0131m\u0131z tam bir rehber niteli\u011finde. Mutlaka okuyun.<br><\/p>\n\n\n\n<p><strong>Sak\u0131z Adas\u0131&#8217;nda Bunlar\u0131 Yapmadan D\u00f6nmeyin:<\/strong><\/p>\n\n\n\n<ul class=\"wp-block-list\">\n<li><strong>Mastikahoria k\u00f6ylerini ke\u015ffedin<\/strong> ve sak\u0131z a\u011fa\u00e7lar\u0131n\u0131n e\u015fsiz kokusu e\u015fli\u011finde, Orta \u00c7a\u011f\u2019dan kalma bu k\u00f6ylerin dar sokaklar\u0131nda gezin.<\/li>\n\n\n\n<li><strong>Pyrgi k\u00f6y\u00fcne gidin<\/strong> ve binalar\u0131n d\u0131\u015f cephelerindeki geometrik siyah-beyaz desenlerle \u00fcnl\u00fc bu k\u00f6yde b\u00fcy\u00fclenin.<\/li>\n\n\n\n<li><strong>Mesta K\u00f6y\u00fc\u2019nde kaybolun<\/strong> ve labirenti and\u0131ran dar sokaklar\u0131yla zaman yolculu\u011funa \u00e7\u0131k\u0131n.<\/li>\n\n\n\n<li><strong>Sak\u0131z Kalesi\u2019ni ziyaret edin<\/strong> ve bu tarihi yap\u0131n\u0131n duvarlar\u0131n\u0131n aras\u0131nda adan\u0131n zengin tarihine tan\u0131kl\u0131k edin.<\/li>\n\n\n\n<li><strong>Karfas Plaj\u0131\u2019nda y\u00fcz\u00fcn<\/strong> ve alt\u0131n kumlu bu plajda Ege&#8217;nin tertemiz sular\u0131n\u0131n tad\u0131n\u0131 \u00e7\u0131kar\u0131n.<\/li>\n\n\n\n<li><strong>Nea Moni Manast\u0131r\u0131\u2019na gidin<\/strong> ve UNESCO D\u00fcnya Miras\u0131 listesindeki bu Bizans d\u00f6nemi manast\u0131r\u0131n\u0131n ihti\u015fam\u0131n\u0131 ke\u015ffedin.<\/li>\n\n\n\n<li><strong>Sak\u0131z a\u011fa\u00e7lar\u0131n\u0131n s\u0131rr\u0131n\u0131 \u00f6\u011frenin<\/strong> ve bir mastika \u00e7iftli\u011finde bu de\u011ferli re\u00e7inenin nas\u0131l topland\u0131\u011f\u0131n\u0131 g\u00f6zlemleyin.<\/li>\n<\/ul>\n\n\n\n<p>Sak\u0131z&#8217;a \u00c7e\u015fme&#8217;den 30 dakikal\u0131k bir feribot yolculu\u011fu ile rahatl\u0131kla ula\u015fabilirsiniz. Turna.com&#8217;da <strong><a href=\"https:\/\/www.turna.com\/feribot-bileti\" target=\"_blank\" rel=\"noreferrer noopener\">feribot bileti<\/a><\/strong> rezervasyonunuzu kolayl\u0131kla yapabilirsiniz.<\/p>\n\n\n\n<h3 class=\"wp-block-heading has-text-align-center has-neeon-button-dark-gray-color has-text-color has-link-color wp-elements-40ad034aa78f861ebbfe21d0805a2a78\"><span class=\"ez-toc-section\" id=\"kos\"><\/span><strong>Kos<\/strong><span class=\"ez-toc-section-end\"><\/span><\/h3>\n\n\n\n<figure class=\"wp-block-image size-large\"><img decoding=\"async\" src=\"https:\/\/res.cloudinary.com\/turna\/image\/upload\/v1657007245\/kos_adas%C4%B1.jpg\" alt=\"Kos\"\/><\/figure>\n\n\n\n<p>Bodrum&#8217;un hemen kar\u015f\u0131 k\u0131y\u0131s\u0131 <strong><a href=\"https:\/\/maps.app.goo.gl\/Fmu1CpqqynN2KUyZA\" target=\"_blank\" rel=\"noreferrer noopener\">Kos Adas\u0131<\/a><\/strong>. Kendisi \u0130stank\u00f6y olarak da tan\u0131n\u0131yor. Kos Yunanistan\u2019\u0131n 12 adalar\u0131ndan biri. K\u00fc\u00e7\u00fcc\u00fck bir ada buras\u0131. D\u00fc\u015f\u00fcn\u00fcn ki adan\u0131n bir ucundan di\u011fer ucuna uzakl\u0131k 45 km. Muhte\u015fem Ege denizi ile kavu\u015fmak, buz gibi sularda y\u00fczmek, antik kal\u0131nt\u0131lar\u0131n izini s\u00fcrmek adan\u0131n olmazsa olmazlar\u0131ndan. Neratzia Kalesi, Hipokrat A\u011fac\u0131, Agia Paraskevi Kilisesi, Zia K\u00f6y\u00fc Kos Adas\u0131&#8217;nda mutlaka g\u00f6rmeniz gereken yerlerin ba\u015f\u0131nda geliyor. Marmari ve Tigaki Plajlar\u0131 da deniz severlere en g\u00fczel \u00f6nerilerden.<\/p>\n\n\n\n<p><strong>Kos&#8217;ta Bunlar\u0131 Yapmadan D\u00f6nmeyin:<\/strong><\/p>\n\n\n\n<ul class=\"wp-block-list\">\n<li><strong>Asklepius Tap\u0131na\u011f\u0131\u2019n\u0131 ziyaret edin<\/strong> ve antik t\u0131p merkezinin kal\u0131nt\u0131lar\u0131 aras\u0131nda tarihi bir yolculu\u011fa \u00e7\u0131k\u0131n.<\/li>\n\n\n\n<li><strong>Kos Kalesi\u2019ni ke\u015ffedin<\/strong> ve bu etkileyici kalede adan\u0131n ge\u00e7mi\u015fini g\u00f6zlemleyin.<\/li>\n\n\n\n<li><strong>Antik Kos Tiyatrosu\u2019nda gezinin<\/strong> ve bu tarihi yap\u0131n\u0131n \u00e7evresindeki atmosferi hissedin.<\/li>\n\n\n\n<li><strong>Zia K\u00f6y\u00fc\u2019n\u00fc ziyaret edin<\/strong> ve geleneksel Yunan k\u00f6y ya\u015fant\u0131s\u0131n\u0131 deneyimleyin.<\/li>\n\n\n\n<li><strong>Psalidi Plaj\u0131\u2019nda g\u00fcne\u015flenin<\/strong> ve adan\u0131n sakin plaj\u0131nda rahatlay\u0131n.<\/li>\n\n\n\n<li><strong>Hippocrates Meydan\u0131\u2019nda dola\u015f\u0131n<\/strong> ve bu merkezi meydanda adan\u0131n sosyal hayat\u0131n\u0131 g\u00f6zlemleyin.<\/li>\n<\/ul>\n\n\n\n<p>Kos Adas\u0131&#8217;na Bodrum&#8217;dan h\u0131zl\u0131 ve yava\u015f feribot se\u00e7enekleriyle k\u0131sa s\u00fcrede ula\u015fabilirsiniz. <a href=\"https:\/\/www.turna.com\/ucak-bileti\/kos\">Kos u\u00e7ak bileti<\/a> turna.com&#8217;da.<\/p>\n\n\n\n<h3 class=\"wp-block-heading has-text-align-center has-neeon-button-dark-gray-color has-text-color has-link-color wp-elements-ee071623ca214723893f6bb5ac1f308e\"><span class=\"ez-toc-section\" id=\"thassos\"><\/span><strong>Thassos<\/strong><span class=\"ez-toc-section-end\"><\/span><\/h3>\n\n\n\n<figure class=\"wp-block-image\"><img width=\"800\" height=\"500\" data-public-id=\"Thassos_kpeyy6\/Thassos_kpeyy6.jpg\" loading=\"lazy\" decoding=\"async\" src=\"https:\/\/res.cloudinary.com\/turna\/images\/w_800,h_500,c_scale\/f_auto,q_auto:low\/v1559337531\/Thassos_kpeyy6\/Thassos_kpeyy6.jpg?_i=AA\" alt=\"thassos\" class=\"wp-post-16063 wp-image-16066\" data-format=\"jpg\" data-transformations=\"f_auto,q_auto:low\" data-version=\"1559337531\" data-seo=\"1\" srcset=\"https:\/\/res.cloudinary.com\/turna\/images\/f_auto,q_auto:low\/v1559337531\/Thassos_kpeyy6\/Thassos_kpeyy6.jpg?_i=AA 800w, https:\/\/res.cloudinary.com\/turna\/images\/w_300,h_188,c_scale\/f_auto,q_auto:low\/v1559337531\/Thassos_kpeyy6\/Thassos_kpeyy6.jpg?_i=AA 300w, https:\/\/res.cloudinary.com\/turna\/images\/w_672,h_420,c_scale\/f_auto,q_auto:low\/v1559337531\/Thassos_kpeyy6\/Thassos_kpeyy6.jpg?_i=AA 672w, https:\/\/res.cloudinary.com\/turna\/images\/w_640,h_400,c_scale\/f_auto,q_auto:low\/v1559337531\/Thassos_kpeyy6\/Thassos_kpeyy6.jpg?_i=AA 640w, https:\/\/res.cloudinary.com\/turna\/images\/w_681,h_426,c_scale\/f_auto,q_auto:low\/v1559337531\/Thassos_kpeyy6\/Thassos_kpeyy6.jpg?_i=AA 681w\" sizes=\"(max-width: 800px) 100vw, 800px\" \/><\/figure>\n\n\n\n<p>Ege Denizi&#8217;nin kuzeyinde, Yunanistan&#8217;\u0131n Makedonya b\u00f6lgesi s\u0131n\u0131rlar\u0131nda yer alan <strong><a href=\"https:\/\/maps.app.goo.gl\/JLVeirmRHifEWCHKA\" target=\"_blank\" rel=\"noreferrer noopener\">Thassos Adas\u0131<\/a><\/strong>, Halkidiki K\u00f6rfezi&#8217;nin en pop\u00fcler adas\u0131. \u0130stanbul \u00e7\u0131k\u0131\u015fl\u0131 Yunanistan turlar\u0131n\u0131n da rotalar\u0131 aras\u0131nda yer alan adan\u0131n bembeyaz kumsal\u0131 ile \u00fcnl\u00fc Marble Plaj\u0131 en pop\u00fcler noktas\u0131.<\/p>\n\n\n\n<p><strong>Thassos&#8217;ta Bunlar\u0131 Yapmadan D\u00f6nmeyin:<\/strong><\/p>\n\n\n\n<ul class=\"wp-block-list\">\n<li><strong>Limenas\u2019\u0131n arkeolojik alan\u0131n\u0131 ziyaret edin<\/strong> ve antik kal\u0131nt\u0131lar aras\u0131nda tarihe yolculuk yap\u0131n.<\/li>\n\n\n\n<li><strong>Golden Beach\u2019te y\u00fcz\u00fcn<\/strong> ve bu \u00fcnl\u00fc plaj\u0131n temiz sular\u0131nda rahatlay\u0131n.<\/li>\n\n\n\n<li><strong>Panagia K\u00f6y\u00fc\u2019n\u00fc ke\u015ffedin<\/strong> ve bu geleneksel k\u00f6yde Yunan k\u00fclt\u00fcr\u00fcn\u00fc deneyimleyin.<\/li>\n\n\n\n<li><strong>Aliki Koyu\u2019na gidin<\/strong> ve etkileyici manzaralar e\u015fli\u011finde denizin tad\u0131n\u0131 \u00e7\u0131kar\u0131n.<\/li>\n\n\n\n<li><strong>Thassos Kalesi\u2019ni gezinin<\/strong> ve adan\u0131n tarihi kal\u0131nt\u0131lar\u0131 aras\u0131nda dola\u015f\u0131n.<\/li>\n\n\n\n<li><strong>Marble Beach\u2019te g\u00fcne\u015flenin<\/strong> ve bu benzersiz plajda beyaz mermer ta\u015flar\u0131n\u0131n keyfini \u00e7\u0131kar\u0131n.<\/li>\n\n\n\n<li><strong>Archaeological Museum of Thassos\u2019u ziyaret edin<\/strong> ve adan\u0131n tarihine dair eserleri inceleyin.<\/li>\n<\/ul>\n\n\n\n<p>Thassos&#8217;a \u0130psala \u00fczerinden \u00f6zel ara\u00e7la, \u0130stanbul&#8217;dan otob\u00fcsle ve Selanik \u00fczerinden u\u00e7akla ula\u015f\u0131m m\u00fcmk\u00fcn. <a href=\"https:\/\/www.turna.com\/ucak-bileti\/selanik\">Selanik u\u00e7ak bileti<\/a> turna.com&#8217;da.<\/p>\n\n\n\n<h3 class=\"wp-block-heading has-text-align-center has-neeon-button-dark-gray-color has-text-color has-link-color wp-elements-dd90340c0803c904457156eda727d940\"><span class=\"ez-toc-section\" id=\"korfu\"><\/span><strong>Korfu<\/strong><span class=\"ez-toc-section-end\"><\/span><\/h3>\n\n\n\n<figure class=\"wp-block-image size-large\"><img decoding=\"async\" src=\"https:\/\/res.cloudinary.com\/turna\/image\/upload\/v1725974810\/wordpress-contents\/korfu.jpg\" alt=\"En G\u00fczel Yunan Adalar\u0131 korfu\"\/><\/figure>\n\n\n\n<p><strong><a href=\"https:\/\/maps.app.goo.gl\/5YRq2NY3sCtFcezD8\" target=\"_blank\" rel=\"noreferrer noopener\">Korfu<\/a><\/strong>\u2019ya ad\u0131m att\u0131\u011f\u0131n\u0131zda sizi masmavi bir deniz, yemye\u015fil do\u011fa ve ge\u00e7mi\u015fin izlerini ta\u015f\u0131yan b\u00fcy\u00fcleyici bir tarih bekliyor! Bu adan\u0131n her k\u00f6\u015fesi ayr\u0131 bir hik\u00e2ye anlat\u0131yor. UNESCO D\u00fcnya Miras\u0131 listesindeki Eski \u015eehir, dar sokaklar\u0131 ve Venedik mimarisiyle adeta zamanda yolculu\u011fa \u00e7\u0131kar\u0131yor. Paleokastritsa&#8217;n\u0131n nefes kesen koylar\u0131nda y\u00fczmek ise bir tatil klasi\u011fi! Ayr\u0131ca, Korfu mutfa\u011f\u0131n\u0131n g\u00f6zdesi pastitsada\u2019y\u0131 denemeyi sak\u0131n unutmay\u0131n, \u00e7\u00fcnk\u00fc bu lezzet bir efsane. \ud83d\ude0b Plajlar, tarihi yap\u0131lar ve s\u0131cakkanl\u0131 ada halk\u0131 sizi her ad\u0131mda i\u00e7ine \u00e7ekecek!<\/p>\n\n\n\n<p><strong>Korfu&#8217;da Bunlar\u0131 Yapmadan D\u00f6nmeyin:<\/strong><\/p>\n\n\n\n<ul class=\"wp-block-list\">\n<li><strong>K\u00fc\u00e7\u00fck Venedik\u2019te y\u00fcr\u00fcy\u00fcn<\/strong> ve renkli evlerin \u00f6n\u00fcnde foto\u011fraf \u00e7ekin.<\/li>\n\n\n\n<li><strong>Eski Kalesi\u2019ni ziyaret edin<\/strong> ve adan\u0131n tarihi manzaras\u0131n\u0131 tepeden izleyin.<\/li>\n\n\n\n<li><strong>Achilleion Saray\u0131\u2019n\u0131 gezinin<\/strong> ve bu etkileyici sarayda tarihi ve mimarinin keyfini \u00e7\u0131kar\u0131n.<\/li>\n\n\n\n<li><strong>Kanoni ve Pontikonisi\u2019yi g\u00f6r\u00fcn<\/strong> ve bu ikonik manzarada huzur bulun.<\/li>\n\n\n\n<li><strong>Paleokastritsa Manast\u0131r\u0131\u2019n\u0131 ziyaret edin<\/strong> ve muhte\u015fem deniz manzaras\u0131na tan\u0131kl\u0131k edin.<\/li>\n\n\n\n<li><strong>Sidari Plaj\u0131\u2019nda g\u00fcne\u015flenin<\/strong> ve \u00fcnl\u00fc Kanal d\u2019Amour\u2019da y\u00fczme keyfi ya\u015fay\u0131n.<\/li>\n\n\n\n<li><strong>Gouvia K\u00f6y\u00fc\u2019n\u00fc ke\u015ffedin<\/strong> ve geleneksel k\u00f6y ya\u015fam\u0131n\u0131n tad\u0131n\u0131 \u00e7\u0131kar\u0131n.<\/li>\n\n\n\n<li><strong>Yerel tavernalarda Corfiot mutfa\u011f\u0131n\u0131 deneyimleyin<\/strong> ve adan\u0131n \u00f6zel yemeklerini tatmay\u0131 unutmay\u0131n!<br><\/li>\n<\/ul>\n\n\n\n<p><strong><a href=\"https:\/\/www.turna.com\/ucak-bileti\/kerkyra\" target=\"_blank\" rel=\"noreferrer noopener\">Korfu u\u00e7ak bileti<\/a><\/strong> se\u00e7enekleri i\u00e7in web sitemizi ziyaret edin.<\/p>\n\n\n\n<h3 class=\"wp-block-heading has-text-align-center has-neeon-button-dark-gray-color has-text-color has-link-color wp-elements-17069794afcc1c22f5d30125f1901249\"><span class=\"ez-toc-section\" id=\"girit\"><\/span><strong>Girit<\/strong><span class=\"ez-toc-section-end\"><\/span><\/h3>\n\n\n\n<figure class=\"wp-block-image size-large\"><img decoding=\"async\" src=\"https:\/\/res.cloudinary.com\/turna\/image\/upload\/v1725974809\/wordpress-contents\/girit.jpg\" alt=\"girit\"\/><figcaption class=\"wp-element-caption\">En G\u00fczel Yunan Adalar\u0131<\/figcaption><\/figure>\n\n\n\n<p><strong><a href=\"https:\/\/maps.app.goo.gl\/HDizwwDMe94AWsEaA\" target=\"_blank\" rel=\"noreferrer noopener\">Girit<\/a><\/strong>&#8216;e ayak bast\u0131\u011f\u0131n\u0131z anda, kendinizi tarih, do\u011fa ve lezzet dolu bir d\u00fcnyada bulacaks\u0131n\u0131z! Bu ada, Avrupa&#8217;n\u0131n en eski medeniyetlerinden biri olan Minos&#8217;a ev sahipli\u011fi yapm\u0131\u015f, Knossos Saray\u0131&#8217;nda bu medeniyetin b\u00fcy\u00fcleyici izlerini g\u00f6rebilirsiniz. Denize girmek isteyenler i\u00e7in Elafonissi Plaj\u0131, pembe kumlar\u0131yla adeta masals\u0131 bir sahne sunuyor (Evet, pembe kum! Instagram\u2019da filtreye gerek yok). Girit\u2019in mutfa\u011f\u0131 ise ba\u015fl\u0131 ba\u015f\u0131na bir yolculuk! Kalamar, otlu b\u00f6rekler ve me\u015fhur dakos salatas\u0131&#8230; Tad\u0131 dama\u011f\u0131n\u0131zda kalacak. Girit&#8217;te tarih ve do\u011fa i\u00e7 i\u00e7e, adan\u0131n b\u00fcy\u00fcs\u00fc ise hi\u00e7 bitmiyor!<\/p>\n\n\n\n<h2 class=\"wp-block-heading\"><span class=\"ez-toc-section\" id=\"giritte_bunlari_yapmadan_donmeyin\"><\/span><strong>Girit&#8217;te Bunlar\u0131 Yapmadan D\u00f6nmeyin:<\/strong><span class=\"ez-toc-section-end\"><\/span><\/h2>\n\n\n\n<ul class=\"wp-block-list\">\n<li><strong>Knossos Saray\u0131\u2019n\u0131 ziyaret edin<\/strong> ve antik Minoan medeniyetinin izlerini ke\u015ffedin.<\/li>\n\n\n\n<li><strong>Elafonissi Plaj\u0131\u2019nda y\u00fcz\u00fcn<\/strong> ve pembe kumlar\u0131n ve turkuaz sular\u0131n tad\u0131n\u0131 \u00e7\u0131kar\u0131n.<\/li>\n\n\n\n<li><strong>Samaria Kanyonu\u2019nda trekking yap\u0131n<\/strong> ve bu etkileyici do\u011fa harikas\u0131n\u0131 ke\u015ffedin.<\/li>\n\n\n\n<li><strong>Arhanes K\u00f6y\u00fc\u2019nde \u015farap tad\u0131m\u0131 yap\u0131n<\/strong> ve yerel \u015faraplar\u0131n lezzetini deneyimleyin.<\/li>\n\n\n\n<li><strong>Balos Lag\u00fcn\u00fc\u2019ne tekne turu yap\u0131n<\/strong> ve bu nefes kesici lag\u00fcn ve plaj\u0131n keyfini \u00e7\u0131kar\u0131n.<\/li>\n\n\n\n<li><strong>Matala Plaj\u0131\u2019nda g\u00fcne\u015flenin<\/strong> ve \u00fcnl\u00fc ma\u011faralar\u0131n etraf\u0131nda rahatlay\u0131n.<\/li>\n\n\n\n<li><strong>Gortyn Antik Kenti\u2019ni gezinin<\/strong> ve bu tarihi kal\u0131nt\u0131larda zaman yolculu\u011funa \u00e7\u0131k\u0131n.<\/li>\n<\/ul>\n\n\n\n<p><strong><a href=\"https:\/\/www.turna.com\/ucak-bileti\/kandiye\" target=\"_blank\" rel=\"noreferrer noopener\">Girit u\u00e7ak bileti<\/a><\/strong> f\u0131rsatlar\u0131n\u0131 ke\u015ffetmek i\u00e7in turna.com&#8217;u ziyaret edin.<\/p>\n\n\n\n<h3 class=\"wp-block-heading has-text-align-center has-neeon-button-dark-gray-color has-text-color has-link-color wp-elements-dca96f218d0076d43a385bf83b57f962\"><span class=\"ez-toc-section\" id=\"naxos\"><\/span><strong>Naxos<\/strong><span class=\"ez-toc-section-end\"><\/span><\/h3>\n\n\n\n<figure class=\"wp-block-image size-large\"><img decoding=\"async\" src=\"https:\/\/res.cloudinary.com\/turna\/image\/upload\/v1725974809\/wordpress-contents\/naxos.jpg\" alt=\"naxos\"\/><\/figure>\n\n\n\n<p><strong><a href=\"https:\/\/maps.app.goo.gl\/sekEY1mFLS46pySY6\" target=\"_blank\" rel=\"noreferrer noopener\">Naxos<\/a><\/strong>, Yunan adalar\u0131n\u0131n gizli cevherlerinden biri! Buraya gelince ilk dura\u011f\u0131n\u0131z kesinlikle Portara olmal\u0131; denizin ortas\u0131nda y\u00fckselen antik bir tap\u0131nak kap\u0131s\u0131 gibi, adeta Instagram i\u00e7in yarat\u0131lm\u0131\u015f bir manzara! Plaj severler i\u00e7in Agios Prokopios\u2019un alt\u0131n kumlar\u0131 ve kristal berrakl\u0131\u011f\u0131ndaki denizi m\u00fcthi\u015f! Naxos\u2019un mis gibi taze ke\u00e7i peynirleri, ada mutfa\u011f\u0131n\u0131n y\u0131ld\u0131zlar\u0131 aras\u0131nda. Ayr\u0131ca buras\u0131 mitolojide Dionysos&#8217;un adas\u0131 olarak bilinir, yani e\u011flence ve \u015farap zaten garantili!<\/p>\n\n\n\n<p><strong>Naxos&#8217;da Bunlar\u0131 Yapmadan D\u00f6nmeyin:<\/strong><\/p>\n\n\n\n<ul class=\"wp-block-list\">\n<li><strong>Portara\u2019y\u0131 g\u00f6r\u00fcn<\/strong> ve bu antik tap\u0131nak kap\u0131s\u0131n\u0131n yan\u0131nda foto\u011fraf \u00e7ekilin.<\/li>\n\n\n\n<li><strong>Naxos Kalesi\u2019ni ziyaret edin<\/strong> ve adan\u0131n tarihini g\u00f6zlemleyin.<\/li>\n\n\n\n<li><strong>Agios Prokopios Plaj\u0131\u2019nda y\u00fcz\u00fcn<\/strong> ve bu g\u00fczel plajda rahatlay\u0131n.<\/li>\n\n\n\n<li><strong>Apiranthos K\u00f6y\u00fc\u2019n\u00fc ke\u015ffedin<\/strong> ve bu geleneksel k\u00f6yde dola\u015f\u0131n.<\/li>\n\n\n\n<li><strong>Demeter Tap\u0131na\u011f\u0131\u2019n\u0131 gezinin<\/strong> ve antik kal\u0131nt\u0131lar\u0131 inceleyin.<\/li>\n\n\n\n<li><strong>Plaka Plaj\u0131\u2019nda g\u00fcne\u015flenin<\/strong> ve uzun kumsalda dinlenin.<\/li>\n\n\n\n<li><strong>Chora\u2019n\u0131n dar sokaklar\u0131nda y\u00fcr\u00fcy\u00fcn<\/strong> ve bu \u015firin \u015fehirde kaybolun.<\/li>\n\n\n\n<li><strong>Moutsouna Liman\u0131\u2019nda bir ak\u015fam yeme\u011fi yiyin<\/strong> ve deniz manzaras\u0131n\u0131n tad\u0131n\u0131 \u00e7\u0131kar\u0131n.<\/li>\n<\/ul>\n\n\n\n<p><strong><a href=\"https:\/\/www.turna.com\/ucak-bileti\/naxos\" target=\"_blank\" rel=\"noreferrer noopener\">Naxos u\u00e7ak bileti<\/a><\/strong> f\u0131rsatlar\u0131 Turna.com&#8217;da!<\/p>\n\n\n\n<p><br><br><\/p>\n\n    <div class=\"xs_social_share_widget xs_share_url after_content \t\tmain_content  wslu-style-1 wslu-share-box-shaped wslu-fill-colored wslu-none wslu-share-horizontal wslu-theme-font-no wslu-main_content\">\n\n\t\t\n        <ul>\n\t\t\t        <\/ul>\n    <\/div> \n","protected":false},"excerpt":{"rendered":"<p> Yunanistan&#8217;daki adalar saymakla bitmez. Ama g\u00fczelli\u011fiyle di\u011ferlerine fark atanlar\u0131 var elbette. En g\u00fczel Yunan adalar\u0131 var bug\u00fcn listemizde.<\/p>\n","protected":false},"author":34,"featured_media":16067,"comment_status":"open","ping_status":"open","sticky":false,"template":"","format":"standard","meta":{"rop_custom_images_group":[],"rop_custom_messages_group":[],"rop_publish_now":"initial","rop_publish_now_accounts":[],"rop_publish_now_history":[],"rop_publish_now_status":"pending","_cloudinary_featured_overwrite":false,"footnotes":""},"categories":[18],"tags":[5341,47,10],"class_list":["post-16063","post","type-post","status-publish","format-standard","has-post-thumbnail","hentry","category-yunanistan","tag-ferry","tag-thira","tag-yunanistan"],"_links":{"self":[{"href":"https:\/\/www.turna.com\/blog\/wp-json\/wp\/v2\/posts\/16063","targetHints":{"allow":["GET"]}}],"collection":[{"href":"https:\/\/www.turna.com\/blog\/wp-json\/wp\/v2\/posts"}],"about":[{"href":"https:\/\/www.turna.com\/blog\/wp-json\/wp\/v2\/types\/post"}],"author":[{"embeddable":true,"href":"https:\/\/www.turna.com\/blog\/wp-json\/wp\/v2\/users\/34"}],"replies":[{"embeddable":true,"href":"https:\/\/www.turna.com\/blog\/wp-json\/wp\/v2\/comments?post=16063"}],"version-history":[{"count":0,"href":"https:\/\/www.turna.com\/blog\/wp-json\/wp\/v2\/posts\/16063\/revisions"}],"wp:featuredmedia":[{"embeddable":true,"href":"https:\/\/www.turna.com\/blog\/wp-json\/wp\/v2\/media\/16067"}],"wp:attachment":[{"href":"https:\/\/www.turna.com\/blog\/wp-json\/wp\/v2\/media?parent=16063"}],"wp:term":[{"taxonomy":"category","embeddable":true,"href":"https:\/\/www.turna.com\/blog\/wp-json\/wp\/v2\/categories?post=16063"},{"taxonomy":"post_tag","embeddable":true,"href":"https:\/\/www.turna.com\/blog\/wp-json\/wp\/v2\/tags?post=16063"}],"curies":[{"name":"wp","href":"https:\/\/api.w.org\/{rel}","templated":true}]}}