{"id":16059,"date":"2019-06-16T08:19:57","date_gmt":"2019-06-16T05:19:57","guid":{"rendered":"https:\/\/www.turna.com\/blog\/?p=16059"},"modified":"2019-06-03T02:43:21","modified_gmt":"2019-06-02T23:43:21","slug":"sakiz-adasina-gitmek-icin-4-neden","status":"publish","type":"post","link":"https:\/\/www.turna.com\/blog\/sakiz-adasina-gitmek-icin-4-neden","title":{"rendered":"Sak\u0131z Adas\u0131&#8217;na Gitmek \u0130\u00e7in 4 Neden"},"content":{"rendered":"<div id=\"ez-toc-container\" class=\"ez-toc-v2_0_82_2 counter-hierarchy ez-toc-counter ez-toc-black ez-toc-container-direction\">\n<div class=\"ez-toc-title-container\">\n<p class=\"ez-toc-title\" style=\"cursor:inherit\">\u0130\u00e7indekiler<\/p>\n<span class=\"ez-toc-title-toggle\"><a href=\"#\" class=\"ez-toc-pull-right ez-toc-btn ez-toc-btn-xs ez-toc-btn-default ez-toc-toggle\" aria-label=\"\u0130\u00e7indekiler Tablosunu A\u00e7\/Kapat\"><span class=\"ez-toc-js-icon-con\"><span class=\"\"><span class=\"eztoc-hide\" style=\"display:none;\">Toggle<\/span><span class=\"ez-toc-icon-toggle-span\"><svg style=\"fill: #ffffff;color:#ffffff\" xmlns=\"http:\/\/www.w3.org\/2000\/svg\" class=\"list-377408\" width=\"20px\" height=\"20px\" viewBox=\"0 0 24 24\" fill=\"none\"><path d=\"M6 6H4v2h2V6zm14 0H8v2h12V6zM4 11h2v2H4v-2zm16 0H8v2h12v-2zM4 16h2v2H4v-2zm16 0H8v2h12v-2z\" fill=\"currentColor\"><\/path><\/svg><svg style=\"fill: #ffffff;color:#ffffff\" class=\"arrow-unsorted-368013\" xmlns=\"http:\/\/www.w3.org\/2000\/svg\" width=\"10px\" height=\"10px\" viewBox=\"0 0 24 24\" version=\"1.2\" baseProfile=\"tiny\"><path d=\"M18.2 9.3l-6.2-6.3-6.2 6.3c-.2.2-.3.4-.3.7s.1.5.3.7c.2.2.4.3.7.3h11c.3 0 .5-.1.7-.3.2-.2.3-.5.3-.7s-.1-.5-.3-.7zM5.8 14.7l6.2 6.3 6.2-6.3c.2-.2.3-.5.3-.7s-.1-.5-.3-.7c-.2-.2-.4-.3-.7-.3h-11c-.3 0-.5.1-.7.3-.2.2-.3.5-.3.7s.1.5.3.7z\"\/><\/svg><\/span><\/span><\/span><\/a><\/span><\/div>\n<nav><ul class='ez-toc-list ez-toc-list-level-1 eztoc-toggle-hide-by-default' ><li class='ez-toc-page-1 ez-toc-heading-level-2'><a class=\"ez-toc-link ez-toc-heading-1\" href=\"https:\/\/www.turna.com\/blog\/sakiz-adasina-gitmek-icin-4-neden\/#sakiz_adasina_gitmek_icin_4_neden\" >Sak\u0131z Adas\u0131&#8217;na Gitmek \u0130\u00e7in 4 Neden<\/a><ul class='ez-toc-list-level-3' ><li class='ez-toc-heading-level-3'><a class=\"ez-toc-link ez-toc-heading-2\" href=\"https:\/\/www.turna.com\/blog\/sakiz-adasina-gitmek-icin-4-neden\/#1_el_degmemis_sahiller\" >1. El de\u011fmemi\u015f sahiller<\/a><\/li><li class='ez-toc-page-1 ez-toc-heading-level-3'><a class=\"ez-toc-link ez-toc-heading-3\" href=\"https:\/\/www.turna.com\/blog\/sakiz-adasina-gitmek-icin-4-neden\/#2_adaya_adini_veren_sakiz_agaclari\" >2. Adaya ad\u0131n\u0131 veren sak\u0131z a\u011fa\u00e7lar\u0131<\/a><\/li><li class='ez-toc-page-1 ez-toc-heading-level-3'><a class=\"ez-toc-link ez-toc-heading-4\" href=\"https:\/\/www.turna.com\/blog\/sakiz-adasina-gitmek-icin-4-neden\/#3_orta_cag_esintili_koyler\" >3. Orta \u00e7a\u011f esintili k\u00f6yler<\/a><\/li><li class='ez-toc-page-1 ez-toc-heading-level-3'><a class=\"ez-toc-link ez-toc-heading-5\" href=\"https:\/\/www.turna.com\/blog\/sakiz-adasina-gitmek-icin-4-neden\/#4_kapi_vizesi_ve_schengen_imkani\" >4. Kap\u0131 vizesi ve Schengen imkan\u0131<\/a><\/li><\/ul><\/li><\/ul><\/nav><\/div>\n<p>\u00c7e\u015fme&#8217;den 30 dakikal\u0131k feribot yolculu\u011fu ile ula\u015f\u0131labilen <strong>Sak\u0131z Adas\u0131<\/strong> (Chios), <a href=\"https:\/\/www.turna.com\/blog\/ulkeler\/avrupa\/yunanistan\" target=\"_blank\" rel=\"noopener noreferrer\"><strong>Yunanistan<\/strong><\/a>&#8216;\u0131n Anadolu Yar\u0131madas\u0131&#8217;na en yak\u0131n adalar\u0131ndan biri.<\/p>\n<p>\u00d6zellikle \u0130zmir ve \u00e7evresinde ya\u015fayanlar\u0131n hafta sonlar\u0131 ziyaret etti\u011fi ada, el de\u011fmemi\u015f kumsallar\u0131, orta \u00e7a\u011f esintili k\u00f6yleri, yel de\u011firmenleri, leziz yemekler sunan restoranlar\u0131 ve s\u0131cak halk\u0131yla muhte\u015fem bir tatil rotas\u0131.<\/p>\n<p><img width=\"800\" height=\"500\" data-public-id=\"Sakiz_ige2ap\/Sakiz_ige2ap.jpg\" fetchpriority=\"high\" decoding=\"async\" class=\"alignnone wp-post-16059 wp-image-16060\" src=\"https:\/\/res.cloudinary.com\/turna\/images\/w_800,h_500,c_scale\/f_auto,q_auto:low\/v1559334922\/Sakiz_ige2ap\/Sakiz_ige2ap.jpg?_i=AA\" data-format=\"jpg\" data-transformations=\"f_auto,q_auto:low\" data-version=\"1559334922\" data-seo=\"1\" \/><\/p>\n<p><a href=\"https:\/\/www.turna.com\/ucak-bileti\/izmir\" target=\"_blank\" rel=\"noopener noreferrer\"><strong>\u0130zmir u\u00e7ak bileti<\/strong><\/a> se\u00e7eneklerine g\u00f6z at\u0131p, \u0130zmir Adnan Menderes Havaliman\u0131&#8217;na ula\u015ft\u0131ktan sonra \u00c7e\u015fme \u00fczerinden bu ho\u015f adaya seyahatinizi ger\u00e7ekle\u015ftirebilirsiniz.<\/p>\n<h2><span class=\"ez-toc-section\" id=\"sakiz_adasina_gitmek_icin_4_neden\"><\/span><strong>Sak\u0131z Adas\u0131&#8217;na Gitmek \u0130\u00e7in 4 Neden<\/strong><span class=\"ez-toc-section-end\"><\/span><\/h2>\n<h3><span class=\"ez-toc-section\" id=\"1_el_degmemis_sahiller\"><\/span><strong>1. El de\u011fmemi\u015f sahiller<\/strong><span class=\"ez-toc-section-end\"><\/span><\/h3>\n<p><img width=\"800\" height=\"500\" data-public-id=\"Chios_o8yuf8\/Chios_o8yuf8.jpg\" decoding=\"async\" class=\"alignnone wp-post-16059 wp-image-16061\" src=\"https:\/\/res.cloudinary.com\/turna\/images\/w_800,h_500,c_scale\/f_auto,q_auto:low\/v1559334918\/Chios_o8yuf8\/Chios_o8yuf8.jpg?_i=AA\" data-format=\"jpg\" data-transformations=\"f_auto,q_auto:low\" data-version=\"1559334918\" data-seo=\"1\" \/><\/p>\n<p>Sak\u0131z Adas\u0131, Ege Denizi&#8217;nin en etkileyici sahillerine ev sahipli\u011fi yap\u0131yor. Vah\u015fi turizm ve insan yo\u011funlu\u011fundan etkilenmeyen sahillerde 24 saat m\u00fczik yay\u0131n\u0131 yapan i\u015fletmeler yok. G\u00fcn boyu sessiz olan, giri\u015f \u00fccreti al\u0131nmayan, herkesin havlusunu ya da plaj sandalyesini getirerek yararland\u0131\u011f\u0131 plajlar\u0131n keyfini \u00e7\u0131kar\u0131rken plajlar\u0131n k\u0131y\u0131s\u0131nda bulunan k\u00fc\u00e7\u00fck kafelerden frappenizi s\u00f6yleyip serinleyebilirsiniz.<\/p>\n<p>Adan\u0131n en \u00fcnl\u00fc iki plaj\u0131 aras\u0131nda volkanik siyah ta\u015flar\u0131yla muhte\u015fem bir g\u00f6rsel \u015f\u00f6len ya\u015fatan Mavra Volia Plaj\u0131 ile ada halk\u0131n\u0131n bildi\u011fi ve \u00e7ok sakin bir g\u00f6r\u00fcn\u00fcm\u00fc olan turkuaz renkli Agia Dynami plaj\u0131 bulunuyor.<\/p>\n<h3><span class=\"ez-toc-section\" id=\"2_adaya_adini_veren_sakiz_agaclari\"><\/span><strong>2. Adaya ad\u0131n\u0131 veren sak\u0131z a\u011fa\u00e7lar\u0131<\/strong><span class=\"ez-toc-section-end\"><\/span><\/h3>\n<p>Sak\u0131z Adas\u0131&#8217;na yaln\u0131zca T\u00fcrkler &#8216;sak\u0131z&#8217; diyor. Adan\u0131n Yunancadaki ismi Chios, &#8216;Hio&#8217; \u015feklinde telaffuz ediliyor. T\u00fcrklerin ilk kez Osmanl\u0131 D\u00f6nemi&#8217;nde &#8216;sak\u0131z&#8217; olarak adland\u0131rd\u0131\u011f\u0131 adan\u0131n sak\u0131z a\u011fa\u00e7lar\u0131 me\u015fhur. D\u00fcnyan\u0131n en \u00f6nemli damla sak\u0131z\u0131 \u00fcreticisi olan Sak\u0131z Adas\u0131&#8217;nda sak\u0131z a\u011fa\u00e7lar\u0131yla bezeli adan\u0131n g\u00fcney b\u00f6lgelerini ke\u015ffedip, sak\u0131z a\u011fa\u00e7lar\u0131n\u0131 ziyaret edebilirsiniz.<\/p>\n<p>Adan\u0131n sak\u0131z ticaretini, damla sak\u0131z\u0131 \u00fcretim s\u00fcre\u00e7lerini g\u00f6rsel \u00f6rneklerle sunan Chios Mastic Museum da g\u00f6r\u00fclecek yerler aras\u0131nda.<\/p>\n<h3><span class=\"ez-toc-section\" id=\"3_orta_cag_esintili_koyler\"><\/span><strong>3. Orta \u00e7a\u011f esintili k\u00f6yler<\/strong><span class=\"ez-toc-section-end\"><\/span><\/h3>\n<p><img width=\"800\" height=\"500\" data-public-id=\"Sakiz-Adasi_wtft93\/Sakiz-Adasi_wtft93.jpg\" decoding=\"async\" class=\"alignnone wp-post-16059 wp-image-16062\" src=\"https:\/\/res.cloudinary.com\/turna\/images\/w_800,h_500,c_scale\/f_auto,q_auto:low\/v1559334920\/Sakiz-Adasi_wtft93\/Sakiz-Adasi_wtft93.jpg?_i=AA\" data-format=\"jpg\" data-transformations=\"f_auto,q_auto:low\" data-version=\"1559334920\" data-seo=\"1\" \/>Sak\u0131z Adas\u0131, di\u011fer Yunan Adalar\u0131&#8217;na g\u00f6re orta \u00e7a\u011f atmosferini ta\u015f\u0131yan k\u00f6yler a\u00e7\u0131s\u0131ndan en zengin nokta. Olimpi, Pirgi ve Mesta k\u00f6yleri orta \u00e7a\u011f boyunca korsan sald\u0131r\u0131lar\u0131ndan korunmak \u00fczere kale k\u00f6y mant\u0131\u011f\u0131yla in\u015fa edilen yerle\u015fim yerleri.<\/p>\n<p>O y\u0131llardan g\u00fcn\u00fcm\u00fcze bozulmadan gelmeyi ba\u015faran k\u00f6yleri ziyaret ederek labirent g\u00f6r\u00fcn\u00fcml\u00fc sokaklar\u0131n\u0131 ke\u015ffedebilir, k\u00f6y meydan\u0131nda soluklan\u0131p kahve ya da so\u011fuk bir \u015feyler i\u00e7ebilirsiniz.<\/p>\n<h3><span class=\"ez-toc-section\" id=\"4_kapi_vizesi_ve_schengen_imkani\"><\/span><strong>4. Kap\u0131 vizesi ve Schengen imkan\u0131<\/strong><span class=\"ez-toc-section-end\"><\/span><\/h3>\n<p>\u0130zmir&#8217;de ya\u015fayan bir\u00e7ok ki\u015fi Avrupa&#8217;ya seyahat plan\u0131 yapmadan \u00f6nce Sak\u0131z Adas\u0131&#8217;n\u0131 bir ge\u00e7i\u015f noktas\u0131 olarak kullan\u0131yor. Ge\u00e7i\u015ften kast\u0131m bir transfer merkezi de\u011fil. Schengen vizesi ba\u015fvurusu i\u00e7in bir gece konaklamal\u0131 Sak\u0131z Adas\u0131 seyahati haz\u0131rlan\u0131yor, ard\u0131ndan Yunanistan \u0130zmir Ba\u015fkonsoloslu\u011fu&#8217;na vize ba\u015fvurusu yap\u0131l\u0131yor. Gelen vizenin s\u00fcresine g\u00f6re Sak\u0131z Adas\u0131&#8217;ndan sonra Avrupa \u00fclkeleri ke\u015ffediliyor.<\/p>\n\n    <div class=\"xs_social_share_widget xs_share_url after_content \t\tmain_content  wslu-style-1 wslu-share-box-shaped wslu-fill-colored wslu-none wslu-share-horizontal wslu-theme-font-no wslu-main_content\">\n\n\t\t\n        <ul>\n\t\t\t        <\/ul>\n    <\/div> \n","protected":false},"excerpt":{"rendered":"<p>\u00c7e\u015fme&#8217;den 30 dakikal\u0131k feribot yolculu\u011fu ile ula\u015f\u0131labilen Sak\u0131z Adas\u0131 (Chios), Yunanistan&#8216;\u0131n Anadolu Yar\u0131madas\u0131&#8217;na en yak\u0131n adalar\u0131ndan biri. \u00d6zellikle \u0130zmir ve \u00e7evresinde ya\u015fayanlar\u0131n hafta sonlar\u0131 ziyaret etti\u011fi ada, el de\u011fmemi\u015f kumsallar\u0131, orta \u00e7a\u011f esintili k\u00f6yleri, yel de\u011firmenleri, leziz yemekler sunan restoranlar\u0131 ve s\u0131cak halk\u0131yla muhte\u015fem bir tatil rotas\u0131. \u0130zmir u\u00e7ak bileti se\u00e7eneklerine g\u00f6z at\u0131p, \u0130zmir Adnan [&hellip;]<\/p>\n","protected":false},"author":9,"featured_media":16061,"comment_status":"open","ping_status":"open","sticky":false,"template":"","format":"standard","meta":{"rop_custom_images_group":[],"rop_custom_messages_group":[],"rop_publish_now":"initial","rop_publish_now_accounts":[],"rop_publish_now_history":[],"rop_publish_now_status":"pending","_cloudinary_featured_overwrite":false,"footnotes":""},"categories":[18],"tags":[679,10],"class_list":["post-16059","post","type-post","status-publish","format-standard","has-post-thumbnail","hentry","category-yunanistan","tag-chios","tag-yunanistan"],"_links":{"self":[{"href":"https:\/\/www.turna.com\/blog\/wp-json\/wp\/v2\/posts\/16059","targetHints":{"allow":["GET"]}}],"collection":[{"href":"https:\/\/www.turna.com\/blog\/wp-json\/wp\/v2\/posts"}],"about":[{"href":"https:\/\/www.turna.com\/blog\/wp-json\/wp\/v2\/types\/post"}],"author":[{"embeddable":true,"href":"https:\/\/www.turna.com\/blog\/wp-json\/wp\/v2\/users\/9"}],"replies":[{"embeddable":true,"href":"https:\/\/www.turna.com\/blog\/wp-json\/wp\/v2\/comments?post=16059"}],"version-history":[{"count":0,"href":"https:\/\/www.turna.com\/blog\/wp-json\/wp\/v2\/posts\/16059\/revisions"}],"wp:featuredmedia":[{"embeddable":true,"href":"https:\/\/www.turna.com\/blog\/wp-json\/wp\/v2\/media\/16061"}],"wp:attachment":[{"href":"https:\/\/www.turna.com\/blog\/wp-json\/wp\/v2\/media?parent=16059"}],"wp:term":[{"taxonomy":"category","embeddable":true,"href":"https:\/\/www.turna.com\/blog\/wp-json\/wp\/v2\/categories?post=16059"},{"taxonomy":"post_tag","embeddable":true,"href":"https:\/\/www.turna.com\/blog\/wp-json\/wp\/v2\/tags?post=16059"}],"curies":[{"name":"wp","href":"https:\/\/api.w.org\/{rel}","templated":true}]}}