{"id":15934,"date":"2019-05-20T01:44:45","date_gmt":"2019-05-19T22:44:45","guid":{"rendered":"https:\/\/www.turna.com\/blog\/?p=15934"},"modified":"2020-01-27T16:14:01","modified_gmt":"2020-01-27T13:14:01","slug":"bruggea-gitmeden-once-bilmeniz-gereken-seyler","status":"publish","type":"post","link":"https:\/\/www.turna.com\/blog\/bruggea-gitmeden-once-bilmeniz-gereken-seyler","title":{"rendered":"Brugge&#8217;a Gitmeden \u00d6nce Bilmeniz Gereken \u015eeyler"},"content":{"rendered":"<div id=\"ez-toc-container\" class=\"ez-toc-v2_0_82_2 counter-hierarchy ez-toc-counter ez-toc-black ez-toc-container-direction\">\n<div class=\"ez-toc-title-container\">\n<p class=\"ez-toc-title\" style=\"cursor:inherit\">\u0130\u00e7indekiler<\/p>\n<span class=\"ez-toc-title-toggle\"><a href=\"#\" class=\"ez-toc-pull-right ez-toc-btn ez-toc-btn-xs ez-toc-btn-default ez-toc-toggle\" aria-label=\"\u0130\u00e7indekiler Tablosunu A\u00e7\/Kapat\"><span class=\"ez-toc-js-icon-con\"><span class=\"\"><span class=\"eztoc-hide\" style=\"display:none;\">Toggle<\/span><span class=\"ez-toc-icon-toggle-span\"><svg style=\"fill: #ffffff;color:#ffffff\" xmlns=\"http:\/\/www.w3.org\/2000\/svg\" class=\"list-377408\" width=\"20px\" height=\"20px\" viewBox=\"0 0 24 24\" fill=\"none\"><path d=\"M6 6H4v2h2V6zm14 0H8v2h12V6zM4 11h2v2H4v-2zm16 0H8v2h12v-2zM4 16h2v2H4v-2zm16 0H8v2h12v-2z\" fill=\"currentColor\"><\/path><\/svg><svg style=\"fill: #ffffff;color:#ffffff\" class=\"arrow-unsorted-368013\" xmlns=\"http:\/\/www.w3.org\/2000\/svg\" width=\"10px\" height=\"10px\" viewBox=\"0 0 24 24\" version=\"1.2\" baseProfile=\"tiny\"><path d=\"M18.2 9.3l-6.2-6.3-6.2 6.3c-.2.2-.3.4-.3.7s.1.5.3.7c.2.2.4.3.7.3h11c.3 0 .5-.1.7-.3.2-.2.3-.5.3-.7s-.1-.5-.3-.7zM5.8 14.7l6.2 6.3 6.2-6.3c.2-.2.3-.5.3-.7s-.1-.5-.3-.7c-.2-.2-.4-.3-.7-.3h-11c-.3 0-.5.1-.7.3-.2.2-.3.5-.3.7s.1.5.3.7z\"\/><\/svg><\/span><\/span><\/span><\/a><\/span><\/div>\n<nav><ul class='ez-toc-list ez-toc-list-level-1 eztoc-toggle-hide-by-default' ><li class='ez-toc-page-1 ez-toc-heading-level-2'><a class=\"ez-toc-link ez-toc-heading-1\" href=\"https:\/\/www.turna.com\/blog\/bruggea-gitmeden-once-bilmeniz-gereken-seyler\/#bruggea_gitmeden_once_bilmeniz_gerekenler\" >Brugge&#8217;a Gitmeden \u00d6nce Bilmeniz Gerekenler<\/a><ul class='ez-toc-list-level-3' ><li class='ez-toc-heading-level-3'><a class=\"ez-toc-link ez-toc-heading-2\" href=\"https:\/\/www.turna.com\/blog\/bruggea-gitmeden-once-bilmeniz-gereken-seyler\/#1_geceyi_hafta_sonunu_veya_haftayi_gecirin\" >1. Geceyi, hafta sonunu veya haftay\u0131 ge\u00e7irin<\/a><\/li><li class='ez-toc-page-1 ez-toc-heading-level-3'><a class=\"ez-toc-link ez-toc-heading-3\" href=\"https:\/\/www.turna.com\/blog\/bruggea-gitmeden-once-bilmeniz-gereken-seyler\/#2_hayattaki_en_iyi_seyler_ucretsizdir_kanallar_boyunca_bir_aksam_yuruyusu\" >2. Hayattaki en iyi \u015feyler \u00fccretsizdir: Kanallar boyunca bir ak\u015fam y\u00fcr\u00fcy\u00fc\u015f\u00fc<\/a><\/li><li class='ez-toc-page-1 ez-toc-heading-level-3'><a class=\"ez-toc-link ez-toc-heading-4\" href=\"https:\/\/www.turna.com\/blog\/bruggea-gitmeden-once-bilmeniz-gereken-seyler\/#3_buyuk_dans_partileri_beklemeyin\" >3. B\u00fcy\u00fck dans partileri beklemeyin<\/a><\/li><li class='ez-toc-page-1 ez-toc-heading-level-3'><a class=\"ez-toc-link ez-toc-heading-5\" href=\"https:\/\/www.turna.com\/blog\/bruggea-gitmeden-once-bilmeniz-gereken-seyler\/#4_evlilik_teklifi_merkezi\" >4. Evlilik teklifi merkezi<\/a><\/li><li class='ez-toc-page-1 ez-toc-heading-level-3'><a class=\"ez-toc-link ez-toc-heading-6\" href=\"https:\/\/www.turna.com\/blog\/bruggea-gitmeden-once-bilmeniz-gereken-seyler\/#5_yiyeceklere_teslim_olmak_hayatinizi_kolaylastiracak\" >5. Yiyeceklere teslim olmak hayat\u0131n\u0131z\u0131 kolayla\u015ft\u0131racak<\/a><\/li><li class='ez-toc-page-1 ez-toc-heading-level-3'><a class=\"ez-toc-link ez-toc-heading-7\" href=\"https:\/\/www.turna.com\/blog\/bruggea-gitmeden-once-bilmeniz-gereken-seyler\/#6_kalabaliga_tahammul_edemiyorsaniz_kisin_gidin\" >6. Kalabal\u0131\u011fa tahamm\u00fcl edemiyorsan\u0131z, k\u0131\u015f\u0131n gidin<\/a><\/li><li class='ez-toc-page-1 ez-toc-heading-level-3'><a class=\"ez-toc-link ez-toc-heading-8\" href=\"https:\/\/www.turna.com\/blog\/bruggea-gitmeden-once-bilmeniz-gereken-seyler\/#7_her_seyin_eski_oldugunu_varsaymayin\" >7. Her \u015feyin eski oldu\u011funu varsaymay\u0131n<\/a><\/li><li class='ez-toc-page-1 ez-toc-heading-level-3'><a class=\"ez-toc-link ez-toc-heading-9\" href=\"https:\/\/www.turna.com\/blog\/bruggea-gitmeden-once-bilmeniz-gereken-seyler\/#8_burnunuzu_haritadan_cikarin\" >8. Burnunuzu haritadan \u00e7\u0131kar\u0131n<\/a><\/li><li class='ez-toc-page-1 ez-toc-heading-level-3'><a class=\"ez-toc-link ez-toc-heading-10\" href=\"https:\/\/www.turna.com\/blog\/bruggea-gitmeden-once-bilmeniz-gereken-seyler\/#9_kulturel_bir_festivalin_olup_olmadigini_kontrol_edin\" >9. K\u00fclt\u00fcrel bir festivalin olup olmad\u0131\u011f\u0131n\u0131 kontrol edin<\/a><\/li><\/ul><\/li><\/ul><\/nav><\/div>\n<p><a href=\"https:\/\/www.turna.com\/blog\/ulkeler\/avrupa\/belcika\" target=\"_blank\" rel=\"noopener noreferrer\"><strong>Bel\u00e7ika<\/strong><\/a>&#8216;n\u0131n masal \u015fehri <strong>Brugge<\/strong>&#8216;da Belfry ve Burg Meydan\u0131\u2019n\u0131n mutlaka g\u00f6r\u00fclmesi gerekti\u011fini k\u0131sa bir internet ara\u015ft\u0131rmas\u0131yla herkes \u00f6\u011frenebilir. Bel\u00e7ika&#8217;n\u0131n en iyi korunmu\u015f orta \u00e7a\u011f \u015fehrine olan seyahatinize ba\u015flamadan \u00f6nce dikkat etmeniz gerekenler Brugge&#8217;u daha iyi tan\u0131man\u0131z yard\u0131mc\u0131 olacak.<\/p>\n<p><a href=\"https:\/\/www.turna.com\/ucak-bileti\/belcika\" target=\"_blank\" rel=\"noopener noreferrer\"><strong>Bel\u00e7ika u\u00e7ak bileti<\/strong><\/a> se\u00e7eneklerine g\u00f6z at\u0131n.<\/p>\n<p><img width=\"800\" height=\"499\" data-public-id=\"Brugge-Belcika_ktfnzj\/Brugge-Belcika_ktfnzj.jpg\" fetchpriority=\"high\" decoding=\"async\" class=\"alignnone wp-post-15934 wp-image-15935\" src=\"https:\/\/res.cloudinary.com\/turna\/images\/w_800,h_499,c_scale\/q_auto,f_auto\/f_auto,q_auto:low\/v1558392450\/Brugge-Belcika_ktfnzj\/Brugge-Belcika_ktfnzj.jpg?_i=AA\" data-format=\"jpg\" data-transformations=\"q_auto,f_auto\/f_auto,q_auto:low\" data-version=\"1558392450\" data-seo=\"1\" \/><\/p>\n<h2><span class=\"ez-toc-section\" id=\"bruggea_gitmeden_once_bilmeniz_gerekenler\"><\/span><strong>Brugge&#8217;a Gitmeden \u00d6nce Bilmeniz Gerekenler<\/strong><span class=\"ez-toc-section-end\"><\/span><\/h2>\n<h3><span class=\"ez-toc-section\" id=\"1_geceyi_hafta_sonunu_veya_haftayi_gecirin\"><\/span><strong>1. Geceyi, hafta sonunu veya haftay\u0131 ge\u00e7irin<\/strong><span class=\"ez-toc-section-end\"><\/span><\/h3>\n<p>Bir\u00e7ok turist, Bel\u00e7ika&#8217;n\u0131n t\u00fcm\u00fcn\u00fc bir \u00e7\u0131rp\u0131da gezmeyi planl\u0131yor. Br\u00fcksel&#8217;den g\u00fcn\u00fcbirlik turlarla gelenler Antwerp, Brugge ve Gent&#8217;i ziyaret ediyor. \u201cKuzey&#8217;in Venedik&#8217;i\u201d olarak an\u0131lan Brugge i\u00e7in de en az bir gece konaklamal\u0131 bir seyahat \u00f6neriliyor.<\/p>\n<p>Brugge \u015fehir merkezi g\u00f6receli olarak k\u00fc\u00e7\u00fck g\u00f6r\u00fcnebiliyor. G\u00fcn\u00fcbirlik turistler Burg ve Markt meydanlar\u0131na u\u011fray\u0131p, Belfry&#8217;ye t\u0131rman\u0131p, bir waffle yiyip tekrar yola \u00e7\u0131k\u0131yor. B\u00fct\u00fcn bunlar, Brugge\u2019un merkezi &#8211; orta \u00e7a\u011f ve UNESCO etiketli en b\u00fcy\u00fcleyici s\u0131rlar\u0131n\u0131n ve g\u00f6rkemli otellerinin a\u00e7\u0131\u011fa \u00e7\u0131kmas\u0131n\u0131 engelliyor.<\/p>\n<h3><span class=\"ez-toc-section\" id=\"2_hayattaki_en_iyi_seyler_ucretsizdir_kanallar_boyunca_bir_aksam_yuruyusu\"><\/span><strong>2. Hayattaki en iyi \u015feyler \u00fccretsizdir: Kanallar boyunca bir ak\u015fam y\u00fcr\u00fcy\u00fc\u015f\u00fc<\/strong><span class=\"ez-toc-section-end\"><\/span><\/h3>\n<p>Tren veya otob\u00fcs\u00fcn\u00fcz\u00fc aceleyle yakalamak zorunda kal\u0131rsan\u0131z muhtemelen ka\u00e7\u0131rd\u0131\u011f\u0131n\u0131z bir ba\u015fka pastoral deneyim ak\u015fam kanallar boyunca y\u00fcr\u00fcmek olmal\u0131. Brugge sokaklar\u0131 hava karard\u0131\u011f\u0131nda sessizle\u015fiyor. Groenerei, Sint-Annarei veya Gouden-Handrei&#8217;ye giden yolda y\u00fcr\u00fcmek e\u015fsiz bir deneyime d\u00f6n\u00fc\u015f\u00fcyor.<\/p>\n<h3><span class=\"ez-toc-section\" id=\"3_buyuk_dans_partileri_beklemeyin\"><\/span><strong>3. B\u00fcy\u00fck dans partileri beklemeyin<\/strong><span class=\"ez-toc-section-end\"><\/span><\/h3>\n<p>G\u00fcne\u015f batt\u0131ktan sonra orta \u00e7a\u011f\u0131n merkezi Brugge\u2019un gece hayat\u0131, \u00e7\u0131lg\u0131n partilere ev sahipli\u011fi yapm\u0131yor. \u015eehirde Eiermarkt&#8217;\u0131n yan\u0131 s\u0131ra, \u00f6\u011frenci barlar\u0131 ve geceleri canl\u0131 DJ setlerine ev sahipli\u011fi yapan tek t\u00fck birahaneler, olduk\u00e7a rahat teraslar ve mahzen barlar\u0131 bulunuyor.<\/p>\n<p><img width=\"800\" height=\"500\" data-public-id=\"Brugge_kbsrtg\/Brugge_kbsrtg.jpg\" decoding=\"async\" class=\"alignnone wp-post-15934 wp-image-15936\" src=\"https:\/\/res.cloudinary.com\/turna\/images\/w_800,h_500,c_scale\/f_auto,q_auto:low\/v1558392450\/Brugge_kbsrtg\/Brugge_kbsrtg.jpg?_i=AA\" data-format=\"jpg\" data-transformations=\"f_auto,q_auto:low\" data-version=\"1558392450\" data-seo=\"1\" \/><\/p>\n<h3><span class=\"ez-toc-section\" id=\"4_evlilik_teklifi_merkezi\"><\/span><strong>4. Evlilik teklifi merkezi<\/strong><span class=\"ez-toc-section-end\"><\/span><\/h3>\n<p>Kanallar boyunca romantik sahneler ka\u00e7\u0131n\u0131lmaz, bu y\u00fczden ba\u011flanma korkusu olanlar, buradan vazge\u00e7mek isteyebilir. G\u00fcllerin tavandan sarkt\u0131\u011f\u0131 ve bir\u00e7ok a\u015fk ku\u015funun yeni ni\u015fanl\u0131 \u00e7\u0131kt\u0131\u011f\u0131 sevimli k\u00fc\u00e7\u00fck bir ev olan Caf\u00e9 Rose Red&#8217;i kesinlikle g\u00f6rmelisiniz.<\/p>\n<h3><span class=\"ez-toc-section\" id=\"5_yiyeceklere_teslim_olmak_hayatinizi_kolaylastiracak\"><\/span><strong>5. Yiyeceklere teslim olmak hayat\u0131n\u0131z\u0131 kolayla\u015ft\u0131racak<\/strong><span class=\"ez-toc-section-end\"><\/span><\/h3>\n<p>Bir Burgonya t\u00fcr\u00fcnde gurme kasaba olan Brugge&#8217;da yap\u0131lacak olan seyahatinizde diyete ba\u011fl\u0131 kalman\u0131n zaman\u0131 de\u011fil. 50 \u00e7ikolata d\u00fckk\u00e2n\u0131, \u00e7ok say\u0131da wafflec\u0131 ve \u00fclkenin sevilen patates k\u0131zartmas\u0131na adanm\u0131\u015f tek m\u00fczesini dola\u015farak kendinizi peri\u015fan edebilirsiniz. Den Amand, Den Huzaar, Ganzespel ve Gran Kaffee de Passage gibi ev gibi restoranlar\u0131 Flaman tarz\u0131nda birinci s\u0131n\u0131f konfor yemekleri sunuyor.<\/p>\n<h3><span class=\"ez-toc-section\" id=\"6_kalabaliga_tahammul_edemiyorsaniz_kisin_gidin\"><\/span><strong>6. Kalabal\u0131\u011fa tahamm\u00fcl edemiyorsan\u0131z, k\u0131\u015f\u0131n gidin<\/strong><span class=\"ez-toc-section-end\"><\/span><\/h3>\n<p>Yaz aylar\u0131nda insan kalabal\u0131\u011f\u0131n\u0131n aras\u0131nda s\u0131k\u0131\u015f\u0131k dola\u015fmak size g\u00f6re de\u011filse, Aral\u0131k ay\u0131n\u0131n ba\u015f\u0131nda ve Ocak ay\u0131n\u0131n tamam\u0131 Brugge\u2019un yo\u011fun olmayan zamanlar\u0131. Her iki durumda da \u015fehir bir k\u0131\u015f harikalar diyar\u0131n\u0131n t\u00fcm i\u015faretlerini ta\u015f\u0131yor, ancak turist kalabal\u0131\u011f\u0131na yakalanmak istemiyorsan\u0131z Noel&#8217;e \u00e7ok yakla\u015fmak istemezsiniz.<\/p>\n<p><img width=\"800\" height=\"501\" data-public-id=\"Belcika-Brugge_svy6tk\/Belcika-Brugge_svy6tk.jpg\" decoding=\"async\" class=\"alignnone wp-post-15934 wp-image-15937\" src=\"https:\/\/res.cloudinary.com\/turna\/images\/w_800,h_501,c_scale\/f_auto,q_auto:low\/v1558392450\/Belcika-Brugge_svy6tk\/Belcika-Brugge_svy6tk.jpg?_i=AA\" data-format=\"jpg\" data-transformations=\"f_auto,q_auto:low\" data-version=\"1558392450\" data-seo=\"1\" \/><\/p>\n<h3><span class=\"ez-toc-section\" id=\"7_her_seyin_eski_oldugunu_varsaymayin\"><\/span><strong>7. Her \u015feyin eski oldu\u011funu varsaymay\u0131n<\/strong><span class=\"ez-toc-section-end\"><\/span><\/h3>\n<p>Bonifacius K\u00f6pr\u00fcs\u00fc&#8217;n\u00fcn tarihi sadece 20. y\u00fczy\u0131l\u0131n ba\u015flar\u0131na dayan\u0131yor. Brugge&#8217;daki her \u015feyin g\u00f6r\u00fcnd\u00fc\u011f\u00fc kadar eski olmad\u0131\u011f\u0131n\u0131 anlamak de\u011ferli. Tarihi yap\u0131lardaki ayr\u0131m\u0131 yapmak i\u00e7in, evlerin cephelerinde mavi-beyaz plaklar\u0131 aray\u0131n; Bunlar sana ger\u00e7ek ya\u015fl\u0131 adamlar\u0131n kim oldu\u011funu s\u00f6yleyecekler.<\/p>\n<h3><span class=\"ez-toc-section\" id=\"8_burnunuzu_haritadan_cikarin\"><\/span><strong>8. Burnunuzu haritadan \u00e7\u0131kar\u0131n<\/strong><span class=\"ez-toc-section-end\"><\/span><\/h3>\n<p>Evet, haritalar yararl\u0131 olabilir, ancak Markt Meydan\u0131&#8217;nda haritas\u0131z dola\u015fmak \u00e7ok g\u00fczel olabilir. \u0130htiyac\u0131n\u0131z oldu\u011funda haritan\u0131z \u00e7antan\u0131zda, ancak pitoresk kenti ke\u015ffetmek, solda ve sa\u011fda harika ayr\u0131nt\u0131lara dalmak, Brugge&#8217;de yap\u0131labilecek en iyi \u015feylerden biri. \u015eehrin cazibesinin bir k\u0131sm\u0131 k\u00fc\u00e7\u00fck \u00f6l\u00e7ekli &#8211; Minnewaterpark&#8217;tan merkezin kar\u015f\u0131 taraflar\u0131ndaki Baron Ruzette Park&#8217;a ula\u015fmak y\u00fcr\u00fcyerek yar\u0131m saat s\u00fcr\u00fcyor &#8211; b\u00f6ylece kayboldu\u011funuzda bile, her zaman kolay ve h\u0131zl\u0131 bir yol bulunuyor.<\/p>\n<h3><span class=\"ez-toc-section\" id=\"9_kulturel_bir_festivalin_olup_olmadigini_kontrol_edin\"><\/span><strong>9. K\u00fclt\u00fcrel bir festivalin olup olmad\u0131\u011f\u0131n\u0131 kontrol edin<\/strong><span class=\"ez-toc-section-end\"><\/span><\/h3>\n<p>Brugge, \u015fehir \u00e7ap\u0131ndaki bir foto\u011fraf festivali, Minnewaterpark&#8217;taki bir yaz m\u00fczik festivali ve May\u0131s&#8217;ta bir Mesih&#8217;in kan\u0131n\u0131n \u015fi\u015fesinin etraf\u0131n\u0131 dola\u015ft\u0131rd\u0131\u011f\u0131, May\u0131s&#8217;ta Kutsal Kan Alay\u0131 gibi b\u00fcy\u00fck festivallere yabanc\u0131 de\u011fil. \u015eansl\u0131 ziyaret\u00e7iler ve yetenekli planlamac\u0131lar, Brugge gezisini \u00e7a\u011fda\u015f sanatlara tan\u0131kl\u0131k edecekleri Bruges Triennial&#8217;e denk getiriyor. Etkinlik may\u0131s ay\u0131nda ger\u00e7ekle\u015ftiriliyor.<\/p>\n\n\n<p>           <strong>NOT:<\/strong> <strong><a rel=\"noreferrer noopener\" href=\"https:\/\/www.turna.com\/sikca-sorulan-sorular\/belcika-vizesi\" target=\"_blank\">Bel\u00e7ika vizesi<\/a><\/strong> hakk\u0131nda detayl\u0131 bilgilere de Turna.com \u00fczerinden ula\u015fabilirsiniz.              <\/p>\n\n    <div class=\"xs_social_share_widget xs_share_url after_content \t\tmain_content  wslu-style-1 wslu-share-box-shaped wslu-fill-colored wslu-none wslu-share-horizontal wslu-theme-font-no wslu-main_content\">\n\n\t\t\n        <ul>\n\t\t\t        <\/ul>\n    <\/div> \n","protected":false},"excerpt":{"rendered":"<p>Bel\u00e7ika&#8216;n\u0131n masal \u015fehri Brugge&#8216;da Belfry ve Burg Meydan\u0131\u2019n\u0131n mutlaka g\u00f6r\u00fclmesi gerekti\u011fini k\u0131sa bir internet ara\u015ft\u0131rmas\u0131yla herkes \u00f6\u011frenebilir. Bel\u00e7ika&#8217;n\u0131n en iyi korunmu\u015f orta \u00e7a\u011f \u015fehrine olan seyahatinize ba\u015flamadan \u00f6nce dikkat etmeniz gerekenler Brugge&#8217;u daha iyi tan\u0131man\u0131z yard\u0131mc\u0131 olacak. Bel\u00e7ika u\u00e7ak bileti se\u00e7eneklerine g\u00f6z at\u0131n. Brugge&#8217;a Gitmeden \u00d6nce Bilmeniz Gerekenler 1. Geceyi, hafta sonunu veya haftay\u0131 ge\u00e7irin [&hellip;]<\/p>\n","protected":false},"author":9,"featured_media":15935,"comment_status":"open","ping_status":"open","sticky":false,"template":"","format":"standard","meta":{"rop_custom_images_group":[],"rop_custom_messages_group":[],"rop_publish_now":"initial","rop_publish_now_accounts":[],"rop_publish_now_history":[],"rop_publish_now_status":"pending","_cloudinary_featured_overwrite":false,"footnotes":""},"categories":[33],"tags":[35,41],"class_list":["post-15934","post","type-post","status-publish","format-standard","has-post-thumbnail","hentry","category-belcika","tag-belcika","tag-brugge"],"_links":{"self":[{"href":"https:\/\/www.turna.com\/blog\/wp-json\/wp\/v2\/posts\/15934","targetHints":{"allow":["GET"]}}],"collection":[{"href":"https:\/\/www.turna.com\/blog\/wp-json\/wp\/v2\/posts"}],"about":[{"href":"https:\/\/www.turna.com\/blog\/wp-json\/wp\/v2\/types\/post"}],"author":[{"embeddable":true,"href":"https:\/\/www.turna.com\/blog\/wp-json\/wp\/v2\/users\/9"}],"replies":[{"embeddable":true,"href":"https:\/\/www.turna.com\/blog\/wp-json\/wp\/v2\/comments?post=15934"}],"version-history":[{"count":0,"href":"https:\/\/www.turna.com\/blog\/wp-json\/wp\/v2\/posts\/15934\/revisions"}],"wp:featuredmedia":[{"embeddable":true,"href":"https:\/\/www.turna.com\/blog\/wp-json\/wp\/v2\/media\/15935"}],"wp:attachment":[{"href":"https:\/\/www.turna.com\/blog\/wp-json\/wp\/v2\/media?parent=15934"}],"wp:term":[{"taxonomy":"category","embeddable":true,"href":"https:\/\/www.turna.com\/blog\/wp-json\/wp\/v2\/categories?post=15934"},{"taxonomy":"post_tag","embeddable":true,"href":"https:\/\/www.turna.com\/blog\/wp-json\/wp\/v2\/tags?post=15934"}],"curies":[{"name":"wp","href":"https:\/\/api.w.org\/{rel}","templated":true}]}}