{"id":15923,"date":"2019-05-19T08:30:59","date_gmt":"2019-05-19T05:30:59","guid":{"rendered":"https:\/\/www.turna.com\/blog\/?p=15923"},"modified":"2024-09-16T09:32:37","modified_gmt":"2024-09-16T06:32:37","slug":"karadagdan-ne-alinir","status":"publish","type":"post","link":"https:\/\/www.turna.com\/blog\/karadagdan-ne-alinir","title":{"rendered":"Karada\u011f&#8217;dan Ne Al\u0131n\u0131r?"},"content":{"rendered":"<div id=\"ez-toc-container\" class=\"ez-toc-v2_0_82_2 counter-hierarchy ez-toc-counter ez-toc-black ez-toc-container-direction\">\n<div class=\"ez-toc-title-container\">\n<p class=\"ez-toc-title\" style=\"cursor:inherit\">\u0130\u00e7indekiler<\/p>\n<span class=\"ez-toc-title-toggle\"><a href=\"#\" class=\"ez-toc-pull-right ez-toc-btn ez-toc-btn-xs ez-toc-btn-default ez-toc-toggle\" aria-label=\"\u0130\u00e7indekiler Tablosunu A\u00e7\/Kapat\"><span class=\"ez-toc-js-icon-con\"><span class=\"\"><span class=\"eztoc-hide\" style=\"display:none;\">Toggle<\/span><span class=\"ez-toc-icon-toggle-span\"><svg style=\"fill: #ffffff;color:#ffffff\" xmlns=\"http:\/\/www.w3.org\/2000\/svg\" class=\"list-377408\" width=\"20px\" height=\"20px\" viewBox=\"0 0 24 24\" fill=\"none\"><path d=\"M6 6H4v2h2V6zm14 0H8v2h12V6zM4 11h2v2H4v-2zm16 0H8v2h12v-2zM4 16h2v2H4v-2zm16 0H8v2h12v-2z\" fill=\"currentColor\"><\/path><\/svg><svg style=\"fill: #ffffff;color:#ffffff\" class=\"arrow-unsorted-368013\" xmlns=\"http:\/\/www.w3.org\/2000\/svg\" width=\"10px\" height=\"10px\" viewBox=\"0 0 24 24\" version=\"1.2\" baseProfile=\"tiny\"><path d=\"M18.2 9.3l-6.2-6.3-6.2 6.3c-.2.2-.3.4-.3.7s.1.5.3.7c.2.2.4.3.7.3h11c.3 0 .5-.1.7-.3.2-.2.3-.5.3-.7s-.1-.5-.3-.7zM5.8 14.7l6.2 6.3 6.2-6.3c.2-.2.3-.5.3-.7s-.1-.5-.3-.7c-.2-.2-.4-.3-.7-.3h-11c-.3 0-.5.1-.7.3-.2.2-.3.5-.3.7s.1.5.3.7z\"\/><\/svg><\/span><\/span><\/span><\/a><\/span><\/div>\n<nav><ul class='ez-toc-list ez-toc-list-level-1 eztoc-toggle-hide-by-default' ><li class='ez-toc-page-1 ez-toc-heading-level-2'><a class=\"ez-toc-link ez-toc-heading-1\" href=\"https:\/\/www.turna.com\/blog\/karadagdan-ne-alinir\/#karadagdan_ne_alinir\" >Karada\u011f&#8217;dan Ne Al\u0131n\u0131r?<\/a><ul class='ez-toc-list-level-3' ><li class='ez-toc-heading-level-3'><a class=\"ez-toc-link ez-toc-heading-2\" href=\"https:\/\/www.turna.com\/blog\/karadagdan-ne-alinir\/#1_rakija\" >1. Rakija<\/a><\/li><li class='ez-toc-page-1 ez-toc-heading-level-3'><a class=\"ez-toc-link ez-toc-heading-3\" href=\"https:\/\/www.turna.com\/blog\/karadagdan-ne-alinir\/#2_njeguski_prsut\" >2. Njegu\u0161ki pr\u0161ut<\/a><\/li><li class='ez-toc-page-1 ez-toc-heading-level-3'><a class=\"ez-toc-link ez-toc-heading-4\" href=\"https:\/\/www.turna.com\/blog\/karadagdan-ne-alinir\/#3_kapa\" >3. Kapa<\/a><\/li><li class='ez-toc-page-1 ez-toc-heading-level-3'><a class=\"ez-toc-link ez-toc-heading-5\" href=\"https:\/\/www.turna.com\/blog\/karadagdan-ne-alinir\/#4_brojanica\" >4. Brojanica<\/a><\/li><li class='ez-toc-page-1 ez-toc-heading-level-3'><a class=\"ez-toc-link ez-toc-heading-6\" href=\"https:\/\/www.turna.com\/blog\/karadagdan-ne-alinir\/#5_yugo-nostalji\" >5. Yugo-nostalji<\/a><\/li><li class='ez-toc-page-1 ez-toc-heading-level-3'><a class=\"ez-toc-link ez-toc-heading-7\" href=\"https:\/\/www.turna.com\/blog\/karadagdan-ne-alinir\/#6_vranac_sarabi\" >6. Vranac \u015farab\u0131<\/a><\/li><li class='ez-toc-page-1 ez-toc-heading-level-3'><a class=\"ez-toc-link ez-toc-heading-8\" href=\"https:\/\/www.turna.com\/blog\/karadagdan-ne-alinir\/#7_kotorun_kedileri\" >7. Kotor&#8217;un kedileri<\/a><\/li><\/ul><\/li><\/ul><\/nav><\/div>\n<p>Balkanlar\u0131n en k\u00fc\u00e7\u00fck \u00fclkelerinden <a href=\"https:\/\/www.turna.com\/blog\/ulkeler\/avrupa\/karadag\" target=\"_blank\" rel=\"noopener noreferrer\"><strong>Karada\u011f<\/strong><\/a>, muhte\u015fem do\u011fal g\u00fczellikleri, plajlar\u0131, leziz yemekleri ve tarihi \u015fehirleriyle her y\u0131l binlerce seyahatseverin rotas\u0131nda.<\/p>\n<p>Vizesiz olu\u015fu nedeniyle T\u00fcrklerin Avrupa&#8217;da s\u0131kl\u0131kla gitti\u011fi destinasyonlardan olan Karada\u011f&#8217;\u0131 ziyaret edenler birbirinden farkl\u0131 hediyelik e\u015fyalarla \u00fclkemize d\u00f6n\u00fcyor.<\/p>\n<p><a href=\"https:\/\/www.turna.com\/ucak-bileti\/karadag\" target=\"_blank\" rel=\"noopener noreferrer\"><strong>Karada\u011f u\u00e7ak bileti<\/strong><\/a> se\u00e7eneklerine g\u00f6z at\u0131n.<\/p>\n<h2><span class=\"ez-toc-section\" id=\"karadagdan_ne_alinir\"><\/span><strong>Karada\u011f&#8217;dan Ne Al\u0131n\u0131r?<\/strong><span class=\"ez-toc-section-end\"><\/span><\/h2>\n<p>Peki, Karada\u011f&#8217;dan eve d\u00f6n\u00fc\u015fte hangi hediyelik e\u015fyalar\u0131 almal\u0131s\u0131n\u0131z? Kotor, Perast, Budva ve \u015fehirlerde hediyelik e\u015fya al\u0131rken nelere dikkat etmelisiniz? Karada\u011f&#8217;da kartpostallardan ve buzdolab\u0131 m\u0131knat\u0131slar\u0131ndan daha fazlas\u0131 var.<\/p>\n<h3><span class=\"ez-toc-section\" id=\"1_rakija\"><\/span><strong>1. Rakija<\/strong><span class=\"ez-toc-section-end\"><\/span><\/h3>\n<p><img width=\"800\" height=\"500\" data-public-id=\"Rakija_uw4znu\/Rakija_uw4znu.jpg\" fetchpriority=\"high\" decoding=\"async\" class=\"alignnone wp-post-15923 wp-image-15925\" src=\"https:\/\/res.cloudinary.com\/turna\/images\/w_800,h_500,c_scale\/f_auto,q_auto:low\/v1557872176\/Rakija_uw4znu\/Rakija_uw4znu.jpg?_i=AA\" data-format=\"jpg\" data-transformations=\"f_auto,q_auto:low\" data-version=\"1557872176\" data-seo=\"1\" srcset=\"https:\/\/res.cloudinary.com\/turna\/images\/f_auto,q_auto:low\/v1557872176\/Rakija_uw4znu\/Rakija_uw4znu.jpg?_i=AA 800w, https:\/\/res.cloudinary.com\/turna\/images\/w_300,h_188,c_scale\/f_auto,q_auto:low\/v1557872176\/Rakija_uw4znu\/Rakija_uw4znu.jpg?_i=AA 300w, https:\/\/res.cloudinary.com\/turna\/images\/w_672,h_420,c_scale\/f_auto,q_auto:low\/v1557872176\/Rakija_uw4znu\/Rakija_uw4znu.jpg?_i=AA 672w, https:\/\/res.cloudinary.com\/turna\/images\/w_640,h_400,c_scale\/f_auto,q_auto:low\/v1557872176\/Rakija_uw4znu\/Rakija_uw4znu.jpg?_i=AA 640w, https:\/\/res.cloudinary.com\/turna\/images\/w_681,h_426,c_scale\/f_auto,q_auto:low\/v1557872176\/Rakija_uw4znu\/Rakija_uw4znu.jpg?_i=AA 681w\" sizes=\"(max-width: 800px) 100vw, 800px\" \/><\/p>\n<p>Karada\u011f art\u0131k S\u0131rbistan&#8217;a ba\u011fl\u0131 olmayabilir, ancak bu, \u00fclkenin kuzeydeki karde\u015finden daha az rak\u0131 \u00e7\u0131lg\u0131n\u0131 oldu\u011fu anlam\u0131na gelmez. Rakija s\u00fcpermarketlerden, hediyelik e\u015fya d\u00fckk\u00e2nlar\u0131ndan ve marketlerden temin edilebilir, ancak ger\u00e7ek ev yap\u0131m\u0131 olanlar\u0131 \u00f6neriliyor.<\/p>\n<h3><span class=\"ez-toc-section\" id=\"2_njeguski_prsut\"><\/span><strong>2. Njegu\u0161ki pr\u0161ut<\/strong><span class=\"ez-toc-section-end\"><\/span><\/h3>\n<p>Karada\u011f&#8217;da yemek b\u00fcy\u00fcl\u00fc bir \u015fey, ancak \u00e7ok az \u015fey Njegu\u0161ki pr\u0161ut&#8217;tan daha lezzetli. Njegu\u0161ki pr\u0161ut \u0130talyan prosciutto&#8217;dan \u00e7ok farkl\u0131 de\u011fil. Bu jambon \u00fclkenin g\u00fcneyinde bulunan k\u00fc\u00e7\u00fck Njegu\u0161i k\u00f6y\u00fcn\u00fcn bir \u00f6zelli\u011fi. Kuru olarak i\u015flenmi\u015f olan jambon, \u00f6zel tad\u0131 ustal\u0131kla uygulanan deniz tuzu ve muhte\u015fem Karada\u011f havas\u0131n\u0131n sonucu.<\/p>\n<h3><span class=\"ez-toc-section\" id=\"3_kapa\"><\/span><strong>3. Kapa<\/strong><span class=\"ez-toc-section-end\"><\/span><\/h3>\n<p>Yerel dilde &#8216;kapa&#8217; olarak bilinen, tarih ve hik\u00e2ye dolu siyah ve k\u0131rm\u0131z\u0131 bir \u015fapka olarak kar\u015f\u0131n\u0131za \u00e7\u0131kar. Siyah g\u00fczel bir tarihe i\u015faret eder, k\u0131rm\u0131z\u0131 ise Osmanl\u0131 boyunduru\u011funun kald\u0131r\u0131lmas\u0131n\u0131 temsil eder. G\u00fcnl\u00fck hayatta kullanabilece\u011finiz bir e\u015fya de\u011fil ancak Karada\u011f\u2019dan al\u0131nabilecek orijinal hat\u0131ralardan birisi.<\/p>\n<h3><span class=\"ez-toc-section\" id=\"4_brojanica\"><\/span><strong>4. Brojanica<\/strong><span class=\"ez-toc-section-end\"><\/span><\/h3>\n<p><img width=\"800\" height=\"500\" data-public-id=\"Brojanica_zdpty6\/Brojanica_zdpty6.jpg\" decoding=\"async\" class=\"alignnone wp-post-15923 wp-image-15926\" src=\"https:\/\/res.cloudinary.com\/turna\/images\/w_800,h_500,c_scale\/q_auto,f_auto\/f_auto,q_auto:low\/v1557872176\/Brojanica_zdpty6\/Brojanica_zdpty6.jpg?_i=AA\" data-format=\"jpg\" data-transformations=\"q_auto,f_auto\/f_auto,q_auto:low\" data-version=\"1557872176\" data-seo=\"1\" srcset=\"https:\/\/res.cloudinary.com\/turna\/images\/q_auto,f_auto\/q_auto,f_auto\/f_auto,q_auto:low\/v1557872176\/Brojanica_zdpty6\/Brojanica_zdpty6.jpg?_i=AA 800w, https:\/\/res.cloudinary.com\/turna\/images\/w_300,h_188,c_scale\/q_auto,f_auto\/q_auto,f_auto\/f_auto,q_auto:low\/v1557872176\/Brojanica_zdpty6\/Brojanica_zdpty6.jpg?_i=AA 300w, https:\/\/res.cloudinary.com\/turna\/images\/w_672,h_420,c_scale\/q_auto,f_auto\/q_auto,f_auto\/f_auto,q_auto:low\/v1557872176\/Brojanica_zdpty6\/Brojanica_zdpty6.jpg?_i=AA 672w, https:\/\/res.cloudinary.com\/turna\/images\/w_640,h_400,c_scale\/q_auto,f_auto\/q_auto,f_auto\/f_auto,q_auto:low\/v1557872176\/Brojanica_zdpty6\/Brojanica_zdpty6.jpg?_i=AA 640w, https:\/\/res.cloudinary.com\/turna\/images\/w_681,h_426,c_scale\/q_auto,f_auto\/q_auto,f_auto\/f_auto,q_auto:low\/v1557872176\/Brojanica_zdpty6\/Brojanica_zdpty6.jpg?_i=AA 681w\" sizes=\"(max-width: 800px) 100vw, 800px\" \/><\/p>\n<p>Daha ruhsal bir hat\u0131ra arayanlar i\u00e7in brojanica iyi bir se\u00e7enek. S\u0131rp Ortodoks Kilisesi Karada\u011f&#8217;da h\u00fck\u00fcm s\u00fcrmekte ve brojanika da dua ipi olarak ikiye katlanan bir bilezik. Bilezikleri \u00f6nemli hac b\u00f6lgelerinde bulabilirsiniz ancak daha pop\u00fcler noktalarda da bulmakta sorun ya\u015famazs\u0131n\u0131z.<\/p>\n<h3><span class=\"ez-toc-section\" id=\"5_yugo-nostalji\"><\/span><strong>5. Yugo-nostalji<\/strong><span class=\"ez-toc-section-end\"><\/span><\/h3>\n<p>S\u0131rbistan ve Karada\u011f, Yugoslav r\u00fcyas\u0131ndan vazge\u00e7melerine izin verilen son cumhuriyetlerdi, bu y\u00fczden ikinisinde de bol miktarda Yugo-nostalji bulmak \u015fa\u015f\u0131rt\u0131c\u0131 de\u011fil. Yugoslavya, S\u0131rbistan ve Karada\u011f ayr\u0131lmadan \u00e7ok \u00f6nce \u00f6ld\u00fc, ancak Yugoslav r\u00fcyas\u0131 Balkanlar&#8217;daki d\u00fckk\u00e2nlarda h\u00e2len canl\u0131 ve iyi durumda.<\/p>\n<h3><span class=\"ez-toc-section\" id=\"6_vranac_sarabi\"><\/span><strong>6. Vranac \u015farab\u0131<\/strong><span class=\"ez-toc-section-end\"><\/span><\/h3>\n<p><img width=\"800\" height=\"500\" data-public-id=\"Vranac_vpmylc\/Vranac_vpmylc.jpg\" decoding=\"async\" class=\"alignnone wp-post-15923 wp-image-15924\" src=\"https:\/\/res.cloudinary.com\/turna\/images\/w_800,h_500,c_scale\/f_auto,q_auto:low\/v1557872176\/Vranac_vpmylc\/Vranac_vpmylc.jpg?_i=AA\" data-format=\"jpg\" data-transformations=\"f_auto,q_auto:low\" data-version=\"1557872176\" data-seo=\"1\" srcset=\"https:\/\/res.cloudinary.com\/turna\/images\/f_auto,q_auto:low\/v1557872176\/Vranac_vpmylc\/Vranac_vpmylc.jpg?_i=AA 800w, https:\/\/res.cloudinary.com\/turna\/images\/w_300,h_188,c_scale\/f_auto,q_auto:low\/v1557872176\/Vranac_vpmylc\/Vranac_vpmylc.jpg?_i=AA 300w, https:\/\/res.cloudinary.com\/turna\/images\/w_672,h_420,c_scale\/f_auto,q_auto:low\/v1557872176\/Vranac_vpmylc\/Vranac_vpmylc.jpg?_i=AA 672w, https:\/\/res.cloudinary.com\/turna\/images\/w_640,h_400,c_scale\/f_auto,q_auto:low\/v1557872176\/Vranac_vpmylc\/Vranac_vpmylc.jpg?_i=AA 640w, https:\/\/res.cloudinary.com\/turna\/images\/w_681,h_426,c_scale\/f_auto,q_auto:low\/v1557872176\/Vranac_vpmylc\/Vranac_vpmylc.jpg?_i=AA 681w\" sizes=\"(max-width: 800px) 100vw, 800px\" \/><\/p>\n<p>Karada\u011f&#8217;da rakijadan farkl\u0131 daha \u00e7ok alkol var ve \u00f6zellikle bu Akdeniz harikas\u0131n\u0131n k\u0131y\u0131lar\u0131nda tad\u0131n\u0131 \u00e7\u0131karman\u0131z i\u00e7in bekleyen bol miktarda \u015farap bulunur. Vranac, 1977&#8217;den bu yana korunan bir ulusal kurum olan en \u00fcnl\u00fc, yerli bir k\u0131rm\u0131z\u0131 \u015farap. Bu, koyu ve zengin bir \u015farap ve \u015farap uzmanlar\u0131 misafirlerini etkilemek i\u00e7in kuyru\u011fa girmeliler.<\/p>\n<h3><span class=\"ez-toc-section\" id=\"7_kotorun_kedileri\"><\/span><strong>7. Kotor&#8217;un kedileri<\/strong><span class=\"ez-toc-section-end\"><\/span><\/h3>\n<p>Hay\u0131r, ger\u00e7ek bir kedi sat\u0131n almay\u0131 ve onu Karada\u011f&#8217;a yap\u0131lacak harika ziyaretin hat\u0131rlat\u0131c\u0131s\u0131 olarak eve almay\u0131 d\u00fc\u015f\u00fcnmeyin. Kotor ve kediler tarihte eskiye dayan\u0131yor ve \u00fcnl\u00fc \u015fehir sokaklarda dola\u015fan evsiz kedigillere iyi bakmakta gurur duyuyor. Buras\u0131 kedilerden ho\u015flananlar i\u00e7in m\u00fckemmel bir yer ve kogna ma\u011fazas\u0131 Cats of Kotor, t\u00fcm \u015fekil ve b\u00fcy\u00fckl\u00fckteki (ve \u0131rklar\u0131n) tekir merkezli kedilerin hediyelik e\u015fyalar\u0131yla dolu.<\/p>\n\n    <div class=\"xs_social_share_widget xs_share_url after_content \t\tmain_content  wslu-style-1 wslu-share-box-shaped wslu-fill-colored wslu-none wslu-share-horizontal wslu-theme-font-no wslu-main_content\">\n\n\t\t\n        <ul>\n\t\t\t        <\/ul>\n    <\/div> \n","protected":false},"excerpt":{"rendered":"<p>Balkanlar\u0131n en k\u00fc\u00e7\u00fck \u00fclkelerinden Karada\u011f, muhte\u015fem do\u011fal g\u00fczellikleri, plajlar\u0131, leziz yemekleri ve tarihi \u015fehirleriyle her y\u0131l binlerce seyahatseverin rotas\u0131nda. Vizesiz olu\u015fu nedeniyle T\u00fcrklerin Avrupa&#8217;da s\u0131kl\u0131kla gitti\u011fi destinasyonlardan olan Karada\u011f&#8217;\u0131 ziyaret edenler birbirinden farkl\u0131 hediyelik e\u015fyalarla \u00fclkemize d\u00f6n\u00fcyor. Karada\u011f u\u00e7ak bileti se\u00e7eneklerine g\u00f6z at\u0131n. Karada\u011f&#8217;dan Ne Al\u0131n\u0131r? Peki, Karada\u011f&#8217;dan eve d\u00f6n\u00fc\u015fte hangi hediyelik e\u015fyalar\u0131 almal\u0131s\u0131n\u0131z? Kotor, [&hellip;]<\/p>\n","protected":false},"author":29,"featured_media":15926,"comment_status":"open","ping_status":"open","sticky":false,"template":"","format":"standard","meta":{"rop_custom_images_group":[],"rop_custom_messages_group":[],"rop_publish_now":"initial","rop_publish_now_accounts":[],"rop_publish_now_history":[],"rop_publish_now_status":"pending","_cloudinary_featured_overwrite":false,"footnotes":""},"categories":[1195],"tags":[660,1201],"class_list":["post-15923","post","type-post","status-publish","format-standard","has-post-thumbnail","hentry","category-karadag","tag-karadag","tag-podgorica"],"_links":{"self":[{"href":"https:\/\/www.turna.com\/blog\/wp-json\/wp\/v2\/posts\/15923","targetHints":{"allow":["GET"]}}],"collection":[{"href":"https:\/\/www.turna.com\/blog\/wp-json\/wp\/v2\/posts"}],"about":[{"href":"https:\/\/www.turna.com\/blog\/wp-json\/wp\/v2\/types\/post"}],"author":[{"embeddable":true,"href":"https:\/\/www.turna.com\/blog\/wp-json\/wp\/v2\/users\/29"}],"replies":[{"embeddable":true,"href":"https:\/\/www.turna.com\/blog\/wp-json\/wp\/v2\/comments?post=15923"}],"version-history":[{"count":0,"href":"https:\/\/www.turna.com\/blog\/wp-json\/wp\/v2\/posts\/15923\/revisions"}],"wp:featuredmedia":[{"embeddable":true,"href":"https:\/\/www.turna.com\/blog\/wp-json\/wp\/v2\/media\/15926"}],"wp:attachment":[{"href":"https:\/\/www.turna.com\/blog\/wp-json\/wp\/v2\/media?parent=15923"}],"wp:term":[{"taxonomy":"category","embeddable":true,"href":"https:\/\/www.turna.com\/blog\/wp-json\/wp\/v2\/categories?post=15923"},{"taxonomy":"post_tag","embeddable":true,"href":"https:\/\/www.turna.com\/blog\/wp-json\/wp\/v2\/tags?post=15923"}],"curies":[{"name":"wp","href":"https:\/\/api.w.org\/{rel}","templated":true}]}}