{"id":15919,"date":"2019-05-17T08:34:43","date_gmt":"2019-05-17T05:34:43","guid":{"rendered":"https:\/\/www.turna.com\/blog\/?p=15919"},"modified":"2022-01-03T15:02:12","modified_gmt":"2022-01-03T12:02:12","slug":"balkan-mutfagi-hakkinda-ilginc-bilgiler","status":"publish","type":"post","link":"https:\/\/www.turna.com\/blog\/balkan-mutfagi-hakkinda-ilginc-bilgiler","title":{"rendered":"Balkan Mutfa\u011f\u0131 Hakk\u0131nda \u0130lgin\u00e7 Bilgiler"},"content":{"rendered":"<div id=\"ez-toc-container\" class=\"ez-toc-v2_0_82_2 counter-hierarchy ez-toc-counter ez-toc-black ez-toc-container-direction\">\n<div class=\"ez-toc-title-container\">\n<p class=\"ez-toc-title\" style=\"cursor:inherit\">\u0130\u00e7indekiler<\/p>\n<span class=\"ez-toc-title-toggle\"><a href=\"#\" class=\"ez-toc-pull-right ez-toc-btn ez-toc-btn-xs ez-toc-btn-default ez-toc-toggle\" aria-label=\"\u0130\u00e7indekiler Tablosunu A\u00e7\/Kapat\"><span class=\"ez-toc-js-icon-con\"><span class=\"\"><span class=\"eztoc-hide\" style=\"display:none;\">Toggle<\/span><span class=\"ez-toc-icon-toggle-span\"><svg style=\"fill: #ffffff;color:#ffffff\" xmlns=\"http:\/\/www.w3.org\/2000\/svg\" class=\"list-377408\" width=\"20px\" height=\"20px\" viewBox=\"0 0 24 24\" fill=\"none\"><path d=\"M6 6H4v2h2V6zm14 0H8v2h12V6zM4 11h2v2H4v-2zm16 0H8v2h12v-2zM4 16h2v2H4v-2zm16 0H8v2h12v-2z\" fill=\"currentColor\"><\/path><\/svg><svg style=\"fill: #ffffff;color:#ffffff\" class=\"arrow-unsorted-368013\" xmlns=\"http:\/\/www.w3.org\/2000\/svg\" width=\"10px\" height=\"10px\" viewBox=\"0 0 24 24\" version=\"1.2\" baseProfile=\"tiny\"><path d=\"M18.2 9.3l-6.2-6.3-6.2 6.3c-.2.2-.3.4-.3.7s.1.5.3.7c.2.2.4.3.7.3h11c.3 0 .5-.1.7-.3.2-.2.3-.5.3-.7s-.1-.5-.3-.7zM5.8 14.7l6.2 6.3 6.2-6.3c.2-.2.3-.5.3-.7s-.1-.5-.3-.7c-.2-.2-.4-.3-.7-.3h-11c-.3 0-.5.1-.7.3-.2.2-.3.5-.3.7s.1.5.3.7z\"\/><\/svg><\/span><\/span><\/span><\/a><\/span><\/div>\n<nav><ul class='ez-toc-list ez-toc-list-level-1 eztoc-toggle-hide-by-default' ><li class='ez-toc-page-1 ez-toc-heading-level-2'><a class=\"ez-toc-link ez-toc-heading-1\" href=\"https:\/\/www.turna.com\/blog\/balkan-mutfagi-hakkinda-ilginc-bilgiler\/#balkan_mutfagi_hakkinda_bilgiler\" >Balkan Mutfa\u011f\u0131 Hakk\u0131nda Bilgiler<\/a><ul class='ez-toc-list-level-3' ><li class='ez-toc-heading-level-3'><a class=\"ez-toc-link ez-toc-heading-2\" href=\"https:\/\/www.turna.com\/blog\/balkan-mutfagi-hakkinda-ilginc-bilgiler\/#1_tabaktaki_tarih\" >1. Tabaktaki tarih<\/a><\/li><li class='ez-toc-page-1 ez-toc-heading-level-3'><a class=\"ez-toc-link ez-toc-heading-3\" href=\"https:\/\/www.turna.com\/blog\/balkan-mutfagi-hakkinda-ilginc-bilgiler\/#2_agzinla_ye_gozlerinle_degil\" >2. A\u011fz\u0131nla ye, g\u00f6zlerinle de\u011fil<\/a><\/li><li class='ez-toc-page-1 ez-toc-heading-level-3'><a class=\"ez-toc-link ez-toc-heading-4\" href=\"https:\/\/www.turna.com\/blog\/balkan-mutfagi-hakkinda-ilginc-bilgiler\/#3_her_sey_doldurulmus\" >3. Her \u015fey doldurulmu\u015f<\/a><\/li><li class='ez-toc-page-1 ez-toc-heading-level-3'><a class=\"ez-toc-link ez-toc-heading-5\" href=\"https:\/\/www.turna.com\/blog\/balkan-mutfagi-hakkinda-ilginc-bilgiler\/#4_saca_dikkat_edin\" >4. Sa\u010d&#8217;a dikkat edin<\/a><\/li><li class='ez-toc-page-1 ez-toc-heading-level-3'><a class=\"ez-toc-link ez-toc-heading-6\" href=\"https:\/\/www.turna.com\/blog\/balkan-mutfagi-hakkinda-ilginc-bilgiler\/#5_yarim_yok_tam_var\" >5. Yar\u0131m yok tam var<\/a><\/li><li class='ez-toc-page-1 ez-toc-heading-level-3'><a class=\"ez-toc-link ez-toc-heading-7\" href=\"https:\/\/www.turna.com\/blog\/balkan-mutfagi-hakkinda-ilginc-bilgiler\/#6_gozle_gorundugunden_daha_fazla_varyasyon\" >6. G\u00f6zle g\u00f6r\u00fcnd\u00fc\u011f\u00fcnden daha fazla varyasyon<\/a><\/li><li class='ez-toc-page-1 ez-toc-heading-level-3'><a class=\"ez-toc-link ez-toc-heading-8\" href=\"https:\/\/www.turna.com\/blog\/balkan-mutfagi-hakkinda-ilginc-bilgiler\/#7_raki_her_yerde\" >7. Rak\u0131 her yerde<\/a><\/li><\/ul><\/li><\/ul><\/nav><\/div>\n<p><strong>Balkan mutfa\u011f\u0131<\/strong> denildi\u011finde bir\u00e7ok ki\u015finin akl\u0131na \u0131zgara et ve b\u00fcy\u00fck porsiyon, bol malzemeli salatalar geliyor. <a href=\"https:\/\/www.turna.com\/blog\/ulkeler\/avrupa\" target=\"_blank\" rel=\"noopener noreferrer\"><strong>Avrupa<\/strong><\/a> ile \u00d6n Asya aras\u0131nda \u00f6nemli bir ge\u00e7i\u015f g\u00fczergah\u0131 olan Balkanlar bu stratejik konumunun getirdi\u011fi &#8216;ge\u00e7i\u015f&#8217; \u00f6zelli\u011fi yemek k\u00fclt\u00fcr\u00fcnde de bire bir sergiliyor.<\/p>\n<p>Balkan co\u011frafyas\u0131n\u0131 ziyaret etmeden \u00f6nce Balkan mutfa\u011f\u0131 hakk\u0131nda unutmaman\u0131z gereken bilgiler bu yaz\u0131da.<\/p>\n<p><img width=\"800\" height=\"500\" data-public-id=\"Balkan-Mutfagi_jgfrls\/Balkan-Mutfagi_jgfrls.jpg\" fetchpriority=\"high\" decoding=\"async\" class=\"alignnone wp-post-15919 wp-image-15920\" src=\"https:\/\/res.cloudinary.com\/turna\/images\/w_800,h_500,c_scale\/q_auto,f_auto\/f_auto,q_auto:low\/v1557870969\/Balkan-Mutfagi_jgfrls\/Balkan-Mutfagi_jgfrls.jpg?_i=AA\" data-format=\"jpg\" data-transformations=\"q_auto,f_auto\/f_auto,q_auto:low\" data-version=\"1557870969\" data-seo=\"1\" srcset=\"https:\/\/res.cloudinary.com\/turna\/images\/q_auto,f_auto\/q_auto,f_auto\/f_auto,q_auto:low\/v1557870969\/Balkan-Mutfagi_jgfrls\/Balkan-Mutfagi_jgfrls.jpg?_i=AA 800w, https:\/\/res.cloudinary.com\/turna\/images\/w_300,h_188,c_scale\/q_auto,f_auto\/q_auto,f_auto\/f_auto,q_auto:low\/v1557870969\/Balkan-Mutfagi_jgfrls\/Balkan-Mutfagi_jgfrls.jpg?_i=AA 300w, https:\/\/res.cloudinary.com\/turna\/images\/w_672,h_420,c_scale\/q_auto,f_auto\/q_auto,f_auto\/f_auto,q_auto:low\/v1557870969\/Balkan-Mutfagi_jgfrls\/Balkan-Mutfagi_jgfrls.jpg?_i=AA 672w, https:\/\/res.cloudinary.com\/turna\/images\/w_640,h_400,c_scale\/q_auto,f_auto\/q_auto,f_auto\/f_auto,q_auto:low\/v1557870969\/Balkan-Mutfagi_jgfrls\/Balkan-Mutfagi_jgfrls.jpg?_i=AA 640w, https:\/\/res.cloudinary.com\/turna\/images\/w_681,h_426,c_scale\/q_auto,f_auto\/q_auto,f_auto\/f_auto,q_auto:low\/v1557870969\/Balkan-Mutfagi_jgfrls\/Balkan-Mutfagi_jgfrls.jpg?_i=AA 681w\" sizes=\"(max-width: 800px) 100vw, 800px\" \/><\/p>\n<h2><span class=\"ez-toc-section\" id=\"balkan_mutfagi_hakkinda_bilgiler\"><\/span><strong>Balkan Mutfa\u011f\u0131 Hakk\u0131nda Bilgiler<\/strong><span class=\"ez-toc-section-end\"><\/span><\/h2>\n<h3><span class=\"ez-toc-section\" id=\"1_tabaktaki_tarih\"><\/span><strong>1. Tabaktaki tarih<\/strong><span class=\"ez-toc-section-end\"><\/span><\/h3>\n<p>Osmanl\u0131lara \u201cT\u00fcrk\u201d olarak at\u0131fta bulunuldu\u011funda t\u00fcm hik\u00e2ye anlat\u0131lm\u0131yor. T\u00fcrkiye&#8217;nin Balkan mutfa\u011f\u0131 \u00fczerindeki etkisini g\u00f6zden ka\u00e7\u0131rmamak gerekiyor. Osmanl\u0131lar taraf\u0131ndan b\u00f6lgeye getirilen yemekler \u00f6zellikle S\u0131rbistan ve Bosna Hersek\u2019te g\u00fcnl\u00fck ya\u015fam\u0131n en \u00f6nemli par\u00e7as\u0131.<\/p>\n<p>Balkan mutfa\u011f\u0131nda sadece Osmanl\u0131 yemekleri bulunmuyor. Avusturya, Macaristan ve \u0130talya&#8217;n\u0131n tarihsel etkisi, H\u0131rvatistan&#8217;\u0131n ekmekli et yemeklerinde, Voyvodina&#8217;n\u0131n gula\u015f merkezli y\u00f6ntemlerinin veya Karada\u011f&#8217;da enfes deniz \u00fcr\u00fcnlerinin bollu\u011fu olsun, keskin bir \u015fekilde hissediliyor.<\/p>\n<h3><span class=\"ez-toc-section\" id=\"2_agzinla_ye_gozlerinle_degil\"><\/span><strong>2. A\u011fz\u0131nla ye, g\u00f6zlerinle de\u011fil<\/strong><span class=\"ez-toc-section-end\"><\/span><\/h3>\n<p>Baz\u0131 ki\u015filer yeme\u011fin \u00f6nce g\u00f6ze hitap etmesi gerekti\u011fini savunuyor. Bu bir\u00e7ok durumda ge\u00e7erli, ancak ayn\u0131 ki\u015filer Balkanlara bir \u015fans vermeli. Balkan yemekleri, tam olarak estetik i\u00e7in tasarlanmam\u0131\u015f. G\u00fc\u00e7l\u00fc bir pljeskavica&#8217;n\u0131n damlayan ya\u011f\u0131n\u0131 veya Makedon tav\u010de-grav\u010de olan kuru fasulye y\u0131\u011f\u0131n\u0131n\u0131 sevebilirsiniz, ancak bunlar estetik olarak size \u00e7ekici gelmeyebilir. Ancak yemekler g\u00f6r\u00fcn\u00fc\u015fleri ile de\u011fil lezzetleri ile de\u011ferlendirilmeli.<\/p>\n<p><img width=\"800\" height=\"500\" data-public-id=\"Balkan-Yemegi_y9jd6q\/Balkan-Yemegi_y9jd6q.jpg\" decoding=\"async\" class=\"alignnone wp-post-15919 wp-image-15921\" src=\"https:\/\/res.cloudinary.com\/turna\/images\/w_800,h_500,c_scale\/f_auto,q_auto:low\/v1557870973\/Balkan-Yemegi_y9jd6q\/Balkan-Yemegi_y9jd6q.jpg?_i=AA\" data-format=\"jpg\" data-transformations=\"f_auto,q_auto:low\" data-version=\"1557870973\" data-seo=\"1\" srcset=\"https:\/\/res.cloudinary.com\/turna\/images\/f_auto,q_auto:low\/v1557870973\/Balkan-Yemegi_y9jd6q\/Balkan-Yemegi_y9jd6q.jpg?_i=AA 800w, https:\/\/res.cloudinary.com\/turna\/images\/w_300,h_188,c_scale\/f_auto,q_auto:low\/v1557870973\/Balkan-Yemegi_y9jd6q\/Balkan-Yemegi_y9jd6q.jpg?_i=AA 300w, https:\/\/res.cloudinary.com\/turna\/images\/w_672,h_420,c_scale\/f_auto,q_auto:low\/v1557870973\/Balkan-Yemegi_y9jd6q\/Balkan-Yemegi_y9jd6q.jpg?_i=AA 672w, https:\/\/res.cloudinary.com\/turna\/images\/w_640,h_400,c_scale\/f_auto,q_auto:low\/v1557870973\/Balkan-Yemegi_y9jd6q\/Balkan-Yemegi_y9jd6q.jpg?_i=AA 640w, https:\/\/res.cloudinary.com\/turna\/images\/w_681,h_426,c_scale\/f_auto,q_auto:low\/v1557870973\/Balkan-Yemegi_y9jd6q\/Balkan-Yemegi_y9jd6q.jpg?_i=AA 681w\" sizes=\"(max-width: 800px) 100vw, 800px\" \/><\/p>\n<h3><span class=\"ez-toc-section\" id=\"3_her_sey_doldurulmus\"><\/span><strong>3. Her \u015fey doldurulmu\u015f<\/strong><span class=\"ez-toc-section-end\"><\/span><\/h3>\n<p>Biber dolmas\u0131 Balkanlarda da favori yemeklerden. Biberler bol miktarda et ve so\u011fan ile dolduruluyor. Lahana, biber, patl\u0131can, domates, kabak gibi sebzelerin dolmas\u0131 Balkan co\u011frafyas\u0131n\u0131n d\u00f6rt bir yan\u0131nda mutlaka tad\u0131na bakman\u0131z gereken lezzetlerden.<\/p>\n<h3><span class=\"ez-toc-section\" id=\"4_saca_dikkat_edin\"><\/span><strong>4. Sa\u010d&#8217;a dikkat edin<\/strong><span class=\"ez-toc-section-end\"><\/span><\/h3>\n<p>Sa\u010d, sayg\u0131n Balkan mutfa\u011f\u0131n\u0131n ayr\u0131lmaz bir par\u00e7as\u0131. S\u0131cak k\u00f6m\u00fcr veya k\u00fcl \u00fcst\u00fcne yerle\u015ftirilen sac, modern restoranlar\u0131n bile ayr\u0131lmaz par\u00e7as\u0131. \u00d6zellikle et yemekleri sunan restoranlarda sa\u00e7ta pi\u015firilen yemeklerin tad\u0131na bak\u0131n.<\/p>\n<h3><span class=\"ez-toc-section\" id=\"5_yarim_yok_tam_var\"><\/span><strong>5. Yar\u0131m yok tam var<\/strong><span class=\"ez-toc-section-end\"><\/span><\/h3>\n<p>Balkanlarda yar\u0131m \u00f6l\u00e7\u00fc kullan\u0131lm\u0131yor. Kendilerini ak\u0131llar\u0131na koyduklar\u0131 herhangi bir \u015feye ad\u0131yorlar ve onlar i\u00e7in yemek yapmak da bu heyecanlardan biri. Buradaki lezzetler ba\u015f d\u00f6nd\u00fcr\u00fcc\u00fc. Bir restorana gitti\u011finizde yar\u0131m porsiyon talep etti\u011finizde y\u00fcz\u00fc bir anda d\u00fc\u015fen servis eleman\u0131 ile kar\u015f\u0131la\u015f\u0131yorsunuz. O y\u00fczden sipari\u015finizi mutlaka tam porsiyon vermeniz bekleniyor.<\/p>\n<p><img width=\"800\" height=\"500\" data-public-id=\"Balkan-Yemekleri-Bilgiler_ztm1mm\/Balkan-Yemekleri-Bilgiler_ztm1mm.jpg\" decoding=\"async\" class=\"alignnone wp-post-15919 wp-image-15922\" src=\"https:\/\/res.cloudinary.com\/turna\/images\/w_800,h_500,c_scale\/f_auto,q_auto:low\/v1557870965\/Balkan-Yemekleri-Bilgiler_ztm1mm\/Balkan-Yemekleri-Bilgiler_ztm1mm.jpg?_i=AA\" data-format=\"jpg\" data-transformations=\"f_auto,q_auto:low\" data-version=\"1557870965\" data-seo=\"1\" srcset=\"https:\/\/res.cloudinary.com\/turna\/images\/f_auto,q_auto:low\/v1557870965\/Balkan-Yemekleri-Bilgiler_ztm1mm\/Balkan-Yemekleri-Bilgiler_ztm1mm.jpg?_i=AA 800w, https:\/\/res.cloudinary.com\/turna\/images\/w_300,h_188,c_scale\/f_auto,q_auto:low\/v1557870965\/Balkan-Yemekleri-Bilgiler_ztm1mm\/Balkan-Yemekleri-Bilgiler_ztm1mm.jpg?_i=AA 300w, https:\/\/res.cloudinary.com\/turna\/images\/w_672,h_420,c_scale\/f_auto,q_auto:low\/v1557870965\/Balkan-Yemekleri-Bilgiler_ztm1mm\/Balkan-Yemekleri-Bilgiler_ztm1mm.jpg?_i=AA 672w, https:\/\/res.cloudinary.com\/turna\/images\/w_640,h_400,c_scale\/f_auto,q_auto:low\/v1557870965\/Balkan-Yemekleri-Bilgiler_ztm1mm\/Balkan-Yemekleri-Bilgiler_ztm1mm.jpg?_i=AA 640w, https:\/\/res.cloudinary.com\/turna\/images\/w_681,h_426,c_scale\/f_auto,q_auto:low\/v1557870965\/Balkan-Yemekleri-Bilgiler_ztm1mm\/Balkan-Yemekleri-Bilgiler_ztm1mm.jpg?_i=AA 681w\" sizes=\"(max-width: 800px) 100vw, 800px\" \/><\/p>\n<h3><span class=\"ez-toc-section\" id=\"6_gozle_gorundugunden_daha_fazla_varyasyon\"><\/span><strong>6. G\u00f6zle g\u00f6r\u00fcnd\u00fc\u011f\u00fcnden daha fazla varyasyon<\/strong><span class=\"ez-toc-section-end\"><\/span><\/h3>\n<p>S\u0131rbistan, Bosna, Karada\u011f\u2019da ve di\u011fer yerlerde men\u00fcler her zaman ayn\u0131 \u015feyi sunuyor gibi g\u00f6r\u00fcnebilir. Apevapi, pljeskavica her yerde ve herkes kahvalt\u0131da b\u00f6rek yiyor gibi g\u00f6r\u00fcn\u00fcyor. Ancak kanmay\u0131n &#8211; bekledi\u011finizden daha fazla farkl\u0131l\u0131klar var. E\u015fit derecede \u015fa\u015f\u0131rt\u0131c\u0131 bir sonu\u00e7 elde etmek i\u00e7in kullan\u0131lan farkl\u0131 malzemelerle haz\u0131rland\u0131\u011f\u0131ndan dolay\u0131 Belgrad&#8217;daki apevapi, Saraybosna&#8217;da bulunanlardan farkl\u0131 oluyor. Dil farkl\u0131l\u0131klar\u0131 da yayg\u0131n.<\/p>\n<h3><span class=\"ez-toc-section\" id=\"7_raki_her_yerde\"><\/span><strong>7. Rak\u0131 her yerde<\/strong><span class=\"ez-toc-section-end\"><\/span><\/h3>\n<p>Ger\u00e7ekten de rak\u0131 Balkanlar\u0131n her yerindeymi\u015f gibi g\u00f6r\u00fcn\u00fcyor. G\u00fc\u00e7l\u00fc meyve brendi, kahvalt\u0131da, ak\u015fam yeme\u011finde, kutlamalarda, partilerde, cenaze t\u00f6renlerinde, konferanslarda ve daha pek \u00e7ok yerde i\u00e7iliyor. K\u0131sacas\u0131 herhangi bir durumda, birisinin elinde mutlaka bir \u015fi\u015fe rak\u0131 g\u00f6rebilirsiniz. Rak\u0131ya restoranlarda sindirim yard\u0131mc\u0131s\u0131 ve damak temizleyici gibi davran\u0131ld\u0131\u011f\u0131n\u0131 da unutmamak gerek.<\/p>\n\n    <div class=\"xs_social_share_widget xs_share_url after_content \t\tmain_content  wslu-style-1 wslu-share-box-shaped wslu-fill-colored wslu-none wslu-share-horizontal wslu-theme-font-no wslu-main_content\">\n\n\t\t\n        <ul>\n\t\t\t        <\/ul>\n    <\/div> \n","protected":false},"excerpt":{"rendered":"<p>Balkan mutfa\u011f\u0131 denildi\u011finde bir\u00e7ok ki\u015finin akl\u0131na \u0131zgara et ve b\u00fcy\u00fck porsiyon, bol malzemeli salatalar geliyor. Avrupa ile \u00d6n Asya aras\u0131nda \u00f6nemli bir ge\u00e7i\u015f g\u00fczergah\u0131 olan Balkanlar bu stratejik konumunun getirdi\u011fi &#8216;ge\u00e7i\u015f&#8217; \u00f6zelli\u011fi yemek k\u00fclt\u00fcr\u00fcnde de bire bir sergiliyor. Balkan co\u011frafyas\u0131n\u0131 ziyaret etmeden \u00f6nce Balkan mutfa\u011f\u0131 hakk\u0131nda unutmaman\u0131z gereken bilgiler bu yaz\u0131da. Balkan Mutfa\u011f\u0131 Hakk\u0131nda Bilgiler [&hellip;]<\/p>\n","protected":false},"author":9,"featured_media":15920,"comment_status":"open","ping_status":"open","sticky":false,"template":"","format":"standard","meta":{"rop_custom_images_group":[],"rop_custom_messages_group":[],"rop_publish_now":"initial","rop_publish_now_accounts":[],"rop_publish_now_history":[],"rop_publish_now_status":"pending","_cloudinary_featured_overwrite":false,"footnotes":""},"categories":[695],"tags":[657,519],"class_list":["post-15919","post","type-post","status-publish","format-standard","has-post-thumbnail","hentry","category-gurme","tag-avrupa","tag-corlu"],"_links":{"self":[{"href":"https:\/\/www.turna.com\/blog\/wp-json\/wp\/v2\/posts\/15919","targetHints":{"allow":["GET"]}}],"collection":[{"href":"https:\/\/www.turna.com\/blog\/wp-json\/wp\/v2\/posts"}],"about":[{"href":"https:\/\/www.turna.com\/blog\/wp-json\/wp\/v2\/types\/post"}],"author":[{"embeddable":true,"href":"https:\/\/www.turna.com\/blog\/wp-json\/wp\/v2\/users\/9"}],"replies":[{"embeddable":true,"href":"https:\/\/www.turna.com\/blog\/wp-json\/wp\/v2\/comments?post=15919"}],"version-history":[{"count":0,"href":"https:\/\/www.turna.com\/blog\/wp-json\/wp\/v2\/posts\/15919\/revisions"}],"wp:featuredmedia":[{"embeddable":true,"href":"https:\/\/www.turna.com\/blog\/wp-json\/wp\/v2\/media\/15920"}],"wp:attachment":[{"href":"https:\/\/www.turna.com\/blog\/wp-json\/wp\/v2\/media?parent=15919"}],"wp:term":[{"taxonomy":"category","embeddable":true,"href":"https:\/\/www.turna.com\/blog\/wp-json\/wp\/v2\/categories?post=15919"},{"taxonomy":"post_tag","embeddable":true,"href":"https:\/\/www.turna.com\/blog\/wp-json\/wp\/v2\/tags?post=15919"}],"curies":[{"name":"wp","href":"https:\/\/api.w.org\/{rel}","templated":true}]}}