{"id":1585,"date":"2016-03-21T12:13:36","date_gmt":"2016-03-21T10:13:36","guid":{"rendered":"https:\/\/www.turna.com\/blog\/?p=1585"},"modified":"2024-09-05T14:50:39","modified_gmt":"2024-09-05T11:50:39","slug":"samba-caipirinhanin-baskenti-rio-de-janeiro","status":"publish","type":"post","link":"https:\/\/www.turna.com\/blog\/samba-caipirinhanin-baskenti-rio-de-janeiro","title":{"rendered":"Samba ve Caipirinha\u2019n\u0131n Ba\u015fkenti Rio de Janeiro"},"content":{"rendered":"<p style=\"text-align: left;\">T\u00fcrkiye\u2019de k\u0131\u015f ya\u015fan\u0131rken g\u00fcney yar\u0131mk\u00fcreye gitmek ve denizin g\u00fcne\u015fin tad\u0131n\u0131 \u00e7\u0131karmak y\u0131llard\u0131r hayalimdi, ayn\u0131 zamanda\u00a0samba ve caipirinha&#8217;n\u0131n ba\u015fkenti\u00a0diyebilece\u011fimiz\u00a0Rio de Janeiro, Acun Firarda zamanlar\u0131ndan beri en merak etti\u011fim \u015fehirler listesindeydi. Bu sene plan\u0131 ger\u00e7ekle\u015ftirme imk\u00e2n\u0131na sahip olduk ve biletlerimizi ald\u0131k, maceraya haz\u0131rd\u0131k. <a href=\"https:\/\/www.turna.com\">Turna.com <\/a>\u00fczerinden siz de uygun bilet alternatiflerini ara\u015ft\u0131rabilirsiniz.<\/p>\n<p style=\"text-align: left;\">T\u00fcrkiye\u2019den sadece Sao Paulo\u2019ya direk u\u00e7u\u015f var. \u0130stanbul\u2019dan yakla\u015f\u0131k 12,5 saat s\u00fcren uzun bir u\u00e7u\u015f sonras\u0131 Sao Paulo\u2019ya ula\u015fabiliyorsunuz. Biz Sao Paulo\u2019da hem turistik anlamda bize hitap etmemesi, hem de g\u00fcvenlik s\u0131k\u0131nt\u0131s\u0131 oldu\u011fuyla ilgili uyar\u0131lar sebebiyle konaklamad\u0131k. E\u011fer sizin de plan\u0131n\u0131z Rio de Janeiro\u2019ya direkt gitmek ise Sao Paulo\u2019ya ula\u015ft\u0131ktan sonra i\u00e7 hatlara ge\u00e7erek yapaca\u011f\u0131n\u0131z bir bu\u00e7uk saatlik u\u00e7ak yolculu\u011fu sizi bekliyor. Sao Paulo\u2019da iki havaalan\u0131 var, Guarulhos (GRU) Havaalan\u0131 genellikle uluslararas\u0131 u\u00e7u\u015flar\u0131n yap\u0131ld\u0131\u011f\u0131 havaalan\u0131 ve THY\u2019nin ini\u015f yapt\u0131\u011f\u0131 havaalan\u0131, di\u011fer havaalan\u0131 ise Congonhas (CGH). E\u011fer aktarma u\u00e7u\u015fu yapacaksan\u0131z havaalan\u0131 kodlar\u0131na dikkat ederek biletinizi almay\u0131 unutmay\u0131n. Ayn\u0131 zamanda aktarma aral\u0131\u011f\u0131n\u0131 da uzun b\u0131rakman\u0131z\u0131 \u00f6neririm, \u00e7\u00fcnk\u00fc Guarulhos Havaalan\u0131 olduk\u00e7a b\u00fcy\u00fck ve d\u0131\u015f hatlardan i\u00e7 hatlara ge\u00e7erken terminal de\u011fi\u015ftirmek gerekiyor.<\/p>\n<p style=\"text-align: left;\">Bu yaz\u0131mda \u015fehirle ilgili genel bilgileri vermeye \u00e7al\u0131\u015faca\u011f\u0131m, bir sonraki Rio yaz\u0131s\u0131nda ise yeme\/i\u00e7me, konaklama, gezilecek yerler ve plajlar hakk\u0131nda detayl\u0131 bilgiler olacak. Ba\u015fl\u0131yoruz.<\/p>\n<p style=\"text-align: left;\"><strong>Hava durumu<\/strong><\/p>\n<p style=\"text-align: left;\">Biz 14 \u015eubat-21 \u015eubat tarihleri aras\u0131nda oradayd\u0131k, 2016 karnaval\u0131n\u0131n tam bitimine denk geliyor. Hava s\u0131cakl\u0131\u011f\u0131 32 derece civar\u0131nda ve nem oran\u0131 olduk\u00e7a y\u00fcksek. Hava her g\u00fcn istisnas\u0131z \u015fu \u015fekilde seyretti: \u00d6\u011flen 12\u2019ye kadar bulutlu, 12 ile ak\u015fam\u00fcst\u00fc 6 aras\u0131 g\u00fcne\u015fli, ak\u015fam 6-8 aras\u0131 iki dakika bile d\u0131\u015far\u0131da durunca s\u0131r\u0131ls\u0131klam olacak kadar ya\u011f\u0131\u015fl\u0131. Biz bu rutine al\u0131\u015farak, ya\u011fmurun gelece\u011fine i\u015faret eden bulutlar\u0131n belirmesi ve r\u00fczg\u00e2r\u0131n ba\u015flamas\u0131yla birlikte kendimizi otele at\u0131yorduk. Sabahlar\u0131 ise bulutlu havay\u0131 g\u00f6r\u00fcnce g\u00fcn boyunca k\u00f6t\u00fc olacak diye d\u00fc\u015f\u00fcnm\u00fcyorduk. \u015eubat ay\u0131nda genelde hava bu \u015fekildeymi\u015f.<\/p>\n<p style=\"text-align: left;\"><strong>\u0130leti\u015fim ve \u0130ngilizce sorunu<\/strong><\/p>\n<p style=\"text-align: left;\">Brezilyan\u0131n resmi dili Portekizce. Portekizce bilince benzerli\u011finden dolay\u0131 \u0130spanyolca da biliyor say\u0131l\u0131yorlar. Neredeyse hi\u00e7 kimse \u0130ngilizce bilmiyor. Genel olarak insanlar hep yard\u0131mc\u0131 olmaya \u00e7al\u0131\u015fsa da tek kelime bile \u0130ngilizce anlamay\u0131nca ger\u00e7ekten ileti\u015fim ciddi s\u0131k\u0131nt\u0131 oluyor. Tatilimizi ol\u00e1 (merhaba), uno (bir), gracias (te\u015fekk\u00fcrler) kelimeleriyle tamamlad\u0131k. Bu kadar turist toplayan bir karnavala sahip olup nas\u0131l \u0130ngilizce \u00f6\u011frenmediklerini \u00e7ok anlayamasak da, gelen turistlerin bir\u00e7o\u011funun \u0130spanyolca bildi\u011fine, o y\u00fczden yerel halk\u0131n ve esnaf\u0131n da \u0130ngilizce \u00f6\u011frenmeye \u00e7ok ihtiya\u00e7 duymad\u0131klar\u0131na kanaat getirdik.<\/p>\n<p style=\"text-align: left;\"><strong>\u0130nternet eri\u015fimi<\/strong><\/p>\n<p style=\"text-align: left;\">Tatil boyunca yolumuzu daha rahat bulabilmek i\u00e7in \u015fehre var\u0131\u015f\u0131m\u0131zla beraber SIM kart\u0131 aray\u0131\u015f\u0131na girdik. Tim Visitor kart\u0131 alabilece\u011fimizi d\u00fc\u015f\u00fcnm\u00fc\u015ft\u00fck ama \u015fehirde birden fazla Tim ofisine sormam\u0131za ra\u011fmen bulamad\u0131k. Turistlere sat\u0131lan SIM kart maalesef yok, bu da ufak bir not olsun. Onun d\u0131\u015f\u0131nda otellerde ve kafe\/restoranlar\u0131n da bir\u00e7o\u011funda kablosuz internet eri\u015fimi mevcut.<\/p>\n<p style=\"text-align: left;\"><strong>G\u00fcvenlik<\/strong><\/p>\n<p style=\"text-align: left;\">Rio ara\u015ft\u0131rmalar\u0131mda g\u00fcvenlik ile ilgili \u00e7ok fazla yaz\u0131 okudum. Gitti\u011fimiz d\u00f6nem karnaval zaman\u0131 de\u011fildi, karnaval\u0131n tam bitiminde oradayd\u0131k. Muhtemelen karnaval zaman\u0131 yan kesiciler i\u00e7in de f\u0131rsat oluyor ve h\u0131rs\u0131zl\u0131k oranlar\u0131 art\u0131yor. Biz \u015fehrin turistik noktalar\u0131nda hi\u00e7 g\u00fcvenlik kayg\u0131s\u0131 ya\u015famad\u0131k. Sahile giderken uyar\u0131ld\u0131\u011f\u0131 \u015fekilde yan\u0131m\u0131za de\u011ferli hi\u00e7bir e\u015fya almad\u0131k. Sahilde dakikada be\u015f tane seyyar sat\u0131c\u0131 geziyor, \u00f6nlem almak \u015fart. Ancak arka sokaklara ya da mahallelere gitmemek laz\u0131m, biz birka\u00e7 kez yanl\u0131\u015fl\u0131kla otob\u00fcsle ge\u00e7tik ve ger\u00e7ekten tedirgin olduk. Favelalar\u0131 (Brezilyadaki gecekondu mahallelere verilen isim) ise gezmeyi akl\u0131m\u0131zdan ge\u00e7irmedik ama otob\u00fcsle \u00f6zel yap\u0131lan turlarla foto\u011fraf \u00e7ekmek ama\u00e7l\u0131 gidenler oluyor.<\/p>\n<p style=\"text-align: left;\"><strong>Para birimi ve d\u00f6viz b\u00fcrolar\u0131<\/strong><\/p>\n<p style=\"text-align: left;\">Para birimi olarak Real (BRL) kullan\u0131yorlar ve T\u00fcrk liras\u0131na g\u00f6re daha de\u011fersiz. 10 Real 60 TL ediyor. Hal b\u00f6yle olunca Avrupa \u015fehirlerine ya da Amerika\u2019ya k\u0131yasla tatil yapmak \u00e7ok daha uygun. Yeme\/i\u00e7me, ula\u015f\u0131m masraflar\u0131 \u0130stanbul standartlar\u0131 gibi. Konaklama i\u00e7in ise otel standartlar\u0131 d\u00fc\u015f\u00fck, 4 y\u0131ld\u0131zl\u0131 oteller 2-3 y\u0131ld\u0131z ayar\u0131nda ama 4-5 y\u0131ld\u0131z fiyat\u0131nda. D\u00f6viz b\u00fcrolar\u0131nda ve ATM\u2019lerde olduk\u00e7a y\u00fcksek oranda komisyon al\u0131n\u0131yor. Havaalan\u0131nda mecburen biraz Real almak durumunda kald\u0131k, tabii ki en k\u00f6t\u00fc oran havaalan\u0131ndayd\u0131. O y\u00fczden sadece o an ihtiyac\u0131n\u0131z kadar bozdurman\u0131z\u0131 tavsiye ederim. Otellerde daha iyi oranda de\u011fi\u015fim yap\u0131labiliyor.<\/p>\n<p style=\"text-align: left;\"><strong>Ula\u015f\u0131m ve toplu ta\u015f\u0131ma<\/strong><\/p>\n<p style=\"text-align: left;\">Taksi fiyatlar\u0131 olduk\u00e7a uygun, \u0130stanbul ile ba\u015fa ba\u015f denebilir. Taksicileri de \u0130stanbul taksicilerine \u00e7ok benziyor. K\u0131sa mesafe diye be\u011fenmeyip alm\u0131yor, ald\u0131\u011f\u0131nda en uzun yoldan dola\u015ft\u0131r\u0131yor. Tabii iyilerine de denk gelmedik de\u011fil, yine de taksici kaprisiyle u\u011fra\u015fmak istemedi\u011fimiz zamanlarda toplu ta\u015f\u0131maya da y\u00f6neldik. Otob\u00fcs ve metroyu kulland\u0131k. Otob\u00fcs\u00fc sahil hatt\u0131nda (Lebnon-Ipanema-Copacabana) kullanmak olduk\u00e7a pratik ve h\u0131zl\u0131. \u00dccreti uzakl\u0131k ba\u011f\u0131ms\u0131z 3,80 Real ve \u015fof\u00f6re \u00f6deme yap\u0131labiliyor. Ancak sahil hatt\u0131 d\u0131\u015f\u0131nda ne zaman kullansak, biraz da bizim plans\u0131z olarak hatt\u0131n rotas\u0131na bakmadan, g\u00f6rd\u00fc\u011f\u00fcm\u00fcz otob\u00fcse binmemizden kaynakl\u0131, yol \u00e7ok uzun s\u00fcrd\u00fc. Metro ise tam bir felaket, Rio tatili boyunca g\u00fcvende hissetmedi\u011fim iki yerden biri metroydu. Binmeyin derim!<\/p>\n<p><strong>NOT:<\/strong> <strong><a href=\"https:\/\/www.turna.com\/sikca-sorulan-sorular\/brezilya-vizesi\" target=\"_blank\" rel=\"noreferrer noopener\" aria-label=\"Brezilya vizesi (yeni sekmede a\u00e7\u0131l\u0131r)\">Brezilya vizesi<\/a><\/strong> hakk\u0131nda detayl\u0131 bilgilere de Turna.com \u00fczerinden ula\u015fabilirsiniz.<\/p>\n\n\n<p><\/p>\n\n    <div class=\"xs_social_share_widget xs_share_url after_content \t\tmain_content  wslu-style-1 wslu-share-box-shaped wslu-fill-colored wslu-none wslu-share-horizontal wslu-theme-font-no wslu-main_content\">\n\n\t\t\n        <ul>\n\t\t\t        <\/ul>\n    <\/div> \n","protected":false},"excerpt":{"rendered":"<p>T\u00fcrkiye\u2019de k\u0131\u015f ya\u015fan\u0131rken g\u00fcney yar\u0131mk\u00fcreye gitmek ve denizin g\u00fcne\u015fin tad\u0131n\u0131 \u00e7\u0131karmak y\u0131llard\u0131r hayalimdi, ayn\u0131 zamanda\u00a0samba ve caipirinha&#8217;n\u0131n ba\u015fkenti\u00a0diyebilece\u011fimiz\u00a0Rio de Janeiro, Acun Firarda zamanlar\u0131ndan beri en merak etti\u011fim \u015fehirler listesindeydi. Bu sene plan\u0131 ger\u00e7ekle\u015ftirme imk\u00e2n\u0131na sahip olduk ve biletlerimizi ald\u0131k, maceraya haz\u0131rd\u0131k. Turna.com \u00fczerinden siz de uygun bilet alternatiflerini ara\u015ft\u0131rabilirsiniz. T\u00fcrkiye\u2019den sadece Sao Paulo\u2019ya direk u\u00e7u\u015f [&hellip;]<\/p>\n","protected":false},"author":7,"featured_media":1586,"comment_status":"open","ping_status":"open","sticky":false,"template":"","format":"standard","meta":{"rop_custom_images_group":[],"rop_custom_messages_group":[],"rop_publish_now":"initial","rop_publish_now_accounts":[],"rop_publish_now_history":[],"rop_publish_now_status":"pending","_cloudinary_featured_overwrite":false,"footnotes":""},"categories":[440,1719],"tags":[488,894,487,2660],"class_list":["post-1585","post","type-post","status-publish","format-standard","has-post-thumbnail","hentry","category-brezilya","category-roportajlar","tag-brezilya","tag-maceio","tag-rio-de-janeiro","tag-sao-luiz"],"_links":{"self":[{"href":"https:\/\/www.turna.com\/blog\/wp-json\/wp\/v2\/posts\/1585","targetHints":{"allow":["GET"]}}],"collection":[{"href":"https:\/\/www.turna.com\/blog\/wp-json\/wp\/v2\/posts"}],"about":[{"href":"https:\/\/www.turna.com\/blog\/wp-json\/wp\/v2\/types\/post"}],"author":[{"embeddable":true,"href":"https:\/\/www.turna.com\/blog\/wp-json\/wp\/v2\/users\/7"}],"replies":[{"embeddable":true,"href":"https:\/\/www.turna.com\/blog\/wp-json\/wp\/v2\/comments?post=1585"}],"version-history":[{"count":0,"href":"https:\/\/www.turna.com\/blog\/wp-json\/wp\/v2\/posts\/1585\/revisions"}],"wp:featuredmedia":[{"embeddable":true,"href":"https:\/\/www.turna.com\/blog\/wp-json\/wp\/v2\/media\/1586"}],"wp:attachment":[{"href":"https:\/\/www.turna.com\/blog\/wp-json\/wp\/v2\/media?parent=1585"}],"wp:term":[{"taxonomy":"category","embeddable":true,"href":"https:\/\/www.turna.com\/blog\/wp-json\/wp\/v2\/categories?post=1585"},{"taxonomy":"post_tag","embeddable":true,"href":"https:\/\/www.turna.com\/blog\/wp-json\/wp\/v2\/tags?post=1585"}],"curies":[{"name":"wp","href":"https:\/\/api.w.org\/{rel}","templated":true}]}}