{"id":15812,"date":"2024-09-04T11:30:00","date_gmt":"2024-09-04T08:30:00","guid":{"rendered":"https:\/\/www.turna.com\/blog\/?p=15812"},"modified":"2025-12-08T12:31:19","modified_gmt":"2025-12-08T09:31:19","slug":"cordoba-gezilecek-yerler","status":"publish","type":"post","link":"https:\/\/www.turna.com\/blog\/cordoba-gezilecek-yerler","title":{"rendered":"Cordoba Gezilecek Yerler: G\u00f6r\u00fclmesi Gereken 20 Yer"},"content":{"rendered":"<div id=\"ez-toc-container\" class=\"ez-toc-v2_0_82_2 counter-hierarchy ez-toc-counter ez-toc-black ez-toc-container-direction\">\n<div class=\"ez-toc-title-container\">\n<p class=\"ez-toc-title\" style=\"cursor:inherit\">\u0130\u00e7indekiler<\/p>\n<span class=\"ez-toc-title-toggle\"><a href=\"#\" class=\"ez-toc-pull-right ez-toc-btn ez-toc-btn-xs ez-toc-btn-default ez-toc-toggle\" aria-label=\"\u0130\u00e7indekiler Tablosunu A\u00e7\/Kapat\"><span class=\"ez-toc-js-icon-con\"><span class=\"\"><span class=\"eztoc-hide\" style=\"display:none;\">Toggle<\/span><span class=\"ez-toc-icon-toggle-span\"><svg style=\"fill: #ffffff;color:#ffffff\" xmlns=\"http:\/\/www.w3.org\/2000\/svg\" class=\"list-377408\" width=\"20px\" height=\"20px\" viewBox=\"0 0 24 24\" fill=\"none\"><path d=\"M6 6H4v2h2V6zm14 0H8v2h12V6zM4 11h2v2H4v-2zm16 0H8v2h12v-2zM4 16h2v2H4v-2zm16 0H8v2h12v-2z\" fill=\"currentColor\"><\/path><\/svg><svg style=\"fill: #ffffff;color:#ffffff\" class=\"arrow-unsorted-368013\" xmlns=\"http:\/\/www.w3.org\/2000\/svg\" width=\"10px\" height=\"10px\" viewBox=\"0 0 24 24\" version=\"1.2\" baseProfile=\"tiny\"><path d=\"M18.2 9.3l-6.2-6.3-6.2 6.3c-.2.2-.3.4-.3.7s.1.5.3.7c.2.2.4.3.7.3h11c.3 0 .5-.1.7-.3.2-.2.3-.5.3-.7s-.1-.5-.3-.7zM5.8 14.7l6.2 6.3 6.2-6.3c.2-.2.3-.5.3-.7s-.1-.5-.3-.7c-.2-.2-.4-.3-.7-.3h-11c-.3 0-.5.1-.7.3-.2.2-.3.5-.3.7s.1.5.3.7z\"\/><\/svg><\/span><\/span><\/span><\/a><\/span><\/div>\n<nav><ul class='ez-toc-list ez-toc-list-level-1 eztoc-toggle-hide-by-default' ><li class='ez-toc-page-1 ez-toc-heading-level-2'><a class=\"ez-toc-link ez-toc-heading-1\" href=\"https:\/\/www.turna.com\/blog\/cordoba-gezilecek-yerler\/#cordobada_gezilecek_yerler\" >Cordoba&#8217;da Gezilecek Yerler<\/a><ul class='ez-toc-list-level-3' ><li class='ez-toc-heading-level-3'><a class=\"ez-toc-link ez-toc-heading-2\" href=\"https:\/\/www.turna.com\/blog\/cordoba-gezilecek-yerler\/#calahorra_kulesi\" >Calahorra Kulesi<\/a><\/li><li class='ez-toc-page-1 ez-toc-heading-level-3'><a class=\"ez-toc-link ez-toc-heading-3\" href=\"https:\/\/www.turna.com\/blog\/cordoba-gezilecek-yerler\/#calleja_de_las_flores\" >Calleja de las Flores<\/a><\/li><li class='ez-toc-page-1 ez-toc-heading-level-3'><a class=\"ez-toc-link ez-toc-heading-4\" href=\"https:\/\/www.turna.com\/blog\/cordoba-gezilecek-yerler\/#plaza_de_la_corredera\" >Plaza de la Corredera<\/a><\/li><li class='ez-toc-page-1 ez-toc-heading-level-3'><a class=\"ez-toc-link ez-toc-heading-5\" href=\"https:\/\/www.turna.com\/blog\/cordoba-gezilecek-yerler\/#palacio_de_viana\" >Palacio de Viana<\/a><\/li><li class='ez-toc-page-1 ez-toc-heading-level-3'><a class=\"ez-toc-link ez-toc-heading-6\" href=\"https:\/\/www.turna.com\/blog\/cordoba-gezilecek-yerler\/#juderia_yahudi_mahallesi\" >Juderia (Yahudi Mahallesi)<\/a><\/li><li class='ez-toc-page-1 ez-toc-heading-level-3'><a class=\"ez-toc-link ez-toc-heading-7\" href=\"https:\/\/www.turna.com\/blog\/cordoba-gezilecek-yerler\/#cordoba_sinagogu\" >Cordoba Sinagogu<\/a><\/li><li class='ez-toc-page-1 ez-toc-heading-level-3'><a class=\"ez-toc-link ez-toc-heading-8\" href=\"https:\/\/www.turna.com\/blog\/cordoba-gezilecek-yerler\/#cordoba_arkeoloji_muzesi\" >Cordoba Arkeoloji M\u00fczesi<\/a><\/li><li class='ez-toc-page-1 ez-toc-heading-level-3'><a class=\"ez-toc-link ez-toc-heading-9\" href=\"https:\/\/www.turna.com\/blog\/cordoba-gezilecek-yerler\/#plaza_del_potro\" >Plaza del Potro<\/a><\/li><li class='ez-toc-page-1 ez-toc-heading-level-3'><a class=\"ez-toc-link ez-toc-heading-10\" href=\"https:\/\/www.turna.com\/blog\/cordoba-gezilecek-yerler\/#banos_arabes_arap_hamamlari\" >Ba\u00f1os \u00c1rabes (Arap Hamamlar\u0131)<\/a><\/li><li class='ez-toc-page-1 ez-toc-heading-level-3'><a class=\"ez-toc-link ez-toc-heading-11\" href=\"https:\/\/www.turna.com\/blog\/cordoba-gezilecek-yerler\/#san_lorenzo_kilisesi\" >San Lorenzo Kilisesi<\/a><\/li><li class='ez-toc-page-1 ez-toc-heading-level-3'><a class=\"ez-toc-link ez-toc-heading-12\" href=\"https:\/\/www.turna.com\/blog\/cordoba-gezilecek-yerler\/#puente_romano\" >Puente Romano<\/a><\/li><li class='ez-toc-page-1 ez-toc-heading-level-3'><a class=\"ez-toc-link ez-toc-heading-13\" href=\"https:\/\/www.turna.com\/blog\/cordoba-gezilecek-yerler\/#alcazar_de_los_reyes_cristianos\" >Alcazar de los Reyes Cristianos<\/a><\/li><li class='ez-toc-page-1 ez-toc-heading-level-3'><a class=\"ez-toc-link ez-toc-heading-14\" href=\"https:\/\/www.turna.com\/blog\/cordoba-gezilecek-yerler\/#cordoba_mezquita\" >Cordoba Mezquita<\/a><\/li><li class='ez-toc-page-1 ez-toc-heading-level-3'><a class=\"ez-toc-link ez-toc-heading-15\" href=\"https:\/\/www.turna.com\/blog\/cordoba-gezilecek-yerler\/#medine_azahara\" >Medine Azahara<\/a><\/li><li class='ez-toc-page-1 ez-toc-heading-level-3'><a class=\"ez-toc-link ez-toc-heading-16\" href=\"https:\/\/www.turna.com\/blog\/cordoba-gezilecek-yerler\/#almodovar_del_rio_kalesi\" >Almod\u00f3var del R\u00edo Kalesi<\/a><\/li><li class='ez-toc-page-1 ez-toc-heading-level-3'><a class=\"ez-toc-link ez-toc-heading-17\" href=\"https:\/\/www.turna.com\/blog\/cordoba-gezilecek-yerler\/#cardena-montoro_daglari_tabiat_parki\" >Carde\u00f1a-Montoro Da\u011flar\u0131 Tabiat Park\u0131<\/a><\/li><li class='ez-toc-page-1 ez-toc-heading-level-3'><a class=\"ez-toc-link ez-toc-heading-18\" href=\"https:\/\/www.turna.com\/blog\/cordoba-gezilecek-yerler\/#montilla_sarap_bolgesi\" >Montilla \u015earap B\u00f6lgesi<\/a><\/li><li class='ez-toc-page-1 ez-toc-heading-level-3'><a class=\"ez-toc-link ez-toc-heading-19\" href=\"https:\/\/www.turna.com\/blog\/cordoba-gezilecek-yerler\/#las_ermitas_cordobanin_dag_manastirlari\" >Las Ermitas (Cordoba\u2019n\u0131n Da\u011f Manast\u0131rlar\u0131)<\/a><\/li><li class='ez-toc-page-1 ez-toc-heading-level-3'><a class=\"ez-toc-link ez-toc-heading-20\" href=\"https:\/\/www.turna.com\/blog\/cordoba-gezilecek-yerler\/#priego_de_cordoba\" >Priego de C\u00f3rdoba<\/a><\/li><li class='ez-toc-page-1 ez-toc-heading-level-3'><a class=\"ez-toc-link ez-toc-heading-21\" href=\"https:\/\/www.turna.com\/blog\/cordoba-gezilecek-yerler\/#zuheros_koyu\" >Zuheros K\u00f6y\u00fc<\/a><\/li><\/ul><\/li><\/ul><\/nav><\/div>\n\n<p>End\u00fcl\u00fcs\u2019\u00fcn incisi Cordoba\u2019ya ho\u015f geldiniz! Tarihin, k\u00fclt\u00fcr\u00fcn ve rengarenk sokaklar\u0131n birbirine kar\u0131\u015ft\u0131\u011f\u0131 bu \u015fehir, ke\u015ffetmeye doyamayaca\u011f\u0131n\u0131z s\u00fcrprizlerle dolu. <strong>Cordoba Gezilecek Yerler<\/strong> listesi, sizi b\u00fcy\u00fcleyici bir zaman yolculu\u011funa \u00e7\u0131karacak; muhte\u015fem mimarisi, lezzetli tapaslar\u0131 ve capcanl\u0131 atmosferiyle kalbinizi fethedecek. Haz\u0131rsan\u0131z, Cordoba\u2019n\u0131n her k\u00f6\u015fesinde sakl\u0131 olan gizemleri ke\u015ffetmeye ba\u015flayal\u0131m!<\/p>\n\n\n\n<h2 class=\"wp-block-heading has-text-align-center has-neeon-button-dark-gray-color has-text-color has-link-color wp-elements-e3311837325b7273f5a64afebc9db696\"><span class=\"ez-toc-section\" id=\"cordobada_gezilecek_yerler\"><\/span><strong>Cordoba&#8217;da Gezilecek Yerler<\/strong><span class=\"ez-toc-section-end\"><\/span><\/h2>\n\n\n\n<figure class=\"wp-block-image size-large\"><img width=\"800\" height=\"500\" decoding=\"async\" src=\"data:image\/svg+xml;base64,PHN2ZyB4bWxucz0iaHR0cDovL3d3dy53My5vcmcvMjAwMC9zdmciIHdpZHRoPSI4MDAiIGhlaWdodD0iNTAwIj48cmVjdCB3aWR0aD0iMTAwJSIgaGVpZ2h0PSIxMDAlIj48YW5pbWF0ZSBhdHRyaWJ1dGVOYW1lPSJmaWxsIiB2YWx1ZXM9InJnYmEoMTUzLDE1MywxNTMsMC41KTtyZ2JhKDE1MywxNTMsMTUzLDAuMSk7cmdiYSgxNTMsMTUzLDE1MywwLjUpIiBkdXI9IjJzIiByZXBlYXRDb3VudD0iaW5kZWZpbml0ZSIgLz48L3JlY3Q+PC9zdmc+\" alt=\"Cordoba Gezilecek Yerler\" data-public-id=\"wordpress-contents\/cordoba_gezilecek_yerler\/cordoba_gezilecek_yerler.jpg\" class=\"wp-post-15812 wp-image-22937\" data-format=\"jpg\" data-transformations=\"f_auto,q_auto:low\" data-version=\"1725476909\" data-seo=\"1\" data-size=\"800 500\" data-srcset=\"https:\/\/res.cloudinary.com\/turna\/images\/f_auto,q_auto:low\/v1725476909\/wordpress-contents\/cordoba_gezilecek_yerler\/cordoba_gezilecek_yerler.jpg?_i=AA 800w, https:\/\/res.cloudinary.com\/turna\/images\/w_300,h_188,c_scale\/f_auto,q_auto:low\/v1725476909\/wordpress-contents\/cordoba_gezilecek_yerler\/cordoba_gezilecek_yerler.jpg?_i=AA 300w, https:\/\/res.cloudinary.com\/turna\/images\/w_672,h_420,c_scale\/f_auto,q_auto:low\/v1725476909\/wordpress-contents\/cordoba_gezilecek_yerler\/cordoba_gezilecek_yerler.jpg?_i=AA 672w, https:\/\/res.cloudinary.com\/turna\/images\/w_640,h_400,c_scale\/f_auto,q_auto:low\/v1725476909\/wordpress-contents\/cordoba_gezilecek_yerler\/cordoba_gezilecek_yerler.jpg?_i=AA 640w, https:\/\/res.cloudinary.com\/turna\/images\/w_681,h_426,c_scale\/f_auto,q_auto:low\/v1725476909\/wordpress-contents\/cordoba_gezilecek_yerler\/cordoba_gezilecek_yerler.jpg?_i=AA 681w\" data-sizes=\"(max-width: 800px) 100vw, 800px\" data-delivery=\"upload\" onload=\";window.CLDBind?CLDBind(this):null;\" data-cloudinary=\"lazy\" \/><\/figure>\n\n\n\n<p>Cordoba, bir zamanlar \u0130slam d\u00fcnyas\u0131n\u0131n en parlak y\u0131ld\u0131zlar\u0131ndan biri olarak parlam\u0131\u015f ve bu zengin miras\u0131 g\u00fcn\u00fcm\u00fcze kadar ta\u015f\u0131may\u0131 ba\u015farm\u0131\u015f. Dar sokaklar\u0131, bembeyaz evleri ve reng\u00e2renk \u00e7i\u00e7eklerle bezeli avlular\u0131 ile tam bir a\u00e7\u0131k hava m\u00fczesi. \u015eehir merkezinde y\u00fcr\u00fcrken, bir yanda g\u00f6rkemli Mezquita&#8217;n\u0131n b\u00fcy\u00fcleyici atmosferine kap\u0131l\u0131rken, di\u011fer yanda Roma K\u00f6pr\u00fcs\u00fc\u2019n\u00fcn \u00fczerinde ad\u0131m atarken tarih sayfalar\u0131nda kaybolacaks\u0131n\u0131z. Cordoba Gezilecek Yerler aras\u0131nda yer alan Alc\u00e1zar de los Reyes Cristianos ise muhte\u015fem bah\u00e7eleriyle b\u00fcy\u00fcleyecek.<\/p>\n\n\n\n<p>Cordoba mutfa\u011f\u0131na gelince&#8230; Ah, o lezzetler! \u015eehirdeki tapas barlar\u0131, \u0130spanyol mutfa\u011f\u0131n\u0131n en g\u00fczel \u00f6rneklerini sunuyor. Gazpacho&#8217;nun serinletici tad\u0131, flamenko ritimleri e\u015fli\u011finde dama\u011f\u0131n\u0131zda dans ederken, \u015fehir halk\u0131n\u0131n s\u0131cakkanl\u0131l\u0131\u011f\u0131 sizi hemen i\u00e7ine \u00e7ekecek. Cordoba insanlar\u0131, misafirperverlikleri ve g\u00fcler y\u00fczl\u00fcl\u00fckleri ile me\u015fhur. Bir fincan kahve e\u015fli\u011finde yap\u0131lacak k\u00fc\u00e7\u00fck bir sohbet, Cordoba\u2019n\u0131n yerel k\u00fclt\u00fcr\u00fc hakk\u0131nda derinlemesine bilgi sahibi olman\u0131z\u0131 sa\u011flayacak. \u015eimdi, Cordoba Gezilecek Yerler listesinde ke\u015ffedilmeyi bekleyen di\u011fer harikalar\u0131 ke\u015ffetmeye ne dersiniz? Haz\u0131rsan\u0131z, macera ba\u015flas\u0131n!<\/p>\n\n\n\n<p><strong>Cordoba Gezilecek Yerler Listesi<\/strong><\/p>\n\n\n\n<ol class=\"wp-block-list\">\n<li>Calahorra Kulesi<\/li>\n\n\n\n<li>Calleja de las Flores<\/li>\n\n\n\n<li>Plaza de la Corredera<\/li>\n\n\n\n<li>Palacio de Viana<\/li>\n\n\n\n<li>Juderia (Yahudi Mahallesi)<\/li>\n\n\n\n<li>Cordoba Sinagogu<\/li>\n\n\n\n<li>Cordoba Arkeoloji M\u00fczesi<\/li>\n\n\n\n<li>Plaza del Potro<\/li>\n\n\n\n<li>Ba\u00f1os \u00c1rabes (Arap Hamamlar\u0131)<\/li>\n\n\n\n<li>San Lorenzo Kilisesi<\/li>\n\n\n\n<li>Puente Romano<\/li>\n\n\n\n<li>Alcazar de los Reyes Cristianos<\/li>\n\n\n\n<li>Cordoba Mezquita<\/li>\n\n\n\n<li>Medine Azahara<\/li>\n\n\n\n<li>Almod\u00f3var del R\u00edo Kalesi<\/li>\n\n\n\n<li>Carde\u00f1a-Montoro Da\u011flar\u0131 Tabiat Park\u0131<\/li>\n\n\n\n<li>Montilla \u015earap B\u00f6lgesi<\/li>\n\n\n\n<li>Las Ermitas (Cordoba\u2019n\u0131n Da\u011f Manast\u0131rlar\u0131)<\/li>\n\n\n\n<li>Priego de C\u00f3rdoba<\/li>\n\n\n\n<li>Zuheros K\u00f6y\u00fc<\/li>\n<\/ol>\n\n\n\n<p><strong><a href=\"https:\/\/www.turna.com\/ucak-bileti\/ispanya\" target=\"_blank\" rel=\"noreferrer noopener\">\u0130spanya u\u00e7ak bileti<\/a><\/strong> se\u00e7enekleri i\u00e7in Turna.com&#8217;u ziyaret edin.<\/p>\n\n\n\n<h3 class=\"wp-block-heading has-text-align-center has-neeon-button-dark-gray-color has-text-color has-link-color wp-elements-d68d653addf6bcff3ebb7ad528f7c878\"><span class=\"ez-toc-section\" id=\"calahorra_kulesi\"><\/span><strong>Calahorra Kulesi<\/strong><span class=\"ez-toc-section-end\"><\/span><\/h3>\n\n\n\n<figure class=\"wp-block-image size-large\"><img decoding=\"async\" src=\"https:\/\/res.cloudinary.com\/turna\/image\/upload\/v1725476909\/wordpress-contents\/Calahorra_Kulesi.jpg\" alt=\"Cordoba Gezilecek Yerler Calahorra Kulesi\"\/><\/figure>\n\n\n\n<p><strong><a href=\"https:\/\/maps.app.goo.gl\/juLczzF3fcrxVr629\" target=\"_blank\" rel=\"noreferrer noopener\">Calahorra Kulesi<\/a><\/strong>, \u0130slam mimarisini temsil eden Cordoba&#8217;n\u0131n sembol yap\u0131lar\u0131ndan. Roma k\u00f6pr\u00fcs\u00fcn\u00fcn g\u00fcney ucunda bulunan at nal\u0131 \u015feklindeki kule, Cordoba&#8217;n\u0131n en eski savunma alan\u0131n\u0131 olu\u015fturuyor. \u015eehri sald\u0131rganlardan korumak i\u00e7in Ma\u011fribiler taraf\u0131ndan yapt\u0131r\u0131lm\u0131\u015f.<br><br>Ba\u015flang\u0131\u00e7ta iki kule aras\u0131nda kemerli bir kap\u0131dan olu\u015fuyormu\u015f; 14. y\u00fczy\u0131lda Kral Henry taraf\u0131ndan \u00fc\u00e7\u00fcnc\u00fc bir kule eklenmi\u015f. Bug\u00fcn, Cordoba&#8217;n\u0131n tarihini sergileyen, H\u0131ristiyanlar\u0131n, Yahudilerin ve M\u00fcsl\u00fcmanlar\u0131n bar\u0131\u015f i\u00e7inde bir arada ya\u015fad\u0131\u011f\u0131n\u0131 g\u00f6steren bir m\u00fczeye ev sahipli\u011fi yap\u0131yor. Ayr\u0131ca, End\u00fcl\u00fcs&#8217;\u00fcn y\u00fczy\u0131llar \u00f6nce \u00fcnl\u00fc olan erken k\u00fclt\u00fcr, bilim ve m\u00fchendislik ba\u015far\u0131lar\u0131n\u0131 sergiliyor.<\/p>\n\n\n\n<h3 class=\"wp-block-heading has-text-align-center has-neeon-button-dark-gray-color has-text-color has-link-color wp-elements-3d36d0832c7c7614c144b4c5f6342c29\"><span class=\"ez-toc-section\" id=\"calleja_de_las_flores\"><\/span><strong>Calleja de las Flores<\/strong><span class=\"ez-toc-section-end\"><\/span><\/h3>\n\n\n\n<figure class=\"wp-block-image size-large\"><img decoding=\"async\" src=\"https:\/\/res.cloudinary.com\/turna\/image\/upload\/v1725476909\/wordpress-contents\/Calleja_de_las_Flores.jpg\" alt=\"Cordoba Gezilecek Yerler\"\/><\/figure>\n\n\n\n<p>Pitoresk <strong><a href=\"https:\/\/maps.app.goo.gl\/bNGKhTw2hETvw1o87\" target=\"_blank\" rel=\"noreferrer noopener\">Calleja de las Flores<\/a><\/strong>, Cordoba&#8217;daki en pop\u00fcler sokaklardan biri.&nbsp;Asl\u0131nda sokaktan ziyade dar bir ge\u00e7it \u015feklinde Yahudi Mahallesinden ge\u00e7iyor.&nbsp;\u00c7i\u00e7eklerle dolu renkli tencereler, pencere kutular\u0131 ve s\u00fcsl\u00fc balkonlar, sokaklar\u0131 dola\u015f\u0131rken evlerden a\u015fa\u011f\u0131ya sarkarak ve ziyaret\u00e7ilere \u00e7ok g\u00fczel foto\u011frafl\u0131k malzeme sa\u011fl\u0131yorlar.<br><br>Calleja de las Flores k\u00fc\u00e7\u00fck bir meydan\u0131n i\u00e7inde bitiyor. Renkli \u00e7i\u00e7eklerle de\u011fil sadece foto\u011fraf \u00e7ekmek i\u00e7in bile harika bir yer, ancak Mezquita&#8217;n\u0131n bu \u00e7ekici sahnenin arkas\u0131nda muhte\u015fem bir plan olu\u015fturdu\u011funu da unutmamak gerek.<\/p>\n\n\n\n<h3 class=\"wp-block-heading has-text-align-center has-neeon-button-dark-gray-color has-text-color has-link-color wp-elements-27e8a870ff9b74796f4e0f14b5592bab\"><span class=\"ez-toc-section\" id=\"plaza_de_la_corredera\"><\/span><strong>Plaza de la Corredera<\/strong><span class=\"ez-toc-section-end\"><\/span><\/h3>\n\n\n\n<figure class=\"wp-block-image size-large\"><img decoding=\"async\" src=\"https:\/\/res.cloudinary.com\/turna\/image\/upload\/v1725476910\/wordpress-contents\/Plaza_de_la_Corredera.jpg\" alt=\"Cordoba Gezilecek Yerler Plaza de la Corredera\"\/><\/figure>\n\n\n\n<p>Cordoba Gezilecek Yerler listenize e\u011flenceli bir mola noktas\u0131 eklemek isterseniz, rotan\u0131z\u0131 <strong><a href=\"https:\/\/maps.app.goo.gl\/Cu9EmHVouyTSG1Zw7\" target=\"_blank\" rel=\"noreferrer noopener\">Plaza de la Corredera<\/a><\/strong>\u2019ya \u00e7evirin! Cordoba\u2019n\u0131n en b\u00fcy\u00fck meydan\u0131 olan bu yer, canl\u0131 atmosferi ve tarih kokan yap\u0131lar\u0131yla \u015fehrin sosyal hayat\u0131n\u0131n kalbinde yer al\u0131yor.<\/p>\n\n\n\n<p>Bu dikd\u00f6rtgen \u015feklindeki meydan, \u0130spanya\u2019n\u0131n me\u015fhur Plaza Mayor\u2019lar\u0131ndan biri olup, bir zamanlar bo\u011fa g\u00fcre\u015flerinden pazarlara kadar her t\u00fcrl\u00fc etkinli\u011fe ev sahipli\u011fi yapm\u0131\u015f. \u015eimdi ise renkli kafeleri, geleneksel tapas barlar\u0131 ve \u015firin d\u00fckkanlar\u0131yla dolu. G\u00fcne\u015fli bir \u00f6\u011fleden sonra bir kahve al\u0131p meydan\u0131n keyfini \u00e7\u0131karmak ya da ak\u015fam\u00fcst\u00fc tapas e\u015fli\u011finde arkada\u015flar\u0131n\u0131zla sohbet etmek i\u00e7in m\u00fckemmel bir yer.<\/p>\n\n\n\n<h3 class=\"wp-block-heading has-text-align-center has-neeon-button-dark-gray-color has-text-color has-link-color wp-elements-33d42def451b8588271068aa65282680\"><span class=\"ez-toc-section\" id=\"palacio_de_viana\"><\/span><strong>Palacio de Viana<\/strong><span class=\"ez-toc-section-end\"><\/span><\/h3>\n\n\n\n<figure class=\"wp-block-image size-large\"><img decoding=\"async\" src=\"https:\/\/res.cloudinary.com\/turna\/image\/upload\/v1725476910\/wordpress-contents\/Palacio_de_Viana.jpg\" alt=\"Cordoba Gezilecek Yerler Paiacio de viana\"\/><\/figure>\n\n\n\n<p>D\u0131\u015far\u0131dan <strong><a href=\"https:\/\/maps.app.goo.gl\/i22zgeCuw3CsBjEm6\" target=\"_blank\" rel=\"noreferrer noopener\">Palacio de Viana<\/a><\/strong> olduk\u00e7a sade g\u00f6r\u00fcn\u00fcyor, ancak 17. y\u00fczy\u0131l sosyetesinin nas\u0131l ya\u015fad\u0131\u011f\u0131na \u015fahit olmak i\u00e7in mutlaka gelip g\u00f6rmeniz gereken bir yer. Cordoba&#8217;daki en iyi aristokrat evlerinden biri olan saray, her biri farkl\u0131 \u015fekilde dekore edilmi\u015f 12 b\u00fcy\u00fck avlu bar\u0131nd\u0131rd\u0131\u011f\u0131 i\u00e7in Museo de los Patios olarak da biliniyor.<\/p>\n\n\n\n<p>Binan\u0131n i\u00e7 mekan\u0131, at arabalar\u0131n\u0131n i\u00e7ine girebilmesi i\u00e7in tasarland\u0131\u011f\u0131ndan bir araba m\u00fczesi i\u00e7eriyor. Deri duvar ask\u0131lar\u0131, Flaman hal\u0131lar\u0131n\u0131 da i\u00e7eren ve 7.000 kitapl\u0131k k\u00fct\u00fcphanesi ile Roma \u00e7inilerinden yap\u0131lm\u0131\u015f bir zemine sahip bir sanat galerisi ve o d\u00f6nemi yans\u0131tan tarihi eserlere sahip.<\/p>\n\n\n\n<h3 class=\"wp-block-heading has-text-align-center has-neeon-button-dark-gray-color has-text-color has-link-color wp-elements-c474055ad8b6025bd79539ab88a4de6b\"><span class=\"ez-toc-section\" id=\"juderia_yahudi_mahallesi\"><\/span><strong>Juderia (Yahudi Mahallesi)<\/strong><span class=\"ez-toc-section-end\"><\/span><\/h3>\n\n\n\n<figure class=\"wp-block-image size-large\"><img decoding=\"async\" src=\"https:\/\/res.cloudinary.com\/turna\/image\/upload\/v1725476910\/wordpress-contents\/Juderia_Yahudi_Mahallesi.jpg\" alt=\"Cordoba Gezilecek Yerler Juderia\"\/><\/figure>\n\n\n\n<p><strong><a href=\"https:\/\/maps.app.goo.gl\/hdwqcomH2ndFuqzU9\" target=\"_blank\" rel=\"noreferrer noopener\">La Juder\u00eda<\/a><\/strong> darac\u0131k sokaklar\u0131, ta\u015f d\u00f6\u015feli yollar\u0131 ve renkli evleriyle adeta bir labirent gibi. 10. y\u00fczy\u0131ldan kalma bu b\u00f6lge, tarihi boyunca farkl\u0131 k\u00fclt\u00fcrlerin bulu\u015fma noktas\u0131 olmu\u015f ve her k\u00f6\u015fesi tarih kokuyor. Sinagog, hamamlar ve geleneksel el sanatlar\u0131 d\u00fckkanlar\u0131yla dolu Juder\u00eda\u2019da, adeta zamanda yolculu\u011fa \u00e7\u0131k\u0131yorsunuz. \u00d6zellikle Calle de los Jud\u00edos caddesinde dola\u015f\u0131rken, ge\u00e7mi\u015fin izlerini s\u00fcrmek ve bu \u015firin mahallede kaybolmak size ger\u00e7ek bir ke\u015fif heyecan\u0131 ya\u015fatacak.<\/p>\n\n\n\n<h3 class=\"wp-block-heading has-text-align-center has-neeon-button-dark-gray-color has-text-color has-link-color wp-elements-6700b6b6609b2a2e8d48255f5ebe6d4b\"><span class=\"ez-toc-section\" id=\"cordoba_sinagogu\"><\/span><strong>Cordoba Sinagogu<\/strong><span class=\"ez-toc-section-end\"><\/span><\/h3>\n\n\n\n<p>Bug\u00fcn Yahudi Mahallesi&#8217;ndeki en \u00f6nemli yerlerden biri olan, Calle de los Judios&#8217;daki eski sinagog (<strong><a href=\"https:\/\/maps.app.goo.gl\/9spjCqLLHPTnv7rJA\" target=\"_blank\" rel=\"noreferrer noopener\">La Sinagoga<\/a><\/strong>); \u0130spanya&#8217;da kalan sadece \u00fc\u00e7 orijinal sinagogdan biri. 14. y\u00fczy\u0131lda kurulan sinagog, Yahudilerin 1492&#8217;de \u0130spanya&#8217;dan at\u0131ld\u0131ktan sonra hastaneye d\u00f6n\u00fc\u015ft\u00fcr\u00fclm\u00fc\u015f.<\/p>\n\n\n\n<p>1588&#8217;de bir Katolik \u015fapel olmu\u015f. Bug\u00fcn ise bir m\u00fcze olarak kullan\u0131l\u0131yor. \u0130\u00e7 k\u0131s\u0131mda hala \u0130branice olan ilahiler bulunmakta. Ana salon dikd\u00f6rtgen \u015feklinde ve Mudejar tarz\u0131 bitki motifleriyle s\u00fcslenmi\u015f. Kad\u0131nlar i\u00e7in olan b\u00f6l\u00fcm\u00fc destekleyen duvar, enfes dekoratif s\u0131va ile \u00fc\u00e7 kemerli bir yap\u0131ya sahip.<\/p>\n\n\n\n<h3 class=\"wp-block-heading has-text-align-center has-neeon-button-dark-gray-color has-text-color has-link-color wp-elements-8c207b149166296ddd7f0b5e2971bace\"><span class=\"ez-toc-section\" id=\"cordoba_arkeoloji_muzesi\"><\/span><strong>Cordoba Arkeoloji M\u00fczesi<\/strong><span class=\"ez-toc-section-end\"><\/span><\/h3>\n\n\n\n<p>Tarihe merakl\u0131ysan\u0131z <strong><a href=\"https:\/\/maps.app.goo.gl\/5NTdm8WUYSdagHwZ9\" target=\"_blank\" rel=\"noreferrer noopener\">Cordoba Arkeoloji M\u00fczesi<\/a><\/strong>\u2019ni mutlaka ziyaret etmelisiniz! Tarihi Roma d\u00f6nemine uzanan bu m\u00fcze, Cordoba\u2019n\u0131n zengin ge\u00e7mi\u015fini g\u00f6zler \u00f6n\u00fcne seriyor. M\u00fczeye ad\u0131m att\u0131\u011f\u0131n\u0131z anda, antik Roma heykelleri, mozaikler ve prehistorik kal\u0131nt\u0131lar sizi bekliyor. \u00d6zellikle muazzam Roma mozaikleri ve antik seramik koleksiyonlar\u0131, tarih tutkunlar\u0131n\u0131 b\u00fcy\u00fcleyecek.<\/p>\n\n\n\n<h3 class=\"wp-block-heading has-text-align-center has-neeon-button-dark-gray-color has-text-color has-link-color wp-elements-09a47e685860c588e52d59ba0aa61bb2\"><span class=\"ez-toc-section\" id=\"plaza_del_potro\"><\/span><strong>Plaza del Potro<\/strong><span class=\"ez-toc-section-end\"><\/span><\/h3>\n\n\n\n<figure class=\"wp-block-image size-large\"><img decoding=\"async\" src=\"https:\/\/res.cloudinary.com\/turna\/image\/upload\/v1725476910\/wordpress-contents\/plaza_del_potro.jpg\" alt=\"Plaza del Potro\"\/><\/figure>\n\n\n\n<p>Rotan\u0131za renkli bir dokunu\u015f katmak istiyorsan\u0131z, <strong><a href=\"https:\/\/maps.app.goo.gl\/B5MYoud95HtA8uRW9\" target=\"_blank\" rel=\"noreferrer noopener\">Plaza del Potro<\/a><\/strong>\u2019ya u\u011framadan ge\u00e7meyin! Bu tarihi meydan, ad\u0131n\u0131 16. y\u00fczy\u0131ldan kalma bir atl\u0131 su \u00e7ark\u0131ndan al\u0131yor ve adeta bir End\u00fcl\u00fcs r\u00fcyas\u0131 gibi kar\u015f\u0131n\u0131za \u00e7\u0131k\u0131yor. Meydan\u0131n ortas\u0131nda y\u00fckselen bu eski su \u00e7ark\u0131, bir zamanlar \u015fehri sulama i\u015flerinde kullan\u0131lan mekanizmalardan sadece biri. \u00c7evresinde s\u0131ralanan tarihi binalar ve zarif kemerli yap\u0131larla dolu bu meydan, sizi ge\u00e7mi\u015fin izlerini s\u00fcrmeye davet ediyor. \u00d6zellikle bu sevimli meydan\u0131n k\u00f6\u015fe ba\u015f\u0131ndaki kafelerde oturup bir kahve e\u015fli\u011finde \u00e7evrenizi izlemek, kendinizi adeta bir tarihi film setinde gibi hissetmenizi sa\u011flayacak.<\/p>\n\n\n\n<h3 class=\"wp-block-heading has-text-align-center has-neeon-button-dark-gray-color has-text-color has-link-color wp-elements-59a4f36c4bda551328d12d559e4b6ffb\"><span class=\"ez-toc-section\" id=\"banos_arabes_arap_hamamlari\"><\/span><strong>Ba\u00f1os \u00c1rabes (Arap Hamamlar\u0131)<\/strong><span class=\"ez-toc-section-end\"><\/span><\/h3>\n\n\n\n<p><strong><a href=\"https:\/\/maps.app.goo.gl\/M3RwBN6VyX8wDTu9A\" target=\"_blank\" rel=\"noreferrer noopener\">Ba\u00f1os \u00c1rabes<\/a><\/strong> (Arap Hamamlar\u0131), End\u00fcl\u00fcs&#8217;\u00fcn zengin k\u00fclt\u00fcrel miras\u0131n\u0131 yans\u0131t\u0131yor. 10. y\u00fczy\u0131ldan kalma bu muazzam yap\u0131lar, ihti\u015faml\u0131 mozaikleri, etkileyici ta\u015f s\u00fctunlar\u0131 ve serinletici s\u0131cak-so\u011fuk havuzlar\u0131yla adeta bir tarih yolculu\u011fu sunuyor. Hamamlar\u0131n labirent gibi tasarlanm\u0131\u015f i\u00e7 mekanlar\u0131nda dola\u015f\u0131rken, kendinizi bir Orta \u00c7a\u011f hikayesinin i\u00e7inde bulacaks\u0131n\u0131z. Su buhar\u0131n\u0131n ve hafif m\u00fcziklerin aras\u0131nda rahatlamak, g\u00fcn\u00fcn stresinden ar\u0131nman\u0131n en keyifli yolunu sunuyor. Ba\u00f1os \u00c1rabes\u2019te bir g\u00fcn ge\u00e7irirken, tarih ve huzurun m\u00fckemmel birle\u015fimini ya\u015famak i\u00e7in haz\u0131r olun!<\/p>\n\n\n\n<h3 class=\"wp-block-heading has-text-align-center has-neeon-button-dark-gray-color has-text-color has-link-color wp-elements-4c8d06e7c855c197951b82e9418da308\"><span class=\"ez-toc-section\" id=\"san_lorenzo_kilisesi\"><\/span><strong>San Lorenzo Kilisesi<\/strong><span class=\"ez-toc-section-end\"><\/span><\/h3>\n\n\n\n<figure class=\"wp-block-image size-large\"><img decoding=\"async\" src=\"https:\/\/res.cloudinary.com\/turna\/image\/upload\/v1725476909\/wordpress-contents\/San_Lorenzo_Kilisesi.jpg\" alt=\"San Lorenzo Kilisesi\"\/><\/figure>\n\n\n\n<p><strong><a href=\"https:\/\/maps.app.goo.gl\/tJd7oajKt9Eivjjq9\" target=\"_blank\" rel=\"noreferrer noopener\">San Lorenzo Kilisesi<\/a><\/strong>, Cordoba\u2019n\u0131n tarihi merkezinin kalbinde, sessiz ve huzurlu bir k\u00f6\u015fede yer al\u0131yor. 13. y\u00fczy\u0131ldan kalma bu gotik yap\u0131, i\u00e7 mekan\u0131ndaki detayl\u0131 freskler ve etkileyici ta\u015f i\u015f\u00e7ili\u011fiyle g\u00f6z kama\u015ft\u0131r\u0131yor. Kilisenin i\u00e7erisindeki zarif detaylar ve tarihi atmosfer, sizi adeta bir zaman yolculu\u011funa \u00e7\u0131karacak. \u00d6zellikle katedralin arka k\u0131sm\u0131ndaki eski mezarl\u0131k b\u00f6lgesi, tarih merakl\u0131lar\u0131 i\u00e7in unutulmaz bir ke\u015fif noktas\u0131 sunuyor.<\/p>\n\n\n\n<h3 class=\"wp-block-heading has-text-align-center has-neeon-button-dark-gray-color has-text-color has-link-color wp-elements-93d202726f099d1ce5ff9e02183c7e80\"><span class=\"ez-toc-section\" id=\"puente_romano\"><\/span><strong>Puente Romano<\/strong><span class=\"ez-toc-section-end\"><\/span><\/h3>\n\n\n\n<figure class=\"wp-block-image size-large\"><img decoding=\"async\" src=\"https:\/\/res.cloudinary.com\/turna\/image\/upload\/v1725476910\/wordpress-contents\/Puente_Romano.jpg\" alt=\"Puente Romano\"\/><\/figure>\n\n\n\n<p>Roma K\u00f6pr\u00fcs\u00fc ya da ger\u00e7ek ad\u0131yla <strong><a href=\"https:\/\/maps.app.goo.gl\/WxbotVkpwvvrUe9g6\" target=\"_blank\" rel=\"noreferrer noopener\">Puente Romano<\/a><\/strong>, Guadalquivir Nehri boyunca uzanan muhte\u015fem bir manzaraya sahip. Cordoba&#8217;n\u0131n tarihi merkezinde bulunan k\u00f6pr\u00fcn\u00fcn mazisi MS 1. y\u00fczy\u0131la kadar uzan\u0131yor; Romal\u0131lar taraf\u0131ndan in\u015fa edilen k\u00f6pr\u00fc y\u00fczy\u0131llar boyunca defalarca y\u0131k\u0131l\u0131p yeniden in\u015fa edildi.<\/p>\n\n\n\n<p>Mevcut k\u00f6pr\u00fc, Ma\u011fribilerin \u0130slami tarz\u0131n\u0131 korurken, kemer say\u0131s\u0131 17&#8217;den 16&#8217;ya d\u00fc\u015f\u00fcr\u00fcld\u00fc. En iyisi g\u00f6r\u00fcnt\u00fcy\u00fc alacakaranl\u0131k zaman\u0131nda, arka planda Mezquita ve g\u00fcne\u015fin rengi k\u0131rm\u0131z\u0131ya \u00e7ald\u0131\u011f\u0131nda yakalayabilirsiniz. K\u00f6pr\u00fcn\u00fcn tam ortas\u0131nda 16. y\u00fczy\u0131lda eklenen San Rafael heykeli bulunuyor.<\/p>\n\n\n\n<h3 class=\"wp-block-heading has-text-align-center has-neeon-button-dark-gray-color has-text-color has-link-color wp-elements-6d7b33ffa5f2c3c69900fbe70f04a1d2\"><span class=\"ez-toc-section\" id=\"alcazar_de_los_reyes_cristianos\"><\/span><strong>Alcazar de los Reyes Cristianos<\/strong><span class=\"ez-toc-section-end\"><\/span><\/h3>\n\n\n\n<p><strong><a href=\"https:\/\/maps.app.goo.gl\/cBnKQ2hPJNU8xXoR7\" target=\"_blank\" rel=\"noreferrer noopener\">Alcazar de los Reyes Cristianos<\/a><\/strong> ya da H\u0131ristiyan Kraliyet Kalesi, 8. y\u00fczy\u0131lda Ma\u011fribi halifeli\u011fi i\u00e7in bir saray olarak in\u015fa edilmi\u015f. B\u00fcy\u00fck bir Cordoban simgesi olan Alcazar, 160 y\u0131ldan beri h\u00fck\u00fcm s\u00fcren \u0130spanyol krallar\u0131n\u0131n ve krali\u00e7elerinin ikametgah\u0131 olmu\u015f. Christopher Columbus buraya bilinmeyen topraklara yapaca\u011f\u0131 gezi i\u00e7in kaynak aramaya gelmi\u015f.<\/p>\n\n\n\n<p>Daha sonra bir hapishane haline gelen Alcazar bug\u00fcn antik eserler g\u00f6rmek isteyenler i\u00e7in bir kamusal m\u00fcze halinde. Bununla birlikte, Cordoba&#8217;daki bu pop\u00fcler \u00e7ekicili\u011fin ana sebeplerinden biri de Alcazar&#8217;\u0131n \u0130slam miras\u0131n\u0131 onlara uygun \u00e7e\u015fmeler ve \u00e7itlerle donat\u0131lm\u0131\u015f arka bah\u00e7eleri.<\/p>\n\n\n\n<h3 class=\"wp-block-heading has-text-align-center has-neeon-button-dark-gray-color has-text-color has-link-color wp-elements-e21be994f3626830a5ca422e335645f2\"><span class=\"ez-toc-section\" id=\"cordoba_mezquita\"><\/span><strong>Cordoba Mezquita<\/strong><span class=\"ez-toc-section-end\"><\/span><\/h3>\n\n\n\n<figure class=\"wp-block-image\"><img width=\"800\" height=\"500\" data-public-id=\"Cordoba-Mezquita_wmnqws\/Cordoba-Mezquita_wmnqws.jpg\" fetchpriority=\"high\" decoding=\"async\" src=\"https:\/\/res.cloudinary.com\/turna\/images\/w_800,h_500,c_scale\/f_auto,q_auto:low\/v1556727021\/Cordoba-Mezquita_wmnqws\/Cordoba-Mezquita_wmnqws.jpg?_i=AA\" alt=\"Cordoba Mezquita\" class=\"wp-post-15812 wp-image-15813\" data-format=\"jpg\" data-transformations=\"f_auto,q_auto:low\" data-version=\"1556727021\" data-seo=\"1\" srcset=\"https:\/\/res.cloudinary.com\/turna\/images\/f_auto,q_auto:low\/v1556727021\/Cordoba-Mezquita_wmnqws\/Cordoba-Mezquita_wmnqws.jpg?_i=AA 800w, https:\/\/res.cloudinary.com\/turna\/images\/w_300,h_188,c_scale\/f_auto,q_auto:low\/v1556727021\/Cordoba-Mezquita_wmnqws\/Cordoba-Mezquita_wmnqws.jpg?_i=AA 300w, https:\/\/res.cloudinary.com\/turna\/images\/w_672,h_420,c_scale\/f_auto,q_auto:low\/v1556727021\/Cordoba-Mezquita_wmnqws\/Cordoba-Mezquita_wmnqws.jpg?_i=AA 672w, https:\/\/res.cloudinary.com\/turna\/images\/w_640,h_400,c_scale\/f_auto,q_auto:low\/v1556727021\/Cordoba-Mezquita_wmnqws\/Cordoba-Mezquita_wmnqws.jpg?_i=AA 640w, https:\/\/res.cloudinary.com\/turna\/images\/w_681,h_426,c_scale\/f_auto,q_auto:low\/v1556727021\/Cordoba-Mezquita_wmnqws\/Cordoba-Mezquita_wmnqws.jpg?_i=AA 681w\" sizes=\"(max-width: 800px) 100vw, 800px\" \/><\/figure>\n\n\n\n<p><strong><a href=\"https:\/\/maps.app.goo.gl\/PudkLDWgmiQkriMo8\" target=\"_blank\" rel=\"noreferrer noopener\">Mezquita<\/a><\/strong>&#8216;n\u0131n g\u00fcn\u00fcm\u00fczdeki hali, bir zamanlar C\u00f3rdoba\u2019y\u0131 fetheden \u00e7e\u015fitli dinlerin izlerini ta\u015f\u0131yor.&nbsp;Orijinal Roma tap\u0131na\u011f\u0131n\u0131n yerine Vizigot katedrali konuldu.&nbsp;Ma\u011fribilerin \u015fehri ele ge\u00e7irdi\u011fi 8. y\u00fczy\u0131lda cami haline gelmi\u015f.&nbsp;Bir zamanlar bu kutsal M\u00fcsl\u00fcman hac merkezinde Kuran&#8217;\u0131n orijinal bir kopyas\u0131 ve Muhammed&#8217;e ait bir kol kemi\u011fi varm\u0131\u015f.<\/p>\n\n\n\n<p>Cordoba, H\u0131ristiyanlar taraf\u0131ndan fethedildi\u011finde, 13. y\u00fczy\u0131lda bir katedral haline gelmi\u015f.&nbsp;Bu Cordoba sembol\u00fcn\u00fcn \u00e7arp\u0131c\u0131 \u0130slam mimarisini neyse ki bozulmadan b\u0131rakm\u0131\u015f, basit\u00e7e kendilerine g\u00f6re de\u011fi\u015ftirmi\u015f ve yeniden adland\u0131rm\u0131\u015flar.<\/p>\n\n\n\n<h3 class=\"wp-block-heading has-text-align-center has-neeon-button-dark-gray-color has-text-color has-link-color wp-elements-0d74323703582edcc14a417117d50d82\"><span class=\"ez-toc-section\" id=\"medine_azahara\"><\/span><strong>Medine Azahara<\/strong><span class=\"ez-toc-section-end\"><\/span><\/h3>\n\n\n\n<figure class=\"wp-block-image size-large\"><img decoding=\"async\" src=\"https:\/\/res.cloudinary.com\/turna\/image\/upload\/v1725476909\/wordpress-contents\/medine_azahara.jpg\" alt=\"Medine Azahara\"\/><\/figure>\n\n\n\n<p><strong><a href=\"https:\/\/maps.app.goo.gl\/cZCBysQYcvBUEkWn9\" target=\"_blank\" rel=\"noreferrer noopener\">Medine Azahara<\/a><\/strong> (Madinat al-Zahra), Cordoba&#8217;nun yakla\u015f\u0131k 8 km d\u0131\u015f\u0131nda halife i\u00e7in yap\u0131lm\u0131\u015f \u00e7arp\u0131c\u0131 bir 10. y\u00fczy\u0131l saray\u0131ym\u0131\u015f. Efsaneye g\u00f6re Halife, en sevdi\u011fi cariyesi i\u00e7in onun ad\u0131n\u0131 vermi\u015f, ancak halifeli\u011fini orta \u00e7a\u011f Avrupa&#8217;s\u0131n\u0131n en g\u00fc\u00e7l\u00fcs\u00fc olarak g\u00f6stermek i\u00e7in yapt\u0131\u011f\u0131na dair de s\u00f6ylentiler var.<\/p>\n\n\n\n<p class=\"has-text-align-left\">En \u00fcstteki iki kat kaleye ait olmak \u00fczere \u00fc\u00e7 kattan olu\u015fan bir kompleks. Teraslar bir duvarla \u00e7evrili ve cami de bunun d\u0131\u015f\u0131nda yap\u0131lm\u0131\u015f. Saray, de\u011ferli ta\u015flar da dahil olmak \u00fczere bir\u00e7ok renkli malzemelerle yap\u0131lm\u0131\u015f. Bu g\u00f6steri\u015fli saray 70 y\u0131l sonra yok edilmi\u015f ancak 19. y\u00fczy\u0131l\u0131n ba\u015flar\u0131nda yeniden ke\u015ffedilmi\u015f ve g\u00fcn\u00fcm\u00fczde restore edilmi\u015f halde duruyor.<\/p>\n\n\n\n<h3 class=\"wp-block-heading has-text-align-center has-neeon-button-dark-gray-color has-text-color has-link-color wp-elements-51f1343a9926f291692d89dacc4362c9\"><span class=\"ez-toc-section\" id=\"almodovar_del_rio_kalesi\"><\/span><strong>Almod\u00f3var del R\u00edo Kalesi<\/strong><span class=\"ez-toc-section-end\"><\/span><\/h3>\n\n\n\n<p class=\"has-text-align-left\"><strong><a href=\"https:\/\/maps.app.goo.gl\/cK4A5KaNn9dsMgM8A\" target=\"_blank\" rel=\"noreferrer noopener\">Almod\u00f3var del R\u00edo Kalesi<\/a><\/strong> Cordoba\u2019dan 22 kilometre uzakl\u0131kta ve ayn\u0131 ad\u0131 ta\u015f\u0131yan kasabada bulunuyor. Kale 740\u2019a tarihlenen b\u00fcy\u00fck bir antik Fas askeri hisar\u0131. Tepenin zirvesinde ki avantajl\u0131 bir konuma in\u015fa edilen kale 5000 metrekarelik bir alan\u0131 kaplayan surlarla \u00e7evrili. Stratejik konumu sayesinde kale Cordoba \u015fehrinin savunmas\u0131n\u0131 sa\u011fl\u0131yordu. Kalede eski savunma duvarlar\u0131n\u0131, kuleleri, zindanlar\u0131 ve yeralt\u0131 ge\u00e7itlerini geziyoruz.<\/p>\n\n\n\n<h3 class=\"wp-block-heading has-text-align-center has-neeon-button-dark-gray-color has-text-color has-link-color wp-elements-cd6478eb581e5ccd0a20fc696d5d91de\"><span class=\"ez-toc-section\" id=\"cardena-montoro_daglari_tabiat_parki\"><\/span><strong>Carde\u00f1a-Montoro Da\u011flar\u0131 Tabiat Park\u0131<\/strong><span class=\"ez-toc-section-end\"><\/span><\/h3>\n\n\n\n<p class=\"has-text-align-left\"><strong><a href=\"https:\/\/maps.app.goo.gl\/jqfC1r4GFme4dgFT7\" target=\"_blank\" rel=\"noreferrer noopener\">Carde\u00f1a-Montoro Da\u011flar\u0131 Tabiat Park\u0131<\/a><\/strong> Cordoba\u2019n\u0131n d\u0131\u015f\u0131ndaki dramatik kire\u00e7ta\u015f\u0131 da\u011flarda bulunuyor. Bu engebeli topraklar me\u015fe ve zeytin a\u011fa\u00e7lar\u0131 gibi tipik Akdeniz bitki \u00f6rt\u00fcs\u00fcne sahip. Kartallar\u0131n, akbabalar\u0131n, ala do\u011fanlar\u0131n ve leyleklerin g\u00f6r\u00fclebildi\u011fi park ku\u015f g\u00f6zlemcileri i\u00e7in adeta bir cennet. Tabiat Park\u0131 ayn\u0131 zamanda tepelere serpilmi\u015f bir ka\u00e7 k\u00fc\u00e7\u00fck k\u0131rsal kasabaya da sahip. Son derece g\u00fczel beyaz badanal\u0131 evleri ile bu antik Pueblos Blancos (Beyaz K\u00f6yler) End\u00fcl\u00fcs k\u0131rsal\u0131n\u0131n cazibesi ile dolu.<strong><p><strong style=\"box-sizing: border-box;\"><\/strong><\/p><\/strong><\/p>\n\n\n\n<h3 class=\"wp-block-heading has-text-align-center has-neeon-button-dark-gray-color has-text-color has-link-color wp-elements-526150dc7c97dde8436ae8275dd75399\"><span class=\"ez-toc-section\" id=\"montilla_sarap_bolgesi\"><\/span><strong>Montilla \u015earap B\u00f6lgesi<\/strong><span class=\"ez-toc-section-end\"><\/span><\/h3>\n\n\n\n<figure class=\"wp-block-image size-large\"><img decoding=\"async\" src=\"https:\/\/res.cloudinary.com\/turna\/image\/upload\/v1725476910\/wordpress-contents\/montilla_sarap_bolgesi.jpg\" alt=\"Montilla \u015earap B\u00f6lgesi\"\/><\/figure>\n\n\n\n<p>Cordoba Gezilecek Yerler aras\u0131nda bir gurme deneyim ya\u015famak isteyenler i\u00e7in <strong><a href=\"https:\/\/maps.app.goo.gl\/bu86zVvwhDoxKYmV8\" target=\"_blank\" rel=\"noreferrer noopener\">Montilla \u015earap B\u00f6lgesi<\/a><\/strong> adeta bir cennet! End\u00fcl\u00fcs\u2019\u00fcn bu \u015farap diyar\u0131nda, d\u00fcnyaca \u00fcnl\u00fc &#8220;fino&#8221; \u015faraplar\u0131n\u0131n do\u011fdu\u011fu yerdesiniz. \u00dcz\u00fcm ba\u011flar\u0131n\u0131n aras\u0131nda dola\u015f\u0131rken, her bir \u00fcz\u00fcm tanesinin y\u0131llarca s\u00fcren bir gelene\u011fi nas\u0131l ta\u015f\u0131d\u0131\u011f\u0131n\u0131 hissedeceksiniz. Montilla\u2019da \u015farap tad\u0131m\u0131, yaln\u0131zca bir i\u00e7ecek deneyimi de\u011fil, ayn\u0131 zamanda b\u00f6lgenin k\u00fclt\u00fcr\u00fcn\u00fc, tarihini ve ruhunu yudumlamak. \u015earap f\u0131\u00e7\u0131lar\u0131 aras\u0131nda kaybolup, birka\u00e7 yudum \u015farapla End\u00fcl\u00fcs g\u00fcne\u015finin tad\u0131n\u0131 \u00e7\u0131kar\u0131n.<\/p>\n\n\n\n<h3 class=\"wp-block-heading has-text-align-center has-neeon-button-dark-gray-color has-text-color has-link-color wp-elements-d61a18e34039b5c9baf0aa68913d77ba\"><span class=\"ez-toc-section\" id=\"las_ermitas_cordobanin_dag_manastirlari\"><\/span><strong>Las Ermitas (Cordoba\u2019n\u0131n Da\u011f Manast\u0131rlar\u0131)<\/strong><span class=\"ez-toc-section-end\"><\/span><\/h3>\n\n\n\n<figure class=\"wp-block-image size-large\"><img decoding=\"async\" src=\"https:\/\/res.cloudinary.com\/turna\/image\/upload\/v1725476909\/wordpress-contents\/las_ermitas.jpg\" alt=\"Las Ermitas (Cordoba\u2019n\u0131n Da\u011f Manast\u0131rlar\u0131)\"\/><\/figure>\n\n\n\n<p>\u015eehir merkezinden k\u0131sa bir yolculukla ula\u015fabilece\u011finiz bu da\u011f manast\u0131rlar\u0131, 18. y\u00fczy\u0131ldan kalma gizemli yap\u0131lar\u0131 ve muhte\u015fem manzaralar\u0131yla b\u00fcy\u00fcl\u00fcyor. End\u00fcl\u00fcs\u2019\u00fcn nefes kesici da\u011flar\u0131na kurulmu\u015f bu manast\u0131rlarda, sessizli\u011fin i\u00e7inde do\u011fayla b\u00fct\u00fcnle\u015firken, bir yandan da Cordoba\u2019n\u0131n panoramik manzaras\u0131n\u0131n tad\u0131n\u0131 \u00e7\u0131karabilirsiniz. Y\u00fczy\u0131llard\u0131r ke\u015fi\u015flerin inzivaya \u00e7ekildi\u011fi bu yer, size de ruhunuzu dinlendirmek i\u00e7in m\u00fckemmel bir f\u0131rsat sunuyor. <strong><a href=\"https:\/\/maps.app.goo.gl\/EdpWXk5svPiwcgGG6\" target=\"_blank\" rel=\"noreferrer noopener\">Las Ermitas<\/a><\/strong>&#8216;ta, kendinizi zaman\u0131n durdu\u011fu bir d\u00fcnyada bulacaks\u0131n\u0131z.<\/p>\n\n\n\n<h3 class=\"wp-block-heading has-text-align-center has-neeon-button-dark-gray-color has-text-color has-link-color wp-elements-df0aaccb9ba7ee73bdba0744705e5dcd\"><span class=\"ez-toc-section\" id=\"priego_de_cordoba\"><\/span><strong>Priego de C\u00f3rdoba<\/strong><span class=\"ez-toc-section-end\"><\/span><\/h3>\n\n\n\n<figure class=\"wp-block-image size-large\"><img decoding=\"async\" src=\"https:\/\/res.cloudinary.com\/turna\/image\/upload\/v1725476910\/wordpress-contents\/Priego_de_C%C3%B3rdoba.jpg\" alt=\"Priego de C\u00f3rdoba\"\/><\/figure>\n\n\n\n<p>Cordoba Gezilecek Yerler aras\u0131nda masals\u0131 bir kasaba ke\u015ffetmeye ne dersiniz? O halde <strong><a href=\"https:\/\/maps.app.goo.gl\/fNvtUokyu2w4dvzr7\" target=\"_blank\" rel=\"noreferrer noopener\">Priego de C\u00f3rdoba<\/a><\/strong>\u2019ya do\u011fru yola \u00e7\u0131k\u0131n! Barok mimarisi ve ta\u015f d\u00f6\u015feli sokaklar\u0131yla bu k\u00fc\u00e7\u00fck kasaba, End\u00fcl\u00fcs\u2019\u00fcn sakl\u0131 hazinelerinden biri. Tarihi Barrio de la Villa mahallesinde dola\u015f\u0131rken, bembeyaz evlerin rengarenk \u00e7i\u00e7eklerle s\u00fcslenmi\u015f avlular\u0131 ve gizemli \u00e7e\u015fmeleriyle kar\u015f\u0131la\u015facaks\u0131n\u0131z. \u00d6zellikle Fuente del Rey \u00e7e\u015fmesi, sanatsal detaylar\u0131yla b\u00fcy\u00fclerken, Mirador de Priego manzaras\u0131 da sizi adeta kartpostaldan \u00e7\u0131km\u0131\u015f gibi hissettirecek.<\/p>\n\n\n\n<h3 class=\"wp-block-heading has-text-align-center has-neeon-button-dark-gray-color has-text-color has-link-color wp-elements-38021e514ec50a607a86e9602a11f501\"><span class=\"ez-toc-section\" id=\"zuheros_koyu\"><\/span><strong>Zuheros K\u00f6y\u00fc<\/strong><span class=\"ez-toc-section-end\"><\/span><\/h3>\n\n\n\n<p>Cordoba&#8217;da bir do\u011fa harikas\u0131 ar\u0131yorsan\u0131z, <strong><a href=\"https:\/\/maps.app.goo.gl\/DQfa57XEv5Bj9u4t6\" target=\"_blank\" rel=\"noreferrer noopener\">Zuheros K\u00f6y\u00fc<\/a><\/strong> tam size g\u00f6re! Bu b\u00fcy\u00fcleyici k\u00f6y, Sierra Subb\u00e9tica Da\u011flar\u0131\u2019n\u0131n eteklerinde, u\u00e7urumun kenar\u0131na kurulmu\u015f bir tablo gibi duruyor. Orta \u00c7a\u011f\u2019dan kalma Zuheros Kalesi\u2019nin tepesinden etraf\u0131n\u0131za bakt\u0131\u011f\u0131n\u0131zda, zeytin a\u011fa\u00e7lar\u0131yla kapl\u0131 vadilerin sonsuz ye\u015filli\u011fiyle kar\u015f\u0131la\u015facaks\u0131n\u0131z. K\u00f6y\u00fcn darac\u0131k sokaklar\u0131nda dola\u015f\u0131rken, beyaz badanal\u0131 evlerin ve ta\u015f avlular\u0131n nostaljik atmosferi sizi sar\u0131p sarmalayacak. Ve e\u011fer macera ar\u0131yorsan\u0131z, Zuheros\u2019a sadece birka\u00e7 ad\u0131m uzakl\u0131ktaki Cueva de los Murci\u00e9lagos Ma\u011faras\u0131\u2019n\u0131 ke\u015ffetmeden d\u00f6nmeyin!<\/p>\n\n\n\n<p class=\"has-text-align-center\"><p><strong style=\"box-sizing: border-box;\"><\/strong><\/p><\/p>\n\n\n\n<p class=\"has-text-align-center\"><p><strong style=\"box-sizing: border-box;\"><\/strong><\/p><\/p>\n\n\n\n<p class=\"has-text-align-center\"><strong><span class=\"ez-toc-section-end\" style=\"box-sizing: border-box;\"><\/span><\/strong><p><strong style=\"box-sizing: border-box;\"><\/strong><\/p><\/p>\n\n    <div class=\"xs_social_share_widget xs_share_url after_content \t\tmain_content  wslu-style-1 wslu-share-box-shaped wslu-fill-colored wslu-none wslu-share-horizontal wslu-theme-font-no wslu-main_content\">\n\n\t\t\n        <ul>\n\t\t\t        <\/ul>\n    <\/div> \n","protected":false},"excerpt":{"rendered":"<p>End\u00fcl\u00fcs\u2019\u00fcn incisi Cordoba\u2019ya ho\u015f geldiniz! Tarihin, k\u00fclt\u00fcr\u00fcn ve rengarenk sokaklar\u0131n birbirine kar\u0131\u015ft\u0131\u011f\u0131 bu \u015fehir, ke\u015ffetmeye doyamayaca\u011f\u0131n\u0131z s\u00fcrprizlerle dolu. Cordoba Gezilecek Yerler listesi, sizi b\u00fcy\u00fcleyici bir zaman yolculu\u011funa \u00e7\u0131karacak; muhte\u015fem mimarisi, lezzetli tapaslar\u0131 ve capcanl\u0131 atmosferiyle kalbinizi fethedecek. Haz\u0131rsan\u0131z, Cordoba\u2019n\u0131n her k\u00f6\u015fesinde sakl\u0131 olan gizemleri ke\u015ffetmeye ba\u015flayal\u0131m!<\/p>\n","protected":false},"author":34,"featured_media":22937,"comment_status":"open","ping_status":"open","sticky":false,"template":"","format":"standard","meta":{"rop_custom_images_group":[],"rop_custom_messages_group":[],"rop_publish_now":"initial","rop_publish_now_accounts":[],"rop_publish_now_history":[],"rop_publish_now_status":"pending","_cloudinary_featured_overwrite":false,"footnotes":""},"categories":[165],"tags":[1025,317],"class_list":["post-15812","post","type-post","status-publish","format-standard","has-post-thumbnail","hentry","category-ispanya","tag-cordoba","tag-ispanya"],"_links":{"self":[{"href":"https:\/\/www.turna.com\/blog\/wp-json\/wp\/v2\/posts\/15812","targetHints":{"allow":["GET"]}}],"collection":[{"href":"https:\/\/www.turna.com\/blog\/wp-json\/wp\/v2\/posts"}],"about":[{"href":"https:\/\/www.turna.com\/blog\/wp-json\/wp\/v2\/types\/post"}],"author":[{"embeddable":true,"href":"https:\/\/www.turna.com\/blog\/wp-json\/wp\/v2\/users\/34"}],"replies":[{"embeddable":true,"href":"https:\/\/www.turna.com\/blog\/wp-json\/wp\/v2\/comments?post=15812"}],"version-history":[{"count":0,"href":"https:\/\/www.turna.com\/blog\/wp-json\/wp\/v2\/posts\/15812\/revisions"}],"wp:featuredmedia":[{"embeddable":true,"href":"https:\/\/www.turna.com\/blog\/wp-json\/wp\/v2\/media\/22937"}],"wp:attachment":[{"href":"https:\/\/www.turna.com\/blog\/wp-json\/wp\/v2\/media?parent=15812"}],"wp:term":[{"taxonomy":"category","embeddable":true,"href":"https:\/\/www.turna.com\/blog\/wp-json\/wp\/v2\/categories?post=15812"},{"taxonomy":"post_tag","embeddable":true,"href":"https:\/\/www.turna.com\/blog\/wp-json\/wp\/v2\/tags?post=15812"}],"curies":[{"name":"wp","href":"https:\/\/api.w.org\/{rel}","templated":true}]}}