{"id":15781,"date":"2019-04-26T17:00:51","date_gmt":"2019-04-26T14:00:51","guid":{"rendered":"https:\/\/www.turna.com\/blog\/?p=15781"},"modified":"2022-01-13T14:15:08","modified_gmt":"2022-01-13T11:15:08","slug":"azerbaycan-ulke-bilgileri","status":"publish","type":"post","link":"https:\/\/www.turna.com\/blog\/azerbaycan-ulke-bilgileri","title":{"rendered":"Azerbaycan \u00dclke Bilgileri"},"content":{"rendered":"<div id=\"ez-toc-container\" class=\"ez-toc-v2_0_82_2 counter-hierarchy ez-toc-counter ez-toc-black ez-toc-container-direction\">\n<div class=\"ez-toc-title-container\">\n<p class=\"ez-toc-title\" style=\"cursor:inherit\">\u0130\u00e7indekiler<\/p>\n<span class=\"ez-toc-title-toggle\"><a href=\"#\" class=\"ez-toc-pull-right ez-toc-btn ez-toc-btn-xs ez-toc-btn-default ez-toc-toggle\" aria-label=\"\u0130\u00e7indekiler Tablosunu A\u00e7\/Kapat\"><span class=\"ez-toc-js-icon-con\"><span class=\"\"><span class=\"eztoc-hide\" style=\"display:none;\">Toggle<\/span><span class=\"ez-toc-icon-toggle-span\"><svg style=\"fill: #ffffff;color:#ffffff\" xmlns=\"http:\/\/www.w3.org\/2000\/svg\" class=\"list-377408\" width=\"20px\" height=\"20px\" viewBox=\"0 0 24 24\" fill=\"none\"><path d=\"M6 6H4v2h2V6zm14 0H8v2h12V6zM4 11h2v2H4v-2zm16 0H8v2h12v-2zM4 16h2v2H4v-2zm16 0H8v2h12v-2z\" fill=\"currentColor\"><\/path><\/svg><svg style=\"fill: #ffffff;color:#ffffff\" class=\"arrow-unsorted-368013\" xmlns=\"http:\/\/www.w3.org\/2000\/svg\" width=\"10px\" height=\"10px\" viewBox=\"0 0 24 24\" version=\"1.2\" baseProfile=\"tiny\"><path d=\"M18.2 9.3l-6.2-6.3-6.2 6.3c-.2.2-.3.4-.3.7s.1.5.3.7c.2.2.4.3.7.3h11c.3 0 .5-.1.7-.3.2-.2.3-.5.3-.7s-.1-.5-.3-.7zM5.8 14.7l6.2 6.3 6.2-6.3c.2-.2.3-.5.3-.7s-.1-.5-.3-.7c-.2-.2-.4-.3-.7-.3h-11c-.3 0-.5.1-.7.3-.2.2-.3.5-.3.7s.1.5.3.7z\"\/><\/svg><\/span><\/span><\/span><\/a><\/span><\/div>\n<nav><ul class='ez-toc-list ez-toc-list-level-1 eztoc-toggle-hide-by-default' ><li class='ez-toc-page-1 ez-toc-heading-level-2'><a class=\"ez-toc-link ez-toc-heading-1\" href=\"https:\/\/www.turna.com\/blog\/azerbaycan-ulke-bilgileri\/#azerbaycan_hakkinda_bilgiler\" >Azerbaycan Hakk\u0131nda Bilgiler<\/a><ul class='ez-toc-list-level-3' ><li class='ez-toc-heading-level-3'><a class=\"ez-toc-link ez-toc-heading-2\" href=\"https:\/\/www.turna.com\/blog\/azerbaycan-ulke-bilgileri\/#azerbaycan_bayragi\" >Azerbaycan bayra\u011f\u0131<\/a><\/li><li class='ez-toc-page-1 ez-toc-heading-level-3'><a class=\"ez-toc-link ez-toc-heading-3\" href=\"https:\/\/www.turna.com\/blog\/azerbaycan-ulke-bilgileri\/#azerbaycan_vizesi\" >Azerbaycan vizesi<\/a><\/li><\/ul><\/li><\/ul><\/nav><\/div>\n<p>Karde\u015f \u00fclke <a href=\"https:\/\/www.turna.com\/blog\/ulkeler\/asya\/azerbaycan\" target=\"_blank\" rel=\"noopener noreferrer\"><strong>Azerbaycan<\/strong><\/a>, Bat\u0131 <a href=\"https:\/\/www.turna.com\/blog\/ulkeler\/asya\/\" target=\"_blank\" rel=\"noopener noreferrer\"><strong>Asya<\/strong><\/a> ile Do\u011fu <strong>Avrupa<\/strong>&#8216;n\u0131n kesi\u015fti\u011fi noktada, Kafkasya co\u011frafyas\u0131nda yer al\u0131yor. Ba\u015fkenti Bak\u00fc olan \u00fclke, zengin petrol ve do\u011falgaz yataklar\u0131 ile geli\u015fen bir ekonomiye sahip.<\/p>\n<p>Do\u011fusunda Hazar Denizi ile \u00e7evrilen \u00fclke son y\u0131llarda tan\u0131t\u0131m ata\u011f\u0131 ile turizmde b\u00fcy\u00fck ilerleme kaydetti. Uluslararas\u0131 organizasyonlara ev sahipli\u011fi yapan ba\u015fkent Bak\u00fc \u00fclkenin en b\u00fcy\u00fck ve en geli\u015fmi\u015f kenti.<\/p>\n<p><a href=\"https:\/\/www.turna.com\/ucak-bileti\/azerbaycan\" target=\"_blank\" rel=\"noopener noreferrer\"><strong>Azerbaycan u\u00e7ak bileti<\/strong> <\/a>se\u00e7eneklerine g\u00f6z at\u0131n.<\/p>\n<p><img width=\"800\" height=\"500\" data-public-id=\"Azerbaycan_tiecu9\/Azerbaycan_tiecu9.jpg\" fetchpriority=\"high\" decoding=\"async\" class=\"alignnone wp-post-15781 wp-image-15783\" src=\"https:\/\/res.cloudinary.com\/turna\/images\/w_800,h_500,c_scale\/f_auto,q_auto:low\/v1556287165\/Azerbaycan_tiecu9\/Azerbaycan_tiecu9.jpg?_i=AA\" data-format=\"jpg\" data-transformations=\"f_auto,q_auto:low\" data-version=\"1556287165\" data-seo=\"1\" srcset=\"https:\/\/res.cloudinary.com\/turna\/images\/f_auto,q_auto:low\/v1556287165\/Azerbaycan_tiecu9\/Azerbaycan_tiecu9.jpg?_i=AA 800w, https:\/\/res.cloudinary.com\/turna\/images\/w_300,h_188,c_scale\/f_auto,q_auto:low\/v1556287165\/Azerbaycan_tiecu9\/Azerbaycan_tiecu9.jpg?_i=AA 300w, https:\/\/res.cloudinary.com\/turna\/images\/w_672,h_420,c_scale\/f_auto,q_auto:low\/v1556287165\/Azerbaycan_tiecu9\/Azerbaycan_tiecu9.jpg?_i=AA 672w, https:\/\/res.cloudinary.com\/turna\/images\/w_640,h_400,c_scale\/f_auto,q_auto:low\/v1556287165\/Azerbaycan_tiecu9\/Azerbaycan_tiecu9.jpg?_i=AA 640w, https:\/\/res.cloudinary.com\/turna\/images\/w_681,h_426,c_scale\/f_auto,q_auto:low\/v1556287165\/Azerbaycan_tiecu9\/Azerbaycan_tiecu9.jpg?_i=AA 681w\" sizes=\"(max-width: 800px) 100vw, 800px\" \/><\/p>\n<h2><span class=\"ez-toc-section\" id=\"azerbaycan_hakkinda_bilgiler\"><\/span><strong>Azerbaycan Hakk\u0131nda Bilgiler<\/strong><span class=\"ez-toc-section-end\"><\/span><\/h2>\n<p><strong>\u00dclke Resmi Ad\u0131:<\/strong> Azerbaycan Cumhuriyeti<br>\n<strong>\u00dclke Konumu:<\/strong> Do\u011fu Avrupa \/ Bat\u0131 Asya \/ Kafkasya<br>\n<strong>Ba\u015fkent:<\/strong> Bak\u00fc<br>\n<strong>Kom\u015fular\u0131:<\/strong> Azerbaycan kuzeyde Rusya, do\u011fuda Hazar Denizi, kuzeybat\u0131da G\u00fcrcistan, bat\u0131da Ermenistan, g\u00fcneyde \u0130ran ile kom\u015fu. Nah\u00e7\u0131van \u00d6zerk Cumhuriyeti, T\u00fcrkiye, \u0130ran ve Ermenistan ile kom\u015fu.<br>\n<strong>Y\u00f6netim \u015eekli:&nbsp;<\/strong>\u00dcniter anayasal cumhuriyet<br>\n<strong>Y\u00fcz\u00f6l\u00e7\u00fcm\u00fc: <\/strong>86.600 km\u00b2<br>\n<strong>Telefon kodu:<\/strong> +994<br>\n<strong>Para birimi:<\/strong> Azerbaycan Manat\u0131<br>\n<strong>N\u00fcfus:<\/strong> 9.8 milyon (2018)<br>\n<strong>Resmi dilleri:<\/strong> Azerice (Azeri T\u00fcrk\u00e7esi \/ Azerbaycanca)<br>\n<strong>Din:<\/strong> Y\u00fczde 88 M\u00fcsl\u00fcmand\u0131r (Y\u00fczde 70 \u015eii-Caferi, y\u00fczde 30 S\u00fcnni), kalan n\u00fcfusun b\u00fcy\u00fck \u00e7o\u011funlu\u011fu Hristiyan, y\u00fczde 0.3 Yahudi.<br>\n<strong>Alfabesi:&nbsp;<\/strong>Latin alfabesi<br>\n<strong>Yerel Saat: <\/strong>Azerbaycan saat dilimi GMT +4. T\u00fcrkiye&#8217;den bir saat ileride.<br>\n<strong>Trafik ak\u0131\u015f\u0131:&nbsp;<\/strong>Soldan<br>\n<strong>\u0130nternet uzant\u0131s\u0131:<\/strong> .az<br>\n<strong>Pop\u00fcler kentleri: <\/strong>Bak\u00fc, Gence, \u015eirvan, Lenkeran, Sumqay\u0131t<br>\n<strong>\u0130klim\/Hava Durumu: <\/strong>Azerbaycan&#8217;\u0131n iklimi bulundu\u011fu co\u011frafi konumu nedeniyle \u00e7ok \u00e7e\u015fitli bir g\u00f6r\u00fcn\u00fcm sergiliyor. Yer \u015fekillerinine tkisi nedeniyle y\u0131l boyunca farkl\u0131 iklim ve hava olaylar\u0131 g\u00f6r\u00fcl\u00fcyor. G\u00fcne\u015fli g\u00fcn say\u0131s\u0131n\u0131n fazla oldu\u011fu \u00fclkenin orta ve do\u011fusunda astropikal iklim g\u00f6r\u00fcl\u00fcyor. G\u00fcney b\u00f6lgeler bol ya\u011f\u0131\u015fl\u0131 havan\u0131n etkisinde.<br>\n<strong> Azerbaycan&#8217;a Ne Zaman Gidilir?<\/strong>Azerbaycan\u2019\u0131 ziyaret i\u00e7in en uygun d\u00f6nem May\u0131s, Haziran, Eyl\u00fcl ve Ekim d\u00f6nemi. Bu d\u00f6nemlerde a\u015f\u0131r\u0131 s\u0131cak g\u00f6r\u00fclmezken, ya\u011f\u0131\u015f\u0131n olmamas\u0131 y\u00fcr\u00fcmeye uygun bir atmosfer sunuyor.<\/p>\n<h3><span class=\"ez-toc-section\" id=\"azerbaycan_bayragi\"><\/span><strong>Azerbaycan bayra\u011f\u0131<\/strong><span class=\"ez-toc-section-end\"><\/span><\/h3>\n<p><img width=\"800\" height=\"500\" data-public-id=\"Azerbaycan-Bayragi_cr0a2x\/Azerbaycan-Bayragi_cr0a2x.jpg\" decoding=\"async\" class=\"alignnone wp-post-15781 wp-image-15782\" src=\"https:\/\/res.cloudinary.com\/turna\/images\/w_800,h_500,c_scale\/q_auto,f_auto\/f_auto,q_auto:low\/v1556287165\/Azerbaycan-Bayragi_cr0a2x\/Azerbaycan-Bayragi_cr0a2x.jpg?_i=AA\" data-format=\"jpg\" data-transformations=\"q_auto,f_auto\/f_auto,q_auto:low\" data-version=\"1556287165\" data-seo=\"1\" srcset=\"https:\/\/res.cloudinary.com\/turna\/images\/w_300,h_188,c_scale\/q_auto,f_auto\/q_auto,f_auto\/f_auto,q_auto:low\/v1556287165\/Azerbaycan-Bayragi_cr0a2x\/Azerbaycan-Bayragi_cr0a2x.jpg?_i=AA 300w, https:\/\/res.cloudinary.com\/turna\/images\/w_672,h_420,c_scale\/q_auto,f_auto\/q_auto,f_auto\/f_auto,q_auto:low\/v1556287165\/Azerbaycan-Bayragi_cr0a2x\/Azerbaycan-Bayragi_cr0a2x.jpg?_i=AA 672w, https:\/\/res.cloudinary.com\/turna\/images\/w_640,h_400,c_scale\/q_auto,f_auto\/q_auto,f_auto\/f_auto,q_auto:low\/v1556287165\/Azerbaycan-Bayragi_cr0a2x\/Azerbaycan-Bayragi_cr0a2x.jpg?_i=AA 640w, https:\/\/res.cloudinary.com\/turna\/images\/w_681,h_426,c_scale\/q_auto,f_auto\/q_auto,f_auto\/f_auto,q_auto:low\/v1556287165\/Azerbaycan-Bayragi_cr0a2x\/Azerbaycan-Bayragi_cr0a2x.jpg?_i=AA 681w, https:\/\/res.cloudinary.com\/turna\/images\/q_auto,f_auto\/q_auto,f_auto\/f_auto,q_auto:low\/v1556287165\/Azerbaycan-Bayragi_cr0a2x\/Azerbaycan-Bayragi_cr0a2x.jpg?_i=AA 800w\" sizes=\"(max-width: 800px) 100vw, 800px\" \/><\/p>\n<p>1991&#8217;den bu yana \u00fclkenin resmi bayra\u011f\u0131 olan Azerbaycan bayra\u011f\u0131 ilk kez Azerbaycan Demokratik Cumhuriyeti h\u00fck\u00fcmeti taraf\u0131ndan 1918&#8217;de yap\u0131lan toplant\u0131da belirlendi. Mavi g\u00f6k rengi, k\u0131rm\u0131z\u0131 ve ye\u015fil yatay \u015feritlerden olu\u015fan bayra\u011f\u0131n k\u0131rm\u0131z\u0131 \u015feridinin \u00fczerinde beyaz renkli sa\u011fa bakan bir hilal ve sekiz k\u00f6\u015feli bir y\u0131ld\u0131z bulunuyor.<\/p>\n<p><img width=\"800\" height=\"500\" data-public-id=\"Azerbaycan-Dogasi_ha5hfy\/Azerbaycan-Dogasi_ha5hfy.jpg\" decoding=\"async\" class=\"alignnone wp-post-15781 wp-image-15784\" src=\"https:\/\/res.cloudinary.com\/turna\/images\/w_800,h_500,c_scale\/f_auto,q_auto:low\/v1556287165\/Azerbaycan-Dogasi_ha5hfy\/Azerbaycan-Dogasi_ha5hfy.jpg?_i=AA\" data-format=\"jpg\" data-transformations=\"f_auto,q_auto:low\" data-version=\"1556287165\" data-seo=\"1\" srcset=\"https:\/\/res.cloudinary.com\/turna\/images\/f_auto,q_auto:low\/v1556287165\/Azerbaycan-Dogasi_ha5hfy\/Azerbaycan-Dogasi_ha5hfy.jpg?_i=AA 800w, https:\/\/res.cloudinary.com\/turna\/images\/w_300,h_188,c_scale\/f_auto,q_auto:low\/v1556287165\/Azerbaycan-Dogasi_ha5hfy\/Azerbaycan-Dogasi_ha5hfy.jpg?_i=AA 300w, https:\/\/res.cloudinary.com\/turna\/images\/w_672,h_420,c_scale\/f_auto,q_auto:low\/v1556287165\/Azerbaycan-Dogasi_ha5hfy\/Azerbaycan-Dogasi_ha5hfy.jpg?_i=AA 672w, https:\/\/res.cloudinary.com\/turna\/images\/w_640,h_400,c_scale\/f_auto,q_auto:low\/v1556287165\/Azerbaycan-Dogasi_ha5hfy\/Azerbaycan-Dogasi_ha5hfy.jpg?_i=AA 640w, https:\/\/res.cloudinary.com\/turna\/images\/w_681,h_426,c_scale\/f_auto,q_auto:low\/v1556287165\/Azerbaycan-Dogasi_ha5hfy\/Azerbaycan-Dogasi_ha5hfy.jpg?_i=AA 681w\" sizes=\"(max-width: 800px) 100vw, 800px\" \/><\/p>\n<h3><span class=\"ez-toc-section\" id=\"azerbaycan_vizesi\"><\/span><strong>Azerbaycan vizesi<\/strong><span class=\"ez-toc-section-end\"><\/span><\/h3>\n<p>Azerbaycan&#8217;a seyahat etmek isteyen T\u00fcrk vatanda\u015flar\u0131n\u0131n Azerbaycan vizesi almalar\u0131 gerekiyor. \u00dclkeye ba\u015fkent Bak\u00fc Haydar Aliyev Havaliman\u0131&#8217;ndan giri\u015f yapacak T\u00fcrk vatanda\u015flar\u0131na havaliman\u0131nda 10 USD kar\u015f\u0131l\u0131\u011f\u0131nda kap\u0131 vizesi veriliyor.<\/p>\n<p>Havaliman\u0131nda kap\u0131 vizesi almak istemeyen ve \u00fccret \u00f6demek istemeyen T\u00fcrk vatanda\u015flar\u0131 Azerbaycan&#8217;\u0131n Ankara B\u00fcy\u00fckel\u00e7ili\u011fi ve \u0130stanbul Ba\u015fkonsoloslu\u011fu ile Azerbaycan Cumhuriyeti&#8217;nin yurt d\u0131\u015f\u0131 diplomatik temsilciliklerinden yapacaklar\u0131 ba\u015fvuru ile \u00fccretsiz vize alabiliyor.<\/p>\n\n\n<p>     <strong>NOT:<\/strong> <strong><a href=\"https:\/\/www.turna.com\/sikca-sorulan-sorular\/azerbaycan-vizesi\" target=\"_blank\" rel=\"noreferrer noopener\" aria-label=\"Azerbaycan vizesi (yeni sekmede a\u00e7\u0131l\u0131r)\">Azerbaycan vizesi<\/a><\/strong> hakk\u0131nda detayl\u0131 bilgilere de Turna.com \u00fczerinden ula\u015fabilirsiniz.        <\/p>\n\n    <div class=\"xs_social_share_widget xs_share_url after_content \t\tmain_content  wslu-style-1 wslu-share-box-shaped wslu-fill-colored wslu-none wslu-share-horizontal wslu-theme-font-no wslu-main_content\">\n\n\t\t\n        <ul>\n\t\t\t        <\/ul>\n    <\/div> \n","protected":false},"excerpt":{"rendered":"<p>Karde\u015f \u00fclke Azerbaycan, Bat\u0131 Asya ile Do\u011fu Avrupa&#8216;n\u0131n kesi\u015fti\u011fi noktada, Kafkasya co\u011frafyas\u0131nda yer al\u0131yor. Ba\u015fkenti Bak\u00fc olan \u00fclke, zengin petrol ve do\u011falgaz yataklar\u0131 ile geli\u015fen bir ekonomiye sahip. Do\u011fusunda Hazar Denizi ile \u00e7evrilen \u00fclke son y\u0131llarda tan\u0131t\u0131m ata\u011f\u0131 ile turizmde b\u00fcy\u00fck ilerleme kaydetti. Uluslararas\u0131 organizasyonlara ev sahipli\u011fi yapan ba\u015fkent Bak\u00fc \u00fclkenin en b\u00fcy\u00fck ve en [&hellip;]<\/p>\n","protected":false},"author":29,"featured_media":15782,"comment_status":"open","ping_status":"open","sticky":false,"template":"","format":"standard","meta":{"rop_custom_images_group":[],"rop_custom_messages_group":[],"rop_publish_now":"initial","rop_publish_now_accounts":[],"rop_publish_now_history":[],"rop_publish_now_status":"pending","_cloudinary_featured_overwrite":false,"footnotes":""},"categories":[460],"tags":[462,1042,2593],"class_list":["post-15781","post","type-post","status-publish","format-standard","has-post-thumbnail","hentry","category-azerbaycan","tag-azerbaycan","tag-gence","tag-nakchivan"],"_links":{"self":[{"href":"https:\/\/www.turna.com\/blog\/wp-json\/wp\/v2\/posts\/15781","targetHints":{"allow":["GET"]}}],"collection":[{"href":"https:\/\/www.turna.com\/blog\/wp-json\/wp\/v2\/posts"}],"about":[{"href":"https:\/\/www.turna.com\/blog\/wp-json\/wp\/v2\/types\/post"}],"author":[{"embeddable":true,"href":"https:\/\/www.turna.com\/blog\/wp-json\/wp\/v2\/users\/29"}],"replies":[{"embeddable":true,"href":"https:\/\/www.turna.com\/blog\/wp-json\/wp\/v2\/comments?post=15781"}],"version-history":[{"count":0,"href":"https:\/\/www.turna.com\/blog\/wp-json\/wp\/v2\/posts\/15781\/revisions"}],"wp:featuredmedia":[{"embeddable":true,"href":"https:\/\/www.turna.com\/blog\/wp-json\/wp\/v2\/media\/15782"}],"wp:attachment":[{"href":"https:\/\/www.turna.com\/blog\/wp-json\/wp\/v2\/media?parent=15781"}],"wp:term":[{"taxonomy":"category","embeddable":true,"href":"https:\/\/www.turna.com\/blog\/wp-json\/wp\/v2\/categories?post=15781"},{"taxonomy":"post_tag","embeddable":true,"href":"https:\/\/www.turna.com\/blog\/wp-json\/wp\/v2\/tags?post=15781"}],"curies":[{"name":"wp","href":"https:\/\/api.w.org\/{rel}","templated":true}]}}