{"id":1576,"date":"2016-03-20T01:50:52","date_gmt":"2016-03-19T23:50:52","guid":{"rendered":"https:\/\/www.turna.com\/blog\/?p=1576"},"modified":"2021-08-17T17:06:37","modified_gmt":"2021-08-17T14:06:37","slug":"baska-bir-dunya-salzburg","status":"publish","type":"post","link":"https:\/\/www.turna.com\/blog\/baska-bir-dunya-salzburg","title":{"rendered":"Ba\u015fka Bir D\u00fcnya Salzburg"},"content":{"rendered":"\n<p>UNESCO D\u00fcnya Miras\u0131 Listesi\u2019nde bulunan <strong>Salzburg<\/strong> kenti, Avusturya\u2019n\u0131n en b\u00fcy\u00fck d\u00f6rd\u00fcnc\u00fc \u015fehri. Alp Da\u011flar\u0131\u2019n\u0131n eteklerinde kurulu olan \u015fehir, Almanya s\u0131n\u0131r\u0131nda bulunuyor.<\/p>\n\n\n\n<p>Ba\u015fkent Viyana\u2019n\u0131n 270 km bat\u0131s\u0131ndaki Salzburg, 150 bini a\u015fan n\u00fcfusu ile b\u00f6lgenin en hareketli yerle\u015fim yerlerinden biri. \u0130smini k\u0131y\u0131s\u0131nda kurulu oldu\u011fu Salzach Nehri\u2019nden alan \u015fehir, ge\u00e7mi\u015fte zengin tuz \u00e7\u00f6keltilerinden \u00f6nemli bir gelir sa\u011fl\u0131yormu\u015f.<\/p>\n\n\n\n<p><img width=\"800\" height=\"500\" data-public-id=\"Salzburg-Ucak-Bileti-800x500_ro0ekz\/Salzburg-Ucak-Bileti-800x500_ro0ekz.jpg\" fetchpriority=\"high\" decoding=\"async\" class=\"alignnone wp-post-1576 wp-image-2835\" src=\"https:\/\/res.cloudinary.com\/turna\/images\/w_800,h_500,c_scale\/f_auto,q_auto:low\/v1464701788\/Salzburg-Ucak-Bileti-800x500_ro0ekz\/Salzburg-Ucak-Bileti-800x500_ro0ekz.jpg?_i=AA\" data-format=\"jpg\" data-transformations=\"f_auto,q_auto:low\" data-version=\"1464701788\" data-seo=\"1\" srcset=\"https:\/\/res.cloudinary.com\/turna\/images\/f_auto,q_auto:low\/v1464701788\/Salzburg-Ucak-Bileti-800x500_ro0ekz\/Salzburg-Ucak-Bileti-800x500_ro0ekz.jpg?_i=AA 800w, https:\/\/res.cloudinary.com\/turna\/images\/w_300,h_188,c_scale\/f_auto,q_auto:low\/v1464701788\/Salzburg-Ucak-Bileti-800x500_ro0ekz\/Salzburg-Ucak-Bileti-800x500_ro0ekz.jpg?_i=AA 300w, https:\/\/res.cloudinary.com\/turna\/images\/w_672,h_420,c_scale\/f_auto,q_auto:low\/v1464701788\/Salzburg-Ucak-Bileti-800x500_ro0ekz\/Salzburg-Ucak-Bileti-800x500_ro0ekz.jpg?_i=AA 672w, https:\/\/res.cloudinary.com\/turna\/images\/w_640,h_400,c_scale\/f_auto,q_auto:low\/v1464701788\/Salzburg-Ucak-Bileti-800x500_ro0ekz\/Salzburg-Ucak-Bileti-800x500_ro0ekz.jpg?_i=AA 640w, https:\/\/res.cloudinary.com\/turna\/images\/w_681,h_426,c_scale\/f_auto,q_auto:low\/v1464701788\/Salzburg-Ucak-Bileti-800x500_ro0ekz\/Salzburg-Ucak-Bileti-800x500_ro0ekz.jpg?_i=AA 681w\" sizes=\"(max-width: 800px) 100vw, 800px\" \/>Avusturya\u2019n\u0131n sanayisi g\u00fc\u00e7l\u00fc yerle\u015fim yerlerinden biri olan Salzburg\u2019da bas\u0131m yay\u0131n teknolojileri, bira \u00fcretimi, dokuma sanayi ve elektrikli makine \u00fcretimi yapan \u00e7ok say\u0131da fabrika bulunuyor.<\/p>\n\n\n\n<p>Barok mimari \u00f6zellikleri ile tarihi bir yolculuk hissi ya\u015fatan kent, Mozart\u2019\u0131n d\u00fcnyaya geldi\u011fi yer olarak da biliniyor. Salzburg gezilecek yerler aras\u0131nda, St. Peter Kilisesi, Avrupa\u2019n\u0131n en b\u00fcy\u00fck orta\u00e7a\u011f kalelerinden biri olan Hohensalzburg, barok katedrali Salzburger Dom ve 17. y\u00fczy\u0131ldan g\u00fcn\u00fcm\u00fcze ula\u015fan Hellbrunn Saray\u0131 say\u0131labilir.<\/p>\n\n\n\n<p>D\u00fcnyaca \u00fcnl\u00fc Hallstatt, b\u00f6lgenin ba\u015fl\u0131ca turizm merkezlerinden biri. G\u00f6l k\u0131y\u0131s\u0131ndaki bu \u015firin kasaba, k\u00fclt\u00fcr, k\u0131\u015f ve do\u011fa turizmi i\u00e7in ilk akla gelen yerlerden. Korunan do\u011fas\u0131, g\u00f6l manzaras\u0131 ve muhte\u015fem havas\u0131yla Hallstatt, insan\u0131 kendine hayran b\u0131rak\u0131yor.<\/p>\n\n\n\n<p>Salzburg\u2019a gelenlerin \u00fcnl\u00fc Avusturya \u015finitzeli yemeden d\u00f6nmemeleri gerekiyor. Ayr\u0131ca, lahana salatas\u0131, bira ve s\u0131\u011f\u0131r etinden haz\u0131rlanan et yeme\u011fi Schweinsbraten, \u00fcz\u00fcm ve erikle pi\u015firilen imparator omleti, ha\u015flanm\u0131\u015f et yeme\u011fi tafelspitz, so\u011fan ve havu\u00e7 gibi malzemelerle haz\u0131rlanan b\u00f6rek \u00e7e\u015fidi olan strudel, Osmanl\u0131\u2019dan Avusturya\u2019ya ta\u015f\u0131nan kahve \u00e7e\u015fitleri, un kurabiyesi vanillekipferllahana Salzburg\u2019da tad\u0131na bak\u0131lmas\u0131 gereken lezzetlerden.<\/p>\n\n\n\n<div class=\"wp-block-image is-style-default\"><figure class=\"aligncenter\"><img decoding=\"async\" src=\"http:\/\/res.cloudinary.com\/turna\/image\/upload\/Images\/Blog\/Salzburg-Nasil-Gidilir-800x500.jpg\" alt=\"Salzburg-Nasil-Gidilir\"\/><\/figure><\/div>\n\n\n\n<h2 class=\"wp-block-heading\"><strong>Avusturya\u2019ya Nas\u0131l Gidilir<\/strong><\/h2>\n\n\n\n<p>Avusturya Schengen b\u00f6lgesinin \u00fcyelerinden birisi oldu\u011fundan \u00fclkeyi ziyaret etmeniz i\u00e7in Schengen vizesi alman\u0131z gerekiyor. Salzburg, T\u00fcrkiye\u2019nin bir\u00e7ok ilinden do\u011frudan u\u00e7u\u015f bulunan kentlerden. \u0130stanbul Atat\u00fcrk, \u0130stanbul Sabiha G\u00f6k\u00e7en, Adana, Dalaman, Antalya, Samsun, Trabzon, Kayseri ve Gaziantep\u2019ten \u015fehre direkt u\u00e7u\u015f bulunuyor olmas\u0131 b\u00fcy\u00fck avantaj. Bunun i\u00e7in <strong><a href=\"https:\/\/www.turna.com\/ucak-bileti\/salzburg\" target=\"_blank\" rel=\"noopener noreferrer\">Salzburg u\u00e7ak bileti<\/a><\/strong> almak gerekiyor.<\/p>\n\n\n\n<p>Muhte\u015fem do\u011fas\u0131, tarihi sokaklar\u0131, zengin tarihi ge\u00e7mi\u015fi, k\u00fclt\u00fcr ve sanat ya\u015fam\u0131, m\u00fczeleri ve enfes lezzetleri ile Salzburg, Avrupa\u2019da g\u00f6r\u00fclmesi gereken en g\u00fczel kentlerden biri. Bu g\u00fczel seyahati ger\u00e7ekle\u015ftirmek i\u00e7in hemen \u015fimdi uygun fiyatl\u0131 u\u00e7ak biletlerine g\u00f6z at\u0131n!<\/p>\n\n\n\n<p>     <strong>NOT:<\/strong> <strong><a rel=\"noreferrer noopener\" href=\"https:\/\/www.turna.com\/sikca-sorulan-sorular\/avusturya-vizesi\" target=\"_blank\">Avusturya vizesi<\/a><\/strong> hakk\u0131nda detayl\u0131 bilgilere de Turna.com \u00fczerinden ula\u015fabilirsiniz.        <\/p>\n\n    <div class=\"xs_social_share_widget xs_share_url after_content \t\tmain_content  wslu-style-1 wslu-share-box-shaped wslu-fill-colored wslu-none wslu-share-horizontal wslu-theme-font-no wslu-main_content\">\n\n\t\t\n        <ul>\n\t\t\t        <\/ul>\n    <\/div> \n","protected":false},"excerpt":{"rendered":"<p>UNESCO D\u00fcnya Miras\u0131 Listesi\u2019nde bulunan Salzburg kenti, Avusturya\u2019n\u0131n en b\u00fcy\u00fck d\u00f6rd\u00fcnc\u00fc \u015fehri. Alp Da\u011flar\u0131\u2019n\u0131n eteklerinde kurulu olan \u015fehir, Almanya s\u0131n\u0131r\u0131nda bulunuyor. Ba\u015fkent Viyana\u2019n\u0131n 270 km bat\u0131s\u0131ndaki Salzburg, 150 bini a\u015fan n\u00fcfusu ile b\u00f6lgenin en hareketli yerle\u015fim yerlerinden biri. \u0130smini k\u0131y\u0131s\u0131nda kurulu oldu\u011fu Salzach Nehri\u2019nden alan \u015fehir, ge\u00e7mi\u015fte zengin tuz \u00e7\u00f6keltilerinden \u00f6nemli bir gelir sa\u011fl\u0131yormu\u015f. Avusturya\u2019n\u0131n [&hellip;]<\/p>\n","protected":false},"author":9,"featured_media":1579,"comment_status":"open","ping_status":"open","sticky":false,"template":"","format":"standard","meta":{"rop_custom_images_group":[],"rop_custom_messages_group":[],"rop_publish_now":"initial","rop_publish_now_accounts":[],"rop_publish_now_history":[],"rop_publish_now_status":"pending","_cloudinary_featured_overwrite":false,"footnotes":""},"categories":[161],"tags":[485,484],"class_list":["post-1576","post","type-post","status-publish","format-standard","has-post-thumbnail","hentry","category-avusturya","tag-avusturya","tag-salzburg"],"_links":{"self":[{"href":"https:\/\/www.turna.com\/blog\/wp-json\/wp\/v2\/posts\/1576","targetHints":{"allow":["GET"]}}],"collection":[{"href":"https:\/\/www.turna.com\/blog\/wp-json\/wp\/v2\/posts"}],"about":[{"href":"https:\/\/www.turna.com\/blog\/wp-json\/wp\/v2\/types\/post"}],"author":[{"embeddable":true,"href":"https:\/\/www.turna.com\/blog\/wp-json\/wp\/v2\/users\/9"}],"replies":[{"embeddable":true,"href":"https:\/\/www.turna.com\/blog\/wp-json\/wp\/v2\/comments?post=1576"}],"version-history":[{"count":0,"href":"https:\/\/www.turna.com\/blog\/wp-json\/wp\/v2\/posts\/1576\/revisions"}],"wp:featuredmedia":[{"embeddable":true,"href":"https:\/\/www.turna.com\/blog\/wp-json\/wp\/v2\/media\/1579"}],"wp:attachment":[{"href":"https:\/\/www.turna.com\/blog\/wp-json\/wp\/v2\/media?parent=1576"}],"wp:term":[{"taxonomy":"category","embeddable":true,"href":"https:\/\/www.turna.com\/blog\/wp-json\/wp\/v2\/categories?post=1576"},{"taxonomy":"post_tag","embeddable":true,"href":"https:\/\/www.turna.com\/blog\/wp-json\/wp\/v2\/tags?post=1576"}],"curies":[{"name":"wp","href":"https:\/\/api.w.org\/{rel}","templated":true}]}}