{"id":15567,"date":"2019-03-05T11:33:35","date_gmt":"2019-03-05T08:33:35","guid":{"rendered":"https:\/\/www.turna.com\/blog\/?p=15567"},"modified":"2022-01-04T10:28:51","modified_gmt":"2022-01-04T07:28:51","slug":"gezgin-olmak-isteyen-kadinlara-manifesto-1","status":"publish","type":"post","link":"https:\/\/www.turna.com\/blog\/gezgin-olmak-isteyen-kadinlara-manifesto-1","title":{"rendered":"Gezgin Olmak \u0130steyen Kad\u0131nlara Manifesto 1*"},"content":{"rendered":"<figure id=\"attachment_15568\" aria-describedby=\"caption-attachment-15568\" style=\"width: 1000px\" class=\"wp-caption aligncenter\"><img width=\"1000\" height=\"750\" data-public-id=\"Sri_Lanka_da_hostel_kad%C4%B1nlar_g%C3%BCn%C3%BCm%C3%BCz%C3%BC_kutlarken_tfnmlo\/Sri_Lanka_da_hostel_kad%C4%B1nlar_g%C3%BCn%C3%BCm%C3%BCz%C3%BC_kutlarken_tfnmlo.jpg\" fetchpriority=\"high\" decoding=\"async\" class=\"wp-post-15567 wp-image-15568\" src=\"https:\/\/res.cloudinary.com\/turna\/images\/w_1000,h_750,c_scale\/f_auto,q_auto:low\/v1551778305\/Sri_Lanka_da_hostel_kad%C4%B1nlar_g%C3%BCn%C3%BCm%C3%BCz%C3%BC_kutlarken_tfnmlo\/Sri_Lanka_da_hostel_kad%C4%B1nlar_g%C3%BCn%C3%BCm%C3%BCz%C3%BC_kutlarken_tfnmlo.jpg?_i=AA\" alt=\"\" data-format=\"jpg\" data-transformations=\"f_auto,q_auto:low\" data-version=\"1551778305\" data-seo=\"1\" srcset=\"https:\/\/res.cloudinary.com\/turna\/images\/f_auto,q_auto:low\/v1551778305\/Sri_Lanka_da_hostel_kad%C4%B1nlar_g%C3%BCn%C3%BCm%C3%BCz%C3%BC_kutlarken_tfnmlo\/Sri_Lanka_da_hostel_kad%C4%B1nlar_g%C3%BCn%C3%BCm%C3%BCz%C3%BC_kutlarken_tfnmlo.jpg?_i=AA 1000w, https:\/\/res.cloudinary.com\/turna\/images\/w_800,h_600,c_scale\/f_auto,q_auto:low\/v1551778305\/Sri_Lanka_da_hostel_kad%C4%B1nlar_g%C3%BCn%C3%BCm%C3%BCz%C3%BC_kutlarken_tfnmlo\/Sri_Lanka_da_hostel_kad%C4%B1nlar_g%C3%BCn%C3%BCm%C3%BCz%C3%BC_kutlarken_tfnmlo.jpg?_i=AA 800w, https:\/\/res.cloudinary.com\/turna\/images\/w_300,h_225,c_scale\/f_auto,q_auto:low\/v1551778305\/Sri_Lanka_da_hostel_kad%C4%B1nlar_g%C3%BCn%C3%BCm%C3%BCz%C3%BC_kutlarken_tfnmlo\/Sri_Lanka_da_hostel_kad%C4%B1nlar_g%C3%BCn%C3%BCm%C3%BCz%C3%BC_kutlarken_tfnmlo.jpg?_i=AA 300w, https:\/\/res.cloudinary.com\/turna\/images\/w_560,h_420,c_scale\/f_auto,q_auto:low\/v1551778305\/Sri_Lanka_da_hostel_kad%C4%B1nlar_g%C3%BCn%C3%BCm%C3%BCz%C3%BC_kutlarken_tfnmlo\/Sri_Lanka_da_hostel_kad%C4%B1nlar_g%C3%BCn%C3%BCm%C3%BCz%C3%BC_kutlarken_tfnmlo.jpg?_i=AA 560w, https:\/\/res.cloudinary.com\/turna\/images\/w_80,h_60,c_scale\/f_auto,q_auto:low\/v1551778305\/Sri_Lanka_da_hostel_kad%C4%B1nlar_g%C3%BCn%C3%BCm%C3%BCz%C3%BC_kutlarken_tfnmlo\/Sri_Lanka_da_hostel_kad%C4%B1nlar_g%C3%BCn%C3%BCm%C3%BCz%C3%BC_kutlarken_tfnmlo.jpg?_i=AA 80w, https:\/\/res.cloudinary.com\/turna\/images\/w_100,h_75,c_scale\/f_auto,q_auto:low\/v1551778305\/Sri_Lanka_da_hostel_kad%C4%B1nlar_g%C3%BCn%C3%BCm%C3%BCz%C3%BC_kutlarken_tfnmlo\/Sri_Lanka_da_hostel_kad%C4%B1nlar_g%C3%BCn%C3%BCm%C3%BCz%C3%BC_kutlarken_tfnmlo.jpg?_i=AA 100w, https:\/\/res.cloudinary.com\/turna\/images\/w_180,h_135,c_scale\/f_auto,q_auto:low\/v1551778305\/Sri_Lanka_da_hostel_kad%C4%B1nlar_g%C3%BCn%C3%BCm%C3%BCz%C3%BC_kutlarken_tfnmlo\/Sri_Lanka_da_hostel_kad%C4%B1nlar_g%C3%BCn%C3%BCm%C3%BCz%C3%BC_kutlarken_tfnmlo.jpg?_i=AA 180w, https:\/\/res.cloudinary.com\/turna\/images\/w_238,h_178,c_scale\/f_auto,q_auto:low\/v1551778305\/Sri_Lanka_da_hostel_kad%C4%B1nlar_g%C3%BCn%C3%BCm%C3%BCz%C3%BC_kutlarken_tfnmlo\/Sri_Lanka_da_hostel_kad%C4%B1nlar_g%C3%BCn%C3%BCm%C3%BCz%C3%BC_kutlarken_tfnmlo.jpg?_i=AA 238w, https:\/\/res.cloudinary.com\/turna\/images\/w_640,h_480,c_scale\/f_auto,q_auto:low\/v1551778305\/Sri_Lanka_da_hostel_kad%C4%B1nlar_g%C3%BCn%C3%BCm%C3%BCz%C3%BC_kutlarken_tfnmlo\/Sri_Lanka_da_hostel_kad%C4%B1nlar_g%C3%BCn%C3%BCm%C3%BCz%C3%BC_kutlarken_tfnmlo.jpg?_i=AA 640w, https:\/\/res.cloudinary.com\/turna\/images\/w_681,h_511,c_scale\/f_auto,q_auto:low\/v1551778305\/Sri_Lanka_da_hostel_kad%C4%B1nlar_g%C3%BCn%C3%BCm%C3%BCz%C3%BC_kutlarken_tfnmlo\/Sri_Lanka_da_hostel_kad%C4%B1nlar_g%C3%BCn%C3%BCm%C3%BCz%C3%BC_kutlarken_tfnmlo.jpg?_i=AA 681w\" sizes=\"(max-width: 1000px) 100vw, 1000px\" \/><figcaption id=\"caption-attachment-15568\" class=\"wp-caption-text\">Sri Lanka&#8217;da kald\u0131\u011f\u0131m hostel Kad\u0131nlar G\u00fcn\u00fc&#8217;m\u00fcz\u00fc kutlarken<\/figcaption><\/figure>\n<p>*Asl\u0131nda bu yaz\u0131 dizisi, seyahati \u00e7ok sevse de bu zamana kadar hi\u00e7 yaln\u0131z gezmemi\u015f kad\u0131nlar i\u00e7in yaz\u0131ld\u0131. \u00c7\u00fcnk\u00fc d\u00fcnyan\u0131n daha \u00e7ok gezgin kad\u0131na ihtiyac\u0131 var. Gittikleri her yerde, tan\u0131\u015ft\u0131klar\u0131 her insana ilham olabilsinler diye! Ama gezmenin cinsiyeti yok, zorluklar hem kad\u0131n hem erkeklerin a\u015fmas\u0131 i\u00e7in var!<\/p>\n<p>Seyahatten eve d\u00f6n\u00fcld\u00fc\u011f\u00fcnde insana \u00f6nce huzur gelir. Ne oteldeki kral dairesi gibi \u015fa\u015fal\u0131 ne de hostel yatakhanesi gibi c\u00fcmb\u00fc\u015fl\u00fc ama size ait kendi odan\u0131z. Seyahat boyu s\u00fcren ko\u015fu\u015fturmadan eser yok art\u0131k. Sonsuz bir sessizlik ve huzur&#8230;\u0130nsan daha ne ister. Lakin bu rahatl\u0131k gezgin b\u00fcnyede bir s\u00fcre sonra huzursuzlu\u011fa yol a\u00e7ar. <em>\u201c\u00c7ar\u015fafta neden kum yok?\u201d, \u201cba\u015f ucumdaki s\u0131rt \u00e7antam nerede?\u201d, \u201cyast\u0131\u011f\u0131m\u0131n alt\u0131nda dolap anahtar\u0131 neden yok?\u201d,<\/em> hatta <em>\u201cyumu\u015fak silikon kulak t\u0131pam olmadan art\u0131k evimde de uyuyam\u0131yorum\u2026\u201d, \u201cetrafta neden arkada\u015flar\u0131m yok?\u201d<\/em>, \u201cevde tek ba\u015f\u0131na olmak ne kadar s\u0131k\u0131c\u0131ym\u0131\u015f!\u201d diye rahats\u0131zlanma ba\u015flar.<\/p>\n<p>Sizi seyahatlerinizden dolay\u0131 \u00f6nce \u00e7ok \u00f6nemli ve zor bir \u015fey yap\u0131yormu\u015fsunuz gibi tebrik eden insanlar bir yandan da <em>\u201cGittin, oralar\u0131 g\u00f6rd\u00fcn de ne oldu?\u201d, \u201cBizimkinden daha g\u00fczel \u00fclke mi var sanki de o kadar gezdin?\u201d, \u201cKesin a\u00e7 kalm\u0131\u015fs\u0131nd\u0131r! Yok tabi bizim zeytin, peynir oralarda<\/em>\u2026\u201d demeye ba\u015flarlar.<\/p>\n<p>Sizi bir zamanlar buraya ba\u011fl\u0131 tutan \u015feyler art\u0131k size y\u00fck olmaya ba\u015flar. <em>\u201cBunca y\u0131l gard\u0131robu giysi ile dolduraca\u011f\u0131ma hangi \u00fclkeleri g\u00f6rebilirdim?\u201d,\u201d Eteklerle Hawaii\u2019ye, ceketlerle Brezilya\u2019ya ayakkab\u0131lar ve aksesuar ile Japonya\u2019ya gidi\u015f-d\u00f6n\u00fc\u015f u\u00e7ak bileti alabilirdim.\u201d <\/em>diye d\u00fc\u015f\u00fcn\u00fcr durursunuz. \u00d6zg\u00fcrl\u00fc\u011f\u00fcn\u00fcz\u00fcn k\u0131s\u0131tland\u0131\u011f\u0131n\u0131 hissedersiniz. Satabildiklerinizi satar, satamad\u0131klar\u0131n\u0131z\u0131 e\u015fe dosta da\u011f\u0131t\u0131p kalan\u0131 da koliler, s\u0131rt\u0131n\u0131zdan al\u0131nd\u0131\u011f\u0131nda evsiz kalm\u0131\u015f kaplumba\u011fa gibi hissetti\u011finiz s\u0131rt \u00e7antan\u0131z\u0131 yeniden y\u00fcklenir yollara d\u00fc\u015fersiniz.<\/p>\n<p>\u0130nsan g\u00fcnlerce haftalarca s\u0131rt \u00e7antas\u0131 ile gezmeye al\u0131\u015f\u0131nca eve d\u00f6nd\u00fc\u011f\u00fcnde sokaklarda y\u00fcr\u00fcrken s\u0131rt\u0131nda gezdirdi\u011fi evinin eksikli\u011fini hisseder. Betondan yap\u0131l\u0131 dayal\u0131 d\u00f6\u015feli ev gezgine ge\u00e7ici bir bekleme istasyonu gibi gelir. Zaten hala gitti\u011fi yerde kalm\u0131\u015f olan akl\u0131 da bu eksikli\u011fe eklenince huzursuzluk ba\u015f g\u00f6sterir. Her g\u00fcn onlarca kilometre y\u00fcr\u00fcyen, yeni insanlarla tan\u0131\u015f\u0131p saatlerce sohbet etmeye al\u0131\u015fan b\u00fcnye, oturmaktan ve susmaktan dolay\u0131 adaptasyon sorunu ya\u015far. Bu garipli\u011fi yenmenin tek ilac\u0131 tez zamanda silkelenip yeni rotalar\u0131n hayalini kurmak ve planlar\u0131n\u0131 yapmaya ba\u015flamak.<\/p>\n<p><strong>\u00a0<\/strong><strong>Kahrolsun Ba\u011ez\u0131 K\u00fclt\u00fcrel Kodlar!<\/strong><\/p>\n<p>90\u2019lar\u0131n ba\u015f\u0131\u2026 Ebeveynlerimle Avrupa seyahatine \u00e7\u0131kaca\u011f\u0131m\u0131n \u00f6nceki g\u00fcn\u00fc s\u0131k\u0131nt\u0131dan ve \u00fcz\u00fcnt\u00fcden i\u00e7imi karalar ba\u011flam\u0131\u015ft\u0131. Haftalard\u0131r heyecan ve sevin\u00e7le bekledi\u011fim bu yolculu\u011fun bir gece \u00f6ncesi iki g\u00f6z\u00fcm iki \u00e7e\u015fme nedensizce a\u011flad\u0131\u011f\u0131m\u0131 hat\u0131rlar\u0131m. Annem ve babam bana sebebini soruyordu, yolculu\u011fa \u00e7\u0131kmaktan korktu\u011fumu s\u00f6yl\u00fcyordum lakin sebebini bilmiyordum. Bu \u00e7\u0131kt\u0131\u011f\u0131m ilk yolculuk da de\u011fildi. Ertesi g\u00fcn havaliman\u0131na varana kadar durum b\u00f6yleydi. U\u00e7a\u011fa bindi\u011fim anda ise t\u00fcm s\u0131k\u0131nt\u0131m yok oldu gitti\u2026<\/p>\n<p>Aradan seneler ge\u00e7tikten sonra o s\u0131k\u0131nt\u0131n\u0131n sebebini \u00f6\u011frendim. \u0130nsano\u011flunun g\u00f6\u00e7men genlerine bu s\u0131k\u0131nt\u0131 kodlanm\u0131\u015f. Hatta bunun \u00f6zellikle k\u0131tl\u0131k ve sava\u015f gibi s\u0131k s\u0131k zorunlu g\u00f6\u00e7ler yasayan biz T\u00fcrklerin genlerine i\u015flenmi\u015f oldu\u011funu s\u00f6yleyenler dahi vard\u0131. Y\u0131llar \u00f6nce g\u00f6\u00e7memiz gerekti\u011finde gidece\u011fimiz yerde ne ile kar\u015f\u0131la\u015faca\u011f\u0131m\u0131z\u0131 bilmedi\u011fimizden duydu\u011fumuz s\u0131k\u0131nt\u0131 ve korku binlerce y\u0131ld\u0131r k\u00fclt\u00fcrel kodlarla bize aktar\u0131la gelmi\u015f. Ben bu nispeten milliyet\u00e7i tespite kat\u0131lm\u0131yorum.<em> Albert Camus<\/em>\u2019n\u00fcn<em> Yolculuk G\u00fcnl\u00fckleri<\/em> kitab\u0131n\u0131n ilk c\u00fcmlesi \u015f\u00f6yledir: <em>\u201cAmerika. Yola \u00e7\u0131k\u0131\u015f. Her yolculu\u011fa \u00e7\u0131k\u0131\u015fa \u00f6zg\u00fc o hafif s\u0131k\u0131nt\u0131 ge\u00e7ti.\u201d<\/em> (Mart 1946) Camus\u2019n\u00fcn s\u0131k\u0131nt\u0131lar\u0131n\u0131 her yolculuk \u00f6ncesi ben de hissediyorum. Demek seyahatten korkmak i\u00e7in sadece insan olmak yeterli. Bir de kad\u0131nsan\u0131z korkular daha da art\u0131yor.<\/p>\n<p>G\u00f6\u00e7 \u00fczerine \u00e7al\u0131\u015fmalar yapan yazarlar, akademisyenler insanlar\u0131n evden bir t\u00fcrl\u00fc \u00e7\u0131kmak istemeyi\u015fini, bir yere gitmeye s\u00fcrekli \u00fc\u015fenmesini, plans\u0131zl\u0131\u011f\u0131n\u0131, evi b\u0131rak\u0131n semtinden ba\u015fka bir yerde yeme\u011fe bile gitmek istemeyen insanlar\u0131n stresini yine bu k\u00fclt\u00fcrel gen kodlar\u0131na y\u00fckl\u00fcyorlar. \u201c<em>Gidece\u011fimiz yerde nas\u0131l bir \u0131rkla kar\u015f\u0131la\u015faca\u011f\u0131z, orada hayvanlar\u0131m\u0131z i\u00e7in yemek bulabilecek miyiz, yolda \u00f6ld\u00fcr\u00fclecek miyiz?\u201d<\/em> gibi korkun\u00e7 d\u00fc\u015f\u00fcnceler g\u00f6\u00e7ebe toplumlar zaman\u0131ndaki en b\u00fcy\u00fck sorunlardan. Bu \u00e7a\u011flar\u0131 ge\u00e7eli \u00e7ok olmas\u0131na ra\u011fmen durum hala nazik g\u00f6r\u00fcn\u00fcyor.<\/p>\n<p>Ancak ne kad\u0131nlar\u0131n ne de erkeklerin korkmas\u0131na gerek yok. Yola \u00e7\u0131k\u0131nca bunu fark ediyorsunuz. Ya\u015fad\u0131\u011f\u0131n\u0131z \u015fehirde kar\u015f\u0131lanaca\u011f\u0131n\u0131zdan daha fazlas\u0131 yok yollarda. Sadece bilmedi\u011finiz \u015feyler var. Yapt\u0131\u011f\u0131m uzun ara\u015ft\u0131rmalar sonucunda kad\u0131nlar\u0131n da erkeklerin de asl\u0131nda ayn\u0131 \u015feylerden korktu\u011funu tespit ettim.<\/p>\n<p><strong>Dil Bir Sorun mu?<\/strong><\/p>\n<p>Etraf\u0131mdaki gen\u00e7, olgun, ya\u015fl\u0131 t\u00fcm kad\u0131nlara <em>\u201cElinize yabanc\u0131 \u00fclkelere yaln\u0131z seyahat f\u0131rsat\u0131 ge\u00e7se, sizi korkutan ne olur? Gitmekten al\u0131koyan hangi korku olur?\u201d<\/em> diye sordu\u011fumda en \u00e7ok \u015fu cevab\u0131 ald\u0131m. <em>\u201cDil.\u201d <\/em>(Burada dilden kas\u0131t \u0130ngilizce.)<\/p>\n<p>\u00d6yle gariptir ki bu soruya cevap veren ki\u015filer kolejde, \u00fcniversitede okuyan gen\u00e7ler ya da \u0130ngilizce bildi\u011finden emin oldu\u011fum olgun bireyler. Tek bir yabanc\u0131 dil bile bilmeyen insanlar\u0131n \u00f6zg\u00fcveni onlarda yok. Yirmi senelik i\u015f hayat\u0131mda, yabanc\u0131 dil bilmedi\u011fi halde her f\u0131rsatta d\u00fcnyay\u0131 gezen, uluslararas\u0131 ticaret yapan, i\u015f\u00e7i olarak yurt d\u0131\u015f\u0131na \u00e7al\u0131\u015fmaya giden \u00f6yle \u00e7ok insan tan\u0131d\u0131m ki. Elbette ki \u0130ngilizce bilmek \u00f6nemli lakin \u0130ngilizce konu\u015fulmayan \u00e7ok \u00fclke var d\u00fcnyada. Mesela G\u00fcney Amerika\u2019ya gitseniz koca k\u0131tada \u0130spanyolca, Portekizce ve prehistorik (tarih \u00f6ncesi) d\u00f6nemden kalma yerel diller konu\u015fulur. \u0130ngilizce i\u015finize \u00e7ok da fazla yaramaz bu k\u0131tada. T\u00fcrk\u00e7e d\u0131\u015f\u0131nda tek kelime bilmeyen teyzelerle \u00e7\u0131kt\u0131\u011f\u0131m yolculuklarda, teyzelerin \u00f6yle \u00e7ok yabanc\u0131 sat\u0131c\u0131y\u0131 pazarl\u0131kla bezdirip adamca\u011f\u0131zlar\u0131n mallar\u0131n\u0131 \u00fc\u00e7 kuru\u015fa sat\u0131n alma diyaloglar\u0131na \u015fahit oldum ki asl\u0131nda buna monolog demek daha do\u011fru olurdu. \u00dcstelik sat\u0131c\u0131 kendi dilinde bizimkiler T\u00fcrk\u00e7e pazarl\u0131k ediyorlard\u0131 lakin anla\u015ft\u0131klar\u0131 dil v\u00fccut diliydi. B\u00f6yle bir <em>Charlie Chaplin<\/em> sahnesi hayal edin. G\u00f6z\u00fcn\u00fczde canland\u0131 m\u0131? Yine de gitmeden \u00f6nce gidilecek \u00fclkenin dilinden d\u00f6rt be\u015f kelime \u00f6\u011frenirseniz o \u00fclkede s\u0131cak kar\u015f\u0131lan\u0131rs\u0131n\u0131z. Di\u011fer t\u00fcm turistlerin yan\u0131nda sizi ayr\u0131 bir yere koyarlar.<\/p>\n<figure id=\"attachment_15587\" aria-describedby=\"caption-attachment-15587\" style=\"width: 600px\" class=\"wp-caption alignnone\"><img width=\"600\" height=\"440\" data-public-id=\"myanmar-kesisin-magaraevi_udqy59\/myanmar-kesisin-magaraevi_udqy59.jpg\" decoding=\"async\" class=\"wp-post-15567 wp-image-15587 size-full\" src=\"https:\/\/res.cloudinary.com\/turna\/images\/w_600,h_440,c_scale\/f_auto,q_auto:low\/v1552290145\/myanmar-kesisin-magaraevi_udqy59\/myanmar-kesisin-magaraevi_udqy59.jpg?_i=AA\" alt=\"\" data-format=\"jpg\" data-transformations=\"f_auto,q_auto:low\" data-version=\"1552290145\" data-seo=\"1\" srcset=\"https:\/\/res.cloudinary.com\/turna\/images\/f_auto,q_auto:low\/v1552290145\/myanmar-kesisin-magaraevi_udqy59\/myanmar-kesisin-magaraevi_udqy59.jpg?_i=AA 600w, https:\/\/res.cloudinary.com\/turna\/images\/w_300,h_220,c_scale\/f_auto,q_auto:low\/v1552290145\/myanmar-kesisin-magaraevi_udqy59\/myanmar-kesisin-magaraevi_udqy59.jpg?_i=AA 300w, https:\/\/res.cloudinary.com\/turna\/images\/w_573,h_420,c_scale\/f_auto,q_auto:low\/v1552290145\/myanmar-kesisin-magaraevi_udqy59\/myanmar-kesisin-magaraevi_udqy59.jpg?_i=AA 573w, https:\/\/res.cloudinary.com\/turna\/images\/w_80,h_60,c_scale\/f_auto,q_auto:low\/v1552290145\/myanmar-kesisin-magaraevi_udqy59\/myanmar-kesisin-magaraevi_udqy59.jpg?_i=AA 80w\" sizes=\"(max-width: 600px) 100vw, 600px\" \/><figcaption id=\"caption-attachment-15587\" class=\"wp-caption-text\">Myanmar&#8217;da bir ke\u015fi\u015fin ma\u011faraevi<\/figcaption><\/figure>\n<p>&nbsp;<\/p>\n<p>Myanmar&#8217;da, hostel&#8217;da tan\u0131\u015ft\u0131\u011f\u0131m arkada\u015flarla bir g\u00fcn\u00fcm\u00fcz\u00fc Kapadokya benzeri bir kanyonda bisiklet s\u00fcrmeye ay\u0131rm\u0131\u015ft\u0131k. Bir saat sonra yolumuza \u00e7\u0131kan bir ya\u015fl\u0131 Budist ke\u015fi\u015f bizi v\u00fccut diliyle evine davet etti. Pe\u015finden gittik. Ev dedi\u011fi \u015feyin kanyondaki ma\u011faralardan biri oldu\u011funu i\u00e7eri girerken fark edip daha da merakland\u0131k. Bize \u00e7ay ikram etti. Sohbetimiz kelimelerle edilen muhabbetten daha derindi. Budist bir ke\u015fi\u015fin ma\u011fara evinde \u00e7ay sohbeti yapt\u0131\u011f\u0131ma bug\u00fcn inanmakta hala zorluk \u00e7ekiyorum.<\/p>\n<figure id=\"attachment_15589\" aria-describedby=\"caption-attachment-15589\" style=\"width: 600px\" class=\"wp-caption alignnone\"><img width=\"600\" height=\"719\" data-public-id=\"Myanmar_da_tap%C4%B1nakta_tek_kelime_dil_bilmeden_anlas%CC%A7%C4%B1lan_emhgzd\/Myanmar_da_tap%C4%B1nakta_tek_kelime_dil_bilmeden_anlas%CC%A7%C4%B1lan_emhgzd.jpg\" decoding=\"async\" class=\"wp-post-15567 wp-image-15589 size-full\" src=\"https:\/\/res.cloudinary.com\/turna\/images\/w_600,h_719,c_scale\/f_auto,q_auto:low\/v1552290271\/Myanmar_da_tap%C4%B1nakta_tek_kelime_dil_bilmeden_anlas%CC%A7%C4%B1lan_emhgzd\/Myanmar_da_tap%C4%B1nakta_tek_kelime_dil_bilmeden_anlas%CC%A7%C4%B1lan_emhgzd.jpg?_i=AA\" alt=\"\" data-format=\"jpg\" data-transformations=\"f_auto,q_auto:low\" data-version=\"1552290271\" data-seo=\"1\" srcset=\"https:\/\/res.cloudinary.com\/turna\/images\/f_auto,q_auto:low\/v1552290271\/Myanmar_da_tap%C4%B1nakta_tek_kelime_dil_bilmeden_anlas%CC%A7%C4%B1lan_emhgzd\/Myanmar_da_tap%C4%B1nakta_tek_kelime_dil_bilmeden_anlas%CC%A7%C4%B1lan_emhgzd.jpg?_i=AA 600w, https:\/\/res.cloudinary.com\/turna\/images\/w_300,h_360,c_scale\/f_auto,q_auto:low\/v1552290271\/Myanmar_da_tap%C4%B1nakta_tek_kelime_dil_bilmeden_anlas%CC%A7%C4%B1lan_emhgzd\/Myanmar_da_tap%C4%B1nakta_tek_kelime_dil_bilmeden_anlas%CC%A7%C4%B1lan_emhgzd.jpg?_i=AA 300w, https:\/\/res.cloudinary.com\/turna\/images\/w_350,h_420,c_scale\/f_auto,q_auto:low\/v1552290271\/Myanmar_da_tap%C4%B1nakta_tek_kelime_dil_bilmeden_anlas%CC%A7%C4%B1lan_emhgzd\/Myanmar_da_tap%C4%B1nakta_tek_kelime_dil_bilmeden_anlas%CC%A7%C4%B1lan_emhgzd.jpg?_i=AA 350w\" sizes=\"(max-width: 600px) 100vw, 600px\" \/><figcaption id=\"caption-attachment-15589\" class=\"wp-caption-text\">Myanmar&#8217;da tap\u0131nakta tek kelime dil bilmeden anlas\u0327\u0131lan<\/figcaption><\/figure>\n<p>Birka\u00e7 arkada\u015f birlikte ziyaret etti\u011fimiz tap\u0131nak bah\u00e7esinde turistlerden ka\u00e7an k\u00fc\u00e7\u00fck Budist ke\u015fi\u015flerle v\u00fccut dili ile bir \u015fekilde ileti\u015fim kurmay\u0131 ba\u015fard\u0131m. \u0130\u015f bununla kalmad\u0131 bir anda kolumdan \u00e7ekip beni kaleye top sokmak gereklili\u011fi d\u0131\u015f\u0131nda hi\u00e7bir \u015fey bilmedi\u011fim futbol ekibine dahil ettiler. Foto\u011frafta att\u0131\u011f\u0131m gol sonras\u0131 k\u00fc\u00e7\u00fck Budist ke\u015fi\u015fi g\u00f6rebilirsiniz. Evrensel dil v\u00fccut dilidir di\u011fer t\u00fcm diller sadece ayr\u0131lar\u0131 anlatmak i\u00e7indir.<\/p>\n<figure id=\"attachment_15590\" aria-describedby=\"caption-attachment-15590\" style=\"width: 600px\" class=\"wp-caption alignnone\"><img width=\"600\" height=\"400\" loading=\"lazy\" decoding=\"async\" class=\"size-full wp-post-15567 wp-image-15590\" src=\"data:image\/svg+xml;base64,PHN2ZyB4bWxucz0iaHR0cDovL3d3dy53My5vcmcvMjAwMC9zdmciIHdpZHRoPSI2MDAiIGhlaWdodD0iNDAwIj48cmVjdCB3aWR0aD0iMTAwJSIgaGVpZ2h0PSIxMDAlIj48YW5pbWF0ZSBhdHRyaWJ1dGVOYW1lPSJmaWxsIiB2YWx1ZXM9InJnYmEoMTUzLDE1MywxNTMsMC41KTtyZ2JhKDE1MywxNTMsMTUzLDAuMSk7cmdiYSgxNTMsMTUzLDE1MywwLjUpIiBkdXI9IjJzIiByZXBlYXRDb3VudD0iaW5kZWZpbml0ZSIgLz48L3JlY3Q+PC9zdmc+\" alt=\"\" data-public-id=\"Diyarbak%C4%B1r_sabbhx\/Diyarbak%C4%B1r_sabbhx.jpg\" data-format=\"jpg\" data-transformations=\"f_auto,q_auto:low\" data-version=\"1552290577\" data-seo=\"1\" data-size=\"600 400\" data-srcset=\"https:\/\/res.cloudinary.com\/turna\/images\/f_auto,q_auto:low\/v1552290577\/Diyarbak%C4%B1r_sabbhx\/Diyarbak%C4%B1r_sabbhx.jpg?_i=AA 600w, https:\/\/res.cloudinary.com\/turna\/images\/w_300,h_200,c_scale\/f_auto,q_auto:low\/v1552290577\/Diyarbak%C4%B1r_sabbhx\/Diyarbak%C4%B1r_sabbhx.jpg?_i=AA 300w\" data-sizes=\"(max-width: 600px) 100vw, 600px\" data-delivery=\"upload\" onload=\";window.CLDBind?CLDBind(this):null;\" data-cloudinary=\"lazy\" \/><figcaption id=\"caption-attachment-15590\" class=\"wp-caption-text\">Diyarbak\u0131r<\/figcaption><\/figure>\n<p><strong>Yaln\u0131z Gezmenin Dayan\u0131lmaz G\u00fczelli\u011fi<\/strong><\/p>\n<p><strong>\u00a0<\/strong>Yaln\u0131z gezmenin en iyi taraflar\u0131ndan biri t\u00fcm kararlar\u0131n\u0131z\u0131 verirken \u00f6zg\u00fcr olman\u0131z. Yemek yenecek mek\u00e2n ve i\u00e7eri\u011fi, kalacak yer se\u00e7imi, bundan sonra nereye gidilece\u011fi ne zaman uyuyup ne zaman uyan\u0131laca\u011f\u0131, plaja m\u0131 \u00f6ren yerine mi gidilece\u011finiz konusunda t\u00fcm kararlar\u0131 kendinizin verebilece\u011fi bir \u00f6zg\u00fcrl\u00fck.<\/p>\n<p><em>\u2026<\/em><\/p>\n<p><em>Yava\u015f yava\u015f \u00f6l\u00fcrler<br \/>\nAl\u0131\u015fkanl\u0131klara esir olanlar,<br \/>\nher g\u00fcn ayn\u0131 yollar\u0131 y\u00fcr\u00fcyenler,<br \/>\nUfuklar\u0131n\u0131 geni\u015fletmeyen ve<br \/>\nde\u011fi\u015ftirmeyenler,<br \/>\nElbiselerinin rengini de\u011fi\u015ftirme riskine bile girmeyen,<br \/>\nveya bir yabanc\u0131 ile konu\u015fmayanlar.<\/em><\/p>\n<p><em>\u2026<\/em><\/p>\n<p><em>Pablo Neruda<\/em><\/p>\n<p>Siz bug\u00fcn her g\u00fcn gitti\u011finiz yolu de\u011fi\u015ftirmekle i\u015fe ba\u015flay\u0131n. Bakars\u0131n\u0131z yar\u0131n bu saatlerde ilk rotan\u0131z\u0131n plan\u0131n\u0131 yapars\u0131n\u0131z.<\/p>\n<p>&nbsp;<\/p>\n\n    <div class=\"xs_social_share_widget xs_share_url after_content \t\tmain_content  wslu-style-1 wslu-share-box-shaped wslu-fill-colored wslu-none wslu-share-horizontal wslu-theme-font-no wslu-main_content\">\n\n\t\t\n        <ul>\n\t\t\t        <\/ul>\n    <\/div> \n","protected":false},"excerpt":{"rendered":"<p>*Asl\u0131nda bu yaz\u0131 dizisi, seyahati \u00e7ok sevse de bu zamana kadar hi\u00e7 yaln\u0131z gezmemi\u015f kad\u0131nlar i\u00e7in yaz\u0131ld\u0131. \u00c7\u00fcnk\u00fc d\u00fcnyan\u0131n daha \u00e7ok gezgin kad\u0131na ihtiyac\u0131 var. Gittikleri her yerde, tan\u0131\u015ft\u0131klar\u0131 her insana ilham olabilsinler diye! Ama gezmenin cinsiyeti yok, zorluklar hem kad\u0131n hem erkeklerin a\u015fmas\u0131 i\u00e7in var! Seyahatten eve d\u00f6n\u00fcld\u00fc\u011f\u00fcnde insana \u00f6nce huzur gelir. Ne oteldeki [&hellip;]<\/p>\n","protected":false},"author":26,"featured_media":15568,"comment_status":"open","ping_status":"open","sticky":false,"template":"","format":"standard","meta":{"rop_custom_images_group":[],"rop_custom_messages_group":[],"rop_publish_now":"initial","rop_publish_now_accounts":[],"rop_publish_now_history":[],"rop_publish_now_status":"pending","_cloudinary_featured_overwrite":false,"footnotes":""},"categories":[1719],"tags":[2288],"class_list":["post-15567","post","type-post","status-publish","format-standard","has-post-thumbnail","hentry","category-roportajlar","tag-barranquilla"],"_links":{"self":[{"href":"https:\/\/www.turna.com\/blog\/wp-json\/wp\/v2\/posts\/15567","targetHints":{"allow":["GET"]}}],"collection":[{"href":"https:\/\/www.turna.com\/blog\/wp-json\/wp\/v2\/posts"}],"about":[{"href":"https:\/\/www.turna.com\/blog\/wp-json\/wp\/v2\/types\/post"}],"author":[{"embeddable":true,"href":"https:\/\/www.turna.com\/blog\/wp-json\/wp\/v2\/users\/26"}],"replies":[{"embeddable":true,"href":"https:\/\/www.turna.com\/blog\/wp-json\/wp\/v2\/comments?post=15567"}],"version-history":[{"count":0,"href":"https:\/\/www.turna.com\/blog\/wp-json\/wp\/v2\/posts\/15567\/revisions"}],"wp:featuredmedia":[{"embeddable":true,"href":"https:\/\/www.turna.com\/blog\/wp-json\/wp\/v2\/media\/15568"}],"wp:attachment":[{"href":"https:\/\/www.turna.com\/blog\/wp-json\/wp\/v2\/media?parent=15567"}],"wp:term":[{"taxonomy":"category","embeddable":true,"href":"https:\/\/www.turna.com\/blog\/wp-json\/wp\/v2\/categories?post=15567"},{"taxonomy":"post_tag","embeddable":true,"href":"https:\/\/www.turna.com\/blog\/wp-json\/wp\/v2\/tags?post=15567"}],"curies":[{"name":"wp","href":"https:\/\/api.w.org\/{rel}","templated":true}]}}