{"id":15350,"date":"2019-02-22T08:30:36","date_gmt":"2019-02-22T06:30:36","guid":{"rendered":"https:\/\/www.turna.com\/blog\/?p=15350"},"modified":"2019-08-07T12:27:23","modified_gmt":"2019-08-07T09:27:23","slug":"namibyada-yapilacak-seyler","status":"publish","type":"post","link":"https:\/\/www.turna.com\/blog\/namibyada-yapilacak-seyler","title":{"rendered":"Namibya&#8217;da Yap\u0131lacak \u015eeyler"},"content":{"rendered":"<div id=\"ez-toc-container\" class=\"ez-toc-v2_0_82_2 counter-hierarchy ez-toc-counter ez-toc-black ez-toc-container-direction\">\n<div class=\"ez-toc-title-container\">\n<p class=\"ez-toc-title\" style=\"cursor:inherit\">\u0130\u00e7indekiler<\/p>\n<span class=\"ez-toc-title-toggle\"><a href=\"#\" class=\"ez-toc-pull-right ez-toc-btn ez-toc-btn-xs ez-toc-btn-default ez-toc-toggle\" aria-label=\"\u0130\u00e7indekiler Tablosunu A\u00e7\/Kapat\"><span class=\"ez-toc-js-icon-con\"><span class=\"\"><span class=\"eztoc-hide\" style=\"display:none;\">Toggle<\/span><span class=\"ez-toc-icon-toggle-span\"><svg style=\"fill: #ffffff;color:#ffffff\" xmlns=\"http:\/\/www.w3.org\/2000\/svg\" class=\"list-377408\" width=\"20px\" height=\"20px\" viewBox=\"0 0 24 24\" fill=\"none\"><path d=\"M6 6H4v2h2V6zm14 0H8v2h12V6zM4 11h2v2H4v-2zm16 0H8v2h12v-2zM4 16h2v2H4v-2zm16 0H8v2h12v-2z\" fill=\"currentColor\"><\/path><\/svg><svg style=\"fill: #ffffff;color:#ffffff\" class=\"arrow-unsorted-368013\" xmlns=\"http:\/\/www.w3.org\/2000\/svg\" width=\"10px\" height=\"10px\" viewBox=\"0 0 24 24\" version=\"1.2\" baseProfile=\"tiny\"><path d=\"M18.2 9.3l-6.2-6.3-6.2 6.3c-.2.2-.3.4-.3.7s.1.5.3.7c.2.2.4.3.7.3h11c.3 0 .5-.1.7-.3.2-.2.3-.5.3-.7s-.1-.5-.3-.7zM5.8 14.7l6.2 6.3 6.2-6.3c.2-.2.3-.5.3-.7s-.1-.5-.3-.7c-.2-.2-.4-.3-.7-.3h-11c-.3 0-.5.1-.7.3-.2.2-.3.5-.3.7s.1.5.3.7z\"\/><\/svg><\/span><\/span><\/span><\/a><\/span><\/div>\n<nav><ul class='ez-toc-list ez-toc-list-level-1 eztoc-toggle-hide-by-default' ><li class='ez-toc-page-1 ez-toc-heading-level-2'><a class=\"ez-toc-link ez-toc-heading-1\" href=\"https:\/\/www.turna.com\/blog\/namibyada-yapilacak-seyler\/#namibyada_yapilacak_seyler\" >Namibya&#8217;da Yap\u0131lacak \u015eeyler<\/a><ul class='ez-toc-list-level-3' ><li class='ez-toc-heading-level-3'><a class=\"ez-toc-link ez-toc-heading-2\" href=\"https:\/\/www.turna.com\/blog\/namibyada-yapilacak-seyler\/#1_luderitzi_kesfedin\" >1. L\u00fcderitz\u2019i ke\u015ffedin<\/a><\/li><li class='ez-toc-page-1 ez-toc-heading-level-3'><a class=\"ez-toc-link ez-toc-heading-3\" href=\"https:\/\/www.turna.com\/blog\/namibyada-yapilacak-seyler\/#2_caprivi_seridinde_kus_gozlemciligi\" >2. Caprivi \u015eeridi&#8217;nde ku\u015f g\u00f6zlemcili\u011fi<\/a><\/li><li class='ez-toc-page-1 ez-toc-heading-level-3'><a class=\"ez-toc-link ez-toc-heading-4\" href=\"https:\/\/www.turna.com\/blog\/namibyada-yapilacak-seyler\/#3_sossusvlei_kum_tepelerine_tirmanin\" >3. Sossusvlei Kum Tepeleri&#8217;ne t\u0131rman\u0131n<\/a><\/li><li class='ez-toc-page-1 ez-toc-heading-level-3'><a class=\"ez-toc-link ez-toc-heading-5\" href=\"https:\/\/www.turna.com\/blog\/namibyada-yapilacak-seyler\/#4_africat_vakfi_ile_calisin\" >4. AfriCat Vakf\u0131 ile \u00e7al\u0131\u015f\u0131n<\/a><\/li><li class='ez-toc-page-1 ez-toc-heading-level-3'><a class=\"ez-toc-link ez-toc-heading-6\" href=\"https:\/\/www.turna.com\/blog\/namibyada-yapilacak-seyler\/#5_swakopmundda_yemek_yiyin\" >5. Swakopmund\u2019da yemek yiyin<\/a><\/li><li class='ez-toc-page-1 ez-toc-heading-level-3'><a class=\"ez-toc-link ez-toc-heading-7\" href=\"https:\/\/www.turna.com\/blog\/namibyada-yapilacak-seyler\/#6_cape_crossda_foklari_izleyin\" >6. Cape Cross\u2019da foklar\u0131 izleyin<\/a><\/li><li class='ez-toc-page-1 ez-toc-heading-level-3'><a class=\"ez-toc-link ez-toc-heading-8\" href=\"https:\/\/www.turna.com\/blog\/namibyada-yapilacak-seyler\/#7_iskelet_sahilini_gezin\" >7. \u0130skelet Sahili&#8217;ni gezin<\/a><\/li><li class='ez-toc-page-1 ez-toc-heading-level-3'><a class=\"ez-toc-link ez-toc-heading-9\" href=\"https:\/\/www.turna.com\/blog\/namibyada-yapilacak-seyler\/#8_kunene_fillerini_gorun\" >8. Kunene fillerini\u00a0g\u00f6r\u00fcn<\/a><\/li><li class='ez-toc-page-1 ez-toc-heading-level-3'><a class=\"ez-toc-link ez-toc-heading-10\" href=\"https:\/\/www.turna.com\/blog\/namibyada-yapilacak-seyler\/#9_kaokolandda_himbalar_ile_tanisin\" >9. Kaokoland\u2019da Himbalar ile tan\u0131\u015f\u0131n<\/a><\/li><li class='ez-toc-page-1 ez-toc-heading-level-3'><a class=\"ez-toc-link ez-toc-heading-11\" href=\"https:\/\/www.turna.com\/blog\/namibyada-yapilacak-seyler\/#10_damaralandda_siyah_gergedanlarin_izini_surun\" >10. Damaraland\u2019da siyah gergedanlar\u0131n izini s\u00fcr\u00fcn<\/a><\/li><\/ul><\/li><\/ul><\/nav><\/div>\n\r\n<p>G\u00fcney Afrika \u00fclkelerinden <strong><a href=\"https:\/\/www.turna.com\/blog\/ulkeler\/afrika\/namibya\" target=\"_blank\" rel=\"noreferrer noopener\" aria-label=\"Namibya (yeni sekmede a\u00e7\u0131l\u0131r)\">Namibya<\/a><\/strong>, kuzeyinde Zambiya ve Angola, do\u011fusunda Botswana, g\u00fcney ve do\u011fusunda G\u00fcney Afrika Cumhuriyeti ile kom\u015fu. G\u00fcney Afrika co\u011frafyas\u0131nda son y\u0131llarda artan turist say\u0131s\u0131yla dikkat \u00e7eken \u00fclkede \u00e7ok say\u0131da gezilecek g\u00f6r\u00fclecek nokta bulunuyor.<\/p>\r\n\r\n\r\n\r\n<h2 class=\"wp-block-heading\"><span class=\"ez-toc-section\" id=\"namibyada_yapilacak_seyler\"><\/span><strong>Namibya&#8217;da Yap\u0131lacak \u015eeyler<\/strong><span class=\"ez-toc-section-end\"><\/span><\/h2>\r\n\r\n\r\n\r\n<h3 class=\"wp-block-heading\"><span class=\"ez-toc-section\" id=\"1_luderitzi_kesfedin\"><\/span><strong>1. L\u00fcderitz\u2019i ke\u015ffedin<\/strong><span class=\"ez-toc-section-end\"><\/span><\/h3>\r\n<p><img width=\"800\" height=\"500\" data-public-id=\"Luderitz-Namibya_daeqeh\/Luderitz-Namibya_daeqeh.jpg\" fetchpriority=\"high\" decoding=\"async\" class=\"alignnone wp-post-15350 wp-image-15353\" src=\"https:\/\/res.cloudinary.com\/turna\/images\/w_800,h_500,c_scale\/f_auto,q_auto:low\/v1547932295\/Luderitz-Namibya_daeqeh\/Luderitz-Namibya_daeqeh.jpg?_i=AA\" data-format=\"jpg\" data-transformations=\"f_auto,q_auto:low\" data-version=\"1547932295\" data-seo=\"1\" \/><\/p>\r\n\r\n\r\n\r\n\r\n\r\n<p>Namib \u00c7\u00f6l\u00fc ile Atlantik Denizi aras\u0131nda kalan L\u00fcderitz\u2019in muhte\u015fem bir atmosferi bulunuyor. Yasakl\u0131 b\u00f6lge olan Sperrgebiet\u2019in de kap\u0131s\u0131 olmas\u0131n\u0131n yan\u0131nda tipik Alman ekol\u00fc olan Art Deco mimarisini ve Bavarya tarz\u0131 kafe ve barlar\u0131 g\u00fcn\u00fcm\u00fczde halen \u00e7ok iyi bir \u015fekilde koruyor. Hemen yan\u0131ndaki L\u00fcderitz yar\u0131madas\u0131 da dev flamingo s\u00fcr\u00fclerini g\u00f6rmek isteyenler i\u00e7in mutlaka ziyaret edilmesi gereken bir yer.<\/p>\r\n\r\n\r\n\r\n<p>L\u00fcderitz\u2019in 14 km g\u00fcneyinde kalan b\u00f6lge foklar\u0131n ve deniz ku\u015flar\u0131n\u0131n yo\u011fun olarak ya\u015fad\u0131\u011f\u0131 Diaz Point, Bartolomeu Diaz\u2019\u0131n 1488\u2019de buraya geldi\u011fini sembolize eden dikili bir ha\u00e7 ile biliniyor.<\/p>\r\n<p><a href=\"https:\/\/www.turna.com\/ucak-bileti\/namibya\" target=\"_blank\" rel=\"noopener noreferrer\"><strong>Namibya u\u00e7ak bileti<\/strong><\/a> se\u00e7eneklerine g\u00f6z at\u0131n.<\/p>\r\n\r\n\r\n\r\n<h3 class=\"wp-block-heading\"><span class=\"ez-toc-section\" id=\"2_caprivi_seridinde_kus_gozlemciligi\"><\/span><strong>2. Caprivi \u015eeridi&#8217;nde ku\u015f g\u00f6zlemcili\u011fi<\/strong><span class=\"ez-toc-section-end\"><\/span><\/h3>\r\n\r\n\r\n\r\n<p>Ku\u015f g\u00f6zlemcili\u011fi s\u00f6z konusu oldu\u011funda Afrika\u2019n\u0131n en iyi ilk 10 b\u00f6lgesinden biri olan Caprivi Strip, tropik ya\u011fmur ormanlar\u0131, ye\u015fil tepeleri, nehirleri ile \u00f6ne \u00e7\u0131k\u0131yor. Sonu\u00e7 olarak 339\u2019dan fazla ku\u015f t\u00fcr\u00fcn\u00fcn yan\u0131nda sadece bu b\u00f6lgede bulunan baz\u0131 \u00f6zel ku\u015f t\u00fcrlerine de ev sahipli\u011fi yap\u0131yor. Ku\u015flar\u0131n d\u0131\u015f\u0131nda g\u00f6rebilece\u011finiz hipopotamlar, timsahlar, aslanlar, z\u00fcrafalar ve \u00e7e\u015fit \u00e7e\u015fit antiloplar da bulunuyor.<\/p>\r\n\r\n\r\n\r\n<h3 class=\"wp-block-heading\"><span class=\"ez-toc-section\" id=\"3_sossusvlei_kum_tepelerine_tirmanin\"><\/span><strong>3. Sossusvlei Kum Tepeleri&#8217;ne t\u0131rman\u0131n<\/strong><span class=\"ez-toc-section-end\"><\/span><\/h3>\r\n\r\n\r\n\r\n<p>Sesriem-Sossusvlei yolu \u00fczerinde bulunan bu devasa kum tepesi \u00e7ok yorucu olabilir ancak tepesinden g\u00f6rece\u011finiz manzara \u00e7ekilecek t\u00fcm yorgunlu\u011fa de\u011fecek nitelikte. Hayat\u0131n\u0131z boyunca belki de bir kere yapaca\u011f\u0131n\u0131z bu aktivite i\u00e7in sabah erken \u00e7\u0131kman\u0131z gerekiyor zira g\u00fcn bat\u0131m\u0131ndan \u00f6nce t\u0131rmanman\u0131z gereken 61 kum tepesi bulunuyor. G\u00fcne\u015f y\u00fckseldik\u00e7e devasa tepeler \u015fekil ve renk de\u011fi\u015ftirmeye ba\u015fl\u0131yor. Bu sahne ola\u011fan\u00fcst\u00fc \u015fekilde b\u00fcy\u00fcleyici bir g\u00f6r\u00fcnt\u00fc sergiliyor. Hemen yan\u0131nda bulunan Dead Vlei\u2019ye giderek \u00e7ok ilgin\u00e7 do\u011fal olu\u015fumlar\u0131 da ziyaret edebilirsiniz.<\/p>\r\n\r\n\r\n\r\n<h3 class=\"wp-block-heading\"><span class=\"ez-toc-section\" id=\"4_africat_vakfi_ile_calisin\"><\/span><strong>4. AfriCat Vakf\u0131 ile \u00e7al\u0131\u015f\u0131n<\/strong><span class=\"ez-toc-section-end\"><\/span><\/h3>\r\n<p><img width=\"800\" height=\"500\" data-public-id=\"AfriCat-_awhgkj\/AfriCat-_awhgkj.jpg\" decoding=\"async\" class=\"alignnone wp-post-15350 wp-image-15354\" src=\"https:\/\/res.cloudinary.com\/turna\/images\/w_800,h_500,c_scale\/f_auto,q_auto:low\/v1547932300\/AfriCat-_awhgkj\/AfriCat-_awhgkj.jpg?_i=AA\" data-format=\"jpg\" data-transformations=\"f_auto,q_auto:low\" data-version=\"1547932300\" data-seo=\"1\" \/><\/p>\r\n\r\n\r\n\r\n<p>Kar amac\u0131 g\u00fctmeyen bu iyile\u015ftirme merkezi Afrika\u2019da yard\u0131ma muhta\u00e7 olan \u00e7italar\u0131, leoparlar\u0131, aslanlar\u0131 ve nesli t\u00fckenmekte olan vah\u015fi k\u00f6pekleri yakalay\u0131p tedavi edip tekrar do\u011faya sal\u0131yor. Gece kalmak isteyen ziyaret\u00e7iler i\u00e7in \u00e7ok l\u00fcks bir konaklama hizmeti de sunuyor. Dilerseniz iyile\u015ftirilen y\u00fcr\u00fcyerek \u00e7italar\u0131 takip etmek, s\u0131rtlanlar\u0131 bulmak ve leopar safarilerine ara\u00e7 i\u00e7erisinde \u00e7\u0131kmak gibi etkinliklere de kat\u0131labilirsiniz.<\/p>\r\n\r\n\r\n\r\n<h3 class=\"wp-block-heading\"><span class=\"ez-toc-section\" id=\"5_swakopmundda_yemek_yiyin\"><\/span><strong>5. Swakopmund\u2019da yemek yiyin<\/strong><span class=\"ez-toc-section-end\"><\/span><\/h3>\r\n\r\n\r\n\r\n<p>Buras\u0131 Namibya\u2019n\u0131n en \u00e7ekici kenti ve tatil b\u00f6lgesine en \u00e7ok benzeyen yer. Avrupa ile g\u00fc\u00e7l\u00fc ba\u011flar\u0131 yeni sanat mimarisi ve bir\u00e7ok sokak kafeleri ile kendini belli ediyor. \u015eehir merkezi ve etraf\u0131nda g\u00f6rebilece\u011finiz bir\u00e7ok yer ve kat\u0131labilece\u011finiz aktiviteler bulunuyor. Almanlar taraf\u0131ndan bulunan \u015fehir sadece Duesseldorf\u2019un \u00e7\u00f6ldeki hali de\u011fil ayn\u0131 zamanda yemeklerinin de ayn\u0131lar\u0131n\u0131n yap\u0131ld\u0131\u011f\u0131 bir yer. Sonu\u00e7 olarak Afrika\u2019da yemek yiyebilece\u011finiz en g\u00fczel yerlerden biri.<\/p>\r\n\r\n\r\n\r\n<h3 class=\"wp-block-heading\"><span class=\"ez-toc-section\" id=\"6_cape_crossda_foklari_izleyin\"><\/span><strong>6. Cape Cross\u2019da foklar\u0131 izleyin<\/strong><span class=\"ez-toc-section-end\"><\/span><\/h3>\r\n\r\n\r\n\r\n<p>Walvis koyunun k\u0131y\u0131lar\u0131 devasa bir fok kolonisine ev sahipli\u011fi yap\u0131yor. Kas\u0131m aylar\u0131nda bir\u00e7ok yavru foku annelerinin etraf\u0131nda ko\u015ftururken g\u00f6rebilirsiniz. Swakopmund\u2019tan organize edilebilen turlara kat\u0131l\u0131p \u00e7ok g\u00fczel bir deneyimin par\u00e7as\u0131 olabilirsiniz. Walvis Bay&#8217;in yan\u0131 ba\u015f\u0131nda yer alan ve ismini 15.\u00a0y\u00fczy\u0131lda Portekizli k\u00e2\u015fiflerin dikti\u011fi bir ha\u00e7 heykelinden alan\u00a0<strong>Cape Cross<\/strong>, d\u00fcnyan\u0131n en b\u00fcy\u00fck k\u00fcrkl\u00fc fok kolonilerinden birine sahip.\u00a0T\u00fcm bu \u00e7evre 1968&#8217;de bilinen 23 farkl\u0131 k\u00fcrkl\u00fc fok kolonisini korumak i\u00e7in kontrol alt\u0131na al\u0131nd\u0131. Kas\u0131m-aral\u0131k aylar\u0131nda \u00fcreme mevsimi oldu\u011fundan dolay\u0131 yakla\u015f\u0131k 150 bin fok Cape Cross&#8217;ta toplan\u0131yor.<\/p>\r\n\r\n\r\n\r\n<h3 class=\"wp-block-heading\"><span class=\"ez-toc-section\" id=\"7_iskelet_sahilini_gezin\"><\/span><strong>7. \u0130skelet Sahili&#8217;ni gezin<\/strong><span class=\"ez-toc-section-end\"><\/span><\/h3>\r\n\r\n\r\n\r\n<p>\u0130skelet Sahili, \u0131ss\u0131zl\u0131\u011f\u0131, harika bir ekolojiye sahip olmas\u0131 ve korkutucu gemi enkazlar\u0131 ile t\u00fcm d\u00fcnyada bilinen bir nokta. Ayr\u0131ca \u00e7ok ilgin\u00e7 akik ta\u015f\u0131 co\u011frafi olu\u015fumlar\u0131na da sahip ve bu olu\u015fumlar Hoarusib Kanyonunun karakteristiklerini ta\u015f\u0131yor. K\u00f6t\u00fc ismine ra\u011fmen \u0130skele sahili \u00e7arp\u0131c\u0131 \u015fekilde g\u00fczel. Ugab nehri boyunca \u00e7\u0131kaca\u011f\u0131n\u0131z \u00fc\u00e7 g\u00fcnl\u00fck bir y\u00fcr\u00fcy\u00fc\u015f yolunda kar\u015f\u0131n\u0131za \u00e7\u00f6l iklimine ayak uydurmu\u015f ve burada ya\u015famay\u0131 ba\u015farm\u0131\u015f welwitschia (Meryem Ana eli), lithop ve ta\u015f mantar\u0131 gibi bir\u00e7ok ilgin\u00e7 bitki ile kar\u015f\u0131la\u015facaks\u0131n\u0131z. T\u00fcyler \u00fcrpertici gemi mezarl\u0131\u011f\u0131 ise t\u00fcm sahil boyunca uzan\u0131yor ve hepsini yak\u0131ndan inceleyebilirsiniz.<\/p>\r\n\r\n\r\n\r\n<h3 class=\"wp-block-heading\"><span class=\"ez-toc-section\" id=\"8_kunene_fillerini_gorun\"><\/span><strong>8. Kunene fillerini\u00a0g\u00f6r\u00fcn<\/strong><span class=\"ez-toc-section-end\"><\/span><\/h3>\r\n<p><img width=\"800\" height=\"500\" data-public-id=\"Kunene-Filleri_zpxmen\/Kunene-Filleri_zpxmen.jpg\" decoding=\"async\" class=\"alignnone wp-post-15350 wp-image-15355\" src=\"https:\/\/res.cloudinary.com\/turna\/images\/w_800,h_500,c_scale\/f_auto,q_auto:low\/v1547932300\/Kunene-Filleri_zpxmen\/Kunene-Filleri_zpxmen.jpg?_i=AA\" data-format=\"jpg\" data-transformations=\"f_auto,q_auto:low\" data-version=\"1547932300\" data-seo=\"1\" \/>1980&#8217;li y\u0131llarda Namibya\u2019da 3000&#8217;den fazla fil ya\u015f\u0131yordu ancak bunlar avc\u0131 ve ka\u00e7ak\u00e7\u0131lar taraf\u0131ndan \u00f6ld\u00fcr\u00fcld\u00fc. Yerel korumac\u0131lar\u0131n \u00fcst\u00fcn u\u011fra\u015flar\u0131 sayesinde bu rakam \u015fu anda 600 civar\u0131nda kald\u0131. G\u00f6n\u00fcll\u00fc olarak yard\u0131m etmek isteyenler i\u00e7in Elephant Human Relations Aid ad\u0131nda bir kurulu\u015f isteyenlere bu imk\u00e2n\u0131 sunuyor.<\/p>\r\n\r\n\r\n\r\n\r\n\r\n<h3 class=\"wp-block-heading\"><span class=\"ez-toc-section\" id=\"9_kaokolandda_himbalar_ile_tanisin\"><\/span><strong>9. Kaokoland\u2019da Himbalar ile tan\u0131\u015f\u0131n<\/strong><span class=\"ez-toc-section-end\"><\/span><\/h3>\r\n\r\n\r\n\r\n<p>Namibya\u2019n\u0131n kuzeyindeki Kaokoland da bulunan Himbalar yar\u0131 g\u00f6\u00e7ebe bir topluluk. Kabile gelenekleri ve \u00e7\u00f6lde hayatta kalma tekniklerini \u00e7ok iyi bilen bu topluluk ar\u0131 kovan\u0131na benzeyen \u00e7amur evlerde ya\u015f\u0131yorlar. \u00c7ok s\u0131cakkanl\u0131 ve e\u011flenceli bir k\u00fclt\u00fcre sahipler, mutlaka ya\u015fanmas\u0131 gereken bir deneyim.<\/p>\r\n\r\n\r\n\r\n<h3 class=\"wp-block-heading\"><span class=\"ez-toc-section\" id=\"10_damaralandda_siyah_gergedanlarin_izini_surun\"><\/span><strong>10. Damaraland\u2019da siyah gergedanlar\u0131n izini s\u00fcr\u00fcn<\/strong><span class=\"ez-toc-section-end\"><\/span><\/h3>\r\n<p><img width=\"800\" height=\"500\" data-public-id=\"Damaraland_xnltbn\/Damaraland_xnltbn.jpg\" loading=\"lazy\" decoding=\"async\" class=\"alignnone wp-post-15350 wp-image-15356\" src=\"data:image\/svg+xml;base64,PHN2ZyB4bWxucz0iaHR0cDovL3d3dy53My5vcmcvMjAwMC9zdmciIHdpZHRoPSI4MDAiIGhlaWdodD0iNTAwIj48cmVjdCB3aWR0aD0iMTAwJSIgaGVpZ2h0PSIxMDAlIj48YW5pbWF0ZSBhdHRyaWJ1dGVOYW1lPSJmaWxsIiB2YWx1ZXM9InJnYmEoMTUzLDE1MywxNTMsMC41KTtyZ2JhKDE1MywxNTMsMTUzLDAuMSk7cmdiYSgxNTMsMTUzLDE1MywwLjUpIiBkdXI9IjJzIiByZXBlYXRDb3VudD0iaW5kZWZpbml0ZSIgLz48L3JlY3Q+PC9zdmc+\" data-format=\"jpg\" data-transformations=\"f_auto,q_auto:low\" data-version=\"1547932293\" data-seo=\"1\" data-size=\"800 500\" data-delivery=\"upload\" onload=\";window.CLDBind?CLDBind(this):null;\" data-cloudinary=\"lazy\" \/><\/p>\r\n\r\n\r\n\r\n<p>D\u00fcnyada yok olma tehlikesiyle kar\u015f\u0131 kar\u015f\u0131ya olan en ender t\u00fcrlerden biri olan siyah gergedanlar Namibya\u2019da koruma alt\u0131na al\u0131nm\u0131\u015f durumda. Burada koruma alt\u0131na almaya \u00e7al\u0131\u015fanlar\u0131n ve ka\u00e7ak avc\u0131lara kar\u015f\u0131 uygulanan cayd\u0131r\u0131c\u0131 cezalar\u0131n \u00f6nemi \u00e7ok b\u00fcy\u00fck. Bol kayal\u0131kl\u0131 bir yer olan Damaraland \u00e7\u00f6l iklimine uyum sa\u011flam\u0131\u015f bir do\u011faya sahip. E\u011fer dilerseniz halen s\u00fcrmekte olan ve hayvanlar\u0131 ka\u00e7ak avc\u0131lardan korumaya y\u00f6nelik programlara kat\u0131labilir ve destek olabilirsiniz.<\/p>\r\n\n    <div class=\"xs_social_share_widget xs_share_url after_content \t\tmain_content  wslu-style-1 wslu-share-box-shaped wslu-fill-colored wslu-none wslu-share-horizontal wslu-theme-font-no wslu-main_content\">\n\n\t\t\n        <ul>\n\t\t\t        <\/ul>\n    <\/div> \n","protected":false},"excerpt":{"rendered":"<p>G\u00fcney Afrika \u00fclkelerinden Namibya, kuzeyinde Zambiya ve Angola, do\u011fusunda Botswana, g\u00fcney ve do\u011fusunda G\u00fcney Afrika Cumhuriyeti ile kom\u015fu. G\u00fcney Afrika co\u011frafyas\u0131nda son y\u0131llarda artan turist say\u0131s\u0131yla dikkat \u00e7eken \u00fclkede \u00e7ok say\u0131da gezilecek g\u00f6r\u00fclecek nokta bulunuyor. Namibya&#8217;da Yap\u0131lacak \u015eeyler 1. L\u00fcderitz\u2019i ke\u015ffedin Namib \u00c7\u00f6l\u00fc ile Atlantik Denizi aras\u0131nda kalan L\u00fcderitz\u2019in muhte\u015fem bir atmosferi bulunuyor. Yasakl\u0131 b\u00f6lge [&hellip;]<\/p>\n","protected":false},"author":8,"featured_media":15353,"comment_status":"open","ping_status":"open","sticky":false,"template":"","format":"standard","meta":{"rop_custom_images_group":[],"rop_custom_messages_group":[],"rop_publish_now":"initial","rop_publish_now_accounts":[],"rop_publish_now_history":[],"rop_publish_now_status":"pending","_cloudinary_featured_overwrite":false,"footnotes":""},"categories":[1086],"tags":[921],"class_list":["post-15350","post","type-post","status-publish","format-standard","has-post-thumbnail","hentry","category-namibya","tag-namibya"],"_links":{"self":[{"href":"https:\/\/www.turna.com\/blog\/wp-json\/wp\/v2\/posts\/15350","targetHints":{"allow":["GET"]}}],"collection":[{"href":"https:\/\/www.turna.com\/blog\/wp-json\/wp\/v2\/posts"}],"about":[{"href":"https:\/\/www.turna.com\/blog\/wp-json\/wp\/v2\/types\/post"}],"author":[{"embeddable":true,"href":"https:\/\/www.turna.com\/blog\/wp-json\/wp\/v2\/users\/8"}],"replies":[{"embeddable":true,"href":"https:\/\/www.turna.com\/blog\/wp-json\/wp\/v2\/comments?post=15350"}],"version-history":[{"count":0,"href":"https:\/\/www.turna.com\/blog\/wp-json\/wp\/v2\/posts\/15350\/revisions"}],"wp:featuredmedia":[{"embeddable":true,"href":"https:\/\/www.turna.com\/blog\/wp-json\/wp\/v2\/media\/15353"}],"wp:attachment":[{"href":"https:\/\/www.turna.com\/blog\/wp-json\/wp\/v2\/media?parent=15350"}],"wp:term":[{"taxonomy":"category","embeddable":true,"href":"https:\/\/www.turna.com\/blog\/wp-json\/wp\/v2\/categories?post=15350"},{"taxonomy":"post_tag","embeddable":true,"href":"https:\/\/www.turna.com\/blog\/wp-json\/wp\/v2\/tags?post=15350"}],"curies":[{"name":"wp","href":"https:\/\/api.w.org\/{rel}","templated":true}]}}