{"id":15296,"date":"2021-11-16T08:32:00","date_gmt":"2021-11-16T05:32:00","guid":{"rendered":"https:\/\/www.turna.com\/blog\/?p=15296"},"modified":"2024-09-12T10:58:10","modified_gmt":"2024-09-12T07:58:10","slug":"selcuk-gezilecek-yerler","status":"publish","type":"post","link":"https:\/\/www.turna.com\/blog\/selcuk-gezilecek-yerler","title":{"rendered":"Sel\u00e7uk Gezilecek Yerler"},"content":{"rendered":"<div id=\"ez-toc-container\" class=\"ez-toc-v2_0_82_2 counter-hierarchy ez-toc-counter ez-toc-black ez-toc-container-direction\">\n<div class=\"ez-toc-title-container\">\n<p class=\"ez-toc-title\" style=\"cursor:inherit\">\u0130\u00e7indekiler<\/p>\n<span class=\"ez-toc-title-toggle\"><a href=\"#\" class=\"ez-toc-pull-right ez-toc-btn ez-toc-btn-xs ez-toc-btn-default ez-toc-toggle\" aria-label=\"\u0130\u00e7indekiler Tablosunu A\u00e7\/Kapat\"><span class=\"ez-toc-js-icon-con\"><span class=\"\"><span class=\"eztoc-hide\" style=\"display:none;\">Toggle<\/span><span class=\"ez-toc-icon-toggle-span\"><svg style=\"fill: #ffffff;color:#ffffff\" xmlns=\"http:\/\/www.w3.org\/2000\/svg\" class=\"list-377408\" width=\"20px\" height=\"20px\" viewBox=\"0 0 24 24\" fill=\"none\"><path d=\"M6 6H4v2h2V6zm14 0H8v2h12V6zM4 11h2v2H4v-2zm16 0H8v2h12v-2zM4 16h2v2H4v-2zm16 0H8v2h12v-2z\" fill=\"currentColor\"><\/path><\/svg><svg style=\"fill: #ffffff;color:#ffffff\" class=\"arrow-unsorted-368013\" xmlns=\"http:\/\/www.w3.org\/2000\/svg\" width=\"10px\" height=\"10px\" viewBox=\"0 0 24 24\" version=\"1.2\" baseProfile=\"tiny\"><path d=\"M18.2 9.3l-6.2-6.3-6.2 6.3c-.2.2-.3.4-.3.7s.1.5.3.7c.2.2.4.3.7.3h11c.3 0 .5-.1.7-.3.2-.2.3-.5.3-.7s-.1-.5-.3-.7zM5.8 14.7l6.2 6.3 6.2-6.3c.2-.2.3-.5.3-.7s-.1-.5-.3-.7c-.2-.2-.4-.3-.7-.3h-11c-.3 0-.5.1-.7.3-.2.2-.3.5-.3.7s.1.5.3.7z\"\/><\/svg><\/span><\/span><\/span><\/a><\/span><\/div>\n<nav><ul class='ez-toc-list ez-toc-list-level-1 eztoc-toggle-hide-by-default' ><li class='ez-toc-page-1 ez-toc-heading-level-2'><a class=\"ez-toc-link ez-toc-heading-1\" href=\"https:\/\/www.turna.com\/blog\/selcuk-gezilecek-yerler\/#selcuk_gezilecek_yerler\" >Sel\u00e7uk Gezilecek Yerler<\/a><ul class='ez-toc-list-level-3' ><li class='ez-toc-heading-level-3'><a class=\"ez-toc-link ez-toc-heading-2\" href=\"https:\/\/www.turna.com\/blog\/selcuk-gezilecek-yerler\/#1_selcukun_taci_ayasuluk_kalesi\" >1. Sel\u00e7uk\u2019un tac\u0131 Ayasuluk Kalesi<\/a><\/li><li class='ez-toc-page-1 ez-toc-heading-level-3'><a class=\"ez-toc-link ez-toc-heading-3\" href=\"https:\/\/www.turna.com\/blog\/selcuk-gezilecek-yerler\/#2_antik_dunyanin_7_harikasindan_artemis_kutsal_alani\" >2. Antik d\u00fcnyan\u0131n 7 harikas\u0131ndan Artemis Kutsal Alan\u0131<\/a><\/li><li class='ez-toc-page-1 ez-toc-heading-level-3'><a class=\"ez-toc-link ez-toc-heading-4\" href=\"https:\/\/www.turna.com\/blog\/selcuk-gezilecek-yerler\/#3_antik_dunyanin_mega_kenti_efes\" >3. Antik d\u00fcnyan\u0131n mega kenti Efes<\/a><\/li><li class='ez-toc-page-1 ez-toc-heading-level-3'><a class=\"ez-toc-link ez-toc-heading-5\" href=\"https:\/\/www.turna.com\/blog\/selcuk-gezilecek-yerler\/#4_meryem_ana_evi\" >4. Meryem Ana Evi<\/a><\/li><li class='ez-toc-page-1 ez-toc-heading-level-3'><a class=\"ez-toc-link ez-toc-heading-6\" href=\"https:\/\/www.turna.com\/blog\/selcuk-gezilecek-yerler\/#5_incil_yazari_st_johnun_adina_yapilan_bazilika\" >5. \u0130ncil Yazar\u0131 St. John\u2019un ad\u0131na yap\u0131lan bazilika<\/a><\/li><li class='ez-toc-page-1 ez-toc-heading-level-3'><a class=\"ez-toc-link ez-toc-heading-7\" href=\"https:\/\/www.turna.com\/blog\/selcuk-gezilecek-yerler\/#6_hristiyanin_hikayesi_yedi_uyuyanlar_magarasi\" >6. Hristiyan\u2019\u0131n hikayesi Yedi Uyuyanlar Ma\u011faras\u0131<\/a><\/li><li class='ez-toc-page-1 ez-toc-heading-level-3'><a class=\"ez-toc-link ez-toc-heading-8\" href=\"https:\/\/www.turna.com\/blog\/selcuk-gezilecek-yerler\/#7_anadolu_cami_mimarisinin_en_guzel_orneklerinden_isa_bey_cami\" >7. Anadolu cami mimarisinin en g\u00fczel \u00f6rneklerinden \u0130sa Bey Cami<\/a><\/li><li class='ez-toc-page-1 ez-toc-heading-level-3'><a class=\"ez-toc-link ez-toc-heading-9\" href=\"https:\/\/www.turna.com\/blog\/selcuk-gezilecek-yerler\/#8_turkiyenin_en_degerli_muzelerinden_efes_arkeoloji_muzesi\" >8. T\u00fcrkiye\u2019nin en de\u011ferli m\u00fczelerinden Efes Arkeoloji M\u00fczesi<\/a><\/li><li class='ez-toc-page-1 ez-toc-heading-level-3'><a class=\"ez-toc-link ez-toc-heading-10\" href=\"https:\/\/www.turna.com\/blog\/selcuk-gezilecek-yerler\/#9_efesin_kumsali_pamucak_plaji\" >9. Efes\u2019in kumsal\u0131 Pamucak Plaj\u0131<\/a><\/li><li class='ez-toc-page-1 ez-toc-heading-level-3'><a class=\"ez-toc-link ez-toc-heading-11\" href=\"https:\/\/www.turna.com\/blog\/selcuk-gezilecek-yerler\/#10_egenin_en_sirin_koyu_sirince\" >10. Ege&#8217;nin en \u015firin k\u00f6y\u00fc \u015eirince<\/a><\/li><li class='ez-toc-page-1 ez-toc-heading-level-3'><a class=\"ez-toc-link ez-toc-heading-12\" href=\"https:\/\/www.turna.com\/blog\/selcuk-gezilecek-yerler\/#selcuka_nasil_gidilir\" >Sel\u00e7uk\u2019a nas\u0131l gidilir<\/a><\/li><\/ul><\/li><\/ul><\/nav><\/div>\n\n<p>\u0130zmir\u2019in <strong>Sel\u00e7uk<\/strong> il\u00e7esi 9 bini y\u0131l\u0131 a\u015fk\u0131n s\u00fcredir ya\u015fam\u0131n kesintisiz s\u00fcrd\u00fc\u011f\u00fc \u00e7ok \u00f6zel bir co\u011frafya. Neolitik d\u00f6nemden Helenistik d\u00f6neme, Roma d\u00f6neminden H\u0131ristiyanl\u0131\u011f\u0131n do\u011fu\u015funa ve onun kurumsalla\u015fmas\u0131na kadar olan s\u00fcre\u00e7te gerek kentle\u015fme ve mimarl\u0131k gerekse de dinsel tarih a\u00e7\u0131s\u0131ndan \u00e7ok \u00f6nemli rollere sahip oldu.<\/p>\n\n\n\n<p>Sel\u00e7uk, Yunan, Roma, Bizans, Sel\u00e7uklu d\u00f6nemlerinden kalma \u00e7ok zengin bir miras\u0131n sahibi. D\u00fcnyan\u0131n ba\u015fka hi\u00e7bir b\u00f6lgesinde bin y\u0131l boyunca \u00e7e\u015fitli k\u00fclt\u00fcrleri i\u00e7eren, benzer \u015fekilde ay\u0131rt edilmi\u015f bir yerle\u015fim modeli yok.<\/p>\n\n\n\n<figure class=\"wp-block-image size-full is-style-default\"><img width=\"800\" height=\"500\" data-public-id=\"selcuk-gezilecek-yerler\/selcuk-gezilecek-yerler.jpg\" fetchpriority=\"high\" decoding=\"async\" src=\"https:\/\/res.cloudinary.com\/turna\/images\/w_800,h_500,c_scale\/f_auto,q_auto:low\/v1637040187\/selcuk-gezilecek-yerler\/selcuk-gezilecek-yerler.jpg?_i=AA\" alt=\"Sel\u00e7uk gezilecek yerler\" class=\"wp-post-15296 wp-image-20210\" data-format=\"jpg\" data-transformations=\"f_auto,q_auto:low\" data-version=\"1637040187\" data-seo=\"1\" srcset=\"https:\/\/res.cloudinary.com\/turna\/images\/f_auto,q_auto:low\/v1637040187\/selcuk-gezilecek-yerler\/selcuk-gezilecek-yerler.jpg?_i=AA 800w, https:\/\/res.cloudinary.com\/turna\/images\/w_300,h_188,c_scale\/f_auto,q_auto:low\/v1637040187\/selcuk-gezilecek-yerler\/selcuk-gezilecek-yerler.jpg?_i=AA 300w, https:\/\/res.cloudinary.com\/turna\/images\/w_672,h_420,c_scale\/f_auto,q_auto:low\/v1637040187\/selcuk-gezilecek-yerler\/selcuk-gezilecek-yerler.jpg?_i=AA 672w, https:\/\/res.cloudinary.com\/turna\/images\/w_640,h_400,c_scale\/f_auto,q_auto:low\/v1637040187\/selcuk-gezilecek-yerler\/selcuk-gezilecek-yerler.jpg?_i=AA 640w, https:\/\/res.cloudinary.com\/turna\/images\/w_681,h_426,c_scale\/f_auto,q_auto:low\/v1637040187\/selcuk-gezilecek-yerler\/selcuk-gezilecek-yerler.jpg?_i=AA 681w\" sizes=\"(max-width: 800px) 100vw, 800px\" \/><\/figure>\n\n\n\n<p>Sel\u00e7uk, \u015eirince, Efes Antik Kenti, Meryemana Evi, \u0130sabey Cami gibi bir\u00e7ok tarihi ve k\u00fclt\u00fcrel de\u011feri olan mirasa ev sahipli\u011fi yapan \u015firin bir il\u00e7e. \u00c7ok say\u0131da turistin ziyaret etti\u011fi ge\u00e7mi\u015fteki g\u00f6rkemli g\u00fcnler geride kalsa da Sel\u00e7uk, leyleklerin yuva yapt\u0131\u011f\u0131 s\u00fctunlu caddeleriyle g\u00f6rmeye de\u011fer.<\/p>\n\n\n\n<p><strong>\u0130zmir<\/strong>&#8216;in il\u00e7esi Sel\u00e7uk&#8217;ta k\u0131\u015f\u0131n 40 bin olan n\u00fcfus, yaz sezonunda 200 binlere ula\u015f\u0131yor. 10 bini a\u015fan yatak kapasitesiyle y\u0131l\u0131n her d\u00f6nemi turist gruplar\u0131n\u0131 a\u011f\u0131rlayan bu il\u00e7ede, her b\u00fct\u00e7eye uygun konaklama se\u00e7ene\u011fi bulunuyor.<\/p>\n\n\n\n<p>Sel\u00e7uk gezisi yapanlar\u0131n \u00e7o\u011fu Efes Antik Kenti ve \u015eirince K\u00f6y\u00fc d\u0131\u015f\u0131ndaki yerlere pek u\u011fram\u0131yor. Oysa co\u011frafya ilk \u00e7a\u011flardan g\u00fcn\u00fcm\u00fcze \u00e7ok de\u011ferli hazineleri bir arada sunuyor. Hristiyanl\u0131\u011f\u0131n en \u00f6nemli azizlerinden Aziz Yuhanna\u2019n\u0131n mezar\u0131 ve \u00fczerine yap\u0131lan St. Jean Bazilikas\u0131 Sel\u00e7uk\u2019un kalbinde yer al\u0131yor.<\/p>\n\n\n\n<p>Hemen yan\u0131 ba\u015f\u0131nda Antik d\u00fcnyan\u0131n 7 harikas\u0131ndan Artemis Tap\u0131na\u011f\u0131 ve Anadolu cami mimarisinin en g\u00fczel \u00f6rneklerinden \u0130sa Bey Camii var. Hz. \u0130sa \u00f6ld\u00fckten sonra Efes&#8217;e geldi\u011fi d\u00fc\u015f\u00fcn\u00fclen Meryem Ana\u2019n\u0131n hayat\u0131n\u0131n son y\u0131llar\u0131n\u0131 ya\u015fad\u0131\u011f\u0131 Meryem Ana Evi yine Sel\u00e7uk\u2019ta. Her biri \u00e7ok de\u011ferli ve bug\u00fcn hepsi de UNESCO D\u00fcnya Miras\u0131 Listesi&#8217;nde.<\/p>\n\n\n\n<p>Tarihi ve k\u00fclt\u00fcrel alanlar\u0131n yan\u0131 s\u0131ra T\u00fcrkiye&#8217;nin en uzun plajlar\u0131ndan, 11 km&#8217;lik kumsal\u0131yla Pamucak Plaj\u0131, deniz-kum ve g\u00fcne\u015f arayanlar\u0131n tercihi. Sel\u00e7uk il\u00e7e merkezine 8 km mesafede yer alan plaj, yerli ve yabanc\u0131 turistlerin rotas\u0131nda.<\/p>\n\n\n\n<p>Sel\u00e7uk, ba\u015fta Efes olmak \u00fczere Didim, Milet, Priene gibi kentlere yak\u0131nl\u0131\u011f\u0131 nedeniyle tarihe merakl\u0131 turistlerin odak noktas\u0131nda yer al\u0131yor.<\/p>\n\n\n\n<p>Avrupa&#8217;n\u0131n en iyi su parklar\u0131 aras\u0131nda g\u00f6sterilen Aqua Fantasy Aquapark ve Adaland Aquapark da e\u015fsiz bir deneyim sunuyor.<\/p>\n\n\n\n<p>\u00c7evre ovalardan gelen do\u011fal tar\u0131m \u00fcr\u00fcnlerinin yer ald\u0131\u011f\u0131 pazar yerleri ile&nbsp;dikkat \u00e7eken \u015firin il\u00e7e, \u015feftali bah\u00e7eleri, zeytinlikleri, narenciye \u00fcr\u00fcnleri ile de ilgi g\u00f6r\u00fcyor. \u0130zmir&#8217;e sadece 73 km uzakl\u0131ktaki Sel\u00e7uk&#8217;ta, T\u00fcrkiye&#8217;nin en lezzetli \u00e7\u00f6p \u015fi\u015fi lokantalar\u0131 bulunuyor.<\/p>\n\n\n\n<p>Maya Takvimi&#8217;ne g\u00f6re k\u0131yamet koptu\u011funda ya\u015fam\u0131n devam edece\u011fi iki yerden biri olarak g\u00f6sterilen&nbsp;\u015eirince K\u00f6y\u00fc, Sel\u00e7uk s\u0131n\u0131rlar\u0131nda. Ev yap\u0131m\u0131 \u015faraplar\u0131, leziz g\u00f6zlemeleri ve butik ta\u015f otelleri ile \u015eirince, do\u011fa ile ba\u015f ba\u015fa kalmak isteyenleri cezbediyor.<\/p>\n\n\n\n<h2 class=\"wp-block-heading\"><span class=\"ez-toc-section\" id=\"selcuk_gezilecek_yerler\"><\/span><strong>Sel\u00e7uk Gezilecek Yerler<\/strong><span class=\"ez-toc-section-end\"><\/span><\/h2>\n\n\n\n<h3 class=\"wp-block-heading\"><span class=\"ez-toc-section\" id=\"1_selcukun_taci_ayasuluk_kalesi\"><\/span><strong>1. Sel\u00e7uk\u2019un tac\u0131 Ayasuluk Kalesi<\/strong><span class=\"ez-toc-section-end\"><\/span><\/h3>\n\n\n\n<figure class=\"wp-block-image is-style-default\"><img width=\"800\" height=\"500\" data-public-id=\"Selcuk-Izmir_v23qvj\/Selcuk-Izmir_v23qvj.jpg\" decoding=\"async\" src=\"https:\/\/res.cloudinary.com\/turna\/images\/w_800,h_500,c_scale\/f_auto,q_auto\/f_auto,q_auto:low\/v1547837325\/Selcuk-Izmir_v23qvj\/Selcuk-Izmir_v23qvj.jpg?_i=AA\" alt=\"\" class=\"wp-post-15296 wp-image-15297\" data-format=\"jpg\" data-transformations=\"f_auto,q_auto\/f_auto,q_auto:low\" data-version=\"1547837325\" data-seo=\"1\" srcset=\"https:\/\/res.cloudinary.com\/turna\/images\/f_auto,q_auto\/f_auto,q_auto\/f_auto,q_auto:low\/v1547837325\/Selcuk-Izmir_v23qvj\/Selcuk-Izmir_v23qvj.jpg?_i=AA 800w, https:\/\/res.cloudinary.com\/turna\/images\/w_300,h_188,c_scale\/f_auto,q_auto\/f_auto,q_auto\/f_auto,q_auto:low\/v1547837325\/Selcuk-Izmir_v23qvj\/Selcuk-Izmir_v23qvj.jpg?_i=AA 300w, https:\/\/res.cloudinary.com\/turna\/images\/w_672,h_420,c_scale\/f_auto,q_auto\/f_auto,q_auto\/f_auto,q_auto:low\/v1547837325\/Selcuk-Izmir_v23qvj\/Selcuk-Izmir_v23qvj.jpg?_i=AA 672w, https:\/\/res.cloudinary.com\/turna\/images\/w_640,h_400,c_scale\/f_auto,q_auto\/f_auto,q_auto\/f_auto,q_auto:low\/v1547837325\/Selcuk-Izmir_v23qvj\/Selcuk-Izmir_v23qvj.jpg?_i=AA 640w, https:\/\/res.cloudinary.com\/turna\/images\/w_681,h_426,c_scale\/f_auto,q_auto\/f_auto,q_auto\/f_auto,q_auto:low\/v1547837325\/Selcuk-Izmir_v23qvj\/Selcuk-Izmir_v23qvj.jpg?_i=AA 681w\" sizes=\"(max-width: 800px) 100vw, 800px\" \/><\/figure>\n\n\n\n<p><strong>Ayasuluk Tepesi<\/strong>&#8216;nde sur i\u00e7i alanda Kale K\u00f6\u015fk\u00fc, Kale Camii, konutlar, yollar, sarn\u0131\u00e7lar ve hamam kal\u0131nt\u0131lar\u0131 yer al\u0131yor. Tepenin sur d\u0131\u015f\u0131 kalan alan\u0131nda ise \u00e7ok de\u011ferli iki yap\u0131; \u0130sa\u2019n\u0131n havarisi Efesli Yohanna (St. Jean Thelogos) Bazilikas\u0131 ve Ayd\u0131no\u011fullar\u0131 d\u00f6neminde yap\u0131lan \u0130sa Bey Camii var. Gerek tarihi ve gerekse de k\u00fclt\u00fcrel a\u00e7\u0131dan \u00e7ok de\u011ferli miraslar.<\/p>\n\n\n\n<p>Ayasuluk Kalesi, b\u00f6lgenin en y\u00fcksek noktas\u0131 olan Ayasuluk Tepesi\u2019nde kurulu. Sel\u00e7uk\u2019un ba\u015f\u0131na konulmu\u015f bir ta\u00e7 gibi duruyor. Bizans, Ayd\u0131no\u011fullar\u0131 ve Osmanl\u0131 d\u00f6nemlerinden kalan hisar ve muhte\u015fem surlar taraf\u0131ndan \u00e7evrili. 15 kulesi, 2 kap\u0131s\u0131 var.<\/p>\n\n\n\n<p>Tek kubbeli ve minaresi k\u0131smen sa\u011flam kalabilmi\u015f Kale Camii, kale hamam\u0131, sarn\u0131\u00e7 gibi yap\u0131lar\u0131n durumu sa\u011flam. Co\u011frafyan\u0131n g\u00fczelli\u011fini ve tarihsel dokuyu yukar\u0131dan izlemek i\u00e7in enfes bir konumda. UNESCO Listesi&#8217;nde.<\/p>\n\n\n\n<h3 class=\"wp-block-heading\"><span class=\"ez-toc-section\" id=\"2_antik_dunyanin_7_harikasindan_artemis_kutsal_alani\"><\/span><strong>2.<\/strong> <strong>Antik d\u00fcnyan\u0131n 7 harikas\u0131ndan Artemis Kutsal Alan\u0131<\/strong><span class=\"ez-toc-section-end\"><\/span><\/h3>\n\n\n\n<p><strong>Artemis Tap\u0131na\u011f\u0131<\/strong>, Efeslilerin ilk yerle\u015fim yeri Ayasuluk Tepesi&#8217;nin hemen yan\u0131 ba\u015f\u0131nda. Efes\u2019in koruyucusu Tanr\u0131\u00e7a Artemis, en g\u00fc\u00e7l\u00fc ve etkili antik tanr\u0131\u00e7alardan biriydi. Tanr\u0131\u00e7aya ithafen Lidya Kral\u0131 Kroisos (Karun) taraf\u0131ndan yapt\u0131r\u0131lan Artemis Tap\u0131na\u011f\u0131, 100 metre uzunlu\u011fa, 60 metre geni\u015fli\u011fe ve 25 metre y\u00fcksekli\u011fe sahip devrin en g\u00f6rkemli tap\u0131na\u011f\u0131yd\u0131.<\/p>\n\n\n\n<p>\u00c7\u0131kan bir yang\u0131nda zarar g\u00f6ren yap\u0131 yeniden yap\u0131lm\u0131\u015f. G\u00fcn\u00fcm\u00fcze kadar yaln\u0131zca baz\u0131 temel kal\u0131nt\u0131lar\u0131 ve bir mermer s\u00fctunu ula\u015fm\u0131\u015f. Tap\u0131na\u011fa ait kabartmal\u0131 s\u00fctunlar, Arkaik s\u00fctun ba\u015fl\u0131klar\u0131ndan baz\u0131 par\u00e7alar bug\u00fcn British Museum\u2019da sergileniyor. UNESCO Listesi\u2019nde.<\/p>\n\n\n\n<h3 class=\"wp-block-heading\"><span class=\"ez-toc-section\" id=\"3_antik_dunyanin_mega_kenti_efes\"><\/span><strong>3.<\/strong> <strong>Antik d\u00fcnyan\u0131n mega kenti Efes<\/strong><span class=\"ez-toc-section-end\"><\/span><\/h3>\n\n\n\n<figure class=\"wp-block-image is-style-default\"><img width=\"800\" height=\"500\" data-public-id=\"Efes-Selcuk_ph18rg\/Efes-Selcuk_ph18rg.jpg\" decoding=\"async\" src=\"https:\/\/res.cloudinary.com\/turna\/images\/w_800,h_500,c_scale\/f_auto,q_auto\/f_auto,q_auto:low\/v1547837325\/Efes-Selcuk_ph18rg\/Efes-Selcuk_ph18rg.jpg?_i=AA\" alt=\"\" class=\"wp-post-15296 wp-image-15298\" data-format=\"jpg\" data-transformations=\"f_auto,q_auto\/f_auto,q_auto:low\" data-version=\"1547837325\" data-seo=\"1\" srcset=\"https:\/\/res.cloudinary.com\/turna\/images\/f_auto,q_auto\/f_auto,q_auto\/f_auto,q_auto:low\/v1547837325\/Efes-Selcuk_ph18rg\/Efes-Selcuk_ph18rg.jpg?_i=AA 800w, https:\/\/res.cloudinary.com\/turna\/images\/w_300,h_188,c_scale\/f_auto,q_auto\/f_auto,q_auto\/f_auto,q_auto:low\/v1547837325\/Efes-Selcuk_ph18rg\/Efes-Selcuk_ph18rg.jpg?_i=AA 300w, https:\/\/res.cloudinary.com\/turna\/images\/w_672,h_420,c_scale\/f_auto,q_auto\/f_auto,q_auto\/f_auto,q_auto:low\/v1547837325\/Efes-Selcuk_ph18rg\/Efes-Selcuk_ph18rg.jpg?_i=AA 672w, https:\/\/res.cloudinary.com\/turna\/images\/w_640,h_400,c_scale\/f_auto,q_auto\/f_auto,q_auto\/f_auto,q_auto:low\/v1547837325\/Efes-Selcuk_ph18rg\/Efes-Selcuk_ph18rg.jpg?_i=AA 640w, https:\/\/res.cloudinary.com\/turna\/images\/w_681,h_426,c_scale\/f_auto,q_auto\/f_auto,q_auto\/f_auto,q_auto:low\/v1547837325\/Efes-Selcuk_ph18rg\/Efes-Selcuk_ph18rg.jpg?_i=AA 681w\" sizes=\"(max-width: 800px) 100vw, 800px\" \/><\/figure>\n\n\n\n<p><strong>Efes<\/strong>, Akdeniz d\u00fcnyas\u0131n\u0131n en b\u00fcy\u00fck antik kentlerinden. B\u00fct\u00fcn\u00fcyle benzersiz, farkl\u0131 d\u00f6nemlerden en rafine, iyile\u015ftirilmi\u015f mimarl\u0131k ve kentsel planlama \u00f6rneklerine sahip. Bug\u00fcn gezilen Efes, B\u00fcy\u00fck \u0130skender\u2019in haleflerinden Lysimakhos taraf\u0131ndan, Panay\u0131r ile B\u00fclb\u00fcl da\u011flar\u0131 aras\u0131ndaki vadiye, M\u00d6 300 y\u0131llar\u0131nda kurulmu\u015f.<\/p>\n\n\n\n<p>D\u00f6nemin en b\u00fcy\u00fck limanlardan birine sahip olan Efes, M\u00d6 133\u2019te Roma topra\u011f\u0131na dahil edilmi\u015f. \u00d6nemli politik, ticari ve dini merkez olarak 5. ve 6. y\u00fczy\u0131llarda K\u00fc\u00e7\u00fck Asya eyaletinin ba\u015fkenti olmu\u015f. Hellenistik ve Roma \u00e7a\u011flar\u0131nda en g\u00f6rkemli d\u00f6nemlerini ya\u015fayan \u015fehrin n\u00fcfusu 200 bin ki\u015fiyi a\u015fm\u0131\u015f.<\/p>\n\n\n\n<p>Bug\u00fcn g\u00f6rd\u00fc\u011f\u00fcm\u00fcz kal\u0131nt\u0131lar\u0131n \u00e7o\u011fu Roma d\u00f6neminden kalma. MS 7. y\u00fczy\u0131lda, Bizans d\u00f6neminde Efes liman\u0131n\u0131n \u00e7amurla dolmas\u0131 sonucu Efesliler kentin ilk buluntular\u0131na rastlanan Ayasuluk Tepesi\u2019ne ta\u015f\u0131nm\u0131\u015f.<\/p>\n\n\n\n<p>Helenistik d\u00f6nemden Sel\u00e7uklu d\u00f6nemine kadar iyi korunmu\u015f Roma kenti Efes, modern zamanlarda \u00fczerine yeniden bir \u015feyler in\u015fa edilmemi\u015f tek mega kent. B\u00fct\u00fcn cadde ve sokaklar birbirini dik a\u00e7\u0131yla kesiyor.<\/p>\n\n\n\n<p>K\u00fc\u00e7\u00fck Asya\u2019n\u0131n kentli se\u00e7kin s\u0131n\u0131flar\u0131 taraf\u0131ndan yapt\u0131r\u0131lan Yama\u00e7 Evler\u2019in bug\u00fcnk\u00fc konumu \u00fcnl\u00fc Pompei ve Herculaneum kentleriyle kar\u015f\u0131la\u015ft\u0131r\u0131labilir d\u00fczeyde sa\u011flam. Celsus K\u00fct\u00fcphanesi, B\u00fcy\u00fck Tiyatro, Teras Evler g\u00f6r\u00fclmesi gereken de\u011ferli yerler. Ortalama bir Efes turu 3 saat civar\u0131 s\u00fcr\u00fcyor.<\/p>\n\n\n\n<h3 class=\"wp-block-heading\"><span class=\"ez-toc-section\" id=\"4_meryem_ana_evi\"><\/span><strong>4. Meryem Ana Evi<\/strong><span class=\"ez-toc-section-end\"><\/span><\/h3>\n\n\n\n<p><strong>Meryem Ana Evi<\/strong>, B\u00fclb\u00fcl Da\u011f\u0131&#8217;nda. Rivayete g\u00f6re, Alman rahibe A. Katherina Emerich\u2019in r\u00fcyas\u0131nda g\u00f6rd\u00fckleri ara\u015ft\u0131r\u0131larak 19. y\u00fczy\u0131lda ke\u015ffedilmi\u015f. Hz. Meryem\u2019in, Hz. \u0130sa\u2019n\u0131n annesi olarak kabul ve ilan edildi\u011fi bu evde St. John ile birlikte ya\u015fam\u0131n\u0131n son y\u0131llar\u0131n\u0131 ge\u00e7irdi\u011fine inan\u0131l\u0131yor.<\/p>\n\n\n\n<p>Bug\u00fcn buras\u0131 Hristiyanlar\u0131n de\u011ferli hac merkezlerinden. Her y\u0131l 15 A\u011fustos\u2019ta Vatikan temsilcilerinin de kat\u0131l\u0131m\u0131yla yap\u0131lan Azize Meryem\u2019in G\u00f6\u011fe Kabul\u00fcn\u00fcn kutlama ayinleri b\u00fcy\u00fck ilgi g\u00f6r\u00fcyor. UNESCO Listesi\u2019nde.<\/p>\n\n\n\n<h3 class=\"wp-block-heading\"><span class=\"ez-toc-section\" id=\"5_incil_yazari_st_johnun_adina_yapilan_bazilika\"><\/span><strong>5. \u0130ncil Yazar\u0131 St. John\u2019un ad\u0131na yap\u0131lan bazilika<\/strong><span class=\"ez-toc-section-end\"><\/span><\/h3>\n\n\n\n<figure class=\"wp-block-image size-full is-style-default\"><img width=\"800\" height=\"500\" data-public-id=\"selcuk-st-john-bazilikasi\/selcuk-st-john-bazilikasi.jpg\" loading=\"lazy\" decoding=\"async\" src=\"https:\/\/res.cloudinary.com\/turna\/images\/w_800,h_500,c_scale\/f_auto,q_auto:low\/v1637040387\/selcuk-st-john-bazilikasi\/selcuk-st-john-bazilikasi.jpg?_i=AA\" alt=\"selcuk-st-john-bazilikasi\" class=\"wp-post-15296 wp-image-20212\" data-format=\"jpg\" data-transformations=\"f_auto,q_auto:low\" data-version=\"1637040387\" data-seo=\"1\" srcset=\"https:\/\/res.cloudinary.com\/turna\/images\/f_auto,q_auto:low\/v1637040387\/selcuk-st-john-bazilikasi\/selcuk-st-john-bazilikasi.jpg?_i=AA 800w, https:\/\/res.cloudinary.com\/turna\/images\/w_300,h_188,c_scale\/f_auto,q_auto:low\/v1637040387\/selcuk-st-john-bazilikasi\/selcuk-st-john-bazilikasi.jpg?_i=AA 300w, https:\/\/res.cloudinary.com\/turna\/images\/w_672,h_420,c_scale\/f_auto,q_auto:low\/v1637040387\/selcuk-st-john-bazilikasi\/selcuk-st-john-bazilikasi.jpg?_i=AA 672w, https:\/\/res.cloudinary.com\/turna\/images\/w_640,h_400,c_scale\/f_auto,q_auto:low\/v1637040387\/selcuk-st-john-bazilikasi\/selcuk-st-john-bazilikasi.jpg?_i=AA 640w, https:\/\/res.cloudinary.com\/turna\/images\/w_681,h_426,c_scale\/f_auto,q_auto:low\/v1637040387\/selcuk-st-john-bazilikasi\/selcuk-st-john-bazilikasi.jpg?_i=AA 681w\" sizes=\"(max-width: 800px) 100vw, 800px\" \/><\/figure>\n\n\n\n<p><strong>St. John Bazilikas\u0131<\/strong>, Efes\u2019ten sonra en \u00e7ok ziyaret\u00e7i \u00e7eken \u00f6nemli bir dini merkez. Ayasuluk Tepesi\u2019nin g\u00fcney yamac\u0131nda, \u0130sa\u2019n\u0131n havarisi, \u0130ncil\u2019in ve Apokalypse\u2019nin de yazar\u0131 Efesli Yohanna (St. Jean Thelogos- St. John) mezar\u0131 yer al\u0131yor.<\/p>\n\n\n\n<p>Bizans imparatoru Justinianos ve kar\u0131s\u0131 Theodora taraf\u0131ndan mezar\u0131n \u00fczerine bazilika yapt\u0131r\u0131lm\u0131\u015f. Orta \u00c7a\u011f\u2019dan bu yana H\u0131ristiyanlar\u0131n hac mek\u00e2n\u0131. UNESCO Listesi\u2019ndeki bazilikay\u0131 her y\u0131l 1 milyondan fazla ki\u015fi ziyaret ediyor.<\/p>\n\n\n\n<h3 class=\"wp-block-heading\"><span class=\"ez-toc-section\" id=\"6_hristiyanin_hikayesi_yedi_uyuyanlar_magarasi\"><\/span><strong>6. Hristiyan\u2019\u0131n hikayesi Yedi Uyuyanlar Ma\u011faras\u0131<\/strong><span class=\"ez-toc-section-end\"><\/span><\/h3>\n\n\n\n<p><strong>Yedi Uyuyanlar Ma\u011faras\u0131<\/strong>&#8216;nda mermer \u015fehir Efes Antik Kenti\u2019nin arka yamac\u0131ndaki da\u011f i\u00e7i mezarlar\u0131nda y\u00fczlerce y\u0131l uyuduklar\u0131 rivayet edilen 7 Hristiyan\u2019\u0131n hikayesi yat\u0131yor. Rivayete g\u00f6re H\u0131ristiyanl\u0131\u011f\u0131n resmi din olarak kabul\u00fcnden \u00f6nce, putperestlerden ka\u00e7arak Panay\u0131r Da\u011f\u0131 eteklerine s\u0131\u011f\u0131nan yedi gen\u00e7, burada uykuya dalm\u0131\u015f.<\/p>\n\n\n\n<p>\u0130ki y\u00fczy\u0131l sonra uyand\u0131klar\u0131nda ise H\u0131ristiyanl\u0131\u011f\u0131n resmi din oldu\u011funu g\u00f6rm\u00fc\u015fler. G\u00fcn\u00fcm\u00fczde b\u00f6lgede kaya oyma mezar buluntular\u0131na, iki kilise ile katakomplara rastlanm\u0131\u015f. Yedi Uyuyanlar, MS 5 ve 6. y\u00fczy\u0131llarda yap\u0131ld\u0131\u011f\u0131 d\u00fc\u015f\u00fcn\u00fclen bir \u00f6ren yeri ve ayn\u0131 zamanda dini bir merkez.<\/p>\n\n\n\n<h3 class=\"wp-block-heading\"><span class=\"ez-toc-section\" id=\"7_anadolu_cami_mimarisinin_en_guzel_orneklerinden_isa_bey_cami\"><\/span><strong>7. Anadolu cami mimarisinin en g\u00fczel \u00f6rneklerinden \u0130sa Bey Cami<\/strong><span class=\"ez-toc-section-end\"><\/span><\/h3>\n\n\n\n<figure class=\"wp-block-image size-full is-style-default\"><img width=\"800\" height=\"500\" data-public-id=\"selcuk-isa-bey-cami\/selcuk-isa-bey-cami.jpg\" loading=\"lazy\" decoding=\"async\" src=\"https:\/\/res.cloudinary.com\/turna\/images\/w_800,h_500,c_scale\/f_auto,q_auto:low\/v1637040418\/selcuk-isa-bey-cami\/selcuk-isa-bey-cami.jpg?_i=AA\" alt=\"selcuk-isa-bey-cami\" class=\"wp-post-15296 wp-image-20213\" data-format=\"jpg\" data-transformations=\"f_auto,q_auto:low\" data-version=\"1637040418\" data-seo=\"1\" srcset=\"https:\/\/res.cloudinary.com\/turna\/images\/f_auto,q_auto:low\/v1637040418\/selcuk-isa-bey-cami\/selcuk-isa-bey-cami.jpg?_i=AA 800w, https:\/\/res.cloudinary.com\/turna\/images\/w_300,h_188,c_scale\/f_auto,q_auto:low\/v1637040418\/selcuk-isa-bey-cami\/selcuk-isa-bey-cami.jpg?_i=AA 300w, https:\/\/res.cloudinary.com\/turna\/images\/w_672,h_420,c_scale\/f_auto,q_auto:low\/v1637040418\/selcuk-isa-bey-cami\/selcuk-isa-bey-cami.jpg?_i=AA 672w, https:\/\/res.cloudinary.com\/turna\/images\/w_640,h_400,c_scale\/f_auto,q_auto:low\/v1637040418\/selcuk-isa-bey-cami\/selcuk-isa-bey-cami.jpg?_i=AA 640w, https:\/\/res.cloudinary.com\/turna\/images\/w_681,h_426,c_scale\/f_auto,q_auto:low\/v1637040418\/selcuk-isa-bey-cami\/selcuk-isa-bey-cami.jpg?_i=AA 681w\" sizes=\"(max-width: 800px) 100vw, 800px\" \/><\/figure>\n\n\n\n<p><strong>\u0130sa Bey Camii<\/strong>, Artemis Tap\u0131na\u011f\u0131 ile St. Jean Kilisesi aras\u0131nda yer al\u0131yor. Ayd\u0131no\u011fullar\u0131\u2019ndan \u0130sa Bey taraf\u0131ndan 1374-1375 y\u0131llar\u0131 aras\u0131nda Ayasuluk Tepesi\u2019nde yapt\u0131r\u0131lm\u0131\u015f. G\u00f6rkemli bir ta\u00e7 kap\u0131s\u0131 var. \u0130\u00e7eride Beylikler D\u00f6nemi\u2019ne ait \u00e7e\u015fitli mezar ta\u015flar\u0131 da bulunuyor.<\/p>\n\n\n\n<p>Artemis Tap\u0131na\u011f\u0131\u2019ndan \u00e7\u0131kar\u0131lan kesme ta\u015f bloklar cami yap\u0131m\u0131nda kullan\u0131lm\u0131\u015f. Caminin bat\u0131 y\u00f6n\u00fcndeki duvarlar\u0131 mermerle kapl\u0131, di\u011fer cepheler ise kesme ta\u015ftan yap\u0131lm\u0131\u015f. Zengin s\u00fcslemeler ve \u00e7iniler var. Caminin tam kar\u015f\u0131s\u0131nda harabe hale gelmi\u015f \u0130sa Bey Hamam\u0131 yer al\u0131yor. UNESCO Listesi\u2019nde.<\/p>\n\n\n\n<h3 class=\"wp-block-heading\"><span class=\"ez-toc-section\" id=\"8_turkiyenin_en_degerli_muzelerinden_efes_arkeoloji_muzesi\"><\/span><strong>8.<\/strong> <strong>T\u00fcrkiye\u2019nin en de\u011ferli m\u00fczelerinden Efes Arkeoloji M\u00fczesi<\/strong><span class=\"ez-toc-section-end\"><\/span><\/h3>\n\n\n\n<p><strong>Efes Arkeoloji M\u00fczesi<\/strong>, bug\u00fcn Efes Antik Kenti ile boy \u00f6l\u00e7\u00fc\u015fecek kadar ziyaret\u00e7i alan Sel\u00e7uk merkezdeki, T\u00fcrkiye\u2019nin en \u00f6nemli m\u00fczelerinden biri. Efes ve yak\u0131n \u00e7evresinde bulunan Miken, Arkaik, Klasik, Hellenistik, Roma, Bizans, Sel\u00e7uklu ve Osmanl\u0131 devirlerine ait yakla\u015f\u0131k 50 bin eser var. M\u00fczede sergilenen en \u00f6zg\u00fcn par\u00e7a Efes Artemis Heykeli.<\/p>\n\n\n\n<p>Yunan mitolojisinde bakireli\u011fin sembol\u00fc olmas\u0131na ra\u011fmen, Efes\u2019te, Artemis do\u011furganl\u0131\u011f\u0131n ve bereketin sembol\u00fc olan bir ana tanr\u0131\u00e7ay\u0131 simgeliyor. Yunuslu Eros heykeli, Sokrates ba\u015f\u0131, \u0130sis heykeli ve Priapos heykeli Efes M\u00fczesi\u2019nin d\u00fcnyaca tan\u0131nm\u0131\u015f \u00fcnl\u00fc eserlerinden baz\u0131lar\u0131.<\/p>\n\n\n\n<h3 class=\"wp-block-heading\"><span class=\"ez-toc-section\" id=\"9_efesin_kumsali_pamucak_plaji\"><\/span><strong>9.<\/strong> <strong>Efes\u2019in kumsal\u0131 Pamucak Plaj\u0131<\/strong><span class=\"ez-toc-section-end\"><\/span><\/h3>\n\n\n\n<p><strong>Pamucak Plaj\u0131<\/strong>, Efes Antik Kenti\u2019ne 6 km mesafede yer alan 11 km uzunlu\u011fa sahip \u015fahane bir plaj. Sel\u00e7uk merkeze ise sadece 8 km. Kumlu sahilin geni\u015fli\u011fi yakla\u015f\u0131k 80 metre. Su sporlar\u0131 ve kamp yapmaya uygun. Plaj boyunca \u00e7ok say\u0131da 5 y\u0131ld\u0131zl\u0131 otel s\u0131ralan\u0131yor. Antik d\u00fcnya ke\u015ffi sonras\u0131 deniz, g\u00fcne\u015f, kum molas\u0131 i\u00e7in \u015fahane.<\/p>\n\n\n\n<h3 class=\"wp-block-heading\"><span class=\"ez-toc-section\" id=\"10_egenin_en_sirin_koyu_sirince\"><\/span><strong>10. Ege&#8217;nin en \u015firin k\u00f6y\u00fc \u015eirince<\/strong><span class=\"ez-toc-section-end\"><\/span><\/h3>\n\n\n\n<figure class=\"wp-block-image size-full is-style-default\"><img width=\"800\" height=\"500\" data-public-id=\"sirince_202152d668\/sirince_202152d668.jpeg\" loading=\"lazy\" decoding=\"async\" src=\"https:\/\/res.cloudinary.com\/turna\/images\/w_800,h_500,c_scale\/f_auto,q_auto:low\/v1637041729\/sirince_202152d668\/sirince_202152d668.jpeg?_i=AA\" alt=\"\u015eirince\" class=\"wp-post-15296 wp-image-20215\" data-format=\"jpeg\" data-transformations=\"f_auto,q_auto:low\" data-version=\"1637041729\" data-seo=\"1\" srcset=\"https:\/\/res.cloudinary.com\/turna\/images\/f_auto,q_auto:low\/v1637041729\/sirince_202152d668\/sirince_202152d668.jpeg?_i=AA 800w, https:\/\/res.cloudinary.com\/turna\/images\/w_300,h_188,c_scale\/f_auto,q_auto:low\/v1637041729\/sirince_202152d668\/sirince_202152d668.jpeg?_i=AA 300w, https:\/\/res.cloudinary.com\/turna\/images\/w_672,h_420,c_scale\/f_auto,q_auto:low\/v1637041729\/sirince_202152d668\/sirince_202152d668.jpeg?_i=AA 672w, https:\/\/res.cloudinary.com\/turna\/images\/w_640,h_400,c_scale\/f_auto,q_auto:low\/v1637041729\/sirince_202152d668\/sirince_202152d668.jpeg?_i=AA 640w, https:\/\/res.cloudinary.com\/turna\/images\/w_681,h_426,c_scale\/f_auto,q_auto:low\/v1637041729\/sirince_202152d668\/sirince_202152d668.jpeg?_i=AA 681w\" sizes=\"(max-width: 800px) 100vw, 800px\" \/><\/figure>\n\n\n\n<p><strong>\u015eirince<\/strong>, Ege\u2019nin en g\u00fczel k\u00f6ylerinden. Maya takvimine g\u00f6re 21 Aral\u0131k 2012\u2019de kopaca\u011f\u0131 iddia edilen k\u0131yamette g\u00fcvenli b\u00f6lge olu\u015fuyla g\u00fcndeme gelmi\u015f, ismini duyurmu\u015ftu.<\/p>\n\n\n\n<p>1909\u2019da \u015eirince\u2019de do\u011fan yazar Dido Sotiriyu, \u201cBenden Selam S\u00f6yle Anadolu\u2019ya\u201d isimli kitab\u0131nda, do\u011fup b\u00fcy\u00fcd\u00fc\u011f\u00fc k\u00f6y\u00fc, \u201c\u015eu yery\u00fcz\u00fcnde cennet diye bir yer varsa, bizim K\u0131rk\u0131nca o cennetin bir par\u00e7as\u0131 olsa gerekir.\u201d c\u00fcmleleriyle anlatm\u0131\u015f. <\/p>\n\n\n\n<p>Bir zamanlar kuru incir ve \u015faraba dayanan ekonomisi \u015fimdilerde turizmle d\u00f6n\u00fcyor. \u0130ncir, \u00fcz\u00fcm, zeytin a\u011fa\u00e7lar\u0131 aras\u0131nda, birbirinin manzaras\u0131n\u0131 kesmeyen eski Rum evleriyle nefis bir k\u00f6y. \u015eirince\u2019nin eski Rum evlerinin bir\u00e7o\u011fu otel, pansiyon olarak kullan\u0131l\u0131yor.<\/p>\n\n\n\n<p>Butik otelleri 12 ay a\u00e7\u0131k. K\u00f6y\u00fcn en g\u00fczel manzaras\u0131na sahip tepedeki Ni\u015fanyan Oteli, T\u00fcrkiye\u2019nin en iyi butik otellerinden biri. Bu antik co\u011frafyay\u0131 ke\u015ffederken konaklayaca\u011f\u0131n\u0131z yer \u015eirince olsun.<\/p>\n\n\n\n<p>\u0130l\u00e7e merkezinde Efes Antik Kenti&#8217;nin hemen yan\u0131nda yer alan Sel\u00e7uk-Efes Havaalan\u0131, para\u015f\u00fct merakl\u0131lar\u0131n\u0131 bekliyor. 4 bin metre y\u00fckseklikten 45 saniyelik serbest d\u00fc\u015f\u00fc\u015f\u00fcn ard\u0131ndan a\u00e7\u0131lan para\u015f\u00fct adrenalin duygusunu s\u0131n\u0131rs\u0131zca ya\u015fat\u0131yor.<\/p>\n\n\n\n<h3 class=\"wp-block-heading\"><span class=\"ez-toc-section\" id=\"selcuka_nasil_gidilir\"><\/span><strong>Sel\u00e7uk\u2019a nas\u0131l gidilir<\/strong><span class=\"ez-toc-section-end\"><\/span><\/h3>\n\n\n\n<p><strong>Sel\u00e7uk<\/strong>\u2019ta sokak aras\u0131 k\u00fc\u00e7\u00fck restoranlarda y\u00f6renin \u00fcnl\u00fc yeme\u011fi \u00e7\u00f6p \u015fi\u015f tercih edilebilir. \u015eirince K\u00f6y\u00fc\u2019nde 2 g\u00fcnl\u00fck bir konaklama ile civardaki bu enfes g\u00fczellikleri ke\u015ffe \u00e7\u0131k\u0131n. Her y\u00f6n\u00fcyle tatmin edici bir rota.<\/p>\n\n\n\n<iframe src=\"https:\/\/www.google.com\/maps\/embed?pb=!1m18!1m12!1m3!1d12584.875312848517!2d27.36433333583954!3d37.94867617564869!2m3!1f0!2f0!3f0!3m2!1i1024!2i768!4f13.1!3m3!1m2!1s0x14b94d51b653c083%3A0xea2aa23a402e7ff6!2zU2Vsw6d1aywgxLB6bWly!5e0!3m2!1str!2str!4v1597579188978!5m2!1str!2str\" width=\"100%\" height=\"250\" frameborder=\"0\" style=\"border:0;\" allowfullscreen=\"\" aria-hidden=\"false\" tabindex=\"0\"><\/iframe>\n\n\n\n<div style=\"height:20px\" aria-hidden=\"true\" class=\"wp-block-spacer\"><\/div>\n\n\n\n<p>Sel\u00e7uk&#8217;a ula\u015fman\u0131n ve bu tarihi b\u00f6lgeyi ke\u015ffetmenin en iyi yolu <a href=\"https:\/\/www.turna.com\/ucak-bileti\/izmir\"><strong>\u0130zmir u\u00e7ak bileti<\/strong><\/a> se\u00e7eneklerine g\u00f6z atmak. \u0130zmir&#8217;e T\u00fcrkiye&#8217;nin bir\u00e7ok kentinden direkt u\u00e7ak seferleri bulunuyor. Sel\u00e7uk il\u00e7e merkezi \u0130zmir&#8217;e \u00f6zel ara\u00e7la bir saatlik uzakl\u0131kta.<\/p>\n\n\n\n<p>Sel\u00e7uk\u2019a gitmek \u00e7ok kolay. \u0130zmir Adnan Menderes Havaliman\u0131\u2019ndan binece\u011finiz hafif rayl\u0131 sistem IZBAN ile 1 saatten k\u0131sa bir s\u00fcrede Sel\u00e7uk\u2019a ula\u015fabiliyorsunuz.  <\/p>\n\n\n\n<p>Sel\u00e7uk, \u0130zmir \u015fehir merkezine 73 km\u2019lik bir mesafede. Sel\u00e7uk-Efes Antik Kenti aras\u0131 sadece 3 km. \u00d6nemli tarihi ve turistik yerlerin hepsine dolmu\u015f seferleri de d\u00fczenleniyor. Yaz aylar\u0131nda Sel\u00e7uk\u2019tan kalkan Pamucak minib\u00fcsleri Efes Antik Kenti alt giri\u015fine u\u011fray\u0131p sahile devam ediyor.<\/p>\n\n\n\n<p>\u0130zmir \u00e7evresinde gezilecek yerler&nbsp;aras\u0131nda \u00f6ne \u00e7\u0131kan Sel\u00e7uk, birbirinden farkl\u0131 aktiviteler, tarihi ve k\u00fclt\u00fcrel alanlar\u0131 ile <a href=\"https:\/\/www.turna.com\/blog\/seyahat-rehberi\">seyahat<\/a> merakl\u0131lar\u0131n\u0131n zaman ge\u00e7irmekten keyif alabilece\u011fi bir yer. Ku\u015fadas\u0131&#8217;na 15 km mesafede bulunan il\u00e7e, g\u00fcn\u00fcbirlik tatilcilerin de g\u00f6zdesi.<\/p>\n\n    <div class=\"xs_social_share_widget xs_share_url after_content \t\tmain_content  wslu-style-1 wslu-share-box-shaped wslu-fill-colored wslu-none wslu-share-horizontal wslu-theme-font-no wslu-main_content\">\n\n\t\t\n        <ul>\n\t\t\t        <\/ul>\n    <\/div> \n","protected":false},"excerpt":{"rendered":"<p>\u0130zmir\u2019in Sel\u00e7uk il\u00e7esi 9 bini y\u0131l\u0131 a\u015fk\u0131n s\u00fcredir ya\u015fam\u0131n kesintisiz s\u00fcrd\u00fc\u011f\u00fc \u00e7ok \u00f6zel bir co\u011frafya. Neolitik d\u00f6nemden Helenistik d\u00f6neme, Roma d\u00f6neminden H\u0131ristiyanl\u0131\u011f\u0131n do\u011fu\u015funa ve onun kurumsalla\u015fmas\u0131na kadar olan s\u00fcre\u00e7te gerek kentle\u015fme ve mimarl\u0131k gerekse de dinsel tarih a\u00e7\u0131s\u0131ndan \u00e7ok \u00f6nemli rollere sahip oldu. Sel\u00e7uk, Yunan, Roma, Bizans, Sel\u00e7uklu d\u00f6nemlerinden kalma \u00e7ok zengin bir miras\u0131n sahibi. [&hellip;]<\/p>\n","protected":false},"author":9,"featured_media":20210,"comment_status":"open","ping_status":"open","sticky":false,"template":"","format":"standard","meta":{"rop_custom_images_group":[],"rop_custom_messages_group":[],"rop_publish_now":"initial","rop_publish_now_accounts":[],"rop_publish_now_history":[],"rop_publish_now_status":"pending","_cloudinary_featured_overwrite":false,"footnotes":""},"categories":[1839],"tags":[224],"class_list":["post-15296","post","type-post","status-publish","format-standard","has-post-thumbnail","hentry","category-izmir","tag-izmir"],"_links":{"self":[{"href":"https:\/\/www.turna.com\/blog\/wp-json\/wp\/v2\/posts\/15296","targetHints":{"allow":["GET"]}}],"collection":[{"href":"https:\/\/www.turna.com\/blog\/wp-json\/wp\/v2\/posts"}],"about":[{"href":"https:\/\/www.turna.com\/blog\/wp-json\/wp\/v2\/types\/post"}],"author":[{"embeddable":true,"href":"https:\/\/www.turna.com\/blog\/wp-json\/wp\/v2\/users\/9"}],"replies":[{"embeddable":true,"href":"https:\/\/www.turna.com\/blog\/wp-json\/wp\/v2\/comments?post=15296"}],"version-history":[{"count":0,"href":"https:\/\/www.turna.com\/blog\/wp-json\/wp\/v2\/posts\/15296\/revisions"}],"wp:featuredmedia":[{"embeddable":true,"href":"https:\/\/www.turna.com\/blog\/wp-json\/wp\/v2\/media\/20210"}],"wp:attachment":[{"href":"https:\/\/www.turna.com\/blog\/wp-json\/wp\/v2\/media?parent=15296"}],"wp:term":[{"taxonomy":"category","embeddable":true,"href":"https:\/\/www.turna.com\/blog\/wp-json\/wp\/v2\/categories?post=15296"},{"taxonomy":"post_tag","embeddable":true,"href":"https:\/\/www.turna.com\/blog\/wp-json\/wp\/v2\/tags?post=15296"}],"curies":[{"name":"wp","href":"https:\/\/api.w.org\/{rel}","templated":true}]}}