{"id":14796,"date":"2019-01-01T08:30:32","date_gmt":"2019-01-01T05:30:32","guid":{"rendered":"https:\/\/www.turna.com\/blog\/?p=14796"},"modified":"2021-12-26T22:48:14","modified_gmt":"2021-12-26T19:48:14","slug":"boyali-koy-zalipie-polonya","status":"publish","type":"post","link":"https:\/\/www.turna.com\/blog\/boyali-koy-zalipie-polonya","title":{"rendered":"Boyal\u0131 K\u00f6y Zalipie, Polonya"},"content":{"rendered":"<p><strong>Zalipie<\/strong>, <a href=\"https:\/\/www.turna.com\/blog\/ulkeler\/avrupa\/polonya\" target=\"_blank\" rel=\"noopener\"><strong>Polonya<\/strong><\/a>\u2019n\u0131n en b\u00fcy\u00fck \u015fehirlerinden\u00a0<a href=\"https:\/\/www.turna.com\/ucak-bileti\/krakov\" target=\"_blank\" rel=\"noopener\"><strong>Krakow<\/strong><\/a>\u2019un 118\u00a0km do\u011fusunda yer alan, boyal\u0131 evleriyle masallar\u0131 aratmayan g\u00fczellikte bir k\u00f6y. K\u00f6yde 19. y\u00fczy\u0131l sonlar\u0131nda eski moda f\u0131r\u0131nlar\u0131n bacalar\u0131yla birlikte yenilenmesi s\u0131ras\u0131nda olu\u015fan gelenek, yeni bir dekorasyon ak\u0131m\u0131 ba\u015flatm\u0131\u015f.<\/p>\n<p>Bu gelenek, eski f\u0131r\u0131nlar\u0131n duvarda b\u0131rakt\u0131\u011f\u0131 delik ve duman lekelerinden ka\u00e7mak amac\u0131yla kad\u0131nlar\u0131n duvarlara badana ile resim yapmas\u0131 ile olu\u015fmu\u015f.<\/p>\n<p><img width=\"790\" height=\"526\" data-public-id=\"Zalipie_f3d6qt\/Zalipie_f3d6qt.jpg\" fetchpriority=\"high\" decoding=\"async\" class=\"alignnone wp-post-14796 wp-image-14983\" src=\"https:\/\/res.cloudinary.com\/turna\/images\/w_790,h_526,c_scale\/f_auto,q_auto\/f_auto,q_auto:low\/v1545174116\/Zalipie_f3d6qt\/Zalipie_f3d6qt.jpg?_i=AA\" data-format=\"jpg\" data-transformations=\"f_auto,q_auto\/f_auto,q_auto:low\" data-version=\"1545174116\" data-seo=\"1\" srcset=\"https:\/\/res.cloudinary.com\/turna\/images\/f_auto,q_auto\/f_auto,q_auto\/f_auto,q_auto:low\/v1545174116\/Zalipie_f3d6qt\/Zalipie_f3d6qt.jpg?_i=AA 790w, https:\/\/res.cloudinary.com\/turna\/images\/w_300,h_200,c_scale\/f_auto,q_auto\/f_auto,q_auto\/f_auto,q_auto:low\/v1545174116\/Zalipie_f3d6qt\/Zalipie_f3d6qt.jpg?_i=AA 300w, https:\/\/res.cloudinary.com\/turna\/images\/w_631,h_420,c_scale\/f_auto,q_auto\/f_auto,q_auto\/f_auto,q_auto:low\/v1545174116\/Zalipie_f3d6qt\/Zalipie_f3d6qt.jpg?_i=AA 631w, https:\/\/res.cloudinary.com\/turna\/images\/w_640,h_426,c_scale\/f_auto,q_auto\/f_auto,q_auto\/f_auto,q_auto:low\/v1545174116\/Zalipie_f3d6qt\/Zalipie_f3d6qt.jpg?_i=AA 640w, https:\/\/res.cloudinary.com\/turna\/images\/w_681,h_453,c_scale\/f_auto,q_auto\/f_auto,q_auto\/f_auto,q_auto:low\/v1545174116\/Zalipie_f3d6qt\/Zalipie_f3d6qt.jpg?_i=AA 681w\" sizes=\"(max-width: 790px) 100vw, 790px\" \/><\/p>\n<p>Zaman i\u00e7erisinde badanal\u0131 duvarlar \u00fczerine \u00e7izilen \u00e7i\u00e7ek motifleri evlere bamba\u015fka bir g\u00fczellik getirmi\u015f.<\/p>\n<p><img width=\"790\" height=\"526\" data-public-id=\"Zalipie-Polonya_ifsbx2\/Zalipie-Polonya_ifsbx2.jpg\" decoding=\"async\" class=\"alignnone wp-post-14796 wp-image-14985\" src=\"https:\/\/res.cloudinary.com\/turna\/images\/w_790,h_526,c_scale\/f_auto,q_auto:low\/v1545174116\/Zalipie-Polonya_ifsbx2\/Zalipie-Polonya_ifsbx2.jpg?_i=AA\" data-format=\"jpg\" data-transformations=\"f_auto,q_auto:low\" data-version=\"1545174116\" data-seo=\"1\" srcset=\"https:\/\/res.cloudinary.com\/turna\/images\/w_300,h_200,c_scale\/f_auto,q_auto:low\/v1545174116\/Zalipie-Polonya_ifsbx2\/Zalipie-Polonya_ifsbx2.jpg?_i=AA 300w, https:\/\/res.cloudinary.com\/turna\/images\/w_631,h_420,c_scale\/f_auto,q_auto:low\/v1545174116\/Zalipie-Polonya_ifsbx2\/Zalipie-Polonya_ifsbx2.jpg?_i=AA 631w, https:\/\/res.cloudinary.com\/turna\/images\/w_640,h_426,c_scale\/f_auto,q_auto:low\/v1545174116\/Zalipie-Polonya_ifsbx2\/Zalipie-Polonya_ifsbx2.jpg?_i=AA 640w, https:\/\/res.cloudinary.com\/turna\/images\/w_681,h_453,c_scale\/f_auto,q_auto:low\/v1545174116\/Zalipie-Polonya_ifsbx2\/Zalipie-Polonya_ifsbx2.jpg?_i=AA 681w, https:\/\/res.cloudinary.com\/turna\/images\/f_auto,q_auto:low\/v1545174116\/Zalipie-Polonya_ifsbx2\/Zalipie-Polonya_ifsbx2.jpg?_i=AA 790w\" sizes=\"(max-width: 790px) 100vw, 790px\" \/>Pencere ve kap\u0131lar\u0131n etraf\u0131n\u0131n s\u00fcslendi\u011fi bu k\u00f6yde, bir s\u00fcre sonra k\u00f6pr\u00fcden bidona akla gelebilecek her \u015fey boyanmaya ba\u015flam\u0131\u015f.<\/p>\n<p><img width=\"790\" height=\"526\" data-public-id=\"Zalipie-Polonya-Kulube_xelz40\/Zalipie-Polonya-Kulube_xelz40.jpg\" decoding=\"async\" class=\"alignnone wp-post-14796 wp-image-14986\" src=\"https:\/\/res.cloudinary.com\/turna\/images\/w_790,h_526,c_scale\/f_auto,q_auto:low\/v1545174116\/Zalipie-Polonya-Kulube_xelz40\/Zalipie-Polonya-Kulube_xelz40.jpg?_i=AA\" data-format=\"jpg\" data-transformations=\"f_auto,q_auto:low\" data-version=\"1545174116\" data-seo=\"1\" srcset=\"https:\/\/res.cloudinary.com\/turna\/images\/w_300,h_200,c_scale\/f_auto,q_auto:low\/v1545174116\/Zalipie-Polonya-Kulube_xelz40\/Zalipie-Polonya-Kulube_xelz40.jpg?_i=AA 300w, https:\/\/res.cloudinary.com\/turna\/images\/w_631,h_420,c_scale\/f_auto,q_auto:low\/v1545174116\/Zalipie-Polonya-Kulube_xelz40\/Zalipie-Polonya-Kulube_xelz40.jpg?_i=AA 631w, https:\/\/res.cloudinary.com\/turna\/images\/w_640,h_426,c_scale\/f_auto,q_auto:low\/v1545174116\/Zalipie-Polonya-Kulube_xelz40\/Zalipie-Polonya-Kulube_xelz40.jpg?_i=AA 640w, https:\/\/res.cloudinary.com\/turna\/images\/w_681,h_453,c_scale\/f_auto,q_auto:low\/v1545174116\/Zalipie-Polonya-Kulube_xelz40\/Zalipie-Polonya-Kulube_xelz40.jpg?_i=AA 681w, https:\/\/res.cloudinary.com\/turna\/images\/f_auto,q_auto:low\/v1545174116\/Zalipie-Polonya-Kulube_xelz40\/Zalipie-Polonya-Kulube_xelz40.jpg?_i=AA 790w\" sizes=\"(max-width: 790px) 100vw, 790px\" \/><\/p>\n<p>Ba\u015flang\u0131\u00e7ta s\u00fcslemelerde yaln\u0131zca kahverengi kil, kurum ve kire\u00e7 gibi maddeler kullan\u0131l\u0131rken,\u00a0\u00e7izilen motiflerde nokta, e\u011fri, zig-zag, daire ve dalgal\u0131 hatlar gibi geometrik \u015fekiller hakim oldu\u011fu g\u00f6r\u00fcl\u00fcyor.<\/p>\n<p><img width=\"790\" height=\"592\" data-public-id=\"Zalipie-Kulubeleri_enupzg\/Zalipie-Kulubeleri_enupzg.jpg\" loading=\"lazy\" decoding=\"async\" class=\"alignnone wp-post-14796 wp-image-14987\" src=\"https:\/\/res.cloudinary.com\/turna\/images\/w_790,h_592,c_scale\/f_auto,q_auto\/f_auto,q_auto:low\/v1545174115\/Zalipie-Kulubeleri_enupzg\/Zalipie-Kulubeleri_enupzg.jpg?_i=AA\" data-format=\"jpg\" data-transformations=\"f_auto,q_auto\/f_auto,q_auto:low\" data-version=\"1545174115\" data-seo=\"1\" srcset=\"https:\/\/res.cloudinary.com\/turna\/images\/f_auto,q_auto\/f_auto,q_auto\/f_auto,q_auto:low\/v1545174115\/Zalipie-Kulubeleri_enupzg\/Zalipie-Kulubeleri_enupzg.jpg?_i=AA 790w, https:\/\/res.cloudinary.com\/turna\/images\/w_300,h_225,c_scale\/f_auto,q_auto\/f_auto,q_auto\/f_auto,q_auto:low\/v1545174115\/Zalipie-Kulubeleri_enupzg\/Zalipie-Kulubeleri_enupzg.jpg?_i=AA 300w, https:\/\/res.cloudinary.com\/turna\/images\/w_560,h_420,c_scale\/f_auto,q_auto\/f_auto,q_auto\/f_auto,q_auto:low\/v1545174115\/Zalipie-Kulubeleri_enupzg\/Zalipie-Kulubeleri_enupzg.jpg?_i=AA 560w, https:\/\/res.cloudinary.com\/turna\/images\/w_80,h_60,c_scale\/f_auto,q_auto\/f_auto,q_auto\/f_auto,q_auto:low\/v1545174115\/Zalipie-Kulubeleri_enupzg\/Zalipie-Kulubeleri_enupzg.jpg?_i=AA 80w, https:\/\/res.cloudinary.com\/turna\/images\/w_100,h_75,c_scale\/f_auto,q_auto\/f_auto,q_auto\/f_auto,q_auto:low\/v1545174115\/Zalipie-Kulubeleri_enupzg\/Zalipie-Kulubeleri_enupzg.jpg?_i=AA 100w, https:\/\/res.cloudinary.com\/turna\/images\/w_180,h_135,c_scale\/f_auto,q_auto\/f_auto,q_auto\/f_auto,q_auto:low\/v1545174115\/Zalipie-Kulubeleri_enupzg\/Zalipie-Kulubeleri_enupzg.jpg?_i=AA 180w, https:\/\/res.cloudinary.com\/turna\/images\/w_238,h_178,c_scale\/f_auto,q_auto\/f_auto,q_auto\/f_auto,q_auto:low\/v1545174115\/Zalipie-Kulubeleri_enupzg\/Zalipie-Kulubeleri_enupzg.jpg?_i=AA 238w, https:\/\/res.cloudinary.com\/turna\/images\/w_640,h_480,c_scale\/f_auto,q_auto\/f_auto,q_auto\/f_auto,q_auto:low\/v1545174115\/Zalipie-Kulubeleri_enupzg\/Zalipie-Kulubeleri_enupzg.jpg?_i=AA 640w, https:\/\/res.cloudinary.com\/turna\/images\/w_681,h_510,c_scale\/f_auto,q_auto\/f_auto,q_auto\/f_auto,q_auto:low\/v1545174115\/Zalipie-Kulubeleri_enupzg\/Zalipie-Kulubeleri_enupzg.jpg?_i=AA 681w\" sizes=\"(max-width: 790px) 100vw, 790px\" \/><\/p>\n<p>Yap\u0131\u015ft\u0131r\u0131c\u0131 olarak s\u00fct, \u015feker ve yumurta ak\u0131 gibi \u00fcr\u00fcnler de\u011ferlendirilirken, f\u0131r\u00e7ada at k\u0131l\u0131 ya da insan sa\u00e7\u0131 kullan\u0131l\u0131yor.<\/p>\n<p><img width=\"790\" height=\"527\" data-public-id=\"Zalipie-Evleri_rh8stg\/Zalipie-Evleri_rh8stg.jpg\" loading=\"lazy\" decoding=\"async\" class=\"alignnone wp-post-14796 wp-image-14988\" src=\"https:\/\/res.cloudinary.com\/turna\/images\/w_790,h_527,c_scale\/f_auto,q_auto:low\/v1545174115\/Zalipie-Evleri_rh8stg\/Zalipie-Evleri_rh8stg.jpg?_i=AA\" data-format=\"jpg\" data-transformations=\"f_auto,q_auto:low\" data-version=\"1545174115\" data-seo=\"1\" srcset=\"https:\/\/res.cloudinary.com\/turna\/images\/f_auto,q_auto:low\/v1545174115\/Zalipie-Evleri_rh8stg\/Zalipie-Evleri_rh8stg.jpg?_i=AA 790w, https:\/\/res.cloudinary.com\/turna\/images\/w_300,h_200,c_scale\/f_auto,q_auto:low\/v1545174115\/Zalipie-Evleri_rh8stg\/Zalipie-Evleri_rh8stg.jpg?_i=AA 300w, https:\/\/res.cloudinary.com\/turna\/images\/w_630,h_420,c_scale\/f_auto,q_auto:low\/v1545174115\/Zalipie-Evleri_rh8stg\/Zalipie-Evleri_rh8stg.jpg?_i=AA 630w, https:\/\/res.cloudinary.com\/turna\/images\/w_640,h_427,c_scale\/f_auto,q_auto:low\/v1545174115\/Zalipie-Evleri_rh8stg\/Zalipie-Evleri_rh8stg.jpg?_i=AA 640w, https:\/\/res.cloudinary.com\/turna\/images\/w_681,h_454,c_scale\/f_auto,q_auto:low\/v1545174115\/Zalipie-Evleri_rh8stg\/Zalipie-Evleri_rh8stg.jpg?_i=AA 681w\" sizes=\"(max-width: 790px) 100vw, 790px\" \/><\/p>\n<p>Zalipie bu gelenek yayg\u0131nla\u015fana ve \u00fcn\u00fc \u00fclke s\u0131n\u0131rlar\u0131n\u0131 a\u015fana kadar k\u00fc\u00e7\u00fck bir k\u00f6y olma \u00f6zelli\u011fi ta\u015f\u0131rken, bug\u00fcn d\u00fcnyan\u0131n d\u00f6rt bir yan\u0131ndan ziyaret\u00e7iler k\u00f6ye ak\u0131n ak\u0131n geliyor.<\/p>\n<p>&nbsp;<\/p>\n<p><img width=\"790\" height=\"526\" data-public-id=\"Zalipie-Dis-Gorunum_mwptos\/Zalipie-Dis-Gorunum_mwptos.jpg\" loading=\"lazy\" decoding=\"async\" class=\"alignnone wp-post-14796 wp-image-14989\" src=\"https:\/\/res.cloudinary.com\/turna\/images\/w_790,h_526,c_scale\/f_auto,q_auto:low\/v1545174115\/Zalipie-Dis-Gorunum_mwptos\/Zalipie-Dis-Gorunum_mwptos.jpg?_i=AA\" data-format=\"jpg\" data-transformations=\"f_auto,q_auto:low\" data-version=\"1545174115\" data-seo=\"1\" srcset=\"https:\/\/res.cloudinary.com\/turna\/images\/f_auto,q_auto:low\/v1545174115\/Zalipie-Dis-Gorunum_mwptos\/Zalipie-Dis-Gorunum_mwptos.jpg?_i=AA 790w, https:\/\/res.cloudinary.com\/turna\/images\/w_300,h_200,c_scale\/f_auto,q_auto:low\/v1545174115\/Zalipie-Dis-Gorunum_mwptos\/Zalipie-Dis-Gorunum_mwptos.jpg?_i=AA 300w, https:\/\/res.cloudinary.com\/turna\/images\/w_631,h_420,c_scale\/f_auto,q_auto:low\/v1545174115\/Zalipie-Dis-Gorunum_mwptos\/Zalipie-Dis-Gorunum_mwptos.jpg?_i=AA 631w, https:\/\/res.cloudinary.com\/turna\/images\/w_640,h_426,c_scale\/f_auto,q_auto:low\/v1545174115\/Zalipie-Dis-Gorunum_mwptos\/Zalipie-Dis-Gorunum_mwptos.jpg?_i=AA 640w, https:\/\/res.cloudinary.com\/turna\/images\/w_681,h_453,c_scale\/f_auto,q_auto:low\/v1545174115\/Zalipie-Dis-Gorunum_mwptos\/Zalipie-Dis-Gorunum_mwptos.jpg?_i=AA 681w\" sizes=\"(max-width: 790px) 100vw, 790px\" \/><\/p>\n<p>1905 y\u0131l\u0131nda yerel bir dergide yay\u0131nlanan makalenin ard\u0131ndan bilinirli\u011fi artan k\u00f6y, \u00e7ok say\u0131da farkl\u0131 aktiviteye de ev sahipli\u011fi yap\u0131yor.<\/p>\n<p><img width=\"790\" height=\"592\" data-public-id=\"Zalipie-Boyali-Koy_oqzu8g\/Zalipie-Boyali-Koy_oqzu8g.jpg\" loading=\"lazy\" decoding=\"async\" class=\"alignnone wp-post-14796 wp-image-14990\" src=\"https:\/\/res.cloudinary.com\/turna\/images\/w_790,h_592,c_scale\/f_auto,q_auto:low\/v1545174115\/Zalipie-Boyali-Koy_oqzu8g\/Zalipie-Boyali-Koy_oqzu8g.jpg?_i=AA\" data-format=\"jpg\" data-transformations=\"f_auto,q_auto:low\" data-version=\"1545174115\" data-seo=\"1\" srcset=\"https:\/\/res.cloudinary.com\/turna\/images\/f_auto,q_auto:low\/v1545174115\/Zalipie-Boyali-Koy_oqzu8g\/Zalipie-Boyali-Koy_oqzu8g.jpg?_i=AA 790w, https:\/\/res.cloudinary.com\/turna\/images\/w_300,h_225,c_scale\/f_auto,q_auto:low\/v1545174115\/Zalipie-Boyali-Koy_oqzu8g\/Zalipie-Boyali-Koy_oqzu8g.jpg?_i=AA 300w, https:\/\/res.cloudinary.com\/turna\/images\/w_560,h_420,c_scale\/f_auto,q_auto:low\/v1545174115\/Zalipie-Boyali-Koy_oqzu8g\/Zalipie-Boyali-Koy_oqzu8g.jpg?_i=AA 560w, https:\/\/res.cloudinary.com\/turna\/images\/w_80,h_60,c_scale\/f_auto,q_auto:low\/v1545174115\/Zalipie-Boyali-Koy_oqzu8g\/Zalipie-Boyali-Koy_oqzu8g.jpg?_i=AA 80w, https:\/\/res.cloudinary.com\/turna\/images\/w_100,h_75,c_scale\/f_auto,q_auto:low\/v1545174115\/Zalipie-Boyali-Koy_oqzu8g\/Zalipie-Boyali-Koy_oqzu8g.jpg?_i=AA 100w, https:\/\/res.cloudinary.com\/turna\/images\/w_180,h_135,c_scale\/f_auto,q_auto:low\/v1545174115\/Zalipie-Boyali-Koy_oqzu8g\/Zalipie-Boyali-Koy_oqzu8g.jpg?_i=AA 180w, https:\/\/res.cloudinary.com\/turna\/images\/w_238,h_178,c_scale\/f_auto,q_auto:low\/v1545174115\/Zalipie-Boyali-Koy_oqzu8g\/Zalipie-Boyali-Koy_oqzu8g.jpg?_i=AA 238w, https:\/\/res.cloudinary.com\/turna\/images\/w_640,h_480,c_scale\/f_auto,q_auto:low\/v1545174115\/Zalipie-Boyali-Koy_oqzu8g\/Zalipie-Boyali-Koy_oqzu8g.jpg?_i=AA 640w, https:\/\/res.cloudinary.com\/turna\/images\/w_681,h_510,c_scale\/f_auto,q_auto:low\/v1545174115\/Zalipie-Boyali-Koy_oqzu8g\/Zalipie-Boyali-Koy_oqzu8g.jpg?_i=AA 681w\" sizes=\"(max-width: 790px) 100vw, 790px\" \/>K\u00f6ydeki en g\u00fczel dekore edilmi\u015f evi se\u00e7mek i\u00e7in her y\u0131l Katolik Yortusu&#8217;ndan\u00a0sonraki ilk hafta ger\u00e7ekle\u015ftirilen yar\u0131\u015fma gelenekselle\u015fiyor.\u00a0\u0130lk kez 1948\u2019de ba\u015flayan ev boyama yar\u0131\u015fmas\u0131 1965\u2019e kadar aral\u0131klarla devam ediyor.<\/p>\n<p><img width=\"790\" height=\"592\" data-public-id=\"Polonya-Zalipie_slfqlb\/Polonya-Zalipie_slfqlb.jpg\" loading=\"lazy\" decoding=\"async\" class=\"alignnone wp-post-14796 wp-image-14991\" src=\"https:\/\/res.cloudinary.com\/turna\/images\/w_790,h_592,c_scale\/f_auto,q_auto:low\/v1545174114\/Polonya-Zalipie_slfqlb\/Polonya-Zalipie_slfqlb.jpg?_i=AA\" data-format=\"jpg\" data-transformations=\"f_auto,q_auto:low\" data-version=\"1545174114\" data-seo=\"1\" srcset=\"https:\/\/res.cloudinary.com\/turna\/images\/f_auto,q_auto:low\/v1545174114\/Polonya-Zalipie_slfqlb\/Polonya-Zalipie_slfqlb.jpg?_i=AA 790w, https:\/\/res.cloudinary.com\/turna\/images\/w_300,h_225,c_scale\/f_auto,q_auto:low\/v1545174114\/Polonya-Zalipie_slfqlb\/Polonya-Zalipie_slfqlb.jpg?_i=AA 300w, https:\/\/res.cloudinary.com\/turna\/images\/w_560,h_420,c_scale\/f_auto,q_auto:low\/v1545174114\/Polonya-Zalipie_slfqlb\/Polonya-Zalipie_slfqlb.jpg?_i=AA 560w, https:\/\/res.cloudinary.com\/turna\/images\/w_80,h_60,c_scale\/f_auto,q_auto:low\/v1545174114\/Polonya-Zalipie_slfqlb\/Polonya-Zalipie_slfqlb.jpg?_i=AA 80w, https:\/\/res.cloudinary.com\/turna\/images\/w_100,h_75,c_scale\/f_auto,q_auto:low\/v1545174114\/Polonya-Zalipie_slfqlb\/Polonya-Zalipie_slfqlb.jpg?_i=AA 100w, https:\/\/res.cloudinary.com\/turna\/images\/w_180,h_135,c_scale\/f_auto,q_auto:low\/v1545174114\/Polonya-Zalipie_slfqlb\/Polonya-Zalipie_slfqlb.jpg?_i=AA 180w, https:\/\/res.cloudinary.com\/turna\/images\/w_238,h_178,c_scale\/f_auto,q_auto:low\/v1545174114\/Polonya-Zalipie_slfqlb\/Polonya-Zalipie_slfqlb.jpg?_i=AA 238w, https:\/\/res.cloudinary.com\/turna\/images\/w_640,h_480,c_scale\/f_auto,q_auto:low\/v1545174114\/Polonya-Zalipie_slfqlb\/Polonya-Zalipie_slfqlb.jpg?_i=AA 640w, https:\/\/res.cloudinary.com\/turna\/images\/w_681,h_510,c_scale\/f_auto,q_auto:low\/v1545174114\/Polonya-Zalipie_slfqlb\/Polonya-Zalipie_slfqlb.jpg?_i=AA 681w\" sizes=\"(max-width: 790px) 100vw, 790px\" \/><\/p>\n<p>Ayr\u0131ca k\u00f6yde\u00a0\u00fcnl\u00fc Ressam Felicja Curylowa\u2019ya (1904-74) ait olan \u00fc\u00e7 odal\u0131 \u00e7iftlik evi, m\u00fcze olarak ziyaret\u00e7ileri a\u011f\u0131rl\u0131yor. K\u00f6yde k\u00f6pek kul\u00fcbelerinden evlerin d\u0131\u015f y\u00fczeyine, kovalardan plastik bidonlara, tavandan yer kaplamalar\u0131na kadar her \u015fey ince i\u015f\u00e7ilikle boyanm\u0131\u015f durumda.<\/p>\n<p><img width=\"790\" height=\"592\" data-public-id=\"Zalipie-Yasam_bdarcu\/Zalipie-Yasam_bdarcu.jpg\" loading=\"lazy\" decoding=\"async\" class=\"alignnone wp-post-14796 wp-image-14984\" src=\"https:\/\/res.cloudinary.com\/turna\/images\/w_790,h_592,c_scale\/f_auto,q_auto:low\/v1545174116\/Zalipie-Yasam_bdarcu\/Zalipie-Yasam_bdarcu.jpg?_i=AA\" data-format=\"jpg\" data-transformations=\"f_auto,q_auto:low\" data-version=\"1545174116\" data-seo=\"1\" srcset=\"https:\/\/res.cloudinary.com\/turna\/images\/f_auto,q_auto:low\/v1545174116\/Zalipie-Yasam_bdarcu\/Zalipie-Yasam_bdarcu.jpg?_i=AA 790w, https:\/\/res.cloudinary.com\/turna\/images\/w_300,h_225,c_scale\/f_auto,q_auto:low\/v1545174116\/Zalipie-Yasam_bdarcu\/Zalipie-Yasam_bdarcu.jpg?_i=AA 300w, https:\/\/res.cloudinary.com\/turna\/images\/w_560,h_420,c_scale\/f_auto,q_auto:low\/v1545174116\/Zalipie-Yasam_bdarcu\/Zalipie-Yasam_bdarcu.jpg?_i=AA 560w, https:\/\/res.cloudinary.com\/turna\/images\/w_80,h_60,c_scale\/f_auto,q_auto:low\/v1545174116\/Zalipie-Yasam_bdarcu\/Zalipie-Yasam_bdarcu.jpg?_i=AA 80w, https:\/\/res.cloudinary.com\/turna\/images\/w_100,h_75,c_scale\/f_auto,q_auto:low\/v1545174116\/Zalipie-Yasam_bdarcu\/Zalipie-Yasam_bdarcu.jpg?_i=AA 100w, https:\/\/res.cloudinary.com\/turna\/images\/w_180,h_135,c_scale\/f_auto,q_auto:low\/v1545174116\/Zalipie-Yasam_bdarcu\/Zalipie-Yasam_bdarcu.jpg?_i=AA 180w, https:\/\/res.cloudinary.com\/turna\/images\/w_238,h_178,c_scale\/f_auto,q_auto:low\/v1545174116\/Zalipie-Yasam_bdarcu\/Zalipie-Yasam_bdarcu.jpg?_i=AA 238w, https:\/\/res.cloudinary.com\/turna\/images\/w_640,h_480,c_scale\/f_auto,q_auto:low\/v1545174116\/Zalipie-Yasam_bdarcu\/Zalipie-Yasam_bdarcu.jpg?_i=AA 640w, https:\/\/res.cloudinary.com\/turna\/images\/w_681,h_510,c_scale\/f_auto,q_auto:low\/v1545174116\/Zalipie-Yasam_bdarcu\/Zalipie-Yasam_bdarcu.jpg?_i=AA 681w\" sizes=\"(max-width: 790px) 100vw, 790px\" \/><\/p>\n<p>Ziyaret\u00e7ileri hayrete d\u00fc\u015f\u00fcren bu titiz i\u015f\u00e7ilik,\u00a0her biri bu alanda geli\u015fen ve aile fertlerine de bu gelene\u011fi s\u00fcrd\u00fcrebilmeleri i\u00e7in e\u011fitim veren bir kesimi de olu\u015fturmu\u015f.<\/p>\n<p><img width=\"790\" height=\"527\" data-public-id=\"Boyali-Koy-Zalipie-Ev_bw2cep\/Boyali-Koy-Zalipie-Ev_bw2cep.jpg\" loading=\"lazy\" decoding=\"async\" class=\"alignnone wp-post-14796 wp-image-14992\" src=\"https:\/\/res.cloudinary.com\/turna\/images\/w_790,h_527,c_scale\/f_auto,q_auto:low\/v1545174114\/Boyali-Koy-Zalipie-Ev_bw2cep\/Boyali-Koy-Zalipie-Ev_bw2cep.jpg?_i=AA\" data-format=\"jpg\" data-transformations=\"f_auto,q_auto:low\" data-version=\"1545174114\" data-seo=\"1\" srcset=\"https:\/\/res.cloudinary.com\/turna\/images\/f_auto,q_auto:low\/v1545174114\/Boyali-Koy-Zalipie-Ev_bw2cep\/Boyali-Koy-Zalipie-Ev_bw2cep.jpg?_i=AA 790w, https:\/\/res.cloudinary.com\/turna\/images\/w_300,h_200,c_scale\/f_auto,q_auto:low\/v1545174114\/Boyali-Koy-Zalipie-Ev_bw2cep\/Boyali-Koy-Zalipie-Ev_bw2cep.jpg?_i=AA 300w, https:\/\/res.cloudinary.com\/turna\/images\/w_630,h_420,c_scale\/f_auto,q_auto:low\/v1545174114\/Boyali-Koy-Zalipie-Ev_bw2cep\/Boyali-Koy-Zalipie-Ev_bw2cep.jpg?_i=AA 630w, https:\/\/res.cloudinary.com\/turna\/images\/w_640,h_427,c_scale\/f_auto,q_auto:low\/v1545174114\/Boyali-Koy-Zalipie-Ev_bw2cep\/Boyali-Koy-Zalipie-Ev_bw2cep.jpg?_i=AA 640w, https:\/\/res.cloudinary.com\/turna\/images\/w_681,h_454,c_scale\/f_auto,q_auto:low\/v1545174114\/Boyali-Koy-Zalipie-Ev_bw2cep\/Boyali-Koy-Zalipie-Ev_bw2cep.jpg?_i=AA 681w\" sizes=\"(max-width: 790px) 100vw, 790px\" \/><\/p>\n<p><a href=\"https:\/\/www.turna.com\/blog\/ulkeler\/avrupa\/\" target=\"_blank\" rel=\"noopener\"><strong>Avrupa<\/strong><\/a>&#8216;n\u0131n en ilgi \u00e7eken <strong>g\u00f6r\u00fclecek yerlerinden<\/strong> biri olan\u00a0Zalipie, <strong>Polonya<\/strong>&#8216;ya da Krakow \u015fehri yak\u0131nlar\u0131nda bulunuyor. &#8220;Boyal\u0131 K\u00f6y&#8221; olarak \u00fcnlenen Zalipie&#8217;yi ziyaret eden gezginler yerel k\u00fclt\u00fcre tan\u0131kl\u0131k ediyor. Var olan bir soruna \u00e7\u00f6z\u00fcm \u00fcretmek amac\u0131yla ba\u015flat\u0131lan gelenek \u00e7ok say\u0131da turisti b\u00f6lgeye \u00e7ekerken,\u00a0Kuize, Niwka ve Klyz gibi yerlerde de bu tarz \u00f6zel evler bulmak m\u00fcmk\u00fcn.<\/p>\n\n    <div class=\"xs_social_share_widget xs_share_url after_content \t\tmain_content  wslu-style-1 wslu-share-box-shaped wslu-fill-colored wslu-none wslu-share-horizontal wslu-theme-font-no wslu-main_content\">\n\n\t\t\n        <ul>\n\t\t\t        <\/ul>\n    <\/div> \n","protected":false},"excerpt":{"rendered":"<p>Zalipie, Polonya\u2019n\u0131n en b\u00fcy\u00fck \u015fehirlerinden\u00a0Krakow\u2019un 118\u00a0km do\u011fusunda yer alan, boyal\u0131 evleriyle masallar\u0131 aratmayan g\u00fczellikte bir k\u00f6y. K\u00f6yde 19. y\u00fczy\u0131l sonlar\u0131nda eski moda f\u0131r\u0131nlar\u0131n bacalar\u0131yla birlikte yenilenmesi s\u0131ras\u0131nda olu\u015fan gelenek, yeni bir dekorasyon ak\u0131m\u0131 ba\u015flatm\u0131\u015f. Bu gelenek, eski f\u0131r\u0131nlar\u0131n duvarda b\u0131rakt\u0131\u011f\u0131 delik ve duman lekelerinden ka\u00e7mak amac\u0131yla kad\u0131nlar\u0131n duvarlara badana ile resim yapmas\u0131 ile olu\u015fmu\u015f. Zaman [&hellip;]<\/p>\n","protected":false},"author":8,"featured_media":14987,"comment_status":"open","ping_status":"open","sticky":false,"template":"","format":"standard","meta":{"rop_custom_images_group":[],"rop_custom_messages_group":[],"rop_publish_now":"initial","rop_publish_now_accounts":[],"rop_publish_now_history":[],"rop_publish_now_status":"pending","_cloudinary_featured_overwrite":false,"footnotes":""},"categories":[989],"tags":[1047,884,2159,2158],"class_list":["post-14796","post","type-post","status-publish","format-standard","has-post-thumbnail","hentry","category-polonya","tag-krakov","tag-polonya","tag-poznan","tag-szczecin"],"_links":{"self":[{"href":"https:\/\/www.turna.com\/blog\/wp-json\/wp\/v2\/posts\/14796","targetHints":{"allow":["GET"]}}],"collection":[{"href":"https:\/\/www.turna.com\/blog\/wp-json\/wp\/v2\/posts"}],"about":[{"href":"https:\/\/www.turna.com\/blog\/wp-json\/wp\/v2\/types\/post"}],"author":[{"embeddable":true,"href":"https:\/\/www.turna.com\/blog\/wp-json\/wp\/v2\/users\/8"}],"replies":[{"embeddable":true,"href":"https:\/\/www.turna.com\/blog\/wp-json\/wp\/v2\/comments?post=14796"}],"version-history":[{"count":0,"href":"https:\/\/www.turna.com\/blog\/wp-json\/wp\/v2\/posts\/14796\/revisions"}],"wp:featuredmedia":[{"embeddable":true,"href":"https:\/\/www.turna.com\/blog\/wp-json\/wp\/v2\/media\/14987"}],"wp:attachment":[{"href":"https:\/\/www.turna.com\/blog\/wp-json\/wp\/v2\/media?parent=14796"}],"wp:term":[{"taxonomy":"category","embeddable":true,"href":"https:\/\/www.turna.com\/blog\/wp-json\/wp\/v2\/categories?post=14796"},{"taxonomy":"post_tag","embeddable":true,"href":"https:\/\/www.turna.com\/blog\/wp-json\/wp\/v2\/tags?post=14796"}],"curies":[{"name":"wp","href":"https:\/\/api.w.org\/{rel}","templated":true}]}}