{"id":14790,"date":"2019-01-27T08:04:30","date_gmt":"2019-01-27T06:04:30","guid":{"rendered":"https:\/\/www.turna.com\/blog\/?p=14790"},"modified":"2019-10-28T11:02:50","modified_gmt":"2019-10-28T09:02:50","slug":"windhoek-gezilecek-yerler","status":"publish","type":"post","link":"https:\/\/www.turna.com\/blog\/windhoek-gezilecek-yerler","title":{"rendered":"Windhoek Gezilecek Yerler: G\u00f6r\u00fclmesi Gereken 9 Yer"},"content":{"rendered":"<div id=\"ez-toc-container\" class=\"ez-toc-v2_0_82_2 counter-hierarchy ez-toc-counter ez-toc-black ez-toc-container-direction\">\n<div class=\"ez-toc-title-container\">\n<p class=\"ez-toc-title\" style=\"cursor:inherit\">\u0130\u00e7indekiler<\/p>\n<span class=\"ez-toc-title-toggle\"><a href=\"#\" class=\"ez-toc-pull-right ez-toc-btn ez-toc-btn-xs ez-toc-btn-default ez-toc-toggle\" aria-label=\"\u0130\u00e7indekiler Tablosunu A\u00e7\/Kapat\"><span class=\"ez-toc-js-icon-con\"><span class=\"\"><span class=\"eztoc-hide\" style=\"display:none;\">Toggle<\/span><span class=\"ez-toc-icon-toggle-span\"><svg style=\"fill: #ffffff;color:#ffffff\" xmlns=\"http:\/\/www.w3.org\/2000\/svg\" class=\"list-377408\" width=\"20px\" height=\"20px\" viewBox=\"0 0 24 24\" fill=\"none\"><path d=\"M6 6H4v2h2V6zm14 0H8v2h12V6zM4 11h2v2H4v-2zm16 0H8v2h12v-2zM4 16h2v2H4v-2zm16 0H8v2h12v-2z\" fill=\"currentColor\"><\/path><\/svg><svg style=\"fill: #ffffff;color:#ffffff\" class=\"arrow-unsorted-368013\" xmlns=\"http:\/\/www.w3.org\/2000\/svg\" width=\"10px\" height=\"10px\" viewBox=\"0 0 24 24\" version=\"1.2\" baseProfile=\"tiny\"><path d=\"M18.2 9.3l-6.2-6.3-6.2 6.3c-.2.2-.3.4-.3.7s.1.5.3.7c.2.2.4.3.7.3h11c.3 0 .5-.1.7-.3.2-.2.3-.5.3-.7s-.1-.5-.3-.7zM5.8 14.7l6.2 6.3 6.2-6.3c.2-.2.3-.5.3-.7s-.1-.5-.3-.7c-.2-.2-.4-.3-.7-.3h-11c-.3 0-.5.1-.7.3-.2.2-.3.5-.3.7s.1.5.3.7z\"\/><\/svg><\/span><\/span><\/span><\/a><\/span><\/div>\n<nav><ul class='ez-toc-list ez-toc-list-level-1 eztoc-toggle-hide-by-default' ><li class='ez-toc-page-1 ez-toc-heading-level-2'><a class=\"ez-toc-link ez-toc-heading-1\" href=\"https:\/\/www.turna.com\/blog\/windhoek-gezilecek-yerler\/#windhoek_gezilecek_yerler\" >Windhoek Gezilecek Yerler<\/a><ul class='ez-toc-list-level-3' ><li class='ez-toc-heading-level-3'><a class=\"ez-toc-link ez-toc-heading-2\" href=\"https:\/\/www.turna.com\/blog\/windhoek-gezilecek-yerler\/#1_alman_lutheran_kilisesi\" >1. Alman Lutheran Kilisesi<\/a><\/li><li class='ez-toc-page-1 ez-toc-heading-level-3'><a class=\"ez-toc-link ez-toc-heading-3\" href=\"https:\/\/www.turna.com\/blog\/windhoek-gezilecek-yerler\/#2_alte_feste\" >2. Alte Feste<\/a><\/li><li class='ez-toc-page-1 ez-toc-heading-level-3'><a class=\"ez-toc-link ez-toc-heading-4\" href=\"https:\/\/www.turna.com\/blog\/windhoek-gezilecek-yerler\/#3_owela_muzesi\" >3. Owela M\u00fczesi<\/a><\/li><li class='ez-toc-page-1 ez-toc-heading-level-3'><a class=\"ez-toc-link ez-toc-heading-5\" href=\"https:\/\/www.turna.com\/blog\/windhoek-gezilecek-yerler\/#4_parlamento_binasi\" >4. Parlamento Binas\u0131<\/a><\/li><li class='ez-toc-page-1 ez-toc-heading-level-3'><a class=\"ez-toc-link ez-toc-heading-6\" href=\"https:\/\/www.turna.com\/blog\/windhoek-gezilecek-yerler\/#5_national_museum_of_namibia_acre\" >5.\u00a0National Museum of Namibia ACRE<\/a><\/li><li class='ez-toc-page-1 ez-toc-heading-level-3'><a class=\"ez-toc-link ez-toc-heading-7\" href=\"https:\/\/www.turna.com\/blog\/windhoek-gezilecek-yerler\/#6_namibya_ulusal_sanat_galerisi\" >6. Namibya Ulusal Sanat Galerisi<\/a><\/li><li class='ez-toc-page-1 ez-toc-heading-level-3'><a class=\"ez-toc-link ez-toc-heading-8\" href=\"https:\/\/www.turna.com\/blog\/windhoek-gezilecek-yerler\/#7_gibeon_meteoriti\" >7. Gibeon Meteoriti<\/a><\/li><li class='ez-toc-page-1 ez-toc-heading-level-3'><a class=\"ez-toc-link ez-toc-heading-9\" href=\"https:\/\/www.turna.com\/blog\/windhoek-gezilecek-yerler\/#8_katatura\" >8. Katatura<\/a><\/li><li class='ez-toc-page-1 ez-toc-heading-level-3'><a class=\"ez-toc-link ez-toc-heading-10\" href=\"https:\/\/www.turna.com\/blog\/windhoek-gezilecek-yerler\/#9_daan_viljoen_oyun_parki\" >9. Daan Viljoen Oyun Park\u0131<\/a><\/li><\/ul><\/li><\/ul><\/nav><\/div>\n<p><strong>Namibya<\/strong>&#8216;n\u0131n ba\u015fkenti <strong>Windhoek<\/strong>, \u00fclkenin ticari ve siyasi merkezi. \u00dclke merkezinde konumlanan \u015fehir, deniz seviyesinden bin 654 metre y\u00fckseklikte ve n\u00fcfusu 325 bin.<\/p>\n<p>Son y\u0131llarda alternatif co\u011frafyalar\u0131 ke\u015ffetmek isteyen <strong>seyahat<\/strong> severlerin rotas\u0131na giren Windhoek, Afrika&#8217;n\u0131n g\u00fcneybat\u0131s\u0131nda eski ad\u0131 G\u00fcney Bat\u0131 Afrika olan Namibya&#8217;n\u0131n en \u00f6nemli \u015fehri. Alman s\u00f6m\u00fcrge d\u00f6neminden izler ta\u015f\u0131yan <strong>Windhoek&#8217;te g\u00f6r\u00fclecek gezilecek<\/strong> onlarca yer var.<\/p>\n<p><a href=\"https:\/\/www.turna.com\/ucak-bileti\/namibya\" target=\"_blank\" rel=\"noopener noreferrer\"><strong>Namibya u\u00e7ak bileti<\/strong><\/a> se\u00e7eneklerine g\u00f6z at\u0131n.<\/p>\n<h2><span class=\"ez-toc-section\" id=\"windhoek_gezilecek_yerler\"><\/span><strong>Windhoek Gezilecek Yerler<\/strong><span class=\"ez-toc-section-end\"><\/span><\/h2>\n<h3><span class=\"ez-toc-section\" id=\"1_alman_lutheran_kilisesi\"><\/span><strong>1. Alman Lutheran Kilisesi<\/strong><span class=\"ez-toc-section-end\"><\/span><\/h3>\n<p><img width=\"800\" height=\"500\" data-public-id=\"Windhoek-Church_enrkrt\/Windhoek-Church_enrkrt.jpg\" fetchpriority=\"high\" decoding=\"async\" class=\"alignnone wp-post-14790 wp-image-15192\" src=\"https:\/\/res.cloudinary.com\/turna\/images\/w_800,h_500,c_scale\/f_auto,q_auto:low\/v1545334611\/Windhoek-Church_enrkrt\/Windhoek-Church_enrkrt.jpg?_i=AA\" data-format=\"jpg\" data-transformations=\"f_auto,q_auto:low\" data-version=\"1545334611\" data-seo=\"1\" \/><\/p>\n<p><strong>Alman Lutheran Kilisesi<\/strong>\u00a0Gottlieb Redeceker taraf\u0131ndan tasarlanm\u0131\u015f. Maceraperest neo-Goti\u011fin Art-Nouveau ile muhte\u015fem bir birle\u015fimi olan tasar\u0131m 1909&#8217;da 30 km uzaktan getirtilen kum ta\u015flar\u0131 ile yap\u0131lm\u0131\u015f. Windhoek&#8217;in en \u00e7ok bilinen kent simgelerinden biri haline geldi.<\/p>\n<h3><span class=\"ez-toc-section\" id=\"2_alte_feste\"><\/span><strong>2. Alte Feste<\/strong><span class=\"ez-toc-section-end\"><\/span><\/h3>\n<p>En eski bina olan ve Owela ile \u015fehir m\u00fczesini i\u00e7erisinde bar\u0131nd\u0131ran <strong>Alte Feste<\/strong> ziyaret edilmesi gereken en \u00f6nemli yerlerden biri. Windhoek&#8217;in en eski binas\u0131 bembeyaz Alte Feste, Putz tarz\u0131 \u00f6rme tu\u011fla 1890&#8217;da Y\u00fczba\u015f\u0131 Von Fran\u00e7ois\u2019n\u0131n ana kararg\u00e2h\u0131 olarak in\u015fa edildi ve 1901&#8217;de da geni\u015fletildi.<\/p>\n<p>\u00dclke bir zamanlar G\u00fcney Afrika&#8217;n\u0131n par\u00e7as\u0131 olarak South-West Africa olarak adland\u0131r\u0131l\u0131rken Alte Feste, o zamanki y\u00f6netimin askeri y\u00f6netim merkeziydi. Kale 1935&#8217;de bu defa Windhoek High School olarak hizmet verdi. 1963&#8217;ten bu yana g\u00fcn\u00fcm\u00fczde <strong>Namibya Ulusal M\u00fczesi<\/strong> olarak kullan\u0131l\u0131yor. M\u00fcze \u015fimdi \u00fclkenin ger\u00e7ek sahipleri yerli halk\u0131n tarihini anlat\u0131yor.<\/p>\n<h3><span class=\"ez-toc-section\" id=\"3_owela_muzesi\"><\/span><strong>3. Owela M\u00fczesi<\/strong><span class=\"ez-toc-section-end\"><\/span><\/h3>\n<p><strong>Owela M\u00fczesi<\/strong>\u00a0gibi k\u00fclt\u00fcrel b\u00f6lgeler de yine bu b\u00f6lgede bulunuyor.\u00a0Her \u015feyin kayd\u0131n\u0131 tutan ve Windhoek&#8217;in s\u00f6m\u00fcrge ge\u00e7mi\u015fini yans\u0131tan bu m\u00fcze size \u015fehir hakk\u0131nda \u00e7ok fazla fikir verece\u011fine eminim. Owela M\u00fczesi, Namibya Ulusal M\u00fczesinin do\u011fal tarih b\u00f6l\u00fcm\u00fcn\u00fc de i\u00e7erisinde bulunduruyor. Namibya&#8217;n\u0131n zengin yerel k\u00fclt\u00fcrleri hakk\u0131nda yeterli bilgi verse de en etkileyici k\u0131sm\u0131 kesinlikle \u00e7ita sergisi.<\/p>\n<h3><span class=\"ez-toc-section\" id=\"4_parlamento_binasi\"><\/span><strong>4. Parlamento Binas\u0131<\/strong><span class=\"ez-toc-section-end\"><\/span><\/h3>\n<p><img width=\"800\" height=\"500\" data-public-id=\"Namibya-Parlamentosu_hcmuzv\/Namibya-Parlamentosu_hcmuzv.jpg\" decoding=\"async\" class=\"alignnone wp-post-14790 wp-image-15189\" src=\"https:\/\/res.cloudinary.com\/turna\/images\/w_800,h_500,c_scale\/f_auto,q_auto:low\/v1545334522\/Namibya-Parlamentosu_hcmuzv\/Namibya-Parlamentosu_hcmuzv.jpg?_i=AA\" data-format=\"jpg\" data-transformations=\"f_auto,q_auto:low\" data-version=\"1545334522\" data-seo=\"1\" \/><\/p>\n<p>Tepeyi ta\u00e7land\u0131ran bir ba\u015fka Redecker tasar\u0131m\u0131 ise kilisenin arkas\u0131nda do\u011fuda yer alan <strong>Parlamento Binas\u0131<\/strong>. Etkileyici bir tasar\u0131ma sahip olan Parlamento Binas\u0131 muhte\u015fem bah\u00e7eleri ile bir zamanlar\u0131n s\u00f6m\u00fcrge y\u00f6netimine ev sahipli\u011fi yap\u0131yordu. Bah\u00e7esinde ders \u00e7al\u0131\u015fan \u00f6\u011frenciler, a\u011fa\u00e7lar alt\u0131nda romantik \u00e7iftler g\u00f6r\u00fcrseniz \u015fa\u015f\u0131rmay\u0131n.<\/p>\n<h3><span class=\"ez-toc-section\" id=\"5_national_museum_of_namibia_acre\"><\/span><strong>5.\u00a0National Museum of Namibia ACRE<\/strong><span class=\"ez-toc-section-end\"><\/span><\/h3>\n<p><img width=\"800\" height=\"500\" data-public-id=\"National-Museum_k6ela0\/National-Museum_k6ela0.jpg\" decoding=\"async\" class=\"alignnone wp-post-14790 wp-image-15190\" src=\"https:\/\/res.cloudinary.com\/turna\/images\/w_800,h_500,c_scale\/f_auto,q_auto:low\/v1545334522\/National-Museum_k6ela0\/National-Museum_k6ela0.jpg?_i=AA\" data-format=\"jpg\" data-transformations=\"f_auto,q_auto:low\" data-version=\"1545334522\" data-seo=\"1\" \/><\/p>\n<p>Kilise&#8217;nin hemen sa\u011f\u0131dan y\u00fckselen dev binada yer alan National Museum of Namibia ACRE, bug\u00fcn \u00fclke tarihini katman katman anlatan sergileriyle g\u00f6r\u00fclebilir. M\u00fcze olarak daha \u00e7ok foto\u011fraf, duvar resimleri ve hikayeleri anlatan yaz\u0131lardan olu\u015fan m\u00fczeyi gezmek pek de keyifli de\u011fildi benim i\u00e7in. Ama en \u00fcst kattaki cafe ve restoran Windohek&#8217;in en iyi \u015fehir manzaras\u0131na sahip.<\/p>\n<h3><span class=\"ez-toc-section\" id=\"6_namibya_ulusal_sanat_galerisi\"><\/span><strong>6. Namibya Ulusal Sanat Galerisi<\/strong><span class=\"ez-toc-section-end\"><\/span><\/h3>\n<p>Ziyaret edilmesi gereken bir di\u011fer m\u00fcze ise Owela m\u00fczesinin hemen yan\u0131ba\u015f\u0131ndaki Namibya Ulusal Sanat Galerisi. John Muafagejo\u2019nun ola\u011fan\u00fcst\u00fc linolyum bask\u0131lar\u0131 ve Adolph Jentsch\u2019in eserlerini bu m\u00fczede\u00a0g\u00f6rebilirsiniz.<\/p>\n<h3><span class=\"ez-toc-section\" id=\"7_gibeon_meteoriti\"><\/span><strong>7. Gibeon Meteoriti<\/strong><span class=\"ez-toc-section-end\"><\/span><\/h3>\n<p>500 milyon y\u0131l \u00f6nce d\u00fc\u015fen Gibeon meteorit\u2019inin par\u00e7alar\u0131n\u0131n sergilendi\u011fi meydan\u0131n etraf\u0131ndaki pasajlarda \u00e7e\u015fit \u00e7e\u015fit Afrika sanat \u00fcr\u00fcnleri d\u00fckkanlar\u0131 ve sanat galerileri yer al\u0131yor.<\/p>\n<h3><span class=\"ez-toc-section\" id=\"8_katatura\"><\/span><strong>8. Katatura<\/strong><span class=\"ez-toc-section-end\"><\/span><\/h3>\n<p>Windhoek\u2019in n\u00fcfusu 2001&#8217;de 233,000 civar\u0131ndayken g\u00fcn\u00fcm\u00fczde 300,000&#8217;e dayanm\u0131\u015f durumda. Avrupal\u0131lar\u0131n, Ovambolar\u0131n, Hererolar\u0131n ve Damaralar\u0131n olu\u015fturdu\u011fu reng\u00e2renk etnik ya\u015fam\u0131n en g\u00fczel g\u00f6r\u00fcnt\u00fclerinden birini tan\u0131k olman\u0131za olanak sunuyor. Ba\u015fkent biraz sakin, ancak merkezin d\u0131\u015f\u0131nda bulunan bir\u00e7ok kenar mahalle vadiye da\u011f\u0131lm\u0131\u015f durumda ve bunlar\u0131n aras\u0131nda Katatura en kalabal\u0131k yerle\u015fimin oldu\u011fu yer.<\/p>\n<p>1960&#8217;da \u0131rk\u00e7\u0131 G\u00fcney Afrika y\u00f6netimi Windhoek\u2019de ya\u015fayan siyahileri zorla yerlerinden edip buraya yerle\u015ftirmi\u015f. E\u011fer vaktiniz olursa birka\u00e7 saatinizi Katatura&#8217;y\u0131 ziyaret etmek i\u00e7in harcay\u0131n. Namibyal\u0131lar\u0131n ger\u00e7ek hayatlar\u0131na e\u015flik edip k\u00fclt\u00fcrlerine en derinden \u015fahit olmak burada m\u00fcmk\u00fcn.<\/p>\n<h3><span class=\"ez-toc-section\" id=\"9_daan_viljoen_oyun_parki\"><\/span><strong>9. Daan Viljoen Oyun Park\u0131<\/strong><span class=\"ez-toc-section-end\"><\/span><\/h3>\n<p><img width=\"800\" height=\"500\" data-public-id=\"Daan-Viljoen-_ieu7tb\/Daan-Viljoen-_ieu7tb.jpg\" loading=\"lazy\" decoding=\"async\" class=\"alignnone wp-post-14790 wp-image-15191\" src=\"data:image\/svg+xml;base64,PHN2ZyB4bWxucz0iaHR0cDovL3d3dy53My5vcmcvMjAwMC9zdmciIHdpZHRoPSI4MDAiIGhlaWdodD0iNTAwIj48cmVjdCB3aWR0aD0iMTAwJSIgaGVpZ2h0PSIxMDAlIj48YW5pbWF0ZSBhdHRyaWJ1dGVOYW1lPSJmaWxsIiB2YWx1ZXM9InJnYmEoMTUzLDE1MywxNTMsMC41KTtyZ2JhKDE1MywxNTMsMTUzLDAuMSk7cmdiYSgxNTMsMTUzLDE1MywwLjUpIiBkdXI9IjJzIiByZXBlYXRDb3VudD0iaW5kZWZpbml0ZSIgLz48L3JlY3Q+PC9zdmc+\" data-format=\"jpg\" data-transformations=\"f_auto,q_auto:low\" data-version=\"1545334523\" data-seo=\"1\" data-size=\"800 500\" data-delivery=\"upload\" onload=\";window.CLDBind?CLDBind(this):null;\" data-cloudinary=\"lazy\" \/><\/p>\n<p>Windhoek\u2019den bir saatlik mesafede olan ve ailenizle piknik yapmak i\u00e7in \u00e7ok uygun bir yer olan Daan Viljoen Oyun Park\u0131na gidin. Oyun park\u0131 ayn\u0131 zamanda ku\u015f g\u00f6zlemcileri i\u00e7in de cennet denilebilir. 200\u2019den fazla farkl\u0131 ku\u015f cinsi sadece bu park i\u00e7inde bulunabiliyor. Vah\u015fi ya\u015famdan g\u00f6rebilece\u011finiz \u00f6rnekler ise mavi Afrika antilobu, eland antilobu, babunlar, da\u011f zebralar\u0131 ve keseli antiloplar.<\/p>\n\n    <div class=\"xs_social_share_widget xs_share_url after_content \t\tmain_content  wslu-style-1 wslu-share-box-shaped wslu-fill-colored wslu-none wslu-share-horizontal wslu-theme-font-no wslu-main_content\">\n\n\t\t\n        <ul>\n\t\t\t        <\/ul>\n    <\/div> \n","protected":false},"excerpt":{"rendered":"<p>Namibya&#8216;n\u0131n ba\u015fkenti Windhoek, \u00fclkenin ticari ve siyasi merkezi. \u00dclke merkezinde konumlanan \u015fehir, deniz seviyesinden bin 654 metre y\u00fckseklikte ve n\u00fcfusu 325 bin. Son y\u0131llarda alternatif co\u011frafyalar\u0131 ke\u015ffetmek isteyen seyahat severlerin rotas\u0131na giren Windhoek, Afrika&#8217;n\u0131n g\u00fcneybat\u0131s\u0131nda eski ad\u0131 G\u00fcney Bat\u0131 Afrika olan Namibya&#8217;n\u0131n en \u00f6nemli \u015fehri. Alman s\u00f6m\u00fcrge d\u00f6neminden izler ta\u015f\u0131yan Windhoek&#8217;te g\u00f6r\u00fclecek gezilecek onlarca yer [&hellip;]<\/p>\n","protected":false},"author":8,"featured_media":15192,"comment_status":"open","ping_status":"open","sticky":false,"template":"","format":"standard","meta":{"rop_custom_images_group":[],"rop_custom_messages_group":[],"rop_publish_now":"initial","rop_publish_now_accounts":[],"rop_publish_now_history":[],"rop_publish_now_status":"pending","_cloudinary_featured_overwrite":false,"footnotes":""},"categories":[1086],"tags":[921,1088],"class_list":["post-14790","post","type-post","status-publish","format-standard","has-post-thumbnail","hentry","category-namibya","tag-namibya","tag-windhoek"],"_links":{"self":[{"href":"https:\/\/www.turna.com\/blog\/wp-json\/wp\/v2\/posts\/14790","targetHints":{"allow":["GET"]}}],"collection":[{"href":"https:\/\/www.turna.com\/blog\/wp-json\/wp\/v2\/posts"}],"about":[{"href":"https:\/\/www.turna.com\/blog\/wp-json\/wp\/v2\/types\/post"}],"author":[{"embeddable":true,"href":"https:\/\/www.turna.com\/blog\/wp-json\/wp\/v2\/users\/8"}],"replies":[{"embeddable":true,"href":"https:\/\/www.turna.com\/blog\/wp-json\/wp\/v2\/comments?post=14790"}],"version-history":[{"count":0,"href":"https:\/\/www.turna.com\/blog\/wp-json\/wp\/v2\/posts\/14790\/revisions"}],"wp:featuredmedia":[{"embeddable":true,"href":"https:\/\/www.turna.com\/blog\/wp-json\/wp\/v2\/media\/15192"}],"wp:attachment":[{"href":"https:\/\/www.turna.com\/blog\/wp-json\/wp\/v2\/media?parent=14790"}],"wp:term":[{"taxonomy":"category","embeddable":true,"href":"https:\/\/www.turna.com\/blog\/wp-json\/wp\/v2\/categories?post=14790"},{"taxonomy":"post_tag","embeddable":true,"href":"https:\/\/www.turna.com\/blog\/wp-json\/wp\/v2\/tags?post=14790"}],"curies":[{"name":"wp","href":"https:\/\/api.w.org\/{rel}","templated":true}]}}