{"id":14787,"date":"2023-04-11T10:30:00","date_gmt":"2023-04-11T07:30:00","guid":{"rendered":"https:\/\/www.turna.com\/blog\/?p=14787"},"modified":"2025-12-09T11:04:19","modified_gmt":"2025-12-09T08:04:19","slug":"balinin-en-iyi-plajlari","status":"publish","type":"post","link":"https:\/\/www.turna.com\/blog\/balinin-en-iyi-plajlari","title":{"rendered":"Bali Plajlar\u0131: S\u00f6rf, Partiler, Dal\u0131\u015f ve Daha Fazlas\u0131"},"content":{"rendered":"<div id=\"ez-toc-container\" class=\"ez-toc-v2_0_82_2 counter-hierarchy ez-toc-counter ez-toc-black ez-toc-container-direction\">\n<div class=\"ez-toc-title-container\">\n<p class=\"ez-toc-title\" style=\"cursor:inherit\">\u0130\u00e7indekiler<\/p>\n<span class=\"ez-toc-title-toggle\"><a href=\"#\" class=\"ez-toc-pull-right ez-toc-btn ez-toc-btn-xs ez-toc-btn-default ez-toc-toggle\" aria-label=\"\u0130\u00e7indekiler Tablosunu A\u00e7\/Kapat\"><span class=\"ez-toc-js-icon-con\"><span class=\"\"><span class=\"eztoc-hide\" style=\"display:none;\">Toggle<\/span><span class=\"ez-toc-icon-toggle-span\"><svg style=\"fill: #ffffff;color:#ffffff\" xmlns=\"http:\/\/www.w3.org\/2000\/svg\" class=\"list-377408\" width=\"20px\" height=\"20px\" viewBox=\"0 0 24 24\" fill=\"none\"><path d=\"M6 6H4v2h2V6zm14 0H8v2h12V6zM4 11h2v2H4v-2zm16 0H8v2h12v-2zM4 16h2v2H4v-2zm16 0H8v2h12v-2z\" fill=\"currentColor\"><\/path><\/svg><svg style=\"fill: #ffffff;color:#ffffff\" class=\"arrow-unsorted-368013\" xmlns=\"http:\/\/www.w3.org\/2000\/svg\" width=\"10px\" height=\"10px\" viewBox=\"0 0 24 24\" version=\"1.2\" baseProfile=\"tiny\"><path d=\"M18.2 9.3l-6.2-6.3-6.2 6.3c-.2.2-.3.4-.3.7s.1.5.3.7c.2.2.4.3.7.3h11c.3 0 .5-.1.7-.3.2-.2.3-.5.3-.7s-.1-.5-.3-.7zM5.8 14.7l6.2 6.3 6.2-6.3c.2-.2.3-.5.3-.7s-.1-.5-.3-.7c-.2-.2-.4-.3-.7-.3h-11c-.3 0-.5.1-.7.3-.2.2-.3.5-.3.7s.1.5.3.7z\"\/><\/svg><\/span><\/span><\/span><\/a><\/span><\/div>\n<nav><ul class='ez-toc-list ez-toc-list-level-1 eztoc-toggle-hide-by-default' ><li class='ez-toc-page-1 ez-toc-heading-level-2'><a class=\"ez-toc-link ez-toc-heading-1\" href=\"https:\/\/www.turna.com\/blog\/balinin-en-iyi-plajlari\/#bali_plajlari_tatilinizi_renklendirecek_9_plaj\" >Bali Plajlar\u0131: Tatilinizi Renklendirecek 9 Plaj<\/a><ul class='ez-toc-list-level-3' ><li class='ez-toc-heading-level-3'><a class=\"ez-toc-link ez-toc-heading-2\" href=\"https:\/\/www.turna.com\/blog\/balinin-en-iyi-plajlari\/#1_nusa_dua\" >1. Nusa Dua<\/a><\/li><li class='ez-toc-page-1 ez-toc-heading-level-3'><a class=\"ez-toc-link ez-toc-heading-3\" href=\"https:\/\/www.turna.com\/blog\/balinin-en-iyi-plajlari\/#2_crystal_bay\" >2. Crystal Bay\u00a0<\/a><\/li><li class='ez-toc-page-1 ez-toc-heading-level-3'><a class=\"ez-toc-link ez-toc-heading-4\" href=\"https:\/\/www.turna.com\/blog\/balinin-en-iyi-plajlari\/#3_kuta_plaji\" >3. Kuta Plaj\u0131<\/a><\/li><li class='ez-toc-page-1 ez-toc-heading-level-3'><a class=\"ez-toc-link ez-toc-heading-5\" href=\"https:\/\/www.turna.com\/blog\/balinin-en-iyi-plajlari\/#4_yeh_gangga_plaji\" >4. Yeh Gangga Plaj\u0131<\/a><\/li><li class='ez-toc-page-1 ez-toc-heading-level-3'><a class=\"ez-toc-link ez-toc-heading-6\" href=\"https:\/\/www.turna.com\/blog\/balinin-en-iyi-plajlari\/#5_padang_padang\" >5. Padang Padang\u00a0<\/a><\/li><li class='ez-toc-page-1 ez-toc-heading-level-3'><a class=\"ez-toc-link ez-toc-heading-7\" href=\"https:\/\/www.turna.com\/blog\/balinin-en-iyi-plajlari\/#6_pasir_putih\" >6. Pas\u0131r Putih<\/a><\/li><li class='ez-toc-page-1 ez-toc-heading-level-3'><a class=\"ez-toc-link ez-toc-heading-8\" href=\"https:\/\/www.turna.com\/blog\/balinin-en-iyi-plajlari\/#7_balian_plaji\" >7. Balian Plaj\u0131<\/a><\/li><li class='ez-toc-page-1 ez-toc-heading-level-3'><a class=\"ez-toc-link ez-toc-heading-9\" href=\"https:\/\/www.turna.com\/blog\/balinin-en-iyi-plajlari\/#8_jungutbatu\" >8. Jungutbatu<\/a><\/li><li class='ez-toc-page-1 ez-toc-heading-level-3'><a class=\"ez-toc-link ez-toc-heading-10\" href=\"https:\/\/www.turna.com\/blog\/balinin-en-iyi-plajlari\/#9_pemuteran\" >9. Pemuteran<\/a><\/li><\/ul><\/li><\/ul><\/nav><\/div>\n\n<p><strong>Bali<\/strong>, Endonezya&#8217;n\u0131n en turistik b\u00f6lgelerinden biri ve d\u00fcnyan\u0131n en \u00fcnl\u00fc plajlar\u0131ndan baz\u0131lar\u0131na ev sahipli\u011fi yap\u0131yor. Bali&#8217;nin sahip oldu\u011fu turkuaz renkli sular\u0131, beyaz kumlu plajlar\u0131 ve s\u0131cak iklimi sayesinde, b\u00f6lge ziyaret\u00e7ilerine y\u00fczme, g\u00fcne\u015flenme ve deniz sporlar\u0131 yapma imkan\u0131 sunuyor. Hadi gelin Bali seyahatinizde <strong>Bali plajlar\u0131<\/strong> ne kadar yer tutacak, hangilerini rotan\u0131za dahil etmelisiniz, bu plajlarda ne yapmal\u0131s\u0131n\u0131z hepsine yak\u0131ndan bakal\u0131m.<\/p>\n\n\n\n<h2 class=\"wp-block-heading has-text-align-center has-neeon-button-dark-gray-color has-text-color has-link-color wp-elements-445b488a493520a825a382e2f737c896\"><span class=\"ez-toc-section\" id=\"bali_plajlari_tatilinizi_renklendirecek_9_plaj\"><\/span><strong><strong><strong><strong>Bali Plajlar\u0131: Tatilinizi Renklendirecek 9 Plaj<\/strong><\/strong><\/strong><\/strong><span class=\"ez-toc-section-end\"><\/span><\/h2>\n\n\n\n<p>Bali&#8217;nin plajlar\u0131, genellikle turistik b\u00f6lgelerde yer al\u0131yor. Kuta, Seminyak ve Nusa Dua, Bali&#8217;nin en pop\u00fcler plajlar\u0131ndan baz\u0131lar\u0131. Bu plajlar, y\u00fczme, s\u00f6rf ve \u015fnorkelle dal\u0131\u015f gibi bir\u00e7ok aktivite i\u00e7in ideal.<\/p>\n\n\n\n<p>Bali&#8217;deki plajlar \u00e7o\u011funlukla dalgal\u0131 oldu\u011fu i\u00e7in y\u00fczmeden \u00e7ok su sporlar\u0131 i\u00e7in daha uygun. E\u011fer \u00e7ar\u015faf gibi denizler hayal ediyorsan\u0131z beklentinizi kar\u015f\u0131lamayabilir. Bu nedenle, \u00f6zellikle s\u00f6rf ve di\u011fer su sporlar\u0131 denemek ve \u00f6\u011frenmek i\u00e7in tercih edebilirsiniz.<\/p>\n\n\n\n<p>Plajlarda yer alan restoranlar, tropikal bir ortamda nefis yemekler sunuyor. Ayr\u0131ca, plajlarda y\u00fcr\u00fcy\u00fc\u015f yapmak, kitap okumak ve \u00f6zellikle g\u00fcn bat\u0131m\u0131n\u0131 izlemek mutlaka yapman\u0131z gerekenlerden. <\/p>\n\n\n\n<h3 class=\"wp-block-heading has-text-align-center has-neeon-button-dark-gray-color has-text-color has-link-color wp-elements-6285d302a263af1d77ba66803ac85a5f\"><span class=\"ez-toc-section\" id=\"1_nusa_dua\"><\/span><strong><strong><strong><strong>1. Nusa Dua<\/strong><\/strong><\/strong><\/strong><span class=\"ez-toc-section-end\"><\/span><\/h3>\n\n\n\n<figure class=\"wp-block-image\"><img width=\"800\" height=\"500\" data-public-id=\"Nusa-Dua_da0h8q\/Nusa-Dua_da0h8q.jpg\" fetchpriority=\"high\" decoding=\"async\" src=\"https:\/\/res.cloudinary.com\/turna\/images\/w_800,h_500,c_scale\/f_auto,q_auto:low\/v1545326672\/Nusa-Dua_da0h8q\/Nusa-Dua_da0h8q.jpg?_i=AA\" alt=\"Bali Plajlar\u0131 Nusa Dua\" class=\"wp-post-14787 wp-image-15170\" data-format=\"jpg\" data-transformations=\"f_auto,q_auto:low\" data-version=\"1545326672\" data-seo=\"1\" srcset=\"https:\/\/res.cloudinary.com\/turna\/images\/f_auto,q_auto:low\/v1545326672\/Nusa-Dua_da0h8q\/Nusa-Dua_da0h8q.jpg?_i=AA 800w, https:\/\/res.cloudinary.com\/turna\/images\/w_300,h_188,c_scale\/f_auto,q_auto:low\/v1545326672\/Nusa-Dua_da0h8q\/Nusa-Dua_da0h8q.jpg?_i=AA 300w, https:\/\/res.cloudinary.com\/turna\/images\/w_672,h_420,c_scale\/f_auto,q_auto:low\/v1545326672\/Nusa-Dua_da0h8q\/Nusa-Dua_da0h8q.jpg?_i=AA 672w, https:\/\/res.cloudinary.com\/turna\/images\/w_640,h_400,c_scale\/f_auto,q_auto:low\/v1545326672\/Nusa-Dua_da0h8q\/Nusa-Dua_da0h8q.jpg?_i=AA 640w, https:\/\/res.cloudinary.com\/turna\/images\/w_681,h_426,c_scale\/f_auto,q_auto:low\/v1545326672\/Nusa-Dua_da0h8q\/Nusa-Dua_da0h8q.jpg?_i=AA 681w\" sizes=\"(max-width: 800px) 100vw, 800px\" \/><\/figure>\n\n\n\n<p>Nusa Dua, Bali&#8217;nin g\u00fcneydo\u011fusunda, 5 y\u0131ld\u0131zl\u0131 tatil k\u00f6yleri, l\u00fcks oteller ve restoranlar\u0131n bulundu\u011fu bir turistik b\u00f6lge. <strong>Nusa Dua Plaj\u0131<\/strong>, Bali&#8217;nin en g\u00fczel ve pop\u00fcler plajlar\u0131ndan biri. Alt\u0131n kumsallar\u0131, sular \u00e7ekildi\u011finde ortaya \u00e7\u0131kan mercanlar\u0131 ile tercih edilen bir yer.<\/p>\n\n\n\n<p>Nusa Dua Plaj\u0131, sakin, turkuaz renkli sular\u0131, beyaz kumlu plajlar\u0131 ve k\u0131y\u0131 boyunca uzanan palmiyeleri ile \u00fcnl\u00fc. Plaj, y\u00fczme, s\u00f6rf, \u015fnorkelle dal\u0131\u015f ve di\u011fer su sporlar\u0131 i\u00e7in ideal. Plajda ayr\u0131ca, \u015fezlong ve \u015femsiye kiralama, plaj voleybolu, jet ski, deniz para\u015f\u00fct\u00fc ve di\u011fer aktiviteler de mevcut.<\/p>\n\n\n\n<p>Nusa Dua ayr\u0131ca, k\u00fclt\u00fcrel etkinliklere ve gezi turlar\u0131na ev sahipli\u011fi yap\u0131yor. Uluwatu Tap\u0131na\u011f\u0131, Garuda Wisnu Kencana K\u00fclt\u00fcr Park\u0131 ve Bali Sanat M\u00fczesi gibi pop\u00fcler turistik yerler, Nusa Dua&#8217;ya olduk\u00e7a yak\u0131n.<\/p>\n\n\n\n<h3 class=\"wp-block-heading has-text-align-center has-neeon-button-dark-gray-color has-text-color has-link-color wp-elements-7f26ee3c8d613e27b000a690a5d0580c\"><span class=\"ez-toc-section\" id=\"2_crystal_bay\"><\/span><strong><strong><strong><strong>2. Crystal Bay\u00a0<\/strong><\/strong><\/strong><\/strong><span class=\"ez-toc-section-end\"><\/span><\/h3>\n\n\n\n<figure class=\"wp-block-image\"><img width=\"800\" height=\"501\" data-public-id=\"Crystal-Bay_dyybef\/Crystal-Bay_dyybef.jpg\" decoding=\"async\" src=\"https:\/\/res.cloudinary.com\/turna\/images\/w_800,h_501,c_scale\/f_auto,q_auto:low\/v1545326672\/Crystal-Bay_dyybef\/Crystal-Bay_dyybef.jpg?_i=AA\" alt=\"Crystal Bay\" class=\"wp-post-14787 wp-image-15171\" data-format=\"jpg\" data-transformations=\"f_auto,q_auto:low\" data-version=\"1545326672\" data-seo=\"1\" srcset=\"https:\/\/res.cloudinary.com\/turna\/images\/f_auto,q_auto:low\/v1545326672\/Crystal-Bay_dyybef\/Crystal-Bay_dyybef.jpg?_i=AA 800w, https:\/\/res.cloudinary.com\/turna\/images\/w_300,h_188,c_scale\/f_auto,q_auto:low\/v1545326672\/Crystal-Bay_dyybef\/Crystal-Bay_dyybef.jpg?_i=AA 300w, https:\/\/res.cloudinary.com\/turna\/images\/w_671,h_420,c_scale\/f_auto,q_auto:low\/v1545326672\/Crystal-Bay_dyybef\/Crystal-Bay_dyybef.jpg?_i=AA 671w, https:\/\/res.cloudinary.com\/turna\/images\/w_640,h_401,c_scale\/f_auto,q_auto:low\/v1545326672\/Crystal-Bay_dyybef\/Crystal-Bay_dyybef.jpg?_i=AA 640w, https:\/\/res.cloudinary.com\/turna\/images\/w_681,h_426,c_scale\/f_auto,q_auto:low\/v1545326672\/Crystal-Bay_dyybef\/Crystal-Bay_dyybef.jpg?_i=AA 681w\" sizes=\"(max-width: 800px) 100vw, 800px\" \/><\/figure>\n\n\n\n<p>Muhte\u015fem beyaz kumlar ve ola\u011fan\u00fcst\u00fc temiz denizi ile Kristal K\u00f6rfez hem efsanevi bir g\u00f6r\u00fcnt\u00fcye sahip hem de Nssa Lembongan\u2019dan gelen tur sahiplerinin en \u00e7ok tercih etti\u011fi dal\u0131\u015f b\u00f6lgesi. \u00c7o\u011fu turist sabah erken saatlerde geliyor ve e\u011fer \u00f6\u011fleden sonra giderseniz muhtemelen daha sakin bir ortamda olacaks\u0131n\u0131z demektir. Ancak dikkat edilmesi gereken nokta baz\u0131 zamanlarda k\u00f6rfezdeki ak\u0131nt\u0131 \u00e7ok a\u015f\u0131r\u0131 g\u00fc\u00e7l\u00fc olabiliyor. O nedenle e\u011fer y\u00fczmeyi planl\u0131yorsan\u0131z fazla a\u00e7\u0131lmamaya dikkat edin.<\/p>\n\n\n\n<h3 class=\"wp-block-heading has-text-align-center has-neeon-button-dark-gray-color has-text-color has-link-color wp-elements-102899a0587615aa63ee4df338ac06e7\"><span class=\"ez-toc-section\" id=\"3_kuta_plaji\"><\/span><strong><strong><strong><strong>3. Kuta Plaj\u0131<\/strong><\/strong><\/strong><\/strong><span class=\"ez-toc-section-end\"><\/span><\/h3>\n\n\n\n<figure class=\"wp-block-image\"><img width=\"800\" height=\"500\" data-public-id=\"Kuta_yuyxqx\/Kuta_yuyxqx.jpg\" decoding=\"async\" src=\"https:\/\/res.cloudinary.com\/turna\/images\/w_800,h_500,c_scale\/f_auto,q_auto:low\/v1545326672\/Kuta_yuyxqx\/Kuta_yuyxqx.jpg?_i=AA\" alt=\"Kuta Plaj\u0131 Bali plajlar\u0131\" class=\"wp-post-14787 wp-image-15169\" data-format=\"jpg\" data-transformations=\"f_auto,q_auto:low\" data-version=\"1545326672\" data-seo=\"1\" srcset=\"https:\/\/res.cloudinary.com\/turna\/images\/f_auto,q_auto:low\/v1545326672\/Kuta_yuyxqx\/Kuta_yuyxqx.jpg?_i=AA 800w, https:\/\/res.cloudinary.com\/turna\/images\/w_300,h_188,c_scale\/f_auto,q_auto:low\/v1545326672\/Kuta_yuyxqx\/Kuta_yuyxqx.jpg?_i=AA 300w, https:\/\/res.cloudinary.com\/turna\/images\/w_672,h_420,c_scale\/f_auto,q_auto:low\/v1545326672\/Kuta_yuyxqx\/Kuta_yuyxqx.jpg?_i=AA 672w, https:\/\/res.cloudinary.com\/turna\/images\/w_640,h_400,c_scale\/f_auto,q_auto:low\/v1545326672\/Kuta_yuyxqx\/Kuta_yuyxqx.jpg?_i=AA 640w, https:\/\/res.cloudinary.com\/turna\/images\/w_681,h_426,c_scale\/f_auto,q_auto:low\/v1545326672\/Kuta_yuyxqx\/Kuta_yuyxqx.jpg?_i=AA 681w\" sizes=\"(max-width: 800px) 100vw, 800px\" \/><\/figure>\n\n\n\n<p>Herkesin Kuta\u2019ya gelme nedeni plajlar\u0131. Bali plajlar\u0131 i\u00e7inde hatr\u0131 say\u0131l\u0131r bir yeri var Kuta&#8217;n\u0131n. \u00c7ok b\u00fcy\u00fck ve eskisi kadar ihti\u015faml\u0131 olmasa da yine de Tuban\u2019dan Canggu\u2019ya kadar uzanan 8km\u2019lik g\u00f6r\u00fclmeye de\u011fer bir kumsala sahip. Hem amat\u00f6r hem de tecr\u00fcbeli s\u00f6rf\u00e7\u00fclerin ziyaret ettikleri bir yer olan Kuta ayn\u0131 zamanda g\u00fcn bat\u0131mlar\u0131 ile de me\u015fhur. Nisan ay\u0131nda kan k\u0131rm\u0131z\u0131 renge b\u00fcr\u00fcnen g\u00fcne\u015f y\u0131l\u0131n di\u011fer zamanlar\u0131nda pembe rengini al\u0131yor. Dilerseniz bir barda kokteyliniz ile dilerseniz de Bintang biras\u0131 ile plastik sandalyelerde bu g\u00fczel ana \u015fahit olabilirsiniz.<\/p>\n\n\n\n<h3 class=\"wp-block-heading has-text-align-center has-neeon-button-dark-gray-color has-text-color has-link-color wp-elements-173020a0c1685992e331f79babdc0762\"><span class=\"ez-toc-section\" id=\"4_yeh_gangga_plaji\"><\/span><strong><strong><strong><strong>4. Yeh Gangga Plaj\u0131<\/strong><\/strong><\/strong><\/strong><span class=\"ez-toc-section-end\"><\/span><\/h3>\n\n\n\n<p><img width=\"800\" height=\"500\" loading=\"lazy\" decoding=\"async\" class=\"alignnone wp-post-14787 wp-image-15172\" src=\"data:image\/svg+xml;base64,PHN2ZyB4bWxucz0iaHR0cDovL3d3dy53My5vcmcvMjAwMC9zdmciIHdpZHRoPSI4MDAiIGhlaWdodD0iNTAwIj48cmVjdCB3aWR0aD0iMTAwJSIgaGVpZ2h0PSIxMDAlIj48YW5pbWF0ZSBhdHRyaWJ1dGVOYW1lPSJmaWxsIiB2YWx1ZXM9InJnYmEoMTUzLDE1MywxNTMsMC41KTtyZ2JhKDE1MywxNTMsMTUzLDAuMSk7cmdiYSgxNTMsMTUzLDE1MywwLjUpIiBkdXI9IjJzIiByZXBlYXRDb3VudD0iaW5kZWZpbml0ZSIgLz48L3JlY3Q+PC9zdmc+\" data-public-id=\"Yeh-Gangga_odzysu\/Yeh-Gangga_odzysu.jpg\" data-format=\"jpg\" data-transformations=\"f_auto,q_auto:low\" data-version=\"1545326672\" data-seo=\"1\" data-size=\"800 500\" data-srcset=\"https:\/\/res.cloudinary.com\/turna\/images\/f_auto,q_auto:low\/v1545326672\/Yeh-Gangga_odzysu\/Yeh-Gangga_odzysu.jpg?_i=AA 800w, https:\/\/res.cloudinary.com\/turna\/images\/w_300,h_188,c_scale\/f_auto,q_auto:low\/v1545326672\/Yeh-Gangga_odzysu\/Yeh-Gangga_odzysu.jpg?_i=AA 300w, https:\/\/res.cloudinary.com\/turna\/images\/w_672,h_420,c_scale\/f_auto,q_auto:low\/v1545326672\/Yeh-Gangga_odzysu\/Yeh-Gangga_odzysu.jpg?_i=AA 672w, https:\/\/res.cloudinary.com\/turna\/images\/w_640,h_400,c_scale\/f_auto,q_auto:low\/v1545326672\/Yeh-Gangga_odzysu\/Yeh-Gangga_odzysu.jpg?_i=AA 640w, https:\/\/res.cloudinary.com\/turna\/images\/w_681,h_426,c_scale\/f_auto,q_auto:low\/v1545326672\/Yeh-Gangga_odzysu\/Yeh-Gangga_odzysu.jpg?_i=AA 681w\" data-sizes=\"(max-width: 800px) 100vw, 800px\" data-delivery=\"upload\" onload=\";window.CLDBind?CLDBind(this):null;\" data-cloudinary=\"lazy\" \/><\/p>\n\n\n\n<p>Tabanan\u2019n\u0131n bat\u0131 k\u0131y\u0131lar\u0131 siyah kumlar ve ilgin\u00e7 kaya olu\u015fumlar\u0131 ile g\u00f6ze \u00e7arp\u0131yor. <strong>Yeh Gangga<\/strong> ise b\u00f6lgedeki en g\u00fczel ve en geli\u015fmi\u015f yer ve son d\u00f6nemlerde giderek l\u00fcks bir yer halini ald\u0131. Ak\u0131nt\u0131lar burada y\u00fczmeyi \u00e7ok tehlikeli k\u0131lsa da dev kayalar ve her iki y\u00f6ne de uzanan muhte\u015fem bir sahil enfes bir manzara olu\u015fturuyor.<\/p>\n\n\n\n<h3 class=\"wp-block-heading has-text-align-center has-neeon-button-dark-gray-color has-text-color has-link-color wp-elements-85f93331f6fd3015f609777bb8e6e7ea\"><span class=\"ez-toc-section\" id=\"5_padang_padang\"><\/span><strong><strong><strong><strong>5. Padang Padang\u00a0<\/strong><\/strong><\/strong><\/strong><span class=\"ez-toc-section-end\"><\/span><\/h3>\n\n\n\n<figure class=\"wp-block-image\"><img width=\"800\" height=\"500\" loading=\"lazy\" decoding=\"async\" src=\"data:image\/svg+xml;base64,PHN2ZyB4bWxucz0iaHR0cDovL3d3dy53My5vcmcvMjAwMC9zdmciIHdpZHRoPSI4MDAiIGhlaWdodD0iNTAwIj48cmVjdCB3aWR0aD0iMTAwJSIgaGVpZ2h0PSIxMDAlIj48YW5pbWF0ZSBhdHRyaWJ1dGVOYW1lPSJmaWxsIiB2YWx1ZXM9InJnYmEoMTUzLDE1MywxNTMsMC41KTtyZ2JhKDE1MywxNTMsMTUzLDAuMSk7cmdiYSgxNTMsMTUzLDE1MywwLjUpIiBkdXI9IjJzIiByZXBlYXRDb3VudD0iaW5kZWZpbml0ZSIgLz48L3JlY3Q+PC9zdmc+\" alt=\"Bali plajlar\u0131 Padang Padang\" class=\"wp-post-14787 wp-image-15173\" data-public-id=\"Padang-Padang_-_qfn0mt\/Padang-Padang_-_qfn0mt.jpg\" data-format=\"jpg\" data-transformations=\"f_auto,q_auto:low\" data-version=\"1545326672\" data-seo=\"1\" data-size=\"800 500\" data-srcset=\"https:\/\/res.cloudinary.com\/turna\/images\/f_auto,q_auto:low\/v1545326672\/Padang-Padang_-_qfn0mt\/Padang-Padang_-_qfn0mt.jpg?_i=AA 800w, https:\/\/res.cloudinary.com\/turna\/images\/w_300,h_188,c_scale\/f_auto,q_auto:low\/v1545326672\/Padang-Padang_-_qfn0mt\/Padang-Padang_-_qfn0mt.jpg?_i=AA 300w, https:\/\/res.cloudinary.com\/turna\/images\/w_672,h_420,c_scale\/f_auto,q_auto:low\/v1545326672\/Padang-Padang_-_qfn0mt\/Padang-Padang_-_qfn0mt.jpg?_i=AA 672w, https:\/\/res.cloudinary.com\/turna\/images\/w_640,h_400,c_scale\/f_auto,q_auto:low\/v1545326672\/Padang-Padang_-_qfn0mt\/Padang-Padang_-_qfn0mt.jpg?_i=AA 640w, https:\/\/res.cloudinary.com\/turna\/images\/w_681,h_426,c_scale\/f_auto,q_auto:low\/v1545326672\/Padang-Padang_-_qfn0mt\/Padang-Padang_-_qfn0mt.jpg?_i=AA 681w\" data-sizes=\"(max-width: 800px) 100vw, 800px\" data-delivery=\"upload\" onload=\";window.CLDBind?CLDBind(this):null;\" data-cloudinary=\"lazy\" \/><\/figure>\n\n\n\n<p><strong>Padang Padang<\/strong> Bukit\u2019in en muhte\u015fem plajlar\u0131ndan biri ve y\u00fczmek i\u00e7in \u00e7ok g\u00fcvenli bir yer. Ye, Dua Et, Sev filmindeki sahnesi ile me\u015fhur olmu\u015f olsa da ve s\u0131rf bu y\u00fczden bir\u00e7ok yeni restoran ve oteller a\u00e7\u0131lm\u0131\u015f olsa da Endonezya\u2019da ki en etkileyici s\u00f6rf dalgalar\u0131n\u0131n burada oldu\u011fu \u00e7ok daha \u00f6ncesine kadar da biliniyordu. Bu me\u015fhur plaj bence Bali seyahatinizin bir par\u00e7as\u0131 olmay\u0131 fazlas\u0131yla hak ediyor.<\/p>\n\n\n\n<h3 class=\"wp-block-heading has-text-align-center has-neeon-button-dark-gray-color has-text-color has-link-color wp-elements-ca6fc93aecff0ce12a320610197498a5\"><span class=\"ez-toc-section\" id=\"6_pasir_putih\"><\/span><strong><strong><strong><strong>6. Pas\u0131r Putih<\/strong><\/strong><\/strong><\/strong><span class=\"ez-toc-section-end\"><\/span><\/h3>\n\n\n\n<figure class=\"wp-block-image\"><img width=\"800\" height=\"500\" data-public-id=\"Pas%C4%B1r-Putih_r3xdyi\/Pas%C4%B1r-Putih_r3xdyi.jpg\" decoding=\"async\" src=\"data:image\/svg+xml;base64,PHN2ZyB4bWxucz0iaHR0cDovL3d3dy53My5vcmcvMjAwMC9zdmciIHdpZHRoPSI4MDAiIGhlaWdodD0iNTAwIj48cmVjdCB3aWR0aD0iMTAwJSIgaGVpZ2h0PSIxMDAlIj48YW5pbWF0ZSBhdHRyaWJ1dGVOYW1lPSJmaWxsIiB2YWx1ZXM9InJnYmEoMTUzLDE1MywxNTMsMC41KTtyZ2JhKDE1MywxNTMsMTUzLDAuMSk7cmdiYSgxNTMsMTUzLDE1MywwLjUpIiBkdXI9IjJzIiByZXBlYXRDb3VudD0iaW5kZWZpbml0ZSIgLz48L3JlY3Q+PC9zdmc+\" alt=\"Pas\u0131r Putih\" class=\"wp-post-14787 wp-image-15174\" data-format=\"jpg\" data-transformations=\"f_auto,q_auto:low\" data-version=\"1545326673\" data-seo=\"1\" data-size=\"800 500\" data-delivery=\"upload\" onload=\";window.CLDBind?CLDBind(this):null;\" data-cloudinary=\"lazy\" \/><\/figure>\n\n\n\n<p>Candi Dasa\u2019dan dokuz kilometre kuzeydo\u011fuda bulunan <strong>Pasir Putih <\/strong>beyaz kumlar\u0131 ile olduk\u00e7a me\u015fhur. Ula\u015f\u0131m\u0131 biraz zor ve \u00e7etrefilli olsa da bu \u00f6zellik buran\u0131n g\u00fczelli\u011finin bir par\u00e7as\u0131 olarak kabul edilebilir. Siyah ve beyaz\u0131ms\u0131 kumlar insana kendisini vah\u015fi ya\u015fam\u0131n ortas\u0131nda \u00e7ok uzakta bir yerdeymi\u015f gibi hissettiriyor. Palmiye a\u011fa\u00e7lar\u0131 ve ormanlar\u0131 arkas\u0131na alan muhte\u015fem denizi y\u00fczmek i\u00e7in kusursuz bir cennet.<\/p>\n\n\n\n<h3 class=\"wp-block-heading has-text-align-center has-neeon-button-dark-gray-color has-text-color has-link-color wp-elements-2efffb52280aa40c064b68b6f8764f6d\"><span class=\"ez-toc-section\" id=\"7_balian_plaji\"><\/span><strong><strong><strong><strong>7. Balian Plaj\u0131<\/strong><\/strong><\/strong><\/strong><span class=\"ez-toc-section-end\"><\/span><\/h3>\n\n\n\n<figure class=\"wp-block-image\"><img width=\"800\" height=\"500\" loading=\"lazy\" decoding=\"async\" src=\"data:image\/svg+xml;base64,PHN2ZyB4bWxucz0iaHR0cDovL3d3dy53My5vcmcvMjAwMC9zdmciIHdpZHRoPSI4MDAiIGhlaWdodD0iNTAwIj48cmVjdCB3aWR0aD0iMTAwJSIgaGVpZ2h0PSIxMDAlIj48YW5pbWF0ZSBhdHRyaWJ1dGVOYW1lPSJmaWxsIiB2YWx1ZXM9InJnYmEoMTUzLDE1MywxNTMsMC41KTtyZ2JhKDE1MywxNTMsMTUzLDAuMSk7cmdiYSgxNTMsMTUzLDE1MywwLjUpIiBkdXI9IjJzIiByZXBlYXRDb3VudD0iaW5kZWZpbml0ZSIgLz48L3JlY3Q+PC9zdmc+\" alt=\"Balian Plaj\u0131\" class=\"wp-post-14787 wp-image-15175\" data-public-id=\"Balian_mhtqal\/Balian_mhtqal.jpg\" data-format=\"jpg\" data-transformations=\"f_auto,q_auto:low\" data-version=\"1545326672\" data-seo=\"1\" data-size=\"800 500\" data-srcset=\"https:\/\/res.cloudinary.com\/turna\/images\/f_auto,q_auto:low\/v1545326672\/Balian_mhtqal\/Balian_mhtqal.jpg?_i=AA 800w, https:\/\/res.cloudinary.com\/turna\/images\/w_300,h_188,c_scale\/f_auto,q_auto:low\/v1545326672\/Balian_mhtqal\/Balian_mhtqal.jpg?_i=AA 300w, https:\/\/res.cloudinary.com\/turna\/images\/w_672,h_420,c_scale\/f_auto,q_auto:low\/v1545326672\/Balian_mhtqal\/Balian_mhtqal.jpg?_i=AA 672w, https:\/\/res.cloudinary.com\/turna\/images\/w_640,h_400,c_scale\/f_auto,q_auto:low\/v1545326672\/Balian_mhtqal\/Balian_mhtqal.jpg?_i=AA 640w, https:\/\/res.cloudinary.com\/turna\/images\/w_681,h_426,c_scale\/f_auto,q_auto:low\/v1545326672\/Balian_mhtqal\/Balian_mhtqal.jpg?_i=AA 681w\" data-sizes=\"(max-width: 800px) 100vw, 800px\" data-delivery=\"upload\" onload=\";window.CLDBind?CLDBind(this):null;\" data-cloudinary=\"lazy\" \/><\/figure>\n\n\n\n<p>Bali plajlar\u0131 i\u00e7inde en muhte\u015fem s\u00f6rf noktalar\u0131ndan biri olan <strong>Balian Plaj\u0131<\/strong> bat\u0131 k\u0131y\u0131s\u0131n\u0131n en g\u00f6zde b\u00f6lgelerinden biri. Niyetiniz ister s\u00f6rf yapmak ister huzurlu bir kasabada kafa dinlemek olsun ikisini de fazlas\u0131yla yapabilece\u011finiz bir yer. Ko\u015fturmaca yok, turistik d\u00fckk\u00e2nlar yok, d\u00fc\u015f\u00fck b\u00fct\u00e7eli konaklama, birka\u00e7 yemek d\u00fckk\u00e2n\u0131 ve bir plaj bar\u0131 ile gizli sakl\u0131 bir mutluluk var. Buraya gelmeyi d\u00fc\u015f\u00fcn\u00fcyorsan\u0131z acele edin \u00e7\u00fcnk\u00fc yava\u015f yava\u015f ke\u015ffedilmeye ba\u015flan\u0131yor.<\/p>\n\n\n\n<h3 class=\"wp-block-heading has-text-align-center has-neeon-button-dark-gray-color has-text-color has-link-color wp-elements-7010d9274cd0dd9a92d7ede7f6f144f8\"><span class=\"ez-toc-section\" id=\"8_jungutbatu\"><\/span><strong><strong><strong><strong>8. Jungutbatu<\/strong><\/strong><\/strong><\/strong><span class=\"ez-toc-section-end\"><\/span><\/h3>\n\n\n\n<figure class=\"wp-block-image\"><img width=\"800\" height=\"500\" loading=\"lazy\" decoding=\"async\" src=\"data:image\/svg+xml;base64,PHN2ZyB4bWxucz0iaHR0cDovL3d3dy53My5vcmcvMjAwMC9zdmciIHdpZHRoPSI4MDAiIGhlaWdodD0iNTAwIj48cmVjdCB3aWR0aD0iMTAwJSIgaGVpZ2h0PSIxMDAlIj48YW5pbWF0ZSBhdHRyaWJ1dGVOYW1lPSJmaWxsIiB2YWx1ZXM9InJnYmEoMTUzLDE1MywxNTMsMC41KTtyZ2JhKDE1MywxNTMsMTUzLDAuMSk7cmdiYSgxNTMsMTUzLDE1MywwLjUpIiBkdXI9IjJzIiByZXBlYXRDb3VudD0iaW5kZWZpbml0ZSIgLz48L3JlY3Q+PC9zdmc+\" alt=\"Jungutbatu\" class=\"wp-post-14787 wp-image-15176\" data-public-id=\"Jungutbatu_beizx5\/Jungutbatu_beizx5.jpg\" data-format=\"jpg\" data-transformations=\"f_auto,q_auto:low\" data-version=\"1545326672\" data-seo=\"1\" data-size=\"800 500\" data-srcset=\"https:\/\/res.cloudinary.com\/turna\/images\/f_auto,q_auto:low\/v1545326672\/Jungutbatu_beizx5\/Jungutbatu_beizx5.jpg?_i=AA 800w, https:\/\/res.cloudinary.com\/turna\/images\/w_300,h_188,c_scale\/f_auto,q_auto:low\/v1545326672\/Jungutbatu_beizx5\/Jungutbatu_beizx5.jpg?_i=AA 300w, https:\/\/res.cloudinary.com\/turna\/images\/w_672,h_420,c_scale\/f_auto,q_auto:low\/v1545326672\/Jungutbatu_beizx5\/Jungutbatu_beizx5.jpg?_i=AA 672w, https:\/\/res.cloudinary.com\/turna\/images\/w_640,h_400,c_scale\/f_auto,q_auto:low\/v1545326672\/Jungutbatu_beizx5\/Jungutbatu_beizx5.jpg?_i=AA 640w, https:\/\/res.cloudinary.com\/turna\/images\/w_681,h_426,c_scale\/f_auto,q_auto:low\/v1545326672\/Jungutbatu_beizx5\/Jungutbatu_beizx5.jpg?_i=AA 681w\" data-sizes=\"(max-width: 800px) 100vw, 800px\" data-delivery=\"upload\" onload=\";window.CLDBind?CLDBind(this):null;\" data-cloudinary=\"lazy\" \/><\/figure>\n\n\n\n<p>Kuzeybat\u0131 k\u0131y\u0131s\u0131ndaki <strong>Jungutbatu<\/strong> kasabas\u0131 t\u00fcm k\u0131y\u0131 boyunca restoranlar\u0131 ve otelleri ile s\u0131ralan\u0131yor. Denizi y\u00fczmek i\u00e7in belki \u00e7ok muhte\u015fem olmayabilir ancak beyaz kumsal ve ah\u015fap sandallarla dolu denizin g\u00f6r\u00fcnt\u00fcs\u00fc ger\u00e7ekten harika. G\u00fcn bat\u0131m\u0131nda bir \u015feyler i\u00e7mek ya da ufukta g\u00f6r\u00fcnen Gunung Agung\u2019a bakarak g\u00fcnleri sakin ve huzurlu bir \u015fekilde ge\u00e7irmek isteyenler i\u00e7in birebir.<\/p>\n\n\n\n<h3 class=\"wp-block-heading has-text-align-center has-neeon-button-dark-gray-color has-text-color has-link-color wp-elements-5b2794de44d24dbd728151c0b8fde438\"><span class=\"ez-toc-section\" id=\"9_pemuteran\"><\/span><strong><strong><strong><strong>9. Pemuteran<\/strong><\/strong><\/strong><\/strong><span class=\"ez-toc-section-end\"><\/span><\/h3>\n\n\n\n<figure class=\"wp-block-image\"><img width=\"800\" height=\"500\" loading=\"lazy\" decoding=\"async\" src=\"data:image\/svg+xml;base64,PHN2ZyB4bWxucz0iaHR0cDovL3d3dy53My5vcmcvMjAwMC9zdmciIHdpZHRoPSI4MDAiIGhlaWdodD0iNTAwIj48cmVjdCB3aWR0aD0iMTAwJSIgaGVpZ2h0PSIxMDAlIj48YW5pbWF0ZSBhdHRyaWJ1dGVOYW1lPSJmaWxsIiB2YWx1ZXM9InJnYmEoMTUzLDE1MywxNTMsMC41KTtyZ2JhKDE1MywxNTMsMTUzLDAuMSk7cmdiYSgxNTMsMTUzLDE1MywwLjUpIiBkdXI9IjJzIiByZXBlYXRDb3VudD0iaW5kZWZpbml0ZSIgLz48L3JlY3Q+PC9zdmc+\" alt=\"Pemuteran\" class=\"wp-post-14787 wp-image-15177\" data-public-id=\"Pemuteran_hsjfho\/Pemuteran_hsjfho.jpg\" data-format=\"jpg\" data-transformations=\"f_auto,q_auto:low\" data-version=\"1545326673\" data-seo=\"1\" data-size=\"800 500\" data-srcset=\"https:\/\/res.cloudinary.com\/turna\/images\/f_auto,q_auto:low\/v1545326673\/Pemuteran_hsjfho\/Pemuteran_hsjfho.jpg?_i=AA 800w, https:\/\/res.cloudinary.com\/turna\/images\/w_300,h_188,c_scale\/f_auto,q_auto:low\/v1545326673\/Pemuteran_hsjfho\/Pemuteran_hsjfho.jpg?_i=AA 300w, https:\/\/res.cloudinary.com\/turna\/images\/w_672,h_420,c_scale\/f_auto,q_auto:low\/v1545326673\/Pemuteran_hsjfho\/Pemuteran_hsjfho.jpg?_i=AA 672w, https:\/\/res.cloudinary.com\/turna\/images\/w_640,h_400,c_scale\/f_auto,q_auto:low\/v1545326673\/Pemuteran_hsjfho\/Pemuteran_hsjfho.jpg?_i=AA 640w, https:\/\/res.cloudinary.com\/turna\/images\/w_681,h_426,c_scale\/f_auto,q_auto:low\/v1545326673\/Pemuteran_hsjfho\/Pemuteran_hsjfho.jpg?_i=AA 681w\" data-sizes=\"(max-width: 800px) 100vw, 800px\" data-delivery=\"upload\" onload=\";window.CLDBind?CLDBind(this):null;\" data-cloudinary=\"lazy\" \/><\/figure>\n\n\n\n<p>Pemuteran hem bal\u0131k\u00e7\u0131 k\u00f6y\u00fc hem de d\u00fc\u015f\u00fck b\u00fct\u00e7eli bir tatil ka\u00e7ama\u011f\u0131 yeri olarak \u00e7ifte hayat ya\u015f\u0131yor. Sakin bir k\u0131y\u0131da siyah ve kahverengi kumlar\u0131n h\u00e2kim oldu\u011fu yakla\u015f\u0131k 1km uzunlu\u011fundaki plaj \u015fnorkel ve dal\u0131\u015f i\u00e7in \u00e7ok uygun bir b\u00f6lge. Bir d\u00fczineden fazla mercan kayal\u0131\u011f\u0131 \u00e7ok yak\u0131n bir mesafede ve deniz o kadar sakin ki her seviyeden y\u00fczme merakl\u0131s\u0131na hitap edebiliyor. Su alt\u0131 ya\u015fam\u0131 da olduk\u00e7a geni\u015f; kaplumba\u011falar, dev istiridyeler, manta vatozlar\u0131 ve arada bir de olsa g\u00f6r\u00fclebilen balina k\u00f6pek bal\u0131klar\u0131.<\/p>\n\n\n\n<p>Masaj\u0131yla da \u00fcnl\u00fc Endonezya&#8217;n\u0131n bu muhte\u015fem adas\u0131n\u0131 ke\u015ffetmek i\u00e7in hemen \u015fimdi <a href=\"https:\/\/www.turna.com\/ucak-bileti\/denpasar-bali\" target=\"_blank\" rel=\"noreferrer noopener\"><strong>Bali u\u00e7ak bileti<\/strong><\/a> se\u00e7eneklerine g\u00f6z at\u0131n ve seyahat plan\u0131n\u0131z\u0131 hayata ge\u00e7irmek i\u00e7in ilk ad\u0131m\u0131 at\u0131n.<\/p>\n\n\n\n<p><strong>NOT:<\/strong> <strong><a href=\"https:\/\/www.turna.com\/sikca-sorulan-sorular\/endonezya-vizesi\" target=\"_blank\" rel=\"noreferrer noopener\">Endonezya vizesi<\/a><\/strong> hakk\u0131nda detayl\u0131 bilgilere de Turna.com \u00fczerinden ula\u015fabilirsiniz.<\/p>\n\n\n\n<p>Bali hakk\u0131nda di\u011fer i\u00e7eriklerimi de mutlaka okuyun.<\/p>\n\n\n\n<p><strong><a href=\"https:\/\/www.turna.com\/blog\/balide-ne-yenir\" target=\"_blank\" rel=\"noreferrer noopener\">Bali&#8217;de Ne Yenir<\/a><\/strong><\/p>\n\n\n\n<p><strong><a href=\"https:\/\/www.turna.com\/blog\/baliye-nasil-gidilir\" target=\"_blank\" rel=\"noreferrer noopener\">Bali&#8217;ye Nas\u0131l Gidilir                                   <\/a><\/strong><\/p>\n\n    <div class=\"xs_social_share_widget xs_share_url after_content \t\tmain_content  wslu-style-1 wslu-share-box-shaped wslu-fill-colored wslu-none wslu-share-horizontal wslu-theme-font-no wslu-main_content\">\n\n\t\t\n        <ul>\n\t\t\t        <\/ul>\n    <\/div> \n","protected":false},"excerpt":{"rendered":"<p>Bali, Endonezya&#8217;n\u0131n en turistik b\u00f6lgelerinden biri ve d\u00fcnyan\u0131n en \u00fcnl\u00fc plajlar\u0131ndan baz\u0131lar\u0131na ev sahipli\u011fi yap\u0131yor. Bali&#8217;nin sahip oldu\u011fu turkuaz renkli sular\u0131, beyaz kumlu plajlar\u0131 ve s\u0131cak iklimi sayesinde, b\u00f6lge ziyaret\u00e7ilerine y\u00fczme, g\u00fcne\u015flenme ve deniz sporlar\u0131 yapma imkan\u0131 sunuyor. Hadi gelin Bali seyahatinizde Bali plajlar\u0131 ne kadar yer tutacak, hangilerini rotan\u0131za dahil etmelisiniz, bu plajlarda ne yapmal\u0131s\u0131n\u0131z hepsine yak\u0131ndan bakal\u0131m.<\/p>\n","protected":false},"author":34,"featured_media":15169,"comment_status":"open","ping_status":"open","sticky":false,"template":"","format":"standard","meta":{"rop_custom_images_group":[],"rop_custom_messages_group":[],"rop_publish_now":"initial","rop_publish_now_accounts":[],"rop_publish_now_history":[],"rop_publish_now_status":"pending","_cloudinary_featured_overwrite":false,"footnotes":""},"categories":[446],"tags":[43,273],"class_list":["post-14787","post","type-post","status-publish","format-standard","has-post-thumbnail","hentry","category-endonezya","tag-bali","tag-endonezya-id"],"_links":{"self":[{"href":"https:\/\/www.turna.com\/blog\/wp-json\/wp\/v2\/posts\/14787","targetHints":{"allow":["GET"]}}],"collection":[{"href":"https:\/\/www.turna.com\/blog\/wp-json\/wp\/v2\/posts"}],"about":[{"href":"https:\/\/www.turna.com\/blog\/wp-json\/wp\/v2\/types\/post"}],"author":[{"embeddable":true,"href":"https:\/\/www.turna.com\/blog\/wp-json\/wp\/v2\/users\/34"}],"replies":[{"embeddable":true,"href":"https:\/\/www.turna.com\/blog\/wp-json\/wp\/v2\/comments?post=14787"}],"version-history":[{"count":0,"href":"https:\/\/www.turna.com\/blog\/wp-json\/wp\/v2\/posts\/14787\/revisions"}],"wp:featuredmedia":[{"embeddable":true,"href":"https:\/\/www.turna.com\/blog\/wp-json\/wp\/v2\/media\/15169"}],"wp:attachment":[{"href":"https:\/\/www.turna.com\/blog\/wp-json\/wp\/v2\/media?parent=14787"}],"wp:term":[{"taxonomy":"category","embeddable":true,"href":"https:\/\/www.turna.com\/blog\/wp-json\/wp\/v2\/categories?post=14787"},{"taxonomy":"post_tag","embeddable":true,"href":"https:\/\/www.turna.com\/blog\/wp-json\/wp\/v2\/tags?post=14787"}],"curies":[{"name":"wp","href":"https:\/\/api.w.org\/{rel}","templated":true}]}}