{"id":14785,"date":"2018-12-26T08:30:27","date_gmt":"2018-12-26T05:30:27","guid":{"rendered":"https:\/\/www.turna.com\/blog\/?p=14785"},"modified":"2024-09-12T09:49:46","modified_gmt":"2024-09-12T06:49:46","slug":"su-altinda-saklanan-doga-harikasi-danimarka-bogaz-selalesi","status":"publish","type":"post","link":"https:\/\/www.turna.com\/blog\/su-altinda-saklanan-doga-harikasi-danimarka-bogaz-selalesi","title":{"rendered":"Su Alt\u0131nda Saklanan Do\u011fa Harikas\u0131: Danimarka Bo\u011faz \u015eelalesi"},"content":{"rendered":"<p>D\u00fcnyan\u0131n en b\u00fcy\u00fck \u015felalesi hangisi sorusuna, <strong>Angel \u015eelalesi <\/strong>diyerek yan\u0131t veriyorsan\u0131z \u00e7ok yan\u0131l\u0131yorsunuz. Zira d\u00fcnyan\u0131n en b\u00fcy\u00fck \u015felalesi san\u0131lan\u0131n aksine yery\u00fcz\u00fcne de\u011fil, okyanusun kilometrelerce alt\u0131na d\u00f6k\u00fclen <b>Danimarka Bo\u011faz \u015eelalesi<\/b>.<\/p>\n<p>979 metre y\u00fckseklikten d\u00f6k\u00fclen Venezuela&#8217;daki Angel \u015eelalesi&#8217;nin \u00fc\u00e7 kat\u0131 b\u00fcy\u00fckl\u00fc\u011fe sahip bir su alt\u0131 \u015felalesi olan\u00a0Danimarka Bo\u011faz \u015eelalesi, yakla\u015f\u0131k 3,5\u00a0kilometre uzunlu\u011funda bir do\u011fa harikas\u0131. <strong>Gr\u00f6nland<\/strong> ile <a href=\"https:\/\/www.turna.com\/blog\/ulkeler\/avrupa\/izlanda\" target=\"_blank\" rel=\"noopener\"><strong>\u0130zlanda<\/strong><\/a> aras\u0131ndaki Atlantik Okyanusu i\u00e7erisinde bulunan\u00a0bu e\u015fsiz \u015felaleden,\u00a0saniyede akan su miktar\u0131 ise 5 milyon metrek\u00fcp olarak hesaplan\u0131yor.<\/p>\n<p><img width=\"800\" height=\"500\" data-public-id=\"Underwater-Waterfall_wb7wkq\/Underwater-Waterfall_wb7wkq.jpg\" fetchpriority=\"high\" decoding=\"async\" class=\"alignnone wp-post-14785 wp-image-14928\" src=\"https:\/\/res.cloudinary.com\/turna\/images\/w_800,h_500,c_scale\/f_auto,q_auto\/f_auto,q_auto:low\/v1544649527\/Underwater-Waterfall_wb7wkq\/Underwater-Waterfall_wb7wkq.jpg?_i=AA\" data-format=\"jpg\" data-transformations=\"f_auto,q_auto\/f_auto,q_auto:low\" data-version=\"1544649527\" data-seo=\"1\" srcset=\"https:\/\/res.cloudinary.com\/turna\/images\/f_auto,q_auto\/f_auto,q_auto\/f_auto,q_auto:low\/v1544649527\/Underwater-Waterfall_wb7wkq\/Underwater-Waterfall_wb7wkq.jpg?_i=AA 800w, https:\/\/res.cloudinary.com\/turna\/images\/w_300,h_188,c_scale\/f_auto,q_auto\/f_auto,q_auto\/f_auto,q_auto:low\/v1544649527\/Underwater-Waterfall_wb7wkq\/Underwater-Waterfall_wb7wkq.jpg?_i=AA 300w, https:\/\/res.cloudinary.com\/turna\/images\/w_672,h_420,c_scale\/f_auto,q_auto\/f_auto,q_auto\/f_auto,q_auto:low\/v1544649527\/Underwater-Waterfall_wb7wkq\/Underwater-Waterfall_wb7wkq.jpg?_i=AA 672w, https:\/\/res.cloudinary.com\/turna\/images\/w_640,h_400,c_scale\/f_auto,q_auto\/f_auto,q_auto\/f_auto,q_auto:low\/v1544649527\/Underwater-Waterfall_wb7wkq\/Underwater-Waterfall_wb7wkq.jpg?_i=AA 640w, https:\/\/res.cloudinary.com\/turna\/images\/w_681,h_426,c_scale\/f_auto,q_auto\/f_auto,q_auto\/f_auto,q_auto:low\/v1544649527\/Underwater-Waterfall_wb7wkq\/Underwater-Waterfall_wb7wkq.jpg?_i=AA 681w\" sizes=\"(max-width: 800px) 100vw, 800px\" \/><\/p>\n<p>\u0130lk bak\u0131\u015fta suyun a\u015fa\u011f\u0131 d\u00f6k\u00fclmesi imkans\u0131z gibi gelse de fizik kurallar\u0131 bunun olabilirli\u011fini ortaya koyuyor. Atlantik Okyanusu&#8217;nda, kutuplardan gelen so\u011fuk su ak\u0131nt\u0131s\u0131 ile\u00a0Irminger Denizi&#8217;nin \u0131l\u0131k sular\u0131n\u0131n kesi\u015fti\u011fi noktada yer alan Danimarka Bo\u011faz \u015eelalesi, s\u0131cak ve so\u011fuk su aras\u0131ndaki yo\u011funluk fark\u0131 nedeni ile su alt\u0131ndan akabiliyor. Yo\u011funlu\u011fu fazla olan so\u011fuk su okyanusun derinliklerinde do\u011fru\u00a0giderken, onun yerini daha d\u00fc\u015f\u00fck yo\u011funluktaki s\u0131cak su al\u0131yor. B\u00f6ylece ortaya ak\u0131llara s\u0131\u011fmayan bir do\u011fal g\u00fczellik \u00e7\u0131k\u0131yor.<\/p>\n<p id=\"tw-target-text\" class=\"tw-data-text tw-ta tw-text-small\" dir=\"ltr\" data-placeholder=\"\u00c7eviri\"><span lang=\"tr\">D\u0131\u015far\u0131dan bak\u0131ld\u0131\u011f\u0131nda varl\u0131\u011f\u0131 bile fark edilemeyen bu b\u00fcy\u00fcleyici \u015felalenin yan\u0131 s\u0131ra devasa b\u00fcy\u00fckl\u00fckteki gizli su alt\u0131 nehirleri ile ada ve ta\u015fk\u0131n ovalar\u0131 da bar\u0131nd\u0131ran b\u00f6lge, d\u00fcnyan\u0131n en etkileyici su alt\u0131 noktalar\u0131ndan biri olarak nitelendiriliyor. Sudaki tuz oran\u0131n\u0131n artmas\u0131 ile ortaya \u00e7\u0131kan bu enteresan\u00a0nehirler, kara \u00fczerindeki nehirler gibi tortular\u0131\u00a0ta\u015f\u0131yor.<\/span><\/p>\n<p dir=\"ltr\" data-placeholder=\"\u00c7eviri\"><img width=\"800\" height=\"500\" data-public-id=\"Danimarka-Yeralti-Selalesi_kdb6g7\/Danimarka-Yeralti-Selalesi_kdb6g7.jpg\" decoding=\"async\" class=\"alignnone wp-post-14785 wp-image-14926\" src=\"https:\/\/res.cloudinary.com\/turna\/images\/w_800,h_500,c_scale\/f_auto,q_auto:low\/v1544649527\/Danimarka-Yeralti-Selalesi_kdb6g7\/Danimarka-Yeralti-Selalesi_kdb6g7.jpg?_i=AA\" data-format=\"jpg\" data-transformations=\"f_auto,q_auto:low\" data-version=\"1544649527\" data-seo=\"1\" srcset=\"https:\/\/res.cloudinary.com\/turna\/images\/f_auto,q_auto:low\/v1544649527\/Danimarka-Yeralti-Selalesi_kdb6g7\/Danimarka-Yeralti-Selalesi_kdb6g7.jpg?_i=AA 800w, https:\/\/res.cloudinary.com\/turna\/images\/w_300,h_188,c_scale\/f_auto,q_auto:low\/v1544649527\/Danimarka-Yeralti-Selalesi_kdb6g7\/Danimarka-Yeralti-Selalesi_kdb6g7.jpg?_i=AA 300w, https:\/\/res.cloudinary.com\/turna\/images\/w_672,h_420,c_scale\/f_auto,q_auto:low\/v1544649527\/Danimarka-Yeralti-Selalesi_kdb6g7\/Danimarka-Yeralti-Selalesi_kdb6g7.jpg?_i=AA 672w, https:\/\/res.cloudinary.com\/turna\/images\/w_640,h_400,c_scale\/f_auto,q_auto:low\/v1544649527\/Danimarka-Yeralti-Selalesi_kdb6g7\/Danimarka-Yeralti-Selalesi_kdb6g7.jpg?_i=AA 640w, https:\/\/res.cloudinary.com\/turna\/images\/w_681,h_426,c_scale\/f_auto,q_auto:low\/v1544649527\/Danimarka-Yeralti-Selalesi_kdb6g7\/Danimarka-Yeralti-Selalesi_kdb6g7.jpg?_i=AA 681w\" sizes=\"(max-width: 800px) 100vw, 800px\" \/><span lang=\"tr\">Danimarka Bo\u011faz \u015eelalesi gibi d\u00fcnyan\u0131n birbirinden ilgin\u00e7 ve etkileyici do\u011fal g\u00fczelliklerini ke\u015ffetmek i\u00e7in yola \u00e7\u0131kanlar, <a href=\"https:\/\/www.turna.com\/blog\/turkiye\" target=\"_blank\" rel=\"noopener\"><strong>T\u00fcrkiye<\/strong><\/a>&#8216;de de buna benzer su alt\u0131 nehri ve \u015felale olu\u015fumlar\u0131na rastland\u0131\u011f\u0131n\u0131 unutmamal\u0131.<\/span><\/p>\n<p class=\"tw-data-text tw-ta tw-text-small\" dir=\"ltr\" data-placeholder=\"\u00c7eviri\"><span lang=\"tr\">Karadeniz&#8217;in alt\u0131nda varl\u0131\u011f\u0131 yakla\u015f\u0131k 7 y\u0131l \u00f6nce tespit edilen 37 kilometre uzunlu\u011funda bir su alt\u0131 nehri mevcut. \u00dcstelik saatte 6.5 kilometre h\u0131zla akan bu nehir, 22 bin metrek\u00fcpl\u00fck debisi ile Avrupa&#8217;n\u0131n en y\u00fcksek debisine sahip Ren Nehri&#8217;nden 10 kat daha b\u00fcy\u00fck.<\/span><\/p>\n<p dir=\"ltr\" data-placeholder=\"\u00c7eviri\"><img width=\"800\" height=\"500\" data-public-id=\"Denmark-Strait_vcb0o0\/Denmark-Strait_vcb0o0.jpg\" decoding=\"async\" class=\"alignnone wp-post-14785 wp-image-14927\" src=\"https:\/\/res.cloudinary.com\/turna\/images\/w_800,h_500,c_scale\/f_auto,q_auto:low\/v1544649527\/Denmark-Strait_vcb0o0\/Denmark-Strait_vcb0o0.jpg?_i=AA\" data-format=\"jpg\" data-transformations=\"f_auto,q_auto:low\" data-version=\"1544649527\" data-seo=\"1\" srcset=\"https:\/\/res.cloudinary.com\/turna\/images\/f_auto,q_auto:low\/v1544649527\/Denmark-Strait_vcb0o0\/Denmark-Strait_vcb0o0.jpg?_i=AA 800w, https:\/\/res.cloudinary.com\/turna\/images\/w_300,h_188,c_scale\/f_auto,q_auto:low\/v1544649527\/Denmark-Strait_vcb0o0\/Denmark-Strait_vcb0o0.jpg?_i=AA 300w, https:\/\/res.cloudinary.com\/turna\/images\/w_672,h_420,c_scale\/f_auto,q_auto:low\/v1544649527\/Denmark-Strait_vcb0o0\/Denmark-Strait_vcb0o0.jpg?_i=AA 672w, https:\/\/res.cloudinary.com\/turna\/images\/w_640,h_400,c_scale\/f_auto,q_auto:low\/v1544649527\/Denmark-Strait_vcb0o0\/Denmark-Strait_vcb0o0.jpg?_i=AA 640w, https:\/\/res.cloudinary.com\/turna\/images\/w_681,h_426,c_scale\/f_auto,q_auto:low\/v1544649527\/Denmark-Strait_vcb0o0\/Denmark-Strait_vcb0o0.jpg?_i=AA 681w\" sizes=\"(max-width: 800px) 100vw, 800px\" \/><\/p>\n<p class=\"tw-data-text tw-ta tw-text-small\" dir=\"ltr\" data-placeholder=\"\u00c7eviri\">Do\u011fan\u0131n muhte\u015femli\u011fini ve engel tan\u0131mazl\u0131\u011f\u0131n\u0131 yans\u0131tan bu olu\u015fum ve olaylara yak\u0131ndan tan\u0131k olmak i\u00e7in yolda olma zaman\u0131. Danimarka Bo\u011faz \u015eelalesi&#8217;ni ke\u015ffetmek i\u00e7in <a href=\"https:\/\/www.turna.com\/ucak-bileti\/izlanda\" target=\"_blank\" rel=\"noopener\"><strong>\u0130zlanda u\u00e7ak bileti<\/strong><\/a> se\u00e7eneklerine g\u00f6z at\u0131p seyahati planlamak i\u00e7in ilk ad\u0131m\u0131 atmak gerekiyor. D\u00fcnyan\u0131n en etkileyici manzaralar\u0131ndan birine tan\u0131kl\u0131k edece\u011finiz Danimarka Bo\u011faz \u015eelalesi seyahati s\u0131ras\u0131nda, \u0130zlanda ve \u00e7evresindeki bir\u00e7ok noktay\u0131 da gezilecek yerler listenize ekleyip kapsaml\u0131 bir seyahat plan\u0131n\u0131 hayata ge\u00e7irebilirsiniz.<\/p>\n<p dir=\"ltr\" data-placeholder=\"\u00c7eviri\">Her ge\u00e7en y\u0131l do\u011fa severler taraf\u0131ndan daha da pop\u00fclerle\u015fen do\u011fa harikas\u0131 Danimarka Bo\u011faz \u015eelalesi, \u015fehir hayat\u0131ndan uzakla\u015fmak, do\u011fayla ba\u015f ba\u015fa, huzurlu, sakin ve stresten uzak bir deneyim i\u00e7in <a href=\"https:\/\/www.turna.com\/blog\/ulkeler\/avrupa\" target=\"_blank\" rel=\"noopener\"><strong>Avrupa<\/strong><\/a>&#8216;da gidilebilecek en keyifli rotalar aras\u0131nda.<\/p>\n\n    <div class=\"xs_social_share_widget xs_share_url after_content \t\tmain_content  wslu-style-1 wslu-share-box-shaped wslu-fill-colored wslu-none wslu-share-horizontal wslu-theme-font-no wslu-main_content\">\n\n\t\t\n        <ul>\n\t\t\t        <\/ul>\n    <\/div> \n","protected":false},"excerpt":{"rendered":"<p>D\u00fcnyan\u0131n en b\u00fcy\u00fck \u015felalesi hangisi sorusuna, Angel \u015eelalesi diyerek yan\u0131t veriyorsan\u0131z \u00e7ok yan\u0131l\u0131yorsunuz. Zira d\u00fcnyan\u0131n en b\u00fcy\u00fck \u015felalesi san\u0131lan\u0131n aksine yery\u00fcz\u00fcne de\u011fil, okyanusun kilometrelerce alt\u0131na d\u00f6k\u00fclen Danimarka Bo\u011faz \u015eelalesi. 979 metre y\u00fckseklikten d\u00f6k\u00fclen Venezuela&#8217;daki Angel \u015eelalesi&#8217;nin \u00fc\u00e7 kat\u0131 b\u00fcy\u00fckl\u00fc\u011fe sahip bir su alt\u0131 \u015felalesi olan\u00a0Danimarka Bo\u011faz \u015eelalesi, yakla\u015f\u0131k 3,5\u00a0kilometre uzunlu\u011funda bir do\u011fa harikas\u0131. Gr\u00f6nland ile [&hellip;]<\/p>\n","protected":false},"author":8,"featured_media":14928,"comment_status":"open","ping_status":"open","sticky":false,"template":"","format":"standard","meta":{"rop_custom_images_group":[],"rop_custom_messages_group":[],"rop_publish_now":"initial","rop_publish_now_accounts":[],"rop_publish_now_history":[],"rop_publish_now_status":"pending","_cloudinary_featured_overwrite":false,"footnotes":""},"categories":[1215],"tags":[2403,1444,1217],"class_list":["post-14785","post","type-post","status-publish","format-standard","has-post-thumbnail","hentry","category-izlanda","tag-aalborg","tag-gronland","tag-izlanda"],"_links":{"self":[{"href":"https:\/\/www.turna.com\/blog\/wp-json\/wp\/v2\/posts\/14785","targetHints":{"allow":["GET"]}}],"collection":[{"href":"https:\/\/www.turna.com\/blog\/wp-json\/wp\/v2\/posts"}],"about":[{"href":"https:\/\/www.turna.com\/blog\/wp-json\/wp\/v2\/types\/post"}],"author":[{"embeddable":true,"href":"https:\/\/www.turna.com\/blog\/wp-json\/wp\/v2\/users\/8"}],"replies":[{"embeddable":true,"href":"https:\/\/www.turna.com\/blog\/wp-json\/wp\/v2\/comments?post=14785"}],"version-history":[{"count":0,"href":"https:\/\/www.turna.com\/blog\/wp-json\/wp\/v2\/posts\/14785\/revisions"}],"wp:featuredmedia":[{"embeddable":true,"href":"https:\/\/www.turna.com\/blog\/wp-json\/wp\/v2\/media\/14928"}],"wp:attachment":[{"href":"https:\/\/www.turna.com\/blog\/wp-json\/wp\/v2\/media?parent=14785"}],"wp:term":[{"taxonomy":"category","embeddable":true,"href":"https:\/\/www.turna.com\/blog\/wp-json\/wp\/v2\/categories?post=14785"},{"taxonomy":"post_tag","embeddable":true,"href":"https:\/\/www.turna.com\/blog\/wp-json\/wp\/v2\/tags?post=14785"}],"curies":[{"name":"wp","href":"https:\/\/api.w.org\/{rel}","templated":true}]}}