{"id":14453,"date":"2025-04-16T10:27:20","date_gmt":"2025-04-16T07:27:20","guid":{"rendered":"https:\/\/www.turna.com\/blog\/?p=14453"},"modified":"2025-06-30T17:54:41","modified_gmt":"2025-06-30T14:54:41","slug":"ordu-gezilecek-yerler","status":"publish","type":"post","link":"https:\/\/www.turna.com\/blog\/ordu-gezilecek-yerler","title":{"rendered":"Ordu Gezilecek Yerler | En G\u00fczel 21 Yer"},"content":{"rendered":"<div id=\"ez-toc-container\" class=\"ez-toc-v2_0_82_2 counter-hierarchy ez-toc-counter ez-toc-black ez-toc-container-direction\">\n<div class=\"ez-toc-title-container\">\n<p class=\"ez-toc-title\" style=\"cursor:inherit\">\u0130\u00e7indekiler<\/p>\n<span class=\"ez-toc-title-toggle\"><a href=\"#\" class=\"ez-toc-pull-right ez-toc-btn ez-toc-btn-xs ez-toc-btn-default ez-toc-toggle\" aria-label=\"\u0130\u00e7indekiler Tablosunu A\u00e7\/Kapat\"><span class=\"ez-toc-js-icon-con\"><span class=\"\"><span class=\"eztoc-hide\" style=\"display:none;\">Toggle<\/span><span class=\"ez-toc-icon-toggle-span\"><svg style=\"fill: #ffffff;color:#ffffff\" xmlns=\"http:\/\/www.w3.org\/2000\/svg\" class=\"list-377408\" width=\"20px\" height=\"20px\" viewBox=\"0 0 24 24\" fill=\"none\"><path d=\"M6 6H4v2h2V6zm14 0H8v2h12V6zM4 11h2v2H4v-2zm16 0H8v2h12v-2zM4 16h2v2H4v-2zm16 0H8v2h12v-2z\" fill=\"currentColor\"><\/path><\/svg><svg style=\"fill: #ffffff;color:#ffffff\" class=\"arrow-unsorted-368013\" xmlns=\"http:\/\/www.w3.org\/2000\/svg\" width=\"10px\" height=\"10px\" viewBox=\"0 0 24 24\" version=\"1.2\" baseProfile=\"tiny\"><path d=\"M18.2 9.3l-6.2-6.3-6.2 6.3c-.2.2-.3.4-.3.7s.1.5.3.7c.2.2.4.3.7.3h11c.3 0 .5-.1.7-.3.2-.2.3-.5.3-.7s-.1-.5-.3-.7zM5.8 14.7l6.2 6.3 6.2-6.3c.2-.2.3-.5.3-.7s-.1-.5-.3-.7c-.2-.2-.4-.3-.7-.3h-11c-.3 0-.5.1-.7.3-.2.2-.3.5-.3.7s.1.5.3.7z\"\/><\/svg><\/span><\/span><\/span><\/a><\/span><\/div>\n<nav><ul class='ez-toc-list ez-toc-list-level-1 eztoc-toggle-hide-by-default' ><li class='ez-toc-page-1 ez-toc-heading-level-2'><a class=\"ez-toc-link ez-toc-heading-1\" href=\"https:\/\/www.turna.com\/blog\/ordu-gezilecek-yerler\/#ordu_gezilecek_yerler\" >Ordu Gezilecek Yerler<\/a><ul class='ez-toc-list-level-3' ><li class='ez-toc-heading-level-3'><a class=\"ez-toc-link ez-toc-heading-2\" href=\"https:\/\/www.turna.com\/blog\/ordu-gezilecek-yerler\/#boztepe\" >Boztepe<\/a><\/li><li class='ez-toc-page-1 ez-toc-heading-level-3'><a class=\"ez-toc-link ez-toc-heading-3\" href=\"https:\/\/www.turna.com\/blog\/ordu-gezilecek-yerler\/#uzunkum_plaji\" >Uzunkum Plaj\u0131<\/a><\/li><li class='ez-toc-page-1 ez-toc-heading-level-3'><a class=\"ez-toc-link ez-toc-heading-4\" href=\"https:\/\/www.turna.com\/blog\/ordu-gezilecek-yerler\/#ordu_muzesi_etnografya_muzesi\" >Ordu M\u00fczesi (Etnografya M\u00fczesi)<\/a><\/li><li class='ez-toc-page-1 ez-toc-heading-level-3'><a class=\"ez-toc-link ez-toc-heading-5\" href=\"https:\/\/www.turna.com\/blog\/ordu-gezilecek-yerler\/#tasbasi_kilisesi\" >Ta\u015fba\u015f\u0131 Kilisesi<\/a><\/li><li class='ez-toc-page-1 ez-toc-heading-level-3'><a class=\"ez-toc-link ez-toc-heading-6\" href=\"https:\/\/www.turna.com\/blog\/ordu-gezilecek-yerler\/#kadilar_yokusu\" >Kad\u0131lar Yoku\u015fu<\/a><\/li><li class='ez-toc-page-1 ez-toc-heading-level-3'><a class=\"ez-toc-link ez-toc-heading-7\" href=\"https:\/\/www.turna.com\/blog\/ordu-gezilecek-yerler\/#yason_burnu\" >Yason Burnu<\/a><\/li><li class='ez-toc-page-1 ez-toc-heading-level-3'><a class=\"ez-toc-link ez-toc-heading-8\" href=\"https:\/\/www.turna.com\/blog\/ordu-gezilecek-yerler\/#atik_ibrahim_pasa_camii\" >Atik \u0130brahim Pa\u015fa Camii<\/a><\/li><li class='ez-toc-page-1 ez-toc-heading-level-3'><a class=\"ez-toc-link ez-toc-heading-9\" href=\"https:\/\/www.turna.com\/blog\/ordu-gezilecek-yerler\/#unye_kalesi\" >\u00dcnye Kalesi<\/a><\/li><li class='ez-toc-page-1 ez-toc-heading-level-3'><a class=\"ez-toc-link ez-toc-heading-10\" href=\"https:\/\/www.turna.com\/blog\/ordu-gezilecek-yerler\/#kurul_kalesi\" >Kurul Kalesi<\/a><\/li><li class='ez-toc-page-1 ez-toc-heading-level-3'><a class=\"ez-toc-link ez-toc-heading-11\" href=\"https:\/\/www.turna.com\/blog\/ordu-gezilecek-yerler\/#yoroz_kent_ormani\" >Yoroz Kent Orman\u0131<\/a><\/li><li class='ez-toc-page-1 ez-toc-heading-level-3'><a class=\"ez-toc-link ez-toc-heading-12\" href=\"https:\/\/www.turna.com\/blog\/ordu-gezilecek-yerler\/#ohtamis_selalesi\" >Ohtam\u0131\u015f \u015eelalesi<\/a><\/li><li class='ez-toc-page-1 ez-toc-heading-level-3'><a class=\"ez-toc-link ez-toc-heading-13\" href=\"https:\/\/www.turna.com\/blog\/ordu-gezilecek-yerler\/#ulugol_tabiat_parki\" >Ulug\u00f6l Tabiat Park\u0131<\/a><\/li><li class='ez-toc-page-1 ez-toc-heading-level-3'><a class=\"ez-toc-link ez-toc-heading-14\" href=\"https:\/\/www.turna.com\/blog\/ordu-gezilecek-yerler\/#asarkaya_kent_ormani\" >Asarkaya Kent Orman\u0131<\/a><\/li><li class='ez-toc-page-1 ez-toc-heading-level-3'><a class=\"ez-toc-link ez-toc-heading-15\" href=\"https:\/\/www.turna.com\/blog\/ordu-gezilecek-yerler\/#persembe_yaylasi\" >Per\u015fembe Yaylas\u0131<\/a><\/li><li class='ez-toc-page-1 ez-toc-heading-level-3'><a class=\"ez-toc-link ez-toc-heading-16\" href=\"https:\/\/www.turna.com\/blog\/ordu-gezilecek-yerler\/#cambasi_yaylasi\" >\u00c7amba\u015f\u0131 Yaylas\u0131<\/a><\/li><li class='ez-toc-page-1 ez-toc-heading-level-3'><a class=\"ez-toc-link ez-toc-heading-17\" href=\"https:\/\/www.turna.com\/blog\/ordu-gezilecek-yerler\/#gaga_golu\" >Gaga G\u00f6l\u00fc<\/a><\/li><li class='ez-toc-page-1 ez-toc-heading-level-3'><a class=\"ez-toc-link ez-toc-heading-18\" href=\"https:\/\/www.turna.com\/blog\/ordu-gezilecek-yerler\/#baskotani_koprusu\" >Ba\u015fkotan\u0131 K\u00f6pr\u00fcs\u00fc<\/a><\/li><li class='ez-toc-page-1 ez-toc-heading-level-3'><a class=\"ez-toc-link ez-toc-heading-19\" href=\"https:\/\/www.turna.com\/blog\/ordu-gezilecek-yerler\/#hoynat_adasi\" >Hoynat Adas\u0131<\/a><\/li><li class='ez-toc-page-1 ez-toc-heading-level-3'><a class=\"ez-toc-link ez-toc-heading-20\" href=\"https:\/\/www.turna.com\/blog\/ordu-gezilecek-yerler\/#uzundere_selalesi_aybasti\" >Uzundere \u015eelalesi (Aybast\u0131)<\/a><\/li><li class='ez-toc-page-1 ez-toc-heading-level-3'><a class=\"ez-toc-link ez-toc-heading-21\" href=\"https:\/\/www.turna.com\/blog\/ordu-gezilecek-yerler\/#kupkaya_kanyonu\" >K\u00fcpkaya Kanyonu<\/a><\/li><li class='ez-toc-page-1 ez-toc-heading-level-3'><a class=\"ez-toc-link ez-toc-heading-22\" href=\"https:\/\/www.turna.com\/blog\/ordu-gezilecek-yerler\/#karaoluk_ciseli_selalesi\" >Karaoluk (\u00c7iseli) \u015eelalesi<\/a><\/li><\/ul><\/li><li class='ez-toc-page-1 ez-toc-heading-level-2'><a class=\"ez-toc-link ez-toc-heading-23\" href=\"https:\/\/www.turna.com\/blog\/ordu-gezilecek-yerler\/#ordu_hakkinda_hap_bilgiler\" >Ordu Hakk\u0131nda Hap Bilgiler<\/a><ul class='ez-toc-list-level-3' ><li class='ez-toc-heading-level-3'><a class=\"ez-toc-link ez-toc-heading-24\" href=\"https:\/\/www.turna.com\/blog\/ordu-gezilecek-yerler\/#ordu_nerede_orduya_nasil_gidilir\" >Ordu Nerede? Ordu&#8217;ya Nas\u0131l Gidilir?<\/a><\/li><li class='ez-toc-page-1 ez-toc-heading-level-3'><a class=\"ez-toc-link ez-toc-heading-25\" href=\"https:\/\/www.turna.com\/blog\/ordu-gezilecek-yerler\/#orduda_ne_yenir\" >Ordu&#8217;da Ne Yenir?<\/a><\/li><li class='ez-toc-page-1 ez-toc-heading-level-3'><a class=\"ez-toc-link ez-toc-heading-26\" href=\"https:\/\/www.turna.com\/blog\/ordu-gezilecek-yerler\/#ordu_kac_gunde_gezilir\" >Ordu Ka\u00e7 G\u00fcnde Gezilir?<\/a><\/li><\/ul><\/li><\/ul><\/nav><\/div>\n\n<p>Yemye\u015fil do\u011fas\u0131, zamana meydan okuyan antik kentleri, damak \u00e7atlatan lezzetleri ve Karadeniz&#8217;in doyum olmaz manzaras\u0131na sahip kenti <strong>Ordu<\/strong>, son y\u0131llarda \u00fclkemizde \u00f6ne \u00e7\u0131kan turizm destinasyonlar\u0131ndan birine d\u00f6n\u00fc\u015ft\u00fc. <strong>Ordu gezilecek yerleri<\/strong> g\u00f6rmeye T\u00fcrkiye&#8217;nin ve d\u00fcnyan\u0131n d\u00f6rt bir yan\u0131ndan ziyaret\u00e7iler geliyor.<\/p>\n\n\n\n<p>\u015eehirde <strong>Ordu-Giresun Havaliman\u0131<\/strong>&#8216;n\u0131n da bulunmas\u0131 \u015fehre kolayl\u0131kla ula\u015f\u0131labilmesini sa\u011fl\u0131yor. Ve seyahat severler Ordu&#8217;yu s\u0131kl\u0131kla rotas\u0131na ekliyor. Yaz\u0131n s\u0131cak aylar\u0131nda \u00fclke genelinde artan hava s\u0131cakl\u0131klar\u0131ndan etkilenmeyen Ordu, K\u00f6rfez \u00fclkelerinden de \u00e7ok say\u0131da turist a\u011f\u0131rl\u0131yor.<\/p>\n\n\n\n<p>Tarihi M.\u00d6. 2000 y\u0131l\u0131na kadar uzanan Ordu&#8217;da, Pontuslar ve Romal\u0131lar ya\u015fam\u0131\u015f. Karadeniz k\u0131y\u0131s\u0131n\u0131n en g\u00fczel \u015fehirlerinden biri olan Ordu yemye\u015fil bir do\u011faya sahip.<\/p>\n\n\n\n<p>Ordu&#8217;da ya\u015fayan ilk topluluk Ka\u015fkalar olmu\u015f. Yakla\u015f\u0131k olarak 4000 y\u0131l \u00f6nce burada ya\u015fam\u0131\u015flar. Daha sonra bu topraklardan onlarca medeniyet gelmi\u015f ge\u00e7mi\u015f.<\/p>\n\n\n\n<p>T\u00fcrkiye\u2019nin en k\u00fc\u00e7\u00fck b\u00fcy\u00fck \u015fehri olan Ordu muhte\u015fem g\u00fczellikte sahil \u015feridi ve yemye\u015fil do\u011fas\u0131yla kendine hayran b\u0131rak\u0131yor. Buraya geldi\u011finizde insanlar\u0131n huzurlu ya\u015fam\u0131na \u015fahit oldu\u011funuzda \u015fa\u015f\u0131rmay\u0131n. Ordu mutlu insanlar\u0131n \u015fehri.<\/p>\n\n\n\n<h2 class=\"wp-block-heading has-text-align-center has-neeon-button-dark-gray-color has-text-color has-link-color wp-elements-05ab1475379baad3cf51098d34c8c264\"><span class=\"ez-toc-section\" id=\"ordu_gezilecek_yerler\"><\/span><strong>Ordu Gezilecek Yerler<\/strong><span class=\"ez-toc-section-end\"><\/span><\/h2>\n\n\n\n<p>Ordu, Karadeniz&#8217;in yemye\u015fil kentlerinden biri olmas\u0131n\u0131n yan\u0131nda \u00fclkemizin en zengin tarihi b\u00f6lgeleri aras\u0131nda. \u0130nsanl\u0131k tarihi boyunca farkl\u0131 medeniyetlerin ya\u015fam alan\u0131 olan Ordu&#8217;da bu zenginli\u011fi kentin d\u00f6rt bir yan\u0131nda g\u00f6rmek m\u00fcmk\u00fcn.<\/p>\n\n\n\n<p>Karadeniz&#8217;in en g\u00fczel \u015fehirlerinden biri olan Ordu&#8217;da, \u00e7ok iyi d\u00fczenlenmi\u015f bir sahil \u015feridi bulunuyor. Ordu Sahili, \u00f6zellikle yaz aylar\u0131nda y\u00fcr\u00fcy\u00fc\u015f yapabilece\u011finiz ve g\u00fczel vakit ge\u00e7irebilece\u011finiz bir \u00e7ok mekana ev sahipli\u011fi yap\u0131yor.<\/p>\n\n\n\n<p>Kurul Kalesi, G\u00f6lk\u00f6y Kalesi, \u00dcnye Kalesi ve C\u0131ng\u0131rt Kaya Mezarlar\u0131, Ordu&#8217;da mutlaka g\u00f6rmeniz gereken tarihi noktalardan. Do\u011faya, oksijene, ye\u015file doyaca\u011f\u0131n\u0131z yerlerden bahsetmiyorum bile. <strong>Ordu gezilecek yerler listesi<\/strong>ne yak\u0131ndan bakal\u0131m.<\/p>\n\n\n\n<h3 class=\"wp-block-heading has-text-align-center has-neeon-button-dark-gray-color has-text-color has-link-color wp-elements-458137df728228440dbba22a7172a79c\"><span class=\"ez-toc-section\" id=\"boztepe\"><\/span><strong>Boztepe<\/strong><span class=\"ez-toc-section-end\"><\/span><\/h3>\n\n\n\n<figure class=\"wp-block-image is-style-default\"><img width=\"800\" height=\"500\" data-public-id=\"Boztepe_rzwj9y\/Boztepe_rzwj9y.jpg\" fetchpriority=\"high\" decoding=\"async\" src=\"https:\/\/res.cloudinary.com\/turna\/images\/w_800,h_500,c_scale\/f_auto,q_auto\/f_auto,q_auto:low\/v1540894673\/Boztepe_rzwj9y\/Boztepe_rzwj9y.jpg?_i=AA\" alt=\"ordu gezilecek yerler\" class=\"wp-post-14453 wp-image-14457\" data-format=\"jpg\" data-transformations=\"f_auto,q_auto\/f_auto,q_auto:low\" data-version=\"1540894673\" data-seo=\"1\" srcset=\"https:\/\/res.cloudinary.com\/turna\/images\/f_auto,q_auto\/f_auto,q_auto\/f_auto,q_auto:low\/v1540894673\/Boztepe_rzwj9y\/Boztepe_rzwj9y.jpg?_i=AA 800w, https:\/\/res.cloudinary.com\/turna\/images\/w_300,h_188,c_scale\/f_auto,q_auto\/f_auto,q_auto\/f_auto,q_auto:low\/v1540894673\/Boztepe_rzwj9y\/Boztepe_rzwj9y.jpg?_i=AA 300w, https:\/\/res.cloudinary.com\/turna\/images\/w_672,h_420,c_scale\/f_auto,q_auto\/f_auto,q_auto\/f_auto,q_auto:low\/v1540894673\/Boztepe_rzwj9y\/Boztepe_rzwj9y.jpg?_i=AA 672w, https:\/\/res.cloudinary.com\/turna\/images\/w_640,h_400,c_scale\/f_auto,q_auto\/f_auto,q_auto\/f_auto,q_auto:low\/v1540894673\/Boztepe_rzwj9y\/Boztepe_rzwj9y.jpg?_i=AA 640w, https:\/\/res.cloudinary.com\/turna\/images\/w_681,h_426,c_scale\/f_auto,q_auto\/f_auto,q_auto\/f_auto,q_auto:low\/v1540894673\/Boztepe_rzwj9y\/Boztepe_rzwj9y.jpg?_i=AA 681w\" sizes=\"(max-width: 800px) 100vw, 800px\" \/><\/figure>\n\n\n\n<p>Ordu demek biraz da Boztepe demek asl\u0131nda. Ordu ile ilgili en \u00f6nemli g\u00f6rsel ikon Boztepe&#8217;den \u015fehir merkezini izleyen foto\u011fraf kareleri. Ordu 15 Temmuz Meydan\u0131&#8217;ndan hareket eden teleferikle Boztepe&#8217;ye ula\u015f\u0131l\u0131yor.<\/p>\n\n\n\n<p>Ordu&#8217;da en g\u00fczel foto\u011fraflar\u0131 \u00e7ekebilece\u011finiz Boztepe yakla\u015f\u0131k 450 m y\u00fckseklikte bulunuyor. Buraya teleferikle \u00e7\u0131kmak \u00e7ok kolay. Muhte\u015fem Ordu ve Karadeniz manzaras\u0131n\u0131n g\u00f6r\u00fclebildi\u011fi Boztepe&#8217;de piknik alanlar\u0131, kafe ve restoranlar ile d\u00fc\u011f\u00fcn salonlar\u0131 bulunuyor. Y\u0131l\u0131n her d\u00f6nemi yo\u011fun ilgi g\u00f6ren Boztepe&#8217;ye u\u011framadan Ordu&#8217;ya gittim dememelisiniz.<\/p>\n\n\n\n<ul class=\"wp-block-list\">\n<li>Boztepe konumu <strong><a href=\"https:\/\/goo.gl\/maps\/mZJxwAcXHeBu4up27\" target=\"_blank\" rel=\"noreferrer noopener\">burada.<\/a><\/strong><\/li>\n<\/ul>\n\n\n\n<h3 class=\"wp-block-heading has-text-align-center has-neeon-button-dark-gray-color has-text-color has-link-color wp-elements-ef45a9cd225ab9737e5a6e34d2eb619b\"><span class=\"ez-toc-section\" id=\"uzunkum_plaji\"><\/span>Uzunkum Plaj\u0131<span class=\"ez-toc-section-end\"><\/span><\/h3>\n\n\n\n<p>Ordu merkezden sadece birka\u00e7 dakika uzakl\u0131ktaki Uzunkum Plaj\u0131, ad\u0131ndan da anlayaca\u011f\u0131n\u0131z gibi uzun ve geni\u015f bir sahil \u015feridine sahip. Karadeniz&#8217;in serin sular\u0131yla bulu\u015fmak isteyenler i\u00e7in birebir. Kumu ince, denizi berrak ve \u00e7o\u011fu zaman dalgal\u0131 olsa da yaz\u0131n serinlemek i\u00e7in \u015fahane bir yer. \u00d6zellikle temmuz ve a\u011fustos aylar\u0131nda daha hareketli oluyor ama bahar aylar\u0131nda deniz kenar\u0131nda y\u00fcr\u00fcmek de bir o kadar keyifli.<\/p>\n\n\n\n<p>Buras\u0131 mavi bayrakl\u0131 bir plaj, yani hem temiz hem de g\u00fcvenli. Sahil boyunca y\u00fcr\u00fcy\u00fc\u015f yolu, oturma alanlar\u0131 ve \u00e7ocuklu aileler i\u00e7in uygun d\u00fczenlemeler var. G\u00fcne\u015fin bat\u0131\u015f\u0131n\u0131 izlemek, deniz kenar\u0131nda ayaklar\u0131n\u0131z\u0131 kuma g\u00f6m\u00fcp dinlenmek isterseniz, Uzunkum size iyi gelecek.<\/p>\n\n\n\n<ul class=\"wp-block-list\">\n<li>Uzunkum Plaj\u0131 konumu <strong><a href=\"https:\/\/www.google.com\/maps\/place\/Uzunkum+Plaj%C4%B1\/@41.1448244,37.2663737,15z\/data=!3m1!4b1!4m6!3m5!1s0x4062bb9fb4036aed:0xcf7fec6f84f216!8m2!3d41.1448254!4d37.2766949!16s%2Fg%2F11f90_70rw?entry=ttu&amp;g_ep=EgoyMDI1MDQxMy4wIKXMDSoJLDEwMjExNjQwSAFQAw%3D%3D\" target=\"_blank\" rel=\"noopener\">burada.<\/a><\/strong><\/li>\n<\/ul>\n\n\n\n<h3 class=\"wp-block-heading has-text-align-center has-neeon-button-dark-gray-color has-text-color has-link-color wp-elements-95a55a1fda9a6087780fe7e6921ff811\"><span class=\"ez-toc-section\" id=\"ordu_muzesi_etnografya_muzesi\"><\/span><strong>Ordu M\u00fczesi (Etnografya M\u00fczesi)<\/strong><span class=\"ez-toc-section-end\"><\/span><\/h3>\n\n\n\n<p>Ordu M\u00fczesi Ordu merkez gezilecek yerler i\u00e7inde yer al\u0131yor. &#8220;Pa\u015fao\u011flu Kona\u011f\u0131&#8221; ad\u0131 ile an\u0131lan bina Ordu&#8217;nun zengin e\u015fraflar\u0131ndan Pa\u015fao\u011flu H\u00fcseyin Efendi taraf\u0131ndan 1896&#8217;da yapt\u0131r\u0131lm\u0131\u015f. Bu kona\u011f\u0131n ta\u015flar\u0131 \u00dcnye&#8217;den, ah\u015fap ve \u00e7ini malzemeleri Romanya&#8217;dan getirilmi\u015f. Pa\u015fao\u011flu Kona\u011f\u0131 g\u00fcn\u00fcm\u00fczde etnografya m\u00fczesi olarak kullan\u0131l\u0131yor.<\/p>\n\n\n\n<p>Onar\u0131m\u0131 ve te\u015fhir tanzimi tamamlan\u0131nca 18 Kas\u0131m 1987&#8217;de Pa\u015fao\u011flu Kona\u011f\u0131 ve Etnografya M\u00fczesi olarak hizmete a\u00e7\u0131lm\u0131\u015f. Zemin kat\u0131 idare, birinci kat\u0131 etnografik eserler seksiyonu, ikinci kat\u0131 ise konak \u00f6zelliklerini ta\u015f\u0131yacak \u015fekilde d\u00fczenlenmi\u015f.<\/p>\n\n\n\n<ul class=\"wp-block-list\">\n<li>Ordu (Etnografya) M\u00fczesi konumu<strong><a href=\"https:\/\/goo.gl\/maps\/C9rBDmbaTAaWyvLr5\" target=\"_blank\" rel=\"noreferrer noopener\"> burada.<\/a><\/strong><\/li>\n<\/ul>\n\n\n\n<h3 class=\"wp-block-heading has-text-align-center has-neeon-button-dark-gray-color has-text-color has-link-color wp-elements-c09c0a07f791c5c799a7ad4e6dd052a7\"><span class=\"ez-toc-section\" id=\"tasbasi_kilisesi\"><\/span><strong>Ta\u015fba\u015f\u0131 Kilisesi<\/strong><span class=\"ez-toc-section-end\"><\/span><\/h3>\n\n\n\n<figure class=\"wp-block-image size-large\"><img decoding=\"async\" src=\"https:\/\/res.cloudinary.com\/turna\/image\/upload\/v1646747402\/ordu_ta%C5%9Fba%C5%9F%C4%B1_kilisesi_u6snd8.jpg\" alt=\"ordu gezilecek yerler\"\/><\/figure>\n\n\n\n<p>M\u00fcsl\u00fcman ve Hristiyanlar\u0131n uzun s\u00fcre birlikte ya\u015fad\u0131\u011f\u0131 Karadeniz&#8217;de kiliseler de bulunuyor. Kilise 1853 y\u0131l\u0131nda Ortodoks Hristiyanlar taraf\u0131ndan yapt\u0131r\u0131lm\u0131\u015f. O tarihlerde burada yakla\u015f\u0131k 25.000 Rum ya\u015f\u0131yormu\u015f. Karadeniz k\u0131y\u0131s\u0131ndaki kilise dikd\u00f6rtgen planl\u0131 olarak, tamam\u0131 kesme ta\u015ftan in\u015fa edilmi\u015f.<\/p>\n\n\n\n<p>Ordu Ta\u015fba\u015f\u0131 Kilisesi 2000 y\u0131l\u0131nda restorasyon ge\u00e7irmi\u015f. G\u00fcn\u00fcm\u00fczde k\u00fclt\u00fcr merkezine \u00e7evrilen bina, m\u00fcze ve toplant\u0131 salonu olarak kullan\u0131l\u0131yor. Kilise&#8217;nin yan\u0131ndaki tarihi mahallede bulunan Menek\u015fe Sokak, k\u00fclt\u00fcr ve turizm bakanl\u0131\u011f\u0131 taraf\u0131ndan restore edilmi\u015f. Burada, eski tarihi ve g\u00fczel g\u00f6r\u00fcnt\u00fcs\u00fcne kavu\u015fan Rum evlerini g\u00f6rebilirsiniz.<\/p>\n\n\n\n<ul class=\"wp-block-list\">\n<li>Ordu Ta\u015fba\u015f\u0131 Kilisesi konumu <strong><a href=\"https:\/\/goo.gl\/maps\/gZH3bxMLotkTN7vh6\" target=\"_blank\" rel=\"noreferrer noopener\">burada.<\/a><\/strong><\/li>\n<\/ul>\n\n\n\n<h3 class=\"wp-block-heading has-text-align-center has-neeon-button-dark-gray-color has-text-color has-link-color wp-elements-4ef757ac82e3c000625e3fc7803c1479\"><span class=\"ez-toc-section\" id=\"kadilar_yokusu\"><\/span>Kad\u0131lar Yoku\u015fu<span class=\"ez-toc-section-end\"><\/span><\/h3>\n\n\n\n<p>Ordu\u2019nun \u00dcnye il\u00e7esindeki eski yerle\u015fim yerlerinden biri olan Kad\u0131lar Yoku\u015fu, biraz nostalji ya\u015famak isteyenlerin u\u011frak noktas\u0131. Eskiden Osmanl\u0131 d\u00f6neminde Ordu\u2019ya atanan kad\u0131lar\u0131n konaklad\u0131\u011f\u0131 ve yeni kad\u0131lar\u0131n yeti\u015ftirildi\u011fi evlerin bulundu\u011fu bu yoku\u015f, ad\u0131n\u0131 da buradan al\u0131yor zaten.<\/p>\n\n\n\n<p>Bug\u00fcn buradan yukar\u0131 do\u011fru y\u00fcr\u00fcrken sa\u011fl\u0131 sollu eski Ordu evleri, ta\u015f d\u00f6\u015feli yollar ve sarma\u015f\u0131klarla \u00e7evrili bah\u00e7eler e\u015flik ediyor size. E\u011fer kahvenizi al\u0131p sessiz bir sokakta oturmay\u0131 seviyorsan\u0131z buray\u0131 mutlaka g\u00f6r\u00fcn. Foto\u011fraf merakl\u0131lar\u0131 i\u00e7in de \u00e7ok g\u00fczel kareler yakalanabilir.<\/p>\n\n\n\n<ul class=\"wp-block-list\">\n<li>Kad\u0131lar Yoku\u015fu konumu <strong><a href=\"https:\/\/www.google.com\/maps\/place\/Kaledere,+Kad%C4%B1lar+Yk%C5%9F.+Sk.,+52300+%C3%9Cnye%2FOrdu\/@41.1301363,37.2823056,17z\/data=!3m1!4b1!4m6!3m5!1s0x4062bbbe4592fb39:0x6c129cf2fa9f30e0!8m2!3d41.1301363!4d37.2848859!16s%2Fg%2F113j15gbl?entry=ttu&amp;g_ep=EgoyMDI1MDQxMy4wIKXMDSoJLDEwMjExNjQwSAFQAw%3D%3D\" target=\"_blank\" rel=\"noopener\">burada.<\/a><\/strong><\/li>\n<\/ul>\n\n\n\n<h3 class=\"wp-block-heading has-text-align-center has-neeon-button-dark-gray-color has-text-color has-link-color wp-elements-9c90845b4483fe93ec0012d69fef5abb\"><span class=\"ez-toc-section\" id=\"yason_burnu\"><\/span>Yason Burnu<span class=\"ez-toc-section-end\"><\/span><\/h3>\n\n\n\n<figure class=\"wp-block-image size-large\"><img decoding=\"async\" src=\"https:\/\/res.cloudinary.com\/turna\/image\/upload\/v1646747403\/ordu_yason_burnu_l0wx12.jpg\" alt=\"ordu gezilecek yerler\"\/><\/figure>\n\n\n\n<figure class=\"wp-block-image size-large\"><img decoding=\"async\" src=\"https:\/\/res.cloudinary.com\/turna\/image\/upload\/v1646747405\/ordu_yason_kilisesi_zvibde.jpg\" alt=\"ordu gezilecek yerler\"\/><\/figure>\n\n\n\n<p>Ordu gezilecek yerleri gezmeye Yason Burnu ile devam edelim. Yason Burnu M.S. 3. y\u00fczy\u0131lda Hz. \u0130sa&#8217;n\u0131n do\u011fumunu kutlamak i\u00e7in yap\u0131lan I\u015f\u0131klar Bayram\u0131&#8217;na ev sahipli\u011fi yapm\u0131\u015f. Yason Burnu&#8217;nda bulunan Yason Kilisesi&#8217;nden bahsetmeden olmaz. Bu kilise gemilerin yana\u015fabilece\u011fi do\u011fal bir liman\u0131n giri\u015finde in\u015fa edilmi\u015f. Kilise&#8217;nin bulundu\u011fu yer Yason Yar\u0131madas\u0131 olarak an\u0131l\u0131yor. Kilise 1868 y\u0131l\u0131nda y\u00f6rede ya\u015fayan Rum ve G\u00fcrc\u00fc H\u0131ristiyanlar taraf\u0131ndan yap\u0131lm\u0131\u015f.<\/p>\n\n\n\n<p>Kilise, Ege Denizi&#8217;nden, Karadeniz&#8217;e gelen Argonotlar\u0131n efsanevi lideri Yason \u00f6nderli\u011finde alt\u0131n postu bulmak i\u00e7in verdikleri m\u00fccadelenin an\u0131s\u0131na yap\u0131lm\u0131\u015f. Bu b\u00f6lge 1. derecede arkeolojik, 2. derecede do\u011fal sit alan\u0131. Ordu&#8217;da gezilecek tarihi yerler i\u00e7inde Yason Kilisesi&#8217;ni de listenize al\u0131n.<\/p>\n\n\n\n<ul class=\"wp-block-list\">\n<li>Yason Burnu konumu <strong><a href=\"https:\/\/goo.gl\/maps\/iAV1daM3ss6vzZ3cA\" target=\"_blank\" rel=\"noreferrer noopener\">burada.<\/a><\/strong><\/li>\n<\/ul>\n\n\n\n<h3 class=\"wp-block-heading has-text-align-center has-neeon-button-dark-gray-color has-text-color has-link-color wp-elements-29c81c7d60c94ecfc4f655525ed9e076\"><span class=\"ez-toc-section\" id=\"atik_ibrahim_pasa_camii\"><\/span><strong>Atik \u0130brahim Pa\u015fa Camii<\/strong><span class=\"ez-toc-section-end\"><\/span><\/h3>\n\n\n\n<p>Camii 1770 y\u0131l\u0131nda Atik \u0130brahim Pa\u015fa taraf\u0131ndan k\u00fct\u00fck camii olarak in\u015fa edilmi\u015f. Zaman i\u00e7inde tahrip oldu\u011fu i\u00e7in 1802&#8217;de tekrar in\u015fa edilmi\u015f. Camii dikd\u00f6rtgen planl\u0131 ve iki \u015ferefeli bir minaresi var. En g\u00fczel k\u0131sm\u0131 barok tarz\u0131nda yap\u0131lm\u0131\u015f olan mihrab\u0131. Ordu&#8217;da merkezde gezilecek yerler i\u00e7inde bulunan bu tarihi camiyi mutlaka g\u00f6r\u00fcn.<\/p>\n\n\n\n<ul class=\"wp-block-list\">\n<li>Atik \u0130brahim Pa\u015fa Camii konumu <strong><a href=\"https:\/\/goo.gl\/maps\/8sTfVCdb6eD4mTQn8\" target=\"_blank\" rel=\"noreferrer noopener\">burada.<\/a><\/strong><\/li>\n<\/ul>\n\n\n\n<h3 class=\"wp-block-heading has-text-align-center has-neeon-button-dark-gray-color has-text-color has-link-color wp-elements-c5bc13f0534fa9a1dedb8b2a60d88795\"><span class=\"ez-toc-section\" id=\"unye_kalesi\"><\/span><strong>\u00dcnye Kalesi<\/strong><span class=\"ez-toc-section-end\"><\/span><\/h3>\n\n\n\n<p>Ordu\u2019nun \u00dcnye il\u00e7esindeki bu tarihi kale, \u015fehir merkezine yakla\u015f\u0131k 7-8 km mesafede, y\u00fcksek\u00e7e bir tepenin \u00fczerine kurulmu\u015f. Tarihi M.\u00d6. 200\u2019l\u00fc y\u0131llara kadar uzan\u0131yor. Hem Pontus, hem Roma, hem de Bizans d\u00f6neminden izler ta\u015f\u0131yor. Savunma amac\u0131yla in\u015fa edilmi\u015f fakat bug\u00fcn daha \u00e7ok manzaras\u0131yla b\u00fcy\u00fcl\u00fcyor.<\/p>\n\n\n\n<p>Kalenin etraf\u0131nda y\u00fcr\u00fcy\u00fc\u015f yapabilece\u011finiz yollar var. \u00c7am a\u011fa\u00e7lar\u0131yla \u00e7evrili, huzurlu bir alan. \u00dcnye ve Karadeniz\u2019i yukar\u0131dan izlemek i\u00e7in en g\u00fczel yerlerden biri. \u00d6zellikle sabah saatlerinde ya da g\u00fcne\u015f batarken \u00e7\u0131karsan\u0131z, manzara ger\u00e7ekten etkileyici oluyor.&nbsp;<\/p>\n\n\n\n<ul class=\"wp-block-list\">\n<li>\u00dcnye Kalesi konumu <strong><a href=\"https:\/\/www.google.com\/maps\/place\/%C3%9Cnye+Kalesi\/@41.0969443,37.2354123,17z\/data=!3m1!4b1!4m6!3m5!1s0x4062ba0d2a65f311:0xf365ce417197a767!8m2!3d41.0969444!4d37.2402778!16s%2Fg%2F1ptw83117?entry=ttu&amp;g_ep=EgoyMDI1MDQxMy4wIKXMDSoJLDEwMjExNjQwSAFQAw%3D%3D\" target=\"_blank\" rel=\"noopener\">burada.<\/a><\/strong><\/li>\n<\/ul>\n\n\n\n<h3 class=\"wp-block-heading has-text-align-center has-neeon-button-dark-gray-color has-text-color has-link-color wp-elements-36e7cf762746bf661c5a6c76a782ac28\"><span class=\"ez-toc-section\" id=\"kurul_kalesi\"><\/span><strong>Kurul Kalesi<\/strong><span class=\"ez-toc-section-end\"><\/span><\/h3>\n\n\n\n<p><img width=\"800\" height=\"501\" data-public-id=\"Kurul-Kalesi_cybnkn\/Kurul-Kalesi_cybnkn.jpg\" decoding=\"async\" class=\"alignnone wp-post-14453 wp-image-14458\" src=\"https:\/\/res.cloudinary.com\/turna\/images\/w_800,h_501,c_scale\/f_auto,q_auto\/f_auto,q_auto:low\/v1540894674\/Kurul-Kalesi_cybnkn\/Kurul-Kalesi_cybnkn.jpg?_i=AA\" style=\"\" data-format=\"jpg\" data-transformations=\"f_auto,q_auto\/f_auto,q_auto:low\" data-version=\"1540894674\" data-seo=\"1\" srcset=\"https:\/\/res.cloudinary.com\/turna\/images\/f_auto,q_auto\/f_auto,q_auto\/f_auto,q_auto:low\/v1540894674\/Kurul-Kalesi_cybnkn\/Kurul-Kalesi_cybnkn.jpg?_i=AA 800w, https:\/\/res.cloudinary.com\/turna\/images\/w_300,h_188,c_scale\/f_auto,q_auto\/f_auto,q_auto\/f_auto,q_auto:low\/v1540894674\/Kurul-Kalesi_cybnkn\/Kurul-Kalesi_cybnkn.jpg?_i=AA 300w, https:\/\/res.cloudinary.com\/turna\/images\/w_671,h_420,c_scale\/f_auto,q_auto\/f_auto,q_auto\/f_auto,q_auto:low\/v1540894674\/Kurul-Kalesi_cybnkn\/Kurul-Kalesi_cybnkn.jpg?_i=AA 671w, https:\/\/res.cloudinary.com\/turna\/images\/w_640,h_401,c_scale\/f_auto,q_auto\/f_auto,q_auto\/f_auto,q_auto:low\/v1540894674\/Kurul-Kalesi_cybnkn\/Kurul-Kalesi_cybnkn.jpg?_i=AA 640w, https:\/\/res.cloudinary.com\/turna\/images\/w_681,h_426,c_scale\/f_auto,q_auto\/f_auto,q_auto\/f_auto,q_auto:low\/v1540894674\/Kurul-Kalesi_cybnkn\/Kurul-Kalesi_cybnkn.jpg?_i=AA 681w\" sizes=\"(max-width: 800px) 100vw, 800px\" \/><\/p>\n\n\n\n<p>Do\u011fu Karadeniz&#8217;de ba\u015flat\u0131lan ilk arkeolojik kaz\u0131lar Kurul Kalesi&#8217;nde yap\u0131lm\u0131\u015f. VI. Midritiyates zaman\u0131nda yap\u0131ld\u0131\u011f\u0131 d\u00fc\u015f\u00fcn\u00fclen kaleden geriye sur ve duvar kal\u0131nt\u0131lar\u0131 kalm\u0131\u015f. Kaz\u0131larda tanr\u0131\u00e7a heykelleri, sikkeler, seramikler ve sava\u015f aletleri bulunmu\u015f. Kale, Ordu merkezine ba\u011fl\u0131 Vayad\u0131 k\u00f6y\u00fcnde bulunuyor.<\/p>\n\n\n\n<p>VI. Midradates, M.\u00d6. 120-63 y\u0131llar\u0131 aras\u0131nda ya\u015fam\u0131\u015f. D\u00fcnya&#8217;n\u0131n ilk zehir bilimcisi olarak biliniyor. O tarihlerde biyolojik silah kullanm\u0131\u015f. VI. Midradates&#8217;in hayat\u0131 \u00e7ok da kolay ge\u00e7memi\u015f. Babas\u0131 zehirlenerek \u00f6ld\u00fcr\u00fclm\u00fc\u015f. Annesi ve k\u00fc\u00e7\u00fck karde\u015fi kendisine tuzak kurarak zindana atmak istemi\u015f.<\/p>\n\n\n\n<p>Bunu duyan Midradates 7 y\u0131l boyunca ka\u00e7ak olarak ya\u015fam\u0131\u015f. Bu ka\u00e7\u0131\u015f\u0131nda kendinden \u00f6nceki krallar hep zehirlenerek \u00f6ld\u00fcr\u00fcld\u00fc\u011f\u00fc i\u00e7in zehirlerle ilgili \u00e7e\u015fitli \u00e7al\u0131\u015fmalar yapm\u0131\u015f. Domuzlar \u00fczerinde \u00e7e\u015fitli deneyler ger\u00e7ekle\u015ftirmi\u015f. Daha sonra da kendi \u00fczerinde \u00e7e\u015fitli zehirleri denemi\u015f. Amac\u0131 kendisinin zehire kar\u015f\u0131 ba\u011f\u0131\u015f\u0131kl\u0131k kazanmas\u0131n\u0131 istemesiymi\u015f.<\/p>\n\n\n\n<p>Yedi y\u0131l sonra \u00fclkesine d\u00f6nen VI. Midradates, k\u00fc\u00e7\u00fck karde\u015fini ve annesini tahttan indirip Pontus Rum Devleti&#8217;nin kral\u0131 olmu\u015f. Pontus Devleti&#8217;nin krall\u0131ktan imparatorlu\u011fu ge\u00e7isi s\u0131ras\u0131nda b\u00fcy\u00fck zaferler kazanm\u0131\u015f.<\/p>\n\n\n\n<ul class=\"wp-block-list\">\n<li>Kurul Kalesi konumu<strong><a href=\"https:\/\/goo.gl\/maps\/msdKRJLHFP4CshDt5\" target=\"_blank\" rel=\"noreferrer noopener\"> burada.<\/a><\/strong><\/li>\n<\/ul>\n\n\n\n<h3 class=\"wp-block-heading has-text-align-center has-neeon-button-dark-gray-color has-text-color has-link-color wp-elements-be148c238a05ff613e112047515f7c20\"><span class=\"ez-toc-section\" id=\"yoroz_kent_ormani\"><\/span><strong>Yoroz Kent Orman\u0131<\/strong><span class=\"ez-toc-section-end\"><\/span><\/h3>\n\n\n\n<p>Ordu gezilecek yerler tabiri caizse oksijen deposu. S\u0131rada harika bir konum var. <strong>Yoroz Kent Orman\u0131 <\/strong>Ordu Merkeze 20 km mesafede yer al\u0131yor. Buras\u0131 zengin ormanlar\u0131 ve seyir teras\u0131 ile \u00fcnl\u00fc. Yaban hayat\u0131 g\u00f6zlemleyebilece\u011finiz orman flora ve fauna bak\u0131m\u0131ndan da \u00e7ok zengin. Piknik yapmak i\u00e7in de buray\u0131 tercih edebilirsiniz.<\/p>\n\n\n\n<ul class=\"wp-block-list\">\n<li>Yoroz Kent Orman\u0131 konumu <strong><a href=\"https:\/\/goo.gl\/maps\/fyMj3kXwxUuiER6U7\" target=\"_blank\" rel=\"noreferrer noopener\">burada.<\/a><\/strong><\/li>\n<\/ul>\n\n\n\n<h3 class=\"wp-block-heading has-text-align-center has-neeon-button-dark-gray-color has-text-color has-link-color wp-elements-314eb24056fee8ff74a9e0670190863a\"><span class=\"ez-toc-section\" id=\"ohtamis_selalesi\"><\/span>Ohtam\u0131\u015f \u015eelalesi<span class=\"ez-toc-section-end\"><\/span><\/h3>\n\n\n\n<p>Ordu\u2019nun Ulubey il\u00e7esine ba\u011fl\u0131 Ohtam\u0131\u015f Mahallesi\u2019nde bulunan bu \u015felale, Karadeniz B\u00f6lgesi\u2019nin en y\u00fcksek \u015felalelerinden biri. Yakla\u015f\u0131k 30 metre y\u00fckseklikten d\u00f6k\u00fclen sular, yemye\u015fil bir do\u011fan\u0131n ortas\u0131nda g\u00f6z al\u0131c\u0131 bir manzara olu\u015fturuyor.&nbsp;<\/p>\n\n\n\n<p>\u015eehir merkezine 28 km uzakl\u0131ktaki \u015felaleye ula\u015f\u0131m \u00e7ok kolay de\u011fil ama ula\u015f\u0131nca &#8220;\u0130yi ki gelmi\u015fim&#8221; dedirtiyor. Araban\u0131zla belli bir noktaya kadar gidip, k\u0131sa bir y\u00fcr\u00fcy\u00fc\u015f yapman\u0131z gerekiyor. E\u011fer tatile araban\u0131zla gelmediyseniz de Turna\u2019n\u0131n <strong>ara\u00e7 kiralama<\/strong> se\u00e7eneklerine bir g\u00f6z atmal\u0131s\u0131n\u0131z. Ayakkab\u0131lar da rahat olmal\u0131 \u00e7\u00fcnk\u00fc toprak yollar var. \u015eelalenin yan\u0131nda oturup sadece suyun sesini dinlemek bile insan\u0131n ruhuna iyi geliyor.&nbsp;<\/p>\n\n\n\n<ul class=\"wp-block-list\">\n<li>Ohtam\u0131\u015f \u015eelalesi konumu <strong><a href=\"https:\/\/www.google.com\/maps\/place\/Ohtam%C4%B1%C5%9F+%C5%9Eelalesi\/@40.811218,37.6585927,17z\/data=!3m1!4b1!4m6!3m5!1s0x40632b753bc4d00b:0x35319517d5a20d0c!8m2!3d40.811218!4d37.661173!16s%2Fg%2F121b79qk?entry=ttu&amp;g_ep=EgoyMDI1MDQxMy4wIKXMDSoJLDEwMjExNjQwSAFQAw%3D%3D\" target=\"_blank\" rel=\"noopener\">burada.<\/a><\/strong><\/li>\n<\/ul>\n\n\n\n<h3 class=\"wp-block-heading has-text-align-center has-neeon-button-dark-gray-color has-text-color has-link-color wp-elements-71ff956bcb23339d7271e2c9fdaee5f3\"><span class=\"ez-toc-section\" id=\"ulugol_tabiat_parki\"><\/span><strong>Ulug\u00f6l Tabiat Park\u0131<\/strong><span class=\"ez-toc-section-end\"><\/span><\/h3>\n\n\n\n<figure class=\"wp-block-image size-large\"><img decoding=\"async\" src=\"https:\/\/res.cloudinary.com\/turna\/image\/upload\/v1646747411\/ulug%C3%B6l_tabiat_park%C4%B1_m54ktw.jpg\" alt=\"ordu gezilecek yerler\"\/><\/figure>\n\n\n\n<p>2009&#8217;da Tabiat Park\u0131 olarak tescil edilen&nbsp;<strong>Ulug\u00f6l<\/strong>, Ordu&#8217;nun G\u00f6lk\u00f6y \u0130l\u00e7esi&#8217;nde bulunuyor. <strong>Ulug\u00f6l Tabiat Park\u0131<\/strong>&nbsp;kay\u0131n a\u011fac\u0131, g\u00fcrgen, k\u0131z\u0131la\u011fa\u00e7, f\u0131nd\u0131k ve me\u015feden olu\u015fan orman\u0131yla g\u00f6rsel \u015f\u00f6len sunuyor. Tabiat Park\u0131nda piknik, do\u011fa y\u00fcr\u00fcy\u00fc\u015f\u00fc, bisiklet turu yapabilir, bol bol foto\u011fraf \u00e7ekebilir, bitki ve yaban hayat\u0131 g\u00f6zlemleyebilirsiniz.<\/p>\n\n\n\n<p>Ayr\u0131ca alanda mescit, \u00e7ocuk oyun alanlar\u0131, piknik masalar\u0131, kamelya, b\u00fcfe, \u00e7e\u015fme otopark yer al\u0131yor. Ayr\u0131ca Ulug\u00f6l ve \u00c7epekli G\u00f6l \u00fczerinde bulunan nil\u00fcfer, su kam\u0131\u015f\u0131, sazlar ve su mercime\u011fi bu do\u011fa harikas\u0131 alan\u0131n cazibesini artt\u0131r\u0131yor. Bakt\u0131n\u0131z bu havaya bu suya doyamad\u0131n\u0131z b\u00f6lgede bulunan 12 adet k\u0131r evinden birinde konaklayabilirsiniz. \ud83d\ude42<\/p>\n\n\n\n<ul class=\"wp-block-list\">\n<li>Ulug\u00f6l Tabiat Park\u0131 konumu <strong><a href=\"https:\/\/goo.gl\/maps\/hH7T4ZEvcnZKwx2p7\" target=\"_blank\" rel=\"noreferrer noopener\">burada.<\/a><\/strong><\/li>\n<\/ul>\n\n\n\n<h3 class=\"wp-block-heading has-text-align-center has-neeon-button-dark-gray-color has-text-color has-link-color wp-elements-3ab730730774690068dd895506388c3a\"><span class=\"ez-toc-section\" id=\"asarkaya_kent_ormani\"><\/span>Asarkaya Kent Orman\u0131<span class=\"ez-toc-section-end\"><\/span><\/h3>\n\n\n\n<p><strong>Asarkaya Kent Orman\u0131<\/strong>&nbsp;\u00dcnye&nbsp;\u0130l\u00e7esine 4 kilometre mesafede bulunuyor. \u00dcnye-Fatsa yolu \u00fczerinde bulunan bir mesire ve piknik alan\u0131. \u0130\u00e7inde bar\u0131nd\u0131rd\u0131\u011f\u0131 bir \u00e7ok yaban hayvan\u0131 ve bitki \u00e7e\u015fidiyle dikkat \u00e7ekiyor.&nbsp;Ordu gezilecek yerler rotan\u0131za dahil edebilirsiniz.<\/p>\n\n\n\n<ul class=\"wp-block-list\">\n<li>Asarkaya Kent Orman\u0131 konumu <strong><a href=\"https:\/\/goo.gl\/maps\/vEd1vB6YQa5yq9Zw7\" target=\"_blank\" rel=\"noreferrer noopener\">burada.<\/a><\/strong><\/li>\n<\/ul>\n\n\n\n<h3 class=\"wp-block-heading has-text-align-center has-neeon-button-dark-gray-color has-text-color has-link-color wp-elements-97bfa7f03102383edba66fadb2a07e4a\"><span class=\"ez-toc-section\" id=\"persembe_yaylasi\"><\/span><strong>Per\u015fembe Yaylas\u0131<\/strong><span class=\"ez-toc-section-end\"><\/span><\/h3>\n\n\n\n<figure class=\"wp-block-image size-large\"><img width=\"800\" height=\"500\" decoding=\"async\" src=\"data:image\/svg+xml;base64,PHN2ZyB4bWxucz0iaHR0cDovL3d3dy53My5vcmcvMjAwMC9zdmciIHdpZHRoPSI4MDAiIGhlaWdodD0iNTAwIj48cmVjdCB3aWR0aD0iMTAwJSIgaGVpZ2h0PSIxMDAlIj48YW5pbWF0ZSBhdHRyaWJ1dGVOYW1lPSJmaWxsIiB2YWx1ZXM9InJnYmEoMTUzLDE1MywxNTMsMC41KTtyZ2JhKDE1MywxNTMsMTUzLDAuMSk7cmdiYSgxNTMsMTUzLDE1MywwLjUpIiBkdXI9IjJzIiByZXBlYXRDb3VudD0iaW5kZWZpbml0ZSIgLz48L3JlY3Q+PC9zdmc+\" alt=\"ordu gezilecek yerler\" data-public-id=\"per\u015fembe_yaylas\u0131_pb7i0s\/per\u015fembe_yaylas\u0131_pb7i0s.jpg\" class=\"wp-post-14453 wp-image-20750\" data-format=\"jpg\" data-transformations=\"f_auto,q_auto:low\" data-version=\"1646747404\" data-seo=\"1\" data-size=\"800 500\" data-srcset=\"https:\/\/res.cloudinary.com\/turna\/images\/f_auto,q_auto:low\/v1646747404\/per\u015fembe_yaylas\u0131_pb7i0s\/per\u015fembe_yaylas\u0131_pb7i0s.jpg?_i=AA 800w, https:\/\/res.cloudinary.com\/turna\/images\/w_300,h_188,c_scale\/f_auto,q_auto:low\/v1646747404\/per\u015fembe_yaylas\u0131_pb7i0s\/per\u015fembe_yaylas\u0131_pb7i0s.jpg?_i=AA 300w, https:\/\/res.cloudinary.com\/turna\/images\/w_672,h_420,c_scale\/f_auto,q_auto:low\/v1646747404\/per\u015fembe_yaylas\u0131_pb7i0s\/per\u015fembe_yaylas\u0131_pb7i0s.jpg?_i=AA 672w, https:\/\/res.cloudinary.com\/turna\/images\/w_640,h_400,c_scale\/f_auto,q_auto:low\/v1646747404\/per\u015fembe_yaylas\u0131_pb7i0s\/per\u015fembe_yaylas\u0131_pb7i0s.jpg?_i=AA 640w, https:\/\/res.cloudinary.com\/turna\/images\/w_681,h_426,c_scale\/f_auto,q_auto:low\/v1646747404\/per\u015fembe_yaylas\u0131_pb7i0s\/per\u015fembe_yaylas\u0131_pb7i0s.jpg?_i=AA 681w\" data-sizes=\"(max-width: 800px) 100vw, 800px\" data-delivery=\"upload\" onload=\";window.CLDBind?CLDBind(this):null;\" data-cloudinary=\"lazy\" \/><\/figure>\n\n\n\n<p>\u00d6yle bir co\u011frafyada ya\u015f\u0131yoruz ki \u00fclkenin her yerinde bamba\u015fka g\u00fczellikler var. Ama s\u00f6z konusu Karadeniz olunca do\u011fa buraya torpil ge\u00e7mi\u015f diyebiliriz sanki. \ud83d\ude0d T\u00fcrkiye&#8217;de bir benzeri daha bulunmuyor<strong>&nbsp;Per\u015fembe Yaylas\u0131<\/strong>&nbsp;<strong>Menderesleri<\/strong>\u2019nin. Bir d\u00fcnya miras\u0131 olarak korunmas\u0131 amac\u0131yla tescil i\u015flemleri son a\u015famada.<\/p>\n\n\n\n<p>1991&#8217;de&nbsp;Bakanlar Kurulu Karar\u0131&nbsp;ile&nbsp;Turizm Merkezi&nbsp;ilan edilmi\u015f buras\u0131.&nbsp;Aybast\u0131&nbsp;\u0130l\u00e7esi&#8217;ne 17 kilometre mesafede bulunuyor. Her y\u0131l Temmuz ay\u0131nda yayla \u015fenlikleri yap\u0131l\u0131yor. \u015eenliklerde yar\u0131\u015fmalar, folklor g\u00f6sterileri, konserler, sosyal ve k\u00fclt\u00fcrel etkinlikler, g\u00fcre\u015f m\u00fcsabakalar\u0131, at yar\u0131\u015flar\u0131 gibi etkinlikler d\u00fczenleniyor. Ordu gezilecek do\u011fal yerler i\u00e7inde mutlaka g\u00f6rmeniz gereken bir g\u00fczellikte Per\u015fembe Yaylas\u0131.<\/p>\n\n\n\n<ul class=\"wp-block-list\">\n<li>Per\u015fembe Yaylas\u0131 konumu<strong><a href=\"https:\/\/g.page\/aybastipersembeyaylasi?share\" target=\"_blank\" rel=\"noreferrer noopener\"> burada.<\/a><\/strong><\/li>\n<\/ul>\n\n\n\n<h3 class=\"wp-block-heading has-text-align-center has-neeon-button-dark-gray-color has-text-color has-link-color wp-elements-1e6c8abb8dcdf91026d38c7abb6e69da\"><span class=\"ez-toc-section\" id=\"cambasi_yaylasi\"><\/span><strong>\u00c7amba\u015f\u0131 Yaylas\u0131<\/strong><span class=\"ez-toc-section-end\"><\/span><\/h3>\n\n\n\n<figure class=\"wp-block-image size-large\"><img decoding=\"async\" src=\"https:\/\/res.cloudinary.com\/turna\/image\/upload\/v1646747401\/%C3%A7amba%C5%9F%C4%B1_yaylas%C4%B1_seg4hg.jpg\" alt=\"ordu gezilecek yerler\"\/><\/figure>\n\n\n\n<p><strong>\u00c7amba\u015f\u0131 Yaylas\u0131<\/strong> hem yaz hem k\u0131\u015f turizmi i\u00e7in Ordu&#8217;da tercih edilen yerlerin ba\u015f\u0131nda geliyor. Yaylada iki otel ve restoran bulunuyor. \u00c7ar\u015f\u0131s\u0131, pazar\u0131, piknik yerleri olan yaylan\u0131n do\u011fal g\u00fczellikleri muhte\u015fem. Bu y\u00f6rede b\u00fct\u00fcn do\u011fa sporlar\u0131n\u0131 profesyonel olarak yapabilirsiniz.<\/p>\n\n\n\n<p>Ordu&#8217;nun 61 kilometre g\u00fcneyinde olan bu yaylada, birka\u00e7 tane alabal\u0131k \u00fcretim \u00e7iftli\u011fi yer al\u0131yor. \u00c7amba\u015f\u0131 Yaylas\u0131\u2019nda bir de kayak tesisi var.&nbsp;Tesiste 2 adet telesiyej hatt\u0131 bulunuyor.&nbsp;Toplam uzunlu\u011fu 17.275 metre olan 11&nbsp;adet&nbsp;kayak pisti ile Ordu k\u0131\u015f turizmine hayat veriyor.<\/p>\n\n\n\n<ul class=\"wp-block-list\">\n<li>\u00c7amba\u015f\u0131 Yaylas\u0131 konumu <strong><a href=\"https:\/\/goo.gl\/maps\/mxunvnomJ1NmcAk58\" target=\"_blank\" rel=\"noopener\">burada.<\/a><\/strong><\/li>\n<\/ul>\n\n\n\n<h3 class=\"wp-block-heading has-text-align-center has-neeon-button-dark-gray-color has-text-color has-link-color wp-elements-1c4b44b7ec6a9933e5cccc980b15cf47\"><span class=\"ez-toc-section\" id=\"gaga_golu\"><\/span>Gaga G\u00f6l\u00fc<span class=\"ez-toc-section-end\"><\/span><\/h3>\n\n\n\n<p>Ordu gezi rehberi yaz\u0131ma do\u011fa harikas\u0131 bir yer ile devam edeyim. <strong>Gaga (Grago) G\u00f6l\u00fc<\/strong>,&nbsp;Ordu&#8217;nun&nbsp;Fatsa&nbsp;il\u00e7esinde bulunuyor. Gaga G\u00f6l\u00fc&nbsp;heyelan&nbsp;sonucu olu\u015fan bir g\u00f6l. Heyelan sonras\u0131nda \u00e7ok say\u0131da ve de\u011fi\u015fik boyutlarda \u00e7ukurluklar olu\u015fmu\u015f ve \u00e7ukurlar\u0131n ya\u011f\u0131\u015flarla dolmas\u0131yla do\u011fal olarak g\u00f6l haline gelmi\u015f.<\/p>\n\n\n\n<p>\u00c7evresi f\u0131nd\u0131k a\u011fa\u00e7lar\u0131yla \u00e7evrili g\u00f6l \u00e7evresinde y\u00fcr\u00fcy\u00fc\u015f yapabilir, deniz bisikleti kiralayabilirsiniz. Ayr\u0131ca g\u00f6l \u00e7evresinde yeme-i\u00e7me ihtiya\u00e7lar\u0131n\u0131z i\u00e7in bir ka\u00e7 restoran da bulunuyor.<\/p>\n\n\n\n<ul class=\"wp-block-list\">\n<li>Gaga G\u00f6l\u00fc konumu <strong><a href=\"https:\/\/goo.gl\/maps\/q7xE9moycEw2YbNN8\" target=\"_blank\" rel=\"noreferrer noopener\">burada.<\/a><\/strong><\/li>\n<\/ul>\n\n\n\n<h3 class=\"wp-block-heading has-text-align-center has-neeon-button-dark-gray-color has-text-color has-link-color wp-elements-d6b2acb889d088a5e461e55e97274b28\"><span class=\"ez-toc-section\" id=\"baskotani_koprusu\"><\/span><strong>Ba\u015fkotan\u0131 K\u00f6pr\u00fcs\u00fc<\/strong><span class=\"ez-toc-section-end\"><\/span><\/h3>\n\n\n\n<p>Melet Irma\u011f\u0131 \u00fczerinde yer alan bu tahta k\u00f6pr\u00fc, do\u011fan\u0131n i\u00e7inde adeta gizlenmi\u015f k\u00fc\u00e7\u00fck bir tarih par\u00e7as\u0131 gibi. Net bir yap\u0131m y\u0131l\u0131 olmasa da Osmanl\u0131 d\u00f6nemine ait oldu\u011fu d\u00fc\u015f\u00fcn\u00fcl\u00fcyor. \u015eu anda hala aktif olarak kullan\u0131lan k\u00f6pr\u00fc olduk\u00e7a sa\u011flam duruyor ve \u00e7evresi olduk\u00e7a huzurlu bir atmosfere sahip.<\/p>\n\n\n\n<p>K\u00f6pr\u00fc iki il\u00e7eyi de birbirine ba\u011fl\u0131yor. \u00d6zellikle ilkbahar ve sonbahar aylar\u0131nda do\u011fa o kadar renkli ki buraya gelip vakit ge\u00e7irmek son derece keyifli oluyor. \u00c7evresi piknik yapmak i\u00e7in de uygun. E\u011fer tarihi yap\u0131lar\u0131 seviyorsan\u0131z ve do\u011fayla i\u00e7 i\u00e7e bir yer ar\u0131yorsan\u0131z Ba\u015fkotan\u0131 K\u00f6pr\u00fcs\u00fc\u2019n\u00fc mutlaka g\u00f6rmelisiniz.<\/p>\n\n\n\n<ul class=\"wp-block-list\">\n<li>Ba\u015fkotan\u0131 K\u00f6pr\u00fcs\u00fc konumu <strong><a href=\"https:\/\/www.google.com\/maps\/place\/Ba%C5%9Fkotan%C4%B1+K%C3%B6pr%C3%BCs%C3%BC\/@40.7028013,37.8408653,17z\/data=!3m1!4b1!4m6!3m5!1s0x407ccb4b15fecc37:0xbba355f4770e3d2f!8m2!3d40.7028013!4d37.8434456!16s%2Fg%2F11f03qh27f?entry=ttu&amp;g_ep=EgoyMDI1MDQxMy4wIKXMDSoJLDEwMjExNjQwSAFQAw%3D%3D\" target=\"_blank\" rel=\"noopener\">burada.<\/a><\/strong><\/li>\n<\/ul>\n\n\n\n<h3 class=\"wp-block-heading has-text-align-center has-neeon-button-dark-gray-color has-text-color has-link-color wp-elements-487d8fb0d2b104fe3b4a90714500b303\"><span class=\"ez-toc-section\" id=\"hoynat_adasi\"><\/span>Hoynat Adas\u0131<span class=\"ez-toc-section-end\"><\/span><\/h3>\n\n\n\n<figure class=\"wp-block-image size-large\"><img decoding=\"async\" src=\"https:\/\/res.cloudinary.com\/turna\/image\/upload\/v1646747403\/Hoynat_Adas%C4%B1_pgoalg.jpg\" alt=\"ordu gezilecek yerler\"\/><\/figure>\n\n\n\n<p><strong>Hoynat Adas\u0131<\/strong>, Ordu&#8217;n\u0131n Per\u015fembe&nbsp;il\u00e7esine ba\u011fl\u0131 bir&nbsp;ada. Ada eski zamanlarda gemiciler taraf\u0131ndan depo ve s\u0131\u011f\u0131nak olarak kullan\u0131lm\u0131\u015f. \u00dczerinde k\u00fc\u00e7\u00fck surlar ve su kal\u0131nt\u0131lar\u0131 bulunuyor. Ada,&nbsp;g\u00fcm\u00fc\u015f mart\u0131&nbsp;ve&nbsp;tepeli karabataklar\u0131n da&nbsp;\u00fcreme alan\u0131.<\/p>\n\n\n\n<ul class=\"wp-block-list\">\n<li>Hoynat Adas\u0131 konumu <strong><a href=\"https:\/\/goo.gl\/maps\/2yNJUbPg3KBV77nNA\" target=\"_blank\" rel=\"noreferrer noopener\">burada.<\/a><\/strong><\/li>\n<\/ul>\n\n\n\n<h3 class=\"wp-block-heading has-text-align-center has-neeon-button-dark-gray-color has-text-color has-link-color wp-elements-ad044f7964e89ae457bc1762b966041d\"><span class=\"ez-toc-section\" id=\"uzundere_selalesi_aybasti\"><\/span><strong>Uzundere \u015eelalesi (Aybast\u0131)<\/strong><span class=\"ez-toc-section-end\"><\/span><\/h3>\n\n\n\n<figure class=\"wp-block-image size-large\"><img decoding=\"async\" src=\"https:\/\/res.cloudinary.com\/turna\/image\/upload\/v1646747407\/uzundere_%C5%9Felalesi_aybast%C4%B1_or7zww.jpg\" alt=\"ordu gezilecek yerler\"\/><\/figure>\n\n\n\n<p>Ordu \u0130li, Aybast\u0131 il\u00e7e s\u0131n\u0131r\u0131nda bulunuyor&nbsp;Uzundere&nbsp;\u015eelalesi. B\u00f6lgenin harika bir do\u011fal g\u00fczelli\u011fi. \u00dcst taraf\u0131nda 1 \u015felale, alt taraf\u0131nda 6 \u015felale olmak \u00fczere 7 \u015felale bulunuyor burada. Burada piknik yapabilir, \u015felalenin \u00f6n\u00fcnde olu\u015fan do\u011fal havuzda y\u00fczebilir ve kamp yapabilirsiniz. Bol bol foto\u011fraf \u00e7ekmeyi de ihmal etmeyin. \ud83d\ude0a<\/p>\n\n\n\n<ul class=\"wp-block-list\">\n<li>Uzundere \u015eelalesi konumu <strong><a href=\"https:\/\/goo.gl\/maps\/waM78Vw9etS8fMVM6\" target=\"_blank\" rel=\"noreferrer noopener\">burada.<\/a><\/strong><\/li>\n<\/ul>\n\n\n\n<h3 class=\"wp-block-heading has-text-align-center has-neeon-button-dark-gray-color has-text-color has-link-color wp-elements-117ecc17ba74a61a3897bbe618dd971a\"><span class=\"ez-toc-section\" id=\"kupkaya_kanyonu\"><\/span><strong>K\u00fcpkaya Kanyonu<\/strong><span class=\"ez-toc-section-end\"><\/span><\/h3>\n\n\n\n<p>Ordu\u2019nun Ulubey il\u00e7esine ba\u011fl\u0131, Karde\u015fler K\u00f6y\u00fc yak\u0131nlar\u0131ndaki K\u00fcpkaya Kanyonu, do\u011fa severlerin ve \u00f6zellikle biraz macera arayanlar\u0131n favorisi. Serin sular, kayal\u0131k ge\u00e7itler, a\u011fa\u00e7larla kapl\u0131 vadiler\u2026 Yani hem y\u00fcr\u00fcy\u00fc\u015f yapabilece\u011finiz hem de ke\u015ffetmekten keyif alaca\u011f\u0131n\u0131z bir yer buras\u0131.<\/p>\n\n\n\n<p>Kanyonun i\u00e7inden ge\u00e7en dere boyunca y\u00fcr\u00fcy\u00fc\u015f yapabilir, suyun sesine kar\u0131\u015fan ku\u015f c\u0131v\u0131lt\u0131lar\u0131 e\u015fli\u011finde temiz havay\u0131 soluyabilirsiniz. Suya girip serinleyenler de oluyor ama dikkatli olmakta fayda var \u00e7\u00fcnk\u00fc su biraz so\u011fuk ve baz\u0131 yerler kaygan. Yaz aylar\u0131nda \u00e7evresinde kamp yapan ya da do\u011fa y\u00fcr\u00fcy\u00fc\u015f\u00fcne \u00e7\u0131kan pek \u00e7ok insan g\u00f6rebilirsiniz.&nbsp;<\/p>\n\n\n\n<ul class=\"wp-block-list\">\n<li>K\u00fcpkaya Kanyonu konumu <strong><a href=\"https:\/\/www.google.com\/maps\/place\/KUPKAYA+KANYONU+DEREYANI+TES%C4%B0SLER%C4%B0+-+Z%C4%B0PL%C4%B0NE\/@40.8289308,37.7388115,17z\/data=!3m1!4b1!4m6!3m5!1s0x40632eaf8781790b:0x553c87964933cd59!8m2!3d40.8289308!4d37.7413918!16s%2Fg%2F11bz09kg8p?entry=ttu&amp;g_ep=EgoyMDI1MDQxMy4wIKXMDSoJLDEwMjExNjQwSAFQAw%3D%3D\" target=\"_blank\" rel=\"noopener\">burada.<\/a><\/strong><\/li>\n<\/ul>\n\n\n\n<h3 class=\"wp-block-heading has-text-align-center has-neeon-button-dark-gray-color has-text-color has-link-color wp-elements-01d517f21383e829c8b1ef5a6d1b722c\"><span class=\"ez-toc-section\" id=\"karaoluk_ciseli_selalesi\"><\/span><strong>Karaoluk (\u00c7iseli) \u015eelalesi<\/strong><span class=\"ez-toc-section-end\"><\/span><\/h3>\n\n\n\n<figure class=\"wp-block-image size-large\"><img decoding=\"async\" src=\"https:\/\/res.cloudinary.com\/turna\/image\/upload\/v1646747404\/Karaoluk_%C3%87iseli_%C5%9Eelalesi_y817wt.jpg\" alt=\"ordu gezilecek yerler\"\/><\/figure>\n\n\n\n<p>\u00c7iseli \u015eelalesi,&nbsp;Ordu\u2019nun en g\u00fczel \u015felalelerinden&nbsp;biri. S\u0131cak havalarda soluk alabilece\u011finiz, do\u011fan\u0131n tad\u0131na varabilece\u011finiz bir yer. 11 metre y\u00fckseklikten ak\u0131yor \u00c7iseli \u015eelalesi. \u015eelalede y\u00fczmek isterseniz yan\u0131n\u0131za mayonuzu almay\u0131 unutmay\u0131n. Yok ben y\u00fczemem derseniz en az\u0131ndan ayaklar\u0131n\u0131z\u0131 sokun bu serin suya bence. M\u00fcmk\u00fcnse hafta i\u00e7i gitmenizi \u00f6neririm. Hafta sonlar\u0131 kalabal\u0131k olabiliyor.<\/p>\n\n\n\n<ul class=\"wp-block-list\">\n<li>Karaoluk (\u00c7iseli) \u015eelalesi konumu <strong><a href=\"https:\/\/goo.gl\/maps\/nDrcfrWGw7pEJTrw8\" target=\"_blank\" rel=\"noreferrer noopener\">burada.<\/a><\/strong><\/li>\n<\/ul>\n\n\n\n<h2 class=\"wp-block-heading has-text-align-center has-neeon-button-dark-gray-color has-text-color has-link-color wp-elements-d379b7392877e52191cbc87cc6a5ffc0\"><span class=\"ez-toc-section\" id=\"ordu_hakkinda_hap_bilgiler\"><\/span><strong>Ordu Hakk\u0131nda Hap Bilgiler<\/strong><span class=\"ez-toc-section-end\"><\/span><\/h2>\n\n\n\n<h3 class=\"wp-block-heading has-text-align-center has-neeon-button-dark-gray-color has-text-color has-link-color wp-elements-b723c9845cfddfde15fbd0d9d02ea8b9\"><span class=\"ez-toc-section\" id=\"ordu_nerede_orduya_nasil_gidilir\"><\/span><strong>Ordu Nerede? Ordu&#8217;ya Nas\u0131l Gidilir?<\/strong><span class=\"ez-toc-section-end\"><\/span><\/h3>\n\n\n\n<p>Ordu, Karadeniz B\u00f6lgesinde, Do\u011fu Karadeniz b\u00f6l\u00fcm\u00fcnde yer al\u0131yor. \u0130lin kuzeyinde Karadeniz, g\u00fcneyinde Tokat ve Sivas illeri, bat\u0131s\u0131nda Samsun, do\u011fusunda Giresun ili bulunuyor. B\u00fcy\u00fck\u015fehir stat\u00fcs\u00fcnde olan Ordu&#8217;nun 19 il\u00e7esi var.<\/p>\n\n\n\n<p><strong>Ordu-Giresun<\/strong> <strong>Havaliman\u0131<\/strong>&nbsp;\u015fehir merkezine 18 kilometre mesafede bulunuyor. Havaliman\u0131ndan \u015fehir merkezine ya da \u00dcnye, Per\u015fembe, Fatsa gibi il\u00e7elere Hava\u015f&nbsp;yolcu servislerini kullanarak ula\u015fabilirsiniz. Ordu u\u00e7ak bileti fiyatlar\u0131n\u0131 incelemek i\u00e7in <strong><a href=\"https:\/\/www.turna.com\/ucak-bileti\/ordu-giresun\" target=\"_blank\" rel=\"noreferrer noopener\">bu ba\u011flant\u0131y\u0131<\/a><\/strong> ziyaret edin.<\/p>\n\n\n\n<p>Bir di\u011fer se\u00e7enek Ordu&#8217;ya karayolu ile ula\u015fmak. <strong><a href=\"https:\/\/www.turna.com\/otobus-bileti\/ordu\" target=\"_blank\" rel=\"noreferrer noopener\">Ordu otob\u00fcs bileti<\/a><\/strong> almak i\u00e7in de sizi buraya alal\u0131m.<\/p>\n\n\n\n<h3 class=\"wp-block-heading has-text-align-center has-neeon-button-dark-gray-color has-text-color has-link-color wp-elements-2f38d6dbe330e203a3945349397d49b7\"><span class=\"ez-toc-section\" id=\"orduda_ne_yenir\"><\/span><strong>Ordu&#8217;da Ne Yenir?<\/strong><span class=\"ez-toc-section-end\"><\/span><\/h3>\n\n\n\n<p>Seyahati seven bir\u00e7ok ki\u015fi seyahat etti\u011fi yerlerdeki yerel lezzetleri de deneyimlemek istiyor. Ordu, Karadeniz k\u00fclt\u00fcr\u00fcn\u00fc deneyimleyebilece\u011finiz muhte\u015fem lezzet duraklar\u0131na sahip bir \u015fehir. Karalahana \u00e7orbas\u0131, m\u0131s\u0131r ekme\u011fi, m\u0131s\u0131r \u00e7orbas\u0131, fasulye tur\u015fusu, ho\u015fk\u0131ran, karalahana sarmas\u0131, bal\u0131k \u00e7e\u015fitleri, Bolaman pidesi gibi yerel lezzetler Ordu&#8217;nun d\u00f6rt bir yan\u0131ndaki restoranlarda servis ediliyor.<\/p>\n\n\n\n<h3 class=\"wp-block-heading has-text-align-center has-neeon-button-dark-gray-color has-text-color has-link-color wp-elements-1146d124fda7476175b8e963832b4657\"><span class=\"ez-toc-section\" id=\"ordu_kac_gunde_gezilir\"><\/span><strong>Ordu Ka\u00e7 G\u00fcnde Gezilir?<\/strong><span class=\"ez-toc-section-end\"><\/span><\/h3>\n\n\n\n<p>Ordu gezilecek yerler listesindeki noktalar\u0131 ortalama 2-3 g\u00fcnl\u00fck bir planlamayla rahat\u00e7a gezebilirsiniz.<\/p>\n\n    <div class=\"xs_social_share_widget xs_share_url after_content \t\tmain_content  wslu-style-1 wslu-share-box-shaped wslu-fill-colored wslu-none wslu-share-horizontal wslu-theme-font-no wslu-main_content\">\n\n\t\t\n        <ul>\n\t\t\t        <\/ul>\n    <\/div> \n","protected":false},"excerpt":{"rendered":"<p>Yemye\u015fil do\u011fas\u0131, zamana meydan okuyan antik kentleri, damak \u00e7atlatan lezzetleri ve Karadeniz&#8217;in doyum olmaz manzaras\u0131na sahip kenti Ordu, son y\u0131llarda \u00fclkemizde \u00f6ne \u00e7\u0131kan turizm destinasyonlar\u0131ndan birine d\u00f6n\u00fc\u015ft\u00fc. Ordu gezilecek yerleri g\u00f6rmeye T\u00fcrkiye&#8217;nin ve d\u00fcnyan\u0131n d\u00f6rt bir yan\u0131ndan ziyaret\u00e7iler geliyor.<\/p>\n","protected":false},"author":34,"featured_media":20750,"comment_status":"open","ping_status":"open","sticky":false,"template":"","format":"standard","meta":{"rop_custom_images_group":[],"rop_custom_messages_group":[],"rop_publish_now":"initial","rop_publish_now_accounts":[],"rop_publish_now_history":[],"rop_publish_now_status":"pending","_cloudinary_featured_overwrite":false,"footnotes":""},"categories":[1856],"tags":[624,380],"class_list":["post-14453","post","type-post","status-publish","format-standard","has-post-thumbnail","hentry","category-ordu","tag-ordu","tag-turkiye"],"_links":{"self":[{"href":"https:\/\/www.turna.com\/blog\/wp-json\/wp\/v2\/posts\/14453","targetHints":{"allow":["GET"]}}],"collection":[{"href":"https:\/\/www.turna.com\/blog\/wp-json\/wp\/v2\/posts"}],"about":[{"href":"https:\/\/www.turna.com\/blog\/wp-json\/wp\/v2\/types\/post"}],"author":[{"embeddable":true,"href":"https:\/\/www.turna.com\/blog\/wp-json\/wp\/v2\/users\/34"}],"replies":[{"embeddable":true,"href":"https:\/\/www.turna.com\/blog\/wp-json\/wp\/v2\/comments?post=14453"}],"version-history":[{"count":0,"href":"https:\/\/www.turna.com\/blog\/wp-json\/wp\/v2\/posts\/14453\/revisions"}],"wp:featuredmedia":[{"embeddable":true,"href":"https:\/\/www.turna.com\/blog\/wp-json\/wp\/v2\/media\/20750"}],"wp:attachment":[{"href":"https:\/\/www.turna.com\/blog\/wp-json\/wp\/v2\/media?parent=14453"}],"wp:term":[{"taxonomy":"category","embeddable":true,"href":"https:\/\/www.turna.com\/blog\/wp-json\/wp\/v2\/categories?post=14453"},{"taxonomy":"post_tag","embeddable":true,"href":"https:\/\/www.turna.com\/blog\/wp-json\/wp\/v2\/tags?post=14453"}],"curies":[{"name":"wp","href":"https:\/\/api.w.org\/{rel}","templated":true}]}}