{"id":14382,"date":"2018-10-23T10:07:22","date_gmt":"2018-10-23T07:07:22","guid":{"rendered":"https:\/\/www.turna.com\/blog\/?p=14382"},"modified":"2024-01-20T11:46:37","modified_gmt":"2024-01-20T08:46:37","slug":"elena-polyakova","status":"publish","type":"post","link":"https:\/\/www.turna.com\/blog\/elena-polyakova","title":{"rendered":"Elena Polyakova : V\u00fccut Geli\u015ftirme&#8217;den Gezgin Olmaya Bir Yol"},"content":{"rendered":"<div id=\"ez-toc-container\" class=\"ez-toc-v2_0_82_2 counter-hierarchy ez-toc-counter ez-toc-black ez-toc-container-direction\">\n<div class=\"ez-toc-title-container\">\n<p class=\"ez-toc-title\" style=\"cursor:inherit\">\u0130\u00e7indekiler<\/p>\n<span class=\"ez-toc-title-toggle\"><a href=\"#\" class=\"ez-toc-pull-right ez-toc-btn ez-toc-btn-xs ez-toc-btn-default ez-toc-toggle\" aria-label=\"\u0130\u00e7indekiler Tablosunu A\u00e7\/Kapat\"><span class=\"ez-toc-js-icon-con\"><span class=\"\"><span class=\"eztoc-hide\" style=\"display:none;\">Toggle<\/span><span class=\"ez-toc-icon-toggle-span\"><svg style=\"fill: #ffffff;color:#ffffff\" xmlns=\"http:\/\/www.w3.org\/2000\/svg\" class=\"list-377408\" width=\"20px\" height=\"20px\" viewBox=\"0 0 24 24\" fill=\"none\"><path d=\"M6 6H4v2h2V6zm14 0H8v2h12V6zM4 11h2v2H4v-2zm16 0H8v2h12v-2zM4 16h2v2H4v-2zm16 0H8v2h12v-2z\" fill=\"currentColor\"><\/path><\/svg><svg style=\"fill: #ffffff;color:#ffffff\" class=\"arrow-unsorted-368013\" xmlns=\"http:\/\/www.w3.org\/2000\/svg\" width=\"10px\" height=\"10px\" viewBox=\"0 0 24 24\" version=\"1.2\" baseProfile=\"tiny\"><path d=\"M18.2 9.3l-6.2-6.3-6.2 6.3c-.2.2-.3.4-.3.7s.1.5.3.7c.2.2.4.3.7.3h11c.3 0 .5-.1.7-.3.2-.2.3-.5.3-.7s-.1-.5-.3-.7zM5.8 14.7l6.2 6.3 6.2-6.3c.2-.2.3-.5.3-.7s-.1-.5-.3-.7c-.2-.2-.4-.3-.7-.3h-11c-.3 0-.5.1-.7.3-.2.2-.3.5-.3.7s.1.5.3.7z\"\/><\/svg><\/span><\/span><\/span><\/a><\/span><\/div>\n<nav><ul class='ez-toc-list ez-toc-list-level-1 eztoc-toggle-hide-by-default' ><li class='ez-toc-page-1 ez-toc-heading-level-2'><a class=\"ez-toc-link ez-toc-heading-1\" href=\"https:\/\/www.turna.com\/blog\/elena-polyakova\/#seyahat_etmeye_ne_zaman_basladin_nasil_karar_verdin\" >Seyahat etmeye ne zaman ba\u015flad\u0131n, nas\u0131l karar verdin?<\/a><\/li><li class='ez-toc-page-1 ez-toc-heading-level-2'><a class=\"ez-toc-link ez-toc-heading-2\" href=\"https:\/\/www.turna.com\/blog\/elena-polyakova\/#bu_zamana_kadar_turkiyede_kac_il_gezdin_nerelere_gittin\" >Bu zamana kadar T\u00fcrkiye\u2019de ka\u00e7 il gezdin, nerelere gittin?<\/a><\/li><li class='ez-toc-page-1 ez-toc-heading-level-2'><a class=\"ez-toc-link ez-toc-heading-3\" href=\"https:\/\/www.turna.com\/blog\/elena-polyakova\/#yurt_disinda_kac_ulke_gezdin_nerelere_gittin\" >Yurt d\u0131\u015f\u0131nda ka\u00e7 \u00fclke gezdin, nerelere gittin?<\/a><\/li><li class='ez-toc-page-1 ez-toc-heading-level-2'><a class=\"ez-toc-link ez-toc-heading-4\" href=\"https:\/\/www.turna.com\/blog\/elena-polyakova\/#ucuz_ucak_biletlerini_nasil_bulursun\" >Ucuz u\u00e7ak biletlerini nas\u0131l bulursun?<\/a><ul class='ez-toc-list-level-3' ><li class='ez-toc-heading-level-3'><a class=\"ez-toc-link ez-toc-heading-5\" href=\"https:\/\/www.turna.com\/blog\/elena-polyakova\/#aklina_gelen_en_guzel_ya_da_en_ilginc_ani_nedir\" >Akl\u0131na gelen en g\u00fczel ya da en ilgin\u00e7 an\u0131 nedir?<\/a><\/li><\/ul><\/li><\/ul><\/nav><\/div>\n\n<p><span class=\"s1\">Elena Polyakova, Rus bir ultramaraton ko\u015fucusu ve eski v\u00fccut geli\u015ftirme sporcusu. Ko\u015fu parkurlar\u0131nda say\u0131s\u0131z birincilikleri bulunuyor. Sporunun yan\u0131nda \u015fu s\u0131ralar A\u00e7\u0131k Radyo\u2019da<span class=\"Apple-converted-space\">&nbsp;bir program sunuyor.&nbsp;Pek \u00e7ok seyahatini de sporuyla birle\u015ftirmeyi seviyor.&nbsp;Polyakova,&nbsp;<\/span>Atakama \u00c7\u00f6l\u00fc&#8217;nden Aosta Vadisi&#8217;ne gezip g\u00f6rd\u00fc\u011f\u00fc unutulmaz yerleri de bizle payla\u015ft\u0131.<\/span><\/p>\n\n\n\n<h2 class=\"wp-block-heading\"><span class=\"ez-toc-section\" id=\"seyahat_etmeye_ne_zaman_basladin_nasil_karar_verdin\"><\/span><span class=\"s1\"><b>Seyahat etmeye ne zaman ba\u015flad\u0131n, nas\u0131l karar verdin?<\/b><\/span><span class=\"ez-toc-section-end\"><\/span><\/h2>\n\n\n\n<p><span class=\"s1\">\u0130lk yurtd\u0131\u015f\u0131 seyahatim T\u00fcrkiye\u2019ye ger\u00e7ekle\u015fti, Akdeniz B\u00f6lgesi\u2019ni gezdikten sonra m\u00fcthi\u015f do\u011faya sahip olan T\u00fcrkiye\u2019 ye yerle\u015fmeye karar verdim.<\/span><\/p>\n\n\n\n<h4 class=\"wp-block-heading\"><img width=\"472\" height=\"590\" data-public-id=\"elena2_sjbbog\/elena2_sjbbog.png\" fetchpriority=\"high\" decoding=\"async\" class=\"alignnone wp-post-14382 wp-image-14387\" src=\"https:\/\/res.cloudinary.com\/turna\/images\/w_472,h_590,c_scale\/f_auto,q_auto:low\/v1540278152\/elena2_sjbbog\/elena2_sjbbog.png?_i=AA\" data-format=\"png\" data-transformations=\"f_auto,q_auto:low\" data-version=\"1540278152\" data-seo=\"1\" srcset=\"https:\/\/res.cloudinary.com\/turna\/images\/f_auto,q_auto:low\/v1540278152\/elena2_sjbbog\/elena2_sjbbog.png?_i=AA 472w, https:\/\/res.cloudinary.com\/turna\/images\/w_300,h_375,c_scale\/f_auto,q_auto:low\/v1540278152\/elena2_sjbbog\/elena2_sjbbog.png?_i=AA 300w, https:\/\/res.cloudinary.com\/turna\/images\/w_336,h_420,c_scale\/f_auto,q_auto:low\/v1540278152\/elena2_sjbbog\/elena2_sjbbog.png?_i=AA 336w\" sizes=\"(max-width: 472px) 100vw, 472px\" \/><\/h4>\n\n\n\n<h2 class=\"wp-block-heading\"><span class=\"ez-toc-section\" id=\"bu_zamana_kadar_turkiyede_kac_il_gezdin_nerelere_gittin\"><\/span><span class=\"s1\"><b>Bu zamana kadar T\u00fcrkiye\u2019de ka\u00e7 il gezdin, nerelere gittin?<\/b><\/span><span class=\"ez-toc-section-end\"><\/span><\/h2>\n\n\n\n<p><span class=\"s1\">Ka\u00e7kar Da\u011flar\u0131, Likya Yolu, Tahtal\u0131 Da\u011f\u0131, Toros Da\u011flar\u0131, Kapadokya, Tuz G\u00f6l\u00fc, Uluda\u011f, Alada\u011flar, Erciyes Da\u011f\u0131, \u0130znik G\u00f6l\u00fc, Paland\u00f6ken\u2026 O kadar \u00e7ok muhte\u015fem yeri ko\u015farak ke\u015ffettim ki ama ke\u015ffetmeyi bekleyen daha \u00e7ok ola\u011fan\u00fcst\u00fc yer var elbette.<\/span><\/p>\n\n\n\n<h2 class=\"wp-block-heading\"><span class=\"ez-toc-section\" id=\"yurt_disinda_kac_ulke_gezdin_nerelere_gittin\"><\/span><span class=\"s1\"><b>Yurt d\u0131\u015f\u0131nda ka\u00e7 \u00fclke gezdin, nerelere gittin?<\/b><\/span><span class=\"ez-toc-section-end\"><\/span><\/h2>\n\n\n\n<p><span class=\"s1\">M\u0131s\u0131r, \u0130ngiltere, Fransa, \u0130spanya, \u0130talya, Yunanistan, \u015eili, Avusturya, \u0130svi\u00e7re, Almanya, Finlandiya, Beyaz Rusya, Rusya (benim memleketim), Ukrayna, Azerbaycan, \u00d6zbekistan, Kazakistan, G\u00fcrcistan.&nbsp;<\/span><\/p>\n\n\n\n<p><span class=\"s1\"><b>Yaln\u0131z m\u0131 gezmek daha keyifli, yoksa hep \u00e7ift olarak gezmeyi mi tercih edersin?<\/b><\/span><\/p>\n\n\n\n<p><span class=\"s1\">Son y\u0131llar e\u015fimle beraber gezeriz, gezimizi de yar\u0131\u015flara g\u00f6re planlar\u0131z.<\/span><\/p>\n\n\n\n<p><span class=\"s1\"><b>Gitti\u011fin yerlerde be\u011fenmedi\u011fin yemekler olma ihtimaline kar\u015f\u0131 bir B plan\u0131n var m\u0131, varsa nedir?<\/b><\/span><\/p>\n\n\n\n<p><span class=\"s1\">Asl\u0131nda t\u00fcm gitti\u011fim yerlerde yemeklere bay\u0131ld\u0131m, bu tarz sorunlar hi\u00e7 ya\u015famad\u0131m.<\/span><\/p>\n\n\n\n<h2 class=\"wp-block-heading\"><span class=\"ez-toc-section\" id=\"ucuz_ucak_biletlerini_nasil_bulursun\"><\/span><span class=\"s1\"><b>Ucuz u\u00e7ak biletlerini nas\u0131l bulursun?<\/b><\/span><span class=\"ez-toc-section-end\"><\/span><\/h2>\n\n\n\n<p><span class=\"s1\">Yar\u0131\u015f program\u0131m\u0131z \u00f6nceden belli oldu\u011fu i\u00e7in erkenden biletlerimizi almaya \u00e7al\u0131\u015f\u0131yoruz.<\/span><\/p>\n\n\n\n<h3 class=\"wp-block-heading\"><span class=\"ez-toc-section\" id=\"aklina_gelen_en_guzel_ya_da_en_ilginc_ani_nedir\"><\/span><span class=\"s1\"><b>Akl\u0131na gelen en g\u00fczel ya da en ilgin\u00e7 an\u0131 nedir?<\/b><\/span><span class=\"ez-toc-section-end\"><\/span><\/h3>\n\n\n\n<p><span class=\"s1\">Sahra \u00c7\u00f6l\u00fc\u2019 nde bir hafta ge\u00e7irmek; Atakama \u00c7\u00f6l\u00fc\u2019nde y\u0131ld\u0131zlar\u0131 izlemek; Alp Da\u011flar\u0131\u2019nda Fransa, \u0130talya ve \u0130svi\u00e7re\u2019 yi 100 millik yar\u0131\u015fta ko\u015farak ge\u00e7mek; Aosta Vadisi (\u0130talya)\u2019nde 339 km ko\u015farak masalsal k\u00f6ylerini ke\u015ffetmek. Hepsi birbirinden de\u011ferli ve unutulmaz anlar.<\/span><\/p>\n\n\n\n<figure class=\"wp-block-image\"><img width=\"593\" height=\"393\" decoding=\"async\" src=\"data:image\/svg+xml;base64,PHN2ZyB4bWxucz0iaHR0cDovL3d3dy53My5vcmcvMjAwMC9zdmciIHdpZHRoPSI1OTMiIGhlaWdodD0iMzkzIj48cmVjdCB3aWR0aD0iMTAwJSIgaGVpZ2h0PSIxMDAlIj48YW5pbWF0ZSBhdHRyaWJ1dGVOYW1lPSJmaWxsIiB2YWx1ZXM9InJnYmEoMTUzLDE1MywxNTMsMC41KTtyZ2JhKDE1MywxNTMsMTUzLDAuMSk7cmdiYSgxNTMsMTUzLDE1MywwLjUpIiBkdXI9IjJzIiByZXBlYXRDb3VudD0iaW5kZWZpbml0ZSIgLz48L3JlY3Q+PC9zdmc+\" alt=\"\" class=\"wp-post-14382 wp-image-14386 wp-image-14388\" data-public-id=\"elena1_choi7w\/elena1_choi7w.png\" data-format=\"png\" data-transformations=\"f_auto,q_auto\/f_auto,q_auto:low\" data-version=\"1540278152\" data-seo=\"1\" data-size=\"593 393\" data-srcset=\"https:\/\/res.cloudinary.com\/turna\/images\/f_auto,q_auto\/f_auto,q_auto\/f_auto,q_auto:low\/v1540278152\/elena1_choi7w\/elena1_choi7w.png?_i=AA 593w, https:\/\/res.cloudinary.com\/turna\/images\/w_300,h_199,c_scale\/f_auto,q_auto\/f_auto,q_auto\/f_auto,q_auto:low\/v1540278152\/elena1_choi7w\/elena1_choi7w.png?_i=AA 300w\" data-sizes=\"(max-width: 593px) 100vw, 593px\" data-delivery=\"upload\" onload=\";window.CLDBind?CLDBind(this):null;\" data-cloudinary=\"lazy\" \/><\/figure>\n\n\n\n<p><span class=\"s1\"><b>Ke\u015fke girmeseydim dedi\u011fin bir yer oldu mu; neresi, neden?<\/b><\/span><\/p>\n\n\n\n<p><span class=\"s1\">\u015eu ana kadar olmad\u0131 umuyorum ki de olmayacak.<\/span><\/p>\n\n\n\n<p><span class=\"s1\"><b>Gidip g\u00f6r\u00fcp de hi\u00e7 d\u00f6nmek istemedi\u011fin yer oldu mu; neresi, neden?<\/b><\/span><\/p>\n\n\n\n<p><span class=\"s1\">\u0130talya\u2019 daki Courmayeur ve Fransa\u2019 daki Chamonix, gidip hi\u00e7 d\u00f6nmek istemedi\u011fim yerlerden. \u00d6m\u00fcr boyu buralarda ya\u015fayabilirim.<\/span><\/p>\n\n\n\n<p><span class=\"s1\"><b>Yurt d\u0131\u015f\u0131ndayken \u201cT\u00fcrkiye\u2019den geliyorum\u201d dedi\u011finde genellikle ne gibi tepkiler al\u0131rs\u0131n?<\/b><\/span><\/p>\n\n\n\n<p><span class=\"s1\">Yar\u0131\u015flarda e\u015fimle beraber ko\u015ftu\u011fumuz zaman bol bol sohbet ederiz, konu\u015fmam\u0131z\u0131 duyan da ne dille konu\u015ftu\u011fumuz sorar. T\u00fcrk\u00e7e kulaklar\u0131na \u00e7ok ho\u015f gelen bir dildir.<\/span><\/p>\n\n\n\n<p><span class=\"s1\"><b>Yurt d\u0131\u015f\u0131na seyahat etmeye ba\u015flamak isteyenler i\u00e7in, gitmeden \u00f6nce \u0130ngilizce ya da ba\u015fka diller \u00f6\u011frenilmeli mi, \u00f6\u011frenmeye gerek yok mu? Neden?<\/b><\/span><\/p>\n\n\n\n<p><span class=\"s1\">Bizzat fikrim; ne kadar \u00e7ok dil \u00f6\u011frenebiliyorsan o kadar iyidir. \u00dcniversitede \u0130ngilizce ve \u0130spanyolca \u00f6\u011frendim, sonradan merak etti\u011fim i\u00e7in Almancay\u0131 \u00f6\u011frenmeye ba\u015flad\u0131m. T\u00fcrkiye\u2019 ye ta\u015f\u0131nd\u0131\u011f\u0131mda 6 ayda dili \u00f6\u011frenip birka\u00e7 sene sonra T\u00fcrk\u00e7e blogumu yazmaya ba\u015flad\u0131m \u015fimdi de A\u00e7\u0131k Radyo\u2019 da e\u015fimle beraber \u201cYeter ki iste\u201d isimli program\u0131 sunuyoruz. \u0130kamet etti\u011fi \u00fclkenin hem dilini hem de k\u00fclt\u00fcr\u00fcn\u00fc bilmek \u00e7ok \u00f6nemlidir. Elbette her gezilecek \u00fclkenin dilini \u00f6\u011frenmek epey zor ama en az birka\u00e7 kelime ya da c\u00fcmle ve k\u00fclt\u00fcr hakk\u0131nda temel bilgi edinilirse seyahat daha keyifli ge\u00e7er diye d\u00fc\u015f\u00fcn\u00fcyorum. <\/span><\/p>\n\n\n\n<p><span class=\"s1\"><b>Seyahat etmekten korkanlara ne \u00f6nerirsin? Kendini g\u00fcvende tutmak i\u00e7in hep uygulad\u0131\u011f\u0131n y\u00f6ntemler var m\u0131? Varsa neler?<\/b><\/span><\/p>\n\n\n\n<p><span class=\"s1\">Yan\u0131na bir dost al\u0131p beraber gezmek en g\u00fczel ve keyifli bir \u00e7\u00f6z\u00fcm olabilir.<\/span><\/p>\n\n\n\n<p><span class=\"s1\"><b>S\u00fcrekli seyahat etmenin \u00f6zel hayata olumsuz etkisi oldu\u011funu d\u00fc\u015f\u00fcn\u00fcyor musun?<\/b><\/span><\/p>\n\n\n\n<p><span class=\"s1\">E\u015fimle beraber gezdi\u011fimiz i\u00e7in b\u00f6yle bir derdimiz yok.<\/span><\/p>\n\n\n\n<p><span class=\"s1\"><b>Bir \u00fcnl\u00fcyle 1 hafta gezme \u015fans\u0131n olsayd\u0131, kimi se\u00e7erdin, neden; nereye giderdin?<\/b><\/span><\/p>\n\n\n\n<p><span class=\"s1\">Alper Dalk\u0131l\u0131\u00e7 ile Grindelwald\u2019 e (\u0130svi\u00e7re) gitmek isterdim. <\/span><\/p>\n\n\n\n<p><span class=\"s1\"><b>Gezginler i\u00e7in g\u00f6r\u00fclmezse olmaz 3 yer sence nereler, neden?<\/b><\/span><\/p>\n\n\n\n<p><span class=\"s1\">Benim i\u00e7in da\u011flar ve do\u011fa vazge\u00e7ilmez oldu\u011fu i\u00e7in Ka\u00e7kar Da\u011flar\u0131, Kapadokya ve Likya Yolu kesinlikle g\u00f6r\u00fclecek yerler aras\u0131nda olmal\u0131. <\/span><\/p>\n\n    <div class=\"xs_social_share_widget xs_share_url after_content \t\tmain_content  wslu-style-1 wslu-share-box-shaped wslu-fill-colored wslu-none wslu-share-horizontal wslu-theme-font-no wslu-main_content\">\n\n\t\t\n        <ul>\n\t\t\t        <\/ul>\n    <\/div> \n","protected":false},"excerpt":{"rendered":"<p>Elena Polyakova, Rus bir ultramaraton ko\u015fucusu ve eski v\u00fccut geli\u015ftirme sporcusu. Ko\u015fu parkurlar\u0131nda say\u0131s\u0131z birincilikleri bulunuyor. Sporunun yan\u0131nda \u015fu s\u0131ralar A\u00e7\u0131k Radyo\u2019da&nbsp;bir program sunuyor.&nbsp;Pek \u00e7ok seyahatini de sporuyla birle\u015ftirmeyi seviyor.&nbsp;Polyakova,&nbsp;Atakama \u00c7\u00f6l\u00fc&#8217;nden Aosta Vadisi&#8217;ne gezip g\u00f6rd\u00fc\u011f\u00fc unutulmaz yerleri de bizle payla\u015ft\u0131. Seyahat etmeye ne zaman ba\u015flad\u0131n, nas\u0131l karar verdin? \u0130lk yurtd\u0131\u015f\u0131 seyahatim T\u00fcrkiye\u2019ye ger\u00e7ekle\u015fti, Akdeniz B\u00f6lgesi\u2019ni [&hellip;]<\/p>\n","protected":false},"author":25,"featured_media":14384,"comment_status":"open","ping_status":"open","sticky":false,"template":"","format":"standard","meta":{"rop_custom_images_group":[],"rop_custom_messages_group":[],"rop_publish_now":"initial","rop_publish_now_accounts":[],"rop_publish_now_history":[],"rop_publish_now_status":"pending","_cloudinary_featured_overwrite":false,"footnotes":""},"categories":[1719],"tags":[2516,2640],"class_list":["post-14382","post","type-post","status-publish","format-standard","has-post-thumbnail","hentry","category-roportajlar","tag-aktyubinsk","tag-vaasa"],"_links":{"self":[{"href":"https:\/\/www.turna.com\/blog\/wp-json\/wp\/v2\/posts\/14382","targetHints":{"allow":["GET"]}}],"collection":[{"href":"https:\/\/www.turna.com\/blog\/wp-json\/wp\/v2\/posts"}],"about":[{"href":"https:\/\/www.turna.com\/blog\/wp-json\/wp\/v2\/types\/post"}],"author":[{"embeddable":true,"href":"https:\/\/www.turna.com\/blog\/wp-json\/wp\/v2\/users\/25"}],"replies":[{"embeddable":true,"href":"https:\/\/www.turna.com\/blog\/wp-json\/wp\/v2\/comments?post=14382"}],"version-history":[{"count":0,"href":"https:\/\/www.turna.com\/blog\/wp-json\/wp\/v2\/posts\/14382\/revisions"}],"wp:featuredmedia":[{"embeddable":true,"href":"https:\/\/www.turna.com\/blog\/wp-json\/wp\/v2\/media\/14384"}],"wp:attachment":[{"href":"https:\/\/www.turna.com\/blog\/wp-json\/wp\/v2\/media?parent=14382"}],"wp:term":[{"taxonomy":"category","embeddable":true,"href":"https:\/\/www.turna.com\/blog\/wp-json\/wp\/v2\/categories?post=14382"},{"taxonomy":"post_tag","embeddable":true,"href":"https:\/\/www.turna.com\/blog\/wp-json\/wp\/v2\/tags?post=14382"}],"curies":[{"name":"wp","href":"https:\/\/api.w.org\/{rel}","templated":true}]}}