{"id":13333,"date":"2018-06-10T09:15:37","date_gmt":"2018-06-10T06:15:37","guid":{"rendered":"https:\/\/www.turna.com\/blog\/?p=13333"},"modified":"2019-09-05T15:41:30","modified_gmt":"2019-09-05T12:41:30","slug":"yurticinde-tatile-gidilebilecek-sehirler","status":"publish","type":"post","link":"https:\/\/www.turna.com\/blog\/yurticinde-tatile-gidilebilecek-sehirler","title":{"rendered":"Yurti\u00e7inde Tatile Gidebilece\u011finiz 5 G\u00fczel \u015eehir"},"content":{"rendered":"<div id=\"ez-toc-container\" class=\"ez-toc-v2_0_82_2 counter-hierarchy ez-toc-counter ez-toc-black ez-toc-container-direction\">\n<div class=\"ez-toc-title-container\">\n<p class=\"ez-toc-title\" style=\"cursor:inherit\">\u0130\u00e7indekiler<\/p>\n<span class=\"ez-toc-title-toggle\"><a href=\"#\" class=\"ez-toc-pull-right ez-toc-btn ez-toc-btn-xs ez-toc-btn-default ez-toc-toggle\" aria-label=\"\u0130\u00e7indekiler Tablosunu A\u00e7\/Kapat\"><span class=\"ez-toc-js-icon-con\"><span class=\"\"><span class=\"eztoc-hide\" style=\"display:none;\">Toggle<\/span><span class=\"ez-toc-icon-toggle-span\"><svg style=\"fill: #ffffff;color:#ffffff\" xmlns=\"http:\/\/www.w3.org\/2000\/svg\" class=\"list-377408\" width=\"20px\" height=\"20px\" viewBox=\"0 0 24 24\" fill=\"none\"><path d=\"M6 6H4v2h2V6zm14 0H8v2h12V6zM4 11h2v2H4v-2zm16 0H8v2h12v-2zM4 16h2v2H4v-2zm16 0H8v2h12v-2z\" fill=\"currentColor\"><\/path><\/svg><svg style=\"fill: #ffffff;color:#ffffff\" class=\"arrow-unsorted-368013\" xmlns=\"http:\/\/www.w3.org\/2000\/svg\" width=\"10px\" height=\"10px\" viewBox=\"0 0 24 24\" version=\"1.2\" baseProfile=\"tiny\"><path d=\"M18.2 9.3l-6.2-6.3-6.2 6.3c-.2.2-.3.4-.3.7s.1.5.3.7c.2.2.4.3.7.3h11c.3 0 .5-.1.7-.3.2-.2.3-.5.3-.7s-.1-.5-.3-.7zM5.8 14.7l6.2 6.3 6.2-6.3c.2-.2.3-.5.3-.7s-.1-.5-.3-.7c-.2-.2-.4-.3-.7-.3h-11c-.3 0-.5.1-.7.3-.2.2-.3.5-.3.7s.1.5.3.7z\"\/><\/svg><\/span><\/span><\/span><\/a><\/span><\/div>\n<nav><ul class='ez-toc-list ez-toc-list-level-1 eztoc-toggle-hide-by-default' ><li class='ez-toc-page-1 ez-toc-heading-level-2'><a class=\"ez-toc-link ez-toc-heading-1\" href=\"https:\/\/www.turna.com\/blog\/yurticinde-tatile-gidilebilecek-sehirler\/#turkiyede_tatil_rotasina_girmesi_gereken_5_sehir\" >T\u00fcrkiye\u2019de Tatil Rotas\u0131na Girmesi Gereken 5 \u015eehir<\/a><ul class='ez-toc-list-level-3' ><li class='ez-toc-heading-level-3'><a class=\"ez-toc-link ez-toc-heading-2\" href=\"https:\/\/www.turna.com\/blog\/yurticinde-tatile-gidilebilecek-sehirler\/#5_mersin\" >5. Mersin<\/a><\/li><\/ul><\/li><li class='ez-toc-page-1 ez-toc-heading-level-2'><a class=\"ez-toc-link ez-toc-heading-3\" href=\"https:\/\/www.turna.com\/blog\/yurticinde-tatile-gidilebilecek-sehirler\/#4_trabzon\" >4. Trabzon<\/a><\/li><li class='ez-toc-page-1 ez-toc-heading-level-2'><a class=\"ez-toc-link ez-toc-heading-4\" href=\"https:\/\/www.turna.com\/blog\/yurticinde-tatile-gidilebilecek-sehirler\/#3_kayseri\" >3. Kayseri<\/a><\/li><li class='ez-toc-page-1 ez-toc-heading-level-2'><a class=\"ez-toc-link ez-toc-heading-5\" href=\"https:\/\/www.turna.com\/blog\/yurticinde-tatile-gidilebilecek-sehirler\/#2_izmir\" >2. \u0130zmir<\/a><\/li><li class='ez-toc-page-1 ez-toc-heading-level-2'><a class=\"ez-toc-link ez-toc-heading-6\" href=\"https:\/\/www.turna.com\/blog\/yurticinde-tatile-gidilebilecek-sehirler\/#1_istanbul\" >1. \u0130stanbul<\/a><\/li><\/ul><\/nav><\/div>\n<p>\u0130nsanl\u0131k tarihiyle ya\u015f\u0131t olan Anadolu topraklar\u0131, farkl\u0131 medeniyetlerin izlerini ta\u015f\u0131yor. Do\u011fal g\u00fczellikleri, etkileyici tarihi\u00a0miras\u0131, muhte\u015fem lezzetleri ve misafirperver, s\u0131cakkanl\u0131 insanlar\u0131yla \u00fclkemizin her k\u00f6\u015fesi birbirinden davetkar sebeplere sahip.<\/p>\n<p>T\u00fcrkiye\u2019nin her k\u00f6\u015fesi, her seyahatte yeni bir \u015feyler sunuyor ziyaret\u00e7ilerine. Zengin bir k\u00fclt\u00fcrel birikimin izlerini ta\u015f\u0131yan Anadolu topraklar\u0131, seyahatseverlerler i\u00e7in \u00e7ok \u00f6nemli bir kaynak. \u00dclkemizin \u015fehirlerinin kimisi antik yerle\u015fimleri, kimisi g\u00f6rkemli tarihi, kimisi ise benzersiz co\u011frafyas\u0131yla \u00f6n plana \u00e7\u0131k\u0131yor. Bu g\u00fczelim \u015fehirleri hala g\u00f6rmediyseniz g\u00f6r\u00fclmesi gereken \u015fehirler listesine ekleyin.<\/p>\n<h2><span class=\"ez-toc-section\" id=\"turkiyede_tatil_rotasina_girmesi_gereken_5_sehir\"><\/span><strong>T\u00fcrkiye\u2019de Tatil Rotas\u0131na Girmesi Gereken 5 \u015eehir<\/strong><span class=\"ez-toc-section-end\"><\/span><\/h2>\n<h3><span class=\"ez-toc-section\" id=\"5_mersin\"><\/span><strong>5. Mersin<\/strong><span class=\"ez-toc-section-end\"><\/span><\/h3>\n<p><img width=\"800\" height=\"500\" data-public-id=\"Turkiye-Gezisi-Sehirler_rt4nxv\/Turkiye-Gezisi-Sehirler_rt4nxv.jpg\" fetchpriority=\"high\" decoding=\"async\" class=\"alignnone wp-post-13333 wp-image-13335\" src=\"https:\/\/res.cloudinary.com\/turna\/images\/w_800,h_500,c_scale\/f_auto,q_auto:low\/v1528532184\/Turkiye-Gezisi-Sehirler_rt4nxv\/Turkiye-Gezisi-Sehirler_rt4nxv.jpg?_i=AA\" data-format=\"jpg\" data-transformations=\"f_auto,q_auto:low\" data-version=\"1528532184\" data-seo=\"1\" \/>Akdeniz k\u0131y\u0131s\u0131 boyunca uzanan <a href=\"https:\/\/www.turna.com\/blog\/mersini-kesfetmek-gerek\"><strong>Mersin<\/strong><\/a>, Kilikya B\u00f6lgesi\u2019nin en \u00f6nemli kentlerinin bulundu\u011fu co\u011frafyada kurulu. \u00c7ok say\u0131da antik kent, \u00f6ren yeri, dini yap\u0131 ve do\u011fal g\u00fczelli\u011fe sahip olan \u015fehir; 320 km&#8217;den uzun akdeniz k\u0131y\u0131lar\u0131, koylar\u0131 ve bir \u00e7ok plaj\u0131yla deniz, kum, g\u00fcne\u015f turizmi i\u00e7in de elveri\u015fli. Tantuni, cezerye, k\u00fcnefe ve ve daha bir \u00e7ok leziz \u00e7e\u015fitlili\u011fe sahip muhte\u015fem mutfa\u011f\u0131 ve lezzetli meyve sebzeleriyle mideye de hitap eden Mersin, tarih, k\u00fclt\u00fcr, do\u011fa ve gastronomi turizmi i\u00e7in en do\u011fru adreslerden biri. Adana ile birle\u015ftirilerek ba\u015fl\u0131ba\u015f\u0131na nefis bir tatil rotas\u0131 olur.\u00a0Bunun i\u00e7in\u00a0<a href=\"https:\/\/www.turna.com\/ucak-bileti\/adana\" target=\"_blank\" rel=\"noopener noreferrer\"><strong>Adana u\u00e7ak bileti<\/strong>\u00a0<\/a>se\u00e7eneklerine g\u00f6z atmak gerekiyor.<\/p>\n<h2><span class=\"ez-toc-section\" id=\"4_trabzon\"><\/span><strong>4. Trabzon<\/strong><span class=\"ez-toc-section-end\"><\/span><\/h2>\n<p><img width=\"800\" height=\"500\" data-public-id=\"Uzungol-Trabzon-Yayla_ecwgqr\/Uzungol-Trabzon-Yayla_ecwgqr.jpg\" decoding=\"async\" class=\"alignnone wp-post-13333 wp-image-13336\" src=\"https:\/\/res.cloudinary.com\/turna\/images\/w_800,h_500,c_scale\/f_auto,q_auto\/f_auto,q_auto:low\/v1528532229\/Uzungol-Trabzon-Yayla_ecwgqr\/Uzungol-Trabzon-Yayla_ecwgqr.jpg?_i=AA\" data-format=\"jpg\" data-transformations=\"f_auto,q_auto\/f_auto,q_auto:low\" data-version=\"1528532229\" data-seo=\"1\" \/>Yemye\u015fil da\u011flar\u0131n uzand\u0131\u011f\u0131 Do\u011fu Karadeniz k\u0131y\u0131s\u0131ndaki <a href=\"https:\/\/www.turna.com\/blog\/trabzon-gezilecek-yerler\"><strong>Trabzon<\/strong><\/a>, do\u011fayla b\u00fct\u00fcnle\u015fmek isteyenler i\u00e7in en do\u011fru \u015fehirlerden biri. Karadeniz k\u00fclt\u00fcr\u00fcn\u00fcn hissedildi\u011fi yaylalar, y\u00f6reye \u00f6zg\u00fc ah\u015fap evler, soluk kesen ormanlar, bir an bile durmayan akarsular Trabzon\u2019un en do\u011fal hali. Uzung\u00f6l, S\u00fcmela Manast\u0131r\u0131, Ayasofya Kilisesi gibi pop\u00fcler gezilecek yerlerin yan\u0131nda, hala insan eli de\u011fmemi\u015f \u00e7ok say\u0131da g\u00f6r\u00fclecek yer var.<\/p>\n<h2><span class=\"ez-toc-section\" id=\"3_kayseri\"><\/span><strong>3. Kayseri<\/strong><span class=\"ez-toc-section-end\"><\/span><\/h2>\n<p><img width=\"800\" height=\"500\" data-public-id=\"Kayseri-Sehir-Merkezi_erxtmx\/Kayseri-Sehir-Merkezi_erxtmx.jpg\" decoding=\"async\" class=\"alignnone wp-post-13333 wp-image-13337\" src=\"https:\/\/res.cloudinary.com\/turna\/images\/w_800,h_500,c_scale\/f_auto,q_auto\/f_auto,q_auto:low\/v1528532256\/Kayseri-Sehir-Merkezi_erxtmx\/Kayseri-Sehir-Merkezi_erxtmx.jpg?_i=AA\" data-format=\"jpg\" data-transformations=\"f_auto,q_auto\/f_auto,q_auto:low\" data-version=\"1528532256\" data-seo=\"1\" \/>Orta Anadolu\u2019nun merkezinde yer alan <strong>Kayseri<\/strong>, d\u00fczenli mimari yap\u0131s\u0131, inan\u00e7 merkezleri ve Erciyes Kayak Merkezi ile tan\u0131n\u0131yor. Sel\u00e7uklu \u0130mparatorlu\u011fu\u2019nun izlerini ta\u015f\u0131yan \u015fehir, bu d\u00f6nemi yans\u0131tan han, hamam, medrese ve camilere sahip. K\u0131\u015f d\u00f6nemi d\u0131\u015f\u0131nda da da\u011fc\u0131l\u0131k, trekking ve do\u011fa sporlar\u0131 i\u00e7in tercih edilen Erciyes\u2019in yan\u0131 s\u0131ra Sultan Sazl\u0131\u011f\u0131 Ku\u015f Cenneti ve Talas il\u00e7eleri g\u00f6r\u00fclmeye de\u011fer. Kayseri&#8217;nin hemen yan\u0131ba\u015f\u0131ndaki benzersiz co\u011frafya Kapadokya ile \u00fcnl\u00fc Ihlara Vadisi de gezilecek yerlere eklenmeli. Yahyal\u0131&#8217;daki\u00a0Kapuzba\u015f\u0131 \u015eelalesini de unutmay\u0131n.<\/p>\n<h2><span class=\"ez-toc-section\" id=\"2_izmir\"><\/span><strong>2. \u0130zmir<\/strong><span class=\"ez-toc-section-end\"><\/span><\/h2>\n<p><img width=\"800\" height=\"500\" data-public-id=\"Saat-Kulesi-Izmir-Konak_l6wtia\/Saat-Kulesi-Izmir-Konak_l6wtia.jpg\" loading=\"lazy\" decoding=\"async\" class=\"alignnone wp-post-13333 wp-image-13338\" src=\"data:image\/svg+xml;base64,PHN2ZyB4bWxucz0iaHR0cDovL3d3dy53My5vcmcvMjAwMC9zdmciIHdpZHRoPSI4MDAiIGhlaWdodD0iNTAwIj48cmVjdCB3aWR0aD0iMTAwJSIgaGVpZ2h0PSIxMDAlIj48YW5pbWF0ZSBhdHRyaWJ1dGVOYW1lPSJmaWxsIiB2YWx1ZXM9InJnYmEoMTUzLDE1MywxNTMsMC41KTtyZ2JhKDE1MywxNTMsMTUzLDAuMSk7cmdiYSgxNTMsMTUzLDE1MywwLjUpIiBkdXI9IjJzIiByZXBlYXRDb3VudD0iaW5kZWZpbml0ZSIgLz48L3JlY3Q+PC9zdmc+\" data-format=\"jpg\" data-transformations=\"f_auto,q_auto\/f_auto,q_auto:low\" data-version=\"1528532273\" data-seo=\"1\" data-size=\"800 500\" data-delivery=\"upload\" onload=\";window.CLDBind?CLDBind(this):null;\" data-cloudinary=\"lazy\" \/><a href=\"https:\/\/www.turna.com\/blog\/izmirde-manzara-izleyebileceginiz-7-yer\"><strong>\u0130zmir<\/strong><\/a>, y\u0131l\u0131n b\u00fcy\u00fck b\u00f6l\u00fcm\u00fcnde g\u00fcne\u015fin kendini g\u00f6stermekten \u00e7ekinmedi\u011fi, g\u00fclery\u00fczl\u00fc, s\u0131cakkanl\u0131 insanlar\u0131n, ayd\u0131nl\u0131k \u015fehri. \u015eehir merkezinde gezilecek y\u00fczlerce alternatifin yan\u0131nda hemen hemen hepsi 1\u2019er saat uzakl\u0131ktaki \u00c7e\u015fme, Karaburun, Fo\u00e7a, Ku\u015fadas\u0131, Seferihisar, Ala\u00e7at\u0131 gibi pop\u00fcler tatil yerleri ilgi \u00e7ekici. Her biri ba\u015fl\u0131 ba\u015f\u0131na tatil rotas\u0131 olarak tercih edilmeyi hakediyor. Ege\u2019nin sa\u011fl\u0131kl\u0131 zeytinya\u011fl\u0131 yemekleri, meyhaneler ve Kordon da unutulmamal\u0131. \u0130zmir&#8217;in tad\u0131na doyun.<\/p>\n<p><a href=\"https:\/\/www.turna.com\/ucak-bileti\/sunexpress\">Sunexpress<\/a>\u00a0ile kolayl\u0131kla ula\u015fabilece\u011finiz\u00a0<strong><a href=\"https:\/\/www.turna.com\/ucak-bileti\/izmir\">\u0130zmir&#8217;e u\u00e7ak bileti<\/a><\/strong> kampanyalar\u0131na g\u00f6z at\u0131n.<\/p>\n<h2><span class=\"ez-toc-section\" id=\"1_istanbul\"><\/span><strong>1. \u0130stanbul<\/strong><span class=\"ez-toc-section-end\"><\/span><\/h2>\n<p><img width=\"800\" height=\"500\" data-public-id=\"Ortakoy-Istanbul-Bogazi_aiwmdd\/Ortakoy-Istanbul-Bogazi_aiwmdd.jpg\" loading=\"lazy\" decoding=\"async\" class=\"alignnone wp-post-13333 wp-image-13339\" src=\"data:image\/svg+xml;base64,PHN2ZyB4bWxucz0iaHR0cDovL3d3dy53My5vcmcvMjAwMC9zdmciIHdpZHRoPSI4MDAiIGhlaWdodD0iNTAwIj48cmVjdCB3aWR0aD0iMTAwJSIgaGVpZ2h0PSIxMDAlIj48YW5pbWF0ZSBhdHRyaWJ1dGVOYW1lPSJmaWxsIiB2YWx1ZXM9InJnYmEoMTUzLDE1MywxNTMsMC41KTtyZ2JhKDE1MywxNTMsMTUzLDAuMSk7cmdiYSgxNTMsMTUzLDE1MywwLjUpIiBkdXI9IjJzIiByZXBlYXRDb3VudD0iaW5kZWZpbml0ZSIgLz48L3JlY3Q+PC9zdmc+\" data-format=\"jpg\" data-transformations=\"f_auto,q_auto\/f_auto,q_auto:low\" data-version=\"1528532291\" data-seo=\"1\" data-size=\"800 500\" data-delivery=\"upload\" onload=\";window.CLDBind?CLDBind(this):null;\" data-cloudinary=\"lazy\" \/>D\u00fcnyaya h\u00fckmeden imparatorluklara ba\u015fkentlik yapan, iki k\u0131ta \u00fczerine kurulu <a href=\"https:\/\/www.turna.com\/blog\/istanbulda-gorulmesi-gereken-5-romantik-manzara\"><strong>\u0130stanbul<\/strong><\/a>, yaln\u0131zca T\u00fcrkiye\u2019nin de\u011fil, d\u00fcnyan\u0131n da en \u00f6nemli \u015fehirlerinden biri. \u00dclkemizin en \u00e7ok yabanc\u0131 turist a\u011f\u0131rlayan \u015fehri unvan\u0131n\u0131 ta\u015f\u0131yan \u0130stanbul, k\u00f6kl\u00fc tarihi ge\u00e7mi\u015fini yans\u0131tan \u00e7ok say\u0131da gezilecek g\u00f6r\u00fclecek yere sahip. \u0130stanbul Bo\u011faz\u0131\u2019n\u0131n etkileyici manzaras\u0131, m\u00fczeler, gece hayat\u0131, dini yap\u0131lar, sokak lezzetleri ve bir an bile bitmeyen ko\u015fturmaca \u015fehrin rit\u00fcellerinden. Bu g\u00f6rkemli \u015fehri gelip ge\u00e7erken gezmek yerine, sadece ve sadece gezmek ve ke\u015ffetmek i\u00e7in ziyaret edin. Tarihi Yar\u0131mada rotan\u0131z\u0131n ba\u015f\u0131nda yer almal\u0131.<\/p>\n<p>\u0130stanbul\u2019u ziyaret etmek i\u00e7in uygun fiyatl\u0131\u00a0<a href=\"https:\/\/www.turna.com\/ucak-bileti\/istanbul\" target=\"_blank\" rel=\"noopener noreferrer\"><strong>\u0130stanbul u\u00e7ak bileti<\/strong><\/a>\u00a0se\u00e7eneklerine g\u00f6z at\u0131n. Atat\u00fcrk ve Sabiha G\u00f6k\u00e7en havalimanlar\u0131n\u0131 kullanarak bu g\u00fczel \u015fehri ke\u015ffetme yolunda ilk ad\u0131m\u0131 atabilirsiniz.<\/p>\n\n    <div class=\"xs_social_share_widget xs_share_url after_content \t\tmain_content  wslu-style-1 wslu-share-box-shaped wslu-fill-colored wslu-none wslu-share-horizontal wslu-theme-font-no wslu-main_content\">\n\n\t\t\n        <ul>\n\t\t\t        <\/ul>\n    <\/div> \n","protected":false},"excerpt":{"rendered":"<p>\u0130nsanl\u0131k tarihiyle ya\u015f\u0131t olan Anadolu topraklar\u0131, farkl\u0131 medeniyetlerin izlerini ta\u015f\u0131yor. Do\u011fal g\u00fczellikleri, etkileyici tarihi\u00a0miras\u0131, muhte\u015fem lezzetleri ve misafirperver, s\u0131cakkanl\u0131 insanlar\u0131yla \u00fclkemizin her k\u00f6\u015fesi birbirinden davetkar sebeplere sahip. T\u00fcrkiye\u2019nin her k\u00f6\u015fesi, her seyahatte yeni bir \u015feyler sunuyor ziyaret\u00e7ilerine. Zengin bir k\u00fclt\u00fcrel birikimin izlerini ta\u015f\u0131yan Anadolu topraklar\u0131, seyahatseverlerler i\u00e7in \u00e7ok \u00f6nemli bir kaynak. \u00dclkemizin \u015fehirlerinin kimisi antik [&hellip;]<\/p>\n","protected":false},"author":29,"featured_media":13335,"comment_status":"open","ping_status":"open","sticky":false,"template":"","format":"standard","meta":{"rop_custom_images_group":[],"rop_custom_messages_group":[],"rop_publish_now":"initial","rop_publish_now_accounts":[],"rop_publish_now_history":[],"rop_publish_now_status":"pending","_cloudinary_featured_overwrite":false,"footnotes":""},"categories":[1839,1842,1837,1865,2],"tags":[204,224,344,566,352],"class_list":["post-13333","post","type-post","status-publish","format-standard","has-post-thumbnail","hentry","category-izmir","category-kayseri","category-mersin","category-trabzon","category-ulkeler","tag-istanbul","tag-izmir","tag-kayseri","tag-mersin-icel","tag-trabzon"],"_links":{"self":[{"href":"https:\/\/www.turna.com\/blog\/wp-json\/wp\/v2\/posts\/13333","targetHints":{"allow":["GET"]}}],"collection":[{"href":"https:\/\/www.turna.com\/blog\/wp-json\/wp\/v2\/posts"}],"about":[{"href":"https:\/\/www.turna.com\/blog\/wp-json\/wp\/v2\/types\/post"}],"author":[{"embeddable":true,"href":"https:\/\/www.turna.com\/blog\/wp-json\/wp\/v2\/users\/29"}],"replies":[{"embeddable":true,"href":"https:\/\/www.turna.com\/blog\/wp-json\/wp\/v2\/comments?post=13333"}],"version-history":[{"count":0,"href":"https:\/\/www.turna.com\/blog\/wp-json\/wp\/v2\/posts\/13333\/revisions"}],"wp:featuredmedia":[{"embeddable":true,"href":"https:\/\/www.turna.com\/blog\/wp-json\/wp\/v2\/media\/13335"}],"wp:attachment":[{"href":"https:\/\/www.turna.com\/blog\/wp-json\/wp\/v2\/media?parent=13333"}],"wp:term":[{"taxonomy":"category","embeddable":true,"href":"https:\/\/www.turna.com\/blog\/wp-json\/wp\/v2\/categories?post=13333"},{"taxonomy":"post_tag","embeddable":true,"href":"https:\/\/www.turna.com\/blog\/wp-json\/wp\/v2\/tags?post=13333"}],"curies":[{"name":"wp","href":"https:\/\/api.w.org\/{rel}","templated":true}]}}