{"id":13290,"date":"2018-08-16T08:35:36","date_gmt":"2018-08-16T05:35:36","guid":{"rendered":"https:\/\/www.turna.com\/blog\/?p=13290"},"modified":"2019-08-07T11:52:21","modified_gmt":"2019-08-07T08:52:21","slug":"uzonun-anavatani-midilli-adasi-yunanistan","status":"publish","type":"post","link":"https:\/\/www.turna.com\/blog\/uzonun-anavatani-midilli-adasi-yunanistan","title":{"rendered":"Uzonun Anavatan\u0131: Midilli Adas\u0131, Yunanistan"},"content":{"rendered":"<p><strong>Midilli Adas\u0131<\/strong>, Ege Denizi&#8217;nin kuzeydo\u011fusunda, Ayval\u0131k il\u00e7emize olduk\u00e7a yak\u0131n, da\u011fl\u0131k bir Yunan adas\u0131. Ba\u015fkenti Mytilene olan Midilli, Girit ve E\u011friboz Adalar\u0131\u2019ndan sonra Yunanistan&#8217;\u0131n en b\u00fcy\u00fck \u00fc\u00e7\u00fcnc\u00fc adas\u0131.\u00a0\u00dcnl\u00fc Yunan \u015fairleri Alcaeus ve Sappho&#8217;nun da memleketi olan Midilli, Barbaros Hayrettin Pa\u015fa\u2019n\u0131n da do\u011fdu\u011fu yer ayn\u0131 zamanda.<\/p>\n<p>Modern turistik tesisleri ve do\u011fal g\u00fczellikleri ile bir tatil destinasyonu olan Midilli Adas\u0131, \u015fifal\u0131 sular\u0131 ile de \u00fcnl\u00fc. Romatizma gibi bir\u00e7ok hastal\u0131\u011fa iyi gelen s\u0131cak \u015fifal\u0131 sular\u0131 sa\u011fl\u0131k turizmi d\u00fc\u015f\u00fcnenler i\u00e7in ideal. Kaynak sular\u0131ndan dolay\u0131 <a href=\"https:\/\/www.turna.com\/blog\/ulkeler\/avrupa\/yunanistan\" target=\"_blank\" rel=\"noopener noreferrer\"><strong>Yunanistan<\/strong><\/a> milli i\u00e7kisi uzonun da \u00f6nemli \u00fcretim merkezlerinden birisi.<\/p>\n<p><img width=\"800\" height=\"500\" data-public-id=\"Midilli-Adasi_ypeerv\/Midilli-Adasi_ypeerv.jpg\" fetchpriority=\"high\" decoding=\"async\" class=\"alignnone wp-post-13290 wp-image-13854\" src=\"https:\/\/res.cloudinary.com\/turna\/images\/w_800,h_500,c_scale\/f_auto,q_auto:low\/v1534318214\/Midilli-Adasi_ypeerv\/Midilli-Adasi_ypeerv.jpg?_i=AA\" data-format=\"jpg\" data-transformations=\"f_auto,q_auto:low\" data-version=\"1534318214\" data-seo=\"1\" \/><\/p>\n<p>Zeytinya\u011f\u0131 \u00fcretiminin \u00f6ne \u00e7\u0131kt\u0131\u011f\u0131 adada, tar\u0131m, hayvanc\u0131l\u0131k ve bal\u0131k\u00e7\u0131l\u0131k yerel ekonominin ana kaynaklar\u0131. Adan\u0131n bat\u0131 k\u0131sm\u0131 verimsiz olmas\u0131na ra\u011fmen, do\u011fu kesimi zeytinlik ve \u00e7aml\u0131k a\u00e7\u0131s\u0131ndan olduk\u00e7a zengin.\u00a0Adadaki 13 milyon zeytin a\u011fac\u0131ndan y\u0131lda 50.000 ton zeytinya\u011f\u0131 \u00e7\u0131kar\u0131l\u0131yor.<\/p>\n<h3><strong>Midilli Adas\u0131 Gezilecek Yerler<\/strong><\/h3>\n<p>Adada ba\u015fl\u0131ca gezilecek yerler aras\u0131nda Molivos, Plomari, Eressos, Kalloni, Ayasos kasabalar\u0131 geliyor. Do\u011fal ve tarihi g\u00fczellikleri bir arada sunan ada, geleneksel Yunan k\u00f6yleri, \u00f6d\u00fcll\u00fc turkuaz plajlar\u0131 ile, hafta sonu ka\u00e7\u0131\u015f rotas\u0131 olarak ideal bir se\u00e7im.<\/p>\n<p style=\"text-align: left;\">Yunanistan\u2019\u0131n en iyi iki m\u00fczesine de ev sahipli\u011fi yapan adada, Midilli tiyatrosu, Roma su kemeri, Menandros&#8217;un g\u00fcld\u00fcr\u00fclerini tasvir eden mozaikler ve 1373&#8217;te kurulan Ceneviz kalesi ise di\u011fer g\u00f6r\u00fclecek yerlerin baz\u0131lar\u0131. Ayr\u0131ca e\u015fek veya atla adada gezmek e\u011flenceli olabilir.<\/p>\n<p><img width=\"800\" height=\"501\" data-public-id=\"Midilli_qrfwdm\/Midilli_qrfwdm.jpg\" decoding=\"async\" class=\"alignnone wp-post-13290 wp-image-13855\" src=\"https:\/\/res.cloudinary.com\/turna\/images\/w_800,h_501,c_scale\/f_auto,q_auto:low\/v1534318237\/Midilli_qrfwdm\/Midilli_qrfwdm.jpg?_i=AA\" data-format=\"jpg\" data-transformations=\"f_auto,q_auto:low\" data-version=\"1534318237\" data-seo=\"1\" \/>Deniz \u00fcr\u00fcnleri sevenler i\u00e7in ada \u00e7ok \u00e7e\u015fitli men\u00fcler sunuyor. Fiyatlar ise ucuz bile say\u0131labilir. Havaliman\u0131, Midilli merkezinin 8 km g\u00fcneydo\u011fusunda yer al\u0131yor. Atina&#8217;dan g\u00fcnde 5, Selanik&#8217;ten g\u00fcnde 1 ve Limni&#8217;den de haftada birka\u00e7 kez u\u00e7ak sefer d\u00fczenleniyor. Ayr\u0131ca adaya ula\u015f\u0131m i\u00e7in Pire, Kavala ve Sak\u0131z Adas\u0131\u2019ndan haftada birka\u00e7 kez d\u00fczenli arabal\u0131 feribot seferleri d\u00fczenleniyor.<\/p>\n<p><!--Ads3-->Yine Selanik, Rodos, Rafina, Limni, Volos, Sisam, Dedea\u011fa\u00e7 ve E\u011friboz&#8217;un kuzeydo\u011fusundaki Kymi kasabas\u0131ndan da yine haftan\u0131n belirli g\u00fcnleri deniz yolu ile ula\u015f\u0131m sa\u011flanabiliyor.<\/p>\n<p><img width=\"800\" height=\"500\" data-public-id=\"Molivos-Midilli_hsmquy\/Molivos-Midilli_hsmquy.jpg\" decoding=\"async\" class=\"alignnone wp-post-13290 wp-image-13856\" src=\"https:\/\/res.cloudinary.com\/turna\/images\/w_800,h_500,c_scale\/f_auto,q_auto:low\/v1534318361\/Molivos-Midilli_hsmquy\/Molivos-Midilli_hsmquy.jpg?_i=AA\" data-format=\"jpg\" data-transformations=\"f_auto,q_auto:low\" data-version=\"1534318361\" data-seo=\"1\" \/><\/p>\n<p>Yaz aylar\u0131nda Ayval\u0131k ve K\u00fc\u00e7\u00fckuyu&#8217;dan Midilli Adas\u0131\u2019na d\u00fczenli feribot seferleri yap\u0131l\u0131yor. Ayval\u0131k&#8217;tan her g\u00fcn saat 18.00&#8217;de, Fo\u00e7a&#8217;dan pazartesi-\u00e7ar\u015famba-Cuma-Pazar saat 18.00&#8217;de-cumartesi saat 11.00&#8217;de olmak \u00fczere haftada 5 g\u00fcn, Dikili&#8217;den haftada 1 kez feribot kalk\u0131yor.<\/p>\n\n    <div class=\"xs_social_share_widget xs_share_url after_content \t\tmain_content  wslu-style-1 wslu-share-box-shaped wslu-fill-colored wslu-none wslu-share-horizontal wslu-theme-font-no wslu-main_content\">\n\n\t\t\n        <ul>\n\t\t\t        <\/ul>\n    <\/div> \n","protected":false},"excerpt":{"rendered":"<p>Midilli Adas\u0131, Ege Denizi&#8217;nin kuzeydo\u011fusunda, Ayval\u0131k il\u00e7emize olduk\u00e7a yak\u0131n, da\u011fl\u0131k bir Yunan adas\u0131. Ba\u015fkenti Mytilene olan Midilli, Girit ve E\u011friboz Adalar\u0131\u2019ndan sonra Yunanistan&#8217;\u0131n en b\u00fcy\u00fck \u00fc\u00e7\u00fcnc\u00fc adas\u0131.\u00a0\u00dcnl\u00fc Yunan \u015fairleri Alcaeus ve Sappho&#8217;nun da memleketi olan Midilli, Barbaros Hayrettin Pa\u015fa\u2019n\u0131n da do\u011fdu\u011fu yer ayn\u0131 zamanda. Modern turistik tesisleri ve do\u011fal g\u00fczellikleri ile bir tatil destinasyonu olan [&hellip;]<\/p>\n","protected":false},"author":29,"featured_media":13854,"comment_status":"open","ping_status":"open","sticky":false,"template":"","format":"standard","meta":{"rop_custom_images_group":[],"rop_custom_messages_group":[],"rop_publish_now":"initial","rop_publish_now_accounts":[],"rop_publish_now_history":[],"rop_publish_now_status":"pending","_cloudinary_featured_overwrite":false,"footnotes":""},"categories":[18],"tags":[1726,10],"class_list":["post-13290","post","type-post","status-publish","format-standard","has-post-thumbnail","hentry","category-yunanistan","tag-mytilini","tag-yunanistan"],"_links":{"self":[{"href":"https:\/\/www.turna.com\/blog\/wp-json\/wp\/v2\/posts\/13290","targetHints":{"allow":["GET"]}}],"collection":[{"href":"https:\/\/www.turna.com\/blog\/wp-json\/wp\/v2\/posts"}],"about":[{"href":"https:\/\/www.turna.com\/blog\/wp-json\/wp\/v2\/types\/post"}],"author":[{"embeddable":true,"href":"https:\/\/www.turna.com\/blog\/wp-json\/wp\/v2\/users\/29"}],"replies":[{"embeddable":true,"href":"https:\/\/www.turna.com\/blog\/wp-json\/wp\/v2\/comments?post=13290"}],"version-history":[{"count":0,"href":"https:\/\/www.turna.com\/blog\/wp-json\/wp\/v2\/posts\/13290\/revisions"}],"wp:featuredmedia":[{"embeddable":true,"href":"https:\/\/www.turna.com\/blog\/wp-json\/wp\/v2\/media\/13854"}],"wp:attachment":[{"href":"https:\/\/www.turna.com\/blog\/wp-json\/wp\/v2\/media?parent=13290"}],"wp:term":[{"taxonomy":"category","embeddable":true,"href":"https:\/\/www.turna.com\/blog\/wp-json\/wp\/v2\/categories?post=13290"},{"taxonomy":"post_tag","embeddable":true,"href":"https:\/\/www.turna.com\/blog\/wp-json\/wp\/v2\/tags?post=13290"}],"curies":[{"name":"wp","href":"https:\/\/api.w.org\/{rel}","templated":true}]}}