{"id":13231,"date":"2025-03-20T10:38:09","date_gmt":"2025-03-20T07:38:09","guid":{"rendered":"https:\/\/www.turna.com\/blog\/?p=13231"},"modified":"2025-07-08T17:17:15","modified_gmt":"2025-07-08T14:17:15","slug":"ispanyada-gezilecek-en-iyi-10-yer","status":"publish","type":"post","link":"https:\/\/www.turna.com\/blog\/ispanyada-gezilecek-en-iyi-10-yer","title":{"rendered":"\u0130spanya Gezilecek Yerler: En \u0130yi 15 Yer"},"content":{"rendered":"<div id=\"ez-toc-container\" class=\"ez-toc-v2_0_82_2 counter-hierarchy ez-toc-counter ez-toc-black ez-toc-container-direction\">\n<div class=\"ez-toc-title-container\">\n<p class=\"ez-toc-title\" style=\"cursor:inherit\">\u0130\u00e7indekiler<\/p>\n<span class=\"ez-toc-title-toggle\"><a href=\"#\" class=\"ez-toc-pull-right ez-toc-btn ez-toc-btn-xs ez-toc-btn-default ez-toc-toggle\" aria-label=\"\u0130\u00e7indekiler Tablosunu A\u00e7\/Kapat\"><span class=\"ez-toc-js-icon-con\"><span class=\"\"><span class=\"eztoc-hide\" style=\"display:none;\">Toggle<\/span><span class=\"ez-toc-icon-toggle-span\"><svg style=\"fill: #ffffff;color:#ffffff\" xmlns=\"http:\/\/www.w3.org\/2000\/svg\" class=\"list-377408\" width=\"20px\" height=\"20px\" viewBox=\"0 0 24 24\" fill=\"none\"><path d=\"M6 6H4v2h2V6zm14 0H8v2h12V6zM4 11h2v2H4v-2zm16 0H8v2h12v-2zM4 16h2v2H4v-2zm16 0H8v2h12v-2z\" fill=\"currentColor\"><\/path><\/svg><svg style=\"fill: #ffffff;color:#ffffff\" class=\"arrow-unsorted-368013\" xmlns=\"http:\/\/www.w3.org\/2000\/svg\" width=\"10px\" height=\"10px\" viewBox=\"0 0 24 24\" version=\"1.2\" baseProfile=\"tiny\"><path d=\"M18.2 9.3l-6.2-6.3-6.2 6.3c-.2.2-.3.4-.3.7s.1.5.3.7c.2.2.4.3.7.3h11c.3 0 .5-.1.7-.3.2-.2.3-.5.3-.7s-.1-.5-.3-.7zM5.8 14.7l6.2 6.3 6.2-6.3c.2-.2.3-.5.3-.7s-.1-.5-.3-.7c-.2-.2-.4-.3-.7-.3h-11c-.3 0-.5.1-.7.3-.2.2-.3.5-.3.7s.1.5.3.7z\"\/><\/svg><\/span><\/span><\/span><\/a><\/span><\/div>\n<nav><ul class='ez-toc-list ez-toc-list-level-1 eztoc-toggle-hide-by-default' ><li class='ez-toc-page-1 ez-toc-heading-level-2'><a class=\"ez-toc-link ez-toc-heading-1\" href=\"https:\/\/www.turna.com\/blog\/ispanyada-gezilecek-en-iyi-10-yer\/#ispanya_gezilecek_yerler\" >\u0130spanya Gezilecek Yerler<\/a><ul class='ez-toc-list-level-3' ><li class='ez-toc-heading-level-3'><a class=\"ez-toc-link ez-toc-heading-2\" href=\"https:\/\/www.turna.com\/blog\/ispanyada-gezilecek-en-iyi-10-yer\/#1_santiago_de_compostela\" >1. Santiago de Compostela<\/a><\/li><li class='ez-toc-page-1 ez-toc-heading-level-3'><a class=\"ez-toc-link ez-toc-heading-3\" href=\"https:\/\/www.turna.com\/blog\/ispanyada-gezilecek-en-iyi-10-yer\/#2_toledo\" >2. Toledo<\/a><\/li><li class='ez-toc-page-1 ez-toc-heading-level-3'><a class=\"ez-toc-link ez-toc-heading-4\" href=\"https:\/\/www.turna.com\/blog\/ispanyada-gezilecek-en-iyi-10-yer\/#3_cordoba\" >3. Cordoba<\/a><\/li><li class='ez-toc-page-1 ez-toc-heading-level-3'><a class=\"ez-toc-link ez-toc-heading-5\" href=\"https:\/\/www.turna.com\/blog\/ispanyada-gezilecek-en-iyi-10-yer\/#4_san_sebastian\" >4. San Sebastian<\/a><\/li><li class='ez-toc-page-1 ez-toc-heading-level-3'><a class=\"ez-toc-link ez-toc-heading-6\" href=\"https:\/\/www.turna.com\/blog\/ispanyada-gezilecek-en-iyi-10-yer\/#5_valencia\" >5. Valencia<\/a><\/li><li class='ez-toc-page-1 ez-toc-heading-level-3'><a class=\"ez-toc-link ez-toc-heading-7\" href=\"https:\/\/www.turna.com\/blog\/ispanyada-gezilecek-en-iyi-10-yer\/#6_sevilla\" >6. Sevilla<\/a><\/li><li class='ez-toc-page-1 ez-toc-heading-level-3'><a class=\"ez-toc-link ez-toc-heading-8\" href=\"https:\/\/www.turna.com\/blog\/ispanyada-gezilecek-en-iyi-10-yer\/#7_madrid\" >7. Madrid<\/a><\/li><li class='ez-toc-page-1 ez-toc-heading-level-3'><a class=\"ez-toc-link ez-toc-heading-9\" href=\"https:\/\/www.turna.com\/blog\/ispanyada-gezilecek-en-iyi-10-yer\/#8_ispanyol_adalari\" >8. \u0130spanyol Adalar\u0131<\/a><\/li><li class='ez-toc-page-1 ez-toc-heading-level-3'><a class=\"ez-toc-link ez-toc-heading-10\" href=\"https:\/\/www.turna.com\/blog\/ispanyada-gezilecek-en-iyi-10-yer\/#9_granada\" >9. Granada<\/a><\/li><li class='ez-toc-page-1 ez-toc-heading-level-3'><a class=\"ez-toc-link ez-toc-heading-11\" href=\"https:\/\/www.turna.com\/blog\/ispanyada-gezilecek-en-iyi-10-yer\/#10_barselona\" >10. Barselona<\/a><\/li><li class='ez-toc-page-1 ez-toc-heading-level-3'><a class=\"ez-toc-link ez-toc-heading-12\" href=\"https:\/\/www.turna.com\/blog\/ispanyada-gezilecek-en-iyi-10-yer\/#11_sagrada_familia_bazilikasi\" >11. Sagrada Familia Bazilikas\u0131<\/a><\/li><li class='ez-toc-page-1 ez-toc-heading-level-3'><a class=\"ez-toc-link ez-toc-heading-13\" href=\"https:\/\/www.turna.com\/blog\/ispanyada-gezilecek-en-iyi-10-yer\/#12_poble_espanyol\" >12. Poble Espanyol<\/a><\/li><li class='ez-toc-page-1 ez-toc-heading-level-3'><a class=\"ez-toc-link ez-toc-heading-14\" href=\"https:\/\/www.turna.com\/blog\/ispanyada-gezilecek-en-iyi-10-yer\/#13_guell_parki\" >13. G\u00fcell Park\u0131<\/a><\/li><li class='ez-toc-page-1 ez-toc-heading-level-3'><a class=\"ez-toc-link ez-toc-heading-15\" href=\"https:\/\/www.turna.com\/blog\/ispanyada-gezilecek-en-iyi-10-yer\/#14_casa_mila\" >14. Casa Mila<\/a><\/li><li class='ez-toc-page-1 ez-toc-heading-level-3'><a class=\"ez-toc-link ez-toc-heading-16\" href=\"https:\/\/www.turna.com\/blog\/ispanyada-gezilecek-en-iyi-10-yer\/#15_nou_camp_stadyumu\" >15. Nou Camp Stadyumu<\/a><\/li><\/ul><\/li><li class='ez-toc-page-1 ez-toc-heading-level-2'><a class=\"ez-toc-link ez-toc-heading-17\" href=\"https:\/\/www.turna.com\/blog\/ispanyada-gezilecek-en-iyi-10-yer\/#ispanya_kac_gunde_gezilir\" >\u0130spanya Ka\u00e7 G\u00fcnde Gezilir?<\/a><\/li><li class='ez-toc-page-1 ez-toc-heading-level-2'><a class=\"ez-toc-link ez-toc-heading-18\" href=\"https:\/\/www.turna.com\/blog\/ispanyada-gezilecek-en-iyi-10-yer\/#ispanyada_mutlaka_denemeniz_gerekenler\" >\u0130spanya\u2019da Mutlaka Denemeniz Gerekenler<\/a><\/li><\/ul><\/nav><\/div>\n\n<p>\u0130spanya, Avrupa&#8217;n\u0131n en pop\u00fcler turistik destinasyonlar\u0131ndan biri ve her y\u0131l milyonlarca turist taraf\u0131ndan ziyaret ediliyor. Bu muhte\u015fem \u00fclke, tarihi zenginlikleri, k\u00fclt\u00fcrel miras\u0131, nefes kesen do\u011fal g\u00fczellikleriyle biliniyor. Muhte\u015fem plajlar, lezzetli yemekler, canl\u0131 gece hayat\u0131 ve renkli festivaller \u0130spanya&#8217;y\u0131 <a href=\"https:\/\/www.turna.com\/blog\/ulkeler\/avrupa\" target=\"_blank\" rel=\"noopener\"><strong>Avrupa<\/strong><\/a>&#8216;n\u0131n en iyi ka\u00e7\u0131\u015f noktalar\u0131ndan biri yap\u0131yor.&nbsp;\u0130spanya bir\u00e7ok \u00f6zerk b\u00f6lgeyi ve aday\u0131 i\u00e7erdi\u011finden, bu k\u0131ta \u00fczerindeki bir\u00e7ok farkl\u0131 k\u00fclt\u00fcre ev sahipli\u011fi yap\u0131yor. \u0130spanya gezilecek yerler i\u00e7in listemi mutlaka inceleyin.<\/p>\n\n\n\n<h2 class=\"wp-block-heading has-text-align-center has-neeon-button-dark-gray-color has-text-color has-link-color wp-elements-d7bc985ffe4993e6da2e9b52471af093\"><span class=\"ez-toc-section\" id=\"ispanya_gezilecek_yerler\"><\/span><strong><strong><strong><strong><strong><strong><strong>\u0130spanya Gezilecek Yerler<\/strong><\/strong><\/strong><\/strong><\/strong><\/strong><\/strong><span class=\"ez-toc-section-end\"><\/span><\/h2>\n\n\n\n<figure class=\"wp-block-image size-large\"><img width=\"800\" height=\"500\" data-public-id=\"ispanya_gezilecek_yerler\/ispanya_gezilecek_yerler.jpg\" decoding=\"async\" src=\"https:\/\/res.cloudinary.com\/turna\/images\/w_800,h_500,c_scale\/f_auto,q_auto:low\/v1681843990\/ispanya_gezilecek_yerler\/ispanya_gezilecek_yerler.jpg?_i=AA\" alt=\"\u0130spanya Gezilecek Yerler\" class=\"wp-post-0 wp-image-21744\" data-format=\"jpg\" data-transformations=\"f_auto,q_auto:low\" data-version=\"1681843990\" data-seo=\"1\" srcset=\"https:\/\/res.cloudinary.com\/turna\/images\/f_auto,q_auto:low\/v1681843990\/ispanya_gezilecek_yerler\/ispanya_gezilecek_yerler.jpg?_i=AA 800w, https:\/\/res.cloudinary.com\/turna\/images\/w_300,h_188,c_scale\/f_auto,q_auto:low\/v1681843990\/ispanya_gezilecek_yerler\/ispanya_gezilecek_yerler.jpg?_i=AA 300w, https:\/\/res.cloudinary.com\/turna\/images\/w_672,h_420,c_scale\/f_auto,q_auto:low\/v1681843990\/ispanya_gezilecek_yerler\/ispanya_gezilecek_yerler.jpg?_i=AA 672w, https:\/\/res.cloudinary.com\/turna\/images\/w_640,h_400,c_scale\/f_auto,q_auto:low\/v1681843990\/ispanya_gezilecek_yerler\/ispanya_gezilecek_yerler.jpg?_i=AA 640w, https:\/\/res.cloudinary.com\/turna\/images\/w_681,h_426,c_scale\/f_auto,q_auto:low\/v1681843990\/ispanya_gezilecek_yerler\/ispanya_gezilecek_yerler.jpg?_i=AA 681w\" sizes=\"(max-width: 800px) 100vw, 800px\" \/><\/figure>\n\n\n\n<p>\u0130spanya&#8217;da gezilecek yerler aras\u0131nda ba\u015fkent Madrid&#8217;in tarihi m\u00fczeleri ve saraylar\u0131, Barcelona&#8217;n\u0131n Gaudi mimarisi ve La Rambla caddesi, End\u00fcl\u00fcs&#8217;\u00fcn tarihi kentleri Granada ve Sevilla, Valencia&#8217;n\u0131n sanat ve bilim merkezi Ciudad de las Artes y las Ciencias, Santiago de Compostela&#8217;n\u0131n tarihi \u015fehir merkezi ve Picos de Europa Da\u011flar\u0131&#8217;n\u0131n nefes kesen manzaralar\u0131 gibi bir\u00e7ok yer say\u0131labilir. \u0130spanya, her zevke uygun bir tatil i\u00e7in harika se\u00e7enekler sunuyor.<\/p>\n\n\n\n<h3 class=\"wp-block-heading has-text-align-center has-neeon-button-dark-gray-color has-text-color has-link-color wp-elements-7cfe90f20c03d90faceffb1ed783ad1b\"><span class=\"ez-toc-section\" id=\"1_santiago_de_compostela\"><\/span><strong><strong><strong><strong><strong>1. Santiago de Compostela<\/strong><\/strong><\/strong><\/strong><\/strong><span class=\"ez-toc-section-end\"><\/span><\/h3>\n\n\n\n<figure class=\"wp-block-image size-large\"><img decoding=\"async\" src=\"https:\/\/res.cloudinary.com\/turna\/image\/upload\/v1681843990\/Santiago_de_Compostela.jpg\" alt=\"Santiago de Compostela\"\/><\/figure>\n\n\n\n<p>Kuzeybat\u0131 \u0130spanya&#8217;daki Gali\u00e7ya b\u00f6lgesinin ba\u015fkenti <strong><a href=\"https:\/\/goo.gl\/maps\/xgg1Ckvvi7uW4fPg7\" target=\"_blank\" rel=\"noreferrer noopener\">Santiago de Compostela<\/a><\/strong>, Camino de Santiago olarak bilinen geleneksel hac&#8217;\u0131n nihai var\u0131\u015f noktas\u0131 olarak biliniyor.&nbsp;Bu hac, pek \u00e7ok H\u0131ristiyan i\u00e7in \u00f6nemli. \u00c7\u00fcnk\u00fc Santiago de Compostela \u0130sa Mesih&#8217;in Havarisi St. James&#8217;in g\u00f6m\u00fcld\u00fc\u011f\u00fc yer.&nbsp;G\u00fcn\u00fcm\u00fczde \u015fehir hem dini gelenekleriyle hem de tarihi zenginli\u011fiyle her y\u0131l binlerce ziyaret\u00e7iyi kendisine \u00e7ekiyor.<\/p>\n\n\n\n<p>Haclar\u0131n \u00e7o\u011funun geldi\u011fi nokta ana meydan olan Praza do Obradoiro.&nbsp;\u015eehrin kalbinde yer alan bu kalabal\u0131k plazada, \u00f6zellikle St. James mezar\u0131n\u0131n bulundu\u011fu Santiago Katedrali gibi \u00f6nemli yerler bulunuyor.<\/p>\n\n\n\n<p>Bu \u015fahane \u00fclkeyi ke\u015ffetmek hayallerinizi s\u00fcsl\u00fcyorsa <strong><a href=\"https:\/\/www.turna.com\/ucak-bileti\/ispanya\" target=\"_blank\" rel=\"noreferrer noopener\">\u0130spanya u\u00e7ak bileti<\/a><\/strong> se\u00e7eneklerini inceleyerek ilk ad\u0131m\u0131 atabilirsiniz.<\/p>\n\n\n\n<h3 class=\"wp-block-heading has-text-align-center has-neeon-button-dark-gray-color has-text-color has-link-color wp-elements-acf031ca496b0d4ee2e690944c0eaf8e\"><span class=\"ez-toc-section\" id=\"2_toledo\"><\/span><strong><strong><strong><strong><strong>2. Toledo<\/strong><\/strong><\/strong><\/strong><\/strong><span class=\"ez-toc-section-end\"><\/span><\/h3>\n\n\n\n<figure class=\"wp-block-image size-large\"><img width=\"800\" height=\"500\" data-public-id=\"Toledo\/Toledo.jpg\" decoding=\"async\" src=\"https:\/\/res.cloudinary.com\/turna\/images\/w_800,h_500,c_scale\/f_auto,q_auto:low\/v1623307100\/Toledo\/Toledo.jpg?_i=AA\" alt=\"\u0130spanya Gezilecek Yerler Toledo\" class=\"wp-post-0 wp-image-19222\" data-format=\"jpg\" data-transformations=\"f_auto,q_auto:low\" data-version=\"1623307100\" data-seo=\"1\" srcset=\"https:\/\/res.cloudinary.com\/turna\/images\/f_auto,q_auto:low\/v1623307100\/Toledo\/Toledo.jpg?_i=AA 800w, https:\/\/res.cloudinary.com\/turna\/images\/w_300,h_188,c_scale\/f_auto,q_auto:low\/v1623307100\/Toledo\/Toledo.jpg?_i=AA 300w, https:\/\/res.cloudinary.com\/turna\/images\/w_672,h_420,c_scale\/f_auto,q_auto:low\/v1623307100\/Toledo\/Toledo.jpg?_i=AA 672w, https:\/\/res.cloudinary.com\/turna\/images\/w_640,h_400,c_scale\/f_auto,q_auto:low\/v1623307100\/Toledo\/Toledo.jpg?_i=AA 640w, https:\/\/res.cloudinary.com\/turna\/images\/w_681,h_426,c_scale\/f_auto,q_auto:low\/v1623307100\/Toledo\/Toledo.jpg?_i=AA 681w\" sizes=\"(max-width: 800px) 100vw, 800px\" \/><\/figure>\n\n\n\n<p>Orta \u0130spanya&#8217;daki bir da\u011f\u0131n tepesinde yer alan<strong><a href=\"https:\/\/goo.gl\/maps\/Xwc5hKFp1Gsy2yh79\" target=\"_blank\" rel=\"noreferrer noopener\"> Toledo<\/a><\/strong>, 16. y\u00fczy\u0131la kadar \u0130spanyol ba\u015fkenti olarak g\u00f6rev yapm\u0131\u015ft\u0131.&nbsp;Yahudiler, H\u0131ristiyanlar ve M\u00fcsl\u00fcmanlar y\u00fczy\u0131llar boyunca birlikte ya\u015fad\u0131\u011f\u0131 i\u00e7in, kent bazen &#8220;\u00dc\u00e7 K\u00fclt\u00fcr \u015eehri&#8221; olarak da an\u0131l\u0131yor.<\/p>\n\n\n\n<p>Bug\u00fcn, Toledo, Roma \u0130mparatorlu\u011fu&#8217;na kadar uzanan tarihi, sanat ve mimari zenginlikleri ile bir\u00e7ok turist i\u00e7in \u00e7ok pop\u00fcler bir destinasyon.&nbsp;Toledo&#8217;da yap\u0131lacak en iyi \u015fey, Orta \u00c7a\u011f sokaklar\u0131nda kaybolmak ve muhte\u015fem bir katedral, sinagog ve camiyi i\u00e7eren tarihi mimarisine bak\u0131p hayran olmakt\u0131r.<\/p>\n\n\n\n<h3 class=\"wp-block-heading has-text-align-center has-neeon-button-dark-gray-color has-text-color has-link-color wp-elements-34150a7969f42f0b6205fd5b14c9baa9\"><span class=\"ez-toc-section\" id=\"3_cordoba\"><\/span><strong><strong><strong><strong><strong>3. Cordoba<\/strong><\/strong><\/strong><\/strong><\/strong><span class=\"ez-toc-section-end\"><\/span><\/h3>\n\n\n\n<figure class=\"wp-block-image size-large\"><img decoding=\"async\" src=\"https:\/\/res.cloudinary.com\/turna\/image\/upload\/v1681843989\/cordoba.jpg\" alt=\"\u0130spanya Gezilecek Yerler Cordoba\"\/><\/figure>\n\n\n\n<p><strong><a href=\"https:\/\/goo.gl\/maps\/x7BWF2XWnJ6wFH8VA\" target=\"_blank\" rel=\"noreferrer noopener\">Cordoba<\/a><\/strong>, g\u00fcney \u0130spanya&#8217;n\u0131n End\u00fcl\u00fcs b\u00f6lgesindeki Cordoba eyaletinin ba\u015fkenti.&nbsp;Cordoba&#8217;n\u0131n tarihi meydan\u0131, Mezquita&#8217;da bulunan k\u00fc\u00e7\u00fck Orta \u00c7a\u011f sokaklar\u0131n\u0131n, plazalar\u0131n ve bembeyaz evlerin bir araya geldi\u011fi bir labirent gibi.<\/p>\n\n\n\n<p>Ba\u015flang\u0131\u00e7ta bir cami olarak in\u015fa edilen Mezquita, g\u00fcn\u00fcm\u00fczde orijinal mimarisinin \u00e7o\u011funu korumay\u0131 ba\u015farm\u0131\u015f olan g\u00f6rkemli bir katedral.&nbsp;\u0130slami tarzda k\u0131rm\u0131z\u0131 ve beyaz \u00e7izgili kemerlerle s\u00fcsl\u00fc s\u00fctun orman\u0131, Orta \u00c7a\u011fdaki C\u00f3rdoba&#8217;n\u0131n g\u00f6rkemini ve \u00f6nemini hat\u0131rlat\u0131yor.&nbsp;Di\u011fer ilgi \u00e7ekici yerleri ise H\u0131ristiyan Krall\u0131k Kalesi, \u00c7i\u00e7ek Caddesi, hediyelik e\u015fya d\u00fckkanlar\u0131 ile Eski Yahudi Mahallesi.<\/p>\n\n\n\n<h3 class=\"wp-block-heading has-text-align-center has-neeon-button-dark-gray-color has-text-color has-link-color wp-elements-dcdc87621011b5721d7dbee494fe1bf6\"><span class=\"ez-toc-section\" id=\"4_san_sebastian\"><\/span><strong><strong><strong><strong><strong>4. San Sebastian<\/strong><\/strong><\/strong><\/strong><\/strong><span class=\"ez-toc-section-end\"><\/span><\/h3>\n\n\n\n<figure class=\"wp-block-image size-large\"><img decoding=\"async\" src=\"https:\/\/res.cloudinary.com\/turna\/image\/upload\/v1681843990\/san_sebastian.jpg\" alt=\"San Sebastian\"\/><\/figure>\n\n\n\n<p><strong><a href=\"https:\/\/goo.gl\/maps\/uNUa1UqFEwL29Tej6\" target=\"_blank\" rel=\"noreferrer noopener\">San Sebastian<\/a><\/strong>, Biscay K\u00f6rfezi k\u0131y\u0131s\u0131ndaki Kuzey \u0130spanya&#8217;n\u0131n Bask \u00fclkesinde yer alan Gipuzko eyaletinin ba\u015fkenti.&nbsp;Bu g\u00fczel sahil kenti, m\u00fckemmel plajlar\u0131 ve ola\u011fan\u00fcst\u00fc yemek gelene\u011fi nedeniyle t\u00fcm d\u00fcnya taraf\u0131ndan \u00e7ok seviliyor.<\/p>\n\n\n\n<p>Eski kent meydan\u0131n\u0131n, Napolyon Sava\u015flar\u0131 s\u0131ras\u0131nda neredeyse tamamen tahrip edilmesinden sonra 19. y\u00fczy\u0131lda yeniden in\u015fa edilen bir\u00e7ok tarihi binaya ev sahipli\u011fi yap\u0131yor.&nbsp;San Sebastian, Avrupa&#8217;n\u0131n en iyi plajlar\u0131na sahip. Y\u00fczme, kayak, g\u00fcne\u015flenme ve say\u0131s\u0131z su e\u011flenceleri sunan Playa de la Concha da bunlar aras\u0131ndaki en pop\u00fcler olan\u0131 denilebilir.<\/p>\n\n\n\n<h3 class=\"wp-block-heading has-text-align-center has-neeon-button-dark-gray-color has-text-color has-link-color wp-elements-23022be1acddf5547d6bbf08e1d27764\"><span class=\"ez-toc-section\" id=\"5_valencia\"><\/span><strong><strong><strong><strong><strong>5. Valencia<\/strong><\/strong><\/strong><\/strong><\/strong><span class=\"ez-toc-section-end\"><\/span><\/h3>\n\n\n\n<figure class=\"wp-block-image size-large\"><img decoding=\"async\" src=\"https:\/\/res.cloudinary.com\/turna\/image\/upload\/v1681843991\/valencia.jpg\" alt=\"Valencia\"\/><\/figure>\n\n\n\n<p>\u0130spanya&#8217;n\u0131n en b\u00fcy\u00fck ve \u00f6nemli \u015fehirlerinden biri olan <strong><a href=\"https:\/\/goo.gl\/maps\/my3metzxwTt8R2Ya6\" target=\"_blank\" rel=\"noreferrer noopener\">Valencia<\/a><\/strong> do\u011fu taraf\u0131nda yer al\u0131yor.&nbsp;Sanat ve Bilim Kenti olarak bilinen b\u00fcy\u00fck bir k\u00fclt\u00fcrel ve e\u011flence kompleksine ev sahipli\u011fi yapan \u015fehir ayn\u0131 zamanda Turia Nehri&#8217;nin de y\u00f6n\u00fcn\u00fc de\u011fi\u015ftirmi\u015ftir.&nbsp;Bu komplekste, bilim m\u00fczesi, planetaryum ve akvaryum gibi \u00e7e\u015fitli sergiler ve aktiviteler yer al\u0131yor.<\/p>\n\n\n\n<p>Her sene Mart ay\u0131nda Valencia bir \u00e7ok farkl\u0131 boy ve renkte Papier-ma\u00e8\u00e9 fig\u00fcrlerinin sergilendi\u011fi Fallas Festivaline ev sahipli\u011fi yap\u0131yor. Haftan\u0131n sonunda ise bu fig\u00fcrler bir seremoni e\u015fli\u011finde yak\u0131larak gece boyunca parti ve e\u011flence son gaz devam ediyor.<\/p>\n\n\n\n<h3 class=\"wp-block-heading has-text-align-center has-neeon-button-dark-gray-color has-text-color has-link-color wp-elements-b342807b4ad745cdd0bedf235f655afe\"><span class=\"ez-toc-section\" id=\"6_sevilla\"><\/span><strong><strong><strong><strong><strong>6. Sevilla<\/strong><\/strong><\/strong><\/strong><\/strong><span class=\"ez-toc-section-end\"><\/span><\/h3>\n\n\n\n<figure class=\"wp-block-image size-large\"><img width=\"800\" height=\"500\" data-public-id=\"sevilla\/sevilla.jpg\" decoding=\"async\" src=\"https:\/\/res.cloudinary.com\/turna\/images\/w_800,h_500,c_scale\/f_auto,q_auto:low\/v1617957662\/sevilla\/sevilla.jpg?_i=AA\" alt=\"Sevilla\" class=\"wp-post-0 wp-image-18875\" data-format=\"jpg\" data-transformations=\"f_auto,q_auto:low\" data-version=\"1617957662\" data-seo=\"1\" srcset=\"https:\/\/res.cloudinary.com\/turna\/images\/f_auto,q_auto:low\/v1617957662\/sevilla\/sevilla.jpg?_i=AA 800w, https:\/\/res.cloudinary.com\/turna\/images\/w_300,h_188,c_scale\/f_auto,q_auto:low\/v1617957662\/sevilla\/sevilla.jpg?_i=AA 300w, https:\/\/res.cloudinary.com\/turna\/images\/w_672,h_420,c_scale\/f_auto,q_auto:low\/v1617957662\/sevilla\/sevilla.jpg?_i=AA 672w, https:\/\/res.cloudinary.com\/turna\/images\/w_640,h_400,c_scale\/f_auto,q_auto:low\/v1617957662\/sevilla\/sevilla.jpg?_i=AA 640w, https:\/\/res.cloudinary.com\/turna\/images\/w_681,h_426,c_scale\/f_auto,q_auto:low\/v1617957662\/sevilla\/sevilla.jpg?_i=AA 681w\" sizes=\"(max-width: 800px) 100vw, 800px\" \/><\/figure>\n\n\n\n<p>Ola\u011fan\u00fcst\u00fc turistik mekanlar, canl\u0131 festivaller ve co\u015fkulu gece hayat\u0131, \u0130spanya seyahatinde Sevilla&#8217;y\u0131 en keyifli rotalardan biri haline getiriyor.&nbsp;End\u00fcl\u00fcs&#8217;\u00fcn ba\u015fkenti olan <strong><a href=\"https:\/\/goo.gl\/maps\/GRsMvygQ7HL1tgCR8\" target=\"_blank\" rel=\"noreferrer noopener\">Sevilla<\/a><\/strong>, ayn\u0131 zamanda b\u00f6lgenin finansal ve k\u00fclt\u00fcrel ba\u015fkenti.&nbsp;\u015eehir, Christopher Columbus&#8217;un g\u00f6m\u00fcl\u00fc oldu\u011funa inan\u0131lan Sevilla Katedrali gibi \u00e7ok \u00f6nemli tarihi yerlere sahip.&nbsp;Bir ba\u015fka \u00f6nemli bina da, l\u00fcks bah\u00e7eleri ile bir Ma\u011fribi saray\u0131 olan Real Alcazar.<\/p>\n\n\n\n<h3 class=\"wp-block-heading has-text-align-center has-neeon-button-dark-gray-color has-text-color has-link-color wp-elements-8aa6915cf3e7d6509c05dcb339124373\"><span class=\"ez-toc-section\" id=\"7_madrid\"><\/span><strong><strong><strong><strong><strong>7. Madrid<\/strong><\/strong><\/strong><\/strong><\/strong><span class=\"ez-toc-section-end\"><\/span><\/h3>\n\n\n\n<figure class=\"wp-block-image size-large\"><img decoding=\"async\" src=\"https:\/\/res.cloudinary.com\/turna\/image\/upload\/v1681843990\/madrid.jpg\" alt=\"Madrid\"\/><\/figure>\n\n\n\n<p>\u0130spanya&#8217;n\u0131n ba\u015fkenti ve en b\u00fcy\u00fck \u015fehri olan <strong><a href=\"https:\/\/goo.gl\/maps\/Sbo1qN8y5DnPEP3JA\" target=\"_blank\" rel=\"noreferrer noopener\">Madrid<\/a><\/strong>, durmak bilmeyen gece hayat\u0131 mek\u00e2nlar\u0131yla \u00fcnl\u00fc.&nbsp;Kent Avrupa&#8217;daki en renkli kozmopolit \u015fehirlerden biri ve \u015fehri bu haline getiren de \u00e7e\u015fitli etnik gruplar\u0131n \u00e7oklu\u011fu.&nbsp;\u015eehir merkezinde bulunan \u0130spanya Kral\u0131n\u0131n evi olan Kraliyet Saray\u0131, Madrid&#8217;in en pop\u00fcler turistik merkezlerinden biri.&nbsp;Madrid&#8217;in (ve \u0130spanya&#8217;n\u0131n) kalbi, festivaller, \u00f6nemli g\u00f6steriler ve sokak sanat\u00e7\u0131lar\u0131n\u0131n yan\u0131 s\u0131ra toplu ta\u015f\u0131ma a\u011f\u0131 i\u00e7in bir merkez olarak hizmet veren b\u00fcy\u00fck bir meydanda bulunan Puerta del Sol.&nbsp;Bir di\u011fer \u00f6nemli meydan da renkli San Miguel Pazar\u0131 ile \u00fcnl\u00fc Plaza Mayor.<\/p>\n\n\n\n<h3 class=\"wp-block-heading has-text-align-center has-neeon-button-dark-gray-color has-text-color has-link-color wp-elements-304d48bb3fe27188686e3e0966d583d8\"><span class=\"ez-toc-section\" id=\"8_ispanyol_adalari\"><\/span><strong><strong><strong><strong><strong>8. \u0130spanyol Adalar\u0131<\/strong><\/strong><\/strong><\/strong><\/strong><span class=\"ez-toc-section-end\"><\/span><\/h3>\n\n\n\n<figure class=\"wp-block-image size-large\"><img decoding=\"async\" src=\"https:\/\/res.cloudinary.com\/turna\/image\/upload\/v1681843991\/ispanyol_adalar%C4%B1.jpg\" alt=\"\u0130spanyol adalar\u0131\"\/><\/figure>\n\n\n\n<p>\u0130spanya, Avrupa&#8217;n\u0131n en g\u00fczel adalar\u0131ndan baz\u0131lar\u0131na da sahip.&nbsp;En b\u00fcy\u00fck \u0130spanyol Adalar\u0131, Balear Adalar\u0131 ve Kanarya Adalar\u0131.&nbsp;\u0130spanya anakaras\u0131n\u0131n do\u011fusunda, d\u00f6rt Balear Adalar\u0131 (\u0130biza, Formentera, Mallorca ve Menorca), \u0130spanya&#8217;n\u0131n geri kalan\u0131ndan olduk\u00e7a farkl\u0131 bir karaktere sahip.&nbsp;Mallorca, d\u00fcnyan\u0131n en b\u00fcy\u00fck ve en iyi bilinen Balear adas\u0131 ve \u0130biza partisinin yap\u0131ld\u0131\u011f\u0131 yer olarak tan\u0131n\u0131yor.&nbsp;Kanaryalar olarak da bilinen Kanarya Adalar\u0131, Atlas Okyanusunun hemen g\u00fcneyindeki Fas k\u0131y\u0131s\u0131nda bulunuyor.&nbsp;G\u00fczel kumsallar\u0131, \u0131l\u0131man iklimi ve \u00f6nemli do\u011fal g\u00fczellikleri, \u00f6zellikle Gran Canaria&#8217;daki Maspalomas Kum Tepeleri ve Tenerife&#8217;deki Teide Volkan\u0131 ile ziyaret\u00e7ilerin ilgi oda\u011f\u0131 oluyor.<\/p>\n\n\n\n<h3 class=\"wp-block-heading has-text-align-center has-neeon-button-dark-gray-color has-text-color has-link-color wp-elements-362d405403436c086666f5a783d9483a\"><span class=\"ez-toc-section\" id=\"9_granada\"><\/span><strong><strong><strong><strong><strong>9. Granada<\/strong><\/strong><\/strong><\/strong><\/strong><span class=\"ez-toc-section-end\"><\/span><\/h3>\n\n\n\n<figure class=\"wp-block-image size-large\"><img decoding=\"async\" src=\"https:\/\/res.cloudinary.com\/turna\/image\/upload\/v1681843989\/granada.jpg\" alt=\"Granada\"\/><\/figure>\n\n\n\n<p>G\u00fcney \u0130spanya&#8217;n\u0131n Sierra Nevada Da\u011flar\u0131&#8217;n\u0131n dibinde bulunan <strong><a href=\"https:\/\/goo.gl\/maps\/Ghx29FjXvf2TndWe6\" target=\"_blank\" rel=\"noreferrer noopener\">Granada<\/a><\/strong>, Granada eyaletinin ba\u015fkenti.&nbsp;Granada, geleneksel k\u00fclt\u00fcrlerin, hareketli bir gece hayat\u0131n\u0131n ve End\u00fcl\u00fcs tarihini kapsayan Ma\u011fribi sanat\u0131n\u0131n bir zirvesi olan d\u00fcnyaca \u00fcnl\u00fc Alhambra&#8217;n\u0131n bulundu\u011fu m\u00fckemmel bir k\u00fclt\u00fcrel kar\u0131\u015f\u0131m sunuyor.&nbsp;Sadece Granada&#8217;ya bakan bu Orta \u00c7a\u011f kompleksinin mimarisini g\u00f6rebilmek i\u00e7in her y\u0131l Avrupa&#8217;dan say\u0131s\u0131z ziyaret\u00e7i ak\u0131n ediyor.&nbsp;Avrupa&#8217;daki son Ma\u011fribi kalesi olan Alhambra, g\u00f6rkemli mimarisi, muhte\u015fem ve yemye\u015fil bah\u00e7eleri ve \u015fehrin nefes kesen manzaralar\u0131n\u0131 sunuyor.<\/p>\n\n\n\n<h3 class=\"wp-block-heading has-text-align-center has-neeon-button-dark-gray-color has-text-color has-link-color wp-elements-0a2d587f32c5b858987069588ba5c5e0\"><span class=\"ez-toc-section\" id=\"10_barselona\"><\/span><strong><strong><strong><strong><strong>10. Barselona<\/strong><\/strong><\/strong><\/strong><\/strong><span class=\"ez-toc-section-end\"><\/span><\/h3>\n\n\n\n<figure class=\"wp-block-image size-large\"><img decoding=\"async\" src=\"https:\/\/res.cloudinary.com\/turna\/image\/upload\/v1681843989\/barcelona.jpg\" alt=\"Barselona\"\/><\/figure>\n\n\n\n<p>Kuzeydo\u011fu \u0130spanya&#8217;da bulunan <strong><a href=\"https:\/\/goo.gl\/maps\/FWsh7HhM7d69Bzzs9\" target=\"_blank\" rel=\"noreferrer noopener\">Barcelona<\/a><\/strong>, \u200b\u200btarihi miraslardan \u00f6zel mimarisine, al\u0131\u015fveri\u015f olanaklar\u0131na, canl\u0131 k\u00fclt\u00fcr\u00fcne ve renkli gece hayat\u0131na kadar turistlerin arad\u0131klar\u0131 her \u015feyi sundu\u011fu i\u00e7in \u00fclkenin en iyi seyahat noktalar\u0131ndan biri olarak kar\u015f\u0131m\u0131za \u00e7\u0131k\u0131yor.<\/p>\n\n\n\n<p>Barselona&#8217;ya \u00f6zg\u00fc olan Casa Batllo ve \u00fcnl\u00fc Sagrada Familia Kilisesi \u00fcnl\u00fc mimar Antoni Gaudi&#8217;nin yaratt\u0131\u011f\u0131 mimari ba\u015fyap\u0131tlar.&nbsp;Her ikisi de ola\u011fan\u00fcst\u00fc yap\u0131lar, b\u00fcy\u00fcleyici tasar\u0131mlara, \u015fekillere ve renk kombinasyonlar\u0131na sahip.&nbsp;Barselona&#8217;daki pop\u00fcler etkinlikler aras\u0131nda, a\u011fa\u00e7larla kapl\u0131 yaya caddesi olan La Rambla&#8217;da gezinti yapmak ve \u015fehrin en pop\u00fcler plajlar\u0131ndan biri olan Barcelona\u2019da g\u00fcne\u015flenmek yer al\u0131yor.<\/p>\n\n\n\n<h3 class=\"wp-block-heading has-text-align-center has-neeon-button-dark-gray-color has-text-color has-link-color wp-elements-c0adba4fe546fbc68425d69e54907bd8\"><span class=\"ez-toc-section\" id=\"11_sagrada_familia_bazilikasi\"><\/span><strong><strong><strong><strong><strong>11. Sagrada Familia Bazilikas\u0131<\/strong><\/strong><\/strong><\/strong><\/strong><span class=\"ez-toc-section-end\"><\/span><\/h3>\n\n\n\n<figure class=\"wp-block-image\"><img width=\"800\" height=\"500\" data-public-id=\"Sagrada-Familia-Bazilika_bqtmsn\/Sagrada-Familia-Bazilika_bqtmsn.jpg\" fetchpriority=\"high\" decoding=\"async\" src=\"https:\/\/res.cloudinary.com\/turna\/images\/w_800,h_500,c_scale\/f_auto,q_auto:low\/v1472987321\/Sagrada-Familia-Bazilika_bqtmsn\/Sagrada-Familia-Bazilika_bqtmsn.jpg?_i=AA\" alt=\"\" class=\"wp-post-13231 wp-image-4268\" data-format=\"jpg\" data-transformations=\"f_auto,q_auto:low\" data-version=\"1472987321\" data-seo=\"1\" srcset=\"https:\/\/res.cloudinary.com\/turna\/images\/f_auto,q_auto:low\/v1472987321\/Sagrada-Familia-Bazilika_bqtmsn\/Sagrada-Familia-Bazilika_bqtmsn.jpg?_i=AA 800w, https:\/\/res.cloudinary.com\/turna\/images\/w_300,h_188,c_scale\/f_auto,q_auto:low\/v1472987321\/Sagrada-Familia-Bazilika_bqtmsn\/Sagrada-Familia-Bazilika_bqtmsn.jpg?_i=AA 300w, https:\/\/res.cloudinary.com\/turna\/images\/w_672,h_420,c_scale\/f_auto,q_auto:low\/v1472987321\/Sagrada-Familia-Bazilika_bqtmsn\/Sagrada-Familia-Bazilika_bqtmsn.jpg?_i=AA 672w, https:\/\/res.cloudinary.com\/turna\/images\/w_640,h_400,c_scale\/f_auto,q_auto:low\/v1472987321\/Sagrada-Familia-Bazilika_bqtmsn\/Sagrada-Familia-Bazilika_bqtmsn.jpg?_i=AA 640w, https:\/\/res.cloudinary.com\/turna\/images\/w_681,h_426,c_scale\/f_auto,q_auto:low\/v1472987321\/Sagrada-Familia-Bazilika_bqtmsn\/Sagrada-Familia-Bazilika_bqtmsn.jpg?_i=AA 681w\" sizes=\"(max-width: 800px) 100vw, 800px\" \/><\/figure>\n\n\n\n<p>1800&#8217;l\u00fc y\u0131llara uzanan k\u00f6kl\u00fc ge\u00e7mi\u015fine ra\u011fmen g\u00fcn\u00fcm\u00fczde hala tamamlanamayan bir yap\u0131 olan <a href=\"https:\/\/maps.app.goo.gl\/zxrcH9mvPW8gvzR96\" target=\"_blank\" rel=\"noopener\"><strong>Sagrada Familia<\/strong><\/a> Bazilikas\u0131,&nbsp;\u0130spanya&#8217;n\u0131n \u00fcnl\u00fc Katalan mimar\u0131&nbsp;Antoni Gaudi&#8217;nin e\u015fsiz ve karma\u015f\u0131k mimari tarz\u0131n\u0131n en iyi \u00f6rnekleri aras\u0131nda yer al\u0131yor.<\/p>\n\n\n\n<h3 class=\"wp-block-heading has-text-align-center has-neeon-button-dark-gray-color has-text-color has-link-color wp-elements-b1ce8e2200906130a246bcecf936caf8\"><span class=\"ez-toc-section\" id=\"12_poble_espanyol\"><\/span><strong><strong><strong><strong><strong>12. Poble Espanyol<\/strong><\/strong><\/strong><\/strong><\/strong><span class=\"ez-toc-section-end\"><\/span><\/h3>\n\n\n\n<figure class=\"wp-block-image\"><img width=\"800\" height=\"500\" data-public-id=\"Poble-Espanol_loau1k\/Poble-Espanol_loau1k.jpg\" decoding=\"async\" src=\"https:\/\/res.cloudinary.com\/turna\/images\/w_800,h_500,c_scale\/f_auto,q_auto:low\/v1472987352\/Poble-Espanol_loau1k\/Poble-Espanol_loau1k.jpg?_i=AA\" alt=\"\" class=\"wp-post-13231 wp-image-4270\" data-format=\"jpg\" data-transformations=\"f_auto,q_auto:low\" data-version=\"1472987352\" data-seo=\"1\" srcset=\"https:\/\/res.cloudinary.com\/turna\/images\/f_auto,q_auto:low\/v1472987352\/Poble-Espanol_loau1k\/Poble-Espanol_loau1k.jpg?_i=AA 800w, https:\/\/res.cloudinary.com\/turna\/images\/w_300,h_188,c_scale\/f_auto,q_auto:low\/v1472987352\/Poble-Espanol_loau1k\/Poble-Espanol_loau1k.jpg?_i=AA 300w, https:\/\/res.cloudinary.com\/turna\/images\/w_672,h_420,c_scale\/f_auto,q_auto:low\/v1472987352\/Poble-Espanol_loau1k\/Poble-Espanol_loau1k.jpg?_i=AA 672w, https:\/\/res.cloudinary.com\/turna\/images\/w_640,h_400,c_scale\/f_auto,q_auto:low\/v1472987352\/Poble-Espanol_loau1k\/Poble-Espanol_loau1k.jpg?_i=AA 640w, https:\/\/res.cloudinary.com\/turna\/images\/w_681,h_426,c_scale\/f_auto,q_auto:low\/v1472987352\/Poble-Espanol_loau1k\/Poble-Espanol_loau1k.jpg?_i=AA 681w\" sizes=\"(max-width: 800px) 100vw, 800px\" \/><\/figure>\n\n\n\n<p>1929 y\u0131l\u0131nda bir sergi i\u00e7in tasarland\u0131ktan sonra y\u0131ld\u0131z\u0131 parlayan <strong><a href=\"https:\/\/maps.app.goo.gl\/UFzTSmT2Z9qvUckM9\" target=\"_blank\" rel=\"noopener\">Poble Espanyol<\/a><\/strong>, Barcelona \u015fehrinin Montjuic Tepesi\u2019nde konumlanan \u00fcnl\u00fc bir a\u00e7\u0131k hava m\u00fczesi. Buras\u0131 muhte\u015fem g\u00f6r\u00fcn\u00fcm\u00fc ile foto\u011fraf tutkunlar\u0131n\u0131n en g\u00f6zde \u00e7ekim alanlar\u0131ndan birini olu\u015fturuyor.<\/p>\n\n\n\n<h3 class=\"wp-block-heading has-text-align-center has-neeon-button-dark-gray-color has-text-color has-link-color wp-elements-5534f3ba8ccb39d9a8f40059f669f58d\"><span class=\"ez-toc-section\" id=\"13_guell_parki\"><\/span><strong><strong><strong><strong><strong>13. G\u00fcell Park\u0131<\/strong><\/strong><\/strong><\/strong><\/strong><span class=\"ez-toc-section-end\"><\/span><\/h3>\n\n\n\n<figure class=\"wp-block-image\"><img width=\"800\" height=\"500\" data-public-id=\"Guell-Park_nnt6dx\/Guell-Park_nnt6dx.jpg\" decoding=\"async\" src=\"https:\/\/res.cloudinary.com\/turna\/images\/w_800,h_500,c_scale\/f_auto,q_auto\/f_auto,q_auto:low\/v1472987376\/Guell-Park_nnt6dx\/Guell-Park_nnt6dx.jpg?_i=AA\" alt=\"\" class=\"wp-post-13231 wp-image-4271\" data-format=\"jpg\" data-transformations=\"f_auto,q_auto\/f_auto,q_auto:low\" data-version=\"1472987376\" data-seo=\"1\" srcset=\"https:\/\/res.cloudinary.com\/turna\/images\/f_auto,q_auto\/f_auto,q_auto\/f_auto,q_auto:low\/v1472987376\/Guell-Park_nnt6dx\/Guell-Park_nnt6dx.jpg?_i=AA 800w, https:\/\/res.cloudinary.com\/turna\/images\/w_300,h_188,c_scale\/f_auto,q_auto\/f_auto,q_auto\/f_auto,q_auto:low\/v1472987376\/Guell-Park_nnt6dx\/Guell-Park_nnt6dx.jpg?_i=AA 300w, https:\/\/res.cloudinary.com\/turna\/images\/w_672,h_420,c_scale\/f_auto,q_auto\/f_auto,q_auto\/f_auto,q_auto:low\/v1472987376\/Guell-Park_nnt6dx\/Guell-Park_nnt6dx.jpg?_i=AA 672w, https:\/\/res.cloudinary.com\/turna\/images\/w_640,h_400,c_scale\/f_auto,q_auto\/f_auto,q_auto\/f_auto,q_auto:low\/v1472987376\/Guell-Park_nnt6dx\/Guell-Park_nnt6dx.jpg?_i=AA 640w, https:\/\/res.cloudinary.com\/turna\/images\/w_681,h_426,c_scale\/f_auto,q_auto\/f_auto,q_auto\/f_auto,q_auto:low\/v1472987376\/Guell-Park_nnt6dx\/Guell-Park_nnt6dx.jpg?_i=AA 681w\" sizes=\"(max-width: 800px) 100vw, 800px\" \/><\/figure>\n\n\n\n<p>Mozaik kapl\u0131 yap\u0131lar\u0131 ve s\u00fctunlarla s\u00fcsl\u00fc kap\u0131lar\u0131yla \u0130spanya&#8217;n\u0131n en kalabal\u0131k ve hareketli noktalar\u0131nda olan&nbsp;<strong><a href=\"https:\/\/maps.app.goo.gl\/JtfPrGScax9532RJ6\" target=\"_blank\" rel=\"noopener\">G\u00fcell Park\u0131<\/a><\/strong>, 1914&#8217;l\u00fc y\u0131llarda yapt\u0131r\u0131lan ancak 1923 y\u0131l\u0131nda halk\u0131n kullan\u0131m\u0131na a\u00e7\u0131lan huzur verici bir mekan.<\/p>\n\n\n\n<h3 class=\"wp-block-heading has-text-align-center has-neeon-button-dark-gray-color has-text-color has-link-color wp-elements-b6974bb73fc6f8ed273a24ecffc06cbe\"><span class=\"ez-toc-section\" id=\"14_casa_mila\"><\/span><strong><strong><strong><strong><strong>14. Casa Mila<\/strong><\/strong><\/strong><\/strong><\/strong><span class=\"ez-toc-section-end\"><\/span><\/h3>\n\n\n\n<figure class=\"wp-block-image\"><img width=\"800\" height=\"500\" data-public-id=\"Mila-Casa_ptfkus\/Mila-Casa_ptfkus.jpg\" loading=\"lazy\" decoding=\"async\" src=\"https:\/\/res.cloudinary.com\/turna\/images\/w_800,h_500,c_scale\/f_auto,q_auto:low\/v1472987528\/Mila-Casa_ptfkus\/Mila-Casa_ptfkus.jpg?_i=AA\" alt=\"\" class=\"wp-post-13231 wp-image-4272\" data-format=\"jpg\" data-transformations=\"f_auto,q_auto:low\" data-version=\"1472987528\" data-seo=\"1\" srcset=\"https:\/\/res.cloudinary.com\/turna\/images\/f_auto,q_auto:low\/v1472987528\/Mila-Casa_ptfkus\/Mila-Casa_ptfkus.jpg?_i=AA 800w, https:\/\/res.cloudinary.com\/turna\/images\/w_300,h_188,c_scale\/f_auto,q_auto:low\/v1472987528\/Mila-Casa_ptfkus\/Mila-Casa_ptfkus.jpg?_i=AA 300w, https:\/\/res.cloudinary.com\/turna\/images\/w_672,h_420,c_scale\/f_auto,q_auto:low\/v1472987528\/Mila-Casa_ptfkus\/Mila-Casa_ptfkus.jpg?_i=AA 672w, https:\/\/res.cloudinary.com\/turna\/images\/w_640,h_400,c_scale\/f_auto,q_auto:low\/v1472987528\/Mila-Casa_ptfkus\/Mila-Casa_ptfkus.jpg?_i=AA 640w, https:\/\/res.cloudinary.com\/turna\/images\/w_681,h_426,c_scale\/f_auto,q_auto:low\/v1472987528\/Mila-Casa_ptfkus\/Mila-Casa_ptfkus.jpg?_i=AA 681w\" sizes=\"(max-width: 800px) 100vw, 800px\" \/><\/figure>\n\n\n\n<p>Sagrada Familia Bazilikas\u0131n\u0131n ard\u0131ndan Barcelona \u015fehrinin en \u00fcnl\u00fc ikinci binas\u0131 olarak g\u00f6sterilen ve &#8216;La Pedrera&#8217; ad\u0131yla da bilinen <strong><a href=\"https:\/\/maps.app.goo.gl\/hSrnQYbqm9QVbWJp7\" target=\"_blank\" rel=\"noopener\">Casa Mila<\/a><\/strong>,1906-1910 y\u0131llar\u0131 aras\u0131nda Antoni Gaudi taraf\u0131ndan tasarlanm\u0131\u015f.<\/p>\n\n\n\n<h3 class=\"wp-block-heading has-text-align-center has-neeon-button-dark-gray-color has-text-color has-link-color wp-elements-a56099013fadb838669703101033b5c5\"><span class=\"ez-toc-section\" id=\"15_nou_camp_stadyumu\"><\/span><strong><strong><strong><strong><strong>15. Nou Camp Stadyumu<\/strong><\/strong><\/strong><\/strong><\/strong><span class=\"ez-toc-section-end\"><\/span><\/h3>\n\n\n\n<p>Avrupa&#8217;n\u0131n en sevilen tak\u0131mlar\u0131ndan olan Barcelona&#8217;n\u0131n ma\u00e7lar\u0131na da ev sahipli\u011fi yapan <strong><a href=\"https:\/\/maps.app.goo.gl\/45WRe5mJ4KdFBWmQA\" target=\"_blank\" rel=\"noopener\">Nou Camp Stadyumu<\/a><\/strong>, 99 bin 300 seyirci kapasitesi ile Avrupa&#8217;n\u0131n en b\u00fcy\u00fck stadyumu olarak g\u00f6steriliyor.&nbsp;Barselona \u015fehrinde bulunan stadyum \u00f6zellikle erkeklerin en g\u00f6zde adresi.<\/p>\n\n\n\n<h2 class=\"wp-block-heading has-text-align-center has-neeon-button-dark-gray-color has-text-color has-link-color wp-elements-d280fc225be3f7a4f381dbe30bd5ac16\"><span class=\"ez-toc-section\" id=\"ispanya_kac_gunde_gezilir\"><\/span><strong><strong><strong><strong><strong><strong><strong><strong>\u0130spanya Ka\u00e7 G\u00fcnde Gezilir?<\/strong><\/strong><\/strong><\/strong><\/strong><\/strong><\/strong><\/strong><span class=\"ez-toc-section-end\"><\/span><\/h2>\n\n\n\n<figure class=\"wp-block-image size-full\"><img width=\"800\" height=\"500\" data-public-id=\"ispanyada_ne_yap\u0131l\u0131r\/ispanyada_ne_yap\u0131l\u0131r.jpg\" loading=\"lazy\" decoding=\"async\" src=\"https:\/\/res.cloudinary.com\/turna\/images\/w_800,h_500,c_scale\/f_auto,q_auto:low\/v1682427561\/ispanyada_ne_yap\u0131l\u0131r\/ispanyada_ne_yap\u0131l\u0131r.jpg?_i=AA\" alt=\"\u0130spanyada ne yap\u0131l\u0131r\" class=\"wp-post-13231 wp-image-21761\" data-format=\"jpg\" data-transformations=\"f_auto,q_auto:low\" data-version=\"1682427561\" data-seo=\"1\" srcset=\"https:\/\/res.cloudinary.com\/turna\/images\/f_auto,q_auto:low\/v1682427561\/ispanyada_ne_yap\u0131l\u0131r\/ispanyada_ne_yap\u0131l\u0131r.jpg?_i=AA 800w, https:\/\/res.cloudinary.com\/turna\/images\/w_300,h_188,c_scale\/f_auto,q_auto:low\/v1682427561\/ispanyada_ne_yap\u0131l\u0131r\/ispanyada_ne_yap\u0131l\u0131r.jpg?_i=AA 300w, https:\/\/res.cloudinary.com\/turna\/images\/w_672,h_420,c_scale\/f_auto,q_auto:low\/v1682427561\/ispanyada_ne_yap\u0131l\u0131r\/ispanyada_ne_yap\u0131l\u0131r.jpg?_i=AA 672w, https:\/\/res.cloudinary.com\/turna\/images\/w_640,h_400,c_scale\/f_auto,q_auto:low\/v1682427561\/ispanyada_ne_yap\u0131l\u0131r\/ispanyada_ne_yap\u0131l\u0131r.jpg?_i=AA 640w, https:\/\/res.cloudinary.com\/turna\/images\/w_681,h_426,c_scale\/f_auto,q_auto:low\/v1682427561\/ispanyada_ne_yap\u0131l\u0131r\/ispanyada_ne_yap\u0131l\u0131r.jpg?_i=AA 681w\" sizes=\"(max-width: 800px) 100vw, 800px\" \/><\/figure>\n\n\n\n<p>\u0130spanya\u2019da ge\u00e7irece\u011finiz s\u00fcreye ba\u011fl\u0131 olarak farkl\u0131 \u015fehirleri ke\u015ffetmeniz m\u00fcmk\u00fcn. \u00dclkenin sundu\u011fu zengin ke\u015fif f\u0131rsatlar\u0131 g\u00f6z \u00f6n\u00fcne al\u0131nd\u0131\u011f\u0131nda bu plan\u0131n incelikle tasarlanmas\u0131 gerekiyor. Barselona\u2019dan Madrid\u2019e, End\u00fcl\u00fcs\u2019\u00fcn tarihi kentlerinden Valencia\u2019n\u0131n modern y\u00fcz\u00fcne kadar her rotan\u0131n kendi temposunda gezilmesi keyifli bir ke\u015fif deneyimi noktas\u0131nda \u00f6nem ta\u015f\u0131yor. Kimi \u015fehirler birka\u00e7 g\u00fcnde ke\u015ffedilirken, baz\u0131lar\u0131 i\u00e7in daha fazla zaman ay\u0131rmak gerekebiliyor. <\/p>\n\n\n\n<ul class=\"wp-block-list\">\n<li><strong>Barselona (2 g\u00fcn):<\/strong> Gaudi\u2019nin mimari harikalar\u0131yla dolu bu \u015fehirde, Sagrada Familia ve Parc G\u00fcell gibi yap\u0131lar\u0131 ke\u015ffedebilirsiniz. La Rambla\u2019da y\u00fcr\u00fcy\u00fc\u015f yaparak sokak sanat\u00e7\u0131lar\u0131n\u0131n performanslar\u0131n\u0131 izleyebilir, sahilde g\u00fcn bat\u0131m\u0131n\u0131n keyfini \u00e7\u0131karabilirsiniz.<\/li>\n\n\n\n<li><strong>Tarragona (1 g\u00fcn): <\/strong>Antik Roma\u2019n\u0131n izlerini ta\u015f\u0131yan bu \u015fehirde, Tarraco Arkeolojik Alan\u0131\u2019n\u0131 ziyaret edebilir, eski sahil amfi tiyatrosunda ge\u00e7mi\u015fe yolculuk yapabilirsiniz. Y\u00f6resel lezzetler aras\u0131nda yer alan calcotada (\u0131zgara so\u011fan) ve xato salatas\u0131n\u0131 denemek de g\u00fczel bir deneyim olacakt\u0131r.<\/li>\n\n\n\n<li><strong>Valencia (2 g\u00fcn) :<\/strong> Avrupa\u2019n\u0131n en b\u00fcy\u00fck akvaryumuna ev sahipli\u011fi yapan Sanat ve Bilim \u015eehri\u2019ni ziyaret edebilirsiniz. Mercado Central\u2019de y\u00fczlerce tezgah aras\u0131nda gezerek yerel lezzetleri tadabilir, Turia Gardens\u2019da bisiklet s\u00fcrerek \u015fehrin do\u011fayla i\u00e7 i\u00e7e olan y\u00fcz\u00fcn\u00fc ke\u015ffedebilirsiniz.<\/li>\n\n\n\n<li><strong>Toledo (2 g\u00fcn):<\/strong> Toledo, dar Arnavut kald\u0131r\u0131ml\u0131 sokaklar\u0131, Gotik Katedrali ve El Greco\u2019nun tablolar\u0131yla tam bir Orta \u00c7a\u011f atmosferi sunuyor. Tagus Nehri k\u0131y\u0131s\u0131nda y\u00fcr\u00fcy\u00fc\u015f yaparak tarihi Toledo\u2019nun muhte\u015fem manzaras\u0131n\u0131 izleyebilirsiniz.<\/li>\n\n\n\n<li><strong>Granada (1 g\u00fcn):<\/strong> \u0130spanya\u2019n\u0131n en b\u00fcy\u00fcleyici yap\u0131lar\u0131ndan biri olan Alhambra Saray\u0131\u2019n\u0131 g\u00f6rmek i\u00e7in mutlaka \u00f6nceden bilet al\u0131n. Generalife Bah\u00e7eleri\u2019nde do\u011fan\u0131n i\u00e7inde huzurlu bir y\u00fcr\u00fcy\u00fc\u015f yapabilir, Miramar de San Nicolas\u2019tan Alhambra manzaras\u0131n\u0131 izleyerek g\u00fcn\u00fcn\u00fcz\u00fc tamamlayabilirsiniz.<\/li>\n\n\n\n<li><strong>Cordoba (1 g\u00fcn):<\/strong> Mezquita-Katedral, \u0130spanya\u2019daki en etkileyici dini yap\u0131lar aras\u0131nda yer al\u0131yor. Tarihi sokaklar\u0131nda dola\u015f\u0131rken Romal\u0131lar, M\u00fcsl\u00fcmanlar ve Hristiyanlar\u0131n b\u0131rakt\u0131\u011f\u0131 k\u00fclt\u00fcrel miras\u0131n izlerini ke\u015ffedebilirsiniz.<\/li>\n\n\n\n<li><strong>Sevilla (2 g\u00fcn):<\/strong> Alcazar Saray\u0131, Gotik Sevilla Katedrali ve Plaza de Espa\u00f1a, \u015fehrin mutlaka g\u00f6r\u00fclmesi gereken noktalar\u0131 aras\u0131nda. Ak\u015fam saatlerinde canl\u0131 Flamenko g\u00f6sterilerinden birine kat\u0131larak \u0130spanyol k\u00fclt\u00fcr\u00fcn\u00fc yak\u0131ndan deneyimleyebilirsiniz.<\/li>\n\n\n\n<li><strong>Madrid (3 g\u00fcn):<\/strong> Prado M\u00fczesi ve Kraliyet Saray\u0131, \u015fehrin sanat ve tarih dolu y\u00fcz\u00fcn\u00fc ke\u015ffetmek i\u00e7in harika duraklar. El Rastro\u2019da al\u0131\u015fveri\u015f yapabilir, El Retiro Park\u0131\u2019nda y\u00fcr\u00fcy\u00fc\u015f yaparak \u015fehrin keyfini \u00e7\u0131karabilirsiniz. Tatl\u0131 olarak churros denemeden Madrid\u2019den ayr\u0131lmamal\u0131s\u0131n\u0131z.<\/li>\n\n\n\n<li><strong>Segovia (1 g\u00fcn):<\/strong>&nbsp; Roma d\u00f6neminden kalma etkileyici su kemeri, bu \u015fehrin en \u00f6nemli simgelerinden biri. Alcazar Kalesi, Disneyland\u2019daki Uyuyan G\u00fczel Kalesi\u2019ne ilham kayna\u011f\u0131 olmu\u015f ve \u015fehrin b\u00fcy\u00fcleyici atmosferini tamaml\u0131yor.<\/li>\n<\/ul>\n\n\n\n<h2 class=\"wp-block-heading has-text-align-center has-neeon-button-dark-gray-color has-text-color has-link-color wp-elements-b17f7b4a6cc4537667ffdbdaa026ca51\"><span class=\"ez-toc-section\" id=\"ispanyada_mutlaka_denemeniz_gerekenler\"><\/span><strong><strong><strong><strong><strong><strong><strong>\u0130spanya\u2019da Mutlaka Denemeniz Gerekenler<\/strong><\/strong><\/strong><\/strong><\/strong><\/strong><\/strong><span class=\"ez-toc-section-end\"><\/span><\/h2>\n\n\n\n<figure class=\"wp-block-image size-full\"><img width=\"800\" height=\"500\" data-public-id=\"Metropolis-Madrid-Ispanya-_gq3jeb\/Metropolis-Madrid-Ispanya-_gq3jeb.jpg\" loading=\"lazy\" decoding=\"async\" src=\"https:\/\/res.cloudinary.com\/turna\/images\/w_800,h_500,c_scale\/f_auto,q_auto:low\/v1461741332\/Metropolis-Madrid-Ispanya-_gq3jeb\/Metropolis-Madrid-Ispanya-_gq3jeb.jpg?_i=AA\" alt=\"\" class=\"wp-post-13231 wp-image-715\" data-format=\"jpg\" data-transformations=\"f_auto,q_auto:low\" data-version=\"1461741332\" data-seo=\"1\" srcset=\"https:\/\/res.cloudinary.com\/turna\/images\/f_auto,q_auto:low\/v1461741332\/Metropolis-Madrid-Ispanya-_gq3jeb\/Metropolis-Madrid-Ispanya-_gq3jeb.jpg?_i=AA 800w, https:\/\/res.cloudinary.com\/turna\/images\/w_300,h_188,c_scale\/f_auto,q_auto:low\/v1461741332\/Metropolis-Madrid-Ispanya-_gq3jeb\/Metropolis-Madrid-Ispanya-_gq3jeb.jpg?_i=AA 300w, https:\/\/res.cloudinary.com\/turna\/images\/w_672,h_420,c_scale\/f_auto,q_auto:low\/v1461741332\/Metropolis-Madrid-Ispanya-_gq3jeb\/Metropolis-Madrid-Ispanya-_gq3jeb.jpg?_i=AA 672w, https:\/\/res.cloudinary.com\/turna\/images\/w_640,h_400,c_scale\/f_auto,q_auto:low\/v1461741332\/Metropolis-Madrid-Ispanya-_gq3jeb\/Metropolis-Madrid-Ispanya-_gq3jeb.jpg?_i=AA 640w, https:\/\/res.cloudinary.com\/turna\/images\/w_681,h_426,c_scale\/f_auto,q_auto:low\/v1461741332\/Metropolis-Madrid-Ispanya-_gq3jeb\/Metropolis-Madrid-Ispanya-_gq3jeb.jpg?_i=AA 681w\" sizes=\"(max-width: 800px) 100vw, 800px\" \/><\/figure>\n\n\n\n<ul class=\"wp-block-list\">\n<li>Sevilla ya da Granada\u2019da bir Flamenko g\u00f6sterisine kat\u0131larak End\u00fcl\u00fcs\u2019\u00fcn b\u00fcy\u00fcleyici atmosferine kendinizi kapt\u0131r\u0131n.<\/li>\n\n\n\n<li>Madrid ve Barselona\u2019daki k\u00fc\u00e7\u00fck tapas barlar\u0131nda \u00f6zel at\u0131\u015ft\u0131rmal\u0131klarla \u0130spanyol lezzetlerini ke\u015ffedin.<\/li>\n\n\n\n<li>Granada\u2019n\u0131n Mirador de San Nicol\u00e1s noktas\u0131ndan Alhambra Saray\u0131\u2019n\u0131n g\u00fcn bat\u0131m\u0131ndaki b\u00fcy\u00fcleyici manzaras\u0131na tan\u0131kl\u0131k edin.<\/li>\n\n\n\n<li>Madrid\u2019de \u00e7\u0131t\u0131r churroslar\u0131 s\u0131cak \u00e7ikolataya bat\u0131rarak lezzetli bir mola verin.<\/li>\n\n\n\n<li>E\u011fer A\u011fustos ay\u0131nda \u0130spanya\u2019daysan\u0131z, d\u00fcnyan\u0131n en \u00e7\u0131lg\u0131n festivallerinden biri olan La Tomatina\u2019n\u0131n bir par\u00e7as\u0131 olun.<\/li>\n\n\n\n<li>Turkuaz sular\u0131yla \u00fcnl\u00fc Costa Brava sahillerinde y\u00fczerek \u0130spanya\u2019n\u0131n e\u015fsiz do\u011fas\u0131n\u0131n tad\u0131n\u0131 \u00e7\u0131kar\u0131n.<\/li>\n\n\n\n<li>Madrid\u2019in \u00fcnl\u00fc bit pazar\u0131 El Rastro\u2019da nostaljik e\u015fyalar, antikalar ve el yap\u0131m\u0131 \u00fcr\u00fcnler aras\u0131nda ke\u015ffe \u00e7\u0131k\u0131n.<\/li>\n\n\n\n<li>\u0130spanyollar\u0131n \u00f6\u011fleden sonra k\u0131sa bir mola verme al\u0131\u015fkanl\u0131\u011f\u0131 olan siestaya ayak uydurun ve bir g\u00fcn\u00fcn\u00fcz\u00fc sakin bir \u015fekilde ge\u00e7irin.<\/li>\n\n\n\n<li>Madrid veya Salamanca\u2019n\u0131n tarihi Plaza Mayor meydan\u0131nda kahvenizi yudumlayarak g\u00fcn\u00fcn temposuna dingin bir ara verin.<\/li>\n<\/ul>\n\n    <div class=\"xs_social_share_widget xs_share_url after_content \t\tmain_content  wslu-style-1 wslu-share-box-shaped wslu-fill-colored wslu-none wslu-share-horizontal wslu-theme-font-no wslu-main_content\">\n\n\t\t\n        <ul>\n\t\t\t        <\/ul>\n    <\/div> \n","protected":false},"excerpt":{"rendered":"<p>Muhte\u015fem plajlar, lezzetli yemekler, canl\u0131 gece hayat\u0131 ve canl\u0131 festivaller \u0130spanya&#8217;y\u0131 Avrupa&#8217;n\u0131n en iyi ka\u00e7\u0131\u015f noktalar\u0131ndan biri yap\u0131yor.\u00a0\u0130spanya bir\u00e7ok \u00f6zerk b\u00f6lgeyi ve aday\u0131 i\u00e7erdi\u011finden \u00fclke, bu k\u0131ta \u00fczerindeki bir \u00e7ok farkl\u0131 k\u00fclt\u00fcre ve ya\u015fam tarzlar\u0131ndan birine ev sahipli\u011fi yap\u0131yor. \u0130spanya\u2019da gezilecek yerler i\u00e7in listemi mutlaka inceleyin.<\/p>\n","protected":false},"author":34,"featured_media":21761,"comment_status":"open","ping_status":"open","sticky":false,"template":"","format":"standard","meta":{"rop_custom_images_group":[],"rop_custom_messages_group":[],"rop_publish_now":"initial","rop_publish_now_accounts":[],"rop_publish_now_history":[],"rop_publish_now_status":"pending","_cloudinary_featured_overwrite":false,"footnotes":""},"categories":[165],"tags":[2393,1753,317,2548,618,2667,2505],"class_list":["post-13231","post","type-post","status-publish","format-standard","has-post-thumbnail","hentry","category-ispanya","tag-alicante","tag-ibiza","tag-ispanya","tag-oviedo","tag-san-sebastian","tag-santiago-de-compostela","tag-vigo"],"_links":{"self":[{"href":"https:\/\/www.turna.com\/blog\/wp-json\/wp\/v2\/posts\/13231","targetHints":{"allow":["GET"]}}],"collection":[{"href":"https:\/\/www.turna.com\/blog\/wp-json\/wp\/v2\/posts"}],"about":[{"href":"https:\/\/www.turna.com\/blog\/wp-json\/wp\/v2\/types\/post"}],"author":[{"embeddable":true,"href":"https:\/\/www.turna.com\/blog\/wp-json\/wp\/v2\/users\/34"}],"replies":[{"embeddable":true,"href":"https:\/\/www.turna.com\/blog\/wp-json\/wp\/v2\/comments?post=13231"}],"version-history":[{"count":0,"href":"https:\/\/www.turna.com\/blog\/wp-json\/wp\/v2\/posts\/13231\/revisions"}],"wp:featuredmedia":[{"embeddable":true,"href":"https:\/\/www.turna.com\/blog\/wp-json\/wp\/v2\/media\/21761"}],"wp:attachment":[{"href":"https:\/\/www.turna.com\/blog\/wp-json\/wp\/v2\/media?parent=13231"}],"wp:term":[{"taxonomy":"category","embeddable":true,"href":"https:\/\/www.turna.com\/blog\/wp-json\/wp\/v2\/categories?post=13231"},{"taxonomy":"post_tag","embeddable":true,"href":"https:\/\/www.turna.com\/blog\/wp-json\/wp\/v2\/tags?post=13231"}],"curies":[{"name":"wp","href":"https:\/\/api.w.org\/{rel}","templated":true}]}}