{"id":13213,"date":"2022-10-18T12:02:00","date_gmt":"2022-10-18T09:02:00","guid":{"rendered":"https:\/\/www.turna.com\/blog\/?p=13213"},"modified":"2025-06-27T16:23:34","modified_gmt":"2025-06-27T13:23:34","slug":"kuzey-avrupanin-huzur-veren-ulkeleri","status":"publish","type":"post","link":"https:\/\/www.turna.com\/blog\/kuzey-avrupanin-huzur-veren-ulkeleri","title":{"rendered":"Kuzey Avrupa \u00dclkeleri : Huzur Veren 5 \u00dclke"},"content":{"rendered":"<div id=\"ez-toc-container\" class=\"ez-toc-v2_0_82_2 counter-hierarchy ez-toc-counter ez-toc-black ez-toc-container-direction\">\n<div class=\"ez-toc-title-container\">\n<p class=\"ez-toc-title\" style=\"cursor:inherit\">\u0130\u00e7indekiler<\/p>\n<span class=\"ez-toc-title-toggle\"><a href=\"#\" class=\"ez-toc-pull-right ez-toc-btn ez-toc-btn-xs ez-toc-btn-default ez-toc-toggle\" aria-label=\"\u0130\u00e7indekiler Tablosunu A\u00e7\/Kapat\"><span class=\"ez-toc-js-icon-con\"><span class=\"\"><span class=\"eztoc-hide\" style=\"display:none;\">Toggle<\/span><span class=\"ez-toc-icon-toggle-span\"><svg style=\"fill: #ffffff;color:#ffffff\" xmlns=\"http:\/\/www.w3.org\/2000\/svg\" class=\"list-377408\" width=\"20px\" height=\"20px\" viewBox=\"0 0 24 24\" fill=\"none\"><path d=\"M6 6H4v2h2V6zm14 0H8v2h12V6zM4 11h2v2H4v-2zm16 0H8v2h12v-2zM4 16h2v2H4v-2zm16 0H8v2h12v-2z\" fill=\"currentColor\"><\/path><\/svg><svg style=\"fill: #ffffff;color:#ffffff\" class=\"arrow-unsorted-368013\" xmlns=\"http:\/\/www.w3.org\/2000\/svg\" width=\"10px\" height=\"10px\" viewBox=\"0 0 24 24\" version=\"1.2\" baseProfile=\"tiny\"><path d=\"M18.2 9.3l-6.2-6.3-6.2 6.3c-.2.2-.3.4-.3.7s.1.5.3.7c.2.2.4.3.7.3h11c.3 0 .5-.1.7-.3.2-.2.3-.5.3-.7s-.1-.5-.3-.7zM5.8 14.7l6.2 6.3 6.2-6.3c.2-.2.3-.5.3-.7s-.1-.5-.3-.7c-.2-.2-.4-.3-.7-.3h-11c-.3 0-.5.1-.7.3-.2.2-.3.5-.3.7s.1.5.3.7z\"\/><\/svg><\/span><\/span><\/span><\/a><\/span><\/div>\n<nav><ul class='ez-toc-list ez-toc-list-level-1 eztoc-toggle-hide-by-default' ><li class='ez-toc-page-1 ez-toc-heading-level-2'><a class=\"ez-toc-link ez-toc-heading-1\" href=\"https:\/\/www.turna.com\/blog\/kuzey-avrupanin-huzur-veren-ulkeleri\/#kuzey_avrupanin_huzur_veren_5_ulkesi\" >Kuzey Avrupa&#8217;n\u0131n Huzur Veren 5 \u00dclkesi<\/a><ul class='ez-toc-list-level-3' ><li class='ez-toc-heading-level-3'><a class=\"ez-toc-link ez-toc-heading-2\" href=\"https:\/\/www.turna.com\/blog\/kuzey-avrupanin-huzur-veren-ulkeleri\/#1_danimarka\" >1. Danimarka<\/a><\/li><li class='ez-toc-page-1 ez-toc-heading-level-3'><a class=\"ez-toc-link ez-toc-heading-3\" href=\"https:\/\/www.turna.com\/blog\/kuzey-avrupanin-huzur-veren-ulkeleri\/#2_finlandiya\" >2. Finlandiya<\/a><\/li><li class='ez-toc-page-1 ez-toc-heading-level-3'><a class=\"ez-toc-link ez-toc-heading-4\" href=\"https:\/\/www.turna.com\/blog\/kuzey-avrupanin-huzur-veren-ulkeleri\/#3_norvec\" >3. Norve\u00e7<\/a><\/li><li class='ez-toc-page-1 ez-toc-heading-level-3'><a class=\"ez-toc-link ez-toc-heading-5\" href=\"https:\/\/www.turna.com\/blog\/kuzey-avrupanin-huzur-veren-ulkeleri\/#4_izlanda\" >4. \u0130zlanda<\/a><\/li><li class='ez-toc-page-1 ez-toc-heading-level-3'><a class=\"ez-toc-link ez-toc-heading-6\" href=\"https:\/\/www.turna.com\/blog\/kuzey-avrupanin-huzur-veren-ulkeleri\/#5_isvec\" >5. \u0130sve\u00e7<\/a><\/li><\/ul><\/li><\/ul><\/nav><\/div>\n\n<p>So\u011fuk havadan ho\u015flanmayanlar\u0131n k\u0131\u015f aylar\u0131nda uzak durulmas\u0131 gereken bir rota olan&nbsp;Kuzey <a href=\"https:\/\/www.turna.com\/blog\/ulkeler\/avrupa\" target=\"_blank\" rel=\"noopener\"><strong>Avrupa<\/strong><\/a> \u00dclkeleri, sert iklim ko\u015fullar\u0131yla ya\u015famak i\u00e7in zor bir b\u00f6lge olarak an\u0131lsa da y\u00fcksek ya\u015fam seviyesi, d\u00fc\u015f\u00fck su\u00e7 oran\u0131 ve kaliteli e\u011fitim sistemleriyle \u00fcnl\u00fc \u00fclkeleriyle, bu alg\u0131y\u0131 tam tersine \u00e7evirmeyi ba\u015far\u0131yor. E\u011fer siz de dertten tasadan uzakla\u015f\u0131p, ruhunuzu dinlendirecek yeni yerler ar\u0131yorsan\u0131z, huzur veren atmosferiyle sizi bekleyen bu <strong>Kuzey Avrupa \u00fclkelerini<\/strong> ziyaret edebilirsiniz. E\u011fer seyahatinizi k\u0131\u015f aylar\u0131nda yapmay\u0131 d\u00fc\u015f\u00fcn\u00fcyorsan\u0131z, valizinize kal\u0131n ve so\u011fuktan koruyan par\u00e7alar koymay\u0131 da ihmal etmeyin.<\/p>\n\n\n\n<p>Kuzey Avrupa \u00fclkeleri d\u00fcnyadaki refah seviyesi en y\u00fcksek \u00fclkeler aras\u0131nda yer al\u0131yor. Bu \u00fclkelere T\u00fcrkiye&#8217;den ula\u015f\u0131m i\u00e7in Schengen vizesi \u015fart. Ye\u015fil pasaportunuz varsa b\u00f6yle bir derdiniz yok, u\u00e7ak biletini al\u0131n ve kendinizi bu \u00fclkelerde bulun. Bu \u00fclkelerden benim favorim <strong><a href=\"https:\/\/goo.gl\/maps\/7gRkz1ai24Kb3E5p6\" target=\"_blank\" rel=\"noreferrer noopener\">\u0130zlanda<\/a> ve <a href=\"https:\/\/goo.gl\/maps\/ycaPmHYxBxvWYiFK7\" target=\"_blank\" rel=\"noreferrer noopener\">Norve\u00e7<\/a><\/strong>. \u00d6zellikle bu \u00fclkelerde birbirinden g\u00fczel \u015felaleler ve fiyortlar bulunuyor. \u0130lk etapta bu 2 \u00fclkeyi gezmenizi tavsiye ederim.<\/p>\n\n\n\n<h2 class=\"wp-block-heading has-text-align-center has-neeon-button-dark-gray-color has-text-color has-link-color wp-elements-38aa1261a59c0fc3c297064a86a3ff5b\"><span class=\"ez-toc-section\" id=\"kuzey_avrupanin_huzur_veren_5_ulkesi\"><\/span><strong><strong><strong><strong><strong><strong>Kuzey Avrupa&#8217;n\u0131n Huzur Veren 5 \u00dclkesi<\/strong><\/strong><\/strong><\/strong><\/strong><\/strong><span class=\"ez-toc-section-end\"><\/span><\/h2>\n\n\n\n<h3 class=\"wp-block-heading has-text-align-center has-neeon-button-dark-gray-color has-text-color has-link-color wp-elements-16a1443331ea72a8e3e6367ba469529b\"><span class=\"ez-toc-section\" id=\"1_danimarka\"><\/span><strong><strong><strong><strong>1. Danimarka<\/strong><\/strong><\/strong><\/strong><span class=\"ez-toc-section-end\"><\/span><\/h3>\n\n\n<div class=\"wp-block-image\">\n<figure class=\"aligncenter\"><img width=\"800\" height=\"500\" data-public-id=\"Danimarka_tshxh7\/Danimarka_tshxh7.jpg\" fetchpriority=\"high\" decoding=\"async\" src=\"https:\/\/res.cloudinary.com\/turna\/images\/w_800,h_500,c_scale\/f_auto,q_auto\/f_auto,q_auto:low\/v1528729761\/Danimarka_tshxh7\/Danimarka_tshxh7.jpg?_i=AA\" alt=\"Kuzey Avrupa \u00dclkeleri\" class=\"wp-post-13213 wp-image-13405\" data-format=\"jpg\" data-transformations=\"f_auto,q_auto\/f_auto,q_auto:low\" data-version=\"1528729761\" data-seo=\"1\" srcset=\"https:\/\/res.cloudinary.com\/turna\/images\/f_auto,q_auto\/f_auto,q_auto\/f_auto,q_auto:low\/v1528729761\/Danimarka_tshxh7\/Danimarka_tshxh7.jpg?_i=AA 800w, https:\/\/res.cloudinary.com\/turna\/images\/w_300,h_188,c_scale\/f_auto,q_auto\/f_auto,q_auto\/f_auto,q_auto:low\/v1528729761\/Danimarka_tshxh7\/Danimarka_tshxh7.jpg?_i=AA 300w, https:\/\/res.cloudinary.com\/turna\/images\/w_672,h_420,c_scale\/f_auto,q_auto\/f_auto,q_auto\/f_auto,q_auto:low\/v1528729761\/Danimarka_tshxh7\/Danimarka_tshxh7.jpg?_i=AA 672w, https:\/\/res.cloudinary.com\/turna\/images\/w_640,h_400,c_scale\/f_auto,q_auto\/f_auto,q_auto\/f_auto,q_auto:low\/v1528729761\/Danimarka_tshxh7\/Danimarka_tshxh7.jpg?_i=AA 640w, https:\/\/res.cloudinary.com\/turna\/images\/w_681,h_426,c_scale\/f_auto,q_auto\/f_auto,q_auto\/f_auto,q_auto:low\/v1528729761\/Danimarka_tshxh7\/Danimarka_tshxh7.jpg?_i=AA 681w\" sizes=\"(max-width: 800px) 100vw, 800px\" \/><\/figure>\n<\/div>\n\n\n<p>Y\u0131llarca, d\u00fcnyan\u0131n en mutlu \u00fclkesi anketlerinde liste ba\u015f\u0131 olarak se\u00e7ilen <a href=\"https:\/\/www.turna.com\/blog\/ulkeler\/avrupa\/danimarka\" target=\"_blank\" rel=\"noopener\"><strong>Danimarka<\/strong><\/a>, Kuzey Avrupa&#8217;da ya\u015famak i\u00e7in gidebilecek en do\u011fru yerlerden biri. Y\u00fcksek gelir seviyesi, sakin insanlar\u0131, d\u00fczenli \u015fehir ya\u015fam\u0131 ve modern yap\u0131s\u0131yla da bilinen bu \u00fclkede, kafan\u0131z\u0131 kurcalayan t\u00fcm olumsuzluklardan kurtulabilirsiniz.<\/p>\n\n\n\n<h3 class=\"wp-block-heading has-text-align-center has-neeon-button-dark-gray-color has-text-color has-link-color wp-elements-25a35035145769b00fa74a40d3335531\"><span class=\"ez-toc-section\" id=\"2_finlandiya\"><\/span><strong><strong><strong><strong>2. Finlandiya<\/strong><\/strong><\/strong><\/strong><span class=\"ez-toc-section-end\"><\/span><\/h3>\n\n\n<div class=\"wp-block-image\">\n<figure class=\"aligncenter\"><img width=\"800\" height=\"500\" data-public-id=\"Finland_jhmnwg\/Finland_jhmnwg.jpg\" decoding=\"async\" src=\"https:\/\/res.cloudinary.com\/turna\/images\/w_800,h_500,c_scale\/f_auto,q_auto:low\/v1528729745\/Finland_jhmnwg\/Finland_jhmnwg.jpg?_i=AA\" alt=\"Kuzey Avrupa \u00dclkeleri\" class=\"wp-post-13213 wp-image-13404\" data-format=\"jpg\" data-transformations=\"f_auto,q_auto:low\" data-version=\"1528729745\" data-seo=\"1\" srcset=\"https:\/\/res.cloudinary.com\/turna\/images\/f_auto,q_auto:low\/v1528729745\/Finland_jhmnwg\/Finland_jhmnwg.jpg?_i=AA 800w, https:\/\/res.cloudinary.com\/turna\/images\/w_300,h_188,c_scale\/f_auto,q_auto:low\/v1528729745\/Finland_jhmnwg\/Finland_jhmnwg.jpg?_i=AA 300w, https:\/\/res.cloudinary.com\/turna\/images\/w_672,h_420,c_scale\/f_auto,q_auto:low\/v1528729745\/Finland_jhmnwg\/Finland_jhmnwg.jpg?_i=AA 672w, https:\/\/res.cloudinary.com\/turna\/images\/w_640,h_400,c_scale\/f_auto,q_auto:low\/v1528729745\/Finland_jhmnwg\/Finland_jhmnwg.jpg?_i=AA 640w, https:\/\/res.cloudinary.com\/turna\/images\/w_681,h_426,c_scale\/f_auto,q_auto:low\/v1528729745\/Finland_jhmnwg\/Finland_jhmnwg.jpg?_i=AA 681w\" sizes=\"(max-width: 800px) 100vw, 800px\" \/><\/figure>\n<\/div>\n\n\n<p>\u0130skandinav \u00fclkeleri aras\u0131nda \u015fahane do\u011fa alanlar\u0131 ve say\u0131s\u0131 180 bine yakla\u015fan g\u00f6lleriyle olduk\u00e7a pop\u00fcler olan <a href=\"https:\/\/www.turna.com\/blog\/ulkeler\/avrupa\/finlandiya\" target=\"_blank\" rel=\"noopener\"><strong>Finlandiya<\/strong><\/a>, do\u011fas\u0131 ve k\u00fclt\u00fcrel dokusunun yan\u0131 s\u0131ra ba\u015far\u0131s\u0131yla d\u00fcnyan\u0131n d\u00f6rt bir yan\u0131nda ismini duyuran&nbsp;heavy-metal gruplar\u0131yla da \u00fcnl\u00fc. E\u011fer siz de heavy-metal dinlemekten ho\u015flan\u0131yorsan\u0131z, Finlandiya sizin i\u00e7in k\u00fc\u00e7\u00fck bir cennet olabilir.<\/p>\n\n\n\n<h3 class=\"wp-block-heading has-text-align-center has-neeon-button-dark-gray-color has-text-color has-link-color wp-elements-60ea77ec40e7064ec4a3b5015f5454de\"><span class=\"ez-toc-section\" id=\"3_norvec\"><\/span><strong><strong><strong><strong>3. Norve\u00e7<\/strong><\/strong><\/strong><\/strong><span class=\"ez-toc-section-end\"><\/span><\/h3>\n\n\n<div class=\"wp-block-image\">\n<figure class=\"aligncenter\"><img width=\"800\" height=\"500\" data-public-id=\"Norvec_k9skik\/Norvec_k9skik.jpg\" decoding=\"async\" src=\"https:\/\/res.cloudinary.com\/turna\/images\/w_800,h_500,c_scale\/f_auto,q_auto\/f_auto,q_auto:low\/v1528729722\/Norvec_k9skik\/Norvec_k9skik.jpg?_i=AA\" alt=\"Kuzey Avrupa \u00dclkeleri\" class=\"wp-post-13213 wp-image-13403\" data-format=\"jpg\" data-transformations=\"f_auto,q_auto\/f_auto,q_auto:low\" data-version=\"1528729722\" data-seo=\"1\" srcset=\"https:\/\/res.cloudinary.com\/turna\/images\/f_auto,q_auto\/f_auto,q_auto\/f_auto,q_auto:low\/v1528729722\/Norvec_k9skik\/Norvec_k9skik.jpg?_i=AA 800w, https:\/\/res.cloudinary.com\/turna\/images\/w_300,h_188,c_scale\/f_auto,q_auto\/f_auto,q_auto\/f_auto,q_auto:low\/v1528729722\/Norvec_k9skik\/Norvec_k9skik.jpg?_i=AA 300w, https:\/\/res.cloudinary.com\/turna\/images\/w_672,h_420,c_scale\/f_auto,q_auto\/f_auto,q_auto\/f_auto,q_auto:low\/v1528729722\/Norvec_k9skik\/Norvec_k9skik.jpg?_i=AA 672w, https:\/\/res.cloudinary.com\/turna\/images\/w_640,h_400,c_scale\/f_auto,q_auto\/f_auto,q_auto\/f_auto,q_auto:low\/v1528729722\/Norvec_k9skik\/Norvec_k9skik.jpg?_i=AA 640w, https:\/\/res.cloudinary.com\/turna\/images\/w_681,h_426,c_scale\/f_auto,q_auto\/f_auto,q_auto\/f_auto,q_auto:low\/v1528729722\/Norvec_k9skik\/Norvec_k9skik.jpg?_i=AA 681w\" sizes=\"(max-width: 800px) 100vw, 800px\" \/><\/figure>\n<\/div>\n\n\n<p>G\u00f6rkemli manzaralar\u0131yla b\u00fcy\u00fcleyici bir atmosfer olu\u015fturan d\u00fcnyaca \u00fcnl\u00fc fiyortlara ev sahipli\u011fi yapan <a href=\"https:\/\/www.turna.com\/blog\/ulkeler\/avrupa\/norvec\" target=\"_blank\" rel=\"noopener\"><strong>Norve\u00e7<\/strong><\/a>, g\u00f6z kama\u015ft\u0131ran g\u00f6r\u00fcnt\u00fcleriyle ne zaman ve nerede ortaya \u00e7\u0131kaca\u011f\u0131 kestirilemeyen Kuzey I\u015f\u0131klar\u0131yla da \u00fcnl\u00fc. Her y\u0131l milyonlarca turist a\u011f\u0131rlayan bu \u00fclke, kaliteli bir ya\u015fam s\u00fcrmek isteyen g\u00f6\u00e7menler aras\u0131nda da olduk\u00e7a reva\u00e7ta.<\/p>\n\n\n\n<h3 class=\"wp-block-heading has-text-align-center has-neeon-button-dark-gray-color has-text-color has-link-color wp-elements-05a0c30d67ef7cbdb1f145a50e021ec7\"><span class=\"ez-toc-section\" id=\"4_izlanda\"><\/span><strong><strong><strong><strong>4. \u0130zlanda<\/strong><\/strong><\/strong><\/strong><span class=\"ez-toc-section-end\"><\/span><\/h3>\n\n\n\n<p class=\"has-text-align-center\"><img width=\"2048\" height=\"1365\" loading=\"lazy\" decoding=\"async\" class=\"alignnone wp-post-13213 wp-image-13402\" src=\"data:image\/svg+xml;base64,PHN2ZyB4bWxucz0iaHR0cDovL3d3dy53My5vcmcvMjAwMC9zdmciIHdpZHRoPSIyMDQ4IiBoZWlnaHQ9IjEzNjUiPjxyZWN0IHdpZHRoPSIxMDAlIiBoZWlnaHQ9IjEwMCUiPjxhbmltYXRlIGF0dHJpYnV0ZU5hbWU9ImZpbGwiIHZhbHVlcz0icmdiYSgxNTMsMTUzLDE1MywwLjUpO3JnYmEoMTUzLDE1MywxNTMsMC4xKTtyZ2JhKDE1MywxNTMsMTUzLDAuNSkiIGR1cj0iMnMiIHJlcGVhdENvdW50PSJpbmRlZmluaXRlIiAvPjwvcmVjdD48L3N2Zz4=\" data-public-id=\"Iceland_nnnygg\/Iceland_nnnygg.jpg\" data-format=\"jpg\" data-transformations=\"f_auto,q_auto:low\" data-version=\"1528729707\" data-seo=\"1\" data-size=\"2048 1365\" data-srcset=\"https:\/\/res.cloudinary.com\/turna\/images\/f_auto,q_auto:low\/v1528729707\/Iceland_nnnygg\/Iceland_nnnygg.jpg?_i=AA 2048w, https:\/\/res.cloudinary.com\/turna\/images\/w_800,h_533,c_scale\/f_auto,q_auto:low\/v1528729707\/Iceland_nnnygg\/Iceland_nnnygg.jpg?_i=AA 800w, https:\/\/res.cloudinary.com\/turna\/images\/w_1024,h_683,c_scale\/f_auto,q_auto:low\/v1528729707\/Iceland_nnnygg\/Iceland_nnnygg.jpg?_i=AA 1024w, https:\/\/res.cloudinary.com\/turna\/images\/w_300,h_200,c_scale\/f_auto,q_auto:low\/v1528729707\/Iceland_nnnygg\/Iceland_nnnygg.jpg?_i=AA 300w, https:\/\/res.cloudinary.com\/turna\/images\/w_1536,h_1024,c_scale\/f_auto,q_auto:low\/v1528729707\/Iceland_nnnygg\/Iceland_nnnygg.jpg?_i=AA 1536w, https:\/\/res.cloudinary.com\/turna\/images\/w_630,h_420,c_scale\/f_auto,q_auto:low\/v1528729707\/Iceland_nnnygg\/Iceland_nnnygg.jpg?_i=AA 630w, https:\/\/res.cloudinary.com\/turna\/images\/w_640,h_427,c_scale\/f_auto,q_auto:low\/v1528729707\/Iceland_nnnygg\/Iceland_nnnygg.jpg?_i=AA 640w, https:\/\/res.cloudinary.com\/turna\/images\/w_681,h_454,c_scale\/f_auto,q_auto:low\/v1528729707\/Iceland_nnnygg\/Iceland_nnnygg.jpg?_i=AA 681w\" data-sizes=\"(max-width: 2048px) 100vw, 2048px\" data-delivery=\"upload\" onload=\";window.CLDBind?CLDBind(this):null;\" data-cloudinary=\"lazy\" \/><\/p>\n\n\n\n<p class=\"has-text-align-left\">Atlas Okyanusu&#8217;nun kuzeyinde yer alan <a href=\"https:\/\/www.turna.com\/blog\/ulkeler\/avrupa\/izlanda\" target=\"_blank\" rel=\"noopener\"><strong>\u0130zlanda<\/strong><\/a>, yakla\u015f\u0131k 30 aktif volkan\u0131 ve \u015fahane manzaralara sahip buzullar\u0131yla, &#8216;volkanlar ve buzullar \u00fclkesi&#8217; olarak an\u0131l\u0131yor. B\u00fcy\u00fck b\u00f6l\u00fcm\u00fc gen\u00e7lerden olu\u015fan yakla\u015f\u0131k 335 bin ki\u015finin ya\u015fad\u0131\u011f\u0131 bu ada \u00fclkesini ziyaret etmek isteyenlerin, yaz aylar\u0131nda bile 17 dereceyi ge\u00e7meyen serin havaya kar\u015f\u0131 haz\u0131rl\u0131kl\u0131 olmas\u0131nda yarar var.<\/p>\n\n\n\n<h3 class=\"wp-block-heading has-text-align-center has-neeon-button-dark-gray-color has-text-color has-link-color wp-elements-971dcf4d40b66d698ba7861ca0af09fd\"><span class=\"ez-toc-section\" id=\"5_isvec\"><\/span><strong><strong><strong><strong>5. \u0130sve\u00e7<\/strong><\/strong><\/strong><\/strong><span class=\"ez-toc-section-end\"><\/span><\/h3>\n\n\n<div class=\"wp-block-image\">\n<figure class=\"aligncenter\"><img width=\"800\" height=\"500\" loading=\"lazy\" decoding=\"async\" src=\"data:image\/svg+xml;base64,PHN2ZyB4bWxucz0iaHR0cDovL3d3dy53My5vcmcvMjAwMC9zdmciIHdpZHRoPSI4MDAiIGhlaWdodD0iNTAwIj48cmVjdCB3aWR0aD0iMTAwJSIgaGVpZ2h0PSIxMDAlIj48YW5pbWF0ZSBhdHRyaWJ1dGVOYW1lPSJmaWxsIiB2YWx1ZXM9InJnYmEoMTUzLDE1MywxNTMsMC41KTtyZ2JhKDE1MywxNTMsMTUzLDAuMSk7cmdiYSgxNTMsMTUzLDE1MywwLjUpIiBkdXI9IjJzIiByZXBlYXRDb3VudD0iaW5kZWZpbml0ZSIgLz48L3JlY3Q+PC9zdmc+\" alt=\"Kuzey Avrupa \u00dclkeleri\" class=\"wp-post-13213 wp-image-13401\" data-public-id=\"Sweden_crijmo\/Sweden_crijmo.jpg\" data-format=\"jpg\" data-transformations=\"f_auto,q_auto:low\" data-version=\"1528729689\" data-seo=\"1\" data-size=\"800 500\" data-srcset=\"https:\/\/res.cloudinary.com\/turna\/images\/f_auto,q_auto:low\/v1528729689\/Sweden_crijmo\/Sweden_crijmo.jpg?_i=AA 800w, https:\/\/res.cloudinary.com\/turna\/images\/w_300,h_188,c_scale\/f_auto,q_auto:low\/v1528729689\/Sweden_crijmo\/Sweden_crijmo.jpg?_i=AA 300w, https:\/\/res.cloudinary.com\/turna\/images\/w_672,h_420,c_scale\/f_auto,q_auto:low\/v1528729689\/Sweden_crijmo\/Sweden_crijmo.jpg?_i=AA 672w, https:\/\/res.cloudinary.com\/turna\/images\/w_640,h_400,c_scale\/f_auto,q_auto:low\/v1528729689\/Sweden_crijmo\/Sweden_crijmo.jpg?_i=AA 640w, https:\/\/res.cloudinary.com\/turna\/images\/w_681,h_426,c_scale\/f_auto,q_auto:low\/v1528729689\/Sweden_crijmo\/Sweden_crijmo.jpg?_i=AA 681w\" data-sizes=\"(max-width: 800px) 100vw, 800px\" data-delivery=\"upload\" onload=\";window.CLDBind?CLDBind(this):null;\" data-cloudinary=\"lazy\" \/><\/figure>\n<\/div>\n\n\n<p>\u0130skandinavya yar\u0131madas\u0131nda bulunan&nbsp;<a href=\"https:\/\/www.turna.com\/blog\/ulkeler\/avrupa\/isvec\" target=\"_blank\" rel=\"noopener\"><strong>\u0130sve\u00e7<\/strong><\/a>, k\u0131\u015f aylar\u0131nda g\u00fcne\u015fin y\u00fcz\u00fcn\u00fc saklad\u0131\u011f\u0131 bir \u00fclke olsa da rahat giyimli ama zamanlama konusunda olduk\u00e7a titiz olan insanlar\u0131, kozmopolit \u015fehirleri,&nbsp;y\u00fcksek e\u011fitim seviyesi ve geli\u015fmi\u015f sosyal yap\u0131s\u0131yla ya\u015famak i\u00e7in olduk\u00e7a ideal bir co\u011frafya olabilir.<\/p>\n\n\n\n<p>E\u015fine az rastlanan manzaralar\u0131yla \u00fcnl\u00fc do\u011fal g\u00fczellikleri, e\u015fitlik\u00e7i ve adaletli y\u00f6netim yap\u0131lar\u0131, y\u00fcksek refah seviyeleri ve geli\u015fmi\u015f k\u00fclt\u00fcrel ve sosyal ya\u015famlar\u0131n\u0131n yan\u0131 s\u0131ra e\u011fitim ve sa\u011fl\u0131k alan\u0131ndaki imkanlar\u0131yla, bir insan\u0131n ya\u015fayabilece\u011fi en harika yerler aras\u0131nda bulunan Kuzey Avrupa \u00fclkeleri, huzurlu bir tatil ya da ya\u015fam hayal edenleri bekliyor.<\/p>\n\n    <div class=\"xs_social_share_widget xs_share_url after_content \t\tmain_content  wslu-style-1 wslu-share-box-shaped wslu-fill-colored wslu-none wslu-share-horizontal wslu-theme-font-no wslu-main_content\">\n\n\t\t\n        <ul>\n\t\t\t        <\/ul>\n    <\/div> \n","protected":false},"excerpt":{"rendered":"<p>So\u011fuk havadan ho\u015flanmayanlar\u0131n k\u0131\u015f aylar\u0131nda uzak durulmas\u0131 gereken bir rota olan&nbsp;Kuzey Avrupa \u00dclkeleri, sert iklim ko\u015fullar\u0131yla ya\u015famak i\u00e7in zor bir b\u00f6lge olarak an\u0131lsa da y\u00fcksek ya\u015fam seviyesi, d\u00fc\u015f\u00fck su\u00e7 oran\u0131 ve kaliteli e\u011fitim sistemleriyle \u00fcnl\u00fc \u00fclkeleriyle, bu alg\u0131y\u0131 tam tersine \u00e7evirmeyi ba\u015far\u0131yor. E\u011fer siz de dertten tasadan uzakla\u015f\u0131p, ruhunuzu dinlendirecek yeni yerler ar\u0131yorsan\u0131z, huzur veren [&hellip;]<\/p>\n","protected":false},"author":34,"featured_media":13405,"comment_status":"open","ping_status":"open","sticky":false,"template":"","format":"standard","meta":{"rop_custom_images_group":[],"rop_custom_messages_group":[],"rop_publish_now":"initial","rop_publish_now_accounts":[],"rop_publish_now_history":[],"rop_publish_now_status":"pending","_cloudinary_featured_overwrite":false,"footnotes":""},"categories":[398],"tags":[2484,736,1397,561,2671,1217,2497,2562,2648,751,2472],"class_list":["post-13213","post","type-post","status-publish","format-standard","has-post-thumbnail","hentry","category-avrupa","tag-aarhus","tag-danimarka","tag-finlandiya","tag-isvec","tag-ivalo","tag-izlanda","tag-kiruna","tag-kittila","tag-kuusamo","tag-norvec","tag-skelleftea"],"_links":{"self":[{"href":"https:\/\/www.turna.com\/blog\/wp-json\/wp\/v2\/posts\/13213","targetHints":{"allow":["GET"]}}],"collection":[{"href":"https:\/\/www.turna.com\/blog\/wp-json\/wp\/v2\/posts"}],"about":[{"href":"https:\/\/www.turna.com\/blog\/wp-json\/wp\/v2\/types\/post"}],"author":[{"embeddable":true,"href":"https:\/\/www.turna.com\/blog\/wp-json\/wp\/v2\/users\/34"}],"replies":[{"embeddable":true,"href":"https:\/\/www.turna.com\/blog\/wp-json\/wp\/v2\/comments?post=13213"}],"version-history":[{"count":0,"href":"https:\/\/www.turna.com\/blog\/wp-json\/wp\/v2\/posts\/13213\/revisions"}],"wp:featuredmedia":[{"embeddable":true,"href":"https:\/\/www.turna.com\/blog\/wp-json\/wp\/v2\/media\/13405"}],"wp:attachment":[{"href":"https:\/\/www.turna.com\/blog\/wp-json\/wp\/v2\/media?parent=13213"}],"wp:term":[{"taxonomy":"category","embeddable":true,"href":"https:\/\/www.turna.com\/blog\/wp-json\/wp\/v2\/categories?post=13213"},{"taxonomy":"post_tag","embeddable":true,"href":"https:\/\/www.turna.com\/blog\/wp-json\/wp\/v2\/tags?post=13213"}],"curies":[{"name":"wp","href":"https:\/\/api.w.org\/{rel}","templated":true}]}}