{"id":13211,"date":"2023-11-02T08:16:00","date_gmt":"2023-11-02T05:16:00","guid":{"rendered":"https:\/\/www.turna.com\/blog\/?p=13211"},"modified":"2025-12-08T14:40:56","modified_gmt":"2025-12-08T11:40:56","slug":"rodos-gezilecek-yerler","status":"publish","type":"post","link":"https:\/\/www.turna.com\/blog\/rodos-gezilecek-yerler","title":{"rendered":"Rodos Gezilecek Yerler"},"content":{"rendered":"\n<p>Rodos, tarih ve do\u011fan\u0131n e\u015fsiz dans\u0131n\u0131 sergileyen b\u00fcy\u00fcleyici bir ada. Antik kal\u0131nt\u0131lar\u0131, s\u0131cak plajlar\u0131 ve mistik atmosferi ile bu g\u00fczel Ege adas\u0131, seyahat severler i\u00e7in bir hazine. E\u011fer tarih ve deniz tutkunuysan\u0131z veya sadece g\u00fcne\u015fin alt\u0131nda keyifli bir tatil ar\u0131yorsan\u0131z, Rodos&#8217;un sizi b\u00fcy\u00fcleyecek bir\u00e7ok yerine g\u00f6z atmaya haz\u0131r olun. O zaman, Rodos gezilecek yerler listemize birlikte g\u00f6z atal\u0131m!<\/p>\n\n\n\n<h2 class=\"wp-block-heading has-text-align-center has-neeon-button-dark-gray-color has-text-color has-link-color wp-elements-970d056b9aefa8692c506db142401817\"><span class=\"ez-toc-section\" id=\"rodosta_gezilecek_yerler\"><\/span><strong>Rodos&#8217;ta Gezilecek Yerler<\/strong><span class=\"ez-toc-section-end\"><\/span><\/h2><div id=\"ez-toc-container\" class=\"ez-toc-v2_0_82_2 counter-hierarchy ez-toc-counter ez-toc-black ez-toc-container-direction\">\n<div class=\"ez-toc-title-container\">\n<p class=\"ez-toc-title\" style=\"cursor:inherit\">\u0130\u00e7indekiler<\/p>\n<span class=\"ez-toc-title-toggle\"><a href=\"#\" class=\"ez-toc-pull-right ez-toc-btn ez-toc-btn-xs ez-toc-btn-default ez-toc-toggle\" aria-label=\"\u0130\u00e7indekiler Tablosunu A\u00e7\/Kapat\"><span class=\"ez-toc-js-icon-con\"><span class=\"\"><span class=\"eztoc-hide\" style=\"display:none;\">Toggle<\/span><span class=\"ez-toc-icon-toggle-span\"><svg style=\"fill: #ffffff;color:#ffffff\" xmlns=\"http:\/\/www.w3.org\/2000\/svg\" class=\"list-377408\" width=\"20px\" height=\"20px\" viewBox=\"0 0 24 24\" fill=\"none\"><path d=\"M6 6H4v2h2V6zm14 0H8v2h12V6zM4 11h2v2H4v-2zm16 0H8v2h12v-2zM4 16h2v2H4v-2zm16 0H8v2h12v-2z\" fill=\"currentColor\"><\/path><\/svg><svg style=\"fill: #ffffff;color:#ffffff\" class=\"arrow-unsorted-368013\" xmlns=\"http:\/\/www.w3.org\/2000\/svg\" width=\"10px\" height=\"10px\" viewBox=\"0 0 24 24\" version=\"1.2\" baseProfile=\"tiny\"><path d=\"M18.2 9.3l-6.2-6.3-6.2 6.3c-.2.2-.3.4-.3.7s.1.5.3.7c.2.2.4.3.7.3h11c.3 0 .5-.1.7-.3.2-.2.3-.5.3-.7s-.1-.5-.3-.7zM5.8 14.7l6.2 6.3 6.2-6.3c.2-.2.3-.5.3-.7s-.1-.5-.3-.7c-.2-.2-.4-.3-.7-.3h-11c-.3 0-.5.1-.7.3-.2.2-.3.5-.3.7s.1.5.3.7z\"\/><\/svg><\/span><\/span><\/span><\/a><\/span><\/div>\n<nav><ul class='ez-toc-list ez-toc-list-level-1 eztoc-toggle-hide-by-default' ><li class='ez-toc-page-1 ez-toc-heading-level-2'><a class=\"ez-toc-link ez-toc-heading-1\" href=\"https:\/\/www.turna.com\/blog\/rodos-gezilecek-yerler\/#rodosta_gezilecek_yerler\" >Rodos&#8217;ta Gezilecek Yerler<\/a><ul class='ez-toc-list-level-3' ><li class='ez-toc-heading-level-3'><a class=\"ez-toc-link ez-toc-heading-2\" href=\"https:\/\/www.turna.com\/blog\/rodos-gezilecek-yerler\/#1_eski_sehir\" >1. Eski \u015eehir<\/a><\/li><li class='ez-toc-page-1 ez-toc-heading-level-3'><a class=\"ez-toc-link ez-toc-heading-3\" href=\"https:\/\/www.turna.com\/blog\/rodos-gezilecek-yerler\/#2_lindos_akropolisi\" >2. Lindos Akropolisi<\/a><\/li><li class='ez-toc-page-1 ez-toc-heading-level-3'><a class=\"ez-toc-link ez-toc-heading-4\" href=\"https:\/\/www.turna.com\/blog\/rodos-gezilecek-yerler\/#3_tsambika_plaji\" >3. Tsambika Plaj\u0131<\/a><\/li><li class='ez-toc-page-1 ez-toc-heading-level-3'><a class=\"ez-toc-link ez-toc-heading-5\" href=\"https:\/\/www.turna.com\/blog\/rodos-gezilecek-yerler\/#4_monolithos_kalesi\" >4. Monolithos Kalesi<\/a><\/li><li class='ez-toc-page-1 ez-toc-heading-level-3'><a class=\"ez-toc-link ez-toc-heading-6\" href=\"https:\/\/www.turna.com\/blog\/rodos-gezilecek-yerler\/#5_lindos_plaji\" >5. Lindos Plaj\u0131<\/a><\/li><li class='ez-toc-page-1 ez-toc-heading-level-3'><a class=\"ez-toc-link ez-toc-heading-7\" href=\"https:\/\/www.turna.com\/blog\/rodos-gezilecek-yerler\/#6_faliraki_plaji\" >6. Faliraki Plaj\u0131<\/a><\/li><li class='ez-toc-page-1 ez-toc-heading-level-3'><a class=\"ez-toc-link ez-toc-heading-8\" href=\"https:\/\/www.turna.com\/blog\/rodos-gezilecek-yerler\/#7_tsambika_manastiri\" >7. Tsambika Manast\u0131r\u0131<\/a><\/li><li class='ez-toc-page-1 ez-toc-heading-level-3'><a class=\"ez-toc-link ez-toc-heading-9\" href=\"https:\/\/www.turna.com\/blog\/rodos-gezilecek-yerler\/#8_anthony_quinn_koyu\" >8. Anthony Quinn Koyu<\/a><\/li><li class='ez-toc-page-1 ez-toc-heading-level-3'><a class=\"ez-toc-link ez-toc-heading-10\" href=\"https:\/\/www.turna.com\/blog\/rodos-gezilecek-yerler\/#9_antik_kamiros\" >9. Antik Kamiros<\/a><\/li><li class='ez-toc-page-1 ez-toc-heading-level-3'><a class=\"ez-toc-link ez-toc-heading-11\" href=\"https:\/\/www.turna.com\/blog\/rodos-gezilecek-yerler\/#10_mandraki_limani\" >10. Mandraki Liman\u0131<\/a><\/li><li class='ez-toc-page-1 ez-toc-heading-level-3'><a class=\"ez-toc-link ez-toc-heading-12\" href=\"https:\/\/www.turna.com\/blog\/rodos-gezilecek-yerler\/#11_kelebekler_vadisi\" >11. Kelebekler Vadisi<\/a><\/li><\/ul><\/li><\/ul><\/nav><\/div>\n\n\n\n\n<figure class=\"wp-block-image size-full is-style-default\"><img width=\"800\" height=\"500\" data-public-id=\"rodos-adasi-gezilecek-yerler\/rodos-adasi-gezilecek-yerler.jpg\" fetchpriority=\"high\" decoding=\"async\" src=\"https:\/\/res.cloudinary.com\/turna\/images\/w_800,h_500,c_scale\/f_auto,q_auto:low\/v1628522332\/rodos-adasi-gezilecek-yerler\/rodos-adasi-gezilecek-yerler.jpg?_i=AA\" alt=\"rodos-adasi-gezilecek-yerler\" class=\"wp-post-13211 wp-image-19679\" data-format=\"jpg\" data-transformations=\"f_auto,q_auto:low\" data-version=\"1628522332\" data-seo=\"1\" srcset=\"https:\/\/res.cloudinary.com\/turna\/images\/f_auto,q_auto:low\/v1628522332\/rodos-adasi-gezilecek-yerler\/rodos-adasi-gezilecek-yerler.jpg?_i=AA 800w, https:\/\/res.cloudinary.com\/turna\/images\/w_300,h_188,c_scale\/f_auto,q_auto:low\/v1628522332\/rodos-adasi-gezilecek-yerler\/rodos-adasi-gezilecek-yerler.jpg?_i=AA 300w, https:\/\/res.cloudinary.com\/turna\/images\/w_672,h_420,c_scale\/f_auto,q_auto:low\/v1628522332\/rodos-adasi-gezilecek-yerler\/rodos-adasi-gezilecek-yerler.jpg?_i=AA 672w, https:\/\/res.cloudinary.com\/turna\/images\/w_640,h_400,c_scale\/f_auto,q_auto:low\/v1628522332\/rodos-adasi-gezilecek-yerler\/rodos-adasi-gezilecek-yerler.jpg?_i=AA 640w, https:\/\/res.cloudinary.com\/turna\/images\/w_681,h_426,c_scale\/f_auto,q_auto:low\/v1628522332\/rodos-adasi-gezilecek-yerler\/rodos-adasi-gezilecek-yerler.jpg?_i=AA 681w\" sizes=\"(max-width: 800px) 100vw, 800px\" \/><\/figure>\n\n\n\n<p>Tarihte her d\u00f6nemin en kudretli h\u00fck\u00fcmdarlar\u0131n\u0131n fethetmek istedi\u011fi Rodos, Romal\u0131lar, Saint John \u015e\u00f6valyeleri, Osmanl\u0131lar ve \u0130talyanlar\u0131n bir\u00e7ok k\u00fclt\u00fcrel ve tarihi miras\u0131n\u0131 yans\u0131t\u0131yor. Yakla\u015f\u0131k 400 y\u0131l Osmanl\u0131 hakimiyetinde kalan Rodos\u2019ta, bu d\u00f6nemden g\u00fcn\u00fcm\u00fcze dek gelen 11 camii 18 mescit, 12 \u00e7e\u015fme, 3 hamam, Sultan S\u00fcleyman \u0130mareti, Saat Kulesi, Fethi Pa\u015fa R\u00fc\u015ftiyesi, Haf\u0131z Ahmed A\u011fa K\u00fct\u00fcphanesi bulunuyor. G\u00fcn\u00fcm\u00fczde halen Kanuni Sultan S\u00fcleyman Camii ve \u0130brahim Pa\u015fa Camii ibadete a\u00e7\u0131k.<\/p>\n\n\n\n<p>D\u00fcnyan\u0131n yedi harikas\u0131ndan biri olan eski Rodos Heykeli&#8217;nin yer ald\u0131\u011f\u0131 liman, Mandraki Liman\u0131. G\u00fcn\u00fcm\u00fczde bu limanda Rodos heykelini simgeleyen &#8220;Elefos&#8221; ile &#8220;Elafina&#8221; isimlerinde iki geyik heykeli bulunuyor. Yine limanda bulunan ve deniz feneri olarak kullan\u0131lan Aziz Nicholas Kalesi ile yine limandaki Yel De\u011firmenleri de g\u00f6r\u00fclmesi gereken yerlerden. Rodos gezilecek yerler listemiz dolu dolu, hadi ba\u015flayal\u0131m.<\/p>\n\n\n\n<h3 class=\"wp-block-heading has-text-align-center has-neeon-button-dark-gray-color has-text-color has-link-color wp-elements-8cd31df40480cd892b04c7c29b880881\"><span class=\"ez-toc-section\" id=\"1_eski_sehir\"><\/span><strong>1. Eski \u015eehir<\/strong><span class=\"ez-toc-section-end\"><\/span><\/h3>\n\n\n\n<figure class=\"wp-block-image size-full is-style-default\"><img width=\"800\" height=\"500\" data-public-id=\"rodos-gezilecek-yerler\/rodos-gezilecek-yerler.jpg\" decoding=\"async\" src=\"https:\/\/res.cloudinary.com\/turna\/images\/w_800,h_500,c_scale\/f_auto,q_auto:low\/v1628520952\/rodos-gezilecek-yerler\/rodos-gezilecek-yerler.jpg?_i=AA\" alt=\"rodos gezilecek yerler\" class=\"wp-post-13211 wp-image-19665\" data-format=\"jpg\" data-transformations=\"f_auto,q_auto:low\" data-version=\"1628520952\" data-seo=\"1\" srcset=\"https:\/\/res.cloudinary.com\/turna\/images\/f_auto,q_auto:low\/v1628520952\/rodos-gezilecek-yerler\/rodos-gezilecek-yerler.jpg?_i=AA 800w, https:\/\/res.cloudinary.com\/turna\/images\/w_300,h_188,c_scale\/f_auto,q_auto:low\/v1628520952\/rodos-gezilecek-yerler\/rodos-gezilecek-yerler.jpg?_i=AA 300w, https:\/\/res.cloudinary.com\/turna\/images\/w_672,h_420,c_scale\/f_auto,q_auto:low\/v1628520952\/rodos-gezilecek-yerler\/rodos-gezilecek-yerler.jpg?_i=AA 672w, https:\/\/res.cloudinary.com\/turna\/images\/w_640,h_400,c_scale\/f_auto,q_auto:low\/v1628520952\/rodos-gezilecek-yerler\/rodos-gezilecek-yerler.jpg?_i=AA 640w, https:\/\/res.cloudinary.com\/turna\/images\/w_681,h_426,c_scale\/f_auto,q_auto:low\/v1628520952\/rodos-gezilecek-yerler\/rodos-gezilecek-yerler.jpg?_i=AA 681w\" sizes=\"(max-width: 800px) 100vw, 800px\" \/><\/figure>\n\n\n\n<p>Eski \u015eehir ve Yeni \u015eehir olmak \u00fczere ikiye ayr\u0131lan <strong>Yunan Adalar\u0131ndan<\/strong> Rodos \u015fehir merkezi, Orta \u00c7a\u011f\u2019a ait 6 kap\u0131dan olu\u015fan bir kalenin i\u00e7ine kurulu olan Eski \u015eehir, UNESCO\u2019nun D\u00fcnya K\u00fclt\u00fcr Miras\u0131 An\u0131tlar\u0131 listesinde yer al\u0131yor. \u0130sa&#8217;n\u0131n do\u011fumundan y\u00fczlerce y\u0131l \u00f6ncesine dayanan Rodos Eski \u015eehir\u2019e y\u00fczy\u0131llar boyunca i\u015fgalciler damgas\u0131n\u0131 vurdu.<\/p>\n\n\n\n<p>Bu antik kenti en \u00e7ok etkileyen fatihler, 1308&#8217;den 1523&#8217;e dek Rodos&#8217;u i\u015fgal eden Saint Jon \u015e\u00f6valyeleriydi. Onlar\u0131n merkezi olarak g\u00f6rev yapan B\u00fcy\u00fck Ustalar Saray\u0131, \u0130skenderiye&#8217;de kurulan en b\u00fcy\u00fck an\u0131tlardan biri. \u015e\u00f6valyeler Soka\u011f\u0131 ve 4 km uzunlu\u011funda duvara sahip olan Yukar\u0131 \u015eehir, Gotik mimarinin g\u00fczel bir \u00f6rne\u011fini olu\u015fturuyor. A\u015fa\u011f\u0131 \u015fehir, Osmanl\u0131lar taraf\u0131ndan eklenen camiler ve hamamlar gibi bezemelere sahip. Y\u00fcr\u00fcmek ise bu b\u00f6lgeyi ke\u015ffetmek i\u00e7in en iyi yol.<\/p>\n\n\n\n<p>Konum <strong><a href=\"https:\/\/maps.app.goo.gl\/KHfeFrWH68EUTFzT6\" target=\"_blank\" rel=\"noreferrer noopener\">burada.<\/a><\/strong><\/p>\n\n\n\n<h3 class=\"wp-block-heading has-text-align-center has-neeon-button-dark-gray-color has-text-color has-link-color wp-elements-8067a6f73a5fe5bae8dbcae8533f8e8a\"><span class=\"ez-toc-section\" id=\"2_lindos_akropolisi\"><\/span><strong>2. Lindos Akropolisi<\/strong><span class=\"ez-toc-section-end\"><\/span><\/h3>\n\n\n\n<figure class=\"wp-block-image size-full is-style-default\"><img width=\"800\" height=\"500\" data-public-id=\"lindos-rodos-gezilecek-yerler\/lindos-rodos-gezilecek-yerler.jpg\" decoding=\"async\" src=\"https:\/\/res.cloudinary.com\/turna\/images\/w_800,h_500,c_scale\/f_auto,q_auto:low\/v1628521620\/lindos-rodos-gezilecek-yerler\/lindos-rodos-gezilecek-yerler.jpg?_i=AA\" alt=\"Lindos Akropolisi\" class=\"wp-post-13211 wp-image-19671\" data-format=\"jpg\" data-transformations=\"f_auto,q_auto:low\" data-version=\"1628521620\" data-seo=\"1\" srcset=\"https:\/\/res.cloudinary.com\/turna\/images\/f_auto,q_auto:low\/v1628521620\/lindos-rodos-gezilecek-yerler\/lindos-rodos-gezilecek-yerler.jpg?_i=AA 800w, https:\/\/res.cloudinary.com\/turna\/images\/w_300,h_188,c_scale\/f_auto,q_auto:low\/v1628521620\/lindos-rodos-gezilecek-yerler\/lindos-rodos-gezilecek-yerler.jpg?_i=AA 300w, https:\/\/res.cloudinary.com\/turna\/images\/w_672,h_420,c_scale\/f_auto,q_auto:low\/v1628521620\/lindos-rodos-gezilecek-yerler\/lindos-rodos-gezilecek-yerler.jpg?_i=AA 672w, https:\/\/res.cloudinary.com\/turna\/images\/w_640,h_400,c_scale\/f_auto,q_auto:low\/v1628521620\/lindos-rodos-gezilecek-yerler\/lindos-rodos-gezilecek-yerler.jpg?_i=AA 640w, https:\/\/res.cloudinary.com\/turna\/images\/w_681,h_426,c_scale\/f_auto,q_auto:low\/v1628521620\/lindos-rodos-gezilecek-yerler\/lindos-rodos-gezilecek-yerler.jpg?_i=AA 681w\" sizes=\"(max-width: 800px) 100vw, 800px\" \/><\/figure>\n\n\n\n<p><strong>Lindos Akropol\u00fc<\/strong>, Yunanlardan Osmanl\u0131&#8217;ya kadar bir\u00e7ok g\u00fc\u00e7 taraf\u0131ndan i\u015fgal edildi\u011finden arkeolojik a\u00e7\u0131dan ilgin\u00e7 bir alan. Denize bakan 115 m y\u00fcksekli\u011fe sahip bir kaya \u00fczerinde kurulu panoramik bir yer. Bir patikadan dik bir y\u00fcr\u00fcy\u00fc\u015fle ula\u015f\u0131labiliyor ama buna de\u011fer.<\/p>\n\n\n\n<p>Tepeye var\u0131nca, 20 beyaz Helenistik s\u00fctun ve Athena Lindia&#8217;ya ait tap\u0131nak kal\u0131nt\u0131lar\u0131yla \u00e7evrili iyi korunmu\u015f bir Akropolis bulabilirsiniz. \u00dcstte g\u00f6lgelik bir alan olmad\u0131\u011f\u0131ndan, yan\u0131n\u0131za \u015fapka su almay\u0131 unutmay\u0131n.<\/p>\n\n\n\n<p>Konum<a href=\"https:\/\/maps.app.goo.gl\/M9L9oRMmTR7xb5jaA\" target=\"_blank\" rel=\"noreferrer noopener\"> <strong>burada.<\/strong><\/a><\/p>\n\n\n\n<h3 class=\"wp-block-heading has-text-align-center has-neeon-button-dark-gray-color has-text-color has-link-color wp-elements-5b1fc5087b1e97540858a5038d4d700f\"><span class=\"ez-toc-section\" id=\"3_tsambika_plaji\"><\/span><strong>3. Tsambika Plaj\u0131<\/strong><span class=\"ez-toc-section-end\"><\/span><\/h3>\n\n\n\n<figure class=\"wp-block-image size-full is-style-default\"><img width=\"800\" height=\"500\" data-public-id=\"tsambika-rodos\/tsambika-rodos.jpg\" loading=\"lazy\" decoding=\"async\" src=\"https:\/\/res.cloudinary.com\/turna\/images\/w_800,h_500,c_scale\/f_auto,q_auto:low\/v1628521652\/tsambika-rodos\/tsambika-rodos.jpg?_i=AA\" alt=\"tsambika rodos gezilecek yerler\" class=\"wp-post-13211 wp-image-19672\" data-format=\"jpg\" data-transformations=\"f_auto,q_auto:low\" data-version=\"1628521652\" data-seo=\"1\" srcset=\"https:\/\/res.cloudinary.com\/turna\/images\/f_auto,q_auto:low\/v1628521652\/tsambika-rodos\/tsambika-rodos.jpg?_i=AA 800w, https:\/\/res.cloudinary.com\/turna\/images\/w_300,h_188,c_scale\/f_auto,q_auto:low\/v1628521652\/tsambika-rodos\/tsambika-rodos.jpg?_i=AA 300w, https:\/\/res.cloudinary.com\/turna\/images\/w_672,h_420,c_scale\/f_auto,q_auto:low\/v1628521652\/tsambika-rodos\/tsambika-rodos.jpg?_i=AA 672w, https:\/\/res.cloudinary.com\/turna\/images\/w_640,h_400,c_scale\/f_auto,q_auto:low\/v1628521652\/tsambika-rodos\/tsambika-rodos.jpg?_i=AA 640w, https:\/\/res.cloudinary.com\/turna\/images\/w_681,h_426,c_scale\/f_auto,q_auto:low\/v1628521652\/tsambika-rodos\/tsambika-rodos.jpg?_i=AA 681w\" sizes=\"(max-width: 800px) 100vw, 800px\" \/><\/figure>\n\n\n\n<p>Rodos&#8217;un en g\u00fczel plajlar\u0131ndan biri olarak kabul edilen Tsambika Plaj\u0131\u2019nda, turkuaz mavi sular, yar\u0131m mil uzunlu\u011fundaki saf alt\u0131n renkli kumlara vururken aksini s\u00f6ylemek g\u00fc\u00e7! Ortodoks kilisesi taraf\u0131ndan sahip olunan Tsambika Plaj\u0131, Tsambika Manast\u0131r\u0131&#8217;n\u0131n bulundu\u011fu bir zirveye bak\u0131yor.<\/p>\n\n\n\n<p>Su s\u0131\u011f ve kumlu oldu\u011fu i\u00e7in, plaj, ailelerin g\u00fcne\u015f alt\u0131nda e\u011flenip \u015femsiye alt\u0131nda yatarken ya da su sporlar\u0131na kat\u0131labilece\u011fi iyi bir yer olarak g\u00f6ze \u00e7arp\u0131yor. Sahilde bir b\u00f6l\u00fcm ise \u00e7\u0131plaklar i\u00e7in ayr\u0131lm\u0131\u015f durumda.<\/p>\n\n\n\n<p>Konum <strong><a href=\"https:\/\/maps.app.goo.gl\/yhgj7M4fqwHJrv5V8\" target=\"_blank\" rel=\"noreferrer noopener\">burada.<\/a><\/strong><\/p>\n\n\n\n<h3 class=\"wp-block-heading has-text-align-center has-neeon-button-dark-gray-color has-text-color has-link-color wp-elements-69ff4dc11196c022acc13ddb30105a61\"><span class=\"ez-toc-section\" id=\"4_monolithos_kalesi\"><\/span><strong>4. Monolithos Kalesi<\/strong><span class=\"ez-toc-section-end\"><\/span><\/h3>\n\n\n\n<figure class=\"wp-block-image size-full is-style-default\"><img width=\"800\" height=\"500\" data-public-id=\"monolithos-kalesi\/monolithos-kalesi.jpg\" loading=\"lazy\" decoding=\"async\" src=\"https:\/\/res.cloudinary.com\/turna\/images\/w_800,h_500,c_scale\/f_auto,q_auto:low\/v1628521685\/monolithos-kalesi\/monolithos-kalesi.jpg?_i=AA\" alt=\"monolithos kalesi\" class=\"wp-post-13211 wp-image-19673\" data-format=\"jpg\" data-transformations=\"f_auto,q_auto:low\" data-version=\"1628521685\" data-seo=\"1\" srcset=\"https:\/\/res.cloudinary.com\/turna\/images\/f_auto,q_auto:low\/v1628521685\/monolithos-kalesi\/monolithos-kalesi.jpg?_i=AA 800w, https:\/\/res.cloudinary.com\/turna\/images\/w_300,h_188,c_scale\/f_auto,q_auto:low\/v1628521685\/monolithos-kalesi\/monolithos-kalesi.jpg?_i=AA 300w, https:\/\/res.cloudinary.com\/turna\/images\/w_672,h_420,c_scale\/f_auto,q_auto:low\/v1628521685\/monolithos-kalesi\/monolithos-kalesi.jpg?_i=AA 672w, https:\/\/res.cloudinary.com\/turna\/images\/w_640,h_400,c_scale\/f_auto,q_auto:low\/v1628521685\/monolithos-kalesi\/monolithos-kalesi.jpg?_i=AA 640w, https:\/\/res.cloudinary.com\/turna\/images\/w_681,h_426,c_scale\/f_auto,q_auto:low\/v1628521685\/monolithos-kalesi\/monolithos-kalesi.jpg?_i=AA 681w\" sizes=\"(max-width: 800px) 100vw, 800px\" \/><\/figure>\n\n\n\n<p>Bir zamanlar Rodos&#8217;un en g\u00fc\u00e7l\u00fc kalelerinden biri olarak kabul edilen <strong>Monolithos Kalesi<\/strong>\u2019nin 1470&#8217;te in\u015fa edilen \u00e7o\u011fu d\u0131\u015f duvar\u0131 zamana yenik d\u00fc\u015ft\u00fc. Buna ra\u011fmen halen denize bakan tepenin \u00fczerinden g\u00f6r\u00fcnen m\u00fcthi\u015f manzaras\u0131 hala olduk\u00e7a etkileyici.<\/p>\n\n\n\n<p>Bu manzaran\u0131n keyfini \u00e7\u0131karmak i\u00e7in, k\u00fc\u00e7\u00fck ve dik merdivenleri t\u0131rmanmak gerekiyor. T\u0131rman\u0131\u015f hayli yorucu oldu\u011fundan dinlenmek i\u00e7in s\u0131k s\u0131k mola vermeyi ihmal etmeyin. Burada ayr\u0131ca 15. y\u00fczy\u0131ldan kalma 2 \u015fapeli de g\u00f6rebilirsiniz.<\/p>\n\n\n\n<p>Konum <strong><a href=\"https:\/\/maps.app.goo.gl\/SdM33mAf7LqnDBNz5\" target=\"_blank\" rel=\"noreferrer noopener\">burada.<\/a><\/strong><\/p>\n\n\n\n<h3 class=\"wp-block-heading has-text-align-center has-neeon-button-dark-gray-color has-text-color has-link-color wp-elements-4dbdc681cea3991175883a2e46f1a9ac\"><span class=\"ez-toc-section\" id=\"5_lindos_plaji\"><\/span><strong>5. Lindos Plaj\u0131<\/strong><span class=\"ez-toc-section-end\"><\/span><\/h3>\n\n\n\n<figure class=\"wp-block-image size-full is-style-default\"><img width=\"800\" height=\"500\" data-public-id=\"lindos-plaji\/lindos-plaji.jpg\" loading=\"lazy\" decoding=\"async\" src=\"https:\/\/res.cloudinary.com\/turna\/images\/w_800,h_500,c_scale\/f_auto,q_auto:low\/v1628521728\/lindos-plaji\/lindos-plaji.jpg?_i=AA\" alt=\"Lindos Plaj\u0131\" class=\"wp-post-13211 wp-image-19674\" data-format=\"jpg\" data-transformations=\"f_auto,q_auto:low\" data-version=\"1628521728\" data-seo=\"1\" srcset=\"https:\/\/res.cloudinary.com\/turna\/images\/f_auto,q_auto:low\/v1628521728\/lindos-plaji\/lindos-plaji.jpg?_i=AA 800w, https:\/\/res.cloudinary.com\/turna\/images\/w_300,h_188,c_scale\/f_auto,q_auto:low\/v1628521728\/lindos-plaji\/lindos-plaji.jpg?_i=AA 300w, https:\/\/res.cloudinary.com\/turna\/images\/w_672,h_420,c_scale\/f_auto,q_auto:low\/v1628521728\/lindos-plaji\/lindos-plaji.jpg?_i=AA 672w, https:\/\/res.cloudinary.com\/turna\/images\/w_640,h_400,c_scale\/f_auto,q_auto:low\/v1628521728\/lindos-plaji\/lindos-plaji.jpg?_i=AA 640w, https:\/\/res.cloudinary.com\/turna\/images\/w_681,h_426,c_scale\/f_auto,q_auto:low\/v1628521728\/lindos-plaji\/lindos-plaji.jpg?_i=AA 681w\" sizes=\"(max-width: 800px) 100vw, 800px\" \/><\/figure>\n\n\n\n<p>Rodos \u015fehrinin 50 km g\u00fcneyinde bulunan<strong> Lindos<\/strong>, antik kal\u0131nt\u0131lar\u0131 ve harika plajlar\u0131yla olduk\u00e7a pop\u00fcler. M\u00d6 10. y\u00fczy\u0131la dek uzanan tarihe sahip Lindos, bir zamanlar Rumlar ve Fenikeliler i\u00e7in bir bulu\u015fma yeri olmu\u015f ve daha sonra \u00f6nemli bir ticaret merkezi haline gelmi\u015fti.<\/p>\n\n\n\n<p>Orta \u00c7a\u011f\u0131n ilk d\u00f6neminde terk edilen b\u00fcy\u00fck bir tap\u0131nak kompleksi olan b\u00f6lge, g\u00fcn\u00fcm\u00fczde \u00f6nemli bir arkeolojik alan. Her zaman kalabal\u0131k olan sahili ise, bir\u00e7ok \u0130ngiliz\u2019in b\u00fct\u00fcn yaz\u0131 ge\u00e7irdi\u011fi adres. Masmavi koy sular\u0131, Rodos&#8217;ta \u00f6zellikle Lindos Plaj\u0131&#8217;n\u0131 g\u00fczel bir turistik cazibe merkezi haline getiriyor.<\/p>\n\n\n\n<p>Konum <strong><a href=\"https:\/\/maps.app.goo.gl\/eQPuF4X7jgnutYDK9\" target=\"_blank\" rel=\"noreferrer noopener\">burada.<\/a><\/strong><\/p>\n\n\n\n<h3 class=\"wp-block-heading has-text-align-center has-neeon-button-dark-gray-color has-text-color has-link-color wp-elements-115c002c57a66279c32b4d0e7b0aa4c2\"><span class=\"ez-toc-section\" id=\"6_faliraki_plaji\"><\/span><strong>6. Faliraki Plaj\u0131<\/strong><span class=\"ez-toc-section-end\"><\/span><\/h3>\n\n\n\n<figure class=\"wp-block-image size-full is-style-default\"><img width=\"800\" height=\"500\" data-public-id=\"faliraki-plaji\/faliraki-plaji.jpg\" loading=\"lazy\" decoding=\"async\" src=\"https:\/\/res.cloudinary.com\/turna\/images\/w_800,h_500,c_scale\/f_auto,q_auto:low\/v1628521757\/faliraki-plaji\/faliraki-plaji.jpg?_i=AA\" alt=\"faliraki plaji\" class=\"wp-post-13211 wp-image-19675\" data-format=\"jpg\" data-transformations=\"f_auto,q_auto:low\" data-version=\"1628521757\" data-seo=\"1\" srcset=\"https:\/\/res.cloudinary.com\/turna\/images\/f_auto,q_auto:low\/v1628521757\/faliraki-plaji\/faliraki-plaji.jpg?_i=AA 800w, https:\/\/res.cloudinary.com\/turna\/images\/w_300,h_188,c_scale\/f_auto,q_auto:low\/v1628521757\/faliraki-plaji\/faliraki-plaji.jpg?_i=AA 300w, https:\/\/res.cloudinary.com\/turna\/images\/w_672,h_420,c_scale\/f_auto,q_auto:low\/v1628521757\/faliraki-plaji\/faliraki-plaji.jpg?_i=AA 672w, https:\/\/res.cloudinary.com\/turna\/images\/w_640,h_400,c_scale\/f_auto,q_auto:low\/v1628521757\/faliraki-plaji\/faliraki-plaji.jpg?_i=AA 640w, https:\/\/res.cloudinary.com\/turna\/images\/w_681,h_426,c_scale\/f_auto,q_auto:low\/v1628521757\/faliraki-plaji\/faliraki-plaji.jpg?_i=AA 681w\" sizes=\"(max-width: 800px) 100vw, 800px\" \/><\/figure>\n\n\n\n<p>Parti seven bir ziyaret\u00e7iyseniz Rodos&#8217;un en pop\u00fcler sahil beldesi olan <strong>Faliraki Plaj\u0131<\/strong>\u2019na gitmeyi tercih edebilirsiniz. G\u00fcnler boyunca, sahilde renkli \u015feritli \u015femsiyelerin alt\u0131nda uzan\u0131p gece parlak renkli neon \u0131\u015f\u0131klar\u0131yla e\u011flenmek i\u00e7in ideal bir adres.<\/p>\n\n\n\n<p>Al\u0131\u015fveri\u015ften bungee jumpinge kadar Faliraki Plaj\u0131\u2019nda her \u015fey var. Faliraki, ayn\u0131 zamanda Avrupa&#8217;n\u0131n en b\u00fcy\u00fck ve \u00e7ocuklar i\u00e7in \u00f6zel bir b\u00f6l\u00fcm\u00fc de bulunan su park\u0131na ev sahipli\u011fi yap\u0131yor. Faliraki Plaj\u0131\u2019nda \u00c7evre E\u011fitim Vakf\u0131&#8217;ndan 12 mavi bayrak bulunuyor.<\/p>\n\n\n\n<h3 class=\"wp-block-heading has-text-align-center has-neeon-button-dark-gray-color has-text-color has-link-color wp-elements-af5533d0450059135978994c86158a92\"><span class=\"ez-toc-section\" id=\"7_tsambika_manastiri\"><\/span><strong>7. Tsambika Manast\u0131r\u0131<\/strong><span class=\"ez-toc-section-end\"><\/span><\/h3>\n\n\n\n<figure class=\"wp-block-image size-full is-style-default\"><img width=\"800\" height=\"500\" data-public-id=\"tsambika-Manastiri-rodos\/tsambika-Manastiri-rodos.jpg\" loading=\"lazy\" decoding=\"async\" src=\"https:\/\/res.cloudinary.com\/turna\/images\/w_800,h_500,c_scale\/f_auto,q_auto:low\/v1628521792\/tsambika-Manastiri-rodos\/tsambika-Manastiri-rodos.jpg?_i=AA\" alt=\"Tsambika Manast\u0131r\u0131\" class=\"wp-post-13211 wp-image-19676\" data-format=\"jpg\" data-transformations=\"f_auto,q_auto:low\" data-version=\"1628521792\" data-seo=\"1\" srcset=\"https:\/\/res.cloudinary.com\/turna\/images\/f_auto,q_auto:low\/v1628521792\/tsambika-Manastiri-rodos\/tsambika-Manastiri-rodos.jpg?_i=AA 800w, https:\/\/res.cloudinary.com\/turna\/images\/w_300,h_188,c_scale\/f_auto,q_auto:low\/v1628521792\/tsambika-Manastiri-rodos\/tsambika-Manastiri-rodos.jpg?_i=AA 300w, https:\/\/res.cloudinary.com\/turna\/images\/w_672,h_420,c_scale\/f_auto,q_auto:low\/v1628521792\/tsambika-Manastiri-rodos\/tsambika-Manastiri-rodos.jpg?_i=AA 672w, https:\/\/res.cloudinary.com\/turna\/images\/w_640,h_400,c_scale\/f_auto,q_auto:low\/v1628521792\/tsambika-Manastiri-rodos\/tsambika-Manastiri-rodos.jpg?_i=AA 640w, https:\/\/res.cloudinary.com\/turna\/images\/w_681,h_426,c_scale\/f_auto,q_auto:low\/v1628521792\/tsambika-Manastiri-rodos\/tsambika-Manastiri-rodos.jpg?_i=AA 681w\" sizes=\"(max-width: 800px) 100vw, 800px\" \/><\/figure>\n\n\n\n<p>Rodos \u015fehrinden yakla\u015f\u0131k 25 km uzakl\u0131ktaki tepenin \u00fczerinde yer alan <strong>Tsambika Manast\u0131r\u0131<\/strong>, Meryem Ana\u2019ya ithaf edilen k\u00fc\u00e7\u00fck bir Bizans kilisesi. Yerel bir efsaneye g\u00f6re e\u011fer bir kad\u0131n tepeye \u00e7\u0131plak ayakla t\u0131rman\u0131rsa, ona bir \u00e7ocuk ba\u011f\u0131\u015flanaca\u011f\u0131n\u0131 ve manast\u0131r\u0131n ad\u0131n\u0131 \u00e7ocu\u011fa vermesi gerekti\u011fi s\u00f6yleniyor.<\/p>\n\n\n\n<p>\u0130lk manast\u0131r\u0131n ne zaman yap\u0131ld\u0131\u011f\u0131 bilinmemekle birlikte, 1770&#8217;te ayn\u0131 yere yeniden bir manast\u0131r in\u015fa edildi. 300 basamakla \u00e7\u0131k\u0131lan manast\u0131r\u0131n m\u00fcthi\u015f bir panoramik manzaras\u0131 var. Tsambika Plaj\u0131 da hem kumsal\u0131, hem kayal\u0131klar\u0131yla g\u00fczel bir mola ve denize girme imkan\u0131 sunuyor.<\/p>\n\n\n\n<p>Konum <strong><a href=\"https:\/\/maps.app.goo.gl\/7gaqwMfYqWvbfu25A\" target=\"_blank\" rel=\"noreferrer noopener\">burada.<\/a><\/strong><\/p>\n\n\n\n<h3 class=\"wp-block-heading has-text-align-center has-neeon-button-dark-gray-color has-text-color has-link-color wp-elements-04ccba4faf6acb02dce128ec0c0268b9\"><span class=\"ez-toc-section\" id=\"8_anthony_quinn_koyu\"><\/span><strong>8. Anthony Quinn Koyu<\/strong><span class=\"ez-toc-section-end\"><\/span><\/h3>\n\n\n\n<p>Yunanistan&#8217;da Zorba ve Faliraki&#8217;de Guns of the Navarone filmlerinin y\u00f6netmeni olan <strong>Anthony Quinn<\/strong>, buradayken koyu sat\u0131n ald\u0131. Bu nedenle, eski ismi Vagies Koyu olan ismi Anthony Quinn Koyu olarak kald\u0131. Bu koy, Faliraki&#8217;ye sadece bir mil uzakta yer al\u0131yor.<\/p>\n\n\n\n<p>Kayal\u0131k \u00e7evresi ve berrak z\u00fcmr\u00fct renkli sular\u0131 nedeniyle, Rodos&#8217;un en g\u00fczel kumsallar\u0131ndan biri olarak kabul ediliyor. Koy, yelkenli tekneler ve k\u00fc\u00e7\u00fck su ara\u00e7lar\u0131 i\u00e7in de pop\u00fcler bir ba\u011flanma noktas\u0131.<\/p>\n\n\n\n<p>Konum <strong><a href=\"https:\/\/maps.app.goo.gl\/S11x73y1eZXJZUMn8\" target=\"_blank\" rel=\"noreferrer noopener\">burada.<\/a><\/strong><\/p>\n\n\n\n<h3 class=\"wp-block-heading has-text-align-center has-neeon-button-dark-gray-color has-text-color has-link-color wp-elements-af0eafdb70635b9f79fe8994e230f50a\"><span class=\"ez-toc-section\" id=\"9_antik_kamiros\"><\/span><strong>9. Antik Kamiros<\/strong><span class=\"ez-toc-section-end\"><\/span><\/h3>\n\n\n\n<p>Rodos&#8217;un kuzeybat\u0131 k\u0131y\u0131s\u0131ndaki antik bir \u015fehir olan <strong>Kamiros<\/strong>, Rhodes \u015fehir devletini kurmak i\u00e7in di\u011fer iki Dor kenti ile birle\u015fmi\u015fti. Bununla birlikte, sakinleri yava\u015f yava\u015f Kamiros&#8217;tan ayr\u0131l\u0131p Rodos \u015fehrine ta\u015f\u0131nd\u0131lar. Homeros&#8217;un yaz\u0131lar\u0131nda bahsedilen ormanlar, 1929&#8217;da eski mezarlar ke\u015ffedilene ve Kamiros&#8217;tan bir kaz\u0131 yap\u0131l\u0131ncaya kadar \u015fehri kaplad\u0131.<\/p>\n\n\n\n<p>Arkeologlar, Athena Tap\u0131na\u011f\u0131\u2019n\u0131n Akropolis&#8217;in \u00fczerinde oldu\u011funu, ancak M\u00d6 226&#8217;da meydana gelen bir depremle tahrip oldu\u011funu d\u00fc\u015f\u00fcn\u00fcyorlar. Kent \u00fcstte Akropolis, ortada vatanda\u015flar ve altta su deposu olmak \u00fczere 3 seviyede in\u015fa edilmi\u015f.<\/p>\n\n\n\n<p>Konum <strong><a href=\"https:\/\/maps.app.goo.gl\/QrThmAanscBkuJui8\" target=\"_blank\" rel=\"noreferrer noopener\">burada.<\/a><\/strong><\/p>\n\n\n\n<h3 class=\"wp-block-heading has-text-align-center has-neeon-button-dark-gray-color has-text-color has-link-color wp-elements-c99844a45c4a83a92d69b52a778fddc7\"><span class=\"ez-toc-section\" id=\"10_mandraki_limani\"><\/span><strong>10. Mandraki Liman\u0131<\/strong><span class=\"ez-toc-section-end\"><\/span><\/h3>\n\n\n\n<figure class=\"wp-block-image size-full is-style-default\"><img width=\"800\" height=\"500\" data-public-id=\"mandraki-limani-rodos\/mandraki-limani-rodos.jpg\" loading=\"lazy\" decoding=\"async\" src=\"https:\/\/res.cloudinary.com\/turna\/images\/w_800,h_500,c_scale\/f_auto,q_auto:low\/v1628521832\/mandraki-limani-rodos\/mandraki-limani-rodos.jpg?_i=AA\" alt=\"mandraki liman\u0131 rodos gezilecek yerler\" class=\"wp-post-13211 wp-image-19677\" data-format=\"jpg\" data-transformations=\"f_auto,q_auto:low\" data-version=\"1628521832\" data-seo=\"1\" srcset=\"https:\/\/res.cloudinary.com\/turna\/images\/f_auto,q_auto:low\/v1628521832\/mandraki-limani-rodos\/mandraki-limani-rodos.jpg?_i=AA 800w, https:\/\/res.cloudinary.com\/turna\/images\/w_300,h_188,c_scale\/f_auto,q_auto:low\/v1628521832\/mandraki-limani-rodos\/mandraki-limani-rodos.jpg?_i=AA 300w, https:\/\/res.cloudinary.com\/turna\/images\/w_672,h_420,c_scale\/f_auto,q_auto:low\/v1628521832\/mandraki-limani-rodos\/mandraki-limani-rodos.jpg?_i=AA 672w, https:\/\/res.cloudinary.com\/turna\/images\/w_640,h_400,c_scale\/f_auto,q_auto:low\/v1628521832\/mandraki-limani-rodos\/mandraki-limani-rodos.jpg?_i=AA 640w, https:\/\/res.cloudinary.com\/turna\/images\/w_681,h_426,c_scale\/f_auto,q_auto:low\/v1628521832\/mandraki-limani-rodos\/mandraki-limani-rodos.jpg?_i=AA 681w\" sizes=\"(max-width: 800px) 100vw, 800px\" \/><\/figure>\n\n\n\n<p>Rodos&#8217;ta yaln\u0131zca yatlar i\u00e7in \u00f6zel 3 limandan biri olan <strong>Mandraki Liman\u0131<\/strong>, bir zamanlar d\u00fcnyan\u0131n 7 harikas\u0131ndan biri olarak d\u00fc\u015f\u00fcn\u00fclen Rodos Heykeli\u2019ne ev sahipli\u011fi yap\u0131yordu. G\u00fcn\u00fcm\u00fcze dek hi\u00e7bir kal\u0131nt\u0131s\u0131 kalmam\u0131\u015f olmas\u0131na ra\u011fmen bir zamanlar limandaki geyi\u011fin yerinde durdu\u011fu s\u00f6ylenen Rodos Heykeli\u2019nin ayaklar\u0131 aras\u0131ndan gemiler demir al\u0131rd\u0131.<\/p>\n\n\n\n<p>G\u00fcn\u00fcm\u00fczde ise geyik heykellerini, Orta \u00c7a\u011f yel de\u011firmenlerini ve St. Nicholas Kalesi\u2019ni g\u00f6rmek m\u00fcmk\u00fcn. Yel de\u011firmenleri ise bir zamanlar eski kargo gemileri taraf\u0131ndan limana getirilen tah\u0131llar\u0131 \u00f6\u011f\u00fctmek i\u00e7in kullan\u0131l\u0131yordu.<\/p>\n\n\n\n<p>Zamanla de\u011firmenlerin \u00e7o\u011fu harap olsa da, 3\u2019\u00fc yenilenmi\u015f durumda. Bir zamanlar Rodos&#8217;un askeri liman\u0131 olan ve zincirlerle kapat\u0131lan Mandraki Liman\u0131\u2019n\u0131 g\u00fcn\u00fcm\u00fczde yatlar, yolcu gemileri ve bal\u0131k\u00e7\u0131 tekneleri payla\u015f\u0131yor.<\/p>\n\n\n\n<p>Konum <strong><a href=\"https:\/\/maps.app.goo.gl\/tCBU2nraviSAn9gj8\" target=\"_blank\" rel=\"noreferrer noopener\">burada.<\/a><\/strong><\/p>\n\n\n\n<h3 class=\"wp-block-heading has-text-align-center has-neeon-button-dark-gray-color has-text-color has-link-color wp-elements-d4f5cc6aaa2f2dad8d35dcc898ede342\"><span class=\"ez-toc-section\" id=\"11_kelebekler_vadisi\"><\/span><strong>11. Kelebekler Vadisi<\/strong><span class=\"ez-toc-section-end\"><\/span><\/h3>\n\n\n\n<p>Rodos gezilecek yerler listesinde olan Kelebekler Vadisi ise 1 km geni\u015fli\u011finde yemye\u015fil bir kanyon. S\u0131\u011fla a\u011fa\u00e7lar\u0131yla kapl\u0131, mis gibi nektar kokusu her kanad\u0131nda kendine \u00f6zg\u00fc turuncu noktalar\u0131yla Panaxia guadripunctaria t\u00fcr\u00fc milyonlarca kelebe\u011fe ev sahipli\u011fi yap\u0131yor. Rodos\u2019tan ayr\u0131lmadan mutlaka Kelebekler Vadisi\u2019ni de g\u00f6r\u00fcn.<\/p>\n\n\n\n<p>Konum <strong><a href=\"https:\/\/maps.app.goo.gl\/AJrjuHdpLTwfcFR28\" target=\"_blank\" rel=\"noreferrer noopener\">burada.<\/a><\/strong><\/p>\n\n\n\n<p>Tarihi yap\u0131lar\u0131, birbirinden g\u00fczel kumsallar\u0131, park ve bah\u00e7eleri, gezilecek yerleri ve lezzetli yemekleriyle Rodos gezilecek yerler sizi b\u00fcy\u00fcleyecek. BU e\u015fsiz ada yak\u0131n u\u00e7u\u015f mesafesiyle de tercih edilebilecek bir tatil rotas\u0131. <a href=\"https:\/\/www.turna.com\/feribot-bileti\">Feribot<\/a> ula\u015f\u0131m\u0131 sizin i\u00e7in zorsa Atina \u00fczerinden <a href=\"https:\/\/www.turna.com\/ucak-bileti\/rodos\" target=\"_blank\" rel=\"noreferrer noopener\"><strong>Rodos u\u00e7ak bileti<\/strong><\/a> alarak Rodos seyahatinizi hayata ge\u00e7irebilirsiniz.<\/p>\n\n\n\n<p>Rodos ile ilgili di\u011fer i\u00e7eriklerimize de g\u00f6z at\u0131n.<\/p>\n\n\n\n<p><strong><a href=\"https:\/\/www.turna.com\/blog\/rodos-adasi-nasil-gidilir\" target=\"_blank\" rel=\"noreferrer noopener\">Rodos Adas\u0131na Nas\u0131l Gidilir?<\/a><\/strong><\/p>\n\n\n\n<p><strong><a href=\"https:\/\/www.turna.com\/blog\/cennet-gibi-bir-ada-rodos-adasi\" target=\"_blank\" rel=\"noreferrer noopener\">Cennet Gibi Bir Ada Rodos Adas\u0131<\/a><\/strong><\/p>\n\n\n\n<p><strong><a href=\"https:\/\/www.turna.com\/blog\/rodos-gezi-rehberi\" target=\"_blank\" rel=\"noreferrer noopener\">Rodos Gezi Rehberi<\/a><\/strong><\/p>\n\n    <div class=\"xs_social_share_widget xs_share_url after_content \t\tmain_content  wslu-style-1 wslu-share-box-shaped wslu-fill-colored wslu-none wslu-share-horizontal wslu-theme-font-no wslu-main_content\">\n\n\t\t\n        <ul>\n\t\t\t        <\/ul>\n    <\/div> \n","protected":false},"excerpt":{"rendered":"<p>Rodos, tarih ve do\u011fan\u0131n e\u015fsiz dans\u0131n\u0131 sergileyen b\u00fcy\u00fcleyici bir ada. Antik kal\u0131nt\u0131lar\u0131, s\u0131cak plajlar\u0131 ve mistik atmosferi ile bu g\u00fczel Ege adas\u0131, seyahat severler i\u00e7in bir hazine. E\u011fer tarih ve deniz tutkunuysan\u0131z veya sadece g\u00fcne\u015fin alt\u0131nda keyifli bir tatil ar\u0131yorsan\u0131z, Rodos&#8217;un sizi b\u00fcy\u00fcleyecek bir\u00e7ok yerine g\u00f6z atmaya haz\u0131r olun. O zaman, Rodos gezilecek yerler listemize birlikte g\u00f6z atal\u0131m!<\/p>\n","protected":false},"author":34,"featured_media":22141,"comment_status":"open","ping_status":"open","sticky":false,"template":"","format":"standard","meta":{"rop_custom_images_group":[],"rop_custom_messages_group":[],"rop_publish_now":"initial","rop_publish_now_accounts":[],"rop_publish_now_history":[],"rop_publish_now_status":"pending","_cloudinary_featured_overwrite":false,"footnotes":""},"categories":[18],"tags":[14,10],"class_list":["post-13211","post","type-post","status-publish","format-standard","has-post-thumbnail","hentry","category-yunanistan","tag-rodos","tag-yunanistan"],"_links":{"self":[{"href":"https:\/\/www.turna.com\/blog\/wp-json\/wp\/v2\/posts\/13211","targetHints":{"allow":["GET"]}}],"collection":[{"href":"https:\/\/www.turna.com\/blog\/wp-json\/wp\/v2\/posts"}],"about":[{"href":"https:\/\/www.turna.com\/blog\/wp-json\/wp\/v2\/types\/post"}],"author":[{"embeddable":true,"href":"https:\/\/www.turna.com\/blog\/wp-json\/wp\/v2\/users\/34"}],"replies":[{"embeddable":true,"href":"https:\/\/www.turna.com\/blog\/wp-json\/wp\/v2\/comments?post=13211"}],"version-history":[{"count":0,"href":"https:\/\/www.turna.com\/blog\/wp-json\/wp\/v2\/posts\/13211\/revisions"}],"wp:featuredmedia":[{"embeddable":true,"href":"https:\/\/www.turna.com\/blog\/wp-json\/wp\/v2\/media\/22141"}],"wp:attachment":[{"href":"https:\/\/www.turna.com\/blog\/wp-json\/wp\/v2\/media?parent=13211"}],"wp:term":[{"taxonomy":"category","embeddable":true,"href":"https:\/\/www.turna.com\/blog\/wp-json\/wp\/v2\/categories?post=13211"},{"taxonomy":"post_tag","embeddable":true,"href":"https:\/\/www.turna.com\/blog\/wp-json\/wp\/v2\/tags?post=13211"}],"curies":[{"name":"wp","href":"https:\/\/api.w.org\/{rel}","templated":true}]}}