{"id":13207,"date":"2018-09-05T08:00:30","date_gmt":"2018-09-05T05:00:30","guid":{"rendered":"https:\/\/www.turna.com\/blog\/?p=13207"},"modified":"2018-09-04T00:57:19","modified_gmt":"2018-09-03T21:57:19","slug":"bernde-gorulecek-yerler","status":"publish","type":"post","link":"https:\/\/www.turna.com\/blog\/bernde-gorulecek-yerler","title":{"rendered":"Bern\u2019de Yap\u0131labilecek En \u0130yi 10 Turistik Etkinlik"},"content":{"rendered":"<div id=\"ez-toc-container\" class=\"ez-toc-v2_0_82_2 counter-hierarchy ez-toc-counter ez-toc-black ez-toc-container-direction\">\n<div class=\"ez-toc-title-container\">\n<p class=\"ez-toc-title\" style=\"cursor:inherit\">\u0130\u00e7indekiler<\/p>\n<span class=\"ez-toc-title-toggle\"><a href=\"#\" class=\"ez-toc-pull-right ez-toc-btn ez-toc-btn-xs ez-toc-btn-default ez-toc-toggle\" aria-label=\"\u0130\u00e7indekiler Tablosunu A\u00e7\/Kapat\"><span class=\"ez-toc-js-icon-con\"><span class=\"\"><span class=\"eztoc-hide\" style=\"display:none;\">Toggle<\/span><span class=\"ez-toc-icon-toggle-span\"><svg style=\"fill: #ffffff;color:#ffffff\" xmlns=\"http:\/\/www.w3.org\/2000\/svg\" class=\"list-377408\" width=\"20px\" height=\"20px\" viewBox=\"0 0 24 24\" fill=\"none\"><path d=\"M6 6H4v2h2V6zm14 0H8v2h12V6zM4 11h2v2H4v-2zm16 0H8v2h12v-2zM4 16h2v2H4v-2zm16 0H8v2h12v-2z\" fill=\"currentColor\"><\/path><\/svg><svg style=\"fill: #ffffff;color:#ffffff\" class=\"arrow-unsorted-368013\" xmlns=\"http:\/\/www.w3.org\/2000\/svg\" width=\"10px\" height=\"10px\" viewBox=\"0 0 24 24\" version=\"1.2\" baseProfile=\"tiny\"><path d=\"M18.2 9.3l-6.2-6.3-6.2 6.3c-.2.2-.3.4-.3.7s.1.5.3.7c.2.2.4.3.7.3h11c.3 0 .5-.1.7-.3.2-.2.3-.5.3-.7s-.1-.5-.3-.7zM5.8 14.7l6.2 6.3 6.2-6.3c.2-.2.3-.5.3-.7s-.1-.5-.3-.7c-.2-.2-.4-.3-.7-.3h-11c-.3 0-.5.1-.7.3-.2.2-.3.5-.3.7s.1.5.3.7z\"\/><\/svg><\/span><\/span><\/span><\/a><\/span><\/div>\n<nav><ul class='ez-toc-list ez-toc-list-level-1 eztoc-toggle-hide-by-default' ><li class='ez-toc-page-1 ez-toc-heading-level-2'><a class=\"ez-toc-link ez-toc-heading-1\" href=\"https:\/\/www.turna.com\/blog\/bernde-gorulecek-yerler\/#bernde_yapilacak_en_iyi_turistik_etkinlikler\" >Bern&#8217;de Yap\u0131lacak En \u0130yi Turistik Etkinlikler<\/a><ul class='ez-toc-list-level-3' ><li class='ez-toc-heading-level-3'><a class=\"ez-toc-link ez-toc-heading-2\" href=\"https:\/\/www.turna.com\/blog\/bernde-gorulecek-yerler\/#1_zentrum_paul_klee\" >1. Zentrum Paul Klee<\/a><\/li><li class='ez-toc-page-1 ez-toc-heading-level-3'><a class=\"ez-toc-link ez-toc-heading-3\" href=\"https:\/\/www.turna.com\/blog\/bernde-gorulecek-yerler\/#2_bern_tarih_muzesi\" >2. Bern Tarih M\u00fczesi<\/a><\/li><li class='ez-toc-page-1 ez-toc-heading-level-3'><a class=\"ez-toc-link ez-toc-heading-4\" href=\"https:\/\/www.turna.com\/blog\/bernde-gorulecek-yerler\/#3_gurten\" >3. Gurten<\/a><\/li><li class='ez-toc-page-1 ez-toc-heading-level-3'><a class=\"ez-toc-link ez-toc-heading-5\" href=\"https:\/\/www.turna.com\/blog\/bernde-gorulecek-yerler\/#4_einsteinhaus\" >4. Einsteinhaus<\/a><\/li><li class='ez-toc-page-1 ez-toc-heading-level-3'><a class=\"ez-toc-link ez-toc-heading-6\" href=\"https:\/\/www.turna.com\/blog\/bernde-gorulecek-yerler\/#5_bear_pit_ayi_ini\" >5. Bear Pit (Ay\u0131 \u0130ni)<\/a><\/li><li class='ez-toc-page-1 ez-toc-heading-level-3'><a class=\"ez-toc-link ez-toc-heading-7\" href=\"https:\/\/www.turna.com\/blog\/bernde-gorulecek-yerler\/#6_federal_saray\" >6. Federal Saray<\/a><\/li><li class='ez-toc-page-1 ez-toc-heading-level-3'><a class=\"ez-toc-link ez-toc-heading-8\" href=\"https:\/\/www.turna.com\/blog\/bernde-gorulecek-yerler\/#7_rosengarten\" >7. Rosengarten<\/a><\/li><li class='ez-toc-page-1 ez-toc-heading-level-3'><a class=\"ez-toc-link ez-toc-heading-9\" href=\"https:\/\/www.turna.com\/blog\/bernde-gorulecek-yerler\/#8_bern_minster\" >8. Bern Minster<\/a><\/li><li class='ez-toc-page-1 ez-toc-heading-level-3'><a class=\"ez-toc-link ez-toc-heading-10\" href=\"https:\/\/www.turna.com\/blog\/bernde-gorulecek-yerler\/#9_zytglogge\" >9. Zytglogge<\/a><\/li><li class='ez-toc-page-1 ez-toc-heading-level-3'><a class=\"ez-toc-link ez-toc-heading-11\" href=\"https:\/\/www.turna.com\/blog\/bernde-gorulecek-yerler\/#10_altstadt\" >10. Altstadt<\/a><\/li><\/ul><\/li><\/ul><\/nav><\/div>\n<p><a href=\"https:\/\/www.turna.com\/blog\/ulkeler\/avrupa\/isvicre\" target=\"_blank\" rel=\"noopener\"><strong>\u0130svi\u00e7re<\/strong><\/a>\u2019nin ba\u015fkenti <strong>Bern<\/strong> olduk\u00e7a etkileyici bir tarihi ge\u00e7mi\u015fe sahip. Saraylar, parklar ve bah\u00e7eler o kadar fazla ki \u015fehrin her yerini g\u00f6rmek isteyebilirsiniz. G\u00f6rsel a\u00e7\u0131dan daha g\u00fczel bir \u015fehir bulmak ger\u00e7ekten \u00e7ok zor! <strong>Aare Nehri<\/strong> \u015fehrin en \u00f6nemli do\u011fal g\u00fczelli\u011fi \u00e7\u00fcnk\u00fc bir \u00e7ok yer onun yak\u0131n\u0131nda muhte\u015fem bir atmosfer yaratabilmek i\u00e7in t\u00fcm h\u00fcnerlerini kullanm\u0131\u015f g\u00f6r\u00fcn\u00fcyor. \u0130ster bilim ister sanat isterseniz de do\u011fa a\u015f\u0131\u011f\u0131 biri olun, Bern\u2019de istedi\u011finiz her \u015feyi falas\u0131yla bulacaks\u0131n\u0131z.<\/p>\n<h2><span class=\"ez-toc-section\" id=\"bernde_yapilacak_en_iyi_turistik_etkinlikler\"><\/span><strong>Bern&#8217;de Yap\u0131lacak En \u0130yi Turistik Etkinlikler<\/strong><span class=\"ez-toc-section-end\"><\/span><\/h2>\n<h3><span class=\"ez-toc-section\" id=\"1_zentrum_paul_klee\"><\/span><strong>1. Zentrum Paul Klee<\/strong><span class=\"ez-toc-section-end\"><\/span><\/h3>\n<p><img width=\"800\" height=\"500\" data-public-id=\"Zentrum-Paul-Klee_vc8g7g\/Zentrum-Paul-Klee_vc8g7g.jpg\" fetchpriority=\"high\" decoding=\"async\" class=\"alignnone wp-post-13207 wp-image-13978\" src=\"https:\/\/res.cloudinary.com\/turna\/images\/w_800,h_500,c_scale\/f_auto,q_auto:low\/v1535727833\/Zentrum-Paul-Klee_vc8g7g\/Zentrum-Paul-Klee_vc8g7g.jpg?_i=AA\" data-format=\"jpg\" data-transformations=\"f_auto,q_auto:low\" data-version=\"1535727833\" data-seo=\"1\" \/>Engebeli yap\u0131s\u0131 ile Zentrum Paul Klee kendi ba\u015f\u0131na bir \u015fehir ikonu. D\u0131\u015far\u0131dan \u00e7ok etkileyici g\u00f6r\u00fcnse de i\u00e7erisine girdi\u011finizde bu etki daha da art\u0131yor. Zentrum Paul Klee\u2019nin eserleri konusunda d\u00fcnyan\u0131n en etkileyici koleksiyonuna sahip. Klee\u2019nin \u00e7al\u0131\u015fmalar\u0131 ekspresyonist, s\u00fcrrealist ve k\u00fcbist \u00e7al\u0131\u015fmalardan olu\u015fuyor ve \u00e7o\u011funlukla Bauhaus tasar\u0131m ve mimarisinden ilham alm\u0131\u015f. \u0130\u00e7eride iki b\u00fcy\u00fck sergi bulunuyor ve bu sergilerin i\u00e7inde Park Near Lu gibi muhte\u015fem bir eser de yer al\u0131yor.<\/p>\n<h3><span class=\"ez-toc-section\" id=\"2_bern_tarih_muzesi\"><\/span><strong>2. Bern Tarih M\u00fczes<\/strong><strong>i<\/strong><span class=\"ez-toc-section-end\"><\/span><\/h3>\n<p><img width=\"800\" height=\"500\" data-public-id=\"Bern-Tarih-Muzesi_buyd6w\/Bern-Tarih-Muzesi_buyd6w.jpg\" decoding=\"async\" class=\"alignnone wp-post-13207 wp-image-14072\" src=\"https:\/\/res.cloudinary.com\/turna\/images\/w_800,h_500,c_scale\/f_auto,q_auto:low\/v1536010724\/Bern-Tarih-Muzesi_buyd6w\/Bern-Tarih-Muzesi_buyd6w.jpg?_i=AA\" data-format=\"jpg\" data-transformations=\"f_auto,q_auto:low\" data-version=\"1536010724\" data-seo=\"1\" \/><\/p>\n<p>\u0130svi\u00e7re\u2019nin en b\u00fcy\u00fck m\u00fczelerinden biri de Bern Tarih M\u00fczesi. M\u00fczedeki sergiler \u0130svi\u00e7re\u2019nin tarih \u00f6ncesi zamandan g\u00fcn\u00fcm\u00fczdeki en modern eserlerine kadar uzanan muhte\u015fem eserlere ev sahipli\u011fi yap\u0131yor. Say\u0131s\u0131z sergi olsa da bizim tavsiyemiz 16. ve 18. Y\u00fczy\u0131llara ait olan alt\u0131n ve g\u00fcm\u00fc\u015f koleksiyonlar\u0131n\u0131n bulundu\u011fu Burgundy Tapestries\u2019i ka\u00e7\u0131rmaman\u0131z y\u00f6n\u00fcnde olacakt\u0131r. M\u00fczede ayr\u0131ca Einstein\u2019\u0131n hayat\u0131 ve \u00e7al\u0131\u015fmalar\u0131na adanm\u0131\u015f bir sergi de bulunuyor.<\/p>\n<h3><span class=\"ez-toc-section\" id=\"3_gurten\"><\/span><strong>3. Gurten<\/strong><span class=\"ez-toc-section-end\"><\/span><\/h3>\n<p><img width=\"800\" height=\"500\" data-public-id=\"Gurten_y3cakt\/Gurten_y3cakt.jpg\" decoding=\"async\" class=\"alignnone wp-post-13207 wp-image-14071\" src=\"https:\/\/res.cloudinary.com\/turna\/images\/w_800,h_500,c_scale\/f_auto,q_auto:low\/v1536010687\/Gurten_y3cakt\/Gurten_y3cakt.jpg?_i=AA\" data-format=\"jpg\" data-transformations=\"f_auto,q_auto:low\" data-version=\"1536010687\" data-seo=\"1\" \/><\/p>\n<p>\u015eehrin yerlileri Gurten tepesini g\u00fcne\u015flenmek ve gidilebilecek en huzurlu yerlerden biri olarak tercih ediyor. \u015eehrin hemen d\u0131\u015f\u0131nda bulunan tepenin manzaras\u0131 inan\u0131lmaz g\u00fczel. Bir taraftan \u015fehri tepeden g\u00f6rebilirken di\u011fer taraftan da Alpleri g\u00f6rebiliyorsunuz. Ak\u015fam muhte\u015fem bir yemek yemeden \u00f6nce b\u00f6lgedeki y\u00fcr\u00fcy\u00fc\u015f yollar\u0131nda uzun bir yolculu\u011fa \u00e7\u0131kman\u0131z\u0131 tavsiye ederiz. Tren istasyonundan y\u00fcr\u00fcyerek de ula\u015fabilece\u011finiz tepeye 5 dakikal\u0131k panaromik bir tren olan Gurtenbahn ile de gelebilirsiniz.<\/p>\n<h3><span class=\"ez-toc-section\" id=\"4_einsteinhaus\"><\/span><strong>4. Einsteinhaus<\/strong><span class=\"ez-toc-section-end\"><\/span><\/h3>\n<p><img width=\"800\" height=\"500\" data-public-id=\"Einsteinhaus_gv58si\/Einsteinhaus_gv58si.jpg\" loading=\"lazy\" decoding=\"async\" class=\"alignnone wp-post-13207 wp-image-14070\" src=\"https:\/\/res.cloudinary.com\/turna\/images\/w_800,h_500,c_scale\/f_auto,q_auto\/f_auto,q_auto:low\/v1536010670\/Einsteinhaus_gv58si\/Einsteinhaus_gv58si.jpg?_i=AA\" data-format=\"jpg\" data-transformations=\"f_auto,q_auto\/f_auto,q_auto:low\" data-version=\"1536010670\" data-seo=\"1\" \/><\/p>\n<p>1903 ile 1905 y\u0131llar\u0131 aras\u0131nda Albert Einstein Bern\u2019de Kramgasse No. 49 adresinde ya\u015famaktayd\u0131. E\u015fi Milevna ve o\u011flu Hans ile bu evde ya\u015fayan Einstein g\u00fcn\u00fcm\u00fcz fizi\u011finin temellerini olu\u015fturan Annus Mirabilis\u2019i bu evde yazd\u0131. 1905 y\u0131l\u0131ndaki evine ba\u011fl\u0131 kal\u0131narak tasarlanan evi gezebilir, \u00fcst kat\u0131nda Einstein\u2019\u0131n Bern ve \u0130svi\u00e7re ile olan ba\u011flar\u0131n\u0131n t\u00fcm tarihini detayl\u0131 olarak \u00f6\u011frenebilirsiniz.<\/p>\n<h3><span class=\"ez-toc-section\" id=\"5_bear_pit_ayi_ini\"><\/span><strong>5. Bear Pit (Ay\u0131 \u0130ni)<\/strong><span class=\"ez-toc-section-end\"><\/span><\/h3>\n<p><img width=\"800\" height=\"500\" data-public-id=\"Bear-Pit_pzs9kg\/Bear-Pit_pzs9kg.jpg\" loading=\"lazy\" decoding=\"async\" class=\"alignnone wp-post-13207 wp-image-13977\" src=\"https:\/\/res.cloudinary.com\/turna\/images\/w_800,h_500,c_scale\/f_auto,q_auto\/f_auto,q_auto:low\/v1535727817\/Bear-Pit_pzs9kg\/Bear-Pit_pzs9kg.jpg?_i=AA\" data-format=\"jpg\" data-transformations=\"f_auto,q_auto\/f_auto,q_auto:low\" data-version=\"1535727817\" data-seo=\"1\" \/><\/p>\n<p>Yerel bir efsaneye g\u00f6re Bern ad\u0131 bear (\u0130ngilizce ay\u0131) kelimesinden t\u00fcremi\u015f ve ay\u0131lar \u015fehrin tarihi ve k\u00fclt\u00fcr\u00fcnde \u00e7ok \u00f6nemli yer edinmi\u015ftir. G\u00fcn\u00fcm\u00fczde art\u0131k bu inlerde saklanm\u0131yorlar \u00e7\u00fcnk\u00fc say\u0131lar\u0131 giderek \u00e7o\u011fald\u0131 ve art\u0131k onlar\u0131 Aare nehrinde y\u00fczerken bile rahatl\u0131kla g\u00f6rebilirsiniz. 16. Y\u00fczy\u0131ldan kalma olan bu inlerde bir zamanlar ya\u015fayan ay\u0131lar\u0131 g\u00f6rmek i\u00e7in ziyarete gelenler aras\u0131nda Einstein\u2019dan Lenin\u2019e kadar bir \u00e7ok \u00fcnl\u00fc isim yer al\u0131yordu. Halen \u00e7ok \u00f6nemli bir k\u00fclt\u00fcr olan ay\u0131lara verilen de\u011fer ve \u00f6nem eskisine nazaran g\u00fcn\u00fcm\u00fczde \u00e7ok daha iyi bir konumda.<\/p>\n<h3><span class=\"ez-toc-section\" id=\"6_federal_saray\"><\/span><strong>6. Federal Saray<\/strong><span class=\"ez-toc-section-end\"><\/span><\/h3>\n<p><img width=\"800\" height=\"500\" data-public-id=\"Bundeshaus_gwu9dw\/Bundeshaus_gwu9dw.jpg\" loading=\"lazy\" decoding=\"async\" class=\"alignnone wp-post-13207 wp-image-14069\" src=\"https:\/\/res.cloudinary.com\/turna\/images\/w_800,h_500,c_scale\/f_auto,q_auto:low\/v1536010652\/Bundeshaus_gwu9dw\/Bundeshaus_gwu9dw.jpg?_i=AA\" data-format=\"jpg\" data-transformations=\"f_auto,q_auto:low\" data-version=\"1536010652\" data-seo=\"1\" \/><\/p>\n<p>\u0130svi\u00e7re Federal Saray\u0131 kendi dillerinde Bundeshaus olarak biliniyor. \u0130svi\u00e7re Federal Y\u00f6netimi ve Federal Y\u00fcksek Divan\u0131 bu binay\u0131 \u00fclkenin en \u00f6nemli binas\u0131 haline getiriyor. 19. Y\u00fczy\u0131lda yap\u0131lan Bundeshaus d\u00fcnyan\u0131n ilk modern demokrasisine ev sahipli\u011fi yapman\u0131n hakl\u0131 gururunu ya\u015f\u0131yor. Parlamento\u2019nun \u00e7al\u0131\u015fmad\u0131\u011f\u0131 vakitlerde i\u00e7erisini turla gezmek m\u00fcmk\u00fcn. Hemen Bundeshaus\u2019un \u00f6n\u00fcnde yer alan \u00e7e\u015fme ise yak\u0131nlardaki en ilgi \u00e7ekici turistik noktalardan biri.<\/p>\n<h3><span class=\"ez-toc-section\" id=\"7_rosengarten\"><\/span><strong>7. Rosengarten<\/strong><span class=\"ez-toc-section-end\"><\/span><\/h3>\n<p><img width=\"800\" height=\"500\" data-public-id=\"Rosengarten_jqgieu\/Rosengarten_jqgieu.jpg\" loading=\"lazy\" decoding=\"async\" class=\"alignnone wp-post-13207 wp-image-14068\" src=\"https:\/\/res.cloudinary.com\/turna\/images\/w_800,h_500,c_scale\/f_auto,q_auto:low\/v1536010637\/Rosengarten_jqgieu\/Rosengarten_jqgieu.jpg?_i=AA\" data-format=\"jpg\" data-transformations=\"f_auto,q_auto:low\" data-version=\"1536010637\" data-seo=\"1\" \/><\/p>\n<p>Bern\u2019in tarihi merkezinde vakit ge\u00e7irmeyi planl\u0131yorsan\u0131z e\u011fer Rosengarten\u2019de mutlaka kalmak isteyeceksiniz. K\u00fc\u00e7\u00fck bir park olan Rosengarten ufak bir tepenin \u00fczerinde muhte\u015fem bir \u015fehir manzaras\u0131na sahip. Bah\u00e7enin i\u00e7inde 200den fazla \u00e7e\u015fit g\u00fcl bulabilirsiniz ve aralar\u0131nda rhododendron cinsi g\u00fcller dahi var. \u00c7ocuklar i\u00e7in de k\u00fc\u00e7\u00fck bir oyun park\u0131 var, yeti\u015fkinler i\u00e7in de hafif yemekler yiyip g\u00fczel bir kahve i\u00e7ebilecekleri \u00e7ok tatl\u0131 bir restoran da bulunuyor. \u015eehrin karma\u015fas\u0131ndan biraz uzakla\u015fmak i\u00e7in birebir.<\/p>\n<h3><span class=\"ez-toc-section\" id=\"8_bern_minster\"><\/span><strong>8. Bern Minster<\/strong><span class=\"ez-toc-section-end\"><\/span><\/h3>\n<p><img width=\"800\" height=\"500\" data-public-id=\"Bern-Minster_ctuu41\/Bern-Minster_ctuu41.jpg\" loading=\"lazy\" decoding=\"async\" class=\"alignnone wp-post-13207 wp-image-14066\" src=\"https:\/\/res.cloudinary.com\/turna\/images\/w_800,h_500,c_scale\/f_auto,q_auto:low\/v1536010604\/Bern-Minster_ctuu41\/Bern-Minster_ctuu41.jpg?_i=AA\" data-format=\"jpg\" data-transformations=\"f_auto,q_auto:low\" data-version=\"1536010604\" data-seo=\"1\" \/><\/p>\n<p>15. y\u00fczy\u0131lda ba\u015flayan in\u015faat \u00e7al\u0131\u015fmalar\u0131 ancak 1893 y\u0131l\u0131nda biten Bern Minster Katedrali \u015fehrin ve \u00fclkenin en y\u00fcksek katedrali olma \u00f6zelli\u011fine sahip. Gotik mimarisine sahip olan katedralin g\u00f6ky\u00fcz\u00fcne uzanan inan\u0131lmaz bir kubbesi var. Tart\u0131\u015fmas\u0131z \u015fekilde Bern Minster\u2019\u0131n en etkileyici yeri ise \u00fczerinde K\u0131yamet G\u00fcn\u00fcn\u00fcn tasvirinin bulundu\u011fu nefes kesici kap\u0131s\u0131. Katedrali yak\u0131ndan ve i\u00e7inden g\u00f6rmek \u00e7ok g\u00fczel olsa da d\u0131\u015far\u0131dan g\u00f6rebilece\u011finiz en iyi yer kesinlikle Kirchenfeldbruecke ad\u0131ndaki k\u00f6pr\u00fc olacakt\u0131r.<\/p>\n<h3><span class=\"ez-toc-section\" id=\"9_zytglogge\"><\/span><strong>9. Zytglogge<\/strong><span class=\"ez-toc-section-end\"><\/span><\/h3>\n<p><img width=\"800\" height=\"500\" data-public-id=\"Zytglogge_dcb9ve\/Zytglogge_dcb9ve.jpg\" loading=\"lazy\" decoding=\"async\" class=\"alignnone wp-post-13207 wp-image-14067\" src=\"https:\/\/res.cloudinary.com\/turna\/images\/w_800,h_500,c_scale\/f_auto,q_auto:low\/v1536010621\/Zytglogge_dcb9ve\/Zytglogge_dcb9ve.jpg?_i=AA\" data-format=\"jpg\" data-transformations=\"f_auto,q_auto:low\" data-version=\"1536010621\" data-seo=\"1\" \/>\u0130svi\u00e7re denildi\u011finde akla ilk gelen \u015feylerden biri de 13. Y\u00fczy\u0131la ait, Bern\u2019in kalbinde yer alan saat kulesi Zytglogge. Bu kule size saati s\u00f6ylemekten \u00e7ok daha fazlas\u0131n\u0131 yap\u0131yor. Saat ba\u015f\u0131 olmadan birka\u00e7 dakika \u00f6nce i\u00e7inden \u00e7\u0131kan bir soytar\u0131 davulunu \u00e7almaya ba\u015fl\u0131yor ve ard\u0131ndan m\u00fczik geliyor. Ve tam saat ba\u015f\u0131 oldu\u011funda da kral ve ay\u0131lar\u0131 temsil eden karakterler \u00e7\u0131k\u0131p a\u015fa\u011f\u0131dan kendilerini izleyen kalabal\u0131\u011fa harika bir \u015fov sunuyorlar. Genellikle \u00e7ocuklar\u0131n \u00e7ok ho\u015funa giden bir olay ancak yeti\u015fkinler de hem e\u011fleniyor hem de saatin tarihi ge\u00e7mi\u015finden fazlas\u0131yla etkileniyorlar. Saatin \u00fczerine dikkatli bak\u0131ld\u0131\u011f\u0131nda aylar\u0131 ve o an bulundu\u011fu zaman\u0131n i\u00e7inde oldu\u011fu bur\u00e7 sembol\u00fcn\u00fc de g\u00f6steriyor.<\/p>\n<h3><span class=\"ez-toc-section\" id=\"10_altstadt\"><\/span><strong>10. Altstadt<\/strong><span class=\"ez-toc-section-end\"><\/span><\/h3>\n<p><img width=\"800\" height=\"500\" data-public-id=\"Altstadt_woxv1u\/Altstadt_woxv1u.jpg\" loading=\"lazy\" decoding=\"async\" class=\"alignnone wp-post-13207 wp-image-13976\" src=\"https:\/\/res.cloudinary.com\/turna\/images\/w_800,h_500,c_scale\/f_auto,q_auto:low\/v1535727799\/Altstadt_woxv1u\/Altstadt_woxv1u.jpg?_i=AA\" data-format=\"jpg\" data-transformations=\"f_auto,q_auto:low\" data-version=\"1535727799\" data-seo=\"1\" \/><\/p>\n<p>Bern\u2019in tarihi merkezi t\u00fcm \u0130svi\u00e7re\u2019nin tart\u0131\u015fmas\u0131z en b\u00fcy\u00fcleyici yeri. Ta\u015f kald\u0131r\u0131mlar\u0131, kire\u00e7 ta\u015f\u0131ndan yap\u0131lm\u0131\u015f yan yana evleri ve huzurlu atmosferi 500 y\u0131ld\u0131r neredeyse hi\u00e7 de\u011fi\u015fmedi bile. Altstadt \u00fc\u00e7 taraf\u0131ndan Aare nehri ile sarmalayarak tarihi b\u00f6lgeyi adeta do\u011fal bir s\u0131n\u0131r ile \u00e7iziyor. Orta\u00e7a\u011fa kasabalar\u0131n\u0131n \u00e7ok oldu\u011fu kom\u015fu yerle\u015fim b\u00f6lgelerinin de her yerinde 16. Y\u00fczy\u0131ldan kalma \u00e7e\u015fmeler ve 15. Y\u00fczy\u0131ldan kalma kemerler g\u00f6rmek m\u00fcmk\u00fcn. Her ne kadar en g\u00fczel \u00e7e\u015fmelerin ve heykellerin bulundu\u011fu b\u00f6lgelerden tramvay ge\u00e7iyor olsa da tavsiyemiz kesinlikle buralar\u0131 y\u00fcr\u00fcyerek gezmeniz y\u00f6n\u00fcnde.<\/p>\n<p>\u0130svi\u00e7re&#8217;nin ba\u015fkenti g\u00f6rkemli Bern&#8217;i ke\u015ffetmek i\u00e7in <a href=\"https:\/\/www.turna.com\/ucak-bileti\/bern\" target=\"_blank\" rel=\"noopener\"><strong>Bern u\u00e7ak bileti<\/strong> <\/a>se\u00e7eneklerine g\u00f6z at\u0131n!<\/p>\n\n    <div class=\"xs_social_share_widget xs_share_url after_content \t\tmain_content  wslu-style-1 wslu-share-box-shaped wslu-fill-colored wslu-none wslu-share-horizontal wslu-theme-font-no wslu-main_content\">\n\n\t\t\n        <ul>\n\t\t\t        <\/ul>\n    <\/div> \n","protected":false},"excerpt":{"rendered":"<p>\u0130svi\u00e7re\u2019nin ba\u015fkenti Bern olduk\u00e7a etkileyici bir tarihi ge\u00e7mi\u015fe sahip. Saraylar, parklar ve bah\u00e7eler o kadar fazla ki \u015fehrin her yerini g\u00f6rmek isteyebilirsiniz. G\u00f6rsel a\u00e7\u0131dan daha g\u00fczel bir \u015fehir bulmak ger\u00e7ekten \u00e7ok zor! Aare Nehri \u015fehrin en \u00f6nemli do\u011fal g\u00fczelli\u011fi \u00e7\u00fcnk\u00fc bir \u00e7ok yer onun yak\u0131n\u0131nda muhte\u015fem bir atmosfer yaratabilmek i\u00e7in t\u00fcm h\u00fcnerlerini kullanm\u0131\u015f g\u00f6r\u00fcn\u00fcyor. \u0130ster [&hellip;]<\/p>\n","protected":false},"author":8,"featured_media":13977,"comment_status":"open","ping_status":"open","sticky":false,"template":"","format":"standard","meta":{"rop_custom_images_group":[],"rop_custom_messages_group":[],"rop_publish_now":"initial","rop_publish_now_accounts":[],"rop_publish_now_history":[],"rop_publish_now_status":"pending","_cloudinary_featured_overwrite":false,"footnotes":""},"categories":[169],"tags":[170,887],"class_list":["post-13207","post","type-post","status-publish","format-standard","has-post-thumbnail","hentry","category-isvicre","tag-bern","tag-isvicre"],"_links":{"self":[{"href":"https:\/\/www.turna.com\/blog\/wp-json\/wp\/v2\/posts\/13207","targetHints":{"allow":["GET"]}}],"collection":[{"href":"https:\/\/www.turna.com\/blog\/wp-json\/wp\/v2\/posts"}],"about":[{"href":"https:\/\/www.turna.com\/blog\/wp-json\/wp\/v2\/types\/post"}],"author":[{"embeddable":true,"href":"https:\/\/www.turna.com\/blog\/wp-json\/wp\/v2\/users\/8"}],"replies":[{"embeddable":true,"href":"https:\/\/www.turna.com\/blog\/wp-json\/wp\/v2\/comments?post=13207"}],"version-history":[{"count":0,"href":"https:\/\/www.turna.com\/blog\/wp-json\/wp\/v2\/posts\/13207\/revisions"}],"wp:featuredmedia":[{"embeddable":true,"href":"https:\/\/www.turna.com\/blog\/wp-json\/wp\/v2\/media\/13977"}],"wp:attachment":[{"href":"https:\/\/www.turna.com\/blog\/wp-json\/wp\/v2\/media?parent=13207"}],"wp:term":[{"taxonomy":"category","embeddable":true,"href":"https:\/\/www.turna.com\/blog\/wp-json\/wp\/v2\/categories?post=13207"},{"taxonomy":"post_tag","embeddable":true,"href":"https:\/\/www.turna.com\/blog\/wp-json\/wp\/v2\/tags?post=13207"}],"curies":[{"name":"wp","href":"https:\/\/api.w.org\/{rel}","templated":true}]}}