{"id":12719,"date":"2018-05-16T15:13:55","date_gmt":"2018-05-16T12:13:55","guid":{"rendered":"https:\/\/www.turna.com\/blog\/?p=12719"},"modified":"2022-01-17T10:00:05","modified_gmt":"2022-01-17T07:00:05","slug":"tunusta-gezilecek-yerler","status":"publish","type":"post","link":"https:\/\/www.turna.com\/blog\/tunusta-gezilecek-yerler","title":{"rendered":"Tunus\u2019ta G\u00f6rebilece\u011finiz Yerler"},"content":{"rendered":"<div id=\"ez-toc-container\" class=\"ez-toc-v2_0_82_2 counter-hierarchy ez-toc-counter ez-toc-black ez-toc-container-direction\">\n<div class=\"ez-toc-title-container\">\n<p class=\"ez-toc-title\" style=\"cursor:inherit\">\u0130\u00e7indekiler<\/p>\n<span class=\"ez-toc-title-toggle\"><a href=\"#\" class=\"ez-toc-pull-right ez-toc-btn ez-toc-btn-xs ez-toc-btn-default ez-toc-toggle\" aria-label=\"\u0130\u00e7indekiler Tablosunu A\u00e7\/Kapat\"><span class=\"ez-toc-js-icon-con\"><span class=\"\"><span class=\"eztoc-hide\" style=\"display:none;\">Toggle<\/span><span class=\"ez-toc-icon-toggle-span\"><svg style=\"fill: #ffffff;color:#ffffff\" xmlns=\"http:\/\/www.w3.org\/2000\/svg\" class=\"list-377408\" width=\"20px\" height=\"20px\" viewBox=\"0 0 24 24\" fill=\"none\"><path d=\"M6 6H4v2h2V6zm14 0H8v2h12V6zM4 11h2v2H4v-2zm16 0H8v2h12v-2zM4 16h2v2H4v-2zm16 0H8v2h12v-2z\" fill=\"currentColor\"><\/path><\/svg><svg style=\"fill: #ffffff;color:#ffffff\" class=\"arrow-unsorted-368013\" xmlns=\"http:\/\/www.w3.org\/2000\/svg\" width=\"10px\" height=\"10px\" viewBox=\"0 0 24 24\" version=\"1.2\" baseProfile=\"tiny\"><path d=\"M18.2 9.3l-6.2-6.3-6.2 6.3c-.2.2-.3.4-.3.7s.1.5.3.7c.2.2.4.3.7.3h11c.3 0 .5-.1.7-.3.2-.2.3-.5.3-.7s-.1-.5-.3-.7zM5.8 14.7l6.2 6.3 6.2-6.3c.2-.2.3-.5.3-.7s-.1-.5-.3-.7c-.2-.2-.4-.3-.7-.3h-11c-.3 0-.5.1-.7.3-.2.2-.3.5-.3.7s.1.5.3.7z\"\/><\/svg><\/span><\/span><\/span><\/a><\/span><\/div>\n<nav><ul class='ez-toc-list ez-toc-list-level-1 eztoc-toggle-hide-by-default' ><li class='ez-toc-page-1 ez-toc-heading-level-2'><a class=\"ez-toc-link ez-toc-heading-1\" href=\"https:\/\/www.turna.com\/blog\/tunusta-gezilecek-yerler\/#tunusta_gorebileceginiz_yerler\" >Tunus\u2019ta G\u00f6rebilece\u011finiz Yerler<\/a><ul class='ez-toc-list-level-3' ><li class='ez-toc-heading-level-3'><a class=\"ez-toc-link ez-toc-heading-2\" href=\"https:\/\/www.turna.com\/blog\/tunusta-gezilecek-yerler\/#1_dar_ben_abdallah_sarayi\" >1. Dar Ben Abdallah Saray\u0131<\/a><\/li><li class='ez-toc-page-1 ez-toc-heading-level-3'><a class=\"ez-toc-link ez-toc-heading-3\" href=\"https:\/\/www.turna.com\/blog\/tunusta-gezilecek-yerler\/#2_al_zaytuna_camii\" >2. Al Zaytuna Camii<\/a><\/li><li class='ez-toc-page-1 ez-toc-heading-level-3'><a class=\"ez-toc-link ez-toc-heading-4\" href=\"https:\/\/www.turna.com\/blog\/tunusta-gezilecek-yerler\/#3_hammamet\" >3. Hammamet<\/a><\/li><li class='ez-toc-page-1 ez-toc-heading-level-3'><a class=\"ez-toc-link ez-toc-heading-5\" href=\"https:\/\/www.turna.com\/blog\/tunusta-gezilecek-yerler\/#4_sidi_bou_said\" >4. Sidi Bou Said<\/a><\/li><li class='ez-toc-page-1 ez-toc-heading-level-3'><a class=\"ez-toc-link ez-toc-heading-6\" href=\"https:\/\/www.turna.com\/blog\/tunusta-gezilecek-yerler\/#5_kartaca\" >5. Kartaca<\/a><\/li><li class='ez-toc-page-1 ez-toc-heading-level-3'><a class=\"ez-toc-link ez-toc-heading-7\" href=\"https:\/\/www.turna.com\/blog\/tunusta-gezilecek-yerler\/#6_grand_erg_oriental\" >6. Grand Erg Oriental<\/a><\/li><li class='ez-toc-page-1 ez-toc-heading-level-3'><a class=\"ez-toc-link ez-toc-heading-8\" href=\"https:\/\/www.turna.com\/blog\/tunusta-gezilecek-yerler\/#7_la_goulette\" >7. La Goulette<\/a><\/li><\/ul><\/li><\/ul><\/nav><\/div>\n<p>Sahra \u00c7\u00f6l\u00fc\u2019n\u00fcn devasa kumlar\u0131yla \u00e7evrili bir Kuzey Afrika \u00fclkesi olan <a href=\"https:\/\/www.turna.com\/blog\/ulkeler\/afrika\/tunus\" target=\"_blank\" rel=\"noopener\">Tunus<\/a>, egzotik atmosferiyle \u00f6ne \u00e7\u0131kan birbirinden g\u00fczel \u015fehirlere ve \u00f6nemli yap\u0131lara ev sahipli\u011fi yap\u0131yor. Antik d\u00f6nemden kalma tarihi kal\u0131nt\u0131lar\u0131 ve zengin k\u00fclt\u00fcrel dokusunun yan\u0131 s\u0131ra g\u00f6z kama\u015ft\u0131ran g\u00fczellikteki plajlar\u0131 ve beyaz evleriyle de ad\u0131ndan s\u00f6z ettiren \u00fclke, yerel pazarlar\u0131 ve s\u0131cakkanl\u0131 insanlar\u0131yla da \u00fcnl\u00fc.<\/p>\n<h2><span class=\"ez-toc-section\" id=\"tunusta_gorebileceginiz_yerler\"><\/span><strong>Tunus\u2019ta G\u00f6rebilece\u011finiz Yerler<\/strong><span class=\"ez-toc-section-end\"><\/span><\/h2>\n<h3><span class=\"ez-toc-section\" id=\"1_dar_ben_abdallah_sarayi\"><\/span><strong>1. Dar Ben Abdallah Saray\u0131<\/strong><span class=\"ez-toc-section-end\"><\/span><\/h3>\n<p>Tunus \u015fehrinin Medine B\u00f6lgesi\u2019nin g\u00fcneyinde yer alan <strong>Dar Ben Badallah Saray\u0131<\/strong>, g\u00fcn\u00fcm\u00fczde m\u00fcze olarak hizmet veriyor. 18. y\u00fczy\u0131l d\u00f6neminde in\u015fa edilen bu tarihi sarayda, antika mobilyalar\u0131, el sanat\u0131 \u00fcr\u00fcnlerini ve eski k\u0131yafetleri g\u00f6rebilirsiniz. Dar Ben Badallah Saray\u0131, pazar g\u00fcn\u00fc hari\u00e7 haftan\u0131n her g\u00fcn\u00fc ziyarete a\u00e7\u0131k.<\/p>\n<h3><span class=\"ez-toc-section\" id=\"2_al_zaytuna_camii\"><\/span><strong>2. Al Zaytuna Camii<\/strong><span class=\"ez-toc-section-end\"><\/span><\/h3>\n<p>Milattan Sonra 732 y\u0131l\u0131nda in\u015fa edilen <strong>Al Zaytuna (Zitaouna) Camii (Al-Zaytuna Mosque)<\/strong>, Afrika co\u011frafyas\u0131nda bulunan en eski cami olarak biliniyor. \u00dclkeyle ayn\u0131 ismi ta\u015f\u0131yan Tunus \u015fehrinde bulunan Al Zaytuna Camii, haftan\u0131n her g\u00fcn\u00fc 08.00-11.30 saatleri aras\u0131nda ziyaret edilebiliyor.<\/p>\n<h3><span class=\"ez-toc-section\" id=\"3_hammamet\"><\/span><strong>3. Hammamet<\/strong><span class=\"ez-toc-section-end\"><\/span><\/h3>\n<p><img width=\"800\" height=\"500\" data-public-id=\"Hammamet_wrwjce\/Hammamet_wrwjce.jpg\" fetchpriority=\"high\" decoding=\"async\" class=\"alignnone wp-post-12719 wp-image-12750\" src=\"https:\/\/res.cloudinary.com\/turna\/images\/w_800,h_500,c_scale\/f_auto,q_auto:low\/v1526489513\/Hammamet_wrwjce\/Hammamet_wrwjce.jpg?_i=AA\" data-format=\"jpg\" data-transformations=\"f_auto,q_auto:low\" data-version=\"1526489513\" data-seo=\"1\" srcset=\"https:\/\/res.cloudinary.com\/turna\/images\/f_auto,q_auto:low\/v1526489513\/Hammamet_wrwjce\/Hammamet_wrwjce.jpg?_i=AA 800w, https:\/\/res.cloudinary.com\/turna\/images\/w_300,h_188,c_scale\/f_auto,q_auto:low\/v1526489513\/Hammamet_wrwjce\/Hammamet_wrwjce.jpg?_i=AA 300w, https:\/\/res.cloudinary.com\/turna\/images\/w_672,h_420,c_scale\/f_auto,q_auto:low\/v1526489513\/Hammamet_wrwjce\/Hammamet_wrwjce.jpg?_i=AA 672w, https:\/\/res.cloudinary.com\/turna\/images\/w_640,h_400,c_scale\/f_auto,q_auto:low\/v1526489513\/Hammamet_wrwjce\/Hammamet_wrwjce.jpg?_i=AA 640w, https:\/\/res.cloudinary.com\/turna\/images\/w_681,h_426,c_scale\/f_auto,q_auto:low\/v1526489513\/Hammamet_wrwjce\/Hammamet_wrwjce.jpg?_i=AA 681w\" sizes=\"(max-width: 800px) 100vw, 800px\" \/><\/p>\n<p><strong>Hammamet<\/strong>, sahil \u015fehirlerinde g\u00f6rmeye al\u0131\u015f\u0131k oldu\u011fumuz bembeyaz s\u0131ral\u0131 evleri ve masmavi deniz manzaras\u0131yla \u00fclkenin en pop\u00fcler tatil noktalar\u0131ndan biri. Rahatlat\u0131c\u0131 atmosferi, tarihi \u015fehir merkezi, yerel pazarlar\u0131 ve \u015fahane plajlar\u0131yla g\u00f6z kama\u015ft\u0131ran Hammamet, \u00fclkenin mutlaka g\u00f6r\u00fclmesi gereken yerlerinden.<\/p>\n<h3><span class=\"ez-toc-section\" id=\"4_sidi_bou_said\"><\/span><strong>4. Sidi Bou Said<\/strong><span class=\"ez-toc-section-end\"><\/span><\/h3>\n<p><img width=\"800\" height=\"500\" data-public-id=\"Sidi-Bou-Said_s3r8ga\/Sidi-Bou-Said_s3r8ga.jpg\" decoding=\"async\" class=\"alignnone wp-post-12719 wp-image-12749\" src=\"https:\/\/res.cloudinary.com\/turna\/images\/w_800,h_500,c_scale\/f_auto,q_auto\/f_auto,q_auto:low\/v1526489491\/Sidi-Bou-Said_s3r8ga\/Sidi-Bou-Said_s3r8ga.jpg?_i=AA\" data-format=\"jpg\" data-transformations=\"f_auto,q_auto\/f_auto,q_auto:low\" data-version=\"1526489491\" data-seo=\"1\" srcset=\"https:\/\/res.cloudinary.com\/turna\/images\/f_auto,q_auto\/f_auto,q_auto\/f_auto,q_auto:low\/v1526489491\/Sidi-Bou-Said_s3r8ga\/Sidi-Bou-Said_s3r8ga.jpg?_i=AA 800w, https:\/\/res.cloudinary.com\/turna\/images\/w_300,h_188,c_scale\/f_auto,q_auto\/f_auto,q_auto\/f_auto,q_auto:low\/v1526489491\/Sidi-Bou-Said_s3r8ga\/Sidi-Bou-Said_s3r8ga.jpg?_i=AA 300w, https:\/\/res.cloudinary.com\/turna\/images\/w_672,h_420,c_scale\/f_auto,q_auto\/f_auto,q_auto\/f_auto,q_auto:low\/v1526489491\/Sidi-Bou-Said_s3r8ga\/Sidi-Bou-Said_s3r8ga.jpg?_i=AA 672w, https:\/\/res.cloudinary.com\/turna\/images\/w_640,h_400,c_scale\/f_auto,q_auto\/f_auto,q_auto\/f_auto,q_auto:low\/v1526489491\/Sidi-Bou-Said_s3r8ga\/Sidi-Bou-Said_s3r8ga.jpg?_i=AA 640w, https:\/\/res.cloudinary.com\/turna\/images\/w_681,h_426,c_scale\/f_auto,q_auto\/f_auto,q_auto\/f_auto,q_auto:low\/v1526489491\/Sidi-Bou-Said_s3r8ga\/Sidi-Bou-Said_s3r8ga.jpg?_i=AA 681w\" sizes=\"(max-width: 800px) 100vw, 800px\" \/><\/p>\n<p>Tunus gezilerinin en sevilen gezi rotalar\u0131ndan olan<strong> Sidi Bou Said<\/strong>, foto\u011fraf merakl\u0131lar\u0131n\u0131 cezbeden mavi kap\u0131l\u0131 beyaz evleri, duvarlar\u0131 s\u00fcsleyen \u00e7i\u00e7ekleri ve asma yapraklar\u0131yla g\u00f6z kama\u015ft\u0131ran bir g\u00fczelli\u011fe sahip. Bu \u015firin Akdeniz kasabas\u0131, kalabal\u0131k \u015fehirlerin karma\u015fas\u0131ndan uzakla\u015f\u0131p dinlenmek i\u00e7in harika bir adres olabilir.<\/p>\n<h3><span class=\"ez-toc-section\" id=\"5_kartaca\"><\/span><strong>5. Kartaca<\/strong><span class=\"ez-toc-section-end\"><\/span><\/h3>\n<p>UNESCO D\u00fcnya Miras\u0131 Listesinde bulunan <strong>Kartaca<\/strong>, tarihi dokusu ve arkeolojik kal\u0131nt\u0131lar\u0131yla k\u00fclt\u00fcrel geziler yapmay\u0131 seven turistlerin g\u00f6zdesi. Sidi Bou Said kasabas\u0131 yak\u0131nlar\u0131nda konumlanan Kartaca, ilk kuruldu\u011fu y\u0131llarda b\u00f6lgenin en \u00f6nemli ticaret merkezlerinden biriydi.<\/p>\n<h3><span class=\"ez-toc-section\" id=\"6_grand_erg_oriental\"><\/span><strong>6. Grand Erg Oriental <\/strong><span class=\"ez-toc-section-end\"><\/span><\/h3>\n<p>Tunus\u2019un b\u00fcy\u00fck bir b\u00f6l\u00fcm\u00fc Sahra \u00c7\u00f6l\u00fc ile kapl\u0131. <strong>Grand Erg Oriental<\/strong>\u2019de bu \u00e7\u00f6l\u00fcn g\u00f6r\u00fclmeye de\u011fer noktalar\u0131ndan biri. Develer ve safari arabalar\u0131yla gezebilece\u011finiz bu \u00e7\u00f6lde, g\u00fcnbat\u0131m\u0131 manzaras\u0131n\u0131n \u015fahane g\u00f6r\u00fcnt\u00fcs\u00fcne tan\u0131kl\u0131k edebilirsiniz.<\/p>\n<h3><span class=\"ez-toc-section\" id=\"7_la_goulette\"><\/span><strong>7. La Goulette<\/strong><span class=\"ez-toc-section-end\"><\/span><\/h3>\n<p><img width=\"800\" height=\"500\" data-public-id=\"_La-Goulette_aqzgdt\/_La-Goulette_aqzgdt.jpg\" decoding=\"async\" class=\"alignnone wp-post-12719 wp-image-12751\" src=\"https:\/\/res.cloudinary.com\/turna\/images\/w_800,h_500,c_scale\/f_auto,q_auto:low\/v1526489544\/_La-Goulette_aqzgdt\/_La-Goulette_aqzgdt.jpg?_i=AA\" data-format=\"jpg\" data-transformations=\"f_auto,q_auto:low\" data-version=\"1526489544\" data-seo=\"1\" srcset=\"https:\/\/res.cloudinary.com\/turna\/images\/f_auto,q_auto:low\/v1526489544\/_La-Goulette_aqzgdt\/_La-Goulette_aqzgdt.jpg?_i=AA 800w, https:\/\/res.cloudinary.com\/turna\/images\/w_300,h_188,c_scale\/f_auto,q_auto:low\/v1526489544\/_La-Goulette_aqzgdt\/_La-Goulette_aqzgdt.jpg?_i=AA 300w, https:\/\/res.cloudinary.com\/turna\/images\/w_672,h_420,c_scale\/f_auto,q_auto:low\/v1526489544\/_La-Goulette_aqzgdt\/_La-Goulette_aqzgdt.jpg?_i=AA 672w, https:\/\/res.cloudinary.com\/turna\/images\/w_640,h_400,c_scale\/f_auto,q_auto:low\/v1526489544\/_La-Goulette_aqzgdt\/_La-Goulette_aqzgdt.jpg?_i=AA 640w, https:\/\/res.cloudinary.com\/turna\/images\/w_681,h_426,c_scale\/f_auto,q_auto:low\/v1526489544\/_La-Goulette_aqzgdt\/_La-Goulette_aqzgdt.jpg?_i=AA 681w\" sizes=\"(max-width: 800px) 100vw, 800px\" \/><\/p>\n<p>Tarih boyunca b\u00f6lgenin savunma merkezi olarak kullan\u0131lan g\u00fcn\u00fcm\u00fczde ise Tunus \u015fehrinin liman\u0131 olan <strong>La Goulette<\/strong>\u2019de, \u0130spanyol ve Osmanl\u0131 d\u00f6nemlerinde in\u015fa edilen kaleleri ve enfes liman manzaras\u0131n\u0131 g\u00f6rebilirsiniz.<\/p>\n<p>E\u011fer siz de Tunus\u2019un muhte\u015fem \u015fehirlerini, s\u0131cak atmosferini ve nefis sahillerini g\u00f6rmek istiyorsan\u0131z, <a href=\"https:\/\/www.turna.com\/ucak-bileti\/tunus\" target=\"_blank\" rel=\"noopener\">Tunus u\u00e7ak bileti<\/a> kampanyalar\u0131na g\u00f6z atabilirsiniz.<\/p>\n\n    <div class=\"xs_social_share_widget xs_share_url after_content \t\tmain_content  wslu-style-1 wslu-share-box-shaped wslu-fill-colored wslu-none wslu-share-horizontal wslu-theme-font-no wslu-main_content\">\n\n\t\t\n        <ul>\n\t\t\t        <\/ul>\n    <\/div> \n","protected":false},"excerpt":{"rendered":"<p>Sahra \u00c7\u00f6l\u00fc\u2019n\u00fcn devasa kumlar\u0131yla \u00e7evrili bir Kuzey Afrika \u00fclkesi olan Tunus, egzotik atmosferiyle \u00f6ne \u00e7\u0131kan birbirinden g\u00fczel \u015fehirlere ve \u00f6nemli yap\u0131lara ev sahipli\u011fi yap\u0131yor. Antik d\u00f6nemden kalma tarihi kal\u0131nt\u0131lar\u0131 ve zengin k\u00fclt\u00fcrel dokusunun yan\u0131 s\u0131ra g\u00f6z kama\u015ft\u0131ran g\u00fczellikteki plajlar\u0131 ve beyaz evleriyle de ad\u0131ndan s\u00f6z ettiren \u00fclke, yerel pazarlar\u0131 ve s\u0131cakkanl\u0131 insanlar\u0131yla da \u00fcnl\u00fc. Tunus\u2019ta [&hellip;]<\/p>\n","protected":false},"author":14,"featured_media":12749,"comment_status":"open","ping_status":"open","sticky":false,"template":"","format":"standard","meta":{"rop_custom_images_group":[],"rop_custom_messages_group":[],"rop_publish_now":"initial","rop_publish_now_accounts":[],"rop_publish_now_history":[],"rop_publish_now_status":"pending","_cloudinary_featured_overwrite":false,"footnotes":""},"categories":[790],"tags":[2106,2313,791],"class_list":["post-12719","post","type-post","status-publish","format-standard","has-post-thumbnail","hentry","category-tunus","tag-djerba","tag-tunis","tag-tunus"],"_links":{"self":[{"href":"https:\/\/www.turna.com\/blog\/wp-json\/wp\/v2\/posts\/12719","targetHints":{"allow":["GET"]}}],"collection":[{"href":"https:\/\/www.turna.com\/blog\/wp-json\/wp\/v2\/posts"}],"about":[{"href":"https:\/\/www.turna.com\/blog\/wp-json\/wp\/v2\/types\/post"}],"author":[{"embeddable":true,"href":"https:\/\/www.turna.com\/blog\/wp-json\/wp\/v2\/users\/14"}],"replies":[{"embeddable":true,"href":"https:\/\/www.turna.com\/blog\/wp-json\/wp\/v2\/comments?post=12719"}],"version-history":[{"count":0,"href":"https:\/\/www.turna.com\/blog\/wp-json\/wp\/v2\/posts\/12719\/revisions"}],"wp:featuredmedia":[{"embeddable":true,"href":"https:\/\/www.turna.com\/blog\/wp-json\/wp\/v2\/media\/12749"}],"wp:attachment":[{"href":"https:\/\/www.turna.com\/blog\/wp-json\/wp\/v2\/media?parent=12719"}],"wp:term":[{"taxonomy":"category","embeddable":true,"href":"https:\/\/www.turna.com\/blog\/wp-json\/wp\/v2\/categories?post=12719"},{"taxonomy":"post_tag","embeddable":true,"href":"https:\/\/www.turna.com\/blog\/wp-json\/wp\/v2\/tags?post=12719"}],"curies":[{"name":"wp","href":"https:\/\/api.w.org\/{rel}","templated":true}]}}