{"id":1247,"date":"2016-02-14T00:15:28","date_gmt":"2016-02-13T22:15:28","guid":{"rendered":"https:\/\/www.turna.com\/blog\/?p=1247"},"modified":"2020-10-05T10:22:48","modified_gmt":"2020-10-05T07:22:48","slug":"gelibolu-canakkale","status":"publish","type":"post","link":"https:\/\/www.turna.com\/blog\/gelibolu-canakkale","title":{"rendered":"G\u00fczel\u015fehir Gelibolu"},"content":{"rendered":"<p>Tarihi ge\u00e7mi\u015fi Truva kenti kadar eski olan <strong>Gelibolu<\/strong>\u2019nun hangi y\u00fczy\u0131lda ve kimler taraf\u0131ndan kuruldu\u011fu bilinmiyor. Ge\u00e7mi\u015fte Critote olarak an\u0131lan kent, Yunan koloni d\u00f6neminde g\u00fczel\u015fehir anlam\u0131na gelen Kallipolis olarak de\u011fi\u015ftirilmi\u015f. Tarih\u00e7iler kentin ad\u0131n\u0131n Galat yerle\u015fimi olmas\u0131 nedeniyle de konulmu\u015f olabilece\u011finden s\u00f6z ediyor.<\/p>\n<p>Gelibolu Yar\u0131madas\u0131\u2019na da hayat veren \u015fehir, <strong>\u00c7anakkale<\/strong>\u2019nin en \u00e7ok ziyaret edilen b\u00f6lgeleri aras\u0131nda. Eceabat il\u00e7esiyle birlikte Gelibolu Yar\u0131madas\u0131 Tarihi Milli Park\u0131\u2019na ev sahipli\u011fi yapan bu \u015firin il\u00e7e, \u00c7anakkale Sava\u015f\u0131\u2019n\u0131n izlerini ta\u015f\u0131yor.<\/p>\n<p><img width=\"300\" height=\"188\" data-public-id=\"Gelibolu-Nasil-Gidilir_mzfkew\/Gelibolu-Nasil-Gidilir_mzfkew.jpg\" fetchpriority=\"high\" decoding=\"async\" class=\"alignright size-thumbnail wp-post-1247 wp-image-1248\" src=\"https:\/\/res.cloudinary.com\/turna\/images\/w_300,h_188,c_scale\/f_auto,q_auto:low\/v1461740034\/Gelibolu-Nasil-Gidilir_mzfkew\/Gelibolu-Nasil-Gidilir_mzfkew.jpg?_i=AA\" alt=\"Gelibolu-Nasil-Gidilir\" data-format=\"jpg\" data-transformations=\"f_auto,q_auto:low\" data-version=\"1461740034\" data-seo=\"1\" \/><\/p>\n<p>\u00c7anakkale Bo\u011faz\u0131\u2019n\u0131n Avrupa Yakas\u0131\u2019nda 33,000 hektarl\u0131k geni\u015f bir alanda kurulu olan milli park, 1973 y\u0131l\u0131ndan bu yana Birle\u015fmi\u015f Milletler Milli Parklar ve Koruma Alanlar\u0131 listesinde bulunuyor.<\/p>\n<p>T\u00fcrkiye\u2019nin en \u00e7ok tan\u0131nan sembollerinden biri olan \u015eehitler Abidesi, milli park\u0131 s\u0131n\u0131rlar\u0131nda ziyaret\u00e7ilerin mutlaka u\u011frad\u0131\u011f\u0131 noktalar aras\u0131nda. K\u00f6kl\u00fc bak\u0131m, restorasyon ve \u00e7evre d\u00fczenlemelerinin yap\u0131lmas\u0131n\u0131n ard\u0131ndan 2005 y\u0131l\u0131nda yeni y\u00fcz\u00fcyle ziyarete a\u00e7\u0131lan milli park, y\u0131l\u0131n her d\u00f6nemi \u00e7ok say\u0131da insan\u0131n zaman yolculu\u011funu hissetmek, do\u011fayla bulu\u015fmak i\u00e7in u\u011frad\u0131\u011f\u0131 bir merkez.<\/p>\n<h2><strong>\u00c7anakkale\u2019ye Nas\u0131l Gidilir?<\/strong><\/h2>\n<p>Marmara ile Ege b\u00f6lgeleri aras\u0131nda \u00f6nemli bir ge\u00e7i\u015f g\u00fczergah\u0131 olan \u00c7anakkale ayn\u0131 zamanda Anadolu ile Avrupa\u2019y\u0131 T\u00fcrkiye\u2019nin Bat\u0131\u2019s\u0131nda bulu\u015fturan bir \u015fehir. Bozcaada ve G\u00f6k\u00e7eada olmak \u00fczere iki ada il\u00e7esi bulunan \u00c7anakkale\u2019ye T\u00fcrkiye\u2019nin farkl\u0131 \u015fehirlerinden, otob\u00fcslerle ula\u015fmak m\u00fcmk\u00fcn.<\/p>\n<p><img width=\"300\" height=\"188\" data-public-id=\"Galibolu-Canakkale-Ucak-Bileti_ljl0xz\/Galibolu-Canakkale-Ucak-Bileti_ljl0xz.jpg\" decoding=\"async\" class=\"alignright size-thumbnail wp-post-1247 wp-image-1249\" src=\"https:\/\/res.cloudinary.com\/turna\/images\/w_300,h_188,c_scale\/f_auto,q_auto:low\/v1461740032\/Galibolu-Canakkale-Ucak-Bileti_ljl0xz\/Galibolu-Canakkale-Ucak-Bileti_ljl0xz.jpg?_i=AA\" alt=\"Gelibolu-Canakkale-Ucak-Bileti\" data-format=\"jpg\" data-transformations=\"f_auto,q_auto:low\" data-version=\"1461740032\" data-seo=\"1\" \/><\/p>\n<p>\u0130stanbul Atat\u00fcrk, \u0130stanbul Sabiha G\u00f6k\u00e7en ve Ankara Esenbo\u011fa havalimanlar\u0131ndan direkt u\u00e7ak seferlerinin bulundu\u011fu \u015fehir i\u00e7in <strong><a href=\"https:\/\/www.turna.com\/ucak-bileti\/canakkale\" target=\"_blank\" rel=\"noopener noreferrer\">\u00c7anakkale u\u00e7ak bileti<\/a><\/strong> almak gerekiyor.<\/p>\n<p>T\u00fcrkiye Cumhuriyeti\u2019nin kurulu\u015funda \u00f6nemli bir yeri olan \u00c7anakkale Sava\u015flar\u0131\u2019n\u0131n ya\u015fand\u0131\u011f\u0131 Gelibolu, Bozcaada ve G\u00f6k\u00e7eada gibi iki \u00f6nemli turistik merkez, Truva Antik Kenti gibi d\u00fcnyaca tan\u0131nan bir yerle\u015fim yerine de evsahipli\u011fi yapan \u00c7anakkale yeni yerler g\u00f6rmek, yeni hikayelerle tan\u0131\u015fmak i\u00e7in ideal. G\u00fczel plajlar, do\u011fayla b\u00fct\u00fcnle\u015fen bir co\u011frafya, tarih ve k\u00fclt\u00fcr\u00fc bir arada sunan \u015fehir, \u00fclkemizin en g\u00fczel k\u00f6\u015felerinden biri.<\/p>\n<p><a href=\"https:\/\/www.turna.com\/otobus-bileti\/gelibolu\"><strong>Gelibolu otob\u00fcs bileti<\/strong><\/a>\u00a0ve <a href=\"https:\/\/www.turna.com\/otobus-bileti\/canakkale\"><strong>\u00c7anakkale otob\u00fcs bileti<\/strong><\/a> se\u00e7eneklerine de g\u00f6z atabilirsiniz.<\/p>\n<p><a href=\"https:\/\/www.turna.com\" target=\"_blank\" rel=\"noopener noreferrer\"><strong>Uygun u\u00e7ak bileti<\/strong><\/a> se\u00e7eneklerinin artmas\u0131, hava yolu \u015firketlerinin d\u00fczenledi\u011fi kampanyalar\u0131 ve online u\u00e7ak bileti f\u0131rsatlar\u0131 ile bir yerden bir yere gitmek giderek kolayla\u015f\u0131yor. U\u00e7ak biletini hemen al\u0131p \u00c7anakkale yolculu\u011fu i\u00e7in ilk ad\u0131m\u0131 atmak, yepyeni bir maceraya ba\u015flamak olduk\u00e7a kolay.<\/p>\n\n    <div class=\"xs_social_share_widget xs_share_url after_content \t\tmain_content  wslu-style-1 wslu-share-box-shaped wslu-fill-colored wslu-none wslu-share-horizontal wslu-theme-font-no wslu-main_content\">\n\n\t\t\n        <ul>\n\t\t\t        <\/ul>\n    <\/div> \n","protected":false},"excerpt":{"rendered":"<p>Tarihi ge\u00e7mi\u015fi Truva kenti kadar eski olan Gelibolu\u2019nun hangi y\u00fczy\u0131lda ve kimler taraf\u0131ndan kuruldu\u011fu bilinmiyor. Ge\u00e7mi\u015fte Critote olarak an\u0131lan kent, Yunan koloni d\u00f6neminde g\u00fczel\u015fehir anlam\u0131na gelen Kallipolis olarak de\u011fi\u015ftirilmi\u015f. Tarih\u00e7iler kentin ad\u0131n\u0131n Galat yerle\u015fimi olmas\u0131 nedeniyle de konulmu\u015f olabilece\u011finden s\u00f6z ediyor. Gelibolu Yar\u0131madas\u0131\u2019na da hayat veren \u015fehir, \u00c7anakkale\u2019nin en \u00e7ok ziyaret edilen b\u00f6lgeleri aras\u0131nda. Eceabat [&hellip;]<\/p>\n","protected":false},"author":9,"featured_media":1250,"comment_status":"open","ping_status":"open","sticky":false,"template":"","format":"standard","meta":{"rop_custom_images_group":[],"rop_custom_messages_group":[],"rop_publish_now":"initial","rop_publish_now_accounts":[],"rop_publish_now_history":[],"rop_publish_now_status":"pending","_cloudinary_featured_overwrite":false,"footnotes":""},"categories":[1821,84],"tags":[247,386],"class_list":["post-1247","post","type-post","status-publish","format-standard","has-post-thumbnail","hentry","category-canakkale","category-turkiye","tag-canakkale","tag-gelibolu"],"_links":{"self":[{"href":"https:\/\/www.turna.com\/blog\/wp-json\/wp\/v2\/posts\/1247","targetHints":{"allow":["GET"]}}],"collection":[{"href":"https:\/\/www.turna.com\/blog\/wp-json\/wp\/v2\/posts"}],"about":[{"href":"https:\/\/www.turna.com\/blog\/wp-json\/wp\/v2\/types\/post"}],"author":[{"embeddable":true,"href":"https:\/\/www.turna.com\/blog\/wp-json\/wp\/v2\/users\/9"}],"replies":[{"embeddable":true,"href":"https:\/\/www.turna.com\/blog\/wp-json\/wp\/v2\/comments?post=1247"}],"version-history":[{"count":0,"href":"https:\/\/www.turna.com\/blog\/wp-json\/wp\/v2\/posts\/1247\/revisions"}],"wp:featuredmedia":[{"embeddable":true,"href":"https:\/\/www.turna.com\/blog\/wp-json\/wp\/v2\/media\/1250"}],"wp:attachment":[{"href":"https:\/\/www.turna.com\/blog\/wp-json\/wp\/v2\/media?parent=1247"}],"wp:term":[{"taxonomy":"category","embeddable":true,"href":"https:\/\/www.turna.com\/blog\/wp-json\/wp\/v2\/categories?post=1247"},{"taxonomy":"post_tag","embeddable":true,"href":"https:\/\/www.turna.com\/blog\/wp-json\/wp\/v2\/tags?post=1247"}],"curies":[{"name":"wp","href":"https:\/\/api.w.org\/{rel}","templated":true}]}}