{"id":12331,"date":"2025-07-30T11:20:14","date_gmt":"2025-07-30T08:20:14","guid":{"rendered":"https:\/\/www.turna.com\/blog\/?p=12331"},"modified":"2025-07-30T14:50:03","modified_gmt":"2025-07-30T11:50:03","slug":"irak-gezilecek-yerler","status":"publish","type":"post","link":"https:\/\/www.turna.com\/blog\/irak-gezilecek-yerler","title":{"rendered":"Irak Gezilecek Yerler"},"content":{"rendered":"<div id=\"ez-toc-container\" class=\"ez-toc-v2_0_82_2 counter-hierarchy ez-toc-counter ez-toc-black ez-toc-container-direction\">\n<div class=\"ez-toc-title-container\">\n<p class=\"ez-toc-title\" style=\"cursor:inherit\">\u0130\u00e7indekiler<\/p>\n<span class=\"ez-toc-title-toggle\"><a href=\"#\" class=\"ez-toc-pull-right ez-toc-btn ez-toc-btn-xs ez-toc-btn-default ez-toc-toggle\" aria-label=\"\u0130\u00e7indekiler Tablosunu A\u00e7\/Kapat\"><span class=\"ez-toc-js-icon-con\"><span class=\"\"><span class=\"eztoc-hide\" style=\"display:none;\">Toggle<\/span><span class=\"ez-toc-icon-toggle-span\"><svg style=\"fill: #ffffff;color:#ffffff\" xmlns=\"http:\/\/www.w3.org\/2000\/svg\" class=\"list-377408\" width=\"20px\" height=\"20px\" viewBox=\"0 0 24 24\" fill=\"none\"><path d=\"M6 6H4v2h2V6zm14 0H8v2h12V6zM4 11h2v2H4v-2zm16 0H8v2h12v-2zM4 16h2v2H4v-2zm16 0H8v2h12v-2z\" fill=\"currentColor\"><\/path><\/svg><svg style=\"fill: #ffffff;color:#ffffff\" class=\"arrow-unsorted-368013\" xmlns=\"http:\/\/www.w3.org\/2000\/svg\" width=\"10px\" height=\"10px\" viewBox=\"0 0 24 24\" version=\"1.2\" baseProfile=\"tiny\"><path d=\"M18.2 9.3l-6.2-6.3-6.2 6.3c-.2.2-.3.4-.3.7s.1.5.3.7c.2.2.4.3.7.3h11c.3 0 .5-.1.7-.3.2-.2.3-.5.3-.7s-.1-.5-.3-.7zM5.8 14.7l6.2 6.3 6.2-6.3c.2-.2.3-.5.3-.7s-.1-.5-.3-.7c-.2-.2-.4-.3-.7-.3h-11c-.3 0-.5.1-.7.3-.2.2-.3.5-.3.7s.1.5.3.7z\"\/><\/svg><\/span><\/span><\/span><\/a><\/span><\/div>\n<nav><ul class='ez-toc-list ez-toc-list-level-1 eztoc-toggle-hide-by-default' ><li class='ez-toc-page-1 ez-toc-heading-level-2'><a class=\"ez-toc-link ez-toc-heading-1\" href=\"https:\/\/www.turna.com\/blog\/irak-gezilecek-yerler\/#irakta_gorulmesi_gereken_en_guzel_5_sehir\" >Irak\u2019ta G\u00f6r\u00fclmesi Gereken En G\u00fczel 5 \u015eehir<\/a><ul class='ez-toc-list-level-3' ><li class='ez-toc-heading-level-3'><a class=\"ez-toc-link ez-toc-heading-2\" href=\"https:\/\/www.turna.com\/blog\/irak-gezilecek-yerler\/#1_erbil\" >1. Erbil<\/a><\/li><li class='ez-toc-page-1 ez-toc-heading-level-3'><a class=\"ez-toc-link ez-toc-heading-3\" href=\"https:\/\/www.turna.com\/blog\/irak-gezilecek-yerler\/#2_musul\" >2. Musul<\/a><\/li><li class='ez-toc-page-1 ez-toc-heading-level-3'><a class=\"ez-toc-link ez-toc-heading-4\" href=\"https:\/\/www.turna.com\/blog\/irak-gezilecek-yerler\/#3_bagdat\" >3. Ba\u011fdat<\/a><\/li><li class='ez-toc-page-1 ez-toc-heading-level-3'><a class=\"ez-toc-link ez-toc-heading-5\" href=\"https:\/\/www.turna.com\/blog\/irak-gezilecek-yerler\/#4_necef\" >4. Necef<\/a><\/li><li class='ez-toc-page-1 ez-toc-heading-level-3'><a class=\"ez-toc-link ez-toc-heading-6\" href=\"https:\/\/www.turna.com\/blog\/irak-gezilecek-yerler\/#5basra\" >5.Basra<\/a><\/li><\/ul><\/li><li class='ez-toc-page-1 ez-toc-heading-level-2'><a class=\"ez-toc-link ez-toc-heading-7\" href=\"https:\/\/www.turna.com\/blog\/irak-gezilecek-yerler\/#irakta_gezilecek_yerler\" >Irak\u2019ta Gezilecek Yerler<\/a><ul class='ez-toc-list-level-3' ><li class='ez-toc-heading-level-3'><a class=\"ez-toc-link ez-toc-heading-8\" href=\"https:\/\/www.turna.com\/blog\/irak-gezilecek-yerler\/#1_erbil_kalesi\" >1. Erbil Kalesi<\/a><\/li><li class='ez-toc-page-1 ez-toc-heading-level-3'><a class=\"ez-toc-link ez-toc-heading-9\" href=\"https:\/\/www.turna.com\/blog\/irak-gezilecek-yerler\/#2_qeyseri_carsisi\" >2. Qeyseri \u00c7ar\u015f\u0131s\u0131&nbsp;<\/a><\/li><li class='ez-toc-page-1 ez-toc-heading-level-3'><a class=\"ez-toc-link ez-toc-heading-10\" href=\"https:\/\/www.turna.com\/blog\/irak-gezilecek-yerler\/#3_abbasi_sarayi\" >3. Abbasi Saray\u0131<\/a><\/li><li class='ez-toc-page-1 ez-toc-heading-level-3'><a class=\"ez-toc-link ez-toc-heading-11\" href=\"https:\/\/www.turna.com\/blog\/irak-gezilecek-yerler\/#4_al-faw_sarayi\" >4. Al-Faw Saray\u0131<\/a><\/li><li class='ez-toc-page-1 ez-toc-heading-level-3'><a class=\"ez-toc-link ez-toc-heading-12\" href=\"https:\/\/www.turna.com\/blog\/irak-gezilecek-yerler\/#5_irak_ulusal_muzesi\" >5. Irak Ulusal M\u00fczesi<\/a><\/li><li class='ez-toc-page-1 ez-toc-heading-level-3'><a class=\"ez-toc-link ez-toc-heading-13\" href=\"https:\/\/www.turna.com\/blog\/irak-gezilecek-yerler\/#6_hatra_harabeleri\" >6. Hatra Harabeleri<\/a><\/li><li class='ez-toc-page-1 ez-toc-heading-level-3'><a class=\"ez-toc-link ez-toc-heading-14\" href=\"https:\/\/www.turna.com\/blog\/irak-gezilecek-yerler\/#7_kazimeyn_camii\" >7. Kazimeyn Camii<\/a><\/li><li class='ez-toc-page-1 ez-toc-heading-level-3'><a class=\"ez-toc-link ez-toc-heading-15\" href=\"https:\/\/www.turna.com\/blog\/irak-gezilecek-yerler\/#8_ur_antik_kenti\" >8. Ur Antik Kenti<\/a><\/li><li class='ez-toc-page-1 ez-toc-heading-level-3'><a class=\"ez-toc-link ez-toc-heading-16\" href=\"https:\/\/www.turna.com\/blog\/irak-gezilecek-yerler\/#9_babil_antik_kenti\" >9. Babil Antik Kenti&nbsp;<\/a><\/li><li class='ez-toc-page-1 ez-toc-heading-level-3'><a class=\"ez-toc-link ez-toc-heading-17\" href=\"https:\/\/www.turna.com\/blog\/irak-gezilecek-yerler\/#10_amadiya\" >10. Amadiya<\/a><\/li><\/ul><\/li><li class='ez-toc-page-1 ez-toc-heading-level-2'><a class=\"ez-toc-link ez-toc-heading-18\" href=\"https:\/\/www.turna.com\/blog\/irak-gezilecek-yerler\/#irak_hakkinda_merak_edilenler\" >Irak Hakk\u0131nda Merak Edilenler<\/a><\/li><\/ul><\/nav><\/div>\n\n<p>Jeopolitik konumu ve zengin petrol rezervleriyle Orta Do\u011fu co\u011frafyas\u0131n\u0131n en \u00f6nemli \u00fclkelerinden biri olan <a href=\"https:\/\/www.turna.com\/blog\/ulkeler\/ortadogu\/irak\" target=\"_blank\" rel=\"noopener noreferrer\">Irak<\/a>, tarihi boyunca pek \u00e7ok farkl\u0131 medeniyete ev sahipli\u011fi yapt\u0131. A\u015fa\u011f\u0131 Mezopotamya b\u00f6lgesinde kurulan bir K\u00f6rfez \u00fclkesi olan bu destinasyon, kuzeyde T\u00fcrkiye, bat\u0131da Suriye ve \u00dcrd\u00fcn, do\u011fuda \u0130ran, g\u00fcneyde Suudi Arabistan ve Kuveyt ile kom\u015fu. G\u00fcn\u00fcm\u00fczde; <a href=\"https:\/\/www.turna.com\/ucak-bileti\/bagdat\" target=\"_blank\" rel=\"noopener noreferrer\"><strong>Ba\u011fdat<\/strong><\/a>, <a href=\"https:\/\/www.turna.com\/ucak-bileti\/erbil\" target=\"_blank\" rel=\"noopener noreferrer\"><strong>Erbil<\/strong><\/a>, <a href=\"https:\/\/www.turna.com\/ucak-bileti\/basrah\" target=\"_blank\" rel=\"noopener noreferrer\"><strong>Basra<\/strong><\/a>, Musul ve <a href=\"https:\/\/www.turna.com\/ucak-bileti\/al-najaf\" target=\"_blank\" rel=\"noopener noreferrer\"><strong>Necef<\/strong><\/a> gibi \u015fehirlerinde yakla\u015f\u0131k 45 milyon ki\u015finin ya\u015fad\u0131\u011f\u0131 Irak, UNESCO korumas\u0131 alt\u0131ndaki tarihi ve k\u00fclt\u00fcrel de\u011ferlerinin yan\u0131 s\u0131ra geleneksel ya\u015famdan izler ta\u015f\u0131yan \u00e7ar\u015f\u0131lar\u0131 ve yerle\u015fim yerleriyle de biliniyor. <\/p>\n\n\n\n<h2 class=\"wp-block-heading has-text-align-center\"><span class=\"ez-toc-section\" id=\"irakta_gorulmesi_gereken_en_guzel_5_sehir\"><\/span>Irak\u2019ta G\u00f6r\u00fclmesi Gereken En G\u00fczel 5 \u015eehir<span class=\"ez-toc-section-end\"><\/span><\/h2>\n\n\n\n<h3 class=\"wp-block-heading\"><span class=\"ez-toc-section\" id=\"1_erbil\"><\/span>1. Erbil<span class=\"ez-toc-section-end\"><\/span><\/h3>\n\n\n\n<figure class=\"wp-block-image size-large is-resized\"><img decoding=\"async\" src=\"https:\/\/res.cloudinary.com\/turna\/image\/upload\/v1753861925\/wordpress-contents\/erbil.jpg\" alt=\"\" style=\"width:1200px;height:auto\"\/><\/figure>\n\n\n\n<p>2014 y\u0131l\u0131nda UNESCO D\u00fcnya Miras Listesi\u2019ne giren Erbil Kale\u2019si, Sami Abdurrahman Park ve Qeyseri \u00c7ar\u015f\u0131s\u0131 gibi pek \u00e7ok turistik noktas\u0131 bulunan Erbil, \u00fclkedeki K\u00fcrdistan B\u00f6lgesel Y\u00f6netimi\u2019nin ba\u015fkenti ve n\u00fcfus bak\u0131m\u0131ndan en b\u00fcy\u00fck \u015fehri. N\u00fcfusunun b\u00fcy\u00fck b\u00f6l\u00fcm\u00fc K\u00fcrtler, T\u00fcrkmenler, Araplar, Keldani, S\u00fcryani ve Hristiyanlar\u2019dan olu\u015fan ve Irak&#8217;\u0131n en g\u00fczel \u015fehirleri aras\u0131nda yer alan bu \u015fehre T\u00fcrkiye\u2019den direkt u\u00e7u\u015flarla gitmek m\u00fcmk\u00fcn.<\/p>\n\n\n\n<h3 class=\"wp-block-heading\"><span class=\"ez-toc-section\" id=\"2_musul\"><\/span>2. Musul<span class=\"ez-toc-section-end\"><\/span><\/h3>\n\n\n\n<p>\u00dclkenin kuzeyinde, ba\u015fkent Ba\u011fdat\u2019\u0131n yakla\u015f\u0131k 400 kilometre kuzeybat\u0131s\u0131nda yer alan Musul, Ba\u011fdat ve Basra\u2019dan sonra Irak\u2019\u0131n en b\u00fcy\u00fck \u00fc\u00e7\u00fcnc\u00fc \u015fehri. Orta Do\u011fu\u2019daki en b\u00fcy\u00fck e\u011fitim ve ara\u015ft\u0131rma merkezlerinden birine sahip olan Musul \u00dcniversitesi, Muslin kuma\u015f\u0131 ve Musul mermeriyle d\u00fcnyaya ad\u0131n\u0131 duyuran bu \u015fehirde, yakla\u015f\u0131k iki milyon ki\u015fi ya\u015f\u0131yor.<\/p>\n\n\n\n<h3 class=\"wp-block-heading\"><span class=\"ez-toc-section\" id=\"3_bagdat\"><\/span>3. Ba\u011fdat<span class=\"ez-toc-section-end\"><\/span><\/h3>\n\n\n\n<p>Milattan \u00d6nceki y\u0131llarda \u201cBagdasa\u201d ismini ta\u015f\u0131yan Ba\u011fdat, y\u00fczy\u0131llar boyunca \u0130slam d\u00fcnyas\u0131n\u0131n medeniyet merkezi olarak an\u0131lm\u0131\u015f. \u0130lk kuruldu\u011fu y\u0131llarda \u00f6nemli bir ticaret merkezi olan \u015fehirde g\u00f6r\u00fclmesi gereken pek \u00e7ok tarihi yap\u0131 da yer al\u0131yor. Bunlar aras\u0131nda; Abbasi Saray\u0131, Al-Faw Saray\u0131, Irak Ulusal M\u00fczesi ve Kazimeyn Camii (Al-Kadhimiya Mosque) de bulunuyor.<\/p>\n\n\n\n<h3 class=\"wp-block-heading\"><span class=\"ez-toc-section\" id=\"4_necef\"><\/span>4. Necef<span class=\"ez-toc-section-end\"><\/span><\/h3>\n\n\n\n<p>Irak\u2019\u0131n iki kutsal \u015fehrinden biri olan Necef, F\u0131rat Irma\u011f\u0131\u2019n\u0131n bat\u0131s\u0131ndaki bir da\u011f s\u0131ras\u0131n\u0131n \u00fczerinde yer al\u0131yor. Milattan Sonra 791\u2019de Halife Harun Re\u015fid taraf\u0131ndan Kufe \u00e7evresinde, Halife Ali\u2019nin mezar\u0131n\u0131n bulundu\u011fu yerde kurulan \u015fehirde \u0130ncil ve Ur antik \u015fehirleri, 1932 y\u0131l\u0131nda in\u015fa edilen \u0130mam Ali T\u00fcrbesi ve El-Hannanah Camii ziyaret edilebilir.<\/p>\n\n\n\n<h3 class=\"wp-block-heading\"><span class=\"ez-toc-section\" id=\"5basra\"><\/span>5.Basra<span class=\"ez-toc-section-end\"><\/span><\/h3>\n\n\n\n<p>Irak\u2019\u0131n g\u00fcneyinde bulunan Basra, K\u00f6rfez b\u00f6lgesinin \u00f6nemli bir liman \u015fehri. \u00dclkenin en b\u00fcy\u00fck ikinci \u015fehri olan Basra, eski \u00e7a\u011flarda \u00fclkenin edebiyat, bilim ve ticaret merkezi olarak an\u0131l\u0131yordu. Basra K\u00f6rfezi\u2019ne 55 kilometre uzakl\u0131kta konumlanan bu \u015fehrin en \u00fcnl\u00fc turistik yap\u0131s\u0131 ise M\u00fcsl\u00fcmanlar\u0131n Arap Yar\u0131madas\u0131 d\u0131\u015f\u0131ndaki ilk camii olan \u0130mam Ali \u0130bn Talib Camii.<\/p>\n\n\n\n<p>E\u011fer siz de \u00fclkenin zengin k\u00fclt\u00fcr\u00fcn\u00fc, ihti\u015faml\u0131 yap\u0131lar\u0131n\u0131 ve binlerce y\u0131ll\u0131k bir tarihe ev sahipli\u011fi yapan antik kentlerini daha yak\u0131ndan g\u00f6rmek istiyorsan\u0131z, <a href=\"https:\/\/www.turna.com\/ucak-bileti\/irak\" target=\"_blank\" rel=\"noopener noreferrer\">Irak u\u00e7ak bileti<\/a> f\u0131rsatlar\u0131na g\u00f6z atabilirsiniz.<a href=\"https:\/\/www.turna.com\/otel\" target=\"_blank\" rel=\"noreferrer noopener\"><\/a><\/p>\n\n\n\n<h2 class=\"wp-block-heading has-text-align-center has-neeon-button-dark-gray-color has-text-color has-link-color wp-elements-e253fb2e6172391cc234e637b515bde1\"><span class=\"ez-toc-section\" id=\"irakta_gezilecek_yerler\"><\/span>Irak\u2019ta Gezilecek Yerler<span class=\"ez-toc-section-end\"><\/span><\/h2>\n\n\n\n<figure class=\"wp-block-image size-large is-resized\"><img decoding=\"async\" src=\"https:\/\/res.cloudinary.com\/turna\/image\/upload\/v1753862040\/wordpress-contents\/bagdat.jpg\" alt=\"\" style=\"width:1200px;height:auto\"\/><\/figure>\n\n\n\n<h3 class=\"wp-block-heading\"><span class=\"ez-toc-section\" id=\"1_erbil_kalesi\"><\/span><strong>1. Erbil Kalesi<\/strong><span class=\"ez-toc-section-end\"><\/span><\/h3>\n\n\n\n<p>\u00dclkenin en kalabal\u0131k ve hareketli \u015fehirlerinden olan Erbil\u2019de bulunan Erbil Kalesi, 2014 y\u0131l\u0131ndan bu yana UNESCO D\u00fcnya Miras\u0131 Listesinde. \u015eehrin en \u00fcnl\u00fc turistik yap\u0131lar\u0131 aras\u0131ndaki bu tarihi kalenin \u00e7evresi de d\u00fcnyan\u0131n en eski yerle\u015fim yerlerinden biri olarak kabul ediliyor.<\/p>\n\n\n\n<h3 class=\"wp-block-heading\"><span class=\"ez-toc-section\" id=\"2_qeyseri_carsisi\"><\/span><strong>2. Qeyseri \u00c7ar\u015f\u0131s\u0131&nbsp;<\/strong><span class=\"ez-toc-section-end\"><\/span><\/h3>\n\n\n\n<p>Gitti\u011fi \u00fclkelerde geleneksel \u00e7ar\u015f\u0131lar\u0131 gezip, al\u0131\u015fveri\u015f yapmak isteyenleri cezbeden Qeyseri \u00c7ar\u015f\u0131s\u0131,&nbsp; Irak\u2019\u0131n geleneksel k\u00fclt\u00fcr\u00fcn\u00fc g\u00f6r\u00fcp, y\u00f6resel lezzetlerini ve otantik e\u015fyalar\u0131n\u0131 bulabilece\u011finiz eski bir al\u0131\u015fveri\u015f noktas\u0131.<\/p>\n\n\n\n<h3 class=\"wp-block-heading\"><span class=\"ez-toc-section\" id=\"3_abbasi_sarayi\"><\/span><strong>3. Abbasi Saray\u0131<\/strong><span class=\"ez-toc-section-end\"><\/span><\/h3>\n\n\n\n<p>Abbasiler d\u00f6neminde in\u015fa edilen ve o d\u00f6nemden bu yana ayakta kalabilen tek Abbasi yap\u0131s\u0131 olan Abbasi Saray\u0131, Ba\u011fdat \u015fehrinde bulunuyor. G\u00fcn\u00fcm\u00fczde Al-Mustansereyya \u00dcniversitesi\u2019nin binas\u0131 olarak kullan\u0131lan Abbasi Saray\u0131, muhte\u015fem mimarisi ve Dicle Nehri\u2019ni g\u00f6ren nefis manzaras\u0131yla \u00fclkenin en g\u00f6rkemli ve etkileyici yap\u0131lar\u0131ndan.<\/p>\n\n\n\n<h3 class=\"wp-block-heading\"><span class=\"ez-toc-section\" id=\"4_al-faw_sarayi\"><\/span><strong>4. Al-Faw Saray\u0131<\/strong><span class=\"ez-toc-section-end\"><\/span><\/h3>\n\n\n\n<p>\u0130ran ve Irak aras\u0131nda ya\u015fanan sava\u015f sonras\u0131nda, El-Faw Yar\u0131madas\u0131\u2019n\u0131n geri kazan\u0131lmas\u0131 sebebiyle in\u015fa edilen ve Su Saray\u0131 ismiyle de bilinen Al-Faw Saray\u0131, Ba\u011fdat \u015fehrinin pop\u00fcler yap\u0131lar\u0131ndan. \u0130\u00e7inde \u00e7ok say\u0131da villa ve k\u00fc\u00e7\u00fck saraylar\u0131n da oldu\u011fu Al-Faw Saray\u0131, 62 oda ve 29 banyosu ile devasa bir g\u00f6r\u00fcn\u00fcme sahip.<\/p>\n\n\n\n<h3 class=\"wp-block-heading\"><span class=\"ez-toc-section\" id=\"5_irak_ulusal_muzesi\"><\/span><strong>5. Irak Ulusal M\u00fczesi<\/strong><span class=\"ez-toc-section-end\"><\/span><\/h3>\n\n\n\n<p>Ba\u011fdat \u015fehrinde bulunan Irak Ulusal M\u00fczesi, \u00fclkenin k\u00fclt\u00fcrel ve tarihi dokusunu g\u00f6zler \u00f6n\u00fcne seren 170 binden fazla esere ev sahipli\u011fi yap\u0131yor. Ge\u00e7mi\u015fi be\u015f bin y\u0131l \u00f6ncesine uzanan eserleriyle de ad\u0131n\u0131 duyuran bu m\u00fcze, 2009 y\u0131l\u0131nda yeniden ziyarete a\u00e7\u0131ld\u0131.<\/p>\n\n\n\n<h3 class=\"wp-block-heading\"><span class=\"ez-toc-section\" id=\"6_hatra_harabeleri\"><\/span><strong>6. Hatra Harabeleri<\/strong><span class=\"ez-toc-section-end\"><\/span><\/h3>\n\n\n\n<p>Selevkos \u0130mparatorlu\u011fu taraf\u0131ndan Milattan \u00d6nce 3. veya 4. y\u00fczy\u0131lda kuruldu\u011fu bilinen tarihi kentten geriye kalan eserleri ve kal\u0131nt\u0131lar\u0131 g\u00f6rebilece\u011finiz Hatra Harabeleri, 1987 y\u0131l\u0131ndan bu yana UNESCO D\u00fcnya Miras\u0131 Listesinde. Dicle ve F\u0131rat nehirlerinin aras\u0131nda Ba\u011fdat \u015fehri yak\u0131nlar\u0131nda bulunan harabeler, \u00fclkenin g\u00f6r\u00fclmeye de\u011fer yerlerinden.<\/p>\n\n\n\n<h3 class=\"wp-block-heading\"><span class=\"ez-toc-section\" id=\"7_kazimeyn_camii\"><\/span><strong>7. Kazimeyn Camii<\/strong><span class=\"ez-toc-section-end\"><\/span><\/h3>\n\n\n\n<p>Alt\u0131n kubbeler ve dev avizelerle s\u00fcsl\u00fc g\u00f6rkemli tasar\u0131m\u0131yla g\u00f6z kama\u015ft\u0131ran Kazimeyn Camii, Ba\u011fdat \u015fehrinin \u00f6nemli cazibe merkezlerinden biri. \u0130\u00e7inde \u015eii inanc\u0131na mensup \u0130mam Musa el-Kaz\u0131m ve \u0130mam Muhammed Taqi\u2019nin t\u00fcrbelerinin de yer ald\u0131\u011f\u0131 cami, sava\u015f d\u00f6neminde hasar g\u00f6ren dini yap\u0131lardan.<\/p>\n\n\n\n<h3 class=\"wp-block-heading\"><span class=\"ez-toc-section\" id=\"8_ur_antik_kenti\"><\/span><strong>8. Ur Antik Kenti<\/strong><span class=\"ez-toc-section-end\"><\/span><\/h3>\n\n\n\n<p>Tarihi S\u00fcmerler&#8217;e kadar uzanan Ur Antik Kenti, Mezopotamya&#8217;n\u0131n en \u00f6nemli \u015fehirlerinden biri olarak kabul ediliyor. Hz. \u0130brahim\u2019in do\u011fdu\u011fu yer olarak da bilinen bu antik \u015fehirde, Ziggurat ad\u0131 verilen tap\u0131nak kal\u0131nt\u0131lar\u0131 hala ayakta duruyor. Arkeoloji tutkunlar\u0131 i\u00e7in Irak\u2019\u0131n en etkileyici yerlerinden biri.<\/p>\n\n\n\n<h3 class=\"wp-block-heading\"><span class=\"ez-toc-section\" id=\"9_babil_antik_kenti\"><\/span><strong>9. Babil Antik Kenti&nbsp;<\/strong><span class=\"ez-toc-section-end\"><\/span><\/h3>\n\n\n\n<p>Babil\u2019in Asma Bah\u00e7eleri efsanesiyle \u00fcn salan bu b\u00f6lge, tarihin en ihti\u015faml\u0131 imparatorluklar\u0131ndan biri olan Babil\u2019in kal\u0131nt\u0131lar\u0131n\u0131 bar\u0131nd\u0131r\u0131yor. Nebukadnezar\u2019\u0131n Saray\u0131, Babil Kulesi kal\u0131nt\u0131lar\u0131 ve \u0130\u015ftar Kap\u0131s\u0131 burada g\u00f6r\u00fclebilecek ba\u015fl\u0131ca yap\u0131lar aras\u0131nda s\u0131ralan\u0131yor.<\/p>\n\n\n\n<h3 class=\"wp-block-heading\"><span class=\"ez-toc-section\" id=\"10_amadiya\"><\/span><strong>10. Amadiya<\/strong><span class=\"ez-toc-section-end\"><\/span><\/h3>\n\n\n\n<p>Da\u011flar\u0131n tepesine kurulu bu etkileyici yerle\u015fim yeri, kartpostall\u0131k manzaras\u0131 ve tarihi yap\u0131lar\u0131yla dikkat \u00e7ekiyor. Antik \u015fehir surlar\u0131, medreseleri ve geleneksel ta\u015f evleri ile k\u00fclt\u00fcrel miras arayan gezginler i\u00e7in adeta bir a\u00e7\u0131k hava m\u00fczesi olarak \u015fans verilmesi gereken duraklar aras\u0131nda bulunuyor.<\/p>\n\n\n\n<h2 class=\"wp-block-heading\"><span class=\"ez-toc-section\" id=\"irak_hakkinda_merak_edilenler\"><\/span>Irak Hakk\u0131nda Merak Edilenler<span class=\"ez-toc-section-end\"><\/span><\/h2>\n\n\n\n<figure class=\"wp-block-image size-large is-resized\"><img decoding=\"async\" src=\"https:\/\/res.cloudinary.com\/turna\/image\/upload\/v1753861837\/wordpress-contents\/%C4%B1rak.jpg\" alt=\"\" style=\"width:1200px;height:auto\"\/><\/figure>\n\n\n\n<p><strong>\ud83d\udcc5 Hangi Mevsimde Gidilir?<\/strong><\/p>\n\n\n\n<p>\u0130lkbahar (Mart-May\u0131s) ve sonbahar (Eyl\u00fcl-Kas\u0131m) aylar\u0131 Irak&#8217;\u0131 ziyaret etmek i\u00e7in en ideal zaman.<\/p>\n\n\n\n<p><strong>\ud83c\udf5b Denenmesi Gereken Lezzetler<\/strong><\/p>\n\n\n\n<p>Masgouf (\u0131zgara nehir bal\u0131\u011f\u0131), kubba (i\u00e7li k\u00f6fte), biryani (baharatl\u0131 pirin\u00e7 yeme\u011fi).<\/p>\n\n\n\n<p><strong>\ud83d\udcac Resmi Diller<\/strong><\/p>\n\n\n\n<p>Arap\u00e7a ve K\u00fcrt\u00e7e.<\/p>\n\n\n\n<p><strong>\ud83d\udcb0 Para Birimi<\/strong><\/p>\n\n\n\n<p>Irak Dinar\u0131 (IQD).<\/p>\n\n\n\n<p><strong>\ud83d\udecd\ufe0f Ne Al\u0131n\u0131r?<\/strong><\/p>\n\n\n\n<p>El yap\u0131m\u0131 bak\u0131r e\u015fyalar, el dokumas\u0131 hal\u0131lar, hurma ve kehribar ta\u015fl\u0131 y\u00f6resel tak\u0131lar.<\/p>\n\n\n\n<p><br><\/p>\n\n\n\n<p><strong><br><\/strong><\/p>\n\n\n\n<p><br><strong><br><\/strong><\/p>\n\n    <div class=\"xs_social_share_widget xs_share_url after_content \t\tmain_content  wslu-style-1 wslu-share-box-shaped wslu-fill-colored wslu-none wslu-share-horizontal wslu-theme-font-no wslu-main_content\">\n\n\t\t\n        <ul>\n\t\t\t        <\/ul>\n    <\/div> \n","protected":false},"excerpt":{"rendered":"<p>Jeopolitik konumu ve zengin petrol rezervleriyle Orta Do\u011fu co\u011frafyas\u0131n\u0131n en \u00f6nemli \u00fclkelerinden biri olan Irak, tarihi boyunca pek \u00e7ok farkl\u0131 medeniyete ev sahipli\u011fi yapt\u0131. A\u015fa\u011f\u0131 Mezopotamya b\u00f6lgesinde kurulan bir K\u00f6rfez \u00fclkesi olan bu destinasyon, kuzeyde T\u00fcrkiye, bat\u0131da Suriye ve \u00dcrd\u00fcn, do\u011fuda \u0130ran, g\u00fcneyde Suudi Arabistan ve Kuveyt ile kom\u015fu. G\u00fcn\u00fcm\u00fczde; Ba\u011fdat, Erbil, Basra, Musul ve [&hellip;]<\/p>\n","protected":false},"author":9,"featured_media":24917,"comment_status":"open","ping_status":"open","sticky":false,"template":"","format":"standard","meta":{"rop_custom_images_group":[],"rop_custom_messages_group":[],"rop_publish_now":"initial","rop_publish_now_accounts":[],"rop_publish_now_history":[],"rop_publish_now_status":"pending","_cloudinary_featured_overwrite":false,"footnotes":""},"categories":[1131],"tags":[1135,1136,1133,1132,1134,1137,2550],"class_list":["post-12331","post","type-post","status-publish","format-standard","has-post-thumbnail","hentry","category-irak","tag-bagdat","tag-basrah","tag-erbil","tag-irak","tag-musul","tag-al-najaf","tag-suleymaniye"],"_links":{"self":[{"href":"https:\/\/www.turna.com\/blog\/wp-json\/wp\/v2\/posts\/12331","targetHints":{"allow":["GET"]}}],"collection":[{"href":"https:\/\/www.turna.com\/blog\/wp-json\/wp\/v2\/posts"}],"about":[{"href":"https:\/\/www.turna.com\/blog\/wp-json\/wp\/v2\/types\/post"}],"author":[{"embeddable":true,"href":"https:\/\/www.turna.com\/blog\/wp-json\/wp\/v2\/users\/9"}],"replies":[{"embeddable":true,"href":"https:\/\/www.turna.com\/blog\/wp-json\/wp\/v2\/comments?post=12331"}],"version-history":[{"count":0,"href":"https:\/\/www.turna.com\/blog\/wp-json\/wp\/v2\/posts\/12331\/revisions"}],"wp:featuredmedia":[{"embeddable":true,"href":"https:\/\/www.turna.com\/blog\/wp-json\/wp\/v2\/media\/24917"}],"wp:attachment":[{"href":"https:\/\/www.turna.com\/blog\/wp-json\/wp\/v2\/media?parent=12331"}],"wp:term":[{"taxonomy":"category","embeddable":true,"href":"https:\/\/www.turna.com\/blog\/wp-json\/wp\/v2\/categories?post=12331"},{"taxonomy":"post_tag","embeddable":true,"href":"https:\/\/www.turna.com\/blog\/wp-json\/wp\/v2\/tags?post=12331"}],"curies":[{"name":"wp","href":"https:\/\/api.w.org\/{rel}","templated":true}]}}